{"id":13083,"date":"2022-07-27T19:45:19","date_gmt":"2022-07-27T19:45:19","guid":{"rendered":"https:\/\/www.welovecycling.com\/pl\/?p=13083"},"modified":"2022-07-27T19:45:19","modified_gmt":"2022-07-27T19:45:19","slug":"piekny-powrot-kobiecego-tour-de-france-polka-szaleje","status":"publish","type":"post","link":"https:\/\/www.welovecycling.com\/pl\/2022\/07\/27\/piekny-powrot-kobiecego-tour-de-france-polka-szaleje\/","title":{"rendered":"Pi\u0119kny powr\u00f3t kobiecego Tour de France. Polka szaleje!"},"content":{"rendered":"<p><strong>Tour de France Femmes wje\u017cd\u017ca na p\u00f3\u0142metek. Na razie \u015bwietnie radzi sobie Katarzyna Niewiadoma, kt\u00f3ra zajmuje trzecie miejsce w klasyfikacji generalnej i ostrzy sobie z\u0119by na zwyci\u0119stwo etapowe.<\/strong><\/p>\n<p>Na tak\u0105 rywalizacj\u0119 pa\u0144 warto by\u0142o czeka\u0107! Osiem lat zawodniczki nie mia\u0142y mo\u017cliwo\u015bci \u015bcigania si\u0119 w wieloetapowym Tour de France, a\u017c w ko\u0144cu zn\u00f3w wjecha\u0142y na Wielk\u0105 P\u0119tl\u0119.<\/p>\n<div class=\"embed-controller-wrapper\">\n<blockquote class=\"twitter-tweet\" data-width=\"500\" data-dnt=\"true\">\n<p lang=\"fr\" dir=\"ltr\">\ud83d\udeb4\u200d\u2640\ufe0f Une belle bagarre entre favorites et une superbe victoire de \ud83c\udde9\ud83c\uddf0<a href=\"https:\/\/twitter.com\/CUttrupLudwig?ref_src=twsrc%5Etfw\">@CUttrupLudwig<\/a> \u00e0 <a href=\"https:\/\/twitter.com\/villeepernay?ref_src=twsrc%5Etfw\">@villeepernay<\/a> ! \ud83d\udc4f<\/p>\n<p>\ud83c\udfa5 R\u00e9sum\u00e9 de la 3\u00e8me \u00e9tape du <a href=\"https:\/\/twitter.com\/hashtag\/TDFF?src=hash&amp;ref_src=twsrc%5Etfw\">#TDFF<\/a>.<a href=\"https:\/\/twitter.com\/hashtag\/WatchTheFemmes?src=hash&amp;ref_src=twsrc%5Etfw\">#WatchTheFemmes<\/a> <a href=\"https:\/\/t.co\/xIzSXon4Fl\">pic.twitter.com\/xIzSXon4Fl<\/a><\/p>\n<p>&mdash; Le Tour de France Femmes avec Zwift (@LeTourFemmes) <a href=\"https:\/\/twitter.com\/LeTourFemmes\/status\/1551984036192583680?ref_src=twsrc%5Etfw\">July 26, 2022<\/a><\/p><\/blockquote>\n<p><script async data-src=\"https:\/\/platform.twitter.com\/widgets.js\" charset=\"utf-8\"><\/script><\/div>\n<p>\u2013 Startuj\u0105c w Tour de France, czuj\u0119 si\u0119 cz\u0119\u015bci\u0105 historii i zachodz\u0105cych zmian. Pewnego dnia ka\u017cda z nas powie swoim dzieciom lub wnukom: \u201eBra\u0142am udzia\u0142 w Wielkiej P\u0119tli\u201d \u2013 podkre\u015bla\u0142a Katarzyna Niewiadoma (Canyon\/\/SRAM Racing) w rozmowie z Cyclingnews.com.<\/p>\n<h2><strong>\u201eCzeka mnie co\u015b niesamowitego\u201d<\/strong><\/h2>\n<p>Polka do tego wy\u015bcigu przygotowywa\u0142a si\u0119 wyj\u0105tkowo sumiennie. Ci\u0119\u017cko pracowa\u0142a przez pi\u0119\u0107 tygodni, a ka\u017cdy dzie\u0144 rozbudza\u0142 jej apetyt.<\/p>\n<p>\u2013 Stara\u0142am si\u0119 robi\u0107 wszystko perfekcyjnie, odmawiaj\u0105c sobie wielu rzeczy. Czuj\u0119, \u017ce da\u0142am z siebie wszystko i czeka mnie co\u015b niesamowitego \u2013 zaznacza\u0142a.<\/p>\n<p>Trzeba przyzna\u0107, \u017ce Niewiadoma nie zamierza\u0142a zaspokaja\u0107 apetytu ma\u0142ymi k\u0119sami, tylko postanowi\u0142a gar\u015bciami czerpa\u0107 z Tour de France to, co najlepsze. W niedziel\u0119 zaj\u0119\u0142a 18. miejsce, ale p\u00f3\u017aniej by\u0142o ju\u017c tylko lepiej.<\/p>\n<p>https:\/\/www.instagram.com\/p\/CgZvZ_8rAP9\/?hl=pl<\/p>\n<p>Nazajutrz stan\u0119\u0142a ju\u017c na podium etapu (trzecie miejsce), a we wtorek zn\u00f3w zameldowa\u0142a si\u0119 w czo\u0142\u00f3wce (sz\u00f3ste miejsce). W efekcie Polka znajduje si\u0119 na znakomitym trzecim miejscu w klasyfikacji generalnej i tym razem rozbudza apetyt nie tylko sw\u00f3j, ale tak\u017ce wszystkich swoich kibic\u00f3w.<\/p>\n<h2><strong>Pechowy upadek<\/strong><\/h2>\n<p>By\u0107 mo\u017ce we wtorek wynik Niewiadomej by\u0142by jeszcze lepszy, gdyby nie udzia\u0142 w kraksie i upadek tu\u017c przed wspinaczk\u0105. Zamiast towarzyszy\u0107 czo\u0142\u00f3wce, Polka musia\u0142a j\u0105 goni\u0107, ale i tak dopad\u0142a najlepsze zawodniczki kilka kilometr\u00f3w przed met\u0105. Na finiszu Niewiadoma pr\u00f3bowa\u0142a nawet zaatakowa\u0107, lecz w ko\u0144c\u00f3wce opad\u0142a z si\u0142.<\/p>\n<p>\u2013 To by\u0142 bardzo ci\u0119\u017cki etap, od pocz\u0105tku w peletonie by\u0142o bardzo chaotycznie. Wiedzia\u0142y\u015bmy, \u017ce ko\u0144c\u00f3wka b\u0119dzie zwariowana, wi\u0119c chcia\u0142y\u015bmy by\u0107 z dziewczynami z przodu peletonu, ale po kraksie kilka kilometr\u00f3w sp\u0119dzi\u0142am na gonieniu czo\u0142\u00f3wki. Straci\u0142am przez to du\u017co si\u0142y, kt\u00f3ra by\u0142a potrzebna na ostatnim kilometrze \u2013 przyzna\u0142a Polka przed kamerami Eurosportu.<\/p>\n<p>Ostatecznie etap zgarn\u0119\u0142a Cecilie Uttrup Ludwig (FDJ-SUEZ-Futuroscope), kt\u00f3ra na mecie a\u017c pop\u0142aka\u0142a si\u0119 ze szcz\u0119\u015bcia.<\/p>\n<div class=\"embed-controller-wrapper\">\n<blockquote class=\"twitter-tweet\" data-width=\"500\" data-dnt=\"true\">\n<p lang=\"fr\" dir=\"ltr\">\ud83e\udd17 Relive \ud83c\udde9\ud83c\uddf0<a href=\"https:\/\/twitter.com\/CUttrupLudwig?ref_src=twsrc%5Etfw\">@CUttrupLudwig<\/a>&#39;s emotion just after the line in Epernay.<\/p>\n<p>\ud83e\udd17 Revivez l&#39;\u00e9motion de \ud83c\udde9\ud83c\uddf0<a href=\"https:\/\/twitter.com\/CUttrupLudwig?ref_src=twsrc%5Etfw\">@CUttrupLudwig<\/a> apr\u00e8s sa victoire \u00e0 <a href=\"https:\/\/twitter.com\/villeepernay?ref_src=twsrc%5Etfw\">@villeepernay<\/a>. <a href=\"https:\/\/twitter.com\/hashtag\/TDFF?src=hash&amp;ref_src=twsrc%5Etfw\">#TDFF<\/a> <a href=\"https:\/\/twitter.com\/hashtag\/WatchTheFemmes?src=hash&amp;ref_src=twsrc%5Etfw\">#WatchTheFemmes<\/a> <a href=\"https:\/\/t.co\/00H9MHXjvJ\">pic.twitter.com\/00H9MHXjvJ<\/a><\/p>\n<p>&mdash; Le Tour de France Femmes avec Zwift (@LeTourFemmes) <a href=\"https:\/\/twitter.com\/LeTourFemmes\/status\/1551971432414027777?ref_src=twsrc%5Etfw\">July 26, 2022<\/a><\/p><\/blockquote>\n<p><script async data-src=\"https:\/\/platform.twitter.com\/widgets.js\" charset=\"utf-8\"><\/script><\/div>\n<p>\u2013 To zwyci\u0119stwo wiele znaczy dla mnie i dla zespo\u0142u. Po prostu czuj\u0119 wielk\u0105 ulg\u0119 i szcz\u0119\u015bcie \u2013 przyzna\u0142a Ludwig.<\/p>\n<p>Po trzech etapach liderk\u0105 klasyfikacji generalnej jest legendarna Marianne Vos (Jumbo-Visma), kt\u00f3ra ma 16 sekund przewagi nad Silvi\u0105 Persico (Valcar \u2013 Travel &amp; Service) oraz Katarzyn\u0105 Niewiadom\u0105. Druga z Polek, Marta Lach (Ceratizit-WNT Pro Cycling), w klasyfikacji generalnej zajmuje 93. miejsce.<\/p>\n<p>Marianne Vos prowadzi tak\u017ce w klasyfikacji punktowej. W g\u00f3rskiej na razie najlepsza jest Femke Gerritse (Parkhotel Valkenburg), a w m\u0142odzie\u017cowej \u2013 Julie de Wilde (Plantur-Pura). W klasyfikacji dru\u017cynowej prowadzi Canyon\/\/SRAM Racing.<\/p>\n<div class=\"embed-controller-wrapper\">\n<blockquote class=\"twitter-tweet\" data-width=\"500\" data-dnt=\"true\">\n<p lang=\"fr\" dir=\"ltr\">\ud83c\udfbd \ud83d\udcf6<\/p>\n<p>Jerseys and rankings after Stage 3\ufe0f\u20e3 \ud83d\udc40<\/p>\n<p>Maillots distinctifs et classements apr\u00e8s l&#39;\u00e9tape 3\ufe0f\u20e3 \ud83d\udd25<a href=\"https:\/\/twitter.com\/hashtag\/TDFF?src=hash&amp;ref_src=twsrc%5Etfw\">#TDFF<\/a> <a href=\"https:\/\/twitter.com\/hashtag\/WatchTheFemmes?src=hash&amp;ref_src=twsrc%5Etfw\">#WatchTheFemmes<\/a> <a href=\"https:\/\/t.co\/iPti6aXtkR\">pic.twitter.com\/iPti6aXtkR<\/a><\/p>\n<p>&mdash; Le Tour de France Femmes avec Zwift (@LeTourFemmes) <a href=\"https:\/\/twitter.com\/LeTourFemmes\/status\/1551969533711220736?ref_src=twsrc%5Etfw\">July 26, 2022<\/a><\/p><\/blockquote>\n<p><script async data-src=\"https:\/\/platform.twitter.com\/widgets.js\" charset=\"utf-8\"><\/script><\/div>\n<h2><strong>Rozgrzewka przed g\u00f3rami<\/strong><\/h2>\n<p>W \u015brod\u0119 zawodniczki czeka kolejny etap z podjazdami, a nast\u0119pnie przed nimi dwa etapy pag\u00f3rkowate. Tour de France Femmes rozstrzygnie si\u0119 jednak w g\u00f3rach podczas sobotniego etapu S\u00e9lestat-Le Markstein Fellering oraz ostatniego, niedzielnego Lure\u2013La Super Planche des Belles Filles.<\/p>\n<p><span data-sheets-value=\"{&quot;1&quot;:2,&quot;2&quot;:&quot;Artyku\u0142 powsta\u0142 we wsp\u00f3\u0142pracy ze skoda-auto.pl&quot;}\" data-sheets-userformat=\"{&quot;2&quot;:1,&quot;3&quot;:{&quot;1&quot;:0}}\" data-sheets-hyperlink=\"http:\/\/www.skoda-auto.pl\/\"><a class=\"in-cell-link\" href=\"http:\/\/www.skoda-auto.pl\/\" target=\"_blank\" rel=\"noopener noreferrer\">Artyku\u0142 powsta\u0142 we wsp\u00f3\u0142pracy ze skoda-auto.pl<\/a><\/span><\/p>\n<p><a href=\"https:\/\/www.skoda-auto.pl\/modele\/superb\"><img loading=\"lazy\" decoding=\"async\" class=\"alignnone size-full wp-image-11628 aligncenter\" src=\"https:\/\/d2p6e6u75xmxt8.cloudfront.net\/5\/2021\/12\/640x350-2-1.jpg\" alt=\"\" width=\"640\" height=\"350\" srcset=\"https:\/\/d2p6e6u75xmxt8.cloudfront.net\/5\/2021\/12\/640x350-2-1.jpg 640w, https:\/\/d2p6e6u75xmxt8.cloudfront.net\/5\/2021\/12\/640x350-2-1-300x164.jpg 300w\" sizes=\"auto, (max-width: 640px) 100vw, 640px\" \/><\/a><\/p>\n","protected":false},"excerpt":{"rendered":"<p>Tour de France Femmes wje\u017cd\u017ca na p\u00f3\u0142metek. Na razie \u015bwietnie radzi sobie Katarzyna Niewiadoma, kt\u00f3ra zajmuje trzecie miejsce w klasyfikacji [&hellip;]<\/p>\n","protected":false},"author":153,"featured_media":13090,"comment_status":"open","ping_status":"open","sticky":false,"template":"","format":"standard","meta":{"footnotes":""},"categories":[364],"tags":[362,366],"global-categories":[303],"class_list":["post-13083","post","type-post","status-publish","format-standard","has-post-thumbnail","hentry","category-tour-de-france-2022","tag-piotr-nowik","tag-tour-de-france-2022","global-categories-cycling"],"yoast_head":"<!-- This site is optimized with the Yoast SEO Premium plugin v25.3 (Yoast SEO v25.9) - https:\/\/yoast.com\/wordpress\/plugins\/seo\/ -->\n<title>Pi\u0119kny powr\u00f3t kobiecego Tour de France. Polka szaleje! - \u0160koda We Love Cycling - Poland<\/title>\n<meta name=\"robots\" content=\"index, follow, max-snippet:-1, max-image-preview:large, max-video-preview:-1\" \/>\n<link rel=\"canonical\" href=\"https:\/\/www.welovecycling.com\/pl\/2022\/07\/27\/piekny-powrot-kobiecego-tour-de-france-polka-szaleje\/\" \/>\n<meta property=\"og:locale\" content=\"pl_PL\" \/>\n<meta property=\"og:type\" content=\"article\" \/>\n<meta property=\"og:title\" content=\"Pi\u0119kny powr\u00f3t kobiecego Tour de France. Polka szaleje!\" \/>\n<meta property=\"og:description\" content=\"Tour de France Femmes wje\u017cd\u017ca na p\u00f3\u0142metek. Na razie \u015bwietnie radzi sobie Katarzyna Niewiadoma, kt\u00f3ra zajmuje trzecie miejsce w klasyfikacji [&hellip;]\" \/>\n<meta property=\"og:url\" content=\"https:\/\/www.welovecycling.com\/pl\/2022\/07\/27\/piekny-powrot-kobiecego-tour-de-france-polka-szaleje\/\" \/>\n<meta property=\"og:site_name\" content=\"\u0160koda We Love Cycling - Poland\" \/>\n<meta property=\"article:published_time\" content=\"2022-07-27T19:45:19+00:00\" \/>\n<meta property=\"og:image\" content=\"https:\/\/d2p6e6u75xmxt8.cloudfront.net\/5\/2022\/07\/Kasia-Niewiadoma-CVR-1.jpg\" \/>\n\t<meta property=\"og:image:width\" content=\"990\" \/>\n\t<meta property=\"og:image:height\" content=\"660\" \/>\n\t<meta property=\"og:image:type\" content=\"image\/jpeg\" \/>\n<meta name=\"author\" content=\"rafal\" \/>\n<meta name=\"twitter:card\" content=\"summary_large_image\" \/>\n<meta name=\"twitter:label1\" content=\"Written by\" \/>\n\t<meta name=\"twitter:data1\" content=\"Piotr Nowik\" \/>\n\t<meta name=\"twitter:label2\" content=\"Est. reading time\" \/>\n\t<meta name=\"twitter:data2\" content=\"3 minutes\" \/>\n<script type=\"application\/ld+json\" class=\"yoast-schema-graph\">{\"@context\":\"https:\/\/schema.org\",\"@graph\":[{\"@type\":\"WebPage\",\"@id\":\"https:\/\/www.welovecycling.com\/pl\/2022\/07\/27\/piekny-powrot-kobiecego-tour-de-france-polka-szaleje\/\",\"url\":\"https:\/\/www.welovecycling.com\/pl\/2022\/07\/27\/piekny-powrot-kobiecego-tour-de-france-polka-szaleje\/\",\"name\":\"Pi\u0119kny powr\u00f3t kobiecego Tour de France. Polka szaleje! - \u0160koda We Love Cycling - Poland\",\"isPartOf\":{\"@id\":\"https:\/\/www.welovecycling.com\/pl\/#website\"},\"primaryImageOfPage\":{\"@id\":\"https:\/\/www.welovecycling.com\/pl\/2022\/07\/27\/piekny-powrot-kobiecego-tour-de-france-polka-szaleje\/#primaryimage\"},\"image\":{\"@id\":\"https:\/\/www.welovecycling.com\/pl\/2022\/07\/27\/piekny-powrot-kobiecego-tour-de-france-polka-szaleje\/#primaryimage\"},\"thumbnailUrl\":\"https:\/\/d2p6e6u75xmxt8.cloudfront.net\/5\/2022\/07\/Kasia-Niewiadoma-CVR-1.jpg\",\"datePublished\":\"2022-07-27T19:45:19+00:00\",\"author\":{\"@id\":\"https:\/\/www.welovecycling.com\/pl\/#\/schema\/person\/bf06ed916a1ef16618807fb60d2ebe42\"},\"breadcrumb\":{\"@id\":\"https:\/\/www.welovecycling.com\/pl\/2022\/07\/27\/piekny-powrot-kobiecego-tour-de-france-polka-szaleje\/#breadcrumb\"},\"inLanguage\":\"pl-PL\",\"potentialAction\":[{\"@type\":\"ReadAction\",\"target\":[\"https:\/\/www.welovecycling.com\/pl\/2022\/07\/27\/piekny-powrot-kobiecego-tour-de-france-polka-szaleje\/\"]}]},{\"@type\":\"ImageObject\",\"inLanguage\":\"pl-PL\",\"@id\":\"https:\/\/www.welovecycling.com\/pl\/2022\/07\/27\/piekny-powrot-kobiecego-tour-de-france-polka-szaleje\/#primaryimage\",\"url\":\"https:\/\/d2p6e6u75xmxt8.cloudfront.net\/5\/2022\/07\/Kasia-Niewiadoma-CVR-1.jpg\",\"contentUrl\":\"https:\/\/d2p6e6u75xmxt8.cloudfront.net\/5\/2022\/07\/Kasia-Niewiadoma-CVR-1.jpg\",\"width\":990,\"height\":660},{\"@type\":\"BreadcrumbList\",\"@id\":\"https:\/\/www.welovecycling.com\/pl\/2022\/07\/27\/piekny-powrot-kobiecego-tour-de-france-polka-szaleje\/#breadcrumb\",\"itemListElement\":[{\"@type\":\"ListItem\",\"position\":1,\"name\":\"Home\",\"item\":\"https:\/\/www.welovecycling.com\/pl\/\"},{\"@type\":\"ListItem\",\"position\":2,\"name\":\"Pi\u0119kny powr\u00f3t kobiecego Tour de France. Polka szaleje!\"}]},{\"@type\":\"WebSite\",\"@id\":\"https:\/\/www.welovecycling.com\/pl\/#website\",\"url\":\"https:\/\/www.welovecycling.com\/pl\/\",\"name\":\"\u0160koda We Love Cycling - Poland\",\"description\":\"\",\"potentialAction\":[{\"@type\":\"SearchAction\",\"target\":{\"@type\":\"EntryPoint\",\"urlTemplate\":\"https:\/\/www.welovecycling.com\/pl\/?s={search_term_string}\"},\"query-input\":{\"@type\":\"PropertyValueSpecification\",\"valueRequired\":true,\"valueName\":\"search_term_string\"}}],\"inLanguage\":\"pl-PL\"},{\"@type\":\"Person\",\"@id\":\"https:\/\/www.welovecycling.com\/pl\/#\/schema\/person\/bf06ed916a1ef16618807fb60d2ebe42\",\"name\":\"rafal\",\"image\":{\"@type\":\"ImageObject\",\"inLanguage\":\"pl-PL\",\"@id\":\"https:\/\/www.welovecycling.com\/pl\/#\/schema\/person\/image\/\",\"url\":\"https:\/\/secure.gravatar.com\/avatar\/203f240e63bee214f6f3a0dacbeb600c7829c09716c2b9ee3230c6961debcde2?s=96&d=mm&r=g\",\"contentUrl\":\"https:\/\/secure.gravatar.com\/avatar\/203f240e63bee214f6f3a0dacbeb600c7829c09716c2b9ee3230c6961debcde2?s=96&d=mm&r=g\",\"caption\":\"rafal\"},\"url\":\"https:\/\/www.welovecycling.com\/pl\/author\/rafal\/\"}]}<\/script>\n<!-- \/ Yoast SEO Premium plugin. -->","yoast_head_json":{"title":"Pi\u0119kny powr\u00f3t kobiecego Tour de France. Polka szaleje! - \u0160koda We Love Cycling - Poland","robots":{"index":"index","follow":"follow","max-snippet":"max-snippet:-1","max-image-preview":"max-image-preview:large","max-video-preview":"max-video-preview:-1"},"canonical":"https:\/\/www.welovecycling.com\/pl\/2022\/07\/27\/piekny-powrot-kobiecego-tour-de-france-polka-szaleje\/","og_locale":"pl_PL","og_type":"article","og_title":"Pi\u0119kny powr\u00f3t kobiecego Tour de France. Polka szaleje!","og_description":"Tour de France Femmes wje\u017cd\u017ca na p\u00f3\u0142metek. Na razie \u015bwietnie radzi sobie Katarzyna Niewiadoma, kt\u00f3ra zajmuje trzecie miejsce w klasyfikacji [&hellip;]","og_url":"https:\/\/www.welovecycling.com\/pl\/2022\/07\/27\/piekny-powrot-kobiecego-tour-de-france-polka-szaleje\/","og_site_name":"\u0160koda We Love Cycling - Poland","article_published_time":"2022-07-27T19:45:19+00:00","og_image":[{"width":990,"height":660,"url":"https:\/\/d2p6e6u75xmxt8.cloudfront.net\/5\/2022\/07\/Kasia-Niewiadoma-CVR-1.jpg","type":"image\/jpeg"}],"author":"rafal","twitter_card":"summary_large_image","twitter_misc":{"Written by":"Piotr Nowik","Est. reading time":"3 minutes"},"schema":{"@context":"https:\/\/schema.org","@graph":[{"@type":"WebPage","@id":"https:\/\/www.welovecycling.com\/pl\/2022\/07\/27\/piekny-powrot-kobiecego-tour-de-france-polka-szaleje\/","url":"https:\/\/www.welovecycling.com\/pl\/2022\/07\/27\/piekny-powrot-kobiecego-tour-de-france-polka-szaleje\/","name":"Pi\u0119kny powr\u00f3t kobiecego Tour de France. Polka szaleje! - \u0160koda We Love Cycling - Poland","isPartOf":{"@id":"https:\/\/www.welovecycling.com\/pl\/#website"},"primaryImageOfPage":{"@id":"https:\/\/www.welovecycling.com\/pl\/2022\/07\/27\/piekny-powrot-kobiecego-tour-de-france-polka-szaleje\/#primaryimage"},"image":{"@id":"https:\/\/www.welovecycling.com\/pl\/2022\/07\/27\/piekny-powrot-kobiecego-tour-de-france-polka-szaleje\/#primaryimage"},"thumbnailUrl":"https:\/\/d2p6e6u75xmxt8.cloudfront.net\/5\/2022\/07\/Kasia-Niewiadoma-CVR-1.jpg","datePublished":"2022-07-27T19:45:19+00:00","author":{"@id":"https:\/\/www.welovecycling.com\/pl\/#\/schema\/person\/bf06ed916a1ef16618807fb60d2ebe42"},"breadcrumb":{"@id":"https:\/\/www.welovecycling.com\/pl\/2022\/07\/27\/piekny-powrot-kobiecego-tour-de-france-polka-szaleje\/#breadcrumb"},"inLanguage":"pl-PL","potentialAction":[{"@type":"ReadAction","target":["https:\/\/www.welovecycling.com\/pl\/2022\/07\/27\/piekny-powrot-kobiecego-tour-de-france-polka-szaleje\/"]}]},{"@type":"ImageObject","inLanguage":"pl-PL","@id":"https:\/\/www.welovecycling.com\/pl\/2022\/07\/27\/piekny-powrot-kobiecego-tour-de-france-polka-szaleje\/#primaryimage","url":"https:\/\/d2p6e6u75xmxt8.cloudfront.net\/5\/2022\/07\/Kasia-Niewiadoma-CVR-1.jpg","contentUrl":"https:\/\/d2p6e6u75xmxt8.cloudfront.net\/5\/2022\/07\/Kasia-Niewiadoma-CVR-1.jpg","width":990,"height":660},{"@type":"BreadcrumbList","@id":"https:\/\/www.welovecycling.com\/pl\/2022\/07\/27\/piekny-powrot-kobiecego-tour-de-france-polka-szaleje\/#breadcrumb","itemListElement":[{"@type":"ListItem","position":1,"name":"Home","item":"https:\/\/www.welovecycling.com\/pl\/"},{"@type":"ListItem","position":2,"name":"Pi\u0119kny powr\u00f3t kobiecego Tour de France. Polka szaleje!"}]},{"@type":"WebSite","@id":"https:\/\/www.welovecycling.com\/pl\/#website","url":"https:\/\/www.welovecycling.com\/pl\/","name":"\u0160koda We Love Cycling - Poland","description":"","potentialAction":[{"@type":"SearchAction","target":{"@type":"EntryPoint","urlTemplate":"https:\/\/www.welovecycling.com\/pl\/?s={search_term_string}"},"query-input":{"@type":"PropertyValueSpecification","valueRequired":true,"valueName":"search_term_string"}}],"inLanguage":"pl-PL"},{"@type":"Person","@id":"https:\/\/www.welovecycling.com\/pl\/#\/schema\/person\/bf06ed916a1ef16618807fb60d2ebe42","name":"rafal","image":{"@type":"ImageObject","inLanguage":"pl-PL","@id":"https:\/\/www.welovecycling.com\/pl\/#\/schema\/person\/image\/","url":"https:\/\/secure.gravatar.com\/avatar\/203f240e63bee214f6f3a0dacbeb600c7829c09716c2b9ee3230c6961debcde2?s=96&d=mm&r=g","contentUrl":"https:\/\/secure.gravatar.com\/avatar\/203f240e63bee214f6f3a0dacbeb600c7829c09716c2b9ee3230c6961debcde2?s=96&d=mm&r=g","caption":"rafal"},"url":"https:\/\/www.welovecycling.com\/pl\/author\/rafal\/"}]}},"_links":{"self":[{"href":"https:\/\/www.welovecycling.com\/pl\/wp-json\/wp\/v2\/posts\/13083","targetHints":{"allow":["GET"]}}],"collection":[{"href":"https:\/\/www.welovecycling.com\/pl\/wp-json\/wp\/v2\/posts"}],"about":[{"href":"https:\/\/www.welovecycling.com\/pl\/wp-json\/wp\/v2\/types\/post"}],"author":[{"embeddable":true,"href":"https:\/\/www.welovecycling.com\/pl\/wp-json\/wp\/v2\/users\/153"}],"replies":[{"embeddable":true,"href":"https:\/\/www.welovecycling.com\/pl\/wp-json\/wp\/v2\/comments?post=13083"}],"version-history":[{"count":1,"href":"https:\/\/www.welovecycling.com\/pl\/wp-json\/wp\/v2\/posts\/13083\/revisions"}],"predecessor-version":[{"id":13089,"href":"https:\/\/www.welovecycling.com\/pl\/wp-json\/wp\/v2\/posts\/13083\/revisions\/13089"}],"wp:featuredmedia":[{"embeddable":true,"href":"https:\/\/www.welovecycling.com\/pl\/wp-json\/wp\/v2\/media\/13090"}],"wp:attachment":[{"href":"https:\/\/www.welovecycling.com\/pl\/wp-json\/wp\/v2\/media?parent=13083"}],"wp:term":[{"taxonomy":"category","embeddable":true,"href":"https:\/\/www.welovecycling.com\/pl\/wp-json\/wp\/v2\/categories?post=13083"},{"taxonomy":"post_tag","embeddable":true,"href":"https:\/\/www.welovecycling.com\/pl\/wp-json\/wp\/v2\/tags?post=13083"},{"taxonomy":"global-categories","embeddable":true,"href":"https:\/\/www.welovecycling.com\/pl\/wp-json\/wp\/v2\/global-categories?post=13083"}],"curies":[{"name":"wp","href":"https:\/\/api.w.org\/{rel}","templated":true}]}}