{"id":13071,"date":"2022-07-25T19:10:48","date_gmt":"2022-07-25T19:10:48","guid":{"rendered":"https:\/\/www.welovecycling.com\/pl\/?p=13071"},"modified":"2022-07-25T19:10:48","modified_gmt":"2022-07-25T19:10:48","slug":"marzenia-sie-spelniaja-lzy-szczescia-na-tour-de-france","status":"publish","type":"post","link":"https:\/\/www.welovecycling.com\/pl\/2022\/07\/25\/marzenia-sie-spelniaja-lzy-szczescia-na-tour-de-france\/","title":{"rendered":"Marzenia si\u0119 spe\u0142niaj\u0105! \u0141zy szcz\u0119\u015bcia na Tour de France"},"content":{"rendered":"<p><strong>Spe\u0142ni\u0142 si\u0119 sen Jonasa Vingegaarda (Jumbo Visma), kt\u00f3ry w kapitalnym stylu wygra\u0142 109. Tour de France!<\/strong><\/p>\n<p>\u2013 To dla mnie wielki moment i co\u015b niesamowitego \u2013 cieszy\u0142 si\u0119 na Polach Elizejskich 25-letni Du\u0144czyk.<\/p>\n<p>Tegoroczny Tour de France mia\u0142 wszystko, co powinien mie\u0107 najwi\u0119kszy wy\u015bcig \u015bwiata. Wielkie zwroty akcji, sportowe dramaty, niesamowite emocje i zako\u0144czenie, kt\u00f3rego jeszcze kilka tygodni temu niewielu si\u0119 spodziewa\u0142o.<\/p>\n<p>\u2013 Tak wielu ludziom chc\u0119 podzi\u0119kowa\u0107, \u017ce nie wiem, od kogo zacz\u0105\u0107. Dzi\u0119kuj\u0119 za to, \u017ce ten Tour de France rozpocz\u0105\u0142 si\u0119 w Danii, bo to by\u0142o jedno z najwi\u0119kszych wydarze\u0144 w moich \u017cyciu \u2013 kontynuowa\u0142 Vingegaard.<\/p>\n<div class=\"embed-controller-wrapper\">\n<blockquote class=\"twitter-tweet\" data-width=\"500\" data-dnt=\"true\">\n<p lang=\"nl\" dir=\"ltr\">\ud83d\udc9b\ud83c\udde9\ud83c\uddf0 Jonas Vingegaard wins the <a href=\"https:\/\/twitter.com\/hashtag\/TDF2022?src=hash&amp;ref_src=twsrc%5Etfw\">#TDF2022<\/a>!<\/p>\n<p>\ud83d\udc9b\ud83c\udde9\ud83c\uddf0 Jonas Vingegaard remporte le <a href=\"https:\/\/twitter.com\/hashtag\/TDF2022?src=hash&amp;ref_src=twsrc%5Etfw\">#TDF2022<\/a> ! <a href=\"https:\/\/t.co\/QTd4ipsxNH\">pic.twitter.com\/QTd4ipsxNH<\/a><\/p>\n<p>&mdash; Tour de France\u2122 (@LeTour) <a href=\"https:\/\/twitter.com\/LeTour\/status\/1551263515993833472?ref_src=twsrc%5Etfw\">July 24, 2022<\/a><\/p><\/blockquote>\n<p><script async data-src=\"https:\/\/platform.twitter.com\/widgets.js\" charset=\"utf-8\"><\/script><\/div>\n<h2><strong>Jedna ekipa zgarn\u0119\u0142a niemal wszystko<\/strong><\/h2>\n<p>Du\u0144czyk oraz jego zesp\u00f3\u0142 \u015bwietnie rozegrali wy\u015bcig taktycznie. Vingegaard po 11. etapie przej\u0105\u0142 \u017c\u00f3\u0142t\u0105 koszulk\u0119 od Tadeja Pogacara (UAE Team Emirates), a nast\u0119pnie przez kilkana\u015bcie dni odpiera\u0142 jego ataki. W efekcie ekipa Jumbo-Visma zgarn\u0119\u0142a niemal wszystko!<\/p>\n<div class=\"embed-controller-wrapper\">\n<blockquote class=\"twitter-tweet\" data-width=\"500\" data-dnt=\"true\">\n<p lang=\"en\" dir=\"ltr\">\ud83d\udcf8 Pic of the day by <a href=\"https:\/\/twitter.com\/century21fr?ref_src=twsrc%5Etfw\">@century21fr<\/a> <a href=\"https:\/\/twitter.com\/hashtag\/TDF2022?src=hash&amp;ref_src=twsrc%5Etfw\">#TDF2022<\/a><\/p>\n<p>\ud83d\udcf8 ASO \/ J. Gruber <a href=\"https:\/\/t.co\/1flol4WllR\">pic.twitter.com\/1flol4WllR<\/a><\/p>\n<p>&mdash; Tour de France\u2122 (@LeTour) <a href=\"https:\/\/twitter.com\/LeTour\/status\/1551335202714255360?ref_src=twsrc%5Etfw\">July 24, 2022<\/a><\/p><\/blockquote>\n<p><script async data-src=\"https:\/\/platform.twitter.com\/widgets.js\" charset=\"utf-8\"><\/script><\/div>\n<p>Vingegaard wygra\u0142 klasyfikacj\u0119 generaln\u0105 oraz g\u00f3rsk\u0105, a Wout van Aert punktow\u0105 i zosta\u0142 najaktywniejszym zawodnikiem. Rywalom na pocieszenie zosta\u0142a bia\u0142a koszulka dla najlepszego m\u0142odzie\u017cowca (zdoby\u0142 j\u0105 Pogacar) oraz miano najlepszego zespo\u0142u, kt\u00f3re trafi\u0142o do Ineos Grenadiers.<\/p>\n<div class=\"embed-controller-wrapper\">\n<blockquote class=\"twitter-tweet\" data-width=\"500\" data-dnt=\"true\">\n<p lang=\"fr\" dir=\"ltr\">\ud83d\udc9b <a href=\"https:\/\/twitter.com\/JumboVismaRoad?ref_src=twsrc%5Etfw\">@JumboVismaRoad<\/a> finish the Tour with 3 jerseys and 6 stage wins \ud83d\udc9a<\/p>\n<p>\ud83d\udc9b <a href=\"https:\/\/twitter.com\/JumboVismaRoad?ref_src=twsrc%5Etfw\">@JumboVismaRoad<\/a> termine le Tour avec 3 maillots distinctifs et 6 victoires d&#39;\u00e9tape \ud83d\udc9a<a href=\"https:\/\/twitter.com\/hashtag\/TDF2022?src=hash&amp;ref_src=twsrc%5Etfw\">#TDF2022<\/a> <a href=\"https:\/\/t.co\/IVd3ipC6Ag\">pic.twitter.com\/IVd3ipC6Ag<\/a><\/p>\n<p>&mdash; Tour de France\u2122 (@LeTour) <a href=\"https:\/\/twitter.com\/LeTour\/status\/1551265275814739968?ref_src=twsrc%5Etfw\">July 24, 2022<\/a><\/p><\/blockquote>\n<p><script async data-src=\"https:\/\/platform.twitter.com\/widgets.js\" charset=\"utf-8\"><\/script><\/div>\n<p>\u2013 Dzi\u0119kuj\u0119 za wszystko mojej dru\u017cynie. Mieli\u015bmy plan i wykonali\u015bmy go w 100 proc. Dzi\u0119kuj\u0119 wszystkim cz\u0142onkom ekipy, tak\u017ce tym, kt\u00f3rzy w codziennej pracy byli mniej widoczni. To by\u0142a dla nas niesamowita podr\u00f3\u017c. Wszyscy byli niesamowici \u2013 podkre\u015bla\u0142 Vingegaard. \u2013 Dzi\u0119kuj\u0119 tak\u017ce\u00a0 moim przeciwnikom za \u015bwietn\u0105 walk\u0119, ale na koniec najwi\u0119ksze podzi\u0119kowania nale\u017c\u0105 si\u0119 moim dw\u00f3m dziewczynom, bo bez nich nie mia\u0142bym szans tego dokona\u0107. Kocham was \u2013 m\u00f3wi\u0142 zwyci\u0119zca w stron\u0119 swojej partnerki i c\u00f3reczki, kt\u00f3ra towarzyszy\u0142a mu na podium.<\/p>\n<div class=\"embed-controller-wrapper\">\n<blockquote class=\"twitter-tweet\" data-width=\"500\" data-dnt=\"true\">\n<p lang=\"fr\" dir=\"ltr\">\ud83d\udc9b Jonas Vingegaard sur le podium \u00e0 Paris. \ud83d\ude0d<a href=\"https:\/\/twitter.com\/hashtag\/TDF2022?src=hash&amp;ref_src=twsrc%5Etfw\">#TDF2022<\/a> <a href=\"https:\/\/t.co\/0eXz7S4h8D\">pic.twitter.com\/0eXz7S4h8D<\/a><\/p>\n<p>&mdash; Maillot Jaune LCL (@MaillotjauneLCL) <a href=\"https:\/\/twitter.com\/MaillotjauneLCL\/status\/1551281451567616000?ref_src=twsrc%5Etfw\">July 24, 2022<\/a><\/p><\/blockquote>\n<p><script async data-src=\"https:\/\/platform.twitter.com\/widgets.js\" charset=\"utf-8\"><\/script><\/div>\n<h2><strong>Pi\u0119kny etap przyja\u017ani<\/strong><\/h2>\n<p>Chwile rado\u015bci na mecie Tour de France mia\u0142 tak\u017ce Jasper Philipsen (Alpecin-Deceuninck), kt\u00f3ry wygra\u0142 ostatni etap po ulicach Pary\u017ca. Belg zachowa\u0142 najwi\u0119cej si\u0142 na ko\u0144cowy sprint i z szeroko roz\u0142o\u017conymi r\u0119kami zameldowa\u0142 si\u0119 na mecie.<\/p>\n<div class=\"embed-controller-wrapper\">\n<blockquote class=\"twitter-tweet\" data-width=\"500\" data-dnt=\"true\">\n<p lang=\"en\" dir=\"ltr\">\u26a1\ufe0f An incredible sprint from <a href=\"https:\/\/twitter.com\/JasperPhilipsen?ref_src=twsrc%5Etfw\">@JasperPhilipsen<\/a> \ud83d\udcaa<\/p>\n<p>\u26a1\ufe0f Un incroyable sprint de <a href=\"https:\/\/twitter.com\/JasperPhilipsen?ref_src=twsrc%5Etfw\">@JasperPhilipsen<\/a> ! \ud83d\udcaa<a href=\"https:\/\/twitter.com\/hashtag\/TDF2022?src=hash&amp;ref_src=twsrc%5Etfw\">#TDF2022<\/a> <a href=\"https:\/\/t.co\/kqmYuebwob\">pic.twitter.com\/kqmYuebwob<\/a><\/p>\n<p>&mdash; Tour de France\u2122 (@LeTour) <a href=\"https:\/\/twitter.com\/LeTour\/status\/1551268978072309760?ref_src=twsrc%5Etfw\">July 24, 2022<\/a><\/p><\/blockquote>\n<p><script async data-src=\"https:\/\/platform.twitter.com\/widgets.js\" charset=\"utf-8\"><\/script><\/div>\n<p>A etap przyja\u017ani w skr\u00f3cie wygl\u0105da\u0142 tak:<\/p>\n<div class=\"embed-controller-wrapper\">\n<blockquote class=\"twitter-tweet\" data-width=\"500\" data-dnt=\"true\">\n<p lang=\"fr\" dir=\"ltr\">\ud83c\udde7\ud83c\uddea <a href=\"https:\/\/twitter.com\/JasperPhilipsen?ref_src=twsrc%5Etfw\">@JasperPhilipsen<\/a> triomphe sur les Champs-Elys\u00e9es, \ud83c\udde9\ud83c\uddf0 Jonas VIngegaard remporte officiellement le <a href=\"https:\/\/twitter.com\/hashtag\/TDF2022?src=hash&amp;ref_src=twsrc%5Etfw\">#TDF2022<\/a>.<\/p>\n<p>\u23e9 Voici le r\u00e9sum\u00e9 de cette 21\u00e8me et derni\u00e8re \u00e9tape du <a href=\"https:\/\/twitter.com\/hashtag\/TDF2022?src=hash&amp;ref_src=twsrc%5Etfw\">#TDF2022<\/a> ! <a href=\"https:\/\/t.co\/PNHjtc3HaB\">pic.twitter.com\/PNHjtc3HaB<\/a><\/p>\n<p>&mdash; Tour de France\u2122 (@LeTour) <a href=\"https:\/\/twitter.com\/LeTour\/status\/1551303594867056642?ref_src=twsrc%5Etfw\">July 24, 2022<\/a><\/p><\/blockquote>\n<p><script async data-src=\"https:\/\/platform.twitter.com\/widgets.js\" charset=\"utf-8\"><\/script><\/div>\n<p>109. Tour de France przechodzi do historii. Kolejny, za niespe\u0142na rok, rozpocznie si\u0119 w Kraju Bask\u00f3w, sk\u0105d zaplanowano Grand Depart.<\/p>\n<h2><strong>Tour de France Femmes, czyli czas na \u015bciganie kobiet!<\/strong><\/h2>\n<p>Na szcz\u0119\u015bcie to jeszcze nie koniec kolarskich emocji, poniewa\u017c w niedziel\u0119 \u015bciganie w Tour de France Femmes rozpocz\u0119\u0142y panie. I to rozpocz\u0119\u0142y z przytupem, poniewa\u017c start etapu zorganizowano pod wie\u017c\u0105 Eiffla, a met\u0119 na Polach Elizejskich. Pasjonuj\u0105cy finisz wygra\u0142a Lorena Wiebes (DSM)\u2026<\/p>\n<div class=\"embed-controller-wrapper\">\n<blockquote class=\"twitter-tweet\" data-width=\"500\" data-dnt=\"true\">\n<p lang=\"fr\" dir=\"ltr\">\ud83c\uddf3\ud83c\uddf1 <a href=\"https:\/\/twitter.com\/lorenawiebes?ref_src=twsrc%5Etfw\">@lorenawiebes<\/a> for the win!<br \/>Victoire de <a href=\"https:\/\/twitter.com\/lorenawiebes?ref_src=twsrc%5Etfw\">@lorenawiebes<\/a> \ud83c\uddf3\ud83c\uddf1 sur la plus belle avenue du monde !<a href=\"https:\/\/twitter.com\/hashtag\/TDFF?src=hash&amp;ref_src=twsrc%5Etfw\">#TDFF<\/a> <a href=\"https:\/\/twitter.com\/hashtag\/WatchTheFemmes?src=hash&amp;ref_src=twsrc%5Etfw\">#WatchTheFemmes<\/a> <a href=\"https:\/\/t.co\/4bM33Zjq9y\">pic.twitter.com\/4bM33Zjq9y<\/a><\/p>\n<p>&mdash; Le Tour de France Femmes avec Zwift (@LeTourFemmes) <a href=\"https:\/\/twitter.com\/LeTourFemmes\/status\/1551199674882744326?ref_src=twsrc%5Etfw\">July 24, 2022<\/a><\/p><\/blockquote>\n<p><script async data-src=\"https:\/\/platform.twitter.com\/widgets.js\" charset=\"utf-8\"><\/script><\/div>\n<p>\u2026i jako pierwsza za\u0142o\u017cy\u0142a \u017c\u00f3\u0142t\u0105 koszulk\u0119 liderki.<\/p>\n<div class=\"embed-controller-wrapper\">\n<blockquote class=\"twitter-tweet\" data-width=\"500\" data-dnt=\"true\">\n<p lang=\"fr\" dir=\"ltr\">Sweet dreams are made of Yellow \ud83d\udc9b<br \/>Qui va dormir avec son <a href=\"https:\/\/twitter.com\/MaillotjauneLCL?ref_src=twsrc%5Etfw\">@MaillotjauneLCL<\/a> cette nuit ? \ud83d\ude34<a href=\"https:\/\/twitter.com\/hashtag\/TDFF?src=hash&amp;ref_src=twsrc%5Etfw\">#TDFF<\/a> <a href=\"https:\/\/twitter.com\/hashtag\/WatchTheFemmes?src=hash&amp;ref_src=twsrc%5Etfw\">#WatchTheFemmes<\/a>  <\/p>\n<p>\ud83d\udcf8 A.S.O \/ @thomas_maheux <a href=\"https:\/\/t.co\/vAGYeiE9LW\">pic.twitter.com\/vAGYeiE9LW<\/a><\/p>\n<p>&mdash; Le Tour de France Femmes avec Zwift (@LeTourFemmes) <a href=\"https:\/\/twitter.com\/LeTourFemmes\/status\/1551326104471818240?ref_src=twsrc%5Etfw\">July 24, 2022<\/a><\/p><\/blockquote>\n<p><script async data-src=\"https:\/\/platform.twitter.com\/widgets.js\" charset=\"utf-8\"><\/script><\/div>\n<p>Katarzyna Niewiadoma (Canyon\/\/SRAM Racing) zaj\u0119\u0142a 18. miejsce, a Marta Lach (Ceratizit-WNT) \u2013 85.<\/p>\n<p>Przed zawodniczkami jeszcze siedem dni rywalizacji. Pocz\u0105tkowo p\u0142askie przejazdy b\u0119d\u0105 miesza\u0142y si\u0119 pag\u00f3rkowatymi, a wszystko zapewne rozstrzygnie si\u0119 na dw\u00f3ch ostatnich g\u00f3rskich etapach. Zako\u0144czenie wy\u015bcigu w niedziel\u0119 na La Planche des Belles Filles.<\/p>\n<p><span data-sheets-value=\"{&quot;1&quot;:2,&quot;2&quot;:&quot;Artyku\u0142 powsta\u0142 we wsp\u00f3\u0142pracy ze skoda-auto.pl&quot;}\" data-sheets-userformat=\"{&quot;2&quot;:1,&quot;3&quot;:{&quot;1&quot;:0}}\" data-sheets-hyperlink=\"http:\/\/www.skoda-auto.pl\/\"><a class=\"in-cell-link\" href=\"http:\/\/www.skoda-auto.pl\/\" target=\"_blank\" rel=\"noopener noreferrer\">Artyku\u0142 powsta\u0142 we wsp\u00f3\u0142pracy ze skoda-auto.pl<\/a><\/span><\/p>\n<p><a href=\"https:\/\/sklep.skoda.pl\/pl\/sklep\/b\/331\/rowery-i-akcesoria-rowery.html\"><img loading=\"lazy\" decoding=\"async\" class=\"aligncenter wp-image-9608 size-full loading\" src=\"https:\/\/d2p6e6u75xmxt8.cloudfront.net\/5\/2019\/08\/baner_WLC_640x350_3.png\" sizes=\"auto, (max-width: 640px) 100vw, 640px\" srcset=\"https:\/\/d2p6e6u75xmxt8.cloudfront.net\/5\/2019\/08\/baner_WLC_640x350_3.png 640w, https:\/\/d2p6e6u75xmxt8.cloudfront.net\/5\/2019\/08\/baner_WLC_640x350_3-300x164.png 300w\" alt=\"\" width=\"640\" height=\"350\" data-was-processed=\"true\" \/><\/a><\/p>\n","protected":false},"excerpt":{"rendered":"<p>Spe\u0142ni\u0142 si\u0119 sen Jonasa Vingegaarda (Jumbo Visma), kt\u00f3ry w kapitalnym stylu wygra\u0142 109. Tour de France! \u2013 To dla mnie [&hellip;]<\/p>\n","protected":false},"author":153,"featured_media":13080,"comment_status":"open","ping_status":"open","sticky":false,"template":"","format":"standard","meta":{"footnotes":""},"categories":[364],"tags":[362,366],"global-categories":[303],"class_list":["post-13071","post","type-post","status-publish","format-standard","has-post-thumbnail","hentry","category-tour-de-france-2022","tag-piotr-nowik","tag-tour-de-france-2022","global-categories-cycling"],"yoast_head":"<!-- This site is optimized with the Yoast SEO Premium plugin v25.3 (Yoast SEO v25.9) - https:\/\/yoast.com\/wordpress\/plugins\/seo\/ -->\n<title>Marzenia si\u0119 spe\u0142niaj\u0105! \u0141zy szcz\u0119\u015bcia na Tour de France - \u0160koda We Love Cycling - Poland<\/title>\n<meta name=\"robots\" content=\"index, follow, max-snippet:-1, max-image-preview:large, max-video-preview:-1\" \/>\n<link rel=\"canonical\" href=\"https:\/\/www.welovecycling.com\/pl\/2022\/07\/25\/marzenia-sie-spelniaja-lzy-szczescia-na-tour-de-france\/\" \/>\n<meta property=\"og:locale\" content=\"pl_PL\" \/>\n<meta property=\"og:type\" content=\"article\" \/>\n<meta property=\"og:title\" content=\"Marzenia si\u0119 spe\u0142niaj\u0105! \u0141zy szcz\u0119\u015bcia na Tour de France\" \/>\n<meta property=\"og:description\" content=\"Spe\u0142ni\u0142 si\u0119 sen Jonasa Vingegaarda (Jumbo Visma), kt\u00f3ry w kapitalnym stylu wygra\u0142 109. Tour de France! \u2013 To dla mnie [&hellip;]\" \/>\n<meta property=\"og:url\" content=\"https:\/\/www.welovecycling.com\/pl\/2022\/07\/25\/marzenia-sie-spelniaja-lzy-szczescia-na-tour-de-france\/\" \/>\n<meta property=\"og:site_name\" content=\"\u0160koda We Love Cycling - Poland\" \/>\n<meta property=\"article:published_time\" content=\"2022-07-25T19:10:48+00:00\" \/>\n<meta property=\"og:image\" content=\"https:\/\/d2p6e6u75xmxt8.cloudfront.net\/5\/2022\/07\/Wout-van-Aert-CVR-profimedia-0709536997.jpg\" \/>\n\t<meta property=\"og:image:width\" content=\"990\" \/>\n\t<meta property=\"og:image:height\" content=\"660\" \/>\n\t<meta property=\"og:image:type\" content=\"image\/jpeg\" \/>\n<meta name=\"author\" content=\"rafal\" \/>\n<meta name=\"twitter:card\" content=\"summary_large_image\" \/>\n<meta name=\"twitter:label1\" content=\"Written by\" \/>\n\t<meta name=\"twitter:data1\" content=\"Piotr Nowik\" \/>\n\t<meta name=\"twitter:label2\" content=\"Est. reading time\" \/>\n\t<meta name=\"twitter:data2\" content=\"3 minutes\" \/>\n<script type=\"application\/ld+json\" class=\"yoast-schema-graph\">{\"@context\":\"https:\/\/schema.org\",\"@graph\":[{\"@type\":\"WebPage\",\"@id\":\"https:\/\/www.welovecycling.com\/pl\/2022\/07\/25\/marzenia-sie-spelniaja-lzy-szczescia-na-tour-de-france\/\",\"url\":\"https:\/\/www.welovecycling.com\/pl\/2022\/07\/25\/marzenia-sie-spelniaja-lzy-szczescia-na-tour-de-france\/\",\"name\":\"Marzenia si\u0119 spe\u0142niaj\u0105! \u0141zy szcz\u0119\u015bcia na Tour de France - \u0160koda We Love Cycling - Poland\",\"isPartOf\":{\"@id\":\"https:\/\/www.welovecycling.com\/pl\/#website\"},\"primaryImageOfPage\":{\"@id\":\"https:\/\/www.welovecycling.com\/pl\/2022\/07\/25\/marzenia-sie-spelniaja-lzy-szczescia-na-tour-de-france\/#primaryimage\"},\"image\":{\"@id\":\"https:\/\/www.welovecycling.com\/pl\/2022\/07\/25\/marzenia-sie-spelniaja-lzy-szczescia-na-tour-de-france\/#primaryimage\"},\"thumbnailUrl\":\"https:\/\/d2p6e6u75xmxt8.cloudfront.net\/5\/2022\/07\/Wout-van-Aert-CVR-profimedia-0709536997.jpg\",\"datePublished\":\"2022-07-25T19:10:48+00:00\",\"author\":{\"@id\":\"https:\/\/www.welovecycling.com\/pl\/#\/schema\/person\/bf06ed916a1ef16618807fb60d2ebe42\"},\"breadcrumb\":{\"@id\":\"https:\/\/www.welovecycling.com\/pl\/2022\/07\/25\/marzenia-sie-spelniaja-lzy-szczescia-na-tour-de-france\/#breadcrumb\"},\"inLanguage\":\"pl-PL\",\"potentialAction\":[{\"@type\":\"ReadAction\",\"target\":[\"https:\/\/www.welovecycling.com\/pl\/2022\/07\/25\/marzenia-sie-spelniaja-lzy-szczescia-na-tour-de-france\/\"]}]},{\"@type\":\"ImageObject\",\"inLanguage\":\"pl-PL\",\"@id\":\"https:\/\/www.welovecycling.com\/pl\/2022\/07\/25\/marzenia-sie-spelniaja-lzy-szczescia-na-tour-de-france\/#primaryimage\",\"url\":\"https:\/\/d2p6e6u75xmxt8.cloudfront.net\/5\/2022\/07\/Wout-van-Aert-CVR-profimedia-0709536997.jpg\",\"contentUrl\":\"https:\/\/d2p6e6u75xmxt8.cloudfront.net\/5\/2022\/07\/Wout-van-Aert-CVR-profimedia-0709536997.jpg\",\"width\":990,\"height\":660},{\"@type\":\"BreadcrumbList\",\"@id\":\"https:\/\/www.welovecycling.com\/pl\/2022\/07\/25\/marzenia-sie-spelniaja-lzy-szczescia-na-tour-de-france\/#breadcrumb\",\"itemListElement\":[{\"@type\":\"ListItem\",\"position\":1,\"name\":\"Home\",\"item\":\"https:\/\/www.welovecycling.com\/pl\/\"},{\"@type\":\"ListItem\",\"position\":2,\"name\":\"Marzenia si\u0119 spe\u0142niaj\u0105! \u0141zy szcz\u0119\u015bcia na Tour de France\"}]},{\"@type\":\"WebSite\",\"@id\":\"https:\/\/www.welovecycling.com\/pl\/#website\",\"url\":\"https:\/\/www.welovecycling.com\/pl\/\",\"name\":\"\u0160koda We Love Cycling - Poland\",\"description\":\"\",\"potentialAction\":[{\"@type\":\"SearchAction\",\"target\":{\"@type\":\"EntryPoint\",\"urlTemplate\":\"https:\/\/www.welovecycling.com\/pl\/?s={search_term_string}\"},\"query-input\":{\"@type\":\"PropertyValueSpecification\",\"valueRequired\":true,\"valueName\":\"search_term_string\"}}],\"inLanguage\":\"pl-PL\"},{\"@type\":\"Person\",\"@id\":\"https:\/\/www.welovecycling.com\/pl\/#\/schema\/person\/bf06ed916a1ef16618807fb60d2ebe42\",\"name\":\"rafal\",\"image\":{\"@type\":\"ImageObject\",\"inLanguage\":\"pl-PL\",\"@id\":\"https:\/\/www.welovecycling.com\/pl\/#\/schema\/person\/image\/\",\"url\":\"https:\/\/secure.gravatar.com\/avatar\/203f240e63bee214f6f3a0dacbeb600c7829c09716c2b9ee3230c6961debcde2?s=96&d=mm&r=g\",\"contentUrl\":\"https:\/\/secure.gravatar.com\/avatar\/203f240e63bee214f6f3a0dacbeb600c7829c09716c2b9ee3230c6961debcde2?s=96&d=mm&r=g\",\"caption\":\"rafal\"},\"url\":\"https:\/\/www.welovecycling.com\/pl\/author\/rafal\/\"}]}<\/script>\n<!-- \/ Yoast SEO Premium plugin. -->","yoast_head_json":{"title":"Marzenia si\u0119 spe\u0142niaj\u0105! \u0141zy szcz\u0119\u015bcia na Tour de France - \u0160koda We Love Cycling - Poland","robots":{"index":"index","follow":"follow","max-snippet":"max-snippet:-1","max-image-preview":"max-image-preview:large","max-video-preview":"max-video-preview:-1"},"canonical":"https:\/\/www.welovecycling.com\/pl\/2022\/07\/25\/marzenia-sie-spelniaja-lzy-szczescia-na-tour-de-france\/","og_locale":"pl_PL","og_type":"article","og_title":"Marzenia si\u0119 spe\u0142niaj\u0105! \u0141zy szcz\u0119\u015bcia na Tour de France","og_description":"Spe\u0142ni\u0142 si\u0119 sen Jonasa Vingegaarda (Jumbo Visma), kt\u00f3ry w kapitalnym stylu wygra\u0142 109. Tour de France! \u2013 To dla mnie [&hellip;]","og_url":"https:\/\/www.welovecycling.com\/pl\/2022\/07\/25\/marzenia-sie-spelniaja-lzy-szczescia-na-tour-de-france\/","og_site_name":"\u0160koda We Love Cycling - Poland","article_published_time":"2022-07-25T19:10:48+00:00","og_image":[{"width":990,"height":660,"url":"https:\/\/d2p6e6u75xmxt8.cloudfront.net\/5\/2022\/07\/Wout-van-Aert-CVR-profimedia-0709536997.jpg","type":"image\/jpeg"}],"author":"rafal","twitter_card":"summary_large_image","twitter_misc":{"Written by":"Piotr Nowik","Est. reading time":"3 minutes"},"schema":{"@context":"https:\/\/schema.org","@graph":[{"@type":"WebPage","@id":"https:\/\/www.welovecycling.com\/pl\/2022\/07\/25\/marzenia-sie-spelniaja-lzy-szczescia-na-tour-de-france\/","url":"https:\/\/www.welovecycling.com\/pl\/2022\/07\/25\/marzenia-sie-spelniaja-lzy-szczescia-na-tour-de-france\/","name":"Marzenia si\u0119 spe\u0142niaj\u0105! \u0141zy szcz\u0119\u015bcia na Tour de France - \u0160koda We Love Cycling - Poland","isPartOf":{"@id":"https:\/\/www.welovecycling.com\/pl\/#website"},"primaryImageOfPage":{"@id":"https:\/\/www.welovecycling.com\/pl\/2022\/07\/25\/marzenia-sie-spelniaja-lzy-szczescia-na-tour-de-france\/#primaryimage"},"image":{"@id":"https:\/\/www.welovecycling.com\/pl\/2022\/07\/25\/marzenia-sie-spelniaja-lzy-szczescia-na-tour-de-france\/#primaryimage"},"thumbnailUrl":"https:\/\/d2p6e6u75xmxt8.cloudfront.net\/5\/2022\/07\/Wout-van-Aert-CVR-profimedia-0709536997.jpg","datePublished":"2022-07-25T19:10:48+00:00","author":{"@id":"https:\/\/www.welovecycling.com\/pl\/#\/schema\/person\/bf06ed916a1ef16618807fb60d2ebe42"},"breadcrumb":{"@id":"https:\/\/www.welovecycling.com\/pl\/2022\/07\/25\/marzenia-sie-spelniaja-lzy-szczescia-na-tour-de-france\/#breadcrumb"},"inLanguage":"pl-PL","potentialAction":[{"@type":"ReadAction","target":["https:\/\/www.welovecycling.com\/pl\/2022\/07\/25\/marzenia-sie-spelniaja-lzy-szczescia-na-tour-de-france\/"]}]},{"@type":"ImageObject","inLanguage":"pl-PL","@id":"https:\/\/www.welovecycling.com\/pl\/2022\/07\/25\/marzenia-sie-spelniaja-lzy-szczescia-na-tour-de-france\/#primaryimage","url":"https:\/\/d2p6e6u75xmxt8.cloudfront.net\/5\/2022\/07\/Wout-van-Aert-CVR-profimedia-0709536997.jpg","contentUrl":"https:\/\/d2p6e6u75xmxt8.cloudfront.net\/5\/2022\/07\/Wout-van-Aert-CVR-profimedia-0709536997.jpg","width":990,"height":660},{"@type":"BreadcrumbList","@id":"https:\/\/www.welovecycling.com\/pl\/2022\/07\/25\/marzenia-sie-spelniaja-lzy-szczescia-na-tour-de-france\/#breadcrumb","itemListElement":[{"@type":"ListItem","position":1,"name":"Home","item":"https:\/\/www.welovecycling.com\/pl\/"},{"@type":"ListItem","position":2,"name":"Marzenia si\u0119 spe\u0142niaj\u0105! \u0141zy szcz\u0119\u015bcia na Tour de France"}]},{"@type":"WebSite","@id":"https:\/\/www.welovecycling.com\/pl\/#website","url":"https:\/\/www.welovecycling.com\/pl\/","name":"\u0160koda We Love Cycling - Poland","description":"","potentialAction":[{"@type":"SearchAction","target":{"@type":"EntryPoint","urlTemplate":"https:\/\/www.welovecycling.com\/pl\/?s={search_term_string}"},"query-input":{"@type":"PropertyValueSpecification","valueRequired":true,"valueName":"search_term_string"}}],"inLanguage":"pl-PL"},{"@type":"Person","@id":"https:\/\/www.welovecycling.com\/pl\/#\/schema\/person\/bf06ed916a1ef16618807fb60d2ebe42","name":"rafal","image":{"@type":"ImageObject","inLanguage":"pl-PL","@id":"https:\/\/www.welovecycling.com\/pl\/#\/schema\/person\/image\/","url":"https:\/\/secure.gravatar.com\/avatar\/203f240e63bee214f6f3a0dacbeb600c7829c09716c2b9ee3230c6961debcde2?s=96&d=mm&r=g","contentUrl":"https:\/\/secure.gravatar.com\/avatar\/203f240e63bee214f6f3a0dacbeb600c7829c09716c2b9ee3230c6961debcde2?s=96&d=mm&r=g","caption":"rafal"},"url":"https:\/\/www.welovecycling.com\/pl\/author\/rafal\/"}]}},"_links":{"self":[{"href":"https:\/\/www.welovecycling.com\/pl\/wp-json\/wp\/v2\/posts\/13071","targetHints":{"allow":["GET"]}}],"collection":[{"href":"https:\/\/www.welovecycling.com\/pl\/wp-json\/wp\/v2\/posts"}],"about":[{"href":"https:\/\/www.welovecycling.com\/pl\/wp-json\/wp\/v2\/types\/post"}],"author":[{"embeddable":true,"href":"https:\/\/www.welovecycling.com\/pl\/wp-json\/wp\/v2\/users\/153"}],"replies":[{"embeddable":true,"href":"https:\/\/www.welovecycling.com\/pl\/wp-json\/wp\/v2\/comments?post=13071"}],"version-history":[{"count":2,"href":"https:\/\/www.welovecycling.com\/pl\/wp-json\/wp\/v2\/posts\/13071\/revisions"}],"predecessor-version":[{"id":13082,"href":"https:\/\/www.welovecycling.com\/pl\/wp-json\/wp\/v2\/posts\/13071\/revisions\/13082"}],"wp:featuredmedia":[{"embeddable":true,"href":"https:\/\/www.welovecycling.com\/pl\/wp-json\/wp\/v2\/media\/13080"}],"wp:attachment":[{"href":"https:\/\/www.welovecycling.com\/pl\/wp-json\/wp\/v2\/media?parent=13071"}],"wp:term":[{"taxonomy":"category","embeddable":true,"href":"https:\/\/www.welovecycling.com\/pl\/wp-json\/wp\/v2\/categories?post=13071"},{"taxonomy":"post_tag","embeddable":true,"href":"https:\/\/www.welovecycling.com\/pl\/wp-json\/wp\/v2\/tags?post=13071"},{"taxonomy":"global-categories","embeddable":true,"href":"https:\/\/www.welovecycling.com\/pl\/wp-json\/wp\/v2\/global-categories?post=13071"}],"curies":[{"name":"wp","href":"https:\/\/api.w.org\/{rel}","templated":true}]}}