{"id":13062,"date":"2022-07-22T15:00:19","date_gmt":"2022-07-22T15:00:19","guid":{"rendered":"https:\/\/www.welovecycling.com\/pl\/?p=13062"},"modified":"2022-07-22T15:00:19","modified_gmt":"2022-07-22T15:00:19","slug":"piekna-strona-kolarstwa-niezwykly-gest-podczas-tour-de-france","status":"publish","type":"post","link":"https:\/\/www.welovecycling.com\/pl\/2022\/07\/22\/piekna-strona-kolarstwa-niezwykly-gest-podczas-tour-de-france\/","title":{"rendered":"Pi\u0119kna strona kolarstwa! Niezwyk\u0142y gest podczas Tour de France"},"content":{"rendered":"<p><strong>Jonas Vingegaard (Jumbo Visma) jest krok od wygrania Tour de France. Zanim jednak peleton dojedzie do mety w Pary\u017cu, Du\u0144czyk ju\u017c mo\u017ce czu\u0107 si\u0119 moralnym zwyci\u0119zc\u0105.<\/strong><\/p>\n<p>Je\u015bli kto\u015b jeszcze zastanawia\u0142 si\u0119, czemu to Tour de France uwa\u017cany jest za najwi\u0119kszy i najbardziej emocjonuj\u0105cy wy\u015bcig \u015bwiata, to w ostatnich dniach otrzyma\u0142 odpowied\u017a. Faworyt Tadej Pogacar (UAE Team Emirates) straci\u0142 prowadzenie po niesamowitej szar\u017cy Vingegaarda, a teraz Du\u0144czyk codziennie odpiera jego ataki. Przy tym wszystkim nie zapomina jednak o najwa\u017cniejszym \u2013 duchu fair play.<\/p>\n<div class=\"embed-controller-wrapper\">\n<blockquote class=\"twitter-tweet\" data-width=\"500\" data-dnt=\"true\">\n<p lang=\"en\" dir=\"ltr\">\ud83d\ude0d PIC OF THE DAY \ud83d\ude0d<br \/>by <a href=\"https:\/\/twitter.com\/century21fr?ref_src=twsrc%5Etfw\">@century21fr<\/a> <br \/> <a href=\"https:\/\/twitter.com\/hashtag\/TDF2022?src=hash&amp;ref_src=twsrc%5Etfw\">#TDF2022<\/a><\/p>\n<p>\ud83d\udcf8 A.S.O. \/ Ashley &amp; Jered Gruber <a href=\"https:\/\/t.co\/RV53ZMLGkZ\">pic.twitter.com\/RV53ZMLGkZ<\/a><\/p>\n<p>&mdash; Tour de France\u2122 (@LeTour) <a href=\"https:\/\/twitter.com\/LeTour\/status\/1550211343613325312?ref_src=twsrc%5Etfw\">July 21, 2022<\/a><\/p><\/blockquote>\n<p><script async data-src=\"https:\/\/platform.twitter.com\/widgets.js\" charset=\"utf-8\"><\/script><\/div>\n<h2><strong>Wygrana obiecana c\u00f3rce i partnerce<\/strong><\/h2>\n<p>Pogacar zosta\u0142 zaskoczony przez Vingegaarda na 11. etapie i od tamtej pory pr\u00f3buje si\u0119 odgry\u017a\u0107, by odzyska\u0107 prowadzenie w klasyfikacji generalnej. Sprawa by\u0142a jednak bardzo trudna, a skomplikowa\u0142a si\u0119 jeszcze mocniej, gdy z wy\u015bcigu zacz\u0119li odpada\u0107 kolejni jego pomocnicy. Dzi\u015b poza trasami Wielkiej P\u0119tli jest ju\u017c czterech kolarzy UEA Team Emirates, w tym Rafa\u0142 Majka, kt\u00f3ry musia\u0142 zrezygnowa\u0107 z powodu kontuzji.<\/p>\n<p>Mimo to Pogacar nie odpuszcza\u0142 i swoich szans szuka\u0142 na ostatnich g\u00f3rskich etapach. Wygra\u0142 w \u015brod\u0119, gdy najszybciej przejecha\u0142 z Saint-Gaudens do Peyragudes, tyle \u017ce Du\u0144czyk wpad\u0142 na met\u0119 tu\u017c za nim. Z kolei dzie\u0144 p\u00f3\u017aniej role si\u0119 odwr\u00f3ci\u0142y i to Vingegaard wygra\u0142 etap przed Pogacarem, ale ju\u017c z ponad minut\u0105 przewagi i tym samym zdecydowanie umocni\u0142 si\u0119 na pozycji lidera.<\/p>\n<div class=\"embed-controller-wrapper\">\n<blockquote class=\"twitter-tweet\" data-width=\"500\" data-dnt=\"true\">\n<p lang=\"nl\" dir=\"ltr\">\ud83c\udfc6\ud83d\udc9b Jonas Vingegaard wins in Yellow in Hautacam!<\/p>\n<p>\ud83c\udfc6\ud83d\udc9b Jonas Vingegaard s\u2019impose en Jaune \u00e0 Hautacam !<a href=\"https:\/\/twitter.com\/hashtag\/TDF2022?src=hash&amp;ref_src=twsrc%5Etfw\">#TDF2022<\/a> <a href=\"https:\/\/t.co\/82pWZPs0ZO\">pic.twitter.com\/82pWZPs0ZO<\/a><\/p>\n<p>&mdash; Tour de France\u2122 (@LeTour) <a href=\"https:\/\/twitter.com\/LeTour\/status\/1550143273112584194?ref_src=twsrc%5Etfw\">July 21, 2022<\/a><\/p><\/blockquote>\n<p><script async data-src=\"https:\/\/platform.twitter.com\/widgets.js\" charset=\"utf-8\"><\/script><\/div>\n<p>\u2013 To niesamowite! Rano powiedzia\u0142em partnerce i c\u00f3rce, \u017ce chc\u0119 wygra\u0107 dla nich etap, wi\u0119c jestem dumny i szcz\u0119\u015bliwy, \u017ce uda\u0142o mi si\u0119 to zrealizowa\u0107 \u2013 cieszy\u0142 si\u0119 na mecie Du\u0144czyk.<\/p>\n<h2><strong>Pi\u0119kne zachowanie lidera<\/strong><\/h2>\n<p>Podczas czwartkowego \u015bcigania dosz\u0142o do sytuacji, kt\u00f3ra powinna by\u0107 pokazywana nie tylko pasjonatom kolarstwa, ale wszystkim sportowcom. Podczas zjazdu Pogacar \u017ale zaatakowa\u0142 jeden z zakr\u0119t\u00f3w i upad\u0142. W tej sytuacji Vingegaard m\u00f3g\u0142 nacisn\u0105\u0107 na peda\u0142y i pokaza\u0107 swojemu najwi\u0119kszemu rywalowi plecy, tymczasem\u2026 poczeka\u0142 na S\u0142owe\u0144ca!<\/p>\n<div class=\"embed-controller-wrapper\">\n<blockquote class=\"twitter-tweet\" data-width=\"500\" data-dnt=\"true\">\n<p lang=\"pl\" dir=\"ltr\">\u2764\ufe0f\ud83e\udd1d\u2764\ufe0f<\/p>\n<p>Rywalizacja rywalizacj\u0105, ale fair play jest najwa\u017cniejsze<br \/>Tadej Pogaczar le\u017ca\u0142 \u27a1\ufe0f Jonas Vingegaard zaczeka\u0142<a href=\"https:\/\/twitter.com\/hashtag\/TDF2022?src=hash&amp;ref_src=twsrc%5Etfw\">#TDF2022<\/a> <a href=\"https:\/\/twitter.com\/hashtag\/HomeOfCycling?src=hash&amp;ref_src=twsrc%5Etfw\">#HomeOfCycling<\/a> <a href=\"https:\/\/t.co\/oUmuBAZ34c\">pic.twitter.com\/oUmuBAZ34c<\/a><\/p>\n<p>&mdash; Eurosport Polska (@Eurosport_PL) <a href=\"https:\/\/twitter.com\/Eurosport_PL\/status\/1550131701510053888?ref_src=twsrc%5Etfw\">July 21, 2022<\/a><\/p><\/blockquote>\n<p><script async data-src=\"https:\/\/platform.twitter.com\/widgets.js\" charset=\"utf-8\"><\/script><\/div>\n<p>\u2013 To co\u015b niesamowitego, pi\u0119knie si\u0119 lider zachowa\u0142 \u2013 przyzna\u0142 na antenie Eurosportu Dariusz Baranowski, by\u0142y \u015bwietny polski kolarz.<\/p>\n<p>Z kolei zaraz po etapie Pogacar by\u0142 jednym z pierwszych, kt\u00f3ry pogratulowa\u0142 Vingegaardowi zwyci\u0119stwa.<\/p>\n<div class=\"embed-controller-wrapper\">\n<blockquote class=\"twitter-tweet\" data-width=\"500\" data-dnt=\"true\">\n<p lang=\"en\" dir=\"ltr\">A wounded <a href=\"https:\/\/twitter.com\/TamauPogi?ref_src=twsrc%5Etfw\">@TamauPogi<\/a> congratulating Vingegaard \ud83e\udd0d\ud83d\udc9b <a href=\"https:\/\/twitter.com\/hashtag\/TDF2022?src=hash&amp;ref_src=twsrc%5Etfw\">#TDF2022<\/a> <a href=\"https:\/\/t.co\/gC5K1PB4mv\">pic.twitter.com\/gC5K1PB4mv<\/a><\/p>\n<p>&mdash; @UAE-TeamEmirates (@TeamEmiratesUAE) <a href=\"https:\/\/twitter.com\/TeamEmiratesUAE\/status\/1550185173240762368?ref_src=twsrc%5Etfw\">July 21, 2022<\/a><\/p><\/blockquote>\n<p><script async data-src=\"https:\/\/platform.twitter.com\/widgets.js\" charset=\"utf-8\"><\/script><\/div>\n<h2><strong>\u201ePorozmawiamy za dwa dni\u201d<\/strong><\/h2>\n<p>Dzi\u0119ki czwartkowej wygranej Du\u0144czyk ma ju\u017c ponad trzy minuty przewagi nad S\u0142owe\u0144cem, co niemal zapewnia mu wygran\u0105 w tegorocznym Tour de France. Do rozegrania zosta\u0142y bowiem tylko pi\u0105tkowy p\u0142aski etap z Castelnau-Magnoac do Cahors, sobotnia czas\u00f3wka z Lacapelle-Marival do Rocamadour oraz niedzielny etap przyja\u017ani ulicami Pary\u017ca. Mimo to Vingegaard woli dmucha\u0107 na zimne.<\/p>\n<p>\u2013 Nie chc\u0119 jeszcze m\u00f3wi\u0107 o zwyci\u0119stwie w Tour de France. Porozmawiamy o tym za dwa dni \u2013 podkre\u015bli\u0142 lider klasyfikacji generalnej.<\/p>\n<p>W niedziel\u0119 w ekipie Jumbo Visma zanosi si\u0119 na wi\u0119ksze \u015bwi\u0119towanie, poniewa\u017c zdecydowanym liderem klasyfikacji punktowej jest inny zawodnik tego zespo\u0142u, Wout van Aert, kt\u00f3ry teraz musi tylko dowie\u017a\u0107 zielon\u0105 koszulk\u0119 do mety w Pary\u017cu. Jakby tego by\u0142o ma\u0142o, liderem w\u015br\u00f3d g\u00f3rali jest Vingegaard, a Pogacar na otarcie \u0142ez jedzie w bia\u0142ej koszulce dla najlepszego m\u0142odzie\u017cowca. Z kolei najlepszym zespo\u0142em na razie jest Ineos Grenadiers.<\/p>\n<div class=\"embed-controller-wrapper\">\n<blockquote class=\"twitter-tweet\" data-width=\"500\" data-dnt=\"true\">\n<p lang=\"fr\" dir=\"ltr\">\ud83c\udfc6 Jerseys and rankings after stage 18<\/p>\n<p>\ud83c\udfc6 Maillots distinctifs et classement apr\u00e8s l&#39;\u00e9tape 18<a href=\"https:\/\/twitter.com\/hashtag\/TDF2022?src=hash&amp;ref_src=twsrc%5Etfw\">#TDF2022<\/a> <a href=\"https:\/\/t.co\/R9RxqW0Q9d\">pic.twitter.com\/R9RxqW0Q9d<\/a><\/p>\n<p>&mdash; Tour de France\u2122 (@LeTour) <a href=\"https:\/\/twitter.com\/LeTour\/status\/1550162937167364096?ref_src=twsrc%5Etfw\">July 21, 2022<\/a><\/p><\/blockquote>\n<p><script async data-src=\"https:\/\/platform.twitter.com\/widgets.js\" charset=\"utf-8\"><\/script><\/div>\n<h2><strong>Panie przygotowuj\u0105 si\u0119 do startu<\/strong><\/h2>\n<p>Najlepsi zawodnicy \u015bwiata powoli doje\u017cd\u017caj\u0105 do mety w Pary\u017cu, tymczasem do startu w Tour de France Femmes przygotowuj\u0105 si\u0119 kobiety. Rozpoczn\u0105 \u015bciganie w niedziel\u0119 w stolicy Francji, a zako\u0144cz\u0105 tydzie\u0144 p\u00f3\u017aniej na La Planche des Belles Filles.<\/p>\n<p>Start w Tour de France Femmes potwierdzi\u0142a ju\u017c Katarzyna Niewiadoma (Canyon-SRAM).<\/p>\n<p>\u2013 Licz\u0119 na dobry wynik. Przygotowywa\u0142am si\u0119 do tego wy\u015bcigu przez pi\u0119\u0107 tygodni i czuj\u0119, \u017ce to b\u0119dzie co\u015b niesamowitego \u2013 podkre\u015bli\u0142a Polka w rozmowie z Cyclingnews.com.<\/p>\n<div class=\"embed-controller-wrapper\">\n<blockquote class=\"twitter-tweet\" data-width=\"500\" data-dnt=\"true\">\n<p lang=\"fr\" dir=\"ltr\">We&#39;re proud to confirm our team for <a href=\"https:\/\/twitter.com\/LeTourFemmes?ref_src=twsrc%5Etfw\">@LeTourFemmes<\/a> avec <a href=\"https:\/\/twitter.com\/GoZwift?ref_src=twsrc%5Etfw\">@GoZwift<\/a>.<\/p>\n<p>A strong, experienced, versatile lineup to handle the demands of a race from the Champs-\u00c9lys\u00e9es to La Super Planche des Belles Filles \ud83c\uddeb\ud83c\uddf7<\/p>\n<p>Read about our ambitions: <a href=\"https:\/\/t.co\/WfhjrfsUY7\">https:\/\/t.co\/WfhjrfsUY7<\/a><a href=\"https:\/\/twitter.com\/hashtag\/TDFF?src=hash&amp;ref_src=twsrc%5Etfw\">#TDFF<\/a> <a href=\"https:\/\/t.co\/fk3vbxQeK0\">pic.twitter.com\/fk3vbxQeK0<\/a><\/p>\n<p>&mdash; CANYON\/\/SRAM Racing &amp; CANYON\/\/SRAM Generation (@WMNcycling) <a href=\"https:\/\/twitter.com\/WMNcycling\/status\/1549062225507192832?ref_src=twsrc%5Etfw\">July 18, 2022<\/a><\/p><\/blockquote>\n<p><script async data-src=\"https:\/\/platform.twitter.com\/widgets.js\" charset=\"utf-8\"><\/script><\/div>\n<h2><\/h2>\n<p><span data-sheets-value=\"{&quot;1&quot;:2,&quot;2&quot;:&quot;Artyku\u0142 powsta\u0142 we wsp\u00f3\u0142pracy ze skoda-auto.pl&quot;}\" data-sheets-userformat=\"{&quot;2&quot;:1,&quot;3&quot;:{&quot;1&quot;:0}}\" data-sheets-hyperlink=\"http:\/\/www.skoda-auto.pl\/\"><a class=\"in-cell-link\" href=\"http:\/\/www.skoda-auto.pl\/\" target=\"_blank\" rel=\"noopener noreferrer\">Artyku\u0142 powsta\u0142 we wsp\u00f3\u0142pracy ze skoda-auto.pl<\/a><\/span><\/p>\n<p><a href=\"https:\/\/www.skoda-auto.pl\/modele\/nowa-octavia\"><img loading=\"lazy\" decoding=\"async\" class=\"alignnone size-full wp-image-11630 aligncenter\" src=\"https:\/\/d2p6e6u75xmxt8.cloudfront.net\/5\/2021\/12\/640x350-1.jpg\" alt=\"\" width=\"640\" height=\"350\" srcset=\"https:\/\/d2p6e6u75xmxt8.cloudfront.net\/5\/2021\/12\/640x350-1.jpg 640w, https:\/\/d2p6e6u75xmxt8.cloudfront.net\/5\/2021\/12\/640x350-1-300x164.jpg 300w\" sizes=\"auto, (max-width: 640px) 100vw, 640px\" \/><\/a><\/p>\n","protected":false},"excerpt":{"rendered":"<p>Jonas Vingegaard (Jumbo Visma) jest krok od wygrania Tour de France. Zanim jednak peleton dojedzie do mety w Pary\u017cu, Du\u0144czyk [&hellip;]<\/p>\n","protected":false},"author":153,"featured_media":13069,"comment_status":"open","ping_status":"open","sticky":false,"template":"","format":"standard","meta":{"footnotes":""},"categories":[364],"tags":[362,366],"global-categories":[303],"class_list":["post-13062","post","type-post","status-publish","format-standard","has-post-thumbnail","hentry","category-tour-de-france-2022","tag-piotr-nowik","tag-tour-de-france-2022","global-categories-cycling"],"yoast_head":"<!-- This site is optimized with the Yoast SEO Premium plugin v25.3 (Yoast SEO v25.9) - https:\/\/yoast.com\/wordpress\/plugins\/seo\/ -->\n<title>Pi\u0119kna strona kolarstwa! Niezwyk\u0142y gest podczas Tour de France - \u0160koda We Love Cycling - Poland<\/title>\n<meta name=\"robots\" content=\"index, follow, max-snippet:-1, max-image-preview:large, max-video-preview:-1\" \/>\n<link rel=\"canonical\" href=\"https:\/\/www.welovecycling.com\/pl\/2022\/07\/22\/piekna-strona-kolarstwa-niezwykly-gest-podczas-tour-de-france\/\" \/>\n<meta property=\"og:locale\" content=\"pl_PL\" \/>\n<meta property=\"og:type\" content=\"article\" \/>\n<meta property=\"og:title\" content=\"Pi\u0119kna strona kolarstwa! Niezwyk\u0142y gest podczas Tour de France\" \/>\n<meta property=\"og:description\" content=\"Jonas Vingegaard (Jumbo Visma) jest krok od wygrania Tour de France. Zanim jednak peleton dojedzie do mety w Pary\u017cu, Du\u0144czyk [&hellip;]\" \/>\n<meta property=\"og:url\" content=\"https:\/\/www.welovecycling.com\/pl\/2022\/07\/22\/piekna-strona-kolarstwa-niezwykly-gest-podczas-tour-de-france\/\" \/>\n<meta property=\"og:site_name\" content=\"\u0160koda We Love Cycling - Poland\" \/>\n<meta property=\"article:published_time\" content=\"2022-07-22T15:00:19+00:00\" \/>\n<meta property=\"og:image\" content=\"https:\/\/d2p6e6u75xmxt8.cloudfront.net\/5\/2022\/07\/Wout-van-Aert-profimedia-0708848513-CVR.jpg\" \/>\n\t<meta property=\"og:image:width\" content=\"990\" \/>\n\t<meta property=\"og:image:height\" content=\"660\" \/>\n\t<meta property=\"og:image:type\" content=\"image\/jpeg\" \/>\n<meta name=\"author\" content=\"rafal\" \/>\n<meta name=\"twitter:card\" content=\"summary_large_image\" \/>\n<meta name=\"twitter:label1\" content=\"Written by\" \/>\n\t<meta name=\"twitter:data1\" content=\"Piotr Nowik\" \/>\n\t<meta name=\"twitter:label2\" content=\"Est. reading time\" \/>\n\t<meta name=\"twitter:data2\" content=\"3 minutes\" \/>\n<script type=\"application\/ld+json\" class=\"yoast-schema-graph\">{\"@context\":\"https:\/\/schema.org\",\"@graph\":[{\"@type\":\"WebPage\",\"@id\":\"https:\/\/www.welovecycling.com\/pl\/2022\/07\/22\/piekna-strona-kolarstwa-niezwykly-gest-podczas-tour-de-france\/\",\"url\":\"https:\/\/www.welovecycling.com\/pl\/2022\/07\/22\/piekna-strona-kolarstwa-niezwykly-gest-podczas-tour-de-france\/\",\"name\":\"Pi\u0119kna strona kolarstwa! Niezwyk\u0142y gest podczas Tour de France - \u0160koda We Love Cycling - Poland\",\"isPartOf\":{\"@id\":\"https:\/\/www.welovecycling.com\/pl\/#website\"},\"primaryImageOfPage\":{\"@id\":\"https:\/\/www.welovecycling.com\/pl\/2022\/07\/22\/piekna-strona-kolarstwa-niezwykly-gest-podczas-tour-de-france\/#primaryimage\"},\"image\":{\"@id\":\"https:\/\/www.welovecycling.com\/pl\/2022\/07\/22\/piekna-strona-kolarstwa-niezwykly-gest-podczas-tour-de-france\/#primaryimage\"},\"thumbnailUrl\":\"https:\/\/d2p6e6u75xmxt8.cloudfront.net\/5\/2022\/07\/Wout-van-Aert-profimedia-0708848513-CVR.jpg\",\"datePublished\":\"2022-07-22T15:00:19+00:00\",\"author\":{\"@id\":\"https:\/\/www.welovecycling.com\/pl\/#\/schema\/person\/bf06ed916a1ef16618807fb60d2ebe42\"},\"breadcrumb\":{\"@id\":\"https:\/\/www.welovecycling.com\/pl\/2022\/07\/22\/piekna-strona-kolarstwa-niezwykly-gest-podczas-tour-de-france\/#breadcrumb\"},\"inLanguage\":\"pl-PL\",\"potentialAction\":[{\"@type\":\"ReadAction\",\"target\":[\"https:\/\/www.welovecycling.com\/pl\/2022\/07\/22\/piekna-strona-kolarstwa-niezwykly-gest-podczas-tour-de-france\/\"]}]},{\"@type\":\"ImageObject\",\"inLanguage\":\"pl-PL\",\"@id\":\"https:\/\/www.welovecycling.com\/pl\/2022\/07\/22\/piekna-strona-kolarstwa-niezwykly-gest-podczas-tour-de-france\/#primaryimage\",\"url\":\"https:\/\/d2p6e6u75xmxt8.cloudfront.net\/5\/2022\/07\/Wout-van-Aert-profimedia-0708848513-CVR.jpg\",\"contentUrl\":\"https:\/\/d2p6e6u75xmxt8.cloudfront.net\/5\/2022\/07\/Wout-van-Aert-profimedia-0708848513-CVR.jpg\",\"width\":990,\"height\":660},{\"@type\":\"BreadcrumbList\",\"@id\":\"https:\/\/www.welovecycling.com\/pl\/2022\/07\/22\/piekna-strona-kolarstwa-niezwykly-gest-podczas-tour-de-france\/#breadcrumb\",\"itemListElement\":[{\"@type\":\"ListItem\",\"position\":1,\"name\":\"Home\",\"item\":\"https:\/\/www.welovecycling.com\/pl\/\"},{\"@type\":\"ListItem\",\"position\":2,\"name\":\"Pi\u0119kna strona kolarstwa! Niezwyk\u0142y gest podczas Tour de France\"}]},{\"@type\":\"WebSite\",\"@id\":\"https:\/\/www.welovecycling.com\/pl\/#website\",\"url\":\"https:\/\/www.welovecycling.com\/pl\/\",\"name\":\"\u0160koda We Love Cycling - Poland\",\"description\":\"\",\"potentialAction\":[{\"@type\":\"SearchAction\",\"target\":{\"@type\":\"EntryPoint\",\"urlTemplate\":\"https:\/\/www.welovecycling.com\/pl\/?s={search_term_string}\"},\"query-input\":{\"@type\":\"PropertyValueSpecification\",\"valueRequired\":true,\"valueName\":\"search_term_string\"}}],\"inLanguage\":\"pl-PL\"},{\"@type\":\"Person\",\"@id\":\"https:\/\/www.welovecycling.com\/pl\/#\/schema\/person\/bf06ed916a1ef16618807fb60d2ebe42\",\"name\":\"rafal\",\"image\":{\"@type\":\"ImageObject\",\"inLanguage\":\"pl-PL\",\"@id\":\"https:\/\/www.welovecycling.com\/pl\/#\/schema\/person\/image\/\",\"url\":\"https:\/\/secure.gravatar.com\/avatar\/203f240e63bee214f6f3a0dacbeb600c7829c09716c2b9ee3230c6961debcde2?s=96&d=mm&r=g\",\"contentUrl\":\"https:\/\/secure.gravatar.com\/avatar\/203f240e63bee214f6f3a0dacbeb600c7829c09716c2b9ee3230c6961debcde2?s=96&d=mm&r=g\",\"caption\":\"rafal\"},\"url\":\"https:\/\/www.welovecycling.com\/pl\/author\/rafal\/\"}]}<\/script>\n<!-- \/ Yoast SEO Premium plugin. -->","yoast_head_json":{"title":"Pi\u0119kna strona kolarstwa! Niezwyk\u0142y gest podczas Tour de France - \u0160koda We Love Cycling - Poland","robots":{"index":"index","follow":"follow","max-snippet":"max-snippet:-1","max-image-preview":"max-image-preview:large","max-video-preview":"max-video-preview:-1"},"canonical":"https:\/\/www.welovecycling.com\/pl\/2022\/07\/22\/piekna-strona-kolarstwa-niezwykly-gest-podczas-tour-de-france\/","og_locale":"pl_PL","og_type":"article","og_title":"Pi\u0119kna strona kolarstwa! Niezwyk\u0142y gest podczas Tour de France","og_description":"Jonas Vingegaard (Jumbo Visma) jest krok od wygrania Tour de France. Zanim jednak peleton dojedzie do mety w Pary\u017cu, Du\u0144czyk [&hellip;]","og_url":"https:\/\/www.welovecycling.com\/pl\/2022\/07\/22\/piekna-strona-kolarstwa-niezwykly-gest-podczas-tour-de-france\/","og_site_name":"\u0160koda We Love Cycling - Poland","article_published_time":"2022-07-22T15:00:19+00:00","og_image":[{"width":990,"height":660,"url":"https:\/\/d2p6e6u75xmxt8.cloudfront.net\/5\/2022\/07\/Wout-van-Aert-profimedia-0708848513-CVR.jpg","type":"image\/jpeg"}],"author":"rafal","twitter_card":"summary_large_image","twitter_misc":{"Written by":"Piotr Nowik","Est. reading time":"3 minutes"},"schema":{"@context":"https:\/\/schema.org","@graph":[{"@type":"WebPage","@id":"https:\/\/www.welovecycling.com\/pl\/2022\/07\/22\/piekna-strona-kolarstwa-niezwykly-gest-podczas-tour-de-france\/","url":"https:\/\/www.welovecycling.com\/pl\/2022\/07\/22\/piekna-strona-kolarstwa-niezwykly-gest-podczas-tour-de-france\/","name":"Pi\u0119kna strona kolarstwa! Niezwyk\u0142y gest podczas Tour de France - \u0160koda We Love Cycling - Poland","isPartOf":{"@id":"https:\/\/www.welovecycling.com\/pl\/#website"},"primaryImageOfPage":{"@id":"https:\/\/www.welovecycling.com\/pl\/2022\/07\/22\/piekna-strona-kolarstwa-niezwykly-gest-podczas-tour-de-france\/#primaryimage"},"image":{"@id":"https:\/\/www.welovecycling.com\/pl\/2022\/07\/22\/piekna-strona-kolarstwa-niezwykly-gest-podczas-tour-de-france\/#primaryimage"},"thumbnailUrl":"https:\/\/d2p6e6u75xmxt8.cloudfront.net\/5\/2022\/07\/Wout-van-Aert-profimedia-0708848513-CVR.jpg","datePublished":"2022-07-22T15:00:19+00:00","author":{"@id":"https:\/\/www.welovecycling.com\/pl\/#\/schema\/person\/bf06ed916a1ef16618807fb60d2ebe42"},"breadcrumb":{"@id":"https:\/\/www.welovecycling.com\/pl\/2022\/07\/22\/piekna-strona-kolarstwa-niezwykly-gest-podczas-tour-de-france\/#breadcrumb"},"inLanguage":"pl-PL","potentialAction":[{"@type":"ReadAction","target":["https:\/\/www.welovecycling.com\/pl\/2022\/07\/22\/piekna-strona-kolarstwa-niezwykly-gest-podczas-tour-de-france\/"]}]},{"@type":"ImageObject","inLanguage":"pl-PL","@id":"https:\/\/www.welovecycling.com\/pl\/2022\/07\/22\/piekna-strona-kolarstwa-niezwykly-gest-podczas-tour-de-france\/#primaryimage","url":"https:\/\/d2p6e6u75xmxt8.cloudfront.net\/5\/2022\/07\/Wout-van-Aert-profimedia-0708848513-CVR.jpg","contentUrl":"https:\/\/d2p6e6u75xmxt8.cloudfront.net\/5\/2022\/07\/Wout-van-Aert-profimedia-0708848513-CVR.jpg","width":990,"height":660},{"@type":"BreadcrumbList","@id":"https:\/\/www.welovecycling.com\/pl\/2022\/07\/22\/piekna-strona-kolarstwa-niezwykly-gest-podczas-tour-de-france\/#breadcrumb","itemListElement":[{"@type":"ListItem","position":1,"name":"Home","item":"https:\/\/www.welovecycling.com\/pl\/"},{"@type":"ListItem","position":2,"name":"Pi\u0119kna strona kolarstwa! Niezwyk\u0142y gest podczas Tour de France"}]},{"@type":"WebSite","@id":"https:\/\/www.welovecycling.com\/pl\/#website","url":"https:\/\/www.welovecycling.com\/pl\/","name":"\u0160koda We Love Cycling - Poland","description":"","potentialAction":[{"@type":"SearchAction","target":{"@type":"EntryPoint","urlTemplate":"https:\/\/www.welovecycling.com\/pl\/?s={search_term_string}"},"query-input":{"@type":"PropertyValueSpecification","valueRequired":true,"valueName":"search_term_string"}}],"inLanguage":"pl-PL"},{"@type":"Person","@id":"https:\/\/www.welovecycling.com\/pl\/#\/schema\/person\/bf06ed916a1ef16618807fb60d2ebe42","name":"rafal","image":{"@type":"ImageObject","inLanguage":"pl-PL","@id":"https:\/\/www.welovecycling.com\/pl\/#\/schema\/person\/image\/","url":"https:\/\/secure.gravatar.com\/avatar\/203f240e63bee214f6f3a0dacbeb600c7829c09716c2b9ee3230c6961debcde2?s=96&d=mm&r=g","contentUrl":"https:\/\/secure.gravatar.com\/avatar\/203f240e63bee214f6f3a0dacbeb600c7829c09716c2b9ee3230c6961debcde2?s=96&d=mm&r=g","caption":"rafal"},"url":"https:\/\/www.welovecycling.com\/pl\/author\/rafal\/"}]}},"_links":{"self":[{"href":"https:\/\/www.welovecycling.com\/pl\/wp-json\/wp\/v2\/posts\/13062","targetHints":{"allow":["GET"]}}],"collection":[{"href":"https:\/\/www.welovecycling.com\/pl\/wp-json\/wp\/v2\/posts"}],"about":[{"href":"https:\/\/www.welovecycling.com\/pl\/wp-json\/wp\/v2\/types\/post"}],"author":[{"embeddable":true,"href":"https:\/\/www.welovecycling.com\/pl\/wp-json\/wp\/v2\/users\/153"}],"replies":[{"embeddable":true,"href":"https:\/\/www.welovecycling.com\/pl\/wp-json\/wp\/v2\/comments?post=13062"}],"version-history":[{"count":1,"href":"https:\/\/www.welovecycling.com\/pl\/wp-json\/wp\/v2\/posts\/13062\/revisions"}],"predecessor-version":[{"id":13070,"href":"https:\/\/www.welovecycling.com\/pl\/wp-json\/wp\/v2\/posts\/13062\/revisions\/13070"}],"wp:featuredmedia":[{"embeddable":true,"href":"https:\/\/www.welovecycling.com\/pl\/wp-json\/wp\/v2\/media\/13069"}],"wp:attachment":[{"href":"https:\/\/www.welovecycling.com\/pl\/wp-json\/wp\/v2\/media?parent=13062"}],"wp:term":[{"taxonomy":"category","embeddable":true,"href":"https:\/\/www.welovecycling.com\/pl\/wp-json\/wp\/v2\/categories?post=13062"},{"taxonomy":"post_tag","embeddable":true,"href":"https:\/\/www.welovecycling.com\/pl\/wp-json\/wp\/v2\/tags?post=13062"},{"taxonomy":"global-categories","embeddable":true,"href":"https:\/\/www.welovecycling.com\/pl\/wp-json\/wp\/v2\/global-categories?post=13062"}],"curies":[{"name":"wp","href":"https:\/\/api.w.org\/{rel}","templated":true}]}}