{"id":13058,"date":"2022-07-22T14:52:15","date_gmt":"2022-07-22T14:52:15","guid":{"rendered":"https:\/\/www.welovecycling.com\/pl\/?p=13058"},"modified":"2022-07-22T14:52:15","modified_gmt":"2022-07-22T14:52:15","slug":"bartosz-huzarski-i-dominika-wlodarczyk-o-tour-de-france-2022","status":"publish","type":"post","link":"https:\/\/www.welovecycling.com\/pl\/2022\/07\/22\/bartosz-huzarski-i-dominika-wlodarczyk-o-tour-de-france-2022\/","title":{"rendered":"Bartosz Huzarski i Dominika W\u0142odarczyk o Tour de France 2022"},"content":{"rendered":"<p><strong>Tour m\u0119ski vs Tour damski. Oczywi\u015bcie mowa o najwi\u0119kszym etapowym wydarzeniu w kolarskim \u015bwiecie, czyli wy\u015bcigu Tour de France.<\/strong><\/p>\n<p>Jego m\u0119ska edycja wchodzi w decyduj\u0105c\u0105 faz\u0119, tradycyjnie nie brakowa\u0142o chwil pe\u0142nych wzrusze\u0144 i emocji. W momencie, w kt\u00f3rym wszyscy my\u015bleli\u015bmy, \u017ce ju\u017c po zawodach, bo zesz\u0142oroczny zwyci\u0119zca prezentuje wy\u015bmienit\u0105 form\u0119, do g\u0142osu doszed\u0142 Jonas Vingegaard i jego koledzy z dru\u017cyny. Po przej\u0119ciu przez m\u0142odego Du\u0144czyka koszulki lidera wy\u015bcig zn\u00f3w sta\u0142 si\u0119 ekscytuj\u0105cy i nieprzewidywalny.<\/p>\n<p>Do najnowszego filmu Bartosz Huzarski zaprosi\u0142 zawodniczk\u0119 jedynej polskiej zawodowej grupy kolarskiej kobiet Atom Deweloper Po\u015bciellux.pl. Dominika W\u0142odarczyk \u2013 mistrzyni Polski orliczek w wy\u015bcigu ze startu wsp\u00f3lnego, mistrzyni Polski orliczek i elity kobiet w kolarstwie prze\u0142ajowym oraz si\u00f3dma zawodniczka M\u0142odzie\u017cowych Mistrzostw Europy \u2013 to bez dw\u00f3ch zda\u0144 jedna z bohaterek tego sezonu.<\/p>\n<div class=\"embed-controller-wrapper\">\n<div class=\"embed-wrapper\"><iframe title=\"Bartosz Huzarski i Dominika W\u0142odarczyk o Tour de France 2022 odcinek 25\" width=\"500\" height=\"281\" data-src=\"https:\/\/www.youtube.com\/embed\/T8AoareXpoc?feature=oembed\" frameborder=\"0\" allow=\"accelerometer; autoplay; clipboard-write; encrypted-media; gyroscope; picture-in-picture; web-share\" referrerpolicy=\"strict-origin-when-cross-origin\" allowfullscreen><\/iframe><\/div>\n<\/div>\n<p>Podczas wsp\u00f3lnego treningu Bartek i Dominika rozmawiali g\u0142\u00f3wnie o Tour de France Femmes avec Zwift, czyli inauguracyjnej edycji etapowego Tour de France kobiet. Panie b\u0119d\u0105 mia\u0142y do pokonania osiem etap\u00f3w, wystartuj\u0105 dok\u0142adnie tam, gdzie ich koledzy zako\u0144cz\u0105 sw\u00f3j m\u0119ski TDF, czyli spod \u0141uku Triumfalnego na Champs-\u00c9lys\u00e9es. Rywalizacja skupi si\u0119 na wschodzie Francji, a peleton kobiet z Pary\u017ca pojedzie w kierunku Wogez\u00f3w. Zmagania zako\u0144cz\u0105 dwa ci\u0119\u017ckie g\u00f3rskie etapy z metami na Le Markstein i La Planche des Belles Filles. Ca\u0142o\u015b\u0107 zmaga\u0144 b\u0119dzie mo\u017cna obejrze\u0107 mi\u0119dzy innymi na antenie Eurosportu.<\/p>\n<p>Dlaczego warto ogl\u0105da\u0107 kolarstwo kobiet, a szczeg\u00f3lnie ten wy\u015bcig? Ot\u00f3\u017c pojedzie w nim liderka naszej kobiecej kadry, najbardziej utytu\u0142owana i odnosz\u0105ca najlepsze wyniki na mi\u0119dzynarodowej arenie Katarzyna Niewiadoma. Jako jedna z liderek ekipy Canyon-SRAM, a ostatnio r\u00f3wnie\u017c blogerka mi\u0119dzynarodowego kana\u0142u WeLoveCycling, na pewno b\u0119dzie chcia\u0142a pojecha\u0107 ten wy\u015bcig jak najlepiej.<\/p>\n<p>W obu tych wielkich kolarskich wydarzeniach transmitowanych na ca\u0142ym \u015bwiecie i \u015bledzonych z wypiekami na twarzy przez setki tysi\u0119cy kibic\u00f3w sw\u00f3j du\u017cy udzia\u0142 ma \u0160koda. M\u0119ski Tour de France wspiera ju\u017c po raz 19. \u2013 dostarcza 250 pojazd\u00f3w, z kt\u00f3rych korzysta organizator wy\u015bcigu. \u0160koda jest tak\u017ce sponsorem zielonej koszulki najlepszego sprintera, w kt\u00f3rej obecnie jedzie najwszechstronniejszy chyba zawodnik zar\u00f3wno tego, jak i zesz\u0142orocznego TDF, Wout van Aert. R\u00f3wnie\u017c w TDF Femmes \u0160koda jest w gronie g\u0142\u00f3wnych sponsor\u00f3w, dzi\u0119ki czemu na przedzie wy\u015bcigu b\u0119dziemy mogli podziwia\u0107 czerwon\u0105 \u0160KOD\u0118 ENYAQ iV. To mobilne centrum dowodzenia dyrektora wy\u015bcigu \u015bwietnie radzi sobie na jak\u017ce wymagaj\u0105cych trasach kolarskich zmaga\u0144.<\/p>\n<p>Dominika W\u0142odarczyk i jej dru\u017cyna w tym roku jeszcze na damski TDF nie pojad\u0105. Ale maj\u0105 na to realne szanse za rok, poniewa\u017c s\u0105 dru\u017cyn\u0105 zawodow\u0105 i pokazuj\u0105 si\u0119 z bardzo dobrej strony na zagranicznych wy\u015bcigach. Walcz\u0105 tam jak r\u00f3wny z r\u00f3wnym bez absolutnie \u017cadnych kompleks\u00f3w. To pozwala mie\u0107 nadzieje, \u017ce w 2023 roku polska grupa kobiet pojawi si\u0119 we Francji na starcie drugiej edycji najbardziej znanego etapowego wy\u015bcigu \u015bwiata.<\/p>\n<p>Tego \u017cyczymy Dominice. Trzymamy kciuki za Kasi\u0119 i ju\u017c czekamy na pierwszy etap kobiecego TDF oraz finalne rozstrzygni\u0119cia edycji m\u0119skiej. Jonas Vingegaard czy Tadej Pogacar? Odpowied\u017a na to pytanie poznamy w najbli\u017csz\u0105 niedziel\u0119 wieczorem.<\/p>\n<p><span data-sheets-value=\"{&quot;1&quot;:2,&quot;2&quot;:&quot;Artyku\u0142 powsta\u0142 we wsp\u00f3\u0142pracy ze skoda-auto.pl&quot;}\" data-sheets-userformat=\"{&quot;2&quot;:1,&quot;3&quot;:{&quot;1&quot;:0}}\" data-sheets-hyperlink=\"http:\/\/www.skoda-auto.pl\/\"><a class=\"in-cell-link\" href=\"http:\/\/www.skoda-auto.pl\/\" target=\"_blank\" rel=\"noopener noreferrer\">Artyku\u0142 powsta\u0142 we wsp\u00f3\u0142pracy ze skoda-auto.pl<\/a><\/span><\/p>\n<p><a href=\"https:\/\/www.skoda-auto.pl\/modele\/superb\"><img loading=\"lazy\" decoding=\"async\" class=\"alignnone size-full wp-image-11628 aligncenter\" src=\"https:\/\/d2p6e6u75xmxt8.cloudfront.net\/5\/2021\/12\/640x350-2-1.jpg\" alt=\"\" width=\"640\" height=\"350\" srcset=\"https:\/\/d2p6e6u75xmxt8.cloudfront.net\/5\/2021\/12\/640x350-2-1.jpg 640w, https:\/\/d2p6e6u75xmxt8.cloudfront.net\/5\/2021\/12\/640x350-2-1-300x164.jpg 300w\" sizes=\"auto, (max-width: 640px) 100vw, 640px\" \/><\/a><\/p>\n","protected":false},"excerpt":{"rendered":"<p>Tour m\u0119ski vs Tour damski. Oczywi\u015bcie mowa o najwi\u0119kszym etapowym wydarzeniu w kolarskim \u015bwiecie, czyli wy\u015bcigu Tour de France. Jego [&hellip;]<\/p>\n","protected":false},"author":153,"featured_media":13059,"comment_status":"open","ping_status":"open","sticky":false,"template":"","format":"standard","meta":{"footnotes":""},"categories":[203,364],"tags":[366],"global-categories":[303],"class_list":["post-13058","post","type-post","status-publish","format-standard","has-post-thumbnail","hentry","category-bartosz-huzarski","category-tour-de-france-2022","tag-tour-de-france-2022","global-categories-cycling"],"yoast_head":"<!-- This site is optimized with the Yoast SEO Premium plugin v25.3 (Yoast SEO v25.9) - https:\/\/yoast.com\/wordpress\/plugins\/seo\/ -->\n<title>Bartosz Huzarski i Dominika W\u0142odarczyk o Tour de France 2022 - \u0160koda We Love Cycling - Poland<\/title>\n<meta name=\"robots\" content=\"index, follow, max-snippet:-1, max-image-preview:large, max-video-preview:-1\" \/>\n<link rel=\"canonical\" href=\"https:\/\/www.welovecycling.com\/pl\/2022\/07\/22\/bartosz-huzarski-i-dominika-wlodarczyk-o-tour-de-france-2022\/\" \/>\n<meta property=\"og:locale\" content=\"pl_PL\" \/>\n<meta property=\"og:type\" content=\"article\" \/>\n<meta property=\"og:title\" content=\"Bartosz Huzarski i Dominika W\u0142odarczyk o Tour de France 2022\" \/>\n<meta property=\"og:description\" content=\"Tour m\u0119ski vs Tour damski. Oczywi\u015bcie mowa o najwi\u0119kszym etapowym wydarzeniu w kolarskim \u015bwiecie, czyli wy\u015bcigu Tour de France. Jego [&hellip;]\" \/>\n<meta property=\"og:url\" content=\"https:\/\/www.welovecycling.com\/pl\/2022\/07\/22\/bartosz-huzarski-i-dominika-wlodarczyk-o-tour-de-france-2022\/\" \/>\n<meta property=\"og:site_name\" content=\"\u0160koda We Love Cycling - Poland\" \/>\n<meta property=\"article:published_time\" content=\"2022-07-22T14:52:15+00:00\" \/>\n<meta property=\"og:image\" content=\"https:\/\/d2p6e6u75xmxt8.cloudfront.net\/5\/2022\/07\/YT_thumbail_Huzarski-TDF-2-2.jpg\" \/>\n\t<meta property=\"og:image:width\" content=\"1280\" \/>\n\t<meta property=\"og:image:height\" content=\"720\" \/>\n\t<meta property=\"og:image:type\" content=\"image\/jpeg\" \/>\n<meta name=\"author\" content=\"rafal\" \/>\n<meta name=\"twitter:card\" content=\"summary_large_image\" \/>\n<meta name=\"twitter:label1\" content=\"Written by\" \/>\n\t<meta name=\"twitter:data1\" content=\"Bartosz Huzarski\" \/>\n\t<meta name=\"twitter:label2\" content=\"Est. reading time\" \/>\n\t<meta name=\"twitter:data2\" content=\"3 minutes\" \/>\n<script type=\"application\/ld+json\" class=\"yoast-schema-graph\">{\"@context\":\"https:\/\/schema.org\",\"@graph\":[{\"@type\":\"WebPage\",\"@id\":\"https:\/\/www.welovecycling.com\/pl\/2022\/07\/22\/bartosz-huzarski-i-dominika-wlodarczyk-o-tour-de-france-2022\/\",\"url\":\"https:\/\/www.welovecycling.com\/pl\/2022\/07\/22\/bartosz-huzarski-i-dominika-wlodarczyk-o-tour-de-france-2022\/\",\"name\":\"Bartosz Huzarski i Dominika W\u0142odarczyk o Tour de France 2022 - \u0160koda We Love Cycling - Poland\",\"isPartOf\":{\"@id\":\"https:\/\/www.welovecycling.com\/pl\/#website\"},\"primaryImageOfPage\":{\"@id\":\"https:\/\/www.welovecycling.com\/pl\/2022\/07\/22\/bartosz-huzarski-i-dominika-wlodarczyk-o-tour-de-france-2022\/#primaryimage\"},\"image\":{\"@id\":\"https:\/\/www.welovecycling.com\/pl\/2022\/07\/22\/bartosz-huzarski-i-dominika-wlodarczyk-o-tour-de-france-2022\/#primaryimage\"},\"thumbnailUrl\":\"https:\/\/d2p6e6u75xmxt8.cloudfront.net\/5\/2022\/07\/YT_thumbail_Huzarski-TDF-2-2.jpg\",\"datePublished\":\"2022-07-22T14:52:15+00:00\",\"author\":{\"@id\":\"https:\/\/www.welovecycling.com\/pl\/#\/schema\/person\/bf06ed916a1ef16618807fb60d2ebe42\"},\"breadcrumb\":{\"@id\":\"https:\/\/www.welovecycling.com\/pl\/2022\/07\/22\/bartosz-huzarski-i-dominika-wlodarczyk-o-tour-de-france-2022\/#breadcrumb\"},\"inLanguage\":\"pl-PL\",\"potentialAction\":[{\"@type\":\"ReadAction\",\"target\":[\"https:\/\/www.welovecycling.com\/pl\/2022\/07\/22\/bartosz-huzarski-i-dominika-wlodarczyk-o-tour-de-france-2022\/\"]}]},{\"@type\":\"ImageObject\",\"inLanguage\":\"pl-PL\",\"@id\":\"https:\/\/www.welovecycling.com\/pl\/2022\/07\/22\/bartosz-huzarski-i-dominika-wlodarczyk-o-tour-de-france-2022\/#primaryimage\",\"url\":\"https:\/\/d2p6e6u75xmxt8.cloudfront.net\/5\/2022\/07\/YT_thumbail_Huzarski-TDF-2-2.jpg\",\"contentUrl\":\"https:\/\/d2p6e6u75xmxt8.cloudfront.net\/5\/2022\/07\/YT_thumbail_Huzarski-TDF-2-2.jpg\",\"width\":1280,\"height\":720},{\"@type\":\"BreadcrumbList\",\"@id\":\"https:\/\/www.welovecycling.com\/pl\/2022\/07\/22\/bartosz-huzarski-i-dominika-wlodarczyk-o-tour-de-france-2022\/#breadcrumb\",\"itemListElement\":[{\"@type\":\"ListItem\",\"position\":1,\"name\":\"Home\",\"item\":\"https:\/\/www.welovecycling.com\/pl\/\"},{\"@type\":\"ListItem\",\"position\":2,\"name\":\"Bartosz Huzarski i Dominika W\u0142odarczyk o Tour de France 2022\"}]},{\"@type\":\"WebSite\",\"@id\":\"https:\/\/www.welovecycling.com\/pl\/#website\",\"url\":\"https:\/\/www.welovecycling.com\/pl\/\",\"name\":\"\u0160koda We Love Cycling - Poland\",\"description\":\"\",\"potentialAction\":[{\"@type\":\"SearchAction\",\"target\":{\"@type\":\"EntryPoint\",\"urlTemplate\":\"https:\/\/www.welovecycling.com\/pl\/?s={search_term_string}\"},\"query-input\":{\"@type\":\"PropertyValueSpecification\",\"valueRequired\":true,\"valueName\":\"search_term_string\"}}],\"inLanguage\":\"pl-PL\"},{\"@type\":\"Person\",\"@id\":\"https:\/\/www.welovecycling.com\/pl\/#\/schema\/person\/bf06ed916a1ef16618807fb60d2ebe42\",\"name\":\"rafal\",\"image\":{\"@type\":\"ImageObject\",\"inLanguage\":\"pl-PL\",\"@id\":\"https:\/\/www.welovecycling.com\/pl\/#\/schema\/person\/image\/\",\"url\":\"https:\/\/secure.gravatar.com\/avatar\/203f240e63bee214f6f3a0dacbeb600c7829c09716c2b9ee3230c6961debcde2?s=96&d=mm&r=g\",\"contentUrl\":\"https:\/\/secure.gravatar.com\/avatar\/203f240e63bee214f6f3a0dacbeb600c7829c09716c2b9ee3230c6961debcde2?s=96&d=mm&r=g\",\"caption\":\"rafal\"},\"url\":\"https:\/\/www.welovecycling.com\/pl\/author\/rafal\/\"}]}<\/script>\n<!-- \/ Yoast SEO Premium plugin. -->","yoast_head_json":{"title":"Bartosz Huzarski i Dominika W\u0142odarczyk o Tour de France 2022 - \u0160koda We Love Cycling - Poland","robots":{"index":"index","follow":"follow","max-snippet":"max-snippet:-1","max-image-preview":"max-image-preview:large","max-video-preview":"max-video-preview:-1"},"canonical":"https:\/\/www.welovecycling.com\/pl\/2022\/07\/22\/bartosz-huzarski-i-dominika-wlodarczyk-o-tour-de-france-2022\/","og_locale":"pl_PL","og_type":"article","og_title":"Bartosz Huzarski i Dominika W\u0142odarczyk o Tour de France 2022","og_description":"Tour m\u0119ski vs Tour damski. Oczywi\u015bcie mowa o najwi\u0119kszym etapowym wydarzeniu w kolarskim \u015bwiecie, czyli wy\u015bcigu Tour de France. Jego [&hellip;]","og_url":"https:\/\/www.welovecycling.com\/pl\/2022\/07\/22\/bartosz-huzarski-i-dominika-wlodarczyk-o-tour-de-france-2022\/","og_site_name":"\u0160koda We Love Cycling - Poland","article_published_time":"2022-07-22T14:52:15+00:00","og_image":[{"width":1280,"height":720,"url":"https:\/\/d2p6e6u75xmxt8.cloudfront.net\/5\/2022\/07\/YT_thumbail_Huzarski-TDF-2-2.jpg","type":"image\/jpeg"}],"author":"rafal","twitter_card":"summary_large_image","twitter_misc":{"Written by":"Bartosz Huzarski","Est. reading time":"3 minutes"},"schema":{"@context":"https:\/\/schema.org","@graph":[{"@type":"WebPage","@id":"https:\/\/www.welovecycling.com\/pl\/2022\/07\/22\/bartosz-huzarski-i-dominika-wlodarczyk-o-tour-de-france-2022\/","url":"https:\/\/www.welovecycling.com\/pl\/2022\/07\/22\/bartosz-huzarski-i-dominika-wlodarczyk-o-tour-de-france-2022\/","name":"Bartosz Huzarski i Dominika W\u0142odarczyk o Tour de France 2022 - \u0160koda We Love Cycling - Poland","isPartOf":{"@id":"https:\/\/www.welovecycling.com\/pl\/#website"},"primaryImageOfPage":{"@id":"https:\/\/www.welovecycling.com\/pl\/2022\/07\/22\/bartosz-huzarski-i-dominika-wlodarczyk-o-tour-de-france-2022\/#primaryimage"},"image":{"@id":"https:\/\/www.welovecycling.com\/pl\/2022\/07\/22\/bartosz-huzarski-i-dominika-wlodarczyk-o-tour-de-france-2022\/#primaryimage"},"thumbnailUrl":"https:\/\/d2p6e6u75xmxt8.cloudfront.net\/5\/2022\/07\/YT_thumbail_Huzarski-TDF-2-2.jpg","datePublished":"2022-07-22T14:52:15+00:00","author":{"@id":"https:\/\/www.welovecycling.com\/pl\/#\/schema\/person\/bf06ed916a1ef16618807fb60d2ebe42"},"breadcrumb":{"@id":"https:\/\/www.welovecycling.com\/pl\/2022\/07\/22\/bartosz-huzarski-i-dominika-wlodarczyk-o-tour-de-france-2022\/#breadcrumb"},"inLanguage":"pl-PL","potentialAction":[{"@type":"ReadAction","target":["https:\/\/www.welovecycling.com\/pl\/2022\/07\/22\/bartosz-huzarski-i-dominika-wlodarczyk-o-tour-de-france-2022\/"]}]},{"@type":"ImageObject","inLanguage":"pl-PL","@id":"https:\/\/www.welovecycling.com\/pl\/2022\/07\/22\/bartosz-huzarski-i-dominika-wlodarczyk-o-tour-de-france-2022\/#primaryimage","url":"https:\/\/d2p6e6u75xmxt8.cloudfront.net\/5\/2022\/07\/YT_thumbail_Huzarski-TDF-2-2.jpg","contentUrl":"https:\/\/d2p6e6u75xmxt8.cloudfront.net\/5\/2022\/07\/YT_thumbail_Huzarski-TDF-2-2.jpg","width":1280,"height":720},{"@type":"BreadcrumbList","@id":"https:\/\/www.welovecycling.com\/pl\/2022\/07\/22\/bartosz-huzarski-i-dominika-wlodarczyk-o-tour-de-france-2022\/#breadcrumb","itemListElement":[{"@type":"ListItem","position":1,"name":"Home","item":"https:\/\/www.welovecycling.com\/pl\/"},{"@type":"ListItem","position":2,"name":"Bartosz Huzarski i Dominika W\u0142odarczyk o Tour de France 2022"}]},{"@type":"WebSite","@id":"https:\/\/www.welovecycling.com\/pl\/#website","url":"https:\/\/www.welovecycling.com\/pl\/","name":"\u0160koda We Love Cycling - Poland","description":"","potentialAction":[{"@type":"SearchAction","target":{"@type":"EntryPoint","urlTemplate":"https:\/\/www.welovecycling.com\/pl\/?s={search_term_string}"},"query-input":{"@type":"PropertyValueSpecification","valueRequired":true,"valueName":"search_term_string"}}],"inLanguage":"pl-PL"},{"@type":"Person","@id":"https:\/\/www.welovecycling.com\/pl\/#\/schema\/person\/bf06ed916a1ef16618807fb60d2ebe42","name":"rafal","image":{"@type":"ImageObject","inLanguage":"pl-PL","@id":"https:\/\/www.welovecycling.com\/pl\/#\/schema\/person\/image\/","url":"https:\/\/secure.gravatar.com\/avatar\/203f240e63bee214f6f3a0dacbeb600c7829c09716c2b9ee3230c6961debcde2?s=96&d=mm&r=g","contentUrl":"https:\/\/secure.gravatar.com\/avatar\/203f240e63bee214f6f3a0dacbeb600c7829c09716c2b9ee3230c6961debcde2?s=96&d=mm&r=g","caption":"rafal"},"url":"https:\/\/www.welovecycling.com\/pl\/author\/rafal\/"}]}},"_links":{"self":[{"href":"https:\/\/www.welovecycling.com\/pl\/wp-json\/wp\/v2\/posts\/13058","targetHints":{"allow":["GET"]}}],"collection":[{"href":"https:\/\/www.welovecycling.com\/pl\/wp-json\/wp\/v2\/posts"}],"about":[{"href":"https:\/\/www.welovecycling.com\/pl\/wp-json\/wp\/v2\/types\/post"}],"author":[{"embeddable":true,"href":"https:\/\/www.welovecycling.com\/pl\/wp-json\/wp\/v2\/users\/153"}],"replies":[{"embeddable":true,"href":"https:\/\/www.welovecycling.com\/pl\/wp-json\/wp\/v2\/comments?post=13058"}],"version-history":[{"count":1,"href":"https:\/\/www.welovecycling.com\/pl\/wp-json\/wp\/v2\/posts\/13058\/revisions"}],"predecessor-version":[{"id":13061,"href":"https:\/\/www.welovecycling.com\/pl\/wp-json\/wp\/v2\/posts\/13058\/revisions\/13061"}],"wp:featuredmedia":[{"embeddable":true,"href":"https:\/\/www.welovecycling.com\/pl\/wp-json\/wp\/v2\/media\/13059"}],"wp:attachment":[{"href":"https:\/\/www.welovecycling.com\/pl\/wp-json\/wp\/v2\/media?parent=13058"}],"wp:term":[{"taxonomy":"category","embeddable":true,"href":"https:\/\/www.welovecycling.com\/pl\/wp-json\/wp\/v2\/categories?post=13058"},{"taxonomy":"post_tag","embeddable":true,"href":"https:\/\/www.welovecycling.com\/pl\/wp-json\/wp\/v2\/tags?post=13058"},{"taxonomy":"global-categories","embeddable":true,"href":"https:\/\/www.welovecycling.com\/pl\/wp-json\/wp\/v2\/global-categories?post=13058"}],"curies":[{"name":"wp","href":"https:\/\/api.w.org\/{rel}","templated":true}]}}