{"id":13047,"date":"2022-07-20T20:42:46","date_gmt":"2022-07-20T20:42:46","guid":{"rendered":"https:\/\/www.welovecycling.com\/pl\/?p=13047"},"modified":"2022-07-20T20:42:46","modified_gmt":"2022-07-20T20:42:46","slug":"piekne-chwile-na-tour-de-france-wzruszajaca-dedykacja","status":"publish","type":"post","link":"https:\/\/www.welovecycling.com\/pl\/2022\/07\/20\/piekne-chwile-na-tour-de-france-wzruszajaca-dedykacja\/","title":{"rendered":"Pi\u0119kne chwile na Tour de France. Wzruszaj\u0105ca dedykacja!"},"content":{"rendered":"<p><strong>Hugo Houle (Israel-Premier Tech) wygra\u0142 16. etap Tour de France, a zwyci\u0119stwo zadedykowa\u0142 zmar\u0142emu bratu. Za jego plecami rozegra\u0142a si\u0119 kolejna bitwa faworyt\u00f3w, w wyniku kt\u00f3rej nieoczekiwanie straty musi odrabia\u0107 Tadej Pogacar (UAE Team Emirates).<\/strong><\/p>\n<p>Tylu zwrot\u00f3w akcji w Wielkiej P\u0119tli nie by\u0142o ju\u017c dawno. Niespe\u0142na tydzie\u0144 temu wydawa\u0142o si\u0119, \u017ce Pogacar b\u0119dzie ju\u017c tylko pogr\u0105\u017ca\u0142 swoich rywali i z \u0142atwo\u015bci\u0105 zgarnie trzeci\u0105 z rz\u0119du wygran\u0105 w klasyfikacji generalnej. Tymczasem S\u0142oweniec w g\u00f3rach straci\u0142 \u017c\u00f3\u0142t\u0105 koszulk\u0119 i pozosta\u0142y mu ju\u017c jedynie cztery podej\u015bcia do jej odebrania. Tyle tylko, \u017ce prowadz\u0105cy Jonas Vingegaard (Jumbo-Visma) z najcenniejszym kolarskim trykotem nie zamierza si\u0119 rozstawa\u0107.<\/p>\n<div class=\"embed-controller-wrapper\">\n<blockquote class=\"twitter-tweet\" data-width=\"500\" data-dnt=\"true\">\n<p lang=\"en\" dir=\"ltr\">\ud83c\uddeb\ud83c\uddf7 <a href=\"https:\/\/twitter.com\/hashtag\/TDF2022?src=hash&amp;ref_src=twsrc%5Etfw\">#TDF2022<\/a><\/p>\n<p>\ud83d\udc9b \ud835\udc0b\ud835\udc28\ud835\udc2f\ud835\udc1e \ud835\udc1a\ud835\udc2d \ud835\udc1f\ud835\udc22\ud835\udc2b\ud835\udc2c\ud835\udc2d \ud835\udc2c\ud835\udc22\ud835\udc20\ud835\udc21\ud835\udc2d. \ud83e\udd29\ud83e\udd81 <a href=\"https:\/\/t.co\/wHr7Qsw8Qs\">pic.twitter.com\/wHr7Qsw8Qs<\/a><\/p>\n<p>&mdash; Team Visma | Lease a Bike (@vismaleaseabike) <a href=\"https:\/\/twitter.com\/vismaleaseabike\/status\/1547308922654056448?ref_src=twsrc%5Etfw\">July 13, 2022<\/a><\/p><\/blockquote>\n<p><script async data-src=\"https:\/\/platform.twitter.com\/widgets.js\" charset=\"utf-8\"><\/script><\/div>\n<h2><strong>\u201eMarzy\u0142em o tym od dziecka\u201d<\/strong><\/h2>\n<p>Du\u0144czyk mknie drogami Francji, jakby ca\u0142y czas w uszach dudni\u0142o mu kibicowanie jego rodak\u00f3w z pocz\u0105tkowych dni wy\u015bcigu, kiedy to w\u0142a\u015bnie Dania go\u015bci\u0142a Wielk\u0105 P\u0119tl\u0119. Vingegaard \u017c\u00f3\u0142t\u0105 koszulk\u0119 odebra\u0142 Pogacarowi na etapie z Albertville do Col du Granon, gdy niespe\u0142na cztery kilometry przed met\u0105 zdecydowa\u0142 si\u0119 na niesamowity finisz i uko\u0144czy\u0142 wy\u015bcig blisko trzy minuty przed S\u0142owe\u0144cem! Nagrod\u0105 za spektakularn\u0105 akcj\u0119 by\u0142o pierwsze miejsce w klasyfikacji generalnej, kt\u00f3rego Du\u0144czyk nie odda\u0142 do dzi\u015b.<\/p>\n<p>\u2013 To jest to, o czym marzy\u0142em jako dziecko. Mam teraz \u017c\u00f3\u0142ty trykot i zrobi\u0119 wszystko, by dowie\u017a\u0107 go do Pary\u017ca \u2013 podkre\u015bla\u0142 na mecie Vingegaard.<\/p>\n<div class=\"embed-controller-wrapper\">\n<blockquote class=\"twitter-tweet\" data-width=\"500\" data-dnt=\"true\">\n<p lang=\"en\" dir=\"ltr\">\ud83c\uddeb\ud83c\uddf7 <a href=\"https:\/\/twitter.com\/hashtag\/TDF2022?src=hash&amp;ref_src=twsrc%5Etfw\">#TDF2022<\/a><\/p>\n<p>A young Danish guy with a \ud835\udc1d\ud835\udc2b\ud835\udc1e\ud835\udc1a\ud835\udc26, getting better year by year. \ud83c\udde9\ud83c\uddf0\ud83d\udcad <a href=\"https:\/\/t.co\/JFlXFoKJQk\">pic.twitter.com\/JFlXFoKJQk<\/a><\/p>\n<p>&mdash; Team Visma | Lease a Bike (@vismaleaseabike) <a href=\"https:\/\/twitter.com\/vismaleaseabike\/status\/1547262784097902592?ref_src=twsrc%5Etfw\">July 13, 2022<\/a><\/p><\/blockquote>\n<p><script async data-src=\"https:\/\/platform.twitter.com\/widgets.js\" charset=\"utf-8\"><\/script><\/div>\n<h2><strong>Zwyci\u0119stwo dla zmar\u0142ego brata<\/strong><\/h2>\n<p>W ostatnich dniach obrona prowadzenia idzie Vingegaardowi bardzo dobrze. Na razie nie szar\u017cuje, tylko pilnuje Pogacara, dzi\u0119ki czemu okazj\u0119 do zgarni\u0119cia etapu maj\u0105 inni zawodnicy.<\/p>\n<div class=\"embed-controller-wrapper\">\n<blockquote class=\"twitter-tweet\" data-width=\"500\" data-dnt=\"true\">\n<p lang=\"en\" dir=\"ltr\">\ud83d\ude0d PIC OF THE DAY \ud83d\ude0d<br \/>by <a href=\"https:\/\/twitter.com\/century21fr?ref_src=twsrc%5Etfw\">@century21fr<\/a><br \/> <a href=\"https:\/\/twitter.com\/hashtag\/TDF2022?src=hash&amp;ref_src=twsrc%5Etfw\">#TDF2022<\/a><\/p>\n<p>A.S.O. \/ Pauline Ballet <a href=\"https:\/\/t.co\/071IdQGZRZ\">pic.twitter.com\/071IdQGZRZ<\/a><\/p>\n<p>&mdash; Tour de France\u2122 (@LeTour) <a href=\"https:\/\/twitter.com\/LeTour\/status\/1549464349412139012?ref_src=twsrc%5Etfw\">July 19, 2022<\/a><\/p><\/blockquote>\n<p><script async data-src=\"https:\/\/platform.twitter.com\/widgets.js\" charset=\"utf-8\"><\/script><\/div>\n<p>We wtorek skorzysta\u0142 z tego Hugo Houle. 32-letni Kanadyjczyk to kolarz, jakich w peletonie wielu. W wielkich tourach nigdy nie odgrywa\u0142 znacz\u0105cej roli, ale ca\u0142y czas mia\u0142 jedno marzenie \u2013 wygra\u0107 etap Tour de France i zwyci\u0119stwo zadedykowa\u0107 zmar\u0142emu 10 lat temu bratu. Teraz, podczas czwartego wyst\u0119pu na Wielkiej P\u0119tli, to marzenie uda\u0142o si\u0119 spe\u0142ni\u0107.<\/p>\n<p>\u2013 Nigdy nie wygra\u0142em wy\u015bcigu, wi\u0119c to by\u0142o idealne miejsce na takie zwyci\u0119stwo. Czeka\u0142em tyle lat, w sumie marzy\u0142em o tym przez ca\u0142\u0105 karier\u0119. Pracowa\u0142em przez wiele sezon\u00f3w, by w\u0142a\u015bnie bratu zadedykowa\u0107 wygran\u0105. To co\u015b niesamowitego. Nie wiem, co powiedzie\u0107. Jestem po prostu bardzo szcz\u0119\u015bliwy \u2013 m\u00f3wi\u0142 Houle ze \u0142zami w oczach.<\/p>\n<div class=\"embed-controller-wrapper\">\n<blockquote class=\"twitter-tweet\" data-width=\"500\" data-dnt=\"true\">\n<p lang=\"en\" dir=\"ltr\">\ud83e\udd29 The 3rd week of the <a href=\"https:\/\/twitter.com\/hashtag\/TDF2022?src=hash&amp;ref_src=twsrc%5Etfw\">#TDF2022<\/a> began with skirmishes between the favourites and an emotional solo victory for\ud83c\udde8\ud83c\udde6 <a href=\"https:\/\/twitter.com\/HugoHoule?ref_src=twsrc%5Etfw\">@HugoHoule<\/a>! <\/p>\n<p>\u23e9 Here are the highlights of the 16th stage. <a href=\"https:\/\/t.co\/cjVFGXwBDt\">pic.twitter.com\/cjVFGXwBDt<\/a><\/p>\n<p>&mdash; Tour de France\u2122 (@LeTour) <a href=\"https:\/\/twitter.com\/LeTour\/status\/1549454025438797824?ref_src=twsrc%5Etfw\">July 19, 2022<\/a><\/p><\/blockquote>\n<p><script async data-src=\"https:\/\/platform.twitter.com\/widgets.js\" charset=\"utf-8\"><\/script><\/div>\n<p>Liderem wy\u015bcigu pozosta\u0142 Vingegaard, kt\u00f3ry ma 2 minuty i 22 sekundy przewagi nad Pogacarem oraz 2 minuty i 43 sekundy nad Geraintem Thomasem (Ineos Grenadeiers). W klasyfikacji punktowej niezagro\u017cony jest Wout van Aert (Jumbo-Visma), a w g\u00f3rskiej prowadzi Simon Geschke (Cofidis). Najlepsz\u0105 dru\u017cyn\u0105 na razie jest Ineos Grenadiers.<\/p>\n<div class=\"embed-controller-wrapper\">\n<blockquote class=\"twitter-tweet\" data-width=\"500\" data-dnt=\"true\">\n<p lang=\"fr\" dir=\"ltr\">\ud83c\udfbd Jerseys after stage 16 \/ Maillots distinctifs apr\u00e8s l&#39;\u00e9tape 16<\/p>\n<p>\ud83d\udc9b Jonas Vingegaard<br \/>\ud83d\udc9a <a href=\"https:\/\/twitter.com\/WoutvanAert?ref_src=twsrc%5Etfw\">@WoutvanAert<\/a><br \/>\ud83d\udd34 <a href=\"https:\/\/twitter.com\/simongeschke?ref_src=twsrc%5Etfw\">@simongeschke<\/a><br \/>\ud83d\udc76 <a href=\"https:\/\/twitter.com\/TamauPogi?ref_src=twsrc%5Etfw\">@TamauPogi<\/a> <a href=\"https:\/\/twitter.com\/hashtag\/TDF2022?src=hash&amp;ref_src=twsrc%5Etfw\">#TDF2022<\/a> <a href=\"https:\/\/t.co\/eNf2tFY94d\">pic.twitter.com\/eNf2tFY94d<\/a><\/p>\n<p>&mdash; Tour de France\u2122 (@LeTour) <a href=\"https:\/\/twitter.com\/LeTour\/status\/1549427595740999681?ref_src=twsrc%5Etfw\">July 19, 2022<\/a><\/p><\/blockquote>\n<p><script async data-src=\"https:\/\/platform.twitter.com\/widgets.js\" charset=\"utf-8\"><\/script><\/div>\n<h2><strong>Cztery szanse na zmian\u0119 lidera<\/strong><\/h2>\n<p>Teraz przed zawodnikami decyduj\u0105ce etapy. W \u015brod\u0119 i czwartek zmierz\u0105 si\u0119 z wysokimi g\u00f3rami na etapach Saint-Gaudens \u2013 Peyragudes oraz Lourdes \u2013 Hautacam. To w\u0142a\u015bnie tutaj b\u0119dzie chcia\u0142 zaatakowa\u0107 Pogacar. Je\u015bli jego misja si\u0119 nie powiedzie, to zostan\u0105 mu ju\u017c tylko dwie szanse: pi\u0105tkowy p\u0142aski etap Castelnau-Magnoac \u2013 Cahors oraz sobotnia czas\u00f3wka Lacapelle-Marival \u2013 Rocamadour.<\/p>\n<p>Zako\u0144czenie wy\u015bcigu w niedziel\u0119 podczas etapu przyja\u017ani ulicami Pary\u017ca.<\/p>\n<p><span data-sheets-value=\"{&quot;1&quot;:2,&quot;2&quot;:&quot;Artyku\u0142 powsta\u0142 we wsp\u00f3\u0142pracy ze skoda-auto.pl&quot;}\" data-sheets-userformat=\"{&quot;2&quot;:1,&quot;3&quot;:{&quot;1&quot;:0}}\" data-sheets-hyperlink=\"http:\/\/www.skoda-auto.pl\/\"><a class=\"in-cell-link\" href=\"http:\/\/www.skoda-auto.pl\/\" target=\"_blank\" rel=\"noopener noreferrer\">Artyku\u0142 powsta\u0142 we wsp\u00f3\u0142pracy ze skoda-auto.pl<\/a><\/span><\/p>\n<p><a href=\"https:\/\/sklep.skoda.pl\/pl\/sklep\/b\/331\/rowery-i-akcesoria-rowery.html\"><img loading=\"lazy\" decoding=\"async\" class=\"aligncenter wp-image-9608 size-full loading\" src=\"https:\/\/d2p6e6u75xmxt8.cloudfront.net\/5\/2019\/08\/baner_WLC_640x350_3.png\" sizes=\"auto, (max-width: 640px) 100vw, 640px\" srcset=\"https:\/\/d2p6e6u75xmxt8.cloudfront.net\/5\/2019\/08\/baner_WLC_640x350_3.png 640w, https:\/\/d2p6e6u75xmxt8.cloudfront.net\/5\/2019\/08\/baner_WLC_640x350_3-300x164.png 300w\" alt=\"\" width=\"640\" height=\"350\" data-was-processed=\"true\" \/><\/a><\/p>\n","protected":false},"excerpt":{"rendered":"<p>Hugo Houle (Israel-Premier Tech) wygra\u0142 16. etap Tour de France, a zwyci\u0119stwo zadedykowa\u0142 zmar\u0142emu bratu. Za jego plecami rozegra\u0142a si\u0119 [&hellip;]<\/p>\n","protected":false},"author":153,"featured_media":13053,"comment_status":"open","ping_status":"open","sticky":false,"template":"","format":"standard","meta":{"footnotes":""},"categories":[364],"tags":[362,366],"global-categories":[303],"class_list":["post-13047","post","type-post","status-publish","format-standard","has-post-thumbnail","hentry","category-tour-de-france-2022","tag-piotr-nowik","tag-tour-de-france-2022","global-categories-cycling"],"yoast_head":"<!-- This site is optimized with the Yoast SEO Premium plugin v25.3 (Yoast SEO v25.9) - https:\/\/yoast.com\/wordpress\/plugins\/seo\/ -->\n<title>Pi\u0119kne chwile na Tour de France. Wzruszaj\u0105ca dedykacja! - \u0160koda We Love Cycling - Poland<\/title>\n<meta name=\"robots\" content=\"index, follow, max-snippet:-1, max-image-preview:large, max-video-preview:-1\" \/>\n<link rel=\"canonical\" href=\"https:\/\/www.welovecycling.com\/pl\/2022\/07\/20\/piekne-chwile-na-tour-de-france-wzruszajaca-dedykacja\/\" \/>\n<meta property=\"og:locale\" content=\"pl_PL\" \/>\n<meta property=\"og:type\" content=\"article\" \/>\n<meta property=\"og:title\" content=\"Pi\u0119kne chwile na Tour de France. Wzruszaj\u0105ca dedykacja!\" \/>\n<meta property=\"og:description\" content=\"Hugo Houle (Israel-Premier Tech) wygra\u0142 16. etap Tour de France, a zwyci\u0119stwo zadedykowa\u0142 zmar\u0142emu bratu. Za jego plecami rozegra\u0142a si\u0119 [&hellip;]\" \/>\n<meta property=\"og:url\" content=\"https:\/\/www.welovecycling.com\/pl\/2022\/07\/20\/piekne-chwile-na-tour-de-france-wzruszajaca-dedykacja\/\" \/>\n<meta property=\"og:site_name\" content=\"\u0160koda We Love Cycling - Poland\" \/>\n<meta property=\"article:published_time\" content=\"2022-07-20T20:42:46+00:00\" \/>\n<meta property=\"og:image\" content=\"https:\/\/d2p6e6u75xmxt8.cloudfront.net\/5\/2022\/07\/2022_Tour-Peloton-profimedia-0707321175-CVR.jpg\" \/>\n\t<meta property=\"og:image:width\" content=\"990\" \/>\n\t<meta property=\"og:image:height\" content=\"660\" \/>\n\t<meta property=\"og:image:type\" content=\"image\/jpeg\" \/>\n<meta name=\"author\" content=\"rafal\" \/>\n<meta name=\"twitter:card\" content=\"summary_large_image\" \/>\n<meta name=\"twitter:label1\" content=\"Written by\" \/>\n\t<meta name=\"twitter:data1\" content=\"Piotr Nowik\" \/>\n\t<meta name=\"twitter:label2\" content=\"Est. reading time\" \/>\n\t<meta name=\"twitter:data2\" content=\"3 minutes\" \/>\n<script type=\"application\/ld+json\" class=\"yoast-schema-graph\">{\"@context\":\"https:\/\/schema.org\",\"@graph\":[{\"@type\":\"WebPage\",\"@id\":\"https:\/\/www.welovecycling.com\/pl\/2022\/07\/20\/piekne-chwile-na-tour-de-france-wzruszajaca-dedykacja\/\",\"url\":\"https:\/\/www.welovecycling.com\/pl\/2022\/07\/20\/piekne-chwile-na-tour-de-france-wzruszajaca-dedykacja\/\",\"name\":\"Pi\u0119kne chwile na Tour de France. Wzruszaj\u0105ca dedykacja! - \u0160koda We Love Cycling - Poland\",\"isPartOf\":{\"@id\":\"https:\/\/www.welovecycling.com\/pl\/#website\"},\"primaryImageOfPage\":{\"@id\":\"https:\/\/www.welovecycling.com\/pl\/2022\/07\/20\/piekne-chwile-na-tour-de-france-wzruszajaca-dedykacja\/#primaryimage\"},\"image\":{\"@id\":\"https:\/\/www.welovecycling.com\/pl\/2022\/07\/20\/piekne-chwile-na-tour-de-france-wzruszajaca-dedykacja\/#primaryimage\"},\"thumbnailUrl\":\"https:\/\/d2p6e6u75xmxt8.cloudfront.net\/5\/2022\/07\/2022_Tour-Peloton-profimedia-0707321175-CVR.jpg\",\"datePublished\":\"2022-07-20T20:42:46+00:00\",\"author\":{\"@id\":\"https:\/\/www.welovecycling.com\/pl\/#\/schema\/person\/bf06ed916a1ef16618807fb60d2ebe42\"},\"breadcrumb\":{\"@id\":\"https:\/\/www.welovecycling.com\/pl\/2022\/07\/20\/piekne-chwile-na-tour-de-france-wzruszajaca-dedykacja\/#breadcrumb\"},\"inLanguage\":\"pl-PL\",\"potentialAction\":[{\"@type\":\"ReadAction\",\"target\":[\"https:\/\/www.welovecycling.com\/pl\/2022\/07\/20\/piekne-chwile-na-tour-de-france-wzruszajaca-dedykacja\/\"]}]},{\"@type\":\"ImageObject\",\"inLanguage\":\"pl-PL\",\"@id\":\"https:\/\/www.welovecycling.com\/pl\/2022\/07\/20\/piekne-chwile-na-tour-de-france-wzruszajaca-dedykacja\/#primaryimage\",\"url\":\"https:\/\/d2p6e6u75xmxt8.cloudfront.net\/5\/2022\/07\/2022_Tour-Peloton-profimedia-0707321175-CVR.jpg\",\"contentUrl\":\"https:\/\/d2p6e6u75xmxt8.cloudfront.net\/5\/2022\/07\/2022_Tour-Peloton-profimedia-0707321175-CVR.jpg\",\"width\":990,\"height\":660},{\"@type\":\"BreadcrumbList\",\"@id\":\"https:\/\/www.welovecycling.com\/pl\/2022\/07\/20\/piekne-chwile-na-tour-de-france-wzruszajaca-dedykacja\/#breadcrumb\",\"itemListElement\":[{\"@type\":\"ListItem\",\"position\":1,\"name\":\"Home\",\"item\":\"https:\/\/www.welovecycling.com\/pl\/\"},{\"@type\":\"ListItem\",\"position\":2,\"name\":\"Pi\u0119kne chwile na Tour de France. Wzruszaj\u0105ca dedykacja!\"}]},{\"@type\":\"WebSite\",\"@id\":\"https:\/\/www.welovecycling.com\/pl\/#website\",\"url\":\"https:\/\/www.welovecycling.com\/pl\/\",\"name\":\"\u0160koda We Love Cycling - Poland\",\"description\":\"\",\"potentialAction\":[{\"@type\":\"SearchAction\",\"target\":{\"@type\":\"EntryPoint\",\"urlTemplate\":\"https:\/\/www.welovecycling.com\/pl\/?s={search_term_string}\"},\"query-input\":{\"@type\":\"PropertyValueSpecification\",\"valueRequired\":true,\"valueName\":\"search_term_string\"}}],\"inLanguage\":\"pl-PL\"},{\"@type\":\"Person\",\"@id\":\"https:\/\/www.welovecycling.com\/pl\/#\/schema\/person\/bf06ed916a1ef16618807fb60d2ebe42\",\"name\":\"rafal\",\"image\":{\"@type\":\"ImageObject\",\"inLanguage\":\"pl-PL\",\"@id\":\"https:\/\/www.welovecycling.com\/pl\/#\/schema\/person\/image\/\",\"url\":\"https:\/\/secure.gravatar.com\/avatar\/203f240e63bee214f6f3a0dacbeb600c7829c09716c2b9ee3230c6961debcde2?s=96&d=mm&r=g\",\"contentUrl\":\"https:\/\/secure.gravatar.com\/avatar\/203f240e63bee214f6f3a0dacbeb600c7829c09716c2b9ee3230c6961debcde2?s=96&d=mm&r=g\",\"caption\":\"rafal\"},\"url\":\"https:\/\/www.welovecycling.com\/pl\/author\/rafal\/\"}]}<\/script>\n<!-- \/ Yoast SEO Premium plugin. -->","yoast_head_json":{"title":"Pi\u0119kne chwile na Tour de France. Wzruszaj\u0105ca dedykacja! - \u0160koda We Love Cycling - Poland","robots":{"index":"index","follow":"follow","max-snippet":"max-snippet:-1","max-image-preview":"max-image-preview:large","max-video-preview":"max-video-preview:-1"},"canonical":"https:\/\/www.welovecycling.com\/pl\/2022\/07\/20\/piekne-chwile-na-tour-de-france-wzruszajaca-dedykacja\/","og_locale":"pl_PL","og_type":"article","og_title":"Pi\u0119kne chwile na Tour de France. Wzruszaj\u0105ca dedykacja!","og_description":"Hugo Houle (Israel-Premier Tech) wygra\u0142 16. etap Tour de France, a zwyci\u0119stwo zadedykowa\u0142 zmar\u0142emu bratu. Za jego plecami rozegra\u0142a si\u0119 [&hellip;]","og_url":"https:\/\/www.welovecycling.com\/pl\/2022\/07\/20\/piekne-chwile-na-tour-de-france-wzruszajaca-dedykacja\/","og_site_name":"\u0160koda We Love Cycling - Poland","article_published_time":"2022-07-20T20:42:46+00:00","og_image":[{"width":990,"height":660,"url":"https:\/\/d2p6e6u75xmxt8.cloudfront.net\/5\/2022\/07\/2022_Tour-Peloton-profimedia-0707321175-CVR.jpg","type":"image\/jpeg"}],"author":"rafal","twitter_card":"summary_large_image","twitter_misc":{"Written by":"Piotr Nowik","Est. reading time":"3 minutes"},"schema":{"@context":"https:\/\/schema.org","@graph":[{"@type":"WebPage","@id":"https:\/\/www.welovecycling.com\/pl\/2022\/07\/20\/piekne-chwile-na-tour-de-france-wzruszajaca-dedykacja\/","url":"https:\/\/www.welovecycling.com\/pl\/2022\/07\/20\/piekne-chwile-na-tour-de-france-wzruszajaca-dedykacja\/","name":"Pi\u0119kne chwile na Tour de France. Wzruszaj\u0105ca dedykacja! - \u0160koda We Love Cycling - Poland","isPartOf":{"@id":"https:\/\/www.welovecycling.com\/pl\/#website"},"primaryImageOfPage":{"@id":"https:\/\/www.welovecycling.com\/pl\/2022\/07\/20\/piekne-chwile-na-tour-de-france-wzruszajaca-dedykacja\/#primaryimage"},"image":{"@id":"https:\/\/www.welovecycling.com\/pl\/2022\/07\/20\/piekne-chwile-na-tour-de-france-wzruszajaca-dedykacja\/#primaryimage"},"thumbnailUrl":"https:\/\/d2p6e6u75xmxt8.cloudfront.net\/5\/2022\/07\/2022_Tour-Peloton-profimedia-0707321175-CVR.jpg","datePublished":"2022-07-20T20:42:46+00:00","author":{"@id":"https:\/\/www.welovecycling.com\/pl\/#\/schema\/person\/bf06ed916a1ef16618807fb60d2ebe42"},"breadcrumb":{"@id":"https:\/\/www.welovecycling.com\/pl\/2022\/07\/20\/piekne-chwile-na-tour-de-france-wzruszajaca-dedykacja\/#breadcrumb"},"inLanguage":"pl-PL","potentialAction":[{"@type":"ReadAction","target":["https:\/\/www.welovecycling.com\/pl\/2022\/07\/20\/piekne-chwile-na-tour-de-france-wzruszajaca-dedykacja\/"]}]},{"@type":"ImageObject","inLanguage":"pl-PL","@id":"https:\/\/www.welovecycling.com\/pl\/2022\/07\/20\/piekne-chwile-na-tour-de-france-wzruszajaca-dedykacja\/#primaryimage","url":"https:\/\/d2p6e6u75xmxt8.cloudfront.net\/5\/2022\/07\/2022_Tour-Peloton-profimedia-0707321175-CVR.jpg","contentUrl":"https:\/\/d2p6e6u75xmxt8.cloudfront.net\/5\/2022\/07\/2022_Tour-Peloton-profimedia-0707321175-CVR.jpg","width":990,"height":660},{"@type":"BreadcrumbList","@id":"https:\/\/www.welovecycling.com\/pl\/2022\/07\/20\/piekne-chwile-na-tour-de-france-wzruszajaca-dedykacja\/#breadcrumb","itemListElement":[{"@type":"ListItem","position":1,"name":"Home","item":"https:\/\/www.welovecycling.com\/pl\/"},{"@type":"ListItem","position":2,"name":"Pi\u0119kne chwile na Tour de France. Wzruszaj\u0105ca dedykacja!"}]},{"@type":"WebSite","@id":"https:\/\/www.welovecycling.com\/pl\/#website","url":"https:\/\/www.welovecycling.com\/pl\/","name":"\u0160koda We Love Cycling - Poland","description":"","potentialAction":[{"@type":"SearchAction","target":{"@type":"EntryPoint","urlTemplate":"https:\/\/www.welovecycling.com\/pl\/?s={search_term_string}"},"query-input":{"@type":"PropertyValueSpecification","valueRequired":true,"valueName":"search_term_string"}}],"inLanguage":"pl-PL"},{"@type":"Person","@id":"https:\/\/www.welovecycling.com\/pl\/#\/schema\/person\/bf06ed916a1ef16618807fb60d2ebe42","name":"rafal","image":{"@type":"ImageObject","inLanguage":"pl-PL","@id":"https:\/\/www.welovecycling.com\/pl\/#\/schema\/person\/image\/","url":"https:\/\/secure.gravatar.com\/avatar\/203f240e63bee214f6f3a0dacbeb600c7829c09716c2b9ee3230c6961debcde2?s=96&d=mm&r=g","contentUrl":"https:\/\/secure.gravatar.com\/avatar\/203f240e63bee214f6f3a0dacbeb600c7829c09716c2b9ee3230c6961debcde2?s=96&d=mm&r=g","caption":"rafal"},"url":"https:\/\/www.welovecycling.com\/pl\/author\/rafal\/"}]}},"_links":{"self":[{"href":"https:\/\/www.welovecycling.com\/pl\/wp-json\/wp\/v2\/posts\/13047","targetHints":{"allow":["GET"]}}],"collection":[{"href":"https:\/\/www.welovecycling.com\/pl\/wp-json\/wp\/v2\/posts"}],"about":[{"href":"https:\/\/www.welovecycling.com\/pl\/wp-json\/wp\/v2\/types\/post"}],"author":[{"embeddable":true,"href":"https:\/\/www.welovecycling.com\/pl\/wp-json\/wp\/v2\/users\/153"}],"replies":[{"embeddable":true,"href":"https:\/\/www.welovecycling.com\/pl\/wp-json\/wp\/v2\/comments?post=13047"}],"version-history":[{"count":1,"href":"https:\/\/www.welovecycling.com\/pl\/wp-json\/wp\/v2\/posts\/13047\/revisions"}],"predecessor-version":[{"id":13054,"href":"https:\/\/www.welovecycling.com\/pl\/wp-json\/wp\/v2\/posts\/13047\/revisions\/13054"}],"wp:featuredmedia":[{"embeddable":true,"href":"https:\/\/www.welovecycling.com\/pl\/wp-json\/wp\/v2\/media\/13053"}],"wp:attachment":[{"href":"https:\/\/www.welovecycling.com\/pl\/wp-json\/wp\/v2\/media?parent=13047"}],"wp:term":[{"taxonomy":"category","embeddable":true,"href":"https:\/\/www.welovecycling.com\/pl\/wp-json\/wp\/v2\/categories?post=13047"},{"taxonomy":"post_tag","embeddable":true,"href":"https:\/\/www.welovecycling.com\/pl\/wp-json\/wp\/v2\/tags?post=13047"},{"taxonomy":"global-categories","embeddable":true,"href":"https:\/\/www.welovecycling.com\/pl\/wp-json\/wp\/v2\/global-categories?post=13047"}],"curies":[{"name":"wp","href":"https:\/\/api.w.org\/{rel}","templated":true}]}}