{"id":13030,"date":"2022-07-11T14:00:37","date_gmt":"2022-07-11T14:00:37","guid":{"rendered":"https:\/\/www.welovecycling.com\/pl\/?p=13030"},"modified":"2022-07-11T14:00:37","modified_gmt":"2022-07-11T14:00:37","slug":"takiego-zawodnika-w-peletonie-nie-bylo-od-lat","status":"publish","type":"post","link":"https:\/\/www.welovecycling.com\/pl\/2022\/07\/11\/takiego-zawodnika-w-peletonie-nie-bylo-od-lat\/","title":{"rendered":"Takiego zawodnika w peletonie nie by\u0142o od lat!"},"content":{"rendered":"<p><strong>Tadej Pogacar z \u017c\u00f3\u0142t\u0105 i bia\u0142\u0105, a Wout van Aert z zielon\u0105 koszulk\u0105 na zako\u0144czenie Tour de France? Cho\u0107 wy\u015bcig nie dotar\u0142 jeszcze do p\u00f3\u0142metka, to faworyci do wygrania trzech klasyfikacji s\u0105 ju\u017c znani. A teraz do gry wchodz\u0105 g\u00f3rale.<\/strong><\/p>\n<p>Podczas tegorocznej Wielkiej P\u0119tli komentatorzy wymieniaj\u0105 g\u0142\u00f3wnie dwa nazwiska. Van Aert \u015bwietnie spisa\u0142 si\u0119 na pierwszych etapach i z Danii wyjecha\u0142 z koszulk\u0105 lidera, ale gdy za powa\u017cne \u015bciganie wzi\u0105\u0142 si\u0119 Pogacar, to nie tylko przej\u0105\u0142 prowadzenie w klasyfikacji generalnej, ale r\u00f3wnie\u017c zacz\u0105\u0142 zgarnia\u0107 etapy.<\/p>\n<div class=\"embed-controller-wrapper\">\n<blockquote class=\"twitter-tweet\" data-width=\"500\" data-dnt=\"true\">\n<p lang=\"fr\" dir=\"ltr\">\ud83d\udc9bRT &amp; follow for the chance to win a <a href=\"https:\/\/twitter.com\/TamauPogi?ref_src=twsrc%5Etfw\">@TamauPogi<\/a>  Yellow Jersey with <a href=\"https:\/\/twitter.com\/SANTINI_SMS?ref_src=twsrc%5Etfw\">@SANTINI_SMS<\/a>  <\/p>\n<p>\ud83d\udc9bRT &amp; follow pour tenter de gagner un Maillot Jaune d\u00e9dicac\u00e9 par <a href=\"https:\/\/twitter.com\/TamauPogi?ref_src=twsrc%5Etfw\">@TamauPogi<\/a> avec <a href=\"https:\/\/twitter.com\/SANTINI_SMS?ref_src=twsrc%5Etfw\">@SANTINI_SMS<\/a>  <a href=\"https:\/\/twitter.com\/hashtag\/TDF2022?src=hash&amp;ref_src=twsrc%5Etfw\">#TDF2022<\/a> <a href=\"https:\/\/t.co\/HeBn9ZDYWe\">pic.twitter.com\/HeBn9ZDYWe<\/a><\/p>\n<p>&mdash; Tour de France\u2122 (@LeTour) <a href=\"https:\/\/twitter.com\/LeTour\/status\/1546177430527700992?ref_src=twsrc%5Etfw\">July 10, 2022<\/a><\/p><\/blockquote>\n<p><script async data-src=\"https:\/\/platform.twitter.com\/widgets.js\" charset=\"utf-8\"><\/script><\/div>\n<p>Niespe\u0142na 24-letni S\u0142oweniec wygl\u0105da na zawodnika, jakiego w kolarstwie nie by\u0142o przez dziesi\u0119ciolecia. W tym momencie jego najwi\u0119kszymi przeszkodami do wygrania trzeciego z rz\u0119du Tour de France s\u0105 ewentualne kraksy lub kontuzje, a nie rywale.<\/p>\n<h2><strong>Pi\u0119kna ucieczka<\/strong><\/h2>\n<p>Pogacar ostatnie miesi\u0105ce ca\u0142kowicie podporz\u0105dkowa\u0142 Wielkiej P\u0119tli. Podczas gdy jego konkurenci \u015bcigali si\u0119 na Giro d\u2019Italia i innych zawodach z cyklu UCI World Tour, Pogacar cel mia\u0142 jeden \u2013 przejecha\u0107 w \u017c\u00f3\u0142tej koszulce po Polach Elizejskich. Przygotowywa\u0142 si\u0119 do tego w Alpach, wykr\u0119ca\u0142 dziennie setki kilometr\u00f3w, a efekt jest dzi\u015b a\u017c nadto widoczny \u2013 S\u0142oweniec wygra\u0142 pi\u0105ty i sz\u00f3sty etap, przej\u0105\u0142 koszulk\u0119 lidera i teraz utrzymuje przewag\u0119 39 sekund nad Jonasem Vingegaardem (Jumbo \u2013 Visma) oraz 77 sekund nad Geraintem Thomasem (Ineo Grenadiers).<\/p>\n<p>W niedziel\u0119 S\u0142oweniec zaj\u0105\u0142 pi\u0105te miejsce, ale zn\u00f3w kontrolowa\u0142 rywali, dzi\u0119ki czemu swoje pierwsze zwyci\u0119stwo w Wielkiej P\u0119tli wywalczy\u0142 Bob Jungels (AG2R Citroen). Luksemburczyk ucieka\u0142 przez 60 km i w ko\u0144cu sam wpad\u0142 na lini\u0119 mety. \u2013 Jego marzenia o wygraniu etapu w\u0142a\u015bnie si\u0119 zi\u015bci\u0142y. To by\u0142a absolutnie heroiczna jazda \u2013 zachwycali si\u0119 komentatorzy Eurosportu.<\/p>\n<div class=\"embed-controller-wrapper\">\n<blockquote class=\"twitter-tweet\" data-width=\"500\" data-dnt=\"true\">\n<p lang=\"en\" dir=\"ltr\">\ud83e\udd29 Incredible landscapes, a magnificent solo ride from \ud83c\uddf1\ud83c\uddfa <a href=\"https:\/\/twitter.com\/BobJungels?ref_src=twsrc%5Etfw\">@BobJungels<\/a> and the return of \ud83c\uddeb\ud83c\uddf7 <a href=\"https:\/\/twitter.com\/ThibautPinot?ref_src=twsrc%5Etfw\">@ThibautPinot<\/a>, it was an animated 9th stage to be enjoyed without moderation!<\/p>\n<p>\ud83d\ude34 Tomorrow, it&#39;s the rest day! <a href=\"https:\/\/t.co\/STqM7mawyU\">pic.twitter.com\/STqM7mawyU<\/a><\/p>\n<p>&mdash; Tour de France\u2122 (@LeTour) <a href=\"https:\/\/twitter.com\/LeTour\/status\/1546192335289159681?ref_src=twsrc%5Etfw\">July 10, 2022<\/a><\/p><\/blockquote>\n<p><script async data-src=\"https:\/\/platform.twitter.com\/widgets.js\" charset=\"utf-8\"><\/script><\/div>\n<h2><strong>Jazda pod presj\u0105<\/strong><\/h2>\n<p>O swoje walczy\u0142 r\u00f3wnie\u017c Wout van Aert, na razie najwi\u0119kszy rywal Pogacara. Je\u015bli chodzi o klasyfikacj\u0119 generaln\u0105, to Belg swoje ju\u017c zrobi\u0142 (by\u0142 liderem od drugiego do pi\u0105tego etapu), a teraz chce dojecha\u0107 do Pary\u017ca w zielonej koszulce lidera klasyfikacji punktowej. Na razie jest na bardzo dobrej drodze, bo ma a\u017c 135 punkt\u00f3w przewagi nad drugim w klasyfikacji Fabio Jakobsenem (Quick-Step Alpha Vinyl Team), do tego do\u0142o\u017cy\u0142 wygran\u0105 na \u00f3smym etapie.<\/p>\n<p>\u2013 To by\u0142o wa\u017cne zwyci\u0119stwo, je\u015bli chodzi o klasyfikacj\u0119 punktow\u0105. Ci\u0105\u017cy\u0142a na mnie du\u017ca presja, ale na szcz\u0119\u015bcie w takich sytuacjach radz\u0119 sobie najlepiej. Nie da si\u0119 jednak wygra\u0107 bez pomocy zespo\u0142u, wi\u0119c bardzo si\u0119 ciesz\u0119, \u017ce mog\u0142em wyko\u0144czy\u0107 ich prac\u0119 \u2013 podkre\u015bla\u0142 van Aert.<\/p>\n<div class=\"embed-controller-wrapper\">\n<blockquote class=\"twitter-tweet\" data-width=\"500\" data-dnt=\"true\">\n<p lang=\"fr\" dir=\"ltr\">Rest day \ud83e\udd71<br \/>Journ\u00e9e de repos \ud83e\udd71<a href=\"https:\/\/twitter.com\/hashtag\/TDF2022?src=hash&amp;ref_src=twsrc%5Etfw\">#TDF2022<\/a>\u23aa<a href=\"https:\/\/twitter.com\/WoutvanAert?ref_src=twsrc%5Etfw\">@WoutvanAert<\/a><\/p>\n<p>\ud83d\udcf8 A.S.O \/ <a href=\"https:\/\/twitter.com\/PaulineBallet?ref_src=twsrc%5Etfw\">@PaulineBallet<\/a> <a href=\"https:\/\/t.co\/pPj8vGALbr\">pic.twitter.com\/pPj8vGALbr<\/a><\/p>\n<p>&mdash; Tour de France\u2122 (@LeTour) <a href=\"https:\/\/twitter.com\/LeTour\/status\/1546383788246065152?ref_src=twsrc%5Etfw\">July 11, 2022<\/a><\/p><\/blockquote>\n<p><script async data-src=\"https:\/\/platform.twitter.com\/widgets.js\" charset=\"utf-8\"><\/script><\/div>\n<h2><strong>Czas na g\u00f3ry<\/strong><\/h2>\n<p>W poniedzia\u0142ek zawodnicy maj\u0105 przerw\u0119, ale od jutra rumie\u0144c\u00f3w nabierze walka o koszulk\u0119 lidera klasyfikacji g\u00f3rskiej. Na razie prowadzi Simon Geschke (Cofidis), kt\u00f3ry ma punkt przewagi nad Bobem Jungelsem oraz pi\u0119\u0107 nad Thibautem Pinot (Groupama \u2013 FDJ).<\/p>\n<div class=\"embed-controller-wrapper\">\n<blockquote class=\"twitter-tweet\" data-width=\"500\" data-dnt=\"true\">\n<p lang=\"fr\" dir=\"ltr\">Le nouveau <a href=\"https:\/\/twitter.com\/maillotapois?ref_src=twsrc%5Etfw\">@maillotapois<\/a> du <a href=\"https:\/\/twitter.com\/hashtag\/TDF2022?src=hash&amp;ref_src=twsrc%5Etfw\">#TDF2022<\/a> vient d&#39;en terminer. Le plus dur commence : le garder le plus longtemps possible !<\/p>\n<p>Bravo <a href=\"https:\/\/twitter.com\/simongeschke?ref_src=twsrc%5Etfw\">@simongeschke<\/a>, bravo Ion pour cette journ\u00e9e \ud83d\udc4f <a href=\"https:\/\/t.co\/9Uak8SFzkd\">pic.twitter.com\/9Uak8SFzkd<\/a><\/p>\n<p>&mdash; Team Cofidis (@TeamCOFIDIS) <a href=\"https:\/\/twitter.com\/TeamCOFIDIS\/status\/1546157016342827010?ref_src=twsrc%5Etfw\">July 10, 2022<\/a><\/p><\/blockquote>\n<p><script async data-src=\"https:\/\/platform.twitter.com\/widgets.js\" charset=\"utf-8\"><\/script><\/div>\n<p>We wtorek zawodnicy pojad\u0105 pag\u00f3rkowaty etap z Morzine do Megeve, natomiast od \u015brody zacznie si\u0119 walka w g\u00f3rach. Najpierw etap z Albertville do Col du Granon, a nast\u0119pnie wspinaczka na legendarny L\u2019Alpe d\u2019Huez. P\u00f3\u017aniej do g\u0142osu zn\u00f3w dojd\u0105 specjali\u015bci od teren\u00f3w p\u0142askich i pag\u00f3rkowatych, a losy klasyfikacji g\u00f3rskiej, i by\u0107 mo\u017ce ca\u0142ego wy\u015bcigu, rozegraj\u0105 si\u0119 na etapach Saint-Gaudens \u2013 Peyragudes oraz Lourdes \u2013 Hautacam.<\/p>\n<div class=\"embed-controller-wrapper\">\n<blockquote class=\"twitter-tweet\" data-width=\"500\" data-dnt=\"true\">\n<p lang=\"fr\" dir=\"ltr\">\ud83c\udfc6 Jerseys and rankings after stage 9<\/p>\n<p>\ud83c\udfc6 Maillots distinctifs et classements apr\u00e8s l&#39;\u00e9tape 9<a href=\"https:\/\/twitter.com\/hashtag\/TDF2022?src=hash&amp;ref_src=twsrc%5Etfw\">#TDF2022<\/a> <a href=\"https:\/\/t.co\/aBUP0jp02w\">pic.twitter.com\/aBUP0jp02w<\/a><\/p>\n<p>&mdash; Tour de France\u2122 (@LeTour) <a href=\"https:\/\/twitter.com\/LeTour\/status\/1546173969312747520?ref_src=twsrc%5Etfw\">July 10, 2022<\/a><\/p><\/blockquote>\n<p><script async data-src=\"https:\/\/platform.twitter.com\/widgets.js\" charset=\"utf-8\"><\/script><\/div>\n<p>Zako\u0144czenie Tour de France 24 lipca w Pary\u017cu.<\/p>\n<p><a class=\"in-cell-link\" href=\"http:\/\/www.skoda-auto.pl\/\" target=\"_blank\" rel=\"noopener noreferrer\">Artyku\u0142 powsta\u0142 we wsp\u00f3\u0142pracy ze skoda-auto.pl<\/a><\/p>\n<p><a href=\"https:\/\/www.skoda-auto.pl\/modele\/nowa-octavia\"><img loading=\"lazy\" decoding=\"async\" class=\"alignnone size-full wp-image-11630 aligncenter\" src=\"https:\/\/d2p6e6u75xmxt8.cloudfront.net\/5\/2021\/12\/640x350-1.jpg\" alt=\"\" width=\"640\" height=\"350\" srcset=\"https:\/\/d2p6e6u75xmxt8.cloudfront.net\/5\/2021\/12\/640x350-1.jpg 640w, https:\/\/d2p6e6u75xmxt8.cloudfront.net\/5\/2021\/12\/640x350-1-300x164.jpg 300w\" sizes=\"auto, (max-width: 640px) 100vw, 640px\" \/><\/a><\/p>\n","protected":false},"excerpt":{"rendered":"<p>Tadej Pogacar z \u017c\u00f3\u0142t\u0105 i bia\u0142\u0105, a Wout van Aert z zielon\u0105 koszulk\u0105 na zako\u0144czenie Tour de France? Cho\u0107 wy\u015bcig [&hellip;]<\/p>\n","protected":false},"author":153,"featured_media":13040,"comment_status":"open","ping_status":"open","sticky":false,"template":"","format":"standard","meta":{"footnotes":""},"categories":[1],"tags":[362,366],"global-categories":[303],"class_list":["post-13030","post","type-post","status-publish","format-standard","has-post-thumbnail","hentry","category-uncategorized","tag-piotr-nowik","tag-tour-de-france-2022","global-categories-cycling"],"yoast_head":"<!-- This site is optimized with the Yoast SEO Premium plugin v25.3 (Yoast SEO v25.9) - https:\/\/yoast.com\/wordpress\/plugins\/seo\/ -->\n<title>Takiego zawodnika w peletonie nie by\u0142o od lat! - \u0160koda We Love Cycling - Poland<\/title>\n<meta name=\"robots\" content=\"index, follow, max-snippet:-1, max-image-preview:large, max-video-preview:-1\" \/>\n<link rel=\"canonical\" href=\"https:\/\/www.welovecycling.com\/pl\/2022\/07\/11\/takiego-zawodnika-w-peletonie-nie-bylo-od-lat\/\" \/>\n<meta property=\"og:locale\" content=\"pl_PL\" \/>\n<meta property=\"og:type\" content=\"article\" \/>\n<meta property=\"og:title\" content=\"Takiego zawodnika w peletonie nie by\u0142o od lat!\" \/>\n<meta property=\"og:description\" content=\"Tadej Pogacar z \u017c\u00f3\u0142t\u0105 i bia\u0142\u0105, a Wout van Aert z zielon\u0105 koszulk\u0105 na zako\u0144czenie Tour de France? Cho\u0107 wy\u015bcig [&hellip;]\" \/>\n<meta property=\"og:url\" content=\"https:\/\/www.welovecycling.com\/pl\/2022\/07\/11\/takiego-zawodnika-w-peletonie-nie-bylo-od-lat\/\" \/>\n<meta property=\"og:site_name\" content=\"\u0160koda We Love Cycling - Poland\" \/>\n<meta property=\"article:published_time\" content=\"2022-07-11T14:00:37+00:00\" \/>\n<meta property=\"og:image\" content=\"https:\/\/d2p6e6u75xmxt8.cloudfront.net\/5\/2022\/07\/Tour-pogacar-profimedia-0621700737-1024x683-1.jpg\" \/>\n\t<meta property=\"og:image:width\" content=\"1024\" \/>\n\t<meta property=\"og:image:height\" content=\"683\" \/>\n\t<meta property=\"og:image:type\" content=\"image\/jpeg\" \/>\n<meta name=\"author\" content=\"rafal\" \/>\n<meta name=\"twitter:card\" content=\"summary_large_image\" \/>\n<meta name=\"twitter:label1\" content=\"Written by\" \/>\n\t<meta name=\"twitter:data1\" content=\"Piotr Nowik\" \/>\n\t<meta name=\"twitter:label2\" content=\"Est. reading time\" \/>\n\t<meta name=\"twitter:data2\" content=\"3 minutes\" \/>\n<script type=\"application\/ld+json\" class=\"yoast-schema-graph\">{\"@context\":\"https:\/\/schema.org\",\"@graph\":[{\"@type\":\"WebPage\",\"@id\":\"https:\/\/www.welovecycling.com\/pl\/2022\/07\/11\/takiego-zawodnika-w-peletonie-nie-bylo-od-lat\/\",\"url\":\"https:\/\/www.welovecycling.com\/pl\/2022\/07\/11\/takiego-zawodnika-w-peletonie-nie-bylo-od-lat\/\",\"name\":\"Takiego zawodnika w peletonie nie by\u0142o od lat! - \u0160koda We Love Cycling - Poland\",\"isPartOf\":{\"@id\":\"https:\/\/www.welovecycling.com\/pl\/#website\"},\"primaryImageOfPage\":{\"@id\":\"https:\/\/www.welovecycling.com\/pl\/2022\/07\/11\/takiego-zawodnika-w-peletonie-nie-bylo-od-lat\/#primaryimage\"},\"image\":{\"@id\":\"https:\/\/www.welovecycling.com\/pl\/2022\/07\/11\/takiego-zawodnika-w-peletonie-nie-bylo-od-lat\/#primaryimage\"},\"thumbnailUrl\":\"https:\/\/d2p6e6u75xmxt8.cloudfront.net\/5\/2022\/07\/Tour-pogacar-profimedia-0621700737-1024x683-1.jpg\",\"datePublished\":\"2022-07-11T14:00:37+00:00\",\"author\":{\"@id\":\"https:\/\/www.welovecycling.com\/pl\/#\/schema\/person\/bf06ed916a1ef16618807fb60d2ebe42\"},\"breadcrumb\":{\"@id\":\"https:\/\/www.welovecycling.com\/pl\/2022\/07\/11\/takiego-zawodnika-w-peletonie-nie-bylo-od-lat\/#breadcrumb\"},\"inLanguage\":\"pl-PL\",\"potentialAction\":[{\"@type\":\"ReadAction\",\"target\":[\"https:\/\/www.welovecycling.com\/pl\/2022\/07\/11\/takiego-zawodnika-w-peletonie-nie-bylo-od-lat\/\"]}]},{\"@type\":\"ImageObject\",\"inLanguage\":\"pl-PL\",\"@id\":\"https:\/\/www.welovecycling.com\/pl\/2022\/07\/11\/takiego-zawodnika-w-peletonie-nie-bylo-od-lat\/#primaryimage\",\"url\":\"https:\/\/d2p6e6u75xmxt8.cloudfront.net\/5\/2022\/07\/Tour-pogacar-profimedia-0621700737-1024x683-1.jpg\",\"contentUrl\":\"https:\/\/d2p6e6u75xmxt8.cloudfront.net\/5\/2022\/07\/Tour-pogacar-profimedia-0621700737-1024x683-1.jpg\",\"width\":1024,\"height\":683},{\"@type\":\"BreadcrumbList\",\"@id\":\"https:\/\/www.welovecycling.com\/pl\/2022\/07\/11\/takiego-zawodnika-w-peletonie-nie-bylo-od-lat\/#breadcrumb\",\"itemListElement\":[{\"@type\":\"ListItem\",\"position\":1,\"name\":\"Home\",\"item\":\"https:\/\/www.welovecycling.com\/pl\/\"},{\"@type\":\"ListItem\",\"position\":2,\"name\":\"Takiego zawodnika w peletonie nie by\u0142o od lat!\"}]},{\"@type\":\"WebSite\",\"@id\":\"https:\/\/www.welovecycling.com\/pl\/#website\",\"url\":\"https:\/\/www.welovecycling.com\/pl\/\",\"name\":\"\u0160koda We Love Cycling - Poland\",\"description\":\"\",\"potentialAction\":[{\"@type\":\"SearchAction\",\"target\":{\"@type\":\"EntryPoint\",\"urlTemplate\":\"https:\/\/www.welovecycling.com\/pl\/?s={search_term_string}\"},\"query-input\":{\"@type\":\"PropertyValueSpecification\",\"valueRequired\":true,\"valueName\":\"search_term_string\"}}],\"inLanguage\":\"pl-PL\"},{\"@type\":\"Person\",\"@id\":\"https:\/\/www.welovecycling.com\/pl\/#\/schema\/person\/bf06ed916a1ef16618807fb60d2ebe42\",\"name\":\"rafal\",\"image\":{\"@type\":\"ImageObject\",\"inLanguage\":\"pl-PL\",\"@id\":\"https:\/\/www.welovecycling.com\/pl\/#\/schema\/person\/image\/\",\"url\":\"https:\/\/secure.gravatar.com\/avatar\/203f240e63bee214f6f3a0dacbeb600c7829c09716c2b9ee3230c6961debcde2?s=96&d=mm&r=g\",\"contentUrl\":\"https:\/\/secure.gravatar.com\/avatar\/203f240e63bee214f6f3a0dacbeb600c7829c09716c2b9ee3230c6961debcde2?s=96&d=mm&r=g\",\"caption\":\"rafal\"},\"url\":\"https:\/\/www.welovecycling.com\/pl\/author\/rafal\/\"}]}<\/script>\n<!-- \/ Yoast SEO Premium plugin. -->","yoast_head_json":{"title":"Takiego zawodnika w peletonie nie by\u0142o od lat! - \u0160koda We Love Cycling - Poland","robots":{"index":"index","follow":"follow","max-snippet":"max-snippet:-1","max-image-preview":"max-image-preview:large","max-video-preview":"max-video-preview:-1"},"canonical":"https:\/\/www.welovecycling.com\/pl\/2022\/07\/11\/takiego-zawodnika-w-peletonie-nie-bylo-od-lat\/","og_locale":"pl_PL","og_type":"article","og_title":"Takiego zawodnika w peletonie nie by\u0142o od lat!","og_description":"Tadej Pogacar z \u017c\u00f3\u0142t\u0105 i bia\u0142\u0105, a Wout van Aert z zielon\u0105 koszulk\u0105 na zako\u0144czenie Tour de France? Cho\u0107 wy\u015bcig [&hellip;]","og_url":"https:\/\/www.welovecycling.com\/pl\/2022\/07\/11\/takiego-zawodnika-w-peletonie-nie-bylo-od-lat\/","og_site_name":"\u0160koda We Love Cycling - Poland","article_published_time":"2022-07-11T14:00:37+00:00","og_image":[{"width":1024,"height":683,"url":"https:\/\/d2p6e6u75xmxt8.cloudfront.net\/5\/2022\/07\/Tour-pogacar-profimedia-0621700737-1024x683-1.jpg","type":"image\/jpeg"}],"author":"rafal","twitter_card":"summary_large_image","twitter_misc":{"Written by":"Piotr Nowik","Est. reading time":"3 minutes"},"schema":{"@context":"https:\/\/schema.org","@graph":[{"@type":"WebPage","@id":"https:\/\/www.welovecycling.com\/pl\/2022\/07\/11\/takiego-zawodnika-w-peletonie-nie-bylo-od-lat\/","url":"https:\/\/www.welovecycling.com\/pl\/2022\/07\/11\/takiego-zawodnika-w-peletonie-nie-bylo-od-lat\/","name":"Takiego zawodnika w peletonie nie by\u0142o od lat! - \u0160koda We Love Cycling - Poland","isPartOf":{"@id":"https:\/\/www.welovecycling.com\/pl\/#website"},"primaryImageOfPage":{"@id":"https:\/\/www.welovecycling.com\/pl\/2022\/07\/11\/takiego-zawodnika-w-peletonie-nie-bylo-od-lat\/#primaryimage"},"image":{"@id":"https:\/\/www.welovecycling.com\/pl\/2022\/07\/11\/takiego-zawodnika-w-peletonie-nie-bylo-od-lat\/#primaryimage"},"thumbnailUrl":"https:\/\/d2p6e6u75xmxt8.cloudfront.net\/5\/2022\/07\/Tour-pogacar-profimedia-0621700737-1024x683-1.jpg","datePublished":"2022-07-11T14:00:37+00:00","author":{"@id":"https:\/\/www.welovecycling.com\/pl\/#\/schema\/person\/bf06ed916a1ef16618807fb60d2ebe42"},"breadcrumb":{"@id":"https:\/\/www.welovecycling.com\/pl\/2022\/07\/11\/takiego-zawodnika-w-peletonie-nie-bylo-od-lat\/#breadcrumb"},"inLanguage":"pl-PL","potentialAction":[{"@type":"ReadAction","target":["https:\/\/www.welovecycling.com\/pl\/2022\/07\/11\/takiego-zawodnika-w-peletonie-nie-bylo-od-lat\/"]}]},{"@type":"ImageObject","inLanguage":"pl-PL","@id":"https:\/\/www.welovecycling.com\/pl\/2022\/07\/11\/takiego-zawodnika-w-peletonie-nie-bylo-od-lat\/#primaryimage","url":"https:\/\/d2p6e6u75xmxt8.cloudfront.net\/5\/2022\/07\/Tour-pogacar-profimedia-0621700737-1024x683-1.jpg","contentUrl":"https:\/\/d2p6e6u75xmxt8.cloudfront.net\/5\/2022\/07\/Tour-pogacar-profimedia-0621700737-1024x683-1.jpg","width":1024,"height":683},{"@type":"BreadcrumbList","@id":"https:\/\/www.welovecycling.com\/pl\/2022\/07\/11\/takiego-zawodnika-w-peletonie-nie-bylo-od-lat\/#breadcrumb","itemListElement":[{"@type":"ListItem","position":1,"name":"Home","item":"https:\/\/www.welovecycling.com\/pl\/"},{"@type":"ListItem","position":2,"name":"Takiego zawodnika w peletonie nie by\u0142o od lat!"}]},{"@type":"WebSite","@id":"https:\/\/www.welovecycling.com\/pl\/#website","url":"https:\/\/www.welovecycling.com\/pl\/","name":"\u0160koda We Love Cycling - Poland","description":"","potentialAction":[{"@type":"SearchAction","target":{"@type":"EntryPoint","urlTemplate":"https:\/\/www.welovecycling.com\/pl\/?s={search_term_string}"},"query-input":{"@type":"PropertyValueSpecification","valueRequired":true,"valueName":"search_term_string"}}],"inLanguage":"pl-PL"},{"@type":"Person","@id":"https:\/\/www.welovecycling.com\/pl\/#\/schema\/person\/bf06ed916a1ef16618807fb60d2ebe42","name":"rafal","image":{"@type":"ImageObject","inLanguage":"pl-PL","@id":"https:\/\/www.welovecycling.com\/pl\/#\/schema\/person\/image\/","url":"https:\/\/secure.gravatar.com\/avatar\/203f240e63bee214f6f3a0dacbeb600c7829c09716c2b9ee3230c6961debcde2?s=96&d=mm&r=g","contentUrl":"https:\/\/secure.gravatar.com\/avatar\/203f240e63bee214f6f3a0dacbeb600c7829c09716c2b9ee3230c6961debcde2?s=96&d=mm&r=g","caption":"rafal"},"url":"https:\/\/www.welovecycling.com\/pl\/author\/rafal\/"}]}},"_links":{"self":[{"href":"https:\/\/www.welovecycling.com\/pl\/wp-json\/wp\/v2\/posts\/13030","targetHints":{"allow":["GET"]}}],"collection":[{"href":"https:\/\/www.welovecycling.com\/pl\/wp-json\/wp\/v2\/posts"}],"about":[{"href":"https:\/\/www.welovecycling.com\/pl\/wp-json\/wp\/v2\/types\/post"}],"author":[{"embeddable":true,"href":"https:\/\/www.welovecycling.com\/pl\/wp-json\/wp\/v2\/users\/153"}],"replies":[{"embeddable":true,"href":"https:\/\/www.welovecycling.com\/pl\/wp-json\/wp\/v2\/comments?post=13030"}],"version-history":[{"count":2,"href":"https:\/\/www.welovecycling.com\/pl\/wp-json\/wp\/v2\/posts\/13030\/revisions"}],"predecessor-version":[{"id":13041,"href":"https:\/\/www.welovecycling.com\/pl\/wp-json\/wp\/v2\/posts\/13030\/revisions\/13041"}],"wp:featuredmedia":[{"embeddable":true,"href":"https:\/\/www.welovecycling.com\/pl\/wp-json\/wp\/v2\/media\/13040"}],"wp:attachment":[{"href":"https:\/\/www.welovecycling.com\/pl\/wp-json\/wp\/v2\/media?parent=13030"}],"wp:term":[{"taxonomy":"category","embeddable":true,"href":"https:\/\/www.welovecycling.com\/pl\/wp-json\/wp\/v2\/categories?post=13030"},{"taxonomy":"post_tag","embeddable":true,"href":"https:\/\/www.welovecycling.com\/pl\/wp-json\/wp\/v2\/tags?post=13030"},{"taxonomy":"global-categories","embeddable":true,"href":"https:\/\/www.welovecycling.com\/pl\/wp-json\/wp\/v2\/global-categories?post=13030"}],"curies":[{"name":"wp","href":"https:\/\/api.w.org\/{rel}","templated":true}]}}