{"id":13020,"date":"2022-07-08T12:51:01","date_gmt":"2022-07-08T12:51:01","guid":{"rendered":"https:\/\/www.welovecycling.com\/pl\/?p=13020"},"modified":"2022-07-08T12:51:01","modified_gmt":"2022-07-08T12:51:01","slug":"historia-tour-de-france-dzieje-sie-na-naszych-oczach","status":"publish","type":"post","link":"https:\/\/www.welovecycling.com\/pl\/2022\/07\/08\/historia-tour-de-france-dzieje-sie-na-naszych-oczach\/","title":{"rendered":"Historia Tour de France dzieje si\u0119 na naszych oczach"},"content":{"rendered":"<p><strong>Zgarn\u0105\u0142 najd\u0142u\u017cszy etap oraz koszulk\u0119 lidera i jest faworytem, by zgarn\u0105\u0107 tak\u017ce ca\u0142y wy\u015bcig. Tadej Pogacar w\u0142a\u015bnie udowodni\u0142, \u017ce na naszych oczach ro\u015bnie jeden z najwi\u0119kszych zawodnik\u00f3w w historii kolarstwa. Dzi\u015b b\u0119dzie m\u00f3g\u0142 to potwierdzi\u0107 podczas pierwszego g\u00f3rskiego etapu.<\/strong><\/p>\n<p>Na Wielk\u0105 P\u0119tl\u0119 przyjecha\u0142 w jednym celu \u2013 zwyci\u0119\u017cy\u0107 trzeci raz z rz\u0119du i zbli\u017cy\u0107 si\u0119 do legend kolarstwa. Dwa lata temu wygra\u0142, niemal wyrywaj\u0105c \u017c\u00f3\u0142t\u0105 koszulk\u0119 swojemu rodakowi \u2013 Primo\u017cowi Rogliciowi. Przed rokiem pewnie pokona\u0142 ca\u0142\u0105 konkurencj\u0119 i jako jeden z niewielu w historii obroni\u0142 najwa\u017cniejszy trykot w kolarstwie. Teraz zamierza wygra\u0107 po raz trzeci i w\u0142a\u015bnie znalaz\u0142 si\u0119 na dobrej drodze, by to osi\u0105gn\u0105\u0107.<\/p>\n<div class=\"embed-controller-wrapper\">\n<blockquote class=\"twitter-tweet\" data-width=\"500\" data-dnt=\"true\">\n<p lang=\"fr\" dir=\"ltr\">The day after the cobbles was hectic ! \ud83d\ude43 <\/p>\n<p>Le jour d\u2019apr\u00e8s les pav\u00e9s fut chaotique ! \ud83d\ude43<a href=\"https:\/\/twitter.com\/hashtag\/TDF2022?src=hash&amp;ref_src=twsrc%5Etfw\">#TDF2022<\/a> <\/p>\n<p>\ud83d\udcf8 A.S.O \/ Jered &amp; Ashley Gruber <a href=\"https:\/\/t.co\/ZLxtFYKNDq\">pic.twitter.com\/ZLxtFYKNDq<\/a><\/p>\n<p>&mdash; Tour de France\u2122 (@LeTour) <a href=\"https:\/\/twitter.com\/LeTour\/status\/1545131788502126592?ref_src=twsrc%5Etfw\">July 7, 2022<\/a><\/p><\/blockquote>\n<p><script async data-src=\"https:\/\/platform.twitter.com\/widgets.js\" charset=\"utf-8\"><\/script><\/div>\n<p>Pogacar (UAE Team Emirates) zacz\u0105\u0142 spokojnie. W Danii ca\u0142y czas stawa\u0142 na podium klasyfikacji generalnej, ale na najni\u017cszym stopniu. Po pi\u0105tym etapie wypad\u0142 poza pierwsz\u0105 tr\u00f3jk\u0119, ale najwyra\u017aniej tylko go to zmotywowa\u0142o. Podczas czwartkowego, najd\u0142u\u017cszego etapu tegorocznej Wielkiej P\u0119tli (220 km) kolarze z pocz\u0105tku narzucili takie tempo, \u017ce gdyby policja w terenie zabudowanym dokonywa\u0142a pomiar\u00f3w pr\u0119dko\u015bci, to wielu z nich sko\u0144czy\u0142oby wy\u015bcig z mandatem. P\u00f3\u017aniej du\u017co wolniej te\u017c nie by\u0142o\u2026<\/p>\n<div class=\"embed-controller-wrapper\">\n<blockquote class=\"twitter-tweet\" data-width=\"500\" data-dnt=\"true\">\n<p lang=\"en\" dir=\"ltr\">\ud83e\udd29 The <a href=\"https:\/\/twitter.com\/WoutvanAert?ref_src=twsrc%5Etfw\">@WoutvanAert<\/a> show lit up the day before <a href=\"https:\/\/twitter.com\/TamauPogi?ref_src=twsrc%5Etfw\">@TamauPogi<\/a> took the reins in a fast, fast stage.<\/p>\n<p>\u23e9 Here are the highlights of a &quot;transition stage&quot; on the <a href=\"https:\/\/twitter.com\/hashtag\/TDF2022?src=hash&amp;ref_src=twsrc%5Etfw\">#TDF2022<\/a>. <a href=\"https:\/\/t.co\/hiB5Oj3W8o\">pic.twitter.com\/hiB5Oj3W8o<\/a><\/p>\n<p>&mdash; Tour de France\u2122 (@LeTour) <a href=\"https:\/\/twitter.com\/LeTour\/status\/1545101590004084738?ref_src=twsrc%5Etfw\">July 7, 2022<\/a><\/p><\/blockquote>\n<p><script async data-src=\"https:\/\/platform.twitter.com\/widgets.js\" charset=\"utf-8\"><\/script><\/div>\n<h2><strong>\u201eBrawa dla niego, pokaza\u0142 moc\u201d<\/strong><\/h2>\n<p>Mniej wi\u0119cej w po\u0142owie trasy zaatakowa\u0142 lider klasyfikacji generalnej \u2013 Wout van Aert (Jumbo-Visma). D\u0142ugo jecha\u0142 na czele, ale 11 km przed met\u0105 dopad\u0142 go peleton. \u2013 Brawa dla niego, pokaza\u0142 niesamowit\u0105 moc, ale korzy\u015bci to nie przyniesie, bo gdyby jecha\u0142 ca\u0142y czas w peletonie, to walczy\u0142by o wygran\u0105, a tak b\u0119dzie to chyba niemo\u017cliwe \u2013 komentowa\u0142 na gor\u0105co w Eurosporcie Dariusz Baranowski.<\/p>\n<p>By\u0142y znakomity polski kolarz mia\u0142 racj\u0119, bo to by\u0142a tylko rozgrzewka przed decyduj\u0105c\u0105 rozgrywk\u0105. Rozpocz\u0119\u0142o si\u0119 na podje\u017adzie, a zako\u0144czy\u0142o finiszem z peletonu. Pogacar na met\u0119 wpad\u0142 jako pierwszy, a w wygranej bardzo pom\u00f3g\u0142 mu m.in. Rafa\u0142 Majka.<\/p>\n<div class=\"embed-controller-wrapper\">\n<blockquote class=\"twitter-tweet\" data-width=\"500\" data-dnt=\"true\">\n<p lang=\"fr\" dir=\"ltr\">\ud83c\udfc6 \ud83c\uddf8\ud83c\uddee <a href=\"https:\/\/twitter.com\/TamauPogi?ref_src=twsrc%5Etfw\">@TamauPogi<\/a> wins in Longwy!<\/p>\n<p>\ud83c\udfc6\ud83c\uddf8\ud83c\uddee <a href=\"https:\/\/twitter.com\/TamauPogi?ref_src=twsrc%5Etfw\">@TamauPogi<\/a> intouchable \u00e0 <a href=\"https:\/\/twitter.com\/Villedelongwy?ref_src=twsrc%5Etfw\">@Villedelongwy<\/a> !<a href=\"https:\/\/twitter.com\/hashtag\/TDF2022?src=hash&amp;ref_src=twsrc%5Etfw\">#TDF2022<\/a> <a href=\"https:\/\/t.co\/tUNVJCXQ0K\">pic.twitter.com\/tUNVJCXQ0K<\/a><\/p>\n<p>&mdash; Tour de France\u2122 (@LeTour) <a href=\"https:\/\/twitter.com\/LeTour\/status\/1545056895576051712?ref_src=twsrc%5Etfw\">July 7, 2022<\/a><\/p><\/blockquote>\n<p><script async data-src=\"https:\/\/platform.twitter.com\/widgets.js\" charset=\"utf-8\"><\/script><\/div>\n<h2><strong>Od pocz\u0105tku by\u0142o ci\u0119\u017cko<\/strong><\/h2>\n<p>Na mecie \u015bwietnej jazdy S\u0142owe\u0144cowi gratulowali nie tylko jego koledzy z zespo\u0142u, ale tak\u017ce rywale. \u2013 Od samego startu by\u0142o ci\u0119\u017cko, pierwsze dwie godziny by\u0142y szalone, bo najmocniejszy go\u015b\u0107 odjecha\u0142 w ucieczce. W peletonie wielu kolarzy mocno pracowa\u0142o i my\u015bla\u0142em, \u017ce van Aert dojedzie do mety pierwszy, ale peleton okaza\u0142 si\u0119 jednak silniejszy \u2013 przyzna\u0142 na mecie Pogacar.<\/p>\n<div class=\"embed-controller-wrapper\">\n<blockquote class=\"twitter-tweet\" data-width=\"500\" data-dnt=\"true\">\n<p lang=\"fr\" dir=\"ltr\">\ud83c\udf99 &quot;Congrats! <br \/>-Thank you, you too!&quot;<\/p>\n<p>\ud83e\udd1d True sportsmanship on the finish line between <a href=\"https:\/\/twitter.com\/blingmatthews?ref_src=twsrc%5Etfw\">@blingmatthews<\/a> and <a href=\"https:\/\/twitter.com\/TamauPogi?ref_src=twsrc%5Etfw\">@TamauPogi<\/a>.<\/p>\n<p>\ud83c\udf99 &quot;F\u00e9licitations! <br \/>-Merci, \u00e0 toi aussi !&quot;<\/p>\n<p>Bel esprit sportif sur la ligne d&#39;arriv\u00e9e entre <a href=\"https:\/\/twitter.com\/blingmatthews?ref_src=twsrc%5Etfw\">@blingmatthews<\/a> et <a href=\"https:\/\/twitter.com\/TamauPogi?ref_src=twsrc%5Etfw\">@TamauPogi<\/a>.<a href=\"https:\/\/twitter.com\/hashtag\/TDF2022?src=hash&amp;ref_src=twsrc%5Etfw\">#TDF2022<\/a> | <a href=\"https:\/\/twitter.com\/Continental_fr?ref_src=twsrc%5Etfw\">@Continental_fr<\/a> <a href=\"https:\/\/t.co\/kVopsSyBFY\">pic.twitter.com\/kVopsSyBFY<\/a><\/p>\n<p>&mdash; Tour de France\u2122 (@LeTour) <a href=\"https:\/\/twitter.com\/LeTour\/status\/1545073548888350720?ref_src=twsrc%5Etfw\">July 7, 2022<\/a><\/p><\/blockquote>\n<p><script async data-src=\"https:\/\/platform.twitter.com\/widgets.js\" charset=\"utf-8\"><\/script><\/div>\n<p>Dzi\u0119ki wygranej S\u0142oweniec obj\u0105\u0142 prowadzenie w klasyfikacji generalnej, najlepszy jest r\u00f3wnie\u017c w klasyfikacji m\u0142odzie\u017cowej. W g\u00f3rskiej prowadzi Magnus Cort (EF Education\u2013EasyPost), a w punktowej \u2013 Wout van Aert. Z kolei najlepszym zespo\u0142em na razie jest Ineos Grenadiers.<\/p>\n<div class=\"embed-controller-wrapper\">\n<blockquote class=\"twitter-tweet\" data-width=\"500\" data-dnt=\"true\">\n<p lang=\"fr\" dir=\"ltr\">\ud83c\udfc6 Jerseys and rankings after stage 6<\/p>\n<p>\ud83c\udfc6 Maillots distinctifs et classements apr\u00e8s l&#39;\u00e9tape 6<a href=\"https:\/\/twitter.com\/hashtag\/TDF2022?src=hash&amp;ref_src=twsrc%5Etfw\">#TDF2022<\/a> <a href=\"https:\/\/t.co\/oEIIB7wPWX\">pic.twitter.com\/oEIIB7wPWX<\/a><\/p>\n<p>&mdash; Tour de France\u2122 (@LeTour) <a href=\"https:\/\/twitter.com\/LeTour\/status\/1545077546072641537?ref_src=twsrc%5Etfw\">July 7, 2022<\/a><\/p><\/blockquote>\n<p><script async data-src=\"https:\/\/platform.twitter.com\/widgets.js\" charset=\"utf-8\"><\/script><\/div>\n<h2><strong>Czas na g\u00f3ry<\/strong><\/h2>\n<p>W pi\u0105tek przed zawodnikami pierwsza pr\u00f3ba w g\u00f3rach. Kolarze przejad\u0105 176 km z Tomblaine do Planche des Belles Filles. By\u0107 mo\u017ce to w\u0142a\u015bnie na tym etapie Pogacar odbierze rywalom ochot\u0119 do walki o \u017c\u00f3\u0142t\u0105 koszulk\u0119.<\/p>\n<p>\u2013 Ka\u017cde kolejne zwyci\u0119stwo na Tour de France smakuje lepiej. Nie spodziewa\u0142em si\u0119, \u017ce ju\u017c teraz b\u0119d\u0119 jecha\u0142 w koszulce lidera, ale zobaczymy, co przynios\u0105 kolejne dni \u2013 podkre\u015bli\u0142 niespe\u0142na 24-letni S\u0142oweniec.<\/p>\n<p>Zako\u0144czenie wy\u015bcigu 24 lipca w Pary\u017cu.<\/p>\n<p><span data-sheets-value=\"{&quot;1&quot;:2,&quot;2&quot;:&quot;Artyku\u0142 powsta\u0142 we wsp\u00f3\u0142pracy ze skoda-auto.pl&quot;}\" data-sheets-userformat=\"{&quot;2&quot;:1,&quot;3&quot;:{&quot;1&quot;:0}}\" data-sheets-hyperlink=\"http:\/\/www.skoda-auto.pl\/\"><a class=\"in-cell-link\" href=\"http:\/\/www.skoda-auto.pl\/\" target=\"_blank\" rel=\"noopener noreferrer\">Artyku\u0142 powsta\u0142 we wsp\u00f3\u0142pracy ze skoda-auto.pl<\/a><\/span><\/p>\n<p><a href=\"https:\/\/www.skoda-auto.pl\/modele\/superb\"><img loading=\"lazy\" decoding=\"async\" class=\"alignnone size-full wp-image-11628 aligncenter\" src=\"https:\/\/d2p6e6u75xmxt8.cloudfront.net\/5\/2021\/12\/640x350-2-1.jpg\" alt=\"\" width=\"640\" height=\"350\" srcset=\"https:\/\/d2p6e6u75xmxt8.cloudfront.net\/5\/2021\/12\/640x350-2-1.jpg 640w, https:\/\/d2p6e6u75xmxt8.cloudfront.net\/5\/2021\/12\/640x350-2-1-300x164.jpg 300w\" sizes=\"auto, (max-width: 640px) 100vw, 640px\" \/><\/a><\/p>\n","protected":false},"excerpt":{"rendered":"<p>Zgarn\u0105\u0142 najd\u0142u\u017cszy etap oraz koszulk\u0119 lidera i jest faworytem, by zgarn\u0105\u0107 tak\u017ce ca\u0142y wy\u015bcig. Tadej Pogacar w\u0142a\u015bnie udowodni\u0142, \u017ce na [&hellip;]<\/p>\n","protected":false},"author":153,"featured_media":13027,"comment_status":"open","ping_status":"open","sticky":false,"template":"","format":"standard","meta":{"footnotes":""},"categories":[364],"tags":[362,366],"global-categories":[303],"class_list":["post-13020","post","type-post","status-publish","format-standard","has-post-thumbnail","hentry","category-tour-de-france-2022","tag-piotr-nowik","tag-tour-de-france-2022","global-categories-cycling"],"yoast_head":"<!-- This site is optimized with the Yoast SEO Premium plugin v25.3 (Yoast SEO v25.9) - https:\/\/yoast.com\/wordpress\/plugins\/seo\/ -->\n<title>Historia Tour de France dzieje si\u0119 na naszych oczach - \u0160koda We Love Cycling - Poland<\/title>\n<meta name=\"robots\" content=\"index, follow, max-snippet:-1, max-image-preview:large, max-video-preview:-1\" \/>\n<link rel=\"canonical\" href=\"https:\/\/www.welovecycling.com\/pl\/2022\/07\/08\/historia-tour-de-france-dzieje-sie-na-naszych-oczach\/\" \/>\n<meta property=\"og:locale\" content=\"pl_PL\" \/>\n<meta property=\"og:type\" content=\"article\" \/>\n<meta property=\"og:title\" content=\"Historia Tour de France dzieje si\u0119 na naszych oczach\" \/>\n<meta property=\"og:description\" content=\"Zgarn\u0105\u0142 najd\u0142u\u017cszy etap oraz koszulk\u0119 lidera i jest faworytem, by zgarn\u0105\u0107 tak\u017ce ca\u0142y wy\u015bcig. Tadej Pogacar w\u0142a\u015bnie udowodni\u0142, \u017ce na [&hellip;]\" \/>\n<meta property=\"og:url\" content=\"https:\/\/www.welovecycling.com\/pl\/2022\/07\/08\/historia-tour-de-france-dzieje-sie-na-naszych-oczach\/\" \/>\n<meta property=\"og:site_name\" content=\"\u0160koda We Love Cycling - Poland\" \/>\n<meta property=\"article:published_time\" content=\"2022-07-08T12:51:01+00:00\" \/>\n<meta property=\"og:image\" content=\"https:\/\/d2p6e6u75xmxt8.cloudfront.net\/5\/2022\/07\/Wout-van-Aert-profimedia-0705516065-CVR.jpg\" \/>\n\t<meta property=\"og:image:width\" content=\"990\" \/>\n\t<meta property=\"og:image:height\" content=\"660\" \/>\n\t<meta property=\"og:image:type\" content=\"image\/jpeg\" \/>\n<meta name=\"author\" content=\"rafal\" \/>\n<meta name=\"twitter:card\" content=\"summary_large_image\" \/>\n<meta name=\"twitter:label1\" content=\"Written by\" \/>\n\t<meta name=\"twitter:data1\" content=\"Piotr Nowik\" \/>\n\t<meta name=\"twitter:label2\" content=\"Est. reading time\" \/>\n\t<meta name=\"twitter:data2\" content=\"3 minutes\" \/>\n<script type=\"application\/ld+json\" class=\"yoast-schema-graph\">{\"@context\":\"https:\/\/schema.org\",\"@graph\":[{\"@type\":\"WebPage\",\"@id\":\"https:\/\/www.welovecycling.com\/pl\/2022\/07\/08\/historia-tour-de-france-dzieje-sie-na-naszych-oczach\/\",\"url\":\"https:\/\/www.welovecycling.com\/pl\/2022\/07\/08\/historia-tour-de-france-dzieje-sie-na-naszych-oczach\/\",\"name\":\"Historia Tour de France dzieje si\u0119 na naszych oczach - \u0160koda We Love Cycling - Poland\",\"isPartOf\":{\"@id\":\"https:\/\/www.welovecycling.com\/pl\/#website\"},\"primaryImageOfPage\":{\"@id\":\"https:\/\/www.welovecycling.com\/pl\/2022\/07\/08\/historia-tour-de-france-dzieje-sie-na-naszych-oczach\/#primaryimage\"},\"image\":{\"@id\":\"https:\/\/www.welovecycling.com\/pl\/2022\/07\/08\/historia-tour-de-france-dzieje-sie-na-naszych-oczach\/#primaryimage\"},\"thumbnailUrl\":\"https:\/\/d2p6e6u75xmxt8.cloudfront.net\/5\/2022\/07\/Wout-van-Aert-profimedia-0705516065-CVR.jpg\",\"datePublished\":\"2022-07-08T12:51:01+00:00\",\"author\":{\"@id\":\"https:\/\/www.welovecycling.com\/pl\/#\/schema\/person\/bf06ed916a1ef16618807fb60d2ebe42\"},\"breadcrumb\":{\"@id\":\"https:\/\/www.welovecycling.com\/pl\/2022\/07\/08\/historia-tour-de-france-dzieje-sie-na-naszych-oczach\/#breadcrumb\"},\"inLanguage\":\"pl-PL\",\"potentialAction\":[{\"@type\":\"ReadAction\",\"target\":[\"https:\/\/www.welovecycling.com\/pl\/2022\/07\/08\/historia-tour-de-france-dzieje-sie-na-naszych-oczach\/\"]}]},{\"@type\":\"ImageObject\",\"inLanguage\":\"pl-PL\",\"@id\":\"https:\/\/www.welovecycling.com\/pl\/2022\/07\/08\/historia-tour-de-france-dzieje-sie-na-naszych-oczach\/#primaryimage\",\"url\":\"https:\/\/d2p6e6u75xmxt8.cloudfront.net\/5\/2022\/07\/Wout-van-Aert-profimedia-0705516065-CVR.jpg\",\"contentUrl\":\"https:\/\/d2p6e6u75xmxt8.cloudfront.net\/5\/2022\/07\/Wout-van-Aert-profimedia-0705516065-CVR.jpg\",\"width\":990,\"height\":660},{\"@type\":\"BreadcrumbList\",\"@id\":\"https:\/\/www.welovecycling.com\/pl\/2022\/07\/08\/historia-tour-de-france-dzieje-sie-na-naszych-oczach\/#breadcrumb\",\"itemListElement\":[{\"@type\":\"ListItem\",\"position\":1,\"name\":\"Home\",\"item\":\"https:\/\/www.welovecycling.com\/pl\/\"},{\"@type\":\"ListItem\",\"position\":2,\"name\":\"Historia Tour de France dzieje si\u0119 na naszych oczach\"}]},{\"@type\":\"WebSite\",\"@id\":\"https:\/\/www.welovecycling.com\/pl\/#website\",\"url\":\"https:\/\/www.welovecycling.com\/pl\/\",\"name\":\"\u0160koda We Love Cycling - Poland\",\"description\":\"\",\"potentialAction\":[{\"@type\":\"SearchAction\",\"target\":{\"@type\":\"EntryPoint\",\"urlTemplate\":\"https:\/\/www.welovecycling.com\/pl\/?s={search_term_string}\"},\"query-input\":{\"@type\":\"PropertyValueSpecification\",\"valueRequired\":true,\"valueName\":\"search_term_string\"}}],\"inLanguage\":\"pl-PL\"},{\"@type\":\"Person\",\"@id\":\"https:\/\/www.welovecycling.com\/pl\/#\/schema\/person\/bf06ed916a1ef16618807fb60d2ebe42\",\"name\":\"rafal\",\"image\":{\"@type\":\"ImageObject\",\"inLanguage\":\"pl-PL\",\"@id\":\"https:\/\/www.welovecycling.com\/pl\/#\/schema\/person\/image\/\",\"url\":\"https:\/\/secure.gravatar.com\/avatar\/203f240e63bee214f6f3a0dacbeb600c7829c09716c2b9ee3230c6961debcde2?s=96&d=mm&r=g\",\"contentUrl\":\"https:\/\/secure.gravatar.com\/avatar\/203f240e63bee214f6f3a0dacbeb600c7829c09716c2b9ee3230c6961debcde2?s=96&d=mm&r=g\",\"caption\":\"rafal\"},\"url\":\"https:\/\/www.welovecycling.com\/pl\/author\/rafal\/\"}]}<\/script>\n<!-- \/ Yoast SEO Premium plugin. -->","yoast_head_json":{"title":"Historia Tour de France dzieje si\u0119 na naszych oczach - \u0160koda We Love Cycling - Poland","robots":{"index":"index","follow":"follow","max-snippet":"max-snippet:-1","max-image-preview":"max-image-preview:large","max-video-preview":"max-video-preview:-1"},"canonical":"https:\/\/www.welovecycling.com\/pl\/2022\/07\/08\/historia-tour-de-france-dzieje-sie-na-naszych-oczach\/","og_locale":"pl_PL","og_type":"article","og_title":"Historia Tour de France dzieje si\u0119 na naszych oczach","og_description":"Zgarn\u0105\u0142 najd\u0142u\u017cszy etap oraz koszulk\u0119 lidera i jest faworytem, by zgarn\u0105\u0107 tak\u017ce ca\u0142y wy\u015bcig. Tadej Pogacar w\u0142a\u015bnie udowodni\u0142, \u017ce na [&hellip;]","og_url":"https:\/\/www.welovecycling.com\/pl\/2022\/07\/08\/historia-tour-de-france-dzieje-sie-na-naszych-oczach\/","og_site_name":"\u0160koda We Love Cycling - Poland","article_published_time":"2022-07-08T12:51:01+00:00","og_image":[{"width":990,"height":660,"url":"https:\/\/d2p6e6u75xmxt8.cloudfront.net\/5\/2022\/07\/Wout-van-Aert-profimedia-0705516065-CVR.jpg","type":"image\/jpeg"}],"author":"rafal","twitter_card":"summary_large_image","twitter_misc":{"Written by":"Piotr Nowik","Est. reading time":"3 minutes"},"schema":{"@context":"https:\/\/schema.org","@graph":[{"@type":"WebPage","@id":"https:\/\/www.welovecycling.com\/pl\/2022\/07\/08\/historia-tour-de-france-dzieje-sie-na-naszych-oczach\/","url":"https:\/\/www.welovecycling.com\/pl\/2022\/07\/08\/historia-tour-de-france-dzieje-sie-na-naszych-oczach\/","name":"Historia Tour de France dzieje si\u0119 na naszych oczach - \u0160koda We Love Cycling - Poland","isPartOf":{"@id":"https:\/\/www.welovecycling.com\/pl\/#website"},"primaryImageOfPage":{"@id":"https:\/\/www.welovecycling.com\/pl\/2022\/07\/08\/historia-tour-de-france-dzieje-sie-na-naszych-oczach\/#primaryimage"},"image":{"@id":"https:\/\/www.welovecycling.com\/pl\/2022\/07\/08\/historia-tour-de-france-dzieje-sie-na-naszych-oczach\/#primaryimage"},"thumbnailUrl":"https:\/\/d2p6e6u75xmxt8.cloudfront.net\/5\/2022\/07\/Wout-van-Aert-profimedia-0705516065-CVR.jpg","datePublished":"2022-07-08T12:51:01+00:00","author":{"@id":"https:\/\/www.welovecycling.com\/pl\/#\/schema\/person\/bf06ed916a1ef16618807fb60d2ebe42"},"breadcrumb":{"@id":"https:\/\/www.welovecycling.com\/pl\/2022\/07\/08\/historia-tour-de-france-dzieje-sie-na-naszych-oczach\/#breadcrumb"},"inLanguage":"pl-PL","potentialAction":[{"@type":"ReadAction","target":["https:\/\/www.welovecycling.com\/pl\/2022\/07\/08\/historia-tour-de-france-dzieje-sie-na-naszych-oczach\/"]}]},{"@type":"ImageObject","inLanguage":"pl-PL","@id":"https:\/\/www.welovecycling.com\/pl\/2022\/07\/08\/historia-tour-de-france-dzieje-sie-na-naszych-oczach\/#primaryimage","url":"https:\/\/d2p6e6u75xmxt8.cloudfront.net\/5\/2022\/07\/Wout-van-Aert-profimedia-0705516065-CVR.jpg","contentUrl":"https:\/\/d2p6e6u75xmxt8.cloudfront.net\/5\/2022\/07\/Wout-van-Aert-profimedia-0705516065-CVR.jpg","width":990,"height":660},{"@type":"BreadcrumbList","@id":"https:\/\/www.welovecycling.com\/pl\/2022\/07\/08\/historia-tour-de-france-dzieje-sie-na-naszych-oczach\/#breadcrumb","itemListElement":[{"@type":"ListItem","position":1,"name":"Home","item":"https:\/\/www.welovecycling.com\/pl\/"},{"@type":"ListItem","position":2,"name":"Historia Tour de France dzieje si\u0119 na naszych oczach"}]},{"@type":"WebSite","@id":"https:\/\/www.welovecycling.com\/pl\/#website","url":"https:\/\/www.welovecycling.com\/pl\/","name":"\u0160koda We Love Cycling - Poland","description":"","potentialAction":[{"@type":"SearchAction","target":{"@type":"EntryPoint","urlTemplate":"https:\/\/www.welovecycling.com\/pl\/?s={search_term_string}"},"query-input":{"@type":"PropertyValueSpecification","valueRequired":true,"valueName":"search_term_string"}}],"inLanguage":"pl-PL"},{"@type":"Person","@id":"https:\/\/www.welovecycling.com\/pl\/#\/schema\/person\/bf06ed916a1ef16618807fb60d2ebe42","name":"rafal","image":{"@type":"ImageObject","inLanguage":"pl-PL","@id":"https:\/\/www.welovecycling.com\/pl\/#\/schema\/person\/image\/","url":"https:\/\/secure.gravatar.com\/avatar\/203f240e63bee214f6f3a0dacbeb600c7829c09716c2b9ee3230c6961debcde2?s=96&d=mm&r=g","contentUrl":"https:\/\/secure.gravatar.com\/avatar\/203f240e63bee214f6f3a0dacbeb600c7829c09716c2b9ee3230c6961debcde2?s=96&d=mm&r=g","caption":"rafal"},"url":"https:\/\/www.welovecycling.com\/pl\/author\/rafal\/"}]}},"_links":{"self":[{"href":"https:\/\/www.welovecycling.com\/pl\/wp-json\/wp\/v2\/posts\/13020","targetHints":{"allow":["GET"]}}],"collection":[{"href":"https:\/\/www.welovecycling.com\/pl\/wp-json\/wp\/v2\/posts"}],"about":[{"href":"https:\/\/www.welovecycling.com\/pl\/wp-json\/wp\/v2\/types\/post"}],"author":[{"embeddable":true,"href":"https:\/\/www.welovecycling.com\/pl\/wp-json\/wp\/v2\/users\/153"}],"replies":[{"embeddable":true,"href":"https:\/\/www.welovecycling.com\/pl\/wp-json\/wp\/v2\/comments?post=13020"}],"version-history":[{"count":2,"href":"https:\/\/www.welovecycling.com\/pl\/wp-json\/wp\/v2\/posts\/13020\/revisions"}],"predecessor-version":[{"id":13032,"href":"https:\/\/www.welovecycling.com\/pl\/wp-json\/wp\/v2\/posts\/13020\/revisions\/13032"}],"wp:featuredmedia":[{"embeddable":true,"href":"https:\/\/www.welovecycling.com\/pl\/wp-json\/wp\/v2\/media\/13027"}],"wp:attachment":[{"href":"https:\/\/www.welovecycling.com\/pl\/wp-json\/wp\/v2\/media?parent=13020"}],"wp:term":[{"taxonomy":"category","embeddable":true,"href":"https:\/\/www.welovecycling.com\/pl\/wp-json\/wp\/v2\/categories?post=13020"},{"taxonomy":"post_tag","embeddable":true,"href":"https:\/\/www.welovecycling.com\/pl\/wp-json\/wp\/v2\/tags?post=13020"},{"taxonomy":"global-categories","embeddable":true,"href":"https:\/\/www.welovecycling.com\/pl\/wp-json\/wp\/v2\/global-categories?post=13020"}],"curies":[{"name":"wp","href":"https:\/\/api.w.org\/{rel}","templated":true}]}}