{"id":13008,"date":"2022-07-04T12:54:29","date_gmt":"2022-07-04T12:54:29","guid":{"rendered":"https:\/\/www.welovecycling.com\/pl\/?p=13008"},"modified":"2022-07-08T08:42:40","modified_gmt":"2022-07-08T08:42:40","slug":"szczescie-i-lzy-niesamowite-powroty-na-tour-de-france","status":"publish","type":"post","link":"https:\/\/www.welovecycling.com\/pl\/2022\/07\/04\/szczescie-i-lzy-niesamowite-powroty-na-tour-de-france\/","title":{"rendered":"Szcz\u0119\u015bcie i \u0142zy\u2026 Niesamowite powroty na Tour de France!"},"content":{"rendered":"<p><strong>Walka z pogod\u0105, zwyci\u0119stwa o centymetry i oszukiwanie przeznaczenia \u2013 skoro tak wygl\u0105da\u0142o otwarcie Tour de France w Danii, to ju\u017c mo\u017cna zaciera\u0107 r\u0119ce na kolejne etapy. Po \u015bwietnym pocz\u0105tku Wielkiej P\u0119tli wy\u015bcig przenosi si\u0119 do Francji.<\/strong><\/p>\n<p>Du\u0144czycy niespodziewanie d\u0142ugo musieli czeka\u0107 na goszczenie najlepszych kolarzy \u015bwiata, ale jak ju\u017c \u015bmietanka zjecha\u0142a si\u0119 do Kopenhagi, to nikt nie m\u00f3g\u0142 narzeka\u0107. Otwarcie tegorocznego Tour de France by\u0142o jednym z najciekawszych w ostatnich latach, a to zwiastuje wielkie emocje na kolejnych etapach.<\/p>\n<div class=\"embed-controller-wrapper\">\n<blockquote class=\"twitter-tweet\" data-width=\"500\" data-dnt=\"true\">\n<p lang=\"en\" dir=\"ltr\">\ud83d\ude0d PIC OF THE DAY \ud83d\ude0d<br \/>By <a href=\"https:\/\/twitter.com\/century21fr?ref_src=twsrc%5Etfw\">@century21fr<\/a> <a href=\"https:\/\/twitter.com\/hashtag\/TDF2022?src=hash&amp;ref_src=twsrc%5Etfw\">#TDF2022<\/a><\/p>\n<p>\ud83d\udcf8 A.S.O \/ Pauline Ballet <a href=\"https:\/\/t.co\/SzyuFnlCnb\">pic.twitter.com\/SzyuFnlCnb<\/a><\/p>\n<p>&mdash; Tour de France\u2122 (@LeTour) <a href=\"https:\/\/twitter.com\/LeTour\/status\/1543689288956747778?ref_src=twsrc%5Etfw\">July 3, 2022<\/a><\/p><\/blockquote>\n<p><script async data-src=\"https:\/\/platform.twitter.com\/widgets.js\" charset=\"utf-8\"><\/script><\/div>\n<h2><strong>Walka z pogod\u0105<\/strong><\/h2>\n<p>Zacz\u0119\u0142o si\u0119 od jazdy na czas po pi\u0119knych ulicach Kopenhagi. Kibic\u00f3w postanowi\u0142a jednak przetestowa\u0107 pogoda, bo kolejni zawodnicy startowali przy padaj\u0105cy deszczu. Du\u0144czyk\u00f3w na co dzie\u0144 opady nie zniech\u0119caj\u0105 do korzystania z roweru, wi\u0119c tym bardziej nie by\u0142y w stanie zatrzyma\u0107 ich w domach, podczas gdy nieopodal rywalizowali najlepsi zawodnicy \u015bwiata.<\/p>\n<p>13,2 km po Kopenhadze najszybciej przejecha\u0142 Yves Lampaert (Deceuninck-Quick Step) i to on jako pierwszy m\u00f3g\u0142 zaprezentowa\u0107 si\u0119 w \u017c\u00f3\u0142tej koszulce lidera. Wyjecha\u0142 w niej na etap z Roskilde do Nyborg, kt\u00f3ry liczy\u0142 ponad 200 km. Tu zawodnicy ponownie musieli zmierzy\u0107 si\u0119 z pogod\u0105, kt\u00f3ra tym razem zaserwowa\u0142a m.in. mocne podmuchy wiatru.<\/p>\n<h2><strong>\u201eTo niewiarygodne\u201d<\/strong><\/h2>\n<p>Kibice jednak zn\u00f3w stan\u0119li na wysoko\u015bci zadania, a z zawodnik\u00f3w najlepiej spisa\u0142 si\u0119 Fabio Jakobsen (Quick-Step Alpha Vinyl Team). Blisko dwa lata temu Holender mia\u0142 powa\u017cny wypadek na mecie jednego z etap\u00f3w Tour de Pologne i musia\u0142 przej\u015b\u0107 wiele operacji, ale sobotni triumf wynagrodzi\u0142 mu miesi\u0105ce walki o powr\u00f3t do zdrowia.<\/p>\n<div class=\"embed-controller-wrapper\">\n<blockquote class=\"twitter-tweet\" data-width=\"500\" data-dnt=\"true\">\n<p lang=\"en\" dir=\"ltr\">\ud83c\udf99 \ud83c\uddf3\ud83c\uddf1 <a href=\"https:\/\/twitter.com\/FabioJakobsen?ref_src=twsrc%5Etfw\">@FabioJakobsen<\/a><\/p>\n<p>&quot;A lot of people helped me along the way, this was to pay them back, so that it was not all for nothing&quot;<a href=\"https:\/\/twitter.com\/hashtag\/TDF2022?src=hash&amp;ref_src=twsrc%5Etfw\">#TDF2022<\/a> <a href=\"https:\/\/t.co\/TuUyVqeImZ\">pic.twitter.com\/TuUyVqeImZ<\/a><\/p>\n<p>&mdash; Tour de France\u2122 (@LeTour) <a href=\"https:\/\/twitter.com\/LeTour\/status\/1543256335214678017?ref_src=twsrc%5Etfw\">July 2, 2022<\/a><\/p><\/blockquote>\n<p><script async data-src=\"https:\/\/platform.twitter.com\/widgets.js\" charset=\"utf-8\"><\/script><\/div>\n<p>\u2013 To niewiarygodne. To by\u0142 bardzo d\u0142ugi proces, krok po kroku. Wiele os\u00f3b mi pomaga\u0142o. Dzi\u015b im si\u0119 odwdzi\u0119czam, a oni widz\u0105, \u017ce to wszystko nie by\u0142o po nic. Jestem szcz\u0119\u015bliwy, \u017ce nadal mog\u0119 cieszy\u0107 si\u0119 jazd\u0105 na rowerze i \u015bciganiem. Teraz wiem, \u017ce wci\u0105\u017c potrafi\u0119 wygrywa\u0107. To niesamowity dzie\u0144 \u2013 podkre\u015bla\u0142 szcz\u0119\u015bliwy Jakobsen.<\/p>\n<p>Po drugim dniu koszulk\u0119 lidera przej\u0105\u0142 Wout Van Aert\u00a0 (Jumbo-Visma) i dowi\u00f3z\u0142 j\u0105 do ko\u0144ca \u015bcigania w Danii. Z jednej strony Belg mo\u017ce by\u0107 uwa\u017cany za najwi\u0119kszego pechowca, bo ka\u017cdego dnia zajmowa\u0142 drugie miejsce, ale z drugiej to on jako pierwszy we Francji zaprezentuje si\u0119 w \u017c\u00f3\u0142tej koszulce.<\/p>\n<div class=\"embed-controller-wrapper\">\n<blockquote class=\"twitter-tweet\" data-width=\"500\" data-dnt=\"true\">\n<p lang=\"fr\" dir=\"ltr\">\ud83d\udc9bRT &amp; follow for the chance to win an <a href=\"https:\/\/twitter.com\/WoutvanAert?ref_src=twsrc%5Etfw\">@WoutvanAert<\/a> Yellow Jersey with <a href=\"https:\/\/twitter.com\/SANTINI_SMS?ref_src=twsrc%5Etfw\">@SANTINI_SMS<\/a>  <\/p>\n<p>\ud83d\udc9bRT &amp; follow pour tenter de gagner un Maillot Jaune d\u00e9dicac\u00e9 par <a href=\"https:\/\/twitter.com\/WoutvanAert?ref_src=twsrc%5Etfw\">@WoutvanAert<\/a> avec <a href=\"https:\/\/twitter.com\/SANTINI_SMS?ref_src=twsrc%5Etfw\">@SANTINI_SMS<\/a>  <a href=\"https:\/\/twitter.com\/hashtag\/TDF2022?src=hash&amp;ref_src=twsrc%5Etfw\">#TDF2022<\/a> <a href=\"https:\/\/t.co\/3mXzXAyXCp\">pic.twitter.com\/3mXzXAyXCp<\/a><\/p>\n<p>&mdash; Tour de France\u2122 (@LeTour) <a href=\"https:\/\/twitter.com\/LeTour\/status\/1543636687472951296?ref_src=twsrc%5Etfw\">July 3, 2022<\/a><\/p><\/blockquote>\n<p><script async data-src=\"https:\/\/platform.twitter.com\/widgets.js\" charset=\"utf-8\"><\/script><\/div>\n<h2><strong>Kolejny pi\u0119kny powr\u00f3t <\/strong><\/h2>\n<p>W niedziel\u0119 Van Aert o centymetry przegra\u0142 z Dylanem Groenewegenem\u00a0 (Team BikeExchange \u2013 Jayco), kt\u00f3ry r\u00f3wnie\u017c bra\u0142 udzia\u0142 w kraksie podczas Tour de Pologne dwa lata temu i r\u00f3wnie\u017c musia\u0142 walczy\u0107 o powr\u00f3t do \u015bcigania.<\/p>\n<p>\u2013 To by\u0142a d\u0142uga droga i trudny czas, szczeg\u00f3lnie pod wzgl\u0119dem psychicznym. Chcia\u0142bym podzi\u0119kowa\u0107 mojej dru\u017cynie, rodzinie i przyjacio\u0142om, kt\u00f3rzy sprawili, \u017ce znowu jestem na Tour de France. To jest pi\u0119kne i bardzo du\u017co dla mnie znaczy \u2013 podkre\u015bla\u0142 na mecie Groenewegenem, a trzeci etap wygl\u0105da\u0142 tak:<\/p>\n<div class=\"embed-controller-wrapper\">\n<blockquote class=\"twitter-tweet\" data-width=\"500\" data-dnt=\"true\">\n<p lang=\"en\" dir=\"ltr\">\u26aa\ud83d\udd34 The <a href=\"https:\/\/twitter.com\/MagnusCort?ref_src=twsrc%5Etfw\">@MagnusCort<\/a> show up front, a win for <a href=\"https:\/\/twitter.com\/GroenewegenD?ref_src=twsrc%5Etfw\">@GroenewegenD<\/a> and <a href=\"https:\/\/twitter.com\/WoutvanAert?ref_src=twsrc%5Etfw\">@WoutvanAert<\/a> 2nd again in Yellow.<\/p>\n<p>\u23e9 Here are the highlights of the 3rd stage of the <a href=\"https:\/\/twitter.com\/hashtag\/TDF2022?src=hash&amp;ref_src=twsrc%5Etfw\">#TDF2022<\/a> <a href=\"https:\/\/t.co\/V4BB0Nui3F\">pic.twitter.com\/V4BB0Nui3F<\/a><\/p>\n<p>&mdash; Tour de France\u2122 (@LeTour) <a href=\"https:\/\/twitter.com\/LeTour\/status\/1543659588108574724?ref_src=twsrc%5Etfw\">July 3, 2022<\/a><\/p><\/blockquote>\n<p><script async data-src=\"https:\/\/platform.twitter.com\/widgets.js\" charset=\"utf-8\"><\/script><\/div>\n<p>Van Aert prowadzi nie tylko w klasyfikacji generalnej, ale r\u00f3wnie\u017c w punktowej. Liderem g\u00f3rskiej jest Magnus Nielsen (EF Education \u2013 Easypost), m\u0142odzie\u017cowej przewodzi Tadej Pogacar (UAE Team Emirates), a dru\u017cynowej \u2013 ekipa Jumbo Visma.<\/p>\n<div class=\"embed-controller-wrapper\">\n<blockquote class=\"twitter-tweet\" data-width=\"500\" data-dnt=\"true\">\n<p lang=\"fr\" dir=\"ltr\">\ud83c\udfbd Jerseys after stage 3 \/ Maillots distinctifs apr\u00e8s l&#39;\u00e9tape 3<\/p>\n<p>\ud83d\udc9b <a href=\"https:\/\/twitter.com\/WoutvanAert?ref_src=twsrc%5Etfw\">@WoutvanAert<\/a> <br \/>\ud83d\udc9a <a href=\"https:\/\/twitter.com\/WoutvanAert?ref_src=twsrc%5Etfw\">@WoutvanAert<\/a> <br \/>\ud83d\udd34 <a href=\"https:\/\/twitter.com\/MagnusCort?ref_src=twsrc%5Etfw\">@MagnusCort<\/a><br \/>\ud83d\udc76 <a href=\"https:\/\/twitter.com\/TamauPogi?ref_src=twsrc%5Etfw\">@TamauPogi<\/a> <a href=\"https:\/\/twitter.com\/hashtag\/TDF2022?src=hash&amp;ref_src=twsrc%5Etfw\">#TDF2022<\/a> <a href=\"https:\/\/t.co\/R1Frj0iJK9\">pic.twitter.com\/R1Frj0iJK9<\/a><\/p>\n<p>&mdash; Tour de France\u2122 (@LeTour) <a href=\"https:\/\/twitter.com\/LeTour\/status\/1543634622080319490?ref_src=twsrc%5Etfw\">July 3, 2022<\/a><\/p><\/blockquote>\n<p><script async data-src=\"https:\/\/platform.twitter.com\/widgets.js\" charset=\"utf-8\"><\/script><\/div>\n<h2><strong>Czas na \u015bciganie we Francji<\/strong><\/h2>\n<p>Poniedzia\u0142ek w Wielkiej P\u0119tli jest dniem przerwy, kt\u00f3ry zawodnicy wykorzystuj\u0105 na przetransportowanie si\u0119 do Francji. Rywalizacj\u0119 zaczn\u0105 na p\u00f3\u0142nocy od wtorkowego przejazdu z Dunkierki do Calais. Kolejne dwa etapy r\u00f3wnie\u017c b\u0119d\u0105 pag\u00f3rkowate (Lille \u2013 Trouee d&#8217;Arenberg oraz Binche \u2013 Longwy), a w czwartek do g\u0142osu dojd\u0105 specjali\u015bci od jazdy po g\u00f3rach, kt\u00f3rzy zmierz\u0105 si\u0119 z tras\u0105 Tomblaine \u2013 Planche des Belles Filles.<\/p>\n<p>Zawodnikom do przejechania zosta\u0142o jeszcze 18 etap\u00f3w. Koniec wy\u015bcigu zaplanowano na 24 lipca w Pary\u017cu.<\/p>\n<p><span data-sheets-value=\"{&quot;1&quot;:2,&quot;2&quot;:&quot;Artyku\u0142 powsta\u0142 we wsp\u00f3\u0142pracy ze skoda-auto.pl&quot;}\" data-sheets-userformat=\"{&quot;2&quot;:1,&quot;3&quot;:{&quot;1&quot;:0}}\" data-sheets-hyperlink=\"http:\/\/www.skoda-auto.pl\/\"><a class=\"in-cell-link\" href=\"http:\/\/www.skoda-auto.pl\/\" target=\"_blank\" rel=\"noopener noreferrer\">Artyku\u0142 powsta\u0142 we wsp\u00f3\u0142pracy ze skoda-auto.pl<\/a><\/span><\/p>\n<p><a href=\"https:\/\/sklep.skoda.pl\/pl\/sklep\/b\/331\/rowery-i-akcesoria-rowery.html\"><img loading=\"lazy\" decoding=\"async\" class=\"aligncenter wp-image-9608 size-full loading\" src=\"https:\/\/d2p6e6u75xmxt8.cloudfront.net\/5\/2019\/08\/baner_WLC_640x350_3.png\" sizes=\"auto, (max-width: 640px) 100vw, 640px\" srcset=\"https:\/\/d2p6e6u75xmxt8.cloudfront.net\/5\/2019\/08\/baner_WLC_640x350_3.png 640w, https:\/\/d2p6e6u75xmxt8.cloudfront.net\/5\/2019\/08\/baner_WLC_640x350_3-300x164.png 300w\" alt=\"\" width=\"640\" height=\"350\" data-was-processed=\"true\" \/><\/a><\/p>\n","protected":false},"excerpt":{"rendered":"<p>Walka z pogod\u0105, zwyci\u0119stwa o centymetry i oszukiwanie przeznaczenia \u2013 skoro tak wygl\u0105da\u0142o otwarcie Tour de France w Danii, to [&hellip;]<\/p>\n","protected":false},"author":153,"featured_media":13014,"comment_status":"open","ping_status":"open","sticky":false,"template":"","format":"standard","meta":{"footnotes":""},"categories":[364],"tags":[362,366],"global-categories":[303],"class_list":["post-13008","post","type-post","status-publish","format-standard","has-post-thumbnail","hentry","category-tour-de-france-2022","tag-piotr-nowik","tag-tour-de-france-2022","global-categories-cycling"],"yoast_head":"<!-- This site is optimized with the Yoast SEO Premium plugin v25.3 (Yoast SEO v25.9) - https:\/\/yoast.com\/wordpress\/plugins\/seo\/ -->\n<title>Szcz\u0119\u015bcie i \u0142zy\u2026 Niesamowite powroty na Tour de France! - \u0160koda We Love Cycling - Poland<\/title>\n<meta name=\"robots\" content=\"index, follow, max-snippet:-1, max-image-preview:large, max-video-preview:-1\" \/>\n<link rel=\"canonical\" href=\"https:\/\/www.welovecycling.com\/pl\/2022\/07\/04\/szczescie-i-lzy-niesamowite-powroty-na-tour-de-france\/\" \/>\n<meta property=\"og:locale\" content=\"pl_PL\" \/>\n<meta property=\"og:type\" content=\"article\" \/>\n<meta property=\"og:title\" content=\"Szcz\u0119\u015bcie i \u0142zy\u2026 Niesamowite powroty na Tour de France!\" \/>\n<meta property=\"og:description\" content=\"Walka z pogod\u0105, zwyci\u0119stwa o centymetry i oszukiwanie przeznaczenia \u2013 skoro tak wygl\u0105da\u0142o otwarcie Tour de France w Danii, to [&hellip;]\" \/>\n<meta property=\"og:url\" content=\"https:\/\/www.welovecycling.com\/pl\/2022\/07\/04\/szczescie-i-lzy-niesamowite-powroty-na-tour-de-france\/\" \/>\n<meta property=\"og:site_name\" content=\"\u0160koda We Love Cycling - Poland\" \/>\n<meta property=\"article:published_time\" content=\"2022-07-04T12:54:29+00:00\" \/>\n<meta property=\"article:modified_time\" content=\"2022-07-08T08:42:40+00:00\" \/>\n<meta property=\"og:image\" content=\"https:\/\/d2p6e6u75xmxt8.cloudfront.net\/5\/2022\/07\/Dylan-Groenewegen-profimedia-0704777301-CVR.jpg\" \/>\n\t<meta property=\"og:image:width\" content=\"990\" \/>\n\t<meta property=\"og:image:height\" content=\"660\" \/>\n\t<meta property=\"og:image:type\" content=\"image\/jpeg\" \/>\n<meta name=\"author\" content=\"rafal\" \/>\n<meta name=\"twitter:card\" content=\"summary_large_image\" \/>\n<meta name=\"twitter:label1\" content=\"Written by\" \/>\n\t<meta name=\"twitter:data1\" content=\"Piotr Nowik\" \/>\n\t<meta name=\"twitter:label2\" content=\"Est. reading time\" \/>\n\t<meta name=\"twitter:data2\" content=\"3 minutes\" \/>\n<script type=\"application\/ld+json\" class=\"yoast-schema-graph\">{\"@context\":\"https:\/\/schema.org\",\"@graph\":[{\"@type\":\"WebPage\",\"@id\":\"https:\/\/www.welovecycling.com\/pl\/2022\/07\/04\/szczescie-i-lzy-niesamowite-powroty-na-tour-de-france\/\",\"url\":\"https:\/\/www.welovecycling.com\/pl\/2022\/07\/04\/szczescie-i-lzy-niesamowite-powroty-na-tour-de-france\/\",\"name\":\"Szcz\u0119\u015bcie i \u0142zy\u2026 Niesamowite powroty na Tour de France! - \u0160koda We Love Cycling - Poland\",\"isPartOf\":{\"@id\":\"https:\/\/www.welovecycling.com\/pl\/#website\"},\"primaryImageOfPage\":{\"@id\":\"https:\/\/www.welovecycling.com\/pl\/2022\/07\/04\/szczescie-i-lzy-niesamowite-powroty-na-tour-de-france\/#primaryimage\"},\"image\":{\"@id\":\"https:\/\/www.welovecycling.com\/pl\/2022\/07\/04\/szczescie-i-lzy-niesamowite-powroty-na-tour-de-france\/#primaryimage\"},\"thumbnailUrl\":\"https:\/\/d2p6e6u75xmxt8.cloudfront.net\/5\/2022\/07\/Dylan-Groenewegen-profimedia-0704777301-CVR.jpg\",\"datePublished\":\"2022-07-04T12:54:29+00:00\",\"dateModified\":\"2022-07-08T08:42:40+00:00\",\"author\":{\"@id\":\"https:\/\/www.welovecycling.com\/pl\/#\/schema\/person\/bf06ed916a1ef16618807fb60d2ebe42\"},\"breadcrumb\":{\"@id\":\"https:\/\/www.welovecycling.com\/pl\/2022\/07\/04\/szczescie-i-lzy-niesamowite-powroty-na-tour-de-france\/#breadcrumb\"},\"inLanguage\":\"pl-PL\",\"potentialAction\":[{\"@type\":\"ReadAction\",\"target\":[\"https:\/\/www.welovecycling.com\/pl\/2022\/07\/04\/szczescie-i-lzy-niesamowite-powroty-na-tour-de-france\/\"]}]},{\"@type\":\"ImageObject\",\"inLanguage\":\"pl-PL\",\"@id\":\"https:\/\/www.welovecycling.com\/pl\/2022\/07\/04\/szczescie-i-lzy-niesamowite-powroty-na-tour-de-france\/#primaryimage\",\"url\":\"https:\/\/d2p6e6u75xmxt8.cloudfront.net\/5\/2022\/07\/Dylan-Groenewegen-profimedia-0704777301-CVR.jpg\",\"contentUrl\":\"https:\/\/d2p6e6u75xmxt8.cloudfront.net\/5\/2022\/07\/Dylan-Groenewegen-profimedia-0704777301-CVR.jpg\",\"width\":990,\"height\":660},{\"@type\":\"BreadcrumbList\",\"@id\":\"https:\/\/www.welovecycling.com\/pl\/2022\/07\/04\/szczescie-i-lzy-niesamowite-powroty-na-tour-de-france\/#breadcrumb\",\"itemListElement\":[{\"@type\":\"ListItem\",\"position\":1,\"name\":\"Home\",\"item\":\"https:\/\/www.welovecycling.com\/pl\/\"},{\"@type\":\"ListItem\",\"position\":2,\"name\":\"Szcz\u0119\u015bcie i \u0142zy\u2026 Niesamowite powroty na Tour de France!\"}]},{\"@type\":\"WebSite\",\"@id\":\"https:\/\/www.welovecycling.com\/pl\/#website\",\"url\":\"https:\/\/www.welovecycling.com\/pl\/\",\"name\":\"\u0160koda We Love Cycling - Poland\",\"description\":\"\",\"potentialAction\":[{\"@type\":\"SearchAction\",\"target\":{\"@type\":\"EntryPoint\",\"urlTemplate\":\"https:\/\/www.welovecycling.com\/pl\/?s={search_term_string}\"},\"query-input\":{\"@type\":\"PropertyValueSpecification\",\"valueRequired\":true,\"valueName\":\"search_term_string\"}}],\"inLanguage\":\"pl-PL\"},{\"@type\":\"Person\",\"@id\":\"https:\/\/www.welovecycling.com\/pl\/#\/schema\/person\/bf06ed916a1ef16618807fb60d2ebe42\",\"name\":\"rafal\",\"image\":{\"@type\":\"ImageObject\",\"inLanguage\":\"pl-PL\",\"@id\":\"https:\/\/www.welovecycling.com\/pl\/#\/schema\/person\/image\/\",\"url\":\"https:\/\/secure.gravatar.com\/avatar\/203f240e63bee214f6f3a0dacbeb600c7829c09716c2b9ee3230c6961debcde2?s=96&d=mm&r=g\",\"contentUrl\":\"https:\/\/secure.gravatar.com\/avatar\/203f240e63bee214f6f3a0dacbeb600c7829c09716c2b9ee3230c6961debcde2?s=96&d=mm&r=g\",\"caption\":\"rafal\"},\"url\":\"https:\/\/www.welovecycling.com\/pl\/author\/rafal\/\"}]}<\/script>\n<!-- \/ Yoast SEO Premium plugin. -->","yoast_head_json":{"title":"Szcz\u0119\u015bcie i \u0142zy\u2026 Niesamowite powroty na Tour de France! - \u0160koda We Love Cycling - Poland","robots":{"index":"index","follow":"follow","max-snippet":"max-snippet:-1","max-image-preview":"max-image-preview:large","max-video-preview":"max-video-preview:-1"},"canonical":"https:\/\/www.welovecycling.com\/pl\/2022\/07\/04\/szczescie-i-lzy-niesamowite-powroty-na-tour-de-france\/","og_locale":"pl_PL","og_type":"article","og_title":"Szcz\u0119\u015bcie i \u0142zy\u2026 Niesamowite powroty na Tour de France!","og_description":"Walka z pogod\u0105, zwyci\u0119stwa o centymetry i oszukiwanie przeznaczenia \u2013 skoro tak wygl\u0105da\u0142o otwarcie Tour de France w Danii, to [&hellip;]","og_url":"https:\/\/www.welovecycling.com\/pl\/2022\/07\/04\/szczescie-i-lzy-niesamowite-powroty-na-tour-de-france\/","og_site_name":"\u0160koda We Love Cycling - Poland","article_published_time":"2022-07-04T12:54:29+00:00","article_modified_time":"2022-07-08T08:42:40+00:00","og_image":[{"width":990,"height":660,"url":"https:\/\/d2p6e6u75xmxt8.cloudfront.net\/5\/2022\/07\/Dylan-Groenewegen-profimedia-0704777301-CVR.jpg","type":"image\/jpeg"}],"author":"rafal","twitter_card":"summary_large_image","twitter_misc":{"Written by":"Piotr Nowik","Est. reading time":"3 minutes"},"schema":{"@context":"https:\/\/schema.org","@graph":[{"@type":"WebPage","@id":"https:\/\/www.welovecycling.com\/pl\/2022\/07\/04\/szczescie-i-lzy-niesamowite-powroty-na-tour-de-france\/","url":"https:\/\/www.welovecycling.com\/pl\/2022\/07\/04\/szczescie-i-lzy-niesamowite-powroty-na-tour-de-france\/","name":"Szcz\u0119\u015bcie i \u0142zy\u2026 Niesamowite powroty na Tour de France! - \u0160koda We Love Cycling - Poland","isPartOf":{"@id":"https:\/\/www.welovecycling.com\/pl\/#website"},"primaryImageOfPage":{"@id":"https:\/\/www.welovecycling.com\/pl\/2022\/07\/04\/szczescie-i-lzy-niesamowite-powroty-na-tour-de-france\/#primaryimage"},"image":{"@id":"https:\/\/www.welovecycling.com\/pl\/2022\/07\/04\/szczescie-i-lzy-niesamowite-powroty-na-tour-de-france\/#primaryimage"},"thumbnailUrl":"https:\/\/d2p6e6u75xmxt8.cloudfront.net\/5\/2022\/07\/Dylan-Groenewegen-profimedia-0704777301-CVR.jpg","datePublished":"2022-07-04T12:54:29+00:00","dateModified":"2022-07-08T08:42:40+00:00","author":{"@id":"https:\/\/www.welovecycling.com\/pl\/#\/schema\/person\/bf06ed916a1ef16618807fb60d2ebe42"},"breadcrumb":{"@id":"https:\/\/www.welovecycling.com\/pl\/2022\/07\/04\/szczescie-i-lzy-niesamowite-powroty-na-tour-de-france\/#breadcrumb"},"inLanguage":"pl-PL","potentialAction":[{"@type":"ReadAction","target":["https:\/\/www.welovecycling.com\/pl\/2022\/07\/04\/szczescie-i-lzy-niesamowite-powroty-na-tour-de-france\/"]}]},{"@type":"ImageObject","inLanguage":"pl-PL","@id":"https:\/\/www.welovecycling.com\/pl\/2022\/07\/04\/szczescie-i-lzy-niesamowite-powroty-na-tour-de-france\/#primaryimage","url":"https:\/\/d2p6e6u75xmxt8.cloudfront.net\/5\/2022\/07\/Dylan-Groenewegen-profimedia-0704777301-CVR.jpg","contentUrl":"https:\/\/d2p6e6u75xmxt8.cloudfront.net\/5\/2022\/07\/Dylan-Groenewegen-profimedia-0704777301-CVR.jpg","width":990,"height":660},{"@type":"BreadcrumbList","@id":"https:\/\/www.welovecycling.com\/pl\/2022\/07\/04\/szczescie-i-lzy-niesamowite-powroty-na-tour-de-france\/#breadcrumb","itemListElement":[{"@type":"ListItem","position":1,"name":"Home","item":"https:\/\/www.welovecycling.com\/pl\/"},{"@type":"ListItem","position":2,"name":"Szcz\u0119\u015bcie i \u0142zy\u2026 Niesamowite powroty na Tour de France!"}]},{"@type":"WebSite","@id":"https:\/\/www.welovecycling.com\/pl\/#website","url":"https:\/\/www.welovecycling.com\/pl\/","name":"\u0160koda We Love Cycling - Poland","description":"","potentialAction":[{"@type":"SearchAction","target":{"@type":"EntryPoint","urlTemplate":"https:\/\/www.welovecycling.com\/pl\/?s={search_term_string}"},"query-input":{"@type":"PropertyValueSpecification","valueRequired":true,"valueName":"search_term_string"}}],"inLanguage":"pl-PL"},{"@type":"Person","@id":"https:\/\/www.welovecycling.com\/pl\/#\/schema\/person\/bf06ed916a1ef16618807fb60d2ebe42","name":"rafal","image":{"@type":"ImageObject","inLanguage":"pl-PL","@id":"https:\/\/www.welovecycling.com\/pl\/#\/schema\/person\/image\/","url":"https:\/\/secure.gravatar.com\/avatar\/203f240e63bee214f6f3a0dacbeb600c7829c09716c2b9ee3230c6961debcde2?s=96&d=mm&r=g","contentUrl":"https:\/\/secure.gravatar.com\/avatar\/203f240e63bee214f6f3a0dacbeb600c7829c09716c2b9ee3230c6961debcde2?s=96&d=mm&r=g","caption":"rafal"},"url":"https:\/\/www.welovecycling.com\/pl\/author\/rafal\/"}]}},"_links":{"self":[{"href":"https:\/\/www.welovecycling.com\/pl\/wp-json\/wp\/v2\/posts\/13008","targetHints":{"allow":["GET"]}}],"collection":[{"href":"https:\/\/www.welovecycling.com\/pl\/wp-json\/wp\/v2\/posts"}],"about":[{"href":"https:\/\/www.welovecycling.com\/pl\/wp-json\/wp\/v2\/types\/post"}],"author":[{"embeddable":true,"href":"https:\/\/www.welovecycling.com\/pl\/wp-json\/wp\/v2\/users\/153"}],"replies":[{"embeddable":true,"href":"https:\/\/www.welovecycling.com\/pl\/wp-json\/wp\/v2\/comments?post=13008"}],"version-history":[{"count":1,"href":"https:\/\/www.welovecycling.com\/pl\/wp-json\/wp\/v2\/posts\/13008\/revisions"}],"predecessor-version":[{"id":13015,"href":"https:\/\/www.welovecycling.com\/pl\/wp-json\/wp\/v2\/posts\/13008\/revisions\/13015"}],"wp:featuredmedia":[{"embeddable":true,"href":"https:\/\/www.welovecycling.com\/pl\/wp-json\/wp\/v2\/media\/13014"}],"wp:attachment":[{"href":"https:\/\/www.welovecycling.com\/pl\/wp-json\/wp\/v2\/media?parent=13008"}],"wp:term":[{"taxonomy":"category","embeddable":true,"href":"https:\/\/www.welovecycling.com\/pl\/wp-json\/wp\/v2\/categories?post=13008"},{"taxonomy":"post_tag","embeddable":true,"href":"https:\/\/www.welovecycling.com\/pl\/wp-json\/wp\/v2\/tags?post=13008"},{"taxonomy":"global-categories","embeddable":true,"href":"https:\/\/www.welovecycling.com\/pl\/wp-json\/wp\/v2\/global-categories?post=13008"}],"curies":[{"name":"wp","href":"https:\/\/api.w.org\/{rel}","templated":true}]}}