{"id":12964,"date":"2022-06-24T18:06:13","date_gmt":"2022-06-24T18:06:13","guid":{"rendered":"https:\/\/www.welovecycling.com\/pl\/?p=12964"},"modified":"2022-07-08T08:43:38","modified_gmt":"2022-07-08T08:43:38","slug":"tik-tak-tik-tak-czas-rozpoczac-wielkie-odliczanie","status":"publish","type":"post","link":"https:\/\/www.welovecycling.com\/pl\/2022\/06\/24\/tik-tak-tik-tak-czas-rozpoczac-wielkie-odliczanie\/","title":{"rendered":"Tik-tak, tik-tak\u2026 Czas rozpocz\u0105\u0107 wielkie odliczanie!"},"content":{"rendered":"<p><strong>Organizatorzy dopinaj\u0105 wszystko na ostatni guzik, a ekipy powoli odkrywaj\u0105 karty\u2026 Ju\u017c za tydzie\u0144 startuje Tour de France!<\/strong><\/p>\n<p>Blisko, coraz bli\u017cej! Zegary we Francji i Danii, kt\u00f3re odliczaj\u0105 czas do startu Wielkiej P\u0119tli, powoli ko\u0144cz\u0105 wype\u0142nia\u0107 swoj\u0105 misj\u0119, a oczy ca\u0142ego kolarskiego \u015bwiata kieruj\u0105 si\u0119 na zawodnik\u00f3w.<\/p>\n<p>109. Tour de France zaczyna si\u0119 1 lipca w Danii jazd\u0105 na czas po ulicach Kopenhagi, nast\u0119pnie kolarze pokonaj\u0105 ponad 200 km z Roskilde do Nyborga, gdzie niemal wszystko jest ju\u017c przygotowane na ich przyj\u0119cie. Ostatni dzie\u0144 w Danii to b\u0119dzie przejazd z Vejle do S\u00f8nderborga.<\/p>\n<div class=\"embed-controller-wrapper\">\n<blockquote class=\"twitter-tweet\" data-width=\"500\" data-dnt=\"true\">\n<p lang=\"da\" dir=\"ltr\">St\u00e6ndertorvet, Roskilde \ud83d\udccd<\/p>\n<p>Here the riders will start stage 2\ufe0f\u20e3 on July 2\ufe0f\u20e3<a href=\"https:\/\/twitter.com\/hashtag\/letourdk?src=hash&amp;ref_src=twsrc%5Etfw\">#letourdk<\/a> <a href=\"https:\/\/twitter.com\/hashtag\/tdf2022?src=hash&amp;ref_src=twsrc%5Etfw\">#tdf2022<\/a> @roskildekommune <a href=\"https:\/\/t.co\/DIGuHh6OZT\">pic.twitter.com\/DIGuHh6OZT<\/a><\/p>\n<p>&mdash; Grand D\u00e9part 2022 \ud83c\udde9\ud83c\uddf0 (@letourdk) <a href=\"https:\/\/twitter.com\/letourdk\/status\/1539505202826465280?ref_src=twsrc%5Etfw\">June 22, 2022<\/a><\/p><\/blockquote>\n<p><script async data-src=\"https:\/\/platform.twitter.com\/widgets.js\" charset=\"utf-8\"><\/script><\/div>\n<h2><strong>\u201eSpodziewamy si\u0119 wielu kibic\u00f3w\u201d<\/strong><\/h2>\n<p>Du\u0144czycy ju\u017c przygotowuj\u0105 kibic\u00f3w do ogl\u0105dania wy\u015bcigu. W internecie mo\u017cna znale\u017a\u0107 interaktywne mapy, rozk\u0142ady jazdy komunikacji miejskiej, a tak\u017ce wyznaczone specjalne miejsca do parkowania dla kamper\u00f3w.<\/p>\n<p>\u2013 Bez wzgl\u0119du na to, jak i gdzie chcesz ogl\u0105da\u0107 wy\u015bcig, to dobrym pomys\u0142em jest przybycie odpowiednio wcze\u015bnie, poniewa\u017c w okolicach trasy spodziewamy si\u0119 wielu kibic\u00f3w \u2013 informuj\u0105 organizatorzy.<\/p>\n<p>Od 5 lipca zawodnicy b\u0119d\u0105 ju\u017c \u015bcigali si\u0119 we Francji, cho\u0107 peleton zahaczy jeszcze o Belgi\u0119 i Szwajcari\u0119.<\/p>\n<h2><strong>Wielki jubileusz<\/strong><\/h2>\n<p>Trasa Tour de France znana jest ju\u017c od pa\u017adziernika, a teraz kibice kolarstwa czekaj\u0105 na sk\u0142ady, kt\u00f3re ekipy po\u015bl\u0105 do boju. Podczas tegorocznej Wielkiej P\u0119tli sw\u00f3j jubileuszowy, 10. Tour de France zaliczy Christopher Froome (Israel \u2013 Premier Tech). Jaki\u015b czas temu Brytyjczyk ostrzy\u0142 sobie z\u0119by na do\u0142\u0105czenie do najwi\u0119kszych Tour de France, czyli Jacquesa Anquetila, Eddy\u2019ego Merckxa, Bernarda Hinaulta i Miguela Induraina, kt\u00f3rzy wy\u015bcig wygrali pi\u0119ciokrotnie. Froome triumfowa\u0142 cztery razy, ale p\u00f3\u017aniej nabawi\u0142 si\u0119 powa\u017cnej kontuzji i dzi\u015b ju\u017c nie nale\u017cy do faworyt\u00f3w.<\/p>\n<div class=\"embed-controller-wrapper\">\n<blockquote class=\"twitter-tweet\" data-width=\"500\" data-dnt=\"true\">\n<p lang=\"en\" dir=\"ltr\">My 10th Tour de France! Let\u2019s go \ud83d\ude0e\ud83d\udc4d <a href=\"https:\/\/twitter.com\/LeTour?ref_src=twsrc%5Etfw\">@letour<\/a> <a href=\"https:\/\/twitter.com\/hashtag\/TDF2022?src=hash&amp;ref_src=twsrc%5Etfw\">#TDF2022<\/a> <a href=\"https:\/\/t.co\/1HJqKRga0R\">pic.twitter.com\/1HJqKRga0R<\/a><\/p>\n<p>&mdash; Chris Froome (@chrisfroome) <a href=\"https:\/\/twitter.com\/chrisfroome\/status\/1539606781063843842?ref_src=twsrc%5Etfw\">June 22, 2022<\/a><\/p><\/blockquote>\n<p><script async data-src=\"https:\/\/platform.twitter.com\/widgets.js\" charset=\"utf-8\"><\/script><\/div>\n<p>\u2013 To niesamowite uczcie stawa\u0107 na starcie Tour de France po raz 10. W tym roku trenowa\u0142em wyj\u0105tkowo ci\u0119\u017cko i chc\u0119 da\u0107 z siebie wszystko. Mamy wspania\u0142y zesp\u00f3\u0142 i ju\u017c nie mo\u017cemy doczeka\u0107 si\u0119 pierwszej kolarskiej bitwy w Kopenhadze \u2013 podkre\u015bla Froome.<\/p>\n<h2><strong>W<\/strong> <strong>pogoni za legendami Tour de France<\/strong><\/h2>\n<p>To, co prawdopodobnie nie uda si\u0119 Froome\u2019owi, by\u0107 mo\u017ce w przysz\u0142o\u015bci padnie \u0142upem Tadeja Poga\u010dara. S\u0142oweniec nie ma jeszcze 24 lat, a w jego kolekcji znajduj\u0105 si\u0119 ju\u017c dwie \u017c\u00f3\u0142te koszulki za zwyci\u0119stwo w Wielkiej P\u0119tli. W tym roku Poga\u010dar podporz\u0105dkowa\u0142 wszystko temu, by do szafy trafi\u0142 trzeci najcenniejszy trykot w kolarskim \u015bwiecie. Lider UAE Team Emirates od pewnego czasu nie startuje w wy\u015bcigach, bo przygotowuje si\u0119 do Tour de France. Wyj\u0105tek zrobi\u0142 tylko dla Tour of Slovenia, kt\u00f3ry oczywi\u015bcie wygra\u0142.<\/p>\n<div class=\"embed-controller-wrapper\">\n<blockquote class=\"twitter-tweet\" data-width=\"500\" data-dnt=\"true\">\n<p lang=\"en\" dir=\"ltr\">\ud83d\udc9a\ud83c\udfc6 <a href=\"https:\/\/twitter.com\/TamauPogi?ref_src=twsrc%5Etfw\">@TamauPogi<\/a> wins the final stage and the overall of the 2022 <a href=\"https:\/\/twitter.com\/hashtag\/TourOfSlovenia?src=hash&amp;ref_src=twsrc%5Etfw\">#TourOfSlovenia<\/a> \ud83c\uddf8\ud83c\uddee.<a href=\"https:\/\/twitter.com\/hashtag\/UAETeamEmirates?src=hash&amp;ref_src=twsrc%5Etfw\">#UAETeamEmirates<\/a> <a href=\"https:\/\/twitter.com\/hashtag\/WeAreUAE?src=hash&amp;ref_src=twsrc%5Etfw\">#WeAreUAE<\/a> <a href=\"https:\/\/t.co\/DxYQ4GGEei\">pic.twitter.com\/DxYQ4GGEei<\/a><\/p>\n<p>&mdash; @UAE-TeamEmirates (@TeamEmiratesUAE) <a href=\"https:\/\/twitter.com\/TeamEmiratesUAE\/status\/1538506008527527936?ref_src=twsrc%5Etfw\">June 19, 2022<\/a><\/p><\/blockquote>\n<p><script async data-src=\"https:\/\/platform.twitter.com\/widgets.js\" charset=\"utf-8\"><\/script><\/div>\n<p>Wszystko wskazuje, \u017ce Poga\u010darowi, szczeg\u00f3lnie we francuskich g\u00f3rach, b\u0119dzie pomaga\u0142 Rafa\u0142 Majka.<\/p>\n<h2><strong>Rewan\u017c Primo\u017ea Rogli\u010da?<\/strong><\/h2>\n<p>Podczas gdy Poga\u010dar przygotowywa\u0142 si\u0119 do Wielkiej P\u0119tli we w\u0142oskich Alpach, jego najwi\u0119kszy rywal \u2013 Primo\u017e Rogli\u010d \u2013 r\u00f3wnie\u017c nie pr\u00f3\u017cnowa\u0142. Zawodnik Jumbo-Visma wygra\u0142 Crit\u00e9rium du Dauphin\u00e9, ale celem numer jeden pozostaje dla niego Tour de France, kt\u00f3ry dwa lata temu przegra\u0142 na przedostatnim etapie, podczas gdy przed rokiem pokona\u0142a go kontuzja.<\/p>\n<div class=\"embed-controller-wrapper\">\n<blockquote class=\"twitter-tweet\" data-width=\"500\" data-dnt=\"true\">\n<p lang=\"en\" dir=\"ltr\">\ud83c\uddeb\ud83c\uddf7 <a href=\"https:\/\/twitter.com\/hashtag\/Dauphin%C3%A9?src=hash&amp;ref_src=twsrc%5Etfw\">#Dauphin\u00e9<\/a><\/p>\n<p>\ud835\udc00\ud835\udc25\ud835\udc25 \ud835\udc2d\ud835\udc21\ud835\udc1a\ud835\udc2d \ud835\udc26\ud835\udc1a\ud835\udc2d\ud835\udc2d\ud835\udc1e\ud835\udc2b\ud835\udc2c. \ud83d\ude0d <a href=\"https:\/\/t.co\/Zo2KMZkXkQ\">pic.twitter.com\/Zo2KMZkXkQ<\/a><\/p>\n<p>&mdash; Team Visma | Lease a Bike (@vismaleaseabike) <a href=\"https:\/\/twitter.com\/vismaleaseabike\/status\/1536023239855591424?ref_src=twsrc%5Etfw\">June 12, 2022<\/a><\/p><\/blockquote>\n<p><script async data-src=\"https:\/\/platform.twitter.com\/widgets.js\" charset=\"utf-8\"><\/script><\/div>\n<p>\u2013 Mamy wiele cel\u00f3w i ambicji, wi\u0119c wybrali\u015bmy zawodnik\u00f3w, kt\u00f3rzy s\u0105 najlepsi w r\u00f3\u017cnych dziedzinach \u2013 podkre\u015bla Team Jumbo Visma.<\/p>\n<div class=\"embed-controller-wrapper\">\n<blockquote class=\"twitter-tweet\" data-width=\"500\" data-dnt=\"true\">\n<p lang=\"en\" dir=\"ltr\">\ud83c\uddeb\ud83c\uddf7 <a href=\"https:\/\/twitter.com\/hashtag\/TDF2022?src=hash&amp;ref_src=twsrc%5Etfw\">#TDF2022<\/a><\/p>\n<p>From \ud83c\udde9\ud83c\uddf0 to \ud83c\uddeb\ud83c\uddf7!<br \/>Our team for the upcoming Tour de France\u2935\ufe0f <a href=\"https:\/\/t.co\/7ekdS2w0II\">pic.twitter.com\/7ekdS2w0II<\/a><\/p>\n<p>&mdash; Team Visma | Lease a Bike (@vismaleaseabike) <a href=\"https:\/\/twitter.com\/vismaleaseabike\/status\/1539175710476185601?ref_src=twsrc%5Etfw\">June 21, 2022<\/a><\/p><\/blockquote>\n<p><script async data-src=\"https:\/\/platform.twitter.com\/widgets.js\" charset=\"utf-8\"><\/script><\/div>\n<p>Je\u015bli nie wydarzy si\u0119 nic niespodziewanego, to w tegorocznej Wielkiej P\u0119tli wyst\u0105pi\u0105 m.in. Romain Bardet (Team DSM), Adam Yates (Ineos Grenadiers) oraz zwyci\u0119zca Giro d\u2019Italia Jai Hindley (BORA-hansgrohe).<\/p>\n<p>Przypominamy \u2013 start Wielkiej P\u0119tli ju\u017c 1 lipca w Kopenhadze!<\/p>\n<p><span data-sheets-value=\"{&quot;1&quot;:2,&quot;2&quot;:&quot;Artyku\u0142 powsta\u0142 we wsp\u00f3\u0142pracy ze skoda-auto.pl&quot;}\" data-sheets-userformat=\"{&quot;2&quot;:1,&quot;3&quot;:{&quot;1&quot;:0}}\" data-sheets-hyperlink=\"http:\/\/www.skoda-auto.pl\/\"><a class=\"in-cell-link\" href=\"http:\/\/www.skoda-auto.pl\/\" target=\"_blank\" rel=\"noopener noreferrer\">Artyku\u0142 powsta\u0142 we wsp\u00f3\u0142pracy ze skoda-auto.pl<\/a><\/span><\/p>\n<p><a href=\"https:\/\/www.skoda-auto.pl\/modele\/superb\"><img loading=\"lazy\" decoding=\"async\" class=\"alignnone size-full wp-image-11628 aligncenter\" src=\"https:\/\/d2p6e6u75xmxt8.cloudfront.net\/5\/2021\/12\/640x350-2-1.jpg\" alt=\"\" width=\"640\" height=\"350\" srcset=\"https:\/\/d2p6e6u75xmxt8.cloudfront.net\/5\/2021\/12\/640x350-2-1.jpg 640w, https:\/\/d2p6e6u75xmxt8.cloudfront.net\/5\/2021\/12\/640x350-2-1-300x164.jpg 300w\" sizes=\"auto, (max-width: 640px) 100vw, 640px\" \/><\/a><\/p>\n","protected":false},"excerpt":{"rendered":"<p>Organizatorzy dopinaj\u0105 wszystko na ostatni guzik, a ekipy powoli odkrywaj\u0105 karty\u2026 Ju\u017c za tydzie\u0144 startuje Tour de France! Blisko, coraz [&hellip;]<\/p>\n","protected":false},"author":153,"featured_media":12970,"comment_status":"open","ping_status":"open","sticky":false,"template":"","format":"standard","meta":{"footnotes":""},"categories":[364],"tags":[362,366],"global-categories":[303],"class_list":["post-12964","post","type-post","status-publish","format-standard","has-post-thumbnail","hentry","category-tour-de-france-2022","tag-piotr-nowik","tag-tour-de-france-2022","global-categories-cycling"],"yoast_head":"<!-- This site is optimized with the Yoast SEO Premium plugin v25.3 (Yoast SEO v25.9) - https:\/\/yoast.com\/wordpress\/plugins\/seo\/ -->\n<title>Tik-tak, tik-tak\u2026 Czas rozpocz\u0105\u0107 wielkie odliczanie! - \u0160koda We Love Cycling - Poland<\/title>\n<meta name=\"robots\" content=\"index, follow, max-snippet:-1, max-image-preview:large, max-video-preview:-1\" \/>\n<link rel=\"canonical\" href=\"https:\/\/www.welovecycling.com\/pl\/2022\/06\/24\/tik-tak-tik-tak-czas-rozpoczac-wielkie-odliczanie\/\" \/>\n<meta property=\"og:locale\" content=\"pl_PL\" \/>\n<meta property=\"og:type\" content=\"article\" \/>\n<meta property=\"og:title\" content=\"Tik-tak, tik-tak\u2026 Czas rozpocz\u0105\u0107 wielkie odliczanie!\" \/>\n<meta property=\"og:description\" content=\"Organizatorzy dopinaj\u0105 wszystko na ostatni guzik, a ekipy powoli odkrywaj\u0105 karty\u2026 Ju\u017c za tydzie\u0144 startuje Tour de France! Blisko, coraz [&hellip;]\" \/>\n<meta property=\"og:url\" content=\"https:\/\/www.welovecycling.com\/pl\/2022\/06\/24\/tik-tak-tik-tak-czas-rozpoczac-wielkie-odliczanie\/\" \/>\n<meta property=\"og:site_name\" content=\"\u0160koda We Love Cycling - Poland\" \/>\n<meta property=\"article:published_time\" content=\"2022-06-24T18:06:13+00:00\" \/>\n<meta property=\"article:modified_time\" content=\"2022-07-08T08:43:38+00:00\" \/>\n<meta property=\"og:image\" content=\"https:\/\/d2p6e6u75xmxt8.cloudfront.net\/5\/2022\/06\/Tour-de-France-profimedia-0621732375-CVR.jpg\" \/>\n\t<meta property=\"og:image:width\" content=\"990\" \/>\n\t<meta property=\"og:image:height\" content=\"660\" \/>\n\t<meta property=\"og:image:type\" content=\"image\/jpeg\" \/>\n<meta name=\"author\" content=\"rafal\" \/>\n<meta name=\"twitter:card\" content=\"summary_large_image\" \/>\n<meta name=\"twitter:label1\" content=\"Written by\" \/>\n\t<meta name=\"twitter:data1\" content=\"Piotr Nowik\" \/>\n\t<meta name=\"twitter:label2\" content=\"Est. reading time\" \/>\n\t<meta name=\"twitter:data2\" content=\"3 minutes\" \/>\n<script type=\"application\/ld+json\" class=\"yoast-schema-graph\">{\"@context\":\"https:\/\/schema.org\",\"@graph\":[{\"@type\":\"WebPage\",\"@id\":\"https:\/\/www.welovecycling.com\/pl\/2022\/06\/24\/tik-tak-tik-tak-czas-rozpoczac-wielkie-odliczanie\/\",\"url\":\"https:\/\/www.welovecycling.com\/pl\/2022\/06\/24\/tik-tak-tik-tak-czas-rozpoczac-wielkie-odliczanie\/\",\"name\":\"Tik-tak, tik-tak\u2026 Czas rozpocz\u0105\u0107 wielkie odliczanie! - \u0160koda We Love Cycling - Poland\",\"isPartOf\":{\"@id\":\"https:\/\/www.welovecycling.com\/pl\/#website\"},\"primaryImageOfPage\":{\"@id\":\"https:\/\/www.welovecycling.com\/pl\/2022\/06\/24\/tik-tak-tik-tak-czas-rozpoczac-wielkie-odliczanie\/#primaryimage\"},\"image\":{\"@id\":\"https:\/\/www.welovecycling.com\/pl\/2022\/06\/24\/tik-tak-tik-tak-czas-rozpoczac-wielkie-odliczanie\/#primaryimage\"},\"thumbnailUrl\":\"https:\/\/d2p6e6u75xmxt8.cloudfront.net\/5\/2022\/06\/Tour-de-France-profimedia-0621732375-CVR.jpg\",\"datePublished\":\"2022-06-24T18:06:13+00:00\",\"dateModified\":\"2022-07-08T08:43:38+00:00\",\"author\":{\"@id\":\"https:\/\/www.welovecycling.com\/pl\/#\/schema\/person\/bf06ed916a1ef16618807fb60d2ebe42\"},\"breadcrumb\":{\"@id\":\"https:\/\/www.welovecycling.com\/pl\/2022\/06\/24\/tik-tak-tik-tak-czas-rozpoczac-wielkie-odliczanie\/#breadcrumb\"},\"inLanguage\":\"pl-PL\",\"potentialAction\":[{\"@type\":\"ReadAction\",\"target\":[\"https:\/\/www.welovecycling.com\/pl\/2022\/06\/24\/tik-tak-tik-tak-czas-rozpoczac-wielkie-odliczanie\/\"]}]},{\"@type\":\"ImageObject\",\"inLanguage\":\"pl-PL\",\"@id\":\"https:\/\/www.welovecycling.com\/pl\/2022\/06\/24\/tik-tak-tik-tak-czas-rozpoczac-wielkie-odliczanie\/#primaryimage\",\"url\":\"https:\/\/d2p6e6u75xmxt8.cloudfront.net\/5\/2022\/06\/Tour-de-France-profimedia-0621732375-CVR.jpg\",\"contentUrl\":\"https:\/\/d2p6e6u75xmxt8.cloudfront.net\/5\/2022\/06\/Tour-de-France-profimedia-0621732375-CVR.jpg\",\"width\":990,\"height\":660},{\"@type\":\"BreadcrumbList\",\"@id\":\"https:\/\/www.welovecycling.com\/pl\/2022\/06\/24\/tik-tak-tik-tak-czas-rozpoczac-wielkie-odliczanie\/#breadcrumb\",\"itemListElement\":[{\"@type\":\"ListItem\",\"position\":1,\"name\":\"Home\",\"item\":\"https:\/\/www.welovecycling.com\/pl\/\"},{\"@type\":\"ListItem\",\"position\":2,\"name\":\"Tik-tak, tik-tak\u2026 Czas rozpocz\u0105\u0107 wielkie odliczanie!\"}]},{\"@type\":\"WebSite\",\"@id\":\"https:\/\/www.welovecycling.com\/pl\/#website\",\"url\":\"https:\/\/www.welovecycling.com\/pl\/\",\"name\":\"\u0160koda We Love Cycling - Poland\",\"description\":\"\",\"potentialAction\":[{\"@type\":\"SearchAction\",\"target\":{\"@type\":\"EntryPoint\",\"urlTemplate\":\"https:\/\/www.welovecycling.com\/pl\/?s={search_term_string}\"},\"query-input\":{\"@type\":\"PropertyValueSpecification\",\"valueRequired\":true,\"valueName\":\"search_term_string\"}}],\"inLanguage\":\"pl-PL\"},{\"@type\":\"Person\",\"@id\":\"https:\/\/www.welovecycling.com\/pl\/#\/schema\/person\/bf06ed916a1ef16618807fb60d2ebe42\",\"name\":\"rafal\",\"image\":{\"@type\":\"ImageObject\",\"inLanguage\":\"pl-PL\",\"@id\":\"https:\/\/www.welovecycling.com\/pl\/#\/schema\/person\/image\/\",\"url\":\"https:\/\/secure.gravatar.com\/avatar\/203f240e63bee214f6f3a0dacbeb600c7829c09716c2b9ee3230c6961debcde2?s=96&d=mm&r=g\",\"contentUrl\":\"https:\/\/secure.gravatar.com\/avatar\/203f240e63bee214f6f3a0dacbeb600c7829c09716c2b9ee3230c6961debcde2?s=96&d=mm&r=g\",\"caption\":\"rafal\"},\"url\":\"https:\/\/www.welovecycling.com\/pl\/author\/rafal\/\"}]}<\/script>\n<!-- \/ Yoast SEO Premium plugin. -->","yoast_head_json":{"title":"Tik-tak, tik-tak\u2026 Czas rozpocz\u0105\u0107 wielkie odliczanie! - \u0160koda We Love Cycling - Poland","robots":{"index":"index","follow":"follow","max-snippet":"max-snippet:-1","max-image-preview":"max-image-preview:large","max-video-preview":"max-video-preview:-1"},"canonical":"https:\/\/www.welovecycling.com\/pl\/2022\/06\/24\/tik-tak-tik-tak-czas-rozpoczac-wielkie-odliczanie\/","og_locale":"pl_PL","og_type":"article","og_title":"Tik-tak, tik-tak\u2026 Czas rozpocz\u0105\u0107 wielkie odliczanie!","og_description":"Organizatorzy dopinaj\u0105 wszystko na ostatni guzik, a ekipy powoli odkrywaj\u0105 karty\u2026 Ju\u017c za tydzie\u0144 startuje Tour de France! Blisko, coraz [&hellip;]","og_url":"https:\/\/www.welovecycling.com\/pl\/2022\/06\/24\/tik-tak-tik-tak-czas-rozpoczac-wielkie-odliczanie\/","og_site_name":"\u0160koda We Love Cycling - Poland","article_published_time":"2022-06-24T18:06:13+00:00","article_modified_time":"2022-07-08T08:43:38+00:00","og_image":[{"width":990,"height":660,"url":"https:\/\/d2p6e6u75xmxt8.cloudfront.net\/5\/2022\/06\/Tour-de-France-profimedia-0621732375-CVR.jpg","type":"image\/jpeg"}],"author":"rafal","twitter_card":"summary_large_image","twitter_misc":{"Written by":"Piotr Nowik","Est. reading time":"3 minutes"},"schema":{"@context":"https:\/\/schema.org","@graph":[{"@type":"WebPage","@id":"https:\/\/www.welovecycling.com\/pl\/2022\/06\/24\/tik-tak-tik-tak-czas-rozpoczac-wielkie-odliczanie\/","url":"https:\/\/www.welovecycling.com\/pl\/2022\/06\/24\/tik-tak-tik-tak-czas-rozpoczac-wielkie-odliczanie\/","name":"Tik-tak, tik-tak\u2026 Czas rozpocz\u0105\u0107 wielkie odliczanie! - \u0160koda We Love Cycling - Poland","isPartOf":{"@id":"https:\/\/www.welovecycling.com\/pl\/#website"},"primaryImageOfPage":{"@id":"https:\/\/www.welovecycling.com\/pl\/2022\/06\/24\/tik-tak-tik-tak-czas-rozpoczac-wielkie-odliczanie\/#primaryimage"},"image":{"@id":"https:\/\/www.welovecycling.com\/pl\/2022\/06\/24\/tik-tak-tik-tak-czas-rozpoczac-wielkie-odliczanie\/#primaryimage"},"thumbnailUrl":"https:\/\/d2p6e6u75xmxt8.cloudfront.net\/5\/2022\/06\/Tour-de-France-profimedia-0621732375-CVR.jpg","datePublished":"2022-06-24T18:06:13+00:00","dateModified":"2022-07-08T08:43:38+00:00","author":{"@id":"https:\/\/www.welovecycling.com\/pl\/#\/schema\/person\/bf06ed916a1ef16618807fb60d2ebe42"},"breadcrumb":{"@id":"https:\/\/www.welovecycling.com\/pl\/2022\/06\/24\/tik-tak-tik-tak-czas-rozpoczac-wielkie-odliczanie\/#breadcrumb"},"inLanguage":"pl-PL","potentialAction":[{"@type":"ReadAction","target":["https:\/\/www.welovecycling.com\/pl\/2022\/06\/24\/tik-tak-tik-tak-czas-rozpoczac-wielkie-odliczanie\/"]}]},{"@type":"ImageObject","inLanguage":"pl-PL","@id":"https:\/\/www.welovecycling.com\/pl\/2022\/06\/24\/tik-tak-tik-tak-czas-rozpoczac-wielkie-odliczanie\/#primaryimage","url":"https:\/\/d2p6e6u75xmxt8.cloudfront.net\/5\/2022\/06\/Tour-de-France-profimedia-0621732375-CVR.jpg","contentUrl":"https:\/\/d2p6e6u75xmxt8.cloudfront.net\/5\/2022\/06\/Tour-de-France-profimedia-0621732375-CVR.jpg","width":990,"height":660},{"@type":"BreadcrumbList","@id":"https:\/\/www.welovecycling.com\/pl\/2022\/06\/24\/tik-tak-tik-tak-czas-rozpoczac-wielkie-odliczanie\/#breadcrumb","itemListElement":[{"@type":"ListItem","position":1,"name":"Home","item":"https:\/\/www.welovecycling.com\/pl\/"},{"@type":"ListItem","position":2,"name":"Tik-tak, tik-tak\u2026 Czas rozpocz\u0105\u0107 wielkie odliczanie!"}]},{"@type":"WebSite","@id":"https:\/\/www.welovecycling.com\/pl\/#website","url":"https:\/\/www.welovecycling.com\/pl\/","name":"\u0160koda We Love Cycling - Poland","description":"","potentialAction":[{"@type":"SearchAction","target":{"@type":"EntryPoint","urlTemplate":"https:\/\/www.welovecycling.com\/pl\/?s={search_term_string}"},"query-input":{"@type":"PropertyValueSpecification","valueRequired":true,"valueName":"search_term_string"}}],"inLanguage":"pl-PL"},{"@type":"Person","@id":"https:\/\/www.welovecycling.com\/pl\/#\/schema\/person\/bf06ed916a1ef16618807fb60d2ebe42","name":"rafal","image":{"@type":"ImageObject","inLanguage":"pl-PL","@id":"https:\/\/www.welovecycling.com\/pl\/#\/schema\/person\/image\/","url":"https:\/\/secure.gravatar.com\/avatar\/203f240e63bee214f6f3a0dacbeb600c7829c09716c2b9ee3230c6961debcde2?s=96&d=mm&r=g","contentUrl":"https:\/\/secure.gravatar.com\/avatar\/203f240e63bee214f6f3a0dacbeb600c7829c09716c2b9ee3230c6961debcde2?s=96&d=mm&r=g","caption":"rafal"},"url":"https:\/\/www.welovecycling.com\/pl\/author\/rafal\/"}]}},"_links":{"self":[{"href":"https:\/\/www.welovecycling.com\/pl\/wp-json\/wp\/v2\/posts\/12964","targetHints":{"allow":["GET"]}}],"collection":[{"href":"https:\/\/www.welovecycling.com\/pl\/wp-json\/wp\/v2\/posts"}],"about":[{"href":"https:\/\/www.welovecycling.com\/pl\/wp-json\/wp\/v2\/types\/post"}],"author":[{"embeddable":true,"href":"https:\/\/www.welovecycling.com\/pl\/wp-json\/wp\/v2\/users\/153"}],"replies":[{"embeddable":true,"href":"https:\/\/www.welovecycling.com\/pl\/wp-json\/wp\/v2\/comments?post=12964"}],"version-history":[{"count":2,"href":"https:\/\/www.welovecycling.com\/pl\/wp-json\/wp\/v2\/posts\/12964\/revisions"}],"predecessor-version":[{"id":13016,"href":"https:\/\/www.welovecycling.com\/pl\/wp-json\/wp\/v2\/posts\/12964\/revisions\/13016"}],"wp:featuredmedia":[{"embeddable":true,"href":"https:\/\/www.welovecycling.com\/pl\/wp-json\/wp\/v2\/media\/12970"}],"wp:attachment":[{"href":"https:\/\/www.welovecycling.com\/pl\/wp-json\/wp\/v2\/media?parent=12964"}],"wp:term":[{"taxonomy":"category","embeddable":true,"href":"https:\/\/www.welovecycling.com\/pl\/wp-json\/wp\/v2\/categories?post=12964"},{"taxonomy":"post_tag","embeddable":true,"href":"https:\/\/www.welovecycling.com\/pl\/wp-json\/wp\/v2\/tags?post=12964"},{"taxonomy":"global-categories","embeddable":true,"href":"https:\/\/www.welovecycling.com\/pl\/wp-json\/wp\/v2\/global-categories?post=12964"}],"curies":[{"name":"wp","href":"https:\/\/api.w.org\/{rel}","templated":true}]}}