{"id":12941,"date":"2022-06-20T06:08:26","date_gmt":"2022-06-20T06:08:26","guid":{"rendered":"https:\/\/www.welovecycling.com\/pl\/?p=12941"},"modified":"2022-06-20T06:08:26","modified_gmt":"2022-06-20T06:08:26","slug":"historia-skoda-titan-desert-rozmowa-z-dyrektorem-wyscigu","status":"publish","type":"post","link":"https:\/\/www.welovecycling.com\/pl\/2022\/06\/20\/historia-skoda-titan-desert-rozmowa-z-dyrektorem-wyscigu\/","title":{"rendered":"Historia \u0160koda Titan Desert:  Rozmowa z dyrektorem wy\u015bcigu"},"content":{"rendered":"<p><strong>Wy\u015bcig Titan Desert oznacza dla bior\u0105cych w nim udzia\u0142 kolarzy sze\u015b\u0107 dni wymagaj\u0105cej jazdy po maroka\u0144skiej pustyni. Rajd zaczyna si\u0119 w chwili, gdy opada flaga, a ko\u0144czy przekroczeniem linii mety \u2013 o ile zawodnikom uda si\u0119 dotrze\u0107 tak daleko. Ale dla Manuela Tajady wszystko zacz\u0119\u0142o si\u0119 du\u017co wcze\u015bniej (i zako\u0144czy si\u0119 znacznie p\u00f3\u017aniej) ni\u017c w przy\u00adpadku kolarzy, kt\u00f3rzy walcz\u0105 ze zm\u0119czeniem i pokonuj\u0105 kolejne wydmy pustyni, poniewa\u017c jest on dyrektorem wy\u015bcigu \u0160koda Titan Desert. Cho\u0107 jego rola zmienia\u0142a si\u0119 na przestrzeni lat, od samego pocz\u0105tku, czyli od 2005 roku, jest odpowiedzialny za nadzorowanie wszystkich aspek\u00adt\u00f3w zawod\u00f3w.<\/strong><\/p>\n<p>Trudno zatem o lepszego rozm\u00f3wc\u0119, by dowiedzie\u0107 si\u0119 wi\u0119cej o tej niesamowitej rywalizacji, kt\u00f3ra od kilkunastu lat rozpala wyobra\u017ani\u0119 kolarzy na ca\u0142ym \u015bwiecie. W rozmowie z <em>We Love Cycling<\/em> Manuel Tajada opowiedzia\u0142 o wy\u015bcigu \u0160koda Titan Desert i jego kr\u00f3tkiej, acz niezwyk\u0142ej historii.<\/p>\n<p>Pocz\u0105tki wy\u015bcigu \u0160koda Titan Desert s\u0105 \u015bci\u015ble powi\u0105zane z Rajdem Dakar, w kt\u00f3rym kierowcy rajdowi o r\u00f3\u017cnym stopniu zaawansowania musz\u0105 zmierzy\u0107 si\u0119 z bardzo trudnym terenem. Etapy Rajdu Dakar obejmuj\u0105 zar\u00f3wno kr\u00f3tkie odcinki, jak i 900-kilometrowe wyprawy, kt\u00f3re stanowi\u0105 prawdziwe wyzwanie dla kierowc\u00f3w i poddaj\u0105 pr\u00f3bie ich pojazdy. Po raz pierwszy rajd odby\u0142 si\u0119 w 1978 roku, za co odpowiedzialna by\u0142a organizacja <a href=\"https:\/\/www.aso.fr\/en\/\"><u>Amaury Sports Organisation<\/u><\/a> (ASO). Trasa wy\u015bcigu prowadzi\u0142a z Pary\u017ca do Dakaru, stolicy Senegalu. Kierowcy pokonywali tras\u0119 z Europy do Afryki do 2009 roku \u2013 wtedy ze wzgl\u0119d\u00f3w bezpiecze\u0144stwa Rajd Dakar przeniesiono do Ameryki Po\u0142udniowej. Obecnie \u2013ju\u017c po raz trzeci \u2013 wy\u015bcig odbywa si\u0119 na Bliskim Wschodzie, a wi\u0119kszo\u015b\u0107 jego etap\u00f3w prowadzi przez pustynne piaski. Tutaj w\u0142a\u015bnie na scen\u0119 wkracza Manuel Tajada.<\/p>\n<p>\u2013 Jestem zwi\u0105zany z wy\u015bcigiem Titan Desert od samego pocz\u0105tku. Pami\u0119tam, jak pod koniec 2005 roku Juan Porcar zaprosi\u0142 mnie i F\u00e9lixa Dota do wsp\u00f3\u0142pracy nad Rajdem Dakar dla rower\u00f3w MTB \u2013 wspomina Manuel. \u2013 Mia\u0142 to by\u0107 wy\u015bcig na pustyni w Maroku, podobny do Rajdu Dakar, ale na rowerach g\u00f3rskich. Od pierwszej edycji odpowiadam za stron\u0119 sportow\u0105 tych zawod\u00f3w.<\/p>\n<p>https:\/\/www.instagram.com\/p\/CdJewpjMjoj\/?utm_source=ig_embed&#038;ig_rid=d4024d43-1704-49da-9d3c-a45a1b27762f<\/p>\n<p>We wszystkich edycjach wy\u015bcigu wzi\u0119\u0142o udzia\u0142 ponad 5000 zawodnik\u00f3w. W\u015br\u00f3d nich obecny by\u0142 te\u017c najlepszy hiszpa\u0144ski kolarz wszech czas\u00f3w \u2013 Miguel Indur\u00e1in. Widzowie mogli \u015bledzi\u0107 zmagania r\u00f3wnie\u017c takich legend jak Roberto Heras, Melchor Mauri czy Sylvain Chavanel, kt\u00f3rzy swego czasu walczyli o zwyci\u0119stwo w wy\u015bcigu Titan Desert. Zawody, kt\u00f3rych trasa przebiega mi\u0119dzy g\u00f3rami Atlas a pustyni\u0105 Sahara, s\u0105 dla zawodnik\u00f3w bezwzgl\u0119dne \u2013 a mimo to wielu kolarzy co roku powraca na lini\u0119 startu. To \u015bwiadczy o niezwykle wysokim poziomie organizacji wydarzenia, za kt\u00f3r\u0105 odpowiada mi\u0119dzy innymi Manuel.<\/p>\n<p>\u2013 Kwestie logistyczne stanowi\u0105 nie lada wyzwanie, poniewa\u017c przemieszczanie dotyczy bardzo du\u017cej grupy ludzi: mamy i kolarzy, i dziennikarzy, asystent\u00f3w, personel pomocniczy. Musimy na odludziu zbudowa\u0107 ma\u0142e miasteczko \u2013 wyja\u015bnia Manuel w odpowiedzi na pytanie o r\u00f3\u017cne trudno\u015bci zwi\u0105zane z wy\u015bcigiem. \u2013 Najwa\u017cniejsze jest dla mnie pokazanie pi\u0119kna Maroka, dlatego do ka\u017cdej edycji wybieram inne trasy \u2013 dodaje. \u2013 Bardzo du\u017co wysi\u0142ku wk\u0142adamy tak\u017ce w zapewnienie zawodnikom bezpiecze\u0144stwa. Za najwi\u0119ksze wyzwanie uznaj\u0119 jednak stan ducha kolarzy. Zawsze chc\u0119, by ka\u017cdy zawodnik cieszy\u0142 si\u0119 z udzia\u0142u w rywalizacji przez ca\u0142y czas.<\/p>\n<p>Kolarze maj\u0105 niewiele czasu na przygotowanie si\u0119 do wy\u015bcigu. Oznacza to, \u017ce jedyn\u0105 rzecz\u0105, nad jak\u0105 maj\u0105 kontrol\u0119 przed startem, s\u0105 treningi i poziom kondycji fizycznej. Oba te elementy s\u0105 niezb\u0119dne, je\u015bli chce si\u0119 przetrwa\u0107 ten wyczerpuj\u0105cy tydzie\u0144 na rowerze. Manuel Tajada zapowiada, czego zawodnicy mog\u0105 si\u0119 spodziewa\u0107 w 2022 roku. \u2013 To b\u0119dzie jedna z najtrudniejszych edycji. Trasa bez etap\u00f3w g\u00f3rskich, ale z dwoma przejazdami przez wydmy. Przed zawodnikami d\u0142ugie odcinki wymagaj\u0105ce <a href=\"https:\/\/www.welovecycling.com\/wide\/2022\/05\/02\/the-definitive-guide-to-navigation-in-the-desert\/\"><u>cz\u0119stszego korzystania z nawigacji<\/u><\/a> \u2013 opowiada dyrektor wy\u015bcigu.<\/p>\n<p>W ci\u0105gu ostatnich 16 lat \u2013 od inauguracyjnej edycji w 2006 roku \u2013 zawody pod szyldem Titan odbywa\u0142y si\u0119 r\u00f3wnie\u017c w innych krajach. Gospodarzami <a href=\"https:\/\/www.welovecycling.com\/wide\/2022\/02\/16\/skoda-titan-desert-the-dakar-rally-on-two-wheels\/\"><u>wy\u015bcigu Titan Desert<\/u><\/a> by\u0142y Hiszpania, Arabia Saudyjska i Meksyk, a w 2016 i 2017 na Kubie zorganizowano wy\u015bcig Titan Tropic. Sukces ten jest w g\u0142\u00f3wnej mierze zas\u0142ug\u0105 Manuela Tajady, a tak\u017ce Juana Porcara, jednego z ojc\u00f3w za\u0142o\u017cycieli wy\u015bcigu i pierwszej osoby, kt\u00f3ra uko\u0144czy\u0142a Rajd Dakar na rowerze. Cho\u0107 z biegiem lat skala tej przygody znacznie si\u0119 zwi\u0119kszy\u0142a, Titan Desert pozostaje wierny swoim korzeniom, z czego Manuel jest bardzo dumny.<\/p>\n<p>https:\/\/www.instagram.com\/p\/CTZWi7lsG7n\/?utm_source=ig_embed&#038;ig_rid=d1174312-4d86-4801-b1a4-e10d6a9eda38<\/p>\n<p>\u2013 Mimo \u017ce wiele aspekt\u00f3w wy\u015bcigu uleg\u0142o zmianie, uda\u0142o nam si\u0119 zachowa\u0107 jego g\u0142\u00f3wnego ducha: dok\u0142adnie takiego, jaki Juan sobie wyobrazi\u0142 \u2013 m\u00f3wi Manuel. \u2013 Kocham wszystko, co zwi\u0105zane jest z rowerami g\u00f3rskimi, a tak\u017ce przygody i podr\u00f3\u017ce. Co wi\u0119cej, Maroko jest dla mnie naprawd\u0119 wa\u017cnym miejscem. Bardzo si\u0119 ciesz\u0119, \u017ce moja praca jest jednocze\u015bnie moim hobby.<\/p>\n<p>Z biegiem lat wy\u015bcig ewoluowa\u0142 i, jak ju\u017c wspomnieli\u015bmy, liczne gwiazdy kolarstwa podejmowa\u0142y to wyzwanie. Titan Desert niew\u0105tpliwie zajmuje szczeg\u00f3lne miejsce w sercu Manuela, ale jego ulubione wspomnienie zwi\u0105zane jest z czym\u015b innym \u2013 domem.<\/p>\n<p>\u2013 Co roku mam coraz wi\u0119cej nowych wspomnie\u0144 dotycz\u0105cych wy\u015bcigu, obozowania i poszukiwania nowych tras. Najbardziej jednak ceni\u0119 to wydarzenie, kt\u00f3re mia\u0142o miejsce w 2015 roku. M\u00f3j syn, kt\u00f3ry mia\u0142 wtedy dwa lata, przyjecha\u0142 z moj\u0105 \u017con\u0105 i reszt\u0105 rodziny do obozu na ostatnie dwa etapy. To by\u0142a dla mnie wielka niespodzianka \u2013 wspomina Manuel.<\/p>\n<p>Cho\u0107 od 2006 roku wy\u015bcig Titan Desert przyprawia kolarzy o kolejne koszmary, co roku rodzi si\u0119 tu prawdziwe poczucie wsp\u00f3lnoty. Ulubione wspomnienie Manuela i spos\u00f3b, w jaki opisuje ten wy\u015bcig, pozwalaj\u0105 zrozumie\u0107, dlaczego rywalizacja ta regularnie przyci\u0105ga tak wielu ludzi.<\/p>\n<p>Marka SKODA jest sponsorem wy\u015bcigu od 2022 roku<\/p>\n<p><span data-sheets-value=\"{&quot;1&quot;:2,&quot;2&quot;:&quot;Artyku\u0142 powsta\u0142 we wsp\u00f3\u0142pracy ze skoda-auto.pl&quot;}\" data-sheets-userformat=\"{&quot;2&quot;:1,&quot;3&quot;:{&quot;1&quot;:0}}\" data-sheets-hyperlink=\"http:\/\/www.skoda-auto.pl\/\"><a class=\"in-cell-link\" href=\"http:\/\/www.skoda-auto.pl\/\" target=\"_blank\" rel=\"noopener noreferrer\">Artyku\u0142 powsta\u0142 we wsp\u00f3\u0142pracy ze skoda-auto.pl<\/a><\/span><a href=\"https:\/\/sklep.skoda.pl\/pl\/sklep\/b\/331\/rowery-i-akcesoria-rowery.html\"><img loading=\"lazy\" decoding=\"async\" class=\"aligncenter wp-image-9608 size-full loading\" src=\"https:\/\/d2p6e6u75xmxt8.cloudfront.net\/5\/2019\/08\/baner_WLC_640x350_3.png\" sizes=\"auto, (max-width: 640px) 100vw, 640px\" srcset=\"https:\/\/d2p6e6u75xmxt8.cloudfront.net\/5\/2019\/08\/baner_WLC_640x350_3.png 640w, https:\/\/d2p6e6u75xmxt8.cloudfront.net\/5\/2019\/08\/baner_WLC_640x350_3-300x164.png 300w\" alt=\"\" width=\"640\" height=\"350\" data-was-processed=\"true\" \/><\/a><\/p>\n","protected":false},"excerpt":{"rendered":"<p>Wy\u015bcig Titan Desert oznacza dla bior\u0105cych w nim udzia\u0142 kolarzy sze\u015b\u0107 dni wymagaj\u0105cej jazdy po maroka\u0144skiej pustyni. Rajd zaczyna si\u0119 [&hellip;]<\/p>\n","protected":false},"author":153,"featured_media":12944,"comment_status":"open","ping_status":"open","sticky":false,"template":"","format":"standard","meta":{"footnotes":""},"categories":[5],"tags":[],"global-categories":[303],"class_list":["post-12941","post","type-post","status-publish","format-standard","has-post-thumbnail","hentry","category-outdoormtb","global-categories-cycling"],"yoast_head":"<!-- This site is optimized with the Yoast SEO Premium plugin v25.3 (Yoast SEO v25.9) - https:\/\/yoast.com\/wordpress\/plugins\/seo\/ -->\n<title>Historia \u0160koda Titan Desert: Rozmowa z dyrektorem wy\u015bcigu - \u0160koda We Love Cycling - Poland<\/title>\n<meta name=\"robots\" content=\"index, follow, max-snippet:-1, max-image-preview:large, max-video-preview:-1\" \/>\n<link rel=\"canonical\" href=\"https:\/\/www.welovecycling.com\/pl\/2022\/06\/20\/historia-skoda-titan-desert-rozmowa-z-dyrektorem-wyscigu\/\" \/>\n<meta property=\"og:locale\" content=\"pl_PL\" \/>\n<meta property=\"og:type\" content=\"article\" \/>\n<meta property=\"og:title\" content=\"Historia \u0160koda Titan Desert: Rozmowa z dyrektorem wy\u015bcigu\" \/>\n<meta property=\"og:description\" content=\"Wy\u015bcig Titan Desert oznacza dla bior\u0105cych w nim udzia\u0142 kolarzy sze\u015b\u0107 dni wymagaj\u0105cej jazdy po maroka\u0144skiej pustyni. Rajd zaczyna si\u0119 [&hellip;]\" \/>\n<meta property=\"og:url\" content=\"https:\/\/www.welovecycling.com\/pl\/2022\/06\/20\/historia-skoda-titan-desert-rozmowa-z-dyrektorem-wyscigu\/\" \/>\n<meta property=\"og:site_name\" content=\"\u0160koda We Love Cycling - Poland\" \/>\n<meta property=\"article:published_time\" content=\"2022-06-20T06:08:26+00:00\" \/>\n<meta property=\"og:image\" content=\"https:\/\/d2p6e6u75xmxt8.cloudfront.net\/5\/2022\/06\/SKODA-Titan-Desert-profimedia-0430643156-CVR.jpg\" \/>\n\t<meta property=\"og:image:width\" content=\"990\" \/>\n\t<meta property=\"og:image:height\" content=\"660\" \/>\n\t<meta property=\"og:image:type\" content=\"image\/jpeg\" \/>\n<meta name=\"author\" content=\"rafal\" \/>\n<meta name=\"twitter:card\" content=\"summary_large_image\" \/>\n<meta name=\"twitter:label1\" content=\"Written by\" \/>\n\t<meta name=\"twitter:data1\" content=\"Joshua Donaldson\" \/>\n\t<meta name=\"twitter:label2\" content=\"Est. reading time\" \/>\n\t<meta name=\"twitter:data2\" content=\"5 minutes\" \/>\n<script type=\"application\/ld+json\" class=\"yoast-schema-graph\">{\"@context\":\"https:\/\/schema.org\",\"@graph\":[{\"@type\":\"WebPage\",\"@id\":\"https:\/\/www.welovecycling.com\/pl\/2022\/06\/20\/historia-skoda-titan-desert-rozmowa-z-dyrektorem-wyscigu\/\",\"url\":\"https:\/\/www.welovecycling.com\/pl\/2022\/06\/20\/historia-skoda-titan-desert-rozmowa-z-dyrektorem-wyscigu\/\",\"name\":\"Historia \u0160koda Titan Desert: Rozmowa z dyrektorem wy\u015bcigu - \u0160koda We Love Cycling - Poland\",\"isPartOf\":{\"@id\":\"https:\/\/www.welovecycling.com\/pl\/#website\"},\"primaryImageOfPage\":{\"@id\":\"https:\/\/www.welovecycling.com\/pl\/2022\/06\/20\/historia-skoda-titan-desert-rozmowa-z-dyrektorem-wyscigu\/#primaryimage\"},\"image\":{\"@id\":\"https:\/\/www.welovecycling.com\/pl\/2022\/06\/20\/historia-skoda-titan-desert-rozmowa-z-dyrektorem-wyscigu\/#primaryimage\"},\"thumbnailUrl\":\"https:\/\/d2p6e6u75xmxt8.cloudfront.net\/5\/2022\/06\/SKODA-Titan-Desert-profimedia-0430643156-CVR.jpg\",\"datePublished\":\"2022-06-20T06:08:26+00:00\",\"author\":{\"@id\":\"https:\/\/www.welovecycling.com\/pl\/#\/schema\/person\/bf06ed916a1ef16618807fb60d2ebe42\"},\"breadcrumb\":{\"@id\":\"https:\/\/www.welovecycling.com\/pl\/2022\/06\/20\/historia-skoda-titan-desert-rozmowa-z-dyrektorem-wyscigu\/#breadcrumb\"},\"inLanguage\":\"pl-PL\",\"potentialAction\":[{\"@type\":\"ReadAction\",\"target\":[\"https:\/\/www.welovecycling.com\/pl\/2022\/06\/20\/historia-skoda-titan-desert-rozmowa-z-dyrektorem-wyscigu\/\"]}]},{\"@type\":\"ImageObject\",\"inLanguage\":\"pl-PL\",\"@id\":\"https:\/\/www.welovecycling.com\/pl\/2022\/06\/20\/historia-skoda-titan-desert-rozmowa-z-dyrektorem-wyscigu\/#primaryimage\",\"url\":\"https:\/\/d2p6e6u75xmxt8.cloudfront.net\/5\/2022\/06\/SKODA-Titan-Desert-profimedia-0430643156-CVR.jpg\",\"contentUrl\":\"https:\/\/d2p6e6u75xmxt8.cloudfront.net\/5\/2022\/06\/SKODA-Titan-Desert-profimedia-0430643156-CVR.jpg\",\"width\":990,\"height\":660},{\"@type\":\"BreadcrumbList\",\"@id\":\"https:\/\/www.welovecycling.com\/pl\/2022\/06\/20\/historia-skoda-titan-desert-rozmowa-z-dyrektorem-wyscigu\/#breadcrumb\",\"itemListElement\":[{\"@type\":\"ListItem\",\"position\":1,\"name\":\"Home\",\"item\":\"https:\/\/www.welovecycling.com\/pl\/\"},{\"@type\":\"ListItem\",\"position\":2,\"name\":\"Historia \u0160koda Titan Desert: Rozmowa z dyrektorem wy\u015bcigu\"}]},{\"@type\":\"WebSite\",\"@id\":\"https:\/\/www.welovecycling.com\/pl\/#website\",\"url\":\"https:\/\/www.welovecycling.com\/pl\/\",\"name\":\"\u0160koda We Love Cycling - Poland\",\"description\":\"\",\"potentialAction\":[{\"@type\":\"SearchAction\",\"target\":{\"@type\":\"EntryPoint\",\"urlTemplate\":\"https:\/\/www.welovecycling.com\/pl\/?s={search_term_string}\"},\"query-input\":{\"@type\":\"PropertyValueSpecification\",\"valueRequired\":true,\"valueName\":\"search_term_string\"}}],\"inLanguage\":\"pl-PL\"},{\"@type\":\"Person\",\"@id\":\"https:\/\/www.welovecycling.com\/pl\/#\/schema\/person\/bf06ed916a1ef16618807fb60d2ebe42\",\"name\":\"rafal\",\"image\":{\"@type\":\"ImageObject\",\"inLanguage\":\"pl-PL\",\"@id\":\"https:\/\/www.welovecycling.com\/pl\/#\/schema\/person\/image\/\",\"url\":\"https:\/\/secure.gravatar.com\/avatar\/203f240e63bee214f6f3a0dacbeb600c7829c09716c2b9ee3230c6961debcde2?s=96&d=mm&r=g\",\"contentUrl\":\"https:\/\/secure.gravatar.com\/avatar\/203f240e63bee214f6f3a0dacbeb600c7829c09716c2b9ee3230c6961debcde2?s=96&d=mm&r=g\",\"caption\":\"rafal\"},\"url\":\"https:\/\/www.welovecycling.com\/pl\/author\/rafal\/\"}]}<\/script>\n<!-- \/ Yoast SEO Premium plugin. -->","yoast_head_json":{"title":"Historia \u0160koda Titan Desert: Rozmowa z dyrektorem wy\u015bcigu - \u0160koda We Love Cycling - Poland","robots":{"index":"index","follow":"follow","max-snippet":"max-snippet:-1","max-image-preview":"max-image-preview:large","max-video-preview":"max-video-preview:-1"},"canonical":"https:\/\/www.welovecycling.com\/pl\/2022\/06\/20\/historia-skoda-titan-desert-rozmowa-z-dyrektorem-wyscigu\/","og_locale":"pl_PL","og_type":"article","og_title":"Historia \u0160koda Titan Desert: Rozmowa z dyrektorem wy\u015bcigu","og_description":"Wy\u015bcig Titan Desert oznacza dla bior\u0105cych w nim udzia\u0142 kolarzy sze\u015b\u0107 dni wymagaj\u0105cej jazdy po maroka\u0144skiej pustyni. Rajd zaczyna si\u0119 [&hellip;]","og_url":"https:\/\/www.welovecycling.com\/pl\/2022\/06\/20\/historia-skoda-titan-desert-rozmowa-z-dyrektorem-wyscigu\/","og_site_name":"\u0160koda We Love Cycling - Poland","article_published_time":"2022-06-20T06:08:26+00:00","og_image":[{"width":990,"height":660,"url":"https:\/\/d2p6e6u75xmxt8.cloudfront.net\/5\/2022\/06\/SKODA-Titan-Desert-profimedia-0430643156-CVR.jpg","type":"image\/jpeg"}],"author":"rafal","twitter_card":"summary_large_image","twitter_misc":{"Written by":"Joshua Donaldson","Est. reading time":"5 minutes"},"schema":{"@context":"https:\/\/schema.org","@graph":[{"@type":"WebPage","@id":"https:\/\/www.welovecycling.com\/pl\/2022\/06\/20\/historia-skoda-titan-desert-rozmowa-z-dyrektorem-wyscigu\/","url":"https:\/\/www.welovecycling.com\/pl\/2022\/06\/20\/historia-skoda-titan-desert-rozmowa-z-dyrektorem-wyscigu\/","name":"Historia \u0160koda Titan Desert: Rozmowa z dyrektorem wy\u015bcigu - \u0160koda We Love Cycling - Poland","isPartOf":{"@id":"https:\/\/www.welovecycling.com\/pl\/#website"},"primaryImageOfPage":{"@id":"https:\/\/www.welovecycling.com\/pl\/2022\/06\/20\/historia-skoda-titan-desert-rozmowa-z-dyrektorem-wyscigu\/#primaryimage"},"image":{"@id":"https:\/\/www.welovecycling.com\/pl\/2022\/06\/20\/historia-skoda-titan-desert-rozmowa-z-dyrektorem-wyscigu\/#primaryimage"},"thumbnailUrl":"https:\/\/d2p6e6u75xmxt8.cloudfront.net\/5\/2022\/06\/SKODA-Titan-Desert-profimedia-0430643156-CVR.jpg","datePublished":"2022-06-20T06:08:26+00:00","author":{"@id":"https:\/\/www.welovecycling.com\/pl\/#\/schema\/person\/bf06ed916a1ef16618807fb60d2ebe42"},"breadcrumb":{"@id":"https:\/\/www.welovecycling.com\/pl\/2022\/06\/20\/historia-skoda-titan-desert-rozmowa-z-dyrektorem-wyscigu\/#breadcrumb"},"inLanguage":"pl-PL","potentialAction":[{"@type":"ReadAction","target":["https:\/\/www.welovecycling.com\/pl\/2022\/06\/20\/historia-skoda-titan-desert-rozmowa-z-dyrektorem-wyscigu\/"]}]},{"@type":"ImageObject","inLanguage":"pl-PL","@id":"https:\/\/www.welovecycling.com\/pl\/2022\/06\/20\/historia-skoda-titan-desert-rozmowa-z-dyrektorem-wyscigu\/#primaryimage","url":"https:\/\/d2p6e6u75xmxt8.cloudfront.net\/5\/2022\/06\/SKODA-Titan-Desert-profimedia-0430643156-CVR.jpg","contentUrl":"https:\/\/d2p6e6u75xmxt8.cloudfront.net\/5\/2022\/06\/SKODA-Titan-Desert-profimedia-0430643156-CVR.jpg","width":990,"height":660},{"@type":"BreadcrumbList","@id":"https:\/\/www.welovecycling.com\/pl\/2022\/06\/20\/historia-skoda-titan-desert-rozmowa-z-dyrektorem-wyscigu\/#breadcrumb","itemListElement":[{"@type":"ListItem","position":1,"name":"Home","item":"https:\/\/www.welovecycling.com\/pl\/"},{"@type":"ListItem","position":2,"name":"Historia \u0160koda Titan Desert: Rozmowa z dyrektorem wy\u015bcigu"}]},{"@type":"WebSite","@id":"https:\/\/www.welovecycling.com\/pl\/#website","url":"https:\/\/www.welovecycling.com\/pl\/","name":"\u0160koda We Love Cycling - Poland","description":"","potentialAction":[{"@type":"SearchAction","target":{"@type":"EntryPoint","urlTemplate":"https:\/\/www.welovecycling.com\/pl\/?s={search_term_string}"},"query-input":{"@type":"PropertyValueSpecification","valueRequired":true,"valueName":"search_term_string"}}],"inLanguage":"pl-PL"},{"@type":"Person","@id":"https:\/\/www.welovecycling.com\/pl\/#\/schema\/person\/bf06ed916a1ef16618807fb60d2ebe42","name":"rafal","image":{"@type":"ImageObject","inLanguage":"pl-PL","@id":"https:\/\/www.welovecycling.com\/pl\/#\/schema\/person\/image\/","url":"https:\/\/secure.gravatar.com\/avatar\/203f240e63bee214f6f3a0dacbeb600c7829c09716c2b9ee3230c6961debcde2?s=96&d=mm&r=g","contentUrl":"https:\/\/secure.gravatar.com\/avatar\/203f240e63bee214f6f3a0dacbeb600c7829c09716c2b9ee3230c6961debcde2?s=96&d=mm&r=g","caption":"rafal"},"url":"https:\/\/www.welovecycling.com\/pl\/author\/rafal\/"}]}},"_links":{"self":[{"href":"https:\/\/www.welovecycling.com\/pl\/wp-json\/wp\/v2\/posts\/12941","targetHints":{"allow":["GET"]}}],"collection":[{"href":"https:\/\/www.welovecycling.com\/pl\/wp-json\/wp\/v2\/posts"}],"about":[{"href":"https:\/\/www.welovecycling.com\/pl\/wp-json\/wp\/v2\/types\/post"}],"author":[{"embeddable":true,"href":"https:\/\/www.welovecycling.com\/pl\/wp-json\/wp\/v2\/users\/153"}],"replies":[{"embeddable":true,"href":"https:\/\/www.welovecycling.com\/pl\/wp-json\/wp\/v2\/comments?post=12941"}],"version-history":[{"count":1,"href":"https:\/\/www.welovecycling.com\/pl\/wp-json\/wp\/v2\/posts\/12941\/revisions"}],"predecessor-version":[{"id":12945,"href":"https:\/\/www.welovecycling.com\/pl\/wp-json\/wp\/v2\/posts\/12941\/revisions\/12945"}],"wp:featuredmedia":[{"embeddable":true,"href":"https:\/\/www.welovecycling.com\/pl\/wp-json\/wp\/v2\/media\/12944"}],"wp:attachment":[{"href":"https:\/\/www.welovecycling.com\/pl\/wp-json\/wp\/v2\/media?parent=12941"}],"wp:term":[{"taxonomy":"category","embeddable":true,"href":"https:\/\/www.welovecycling.com\/pl\/wp-json\/wp\/v2\/categories?post=12941"},{"taxonomy":"post_tag","embeddable":true,"href":"https:\/\/www.welovecycling.com\/pl\/wp-json\/wp\/v2\/tags?post=12941"},{"taxonomy":"global-categories","embeddable":true,"href":"https:\/\/www.welovecycling.com\/pl\/wp-json\/wp\/v2\/global-categories?post=12941"}],"curies":[{"name":"wp","href":"https:\/\/api.w.org\/{rel}","templated":true}]}}