{"id":12935,"date":"2022-06-17T19:08:38","date_gmt":"2022-06-17T19:08:38","guid":{"rendered":"https:\/\/www.welovecycling.com\/pl\/?p=12935"},"modified":"2022-06-17T19:08:38","modified_gmt":"2022-06-17T19:08:38","slug":"jak-sprawic-by-dzieci-nie-mogly-sie-doczekac-wakacji-na-rowerze-oto-10-podpowiedzi","status":"publish","type":"post","link":"https:\/\/www.welovecycling.com\/pl\/2022\/06\/17\/jak-sprawic-by-dzieci-nie-mogly-sie-doczekac-wakacji-na-rowerze-oto-10-podpowiedzi\/","title":{"rendered":"Jak sprawi\u0107, by dzieci nie mog\u0142y si\u0119 doczeka\u0107 wakacji na rowerze?  Oto 10 podpowiedzi"},"content":{"rendered":"<p><strong>Rowerowe wakacje z dzie\u0107mi to doskona\u0142y spos\u00f3b, by zaszczepi\u0107 w nich pasj\u0119 do jazdy lub podtrzyma\u0107 to zami\u0142owanie i sprawi\u0107, \u017ce b\u0119dzie trwa\u0142o przez ca\u0142e \u017cycie. Pozytywne do\u015bwiadczenia z takiego wyjazdu mog\u0105 zagwaranto\u00adwa\u0107, \u017ce dzieci b\u0119d\u0105 ch\u0119tnie je\u017adzi\u0142y na rowerze jeszcze przez d\u0142ugie lata, dlatego warto zainwestowa\u0107 czas i pieni\u0105dze, aby zapewni\u0107 im wspania\u0142\u0105 zabaw\u0119 i fantastyczne rodzinne wspomnienia. Poni\u017cej przedstawiamy kilka rad i wskaz\u00f3wek, dzi\u0119ki kt\u00f3rym dzieci nie b\u0119d\u0105 mog\u0142y si\u0119 doczeka\u0107 wakacji na rowerze.<\/strong><\/p>\n<ol>\n<li><strong>Planuj z wyprzedzeniem<\/strong><\/li>\n<\/ol>\n<p>Niekt\u00f3rzy preferuj\u0105 spontaniczne wakacje, kt\u00f3re nie wymagaj\u0105 \u017cadnych wcze\u015bniejszych przygotowa\u0144. Jednak gdy m\u00f3wimy o wyjazdach z dzie\u0107mi, dobra organizacja, wcze\u015bniejsze poinformowanie o wycieczce oraz zapewnienie mo\u017cliwo\u015bci wyboru spo\u015br\u00f3d r\u00f3\u017cnych wariant\u00f3w mog\u0105 sprawi\u0107, \u017ce dzieci poczuj\u0105 si\u0119 swobodniej i bardzo ich ten pomys\u0142 ucieszy. Zaplanuj, jak daleko zamierzasz dojecha\u0107. Uwzgl\u0119dnij r\u00f3\u017cne alternatywy \u2013 w ten spos\u00f3b upewnisz si\u0119, \u017ce dziecko nie poczuje si\u0119 wypchni\u0119te poza swoj\u0105 stref\u0119 komfortu, gdy z jakim\u015b odcinkiem nie da sobie rady.<\/p>\n<ol start=\"2\">\n<li><strong> Zaanga\u017cuj dzieci w planowanie\u2026<\/strong><\/li>\n<\/ol>\n<p>Warto p\u00f3j\u015b\u0107 o krok dalej i pozwoli\u0107 dzieciom na wsp\u00f3lne <a href=\"https:\/\/www.welovecycling.com\/wide\/2021\/10\/13\/the-5-best-european-bike-parks-for-your-next-vacation\/\">zaplanowanie wakacj<\/a><u>i<\/u>. Przedstaw r\u00f3\u017cne opcje \u2013 dowiesz si\u0119 wtedy, co im si\u0119 najbardziej podoba. Je\u015bli same wybior\u0105 tras\u0119, wzro\u015bnie prawdopodobie\u0144stwo, \u017ce b\u0119d\u0105 bardziej zmotywowane, by j\u0105 pokona\u0107.<\/p>\n<ol start=\"3\">\n<li><strong> \u2026albo zr\u00f3b im niespodziank\u0119!<\/strong><\/li>\n<\/ol>\n<p>Je\u015bli dobrze znasz swoje dzieci i wiesz, \u017ce na pewno spodoba im si\u0119 pomys\u0142 sp\u0119dzenia <a href=\"https:\/\/www.welovecycling.com\/wide\/2017\/02\/17\/three-best-100km-8-day-cycling-summer-vacations-kids\/\"><u>wakacji na rowerze<\/u><\/a>, powiedzenie im o wyje\u017adzie za wcze\u015bnie mo\u017ce wywo\u0142a\u0107 nadmierne emocje. Mo\u017cesz t\u0119 informacj\u0119 zachowa\u0107 na przyk\u0142ad na sam dzie\u0144 podr\u00f3\u017cy \u2013 dzi\u0119ki temu entuzjazm Twoich dzieci osi\u0105gnie najwy\u017cszy poziom akurat wtedy, gdy dotrzecie do celu. Poza tym b\u0119dziesz mie\u0107 pewno\u015b\u0107, \u017ce nie po\u015bwi\u0119ci\u0142y kilku wcze\u015bniejszych nocy na rozmy\u015blania o wycieczce!<\/p>\n<figure style=\"width: 1000px\" class=\"wp-caption alignnone\"><img loading=\"lazy\" decoding=\"async\" src=\"https:\/\/d2p6e6u75xmxt8.cloudfront.net\/2\/2022\/05\/Family-cycling-profimedia-0690984099.jpg\" alt=\"Family cycling\" width=\"1000\" height=\"666\" \/><figcaption class=\"wp-caption-text\">Tras\u0119 wycieczki warto om\u00f3wi\u0107 z dzie\u0107mi. Opowiedz im wszystko o celu podr\u00f3\u017cy. Podaj jak najwi\u0119cej ciekawostek zwi\u0105zanych z okolic\u0105 \u2013 je\u015bli uda Ci si\u0119 sprawi\u0107, \u017ce nie b\u0119d\u0105 mog\u0142y si\u0119 doczeka\u0107 wyjazdu, wszystko p\u00f3jdzie jak po ma\u015ble. \u00a9 Profimedia<\/figcaption><\/figure>\n<p>&nbsp;<\/p>\n<ol start=\"4\">\n<li><strong> Zabierz dzieci na zakupy<\/strong><\/li>\n<\/ol>\n<p>Doskona\u0142ym sposobem na rozbudzenie w dzieciach entuzjazmu wobec wakacji na rowerze jest zakup nowego pojazdu! A je\u017celi Twoje pociechy maj\u0105 ju\u017c swoje rowery, ich rado\u015b\u0107 na pewno wywo\u0142a cho\u0107by kupno kilku dodatkowych akcesori\u00f3w lub innych rzeczy, kt\u00f3rymi b\u0119d\u0105 mog\u0142y si\u0119 bawi\u0107 podczas wyjazdu.<\/p>\n<ol start=\"5\">\n<li><strong> Obejrzyj okolic\u0119<\/strong><\/li>\n<\/ol>\n<p>Sprawd\u017a, jakie udogodnienia s\u0105 dost\u0119pne na trasie wycieczki. W ten spos\u00f3b dowiesz si\u0119, gdzie mog\u0105 znajdowa\u0107 si\u0119 wszystkie punkty z przek\u0105skami \u2013 dla m\u0142odych ludzi stanowi to wa\u017cny aspekt podr\u00f3\u017cy! Gdy b\u0119dziesz wiedzie\u0107, \u017ce na przyk\u0142ad w odleg\u0142o\u015bci nieca\u0142ego kilometra znajduje si\u0119 lodziarnia, uda Ci si\u0119 zach\u0119ci\u0107 dzieci do dalszej jazdy i okre\u015bli\u0107 konkretny cel \u2013 jego osi\u0105gni\u0119cie na pewno da im du\u017c\u0105 satysfakcj\u0119.<\/p>\n<p>Mo\u017cesz tak\u017ce zaplanowa\u0107 post\u00f3j na placu zabaw czy w wi\u0119kszym parku rozrywki. Tam dzieci b\u0119d\u0105 mog\u0142y zaj\u0105\u0107 si\u0119 czym\u015b innym ni\u017c jazda na rowerze, zanim ponownie wyruszycie w tras\u0119. Zwi\u0119kszy to ich tolerancj\u0119 na jazd\u0119, poniewa\u017c ograniczy pokonywanie d\u0142ugich odcink\u00f3w.<\/p>\n<p>Najwa\u017cniejsze jest jednak sprawdzenie, gdzie znajduj\u0105 si\u0119 publiczne toalety. Cho\u0107 swoj\u0105 potrzeb\u0119 mo\u017cna cz\u0119sto za\u0142atwi\u0107 na \u0142onie natury, warto wiedzie\u0107, czy w pobli\u017cu znajduje si\u0119 ubikacja \u2013 szczeg\u00f3lnie w przypadku bardziej ucz\u0119szczanych tras.<\/p>\n<p>Zalecamy zaznaczenie wszystkich istotnych punkt\u00f3w na mapie, aby dzieci mog\u0142y si\u0119 z nimi zapozna\u0107 i samodzielnie znajdowa\u0107 te miejsca podczas podr\u00f3\u017cy.<\/p>\n<ol start=\"6\">\n<li><strong> Wsp\u00f3lnie powspominajcie poprzedni wyjazd<\/strong><\/li>\n<\/ol>\n<p>Je\u017celi byli\u015bcie ju\u017c kiedy\u015b z dzie\u0107mi na wakacjach rowerowych, warto znale\u017a\u0107 zdj\u0119cia z tej wyprawy i wsp\u00f3lnie j\u0105 powspomina\u0107 \u2013 przypomnie\u0107 sobie na przyk\u0142ad jedzenie (w tym pyszne lody) albo pi\u0119kne pla\u017ce.<\/p>\n<ol start=\"7\">\n<li><strong> Zabierz ze sob\u0105 znajomych<\/strong><\/li>\n<\/ol>\n<p>Ten punkt nie jest tak wa\u017cny jak poprzednie, ale mo\u017ce mie\u0107 pozytywny wp\u0142yw na poziom motywacji m\u0142odzie\u017cy. Towarzystwo znajomych maj\u0105cych dzieci w podobnym wieku mo\u017ce spowodowa\u0107, \u017ce b\u0119d\u0105 chcia\u0142y zaimponowa\u0107 swoim r\u00f3wie\u015bnikom \u2013 i w efekcie b\u0119d\u0105 peda\u0142owa\u0107 z wi\u0119kszym zapa\u0142em, ni\u017c gdyby podr\u00f3\u017cowa\u0142y tylko z rodzicami i rodze\u0144stwem. Zmotywowanie kole\u017canek i koleg\u00f3w do jazdy na rowerze mo\u017ce tak\u017ce stanowi\u0107 dla nich cenn\u0105 \u017cyciow\u0105 lekcj\u0119.<\/p>\n<ol start=\"8\">\n<li><strong> Popro\u015b dzieci o pomoc przy pakowaniu<\/strong><\/li>\n<\/ol>\n<p>S\u0105 osoby, dla kt\u00f3rych sporz\u0105dzenie listy rzeczy do spakowania i wyb\u00f3r ulubionych spodenek do jazdy to czysta przyjemno\u015b\u0107. W\u015br\u00f3d nich mog\u0105 by\u0107 te\u017c Twoje dzieci \u2013 jest to ma\u0142o prawdopodobne, ale niewykluczone. Jednak nawet je\u015bli nie s\u0105 szczeg\u00f3lnie zainteresowane tego typu aktywno\u015bciami, jest du\u017ca szansa, \u017ce spodoba im si\u0119 sama mo\u017cliwo\u015b\u0107 wzi\u0119cia udzia\u0142u w przygotowaniu do wakacji, co r\u00f3wnie\u017c stanowi okazj\u0119 do wzbudzenia w nich entuzjazmu.<\/p>\n<ol start=\"9\">\n<li><strong> Stw\u00f3rz album z pami\u0105tkami<\/strong><\/li>\n<\/ol>\n<p>Od samego pocz\u0105tku starannie dokumentuj <span style=\"text-decoration: underline;\"><a href=\"https:\/\/www.youtube.com\/watch?v=Kli2XxCPMCk&amp;t=1s&amp;ab_channel=WeLoveCycling\">wakacje<\/a><\/span>, zachowuj\u0105c wszystko, co mo\u017cna umie\u015bci\u0107 w albumie. Pozw\u00f3l dzieciom go pokolorowa\u0107 i rysowa\u0107 w nim rzeczy, kt\u00f3re spodziewaj\u0105 si\u0119 zobaczy\u0107 na wycieczce. Popro\u015b je r\u00f3wnie\u017c, aby udekorowa\u0142y album, do kt\u00f3rego nast\u0119pnie w\u0142o\u017cycie wszystkie bilety, mapy, opakowania po s\u0142odyczach itp. Pami\u0105tki tego typu przydadz\u0105 si\u0119 te\u017c wtedy, gdy trzeba b\u0119dzie zapewni\u0107 naszym pociechom jakie\u015b zaj\u0119cie podczas d\u0142ugiej podr\u00f3\u017cy samochodem lub samolotem.<\/p>\n<ol start=\"10\">\n<li><strong> Nie przejmuj si\u0119, je\u015bli za bardzo si\u0119 nie ciesz\u0105<\/strong><\/li>\n<\/ol>\n<p>Nie oczekuj, \u017ce dzieci b\u0119d\u0105 od razu rozentuzjazmowane na my\u015bl o wakacjach na rowerze \u2013 fakt, \u017ce kolarstwo jest Twoj\u0105 prawdziw\u0105 mi\u0142o\u015bci\u0105, wcale nie oznacza, \u017ce musz\u0105 one podziela\u0107 to uczucie. Oczywi\u015bcie by\u0142oby mi\u0142o m\u00f3c dzieli\u0107 swoj\u0105 ulubion\u0105 form\u0119 sp\u0119dzania wakacji z dzie\u0107mi, dlatego pami\u0119taj, aby zawsze bra\u0107 pod uwag\u0119 ich zdanie \u2013 by\u0107 mo\u017ce gdy dorosn\u0105, same pokochaj\u0105 wyjazdy rowerowe!<\/p>\n<p><a class=\"in-cell-link\" href=\"http:\/\/www.skoda-auto.pl\/\" target=\"_blank\" rel=\"noopener noreferrer\">Artyku\u0142 powsta\u0142 we wsp\u00f3\u0142pracy ze skoda-auto.pl<\/a><a href=\"https:\/\/www.skoda-auto.pl\/modele\/nowa-octavia\"><img loading=\"lazy\" decoding=\"async\" class=\"alignnone size-full wp-image-11630 aligncenter\" src=\"https:\/\/d2p6e6u75xmxt8.cloudfront.net\/5\/2021\/12\/640x350-1.jpg\" alt=\"\" width=\"640\" height=\"350\" srcset=\"https:\/\/d2p6e6u75xmxt8.cloudfront.net\/5\/2021\/12\/640x350-1.jpg 640w, https:\/\/d2p6e6u75xmxt8.cloudfront.net\/5\/2021\/12\/640x350-1-300x164.jpg 300w\" sizes=\"auto, (max-width: 640px) 100vw, 640px\" \/><\/a><\/p>\n","protected":false},"excerpt":{"rendered":"<p>Rowerowe wakacje z dzie\u0107mi to doskona\u0142y spos\u00f3b, by zaszczepi\u0107 w nich pasj\u0119 do jazdy lub podtrzyma\u0107 to zami\u0142owanie i sprawi\u0107, [&hellip;]<\/p>\n","protected":false},"author":153,"featured_media":12938,"comment_status":"open","ping_status":"open","sticky":false,"template":"","format":"standard","meta":{"footnotes":""},"categories":[268],"tags":[],"global-categories":[303],"class_list":["post-12935","post","type-post","status-publish","format-standard","has-post-thumbnail","hentry","category-rodzina","global-categories-cycling"],"yoast_head":"<!-- This site is optimized with the Yoast SEO Premium plugin v25.3 (Yoast SEO v25.9) - https:\/\/yoast.com\/wordpress\/plugins\/seo\/ -->\n<title>Jak sprawi\u0107, by dzieci nie mog\u0142y si\u0119 doczeka\u0107 wakacji na rowerze? Oto 10 podpowiedzi - \u0160koda We Love Cycling - Poland<\/title>\n<meta name=\"robots\" content=\"index, follow, max-snippet:-1, max-image-preview:large, max-video-preview:-1\" \/>\n<link rel=\"canonical\" href=\"https:\/\/www.welovecycling.com\/pl\/2022\/06\/17\/jak-sprawic-by-dzieci-nie-mogly-sie-doczekac-wakacji-na-rowerze-oto-10-podpowiedzi\/\" \/>\n<meta property=\"og:locale\" content=\"pl_PL\" \/>\n<meta property=\"og:type\" content=\"article\" \/>\n<meta property=\"og:title\" content=\"Jak sprawi\u0107, by dzieci nie mog\u0142y si\u0119 doczeka\u0107 wakacji na rowerze? Oto 10 podpowiedzi\" \/>\n<meta property=\"og:description\" content=\"Rowerowe wakacje z dzie\u0107mi to doskona\u0142y spos\u00f3b, by zaszczepi\u0107 w nich pasj\u0119 do jazdy lub podtrzyma\u0107 to zami\u0142owanie i sprawi\u0107, [&hellip;]\" \/>\n<meta property=\"og:url\" content=\"https:\/\/www.welovecycling.com\/pl\/2022\/06\/17\/jak-sprawic-by-dzieci-nie-mogly-sie-doczekac-wakacji-na-rowerze-oto-10-podpowiedzi\/\" \/>\n<meta property=\"og:site_name\" content=\"\u0160koda We Love Cycling - Poland\" \/>\n<meta property=\"article:published_time\" content=\"2022-06-17T19:08:38+00:00\" \/>\n<meta property=\"og:image\" content=\"https:\/\/d2p6e6u75xmxt8.cloudfront.net\/5\/2022\/06\/Family-Cycling-Vacation-profimedia-0691197114-CVR.jpg\" \/>\n\t<meta property=\"og:image:width\" content=\"990\" \/>\n\t<meta property=\"og:image:height\" content=\"660\" \/>\n\t<meta property=\"og:image:type\" content=\"image\/jpeg\" \/>\n<meta name=\"author\" content=\"rafal\" \/>\n<meta name=\"twitter:card\" content=\"summary_large_image\" \/>\n<meta name=\"twitter:label1\" content=\"Written by\" \/>\n\t<meta name=\"twitter:data1\" content=\"Charlotte Murray\" \/>\n\t<meta name=\"twitter:label2\" content=\"Est. reading time\" \/>\n\t<meta name=\"twitter:data2\" content=\"5 minutes\" \/>\n<script type=\"application\/ld+json\" class=\"yoast-schema-graph\">{\"@context\":\"https:\/\/schema.org\",\"@graph\":[{\"@type\":\"WebPage\",\"@id\":\"https:\/\/www.welovecycling.com\/pl\/2022\/06\/17\/jak-sprawic-by-dzieci-nie-mogly-sie-doczekac-wakacji-na-rowerze-oto-10-podpowiedzi\/\",\"url\":\"https:\/\/www.welovecycling.com\/pl\/2022\/06\/17\/jak-sprawic-by-dzieci-nie-mogly-sie-doczekac-wakacji-na-rowerze-oto-10-podpowiedzi\/\",\"name\":\"Jak sprawi\u0107, by dzieci nie mog\u0142y si\u0119 doczeka\u0107 wakacji na rowerze? Oto 10 podpowiedzi - \u0160koda We Love Cycling - Poland\",\"isPartOf\":{\"@id\":\"https:\/\/www.welovecycling.com\/pl\/#website\"},\"primaryImageOfPage\":{\"@id\":\"https:\/\/www.welovecycling.com\/pl\/2022\/06\/17\/jak-sprawic-by-dzieci-nie-mogly-sie-doczekac-wakacji-na-rowerze-oto-10-podpowiedzi\/#primaryimage\"},\"image\":{\"@id\":\"https:\/\/www.welovecycling.com\/pl\/2022\/06\/17\/jak-sprawic-by-dzieci-nie-mogly-sie-doczekac-wakacji-na-rowerze-oto-10-podpowiedzi\/#primaryimage\"},\"thumbnailUrl\":\"https:\/\/d2p6e6u75xmxt8.cloudfront.net\/5\/2022\/06\/Family-Cycling-Vacation-profimedia-0691197114-CVR.jpg\",\"datePublished\":\"2022-06-17T19:08:38+00:00\",\"author\":{\"@id\":\"https:\/\/www.welovecycling.com\/pl\/#\/schema\/person\/bf06ed916a1ef16618807fb60d2ebe42\"},\"breadcrumb\":{\"@id\":\"https:\/\/www.welovecycling.com\/pl\/2022\/06\/17\/jak-sprawic-by-dzieci-nie-mogly-sie-doczekac-wakacji-na-rowerze-oto-10-podpowiedzi\/#breadcrumb\"},\"inLanguage\":\"pl-PL\",\"potentialAction\":[{\"@type\":\"ReadAction\",\"target\":[\"https:\/\/www.welovecycling.com\/pl\/2022\/06\/17\/jak-sprawic-by-dzieci-nie-mogly-sie-doczekac-wakacji-na-rowerze-oto-10-podpowiedzi\/\"]}]},{\"@type\":\"ImageObject\",\"inLanguage\":\"pl-PL\",\"@id\":\"https:\/\/www.welovecycling.com\/pl\/2022\/06\/17\/jak-sprawic-by-dzieci-nie-mogly-sie-doczekac-wakacji-na-rowerze-oto-10-podpowiedzi\/#primaryimage\",\"url\":\"https:\/\/d2p6e6u75xmxt8.cloudfront.net\/5\/2022\/06\/Family-Cycling-Vacation-profimedia-0691197114-CVR.jpg\",\"contentUrl\":\"https:\/\/d2p6e6u75xmxt8.cloudfront.net\/5\/2022\/06\/Family-Cycling-Vacation-profimedia-0691197114-CVR.jpg\",\"width\":990,\"height\":660},{\"@type\":\"BreadcrumbList\",\"@id\":\"https:\/\/www.welovecycling.com\/pl\/2022\/06\/17\/jak-sprawic-by-dzieci-nie-mogly-sie-doczekac-wakacji-na-rowerze-oto-10-podpowiedzi\/#breadcrumb\",\"itemListElement\":[{\"@type\":\"ListItem\",\"position\":1,\"name\":\"Home\",\"item\":\"https:\/\/www.welovecycling.com\/pl\/\"},{\"@type\":\"ListItem\",\"position\":2,\"name\":\"Jak sprawi\u0107, by dzieci nie mog\u0142y si\u0119 doczeka\u0107 wakacji na rowerze? Oto 10 podpowiedzi\"}]},{\"@type\":\"WebSite\",\"@id\":\"https:\/\/www.welovecycling.com\/pl\/#website\",\"url\":\"https:\/\/www.welovecycling.com\/pl\/\",\"name\":\"\u0160koda We Love Cycling - Poland\",\"description\":\"\",\"potentialAction\":[{\"@type\":\"SearchAction\",\"target\":{\"@type\":\"EntryPoint\",\"urlTemplate\":\"https:\/\/www.welovecycling.com\/pl\/?s={search_term_string}\"},\"query-input\":{\"@type\":\"PropertyValueSpecification\",\"valueRequired\":true,\"valueName\":\"search_term_string\"}}],\"inLanguage\":\"pl-PL\"},{\"@type\":\"Person\",\"@id\":\"https:\/\/www.welovecycling.com\/pl\/#\/schema\/person\/bf06ed916a1ef16618807fb60d2ebe42\",\"name\":\"rafal\",\"image\":{\"@type\":\"ImageObject\",\"inLanguage\":\"pl-PL\",\"@id\":\"https:\/\/www.welovecycling.com\/pl\/#\/schema\/person\/image\/\",\"url\":\"https:\/\/secure.gravatar.com\/avatar\/203f240e63bee214f6f3a0dacbeb600c7829c09716c2b9ee3230c6961debcde2?s=96&d=mm&r=g\",\"contentUrl\":\"https:\/\/secure.gravatar.com\/avatar\/203f240e63bee214f6f3a0dacbeb600c7829c09716c2b9ee3230c6961debcde2?s=96&d=mm&r=g\",\"caption\":\"rafal\"},\"url\":\"https:\/\/www.welovecycling.com\/pl\/author\/rafal\/\"}]}<\/script>\n<!-- \/ Yoast SEO Premium plugin. -->","yoast_head_json":{"title":"Jak sprawi\u0107, by dzieci nie mog\u0142y si\u0119 doczeka\u0107 wakacji na rowerze? Oto 10 podpowiedzi - \u0160koda We Love Cycling - Poland","robots":{"index":"index","follow":"follow","max-snippet":"max-snippet:-1","max-image-preview":"max-image-preview:large","max-video-preview":"max-video-preview:-1"},"canonical":"https:\/\/www.welovecycling.com\/pl\/2022\/06\/17\/jak-sprawic-by-dzieci-nie-mogly-sie-doczekac-wakacji-na-rowerze-oto-10-podpowiedzi\/","og_locale":"pl_PL","og_type":"article","og_title":"Jak sprawi\u0107, by dzieci nie mog\u0142y si\u0119 doczeka\u0107 wakacji na rowerze? Oto 10 podpowiedzi","og_description":"Rowerowe wakacje z dzie\u0107mi to doskona\u0142y spos\u00f3b, by zaszczepi\u0107 w nich pasj\u0119 do jazdy lub podtrzyma\u0107 to zami\u0142owanie i sprawi\u0107, [&hellip;]","og_url":"https:\/\/www.welovecycling.com\/pl\/2022\/06\/17\/jak-sprawic-by-dzieci-nie-mogly-sie-doczekac-wakacji-na-rowerze-oto-10-podpowiedzi\/","og_site_name":"\u0160koda We Love Cycling - Poland","article_published_time":"2022-06-17T19:08:38+00:00","og_image":[{"width":990,"height":660,"url":"https:\/\/d2p6e6u75xmxt8.cloudfront.net\/5\/2022\/06\/Family-Cycling-Vacation-profimedia-0691197114-CVR.jpg","type":"image\/jpeg"}],"author":"rafal","twitter_card":"summary_large_image","twitter_misc":{"Written by":"Charlotte Murray","Est. reading time":"5 minutes"},"schema":{"@context":"https:\/\/schema.org","@graph":[{"@type":"WebPage","@id":"https:\/\/www.welovecycling.com\/pl\/2022\/06\/17\/jak-sprawic-by-dzieci-nie-mogly-sie-doczekac-wakacji-na-rowerze-oto-10-podpowiedzi\/","url":"https:\/\/www.welovecycling.com\/pl\/2022\/06\/17\/jak-sprawic-by-dzieci-nie-mogly-sie-doczekac-wakacji-na-rowerze-oto-10-podpowiedzi\/","name":"Jak sprawi\u0107, by dzieci nie mog\u0142y si\u0119 doczeka\u0107 wakacji na rowerze? Oto 10 podpowiedzi - \u0160koda We Love Cycling - Poland","isPartOf":{"@id":"https:\/\/www.welovecycling.com\/pl\/#website"},"primaryImageOfPage":{"@id":"https:\/\/www.welovecycling.com\/pl\/2022\/06\/17\/jak-sprawic-by-dzieci-nie-mogly-sie-doczekac-wakacji-na-rowerze-oto-10-podpowiedzi\/#primaryimage"},"image":{"@id":"https:\/\/www.welovecycling.com\/pl\/2022\/06\/17\/jak-sprawic-by-dzieci-nie-mogly-sie-doczekac-wakacji-na-rowerze-oto-10-podpowiedzi\/#primaryimage"},"thumbnailUrl":"https:\/\/d2p6e6u75xmxt8.cloudfront.net\/5\/2022\/06\/Family-Cycling-Vacation-profimedia-0691197114-CVR.jpg","datePublished":"2022-06-17T19:08:38+00:00","author":{"@id":"https:\/\/www.welovecycling.com\/pl\/#\/schema\/person\/bf06ed916a1ef16618807fb60d2ebe42"},"breadcrumb":{"@id":"https:\/\/www.welovecycling.com\/pl\/2022\/06\/17\/jak-sprawic-by-dzieci-nie-mogly-sie-doczekac-wakacji-na-rowerze-oto-10-podpowiedzi\/#breadcrumb"},"inLanguage":"pl-PL","potentialAction":[{"@type":"ReadAction","target":["https:\/\/www.welovecycling.com\/pl\/2022\/06\/17\/jak-sprawic-by-dzieci-nie-mogly-sie-doczekac-wakacji-na-rowerze-oto-10-podpowiedzi\/"]}]},{"@type":"ImageObject","inLanguage":"pl-PL","@id":"https:\/\/www.welovecycling.com\/pl\/2022\/06\/17\/jak-sprawic-by-dzieci-nie-mogly-sie-doczekac-wakacji-na-rowerze-oto-10-podpowiedzi\/#primaryimage","url":"https:\/\/d2p6e6u75xmxt8.cloudfront.net\/5\/2022\/06\/Family-Cycling-Vacation-profimedia-0691197114-CVR.jpg","contentUrl":"https:\/\/d2p6e6u75xmxt8.cloudfront.net\/5\/2022\/06\/Family-Cycling-Vacation-profimedia-0691197114-CVR.jpg","width":990,"height":660},{"@type":"BreadcrumbList","@id":"https:\/\/www.welovecycling.com\/pl\/2022\/06\/17\/jak-sprawic-by-dzieci-nie-mogly-sie-doczekac-wakacji-na-rowerze-oto-10-podpowiedzi\/#breadcrumb","itemListElement":[{"@type":"ListItem","position":1,"name":"Home","item":"https:\/\/www.welovecycling.com\/pl\/"},{"@type":"ListItem","position":2,"name":"Jak sprawi\u0107, by dzieci nie mog\u0142y si\u0119 doczeka\u0107 wakacji na rowerze? Oto 10 podpowiedzi"}]},{"@type":"WebSite","@id":"https:\/\/www.welovecycling.com\/pl\/#website","url":"https:\/\/www.welovecycling.com\/pl\/","name":"\u0160koda We Love Cycling - Poland","description":"","potentialAction":[{"@type":"SearchAction","target":{"@type":"EntryPoint","urlTemplate":"https:\/\/www.welovecycling.com\/pl\/?s={search_term_string}"},"query-input":{"@type":"PropertyValueSpecification","valueRequired":true,"valueName":"search_term_string"}}],"inLanguage":"pl-PL"},{"@type":"Person","@id":"https:\/\/www.welovecycling.com\/pl\/#\/schema\/person\/bf06ed916a1ef16618807fb60d2ebe42","name":"rafal","image":{"@type":"ImageObject","inLanguage":"pl-PL","@id":"https:\/\/www.welovecycling.com\/pl\/#\/schema\/person\/image\/","url":"https:\/\/secure.gravatar.com\/avatar\/203f240e63bee214f6f3a0dacbeb600c7829c09716c2b9ee3230c6961debcde2?s=96&d=mm&r=g","contentUrl":"https:\/\/secure.gravatar.com\/avatar\/203f240e63bee214f6f3a0dacbeb600c7829c09716c2b9ee3230c6961debcde2?s=96&d=mm&r=g","caption":"rafal"},"url":"https:\/\/www.welovecycling.com\/pl\/author\/rafal\/"}]}},"_links":{"self":[{"href":"https:\/\/www.welovecycling.com\/pl\/wp-json\/wp\/v2\/posts\/12935","targetHints":{"allow":["GET"]}}],"collection":[{"href":"https:\/\/www.welovecycling.com\/pl\/wp-json\/wp\/v2\/posts"}],"about":[{"href":"https:\/\/www.welovecycling.com\/pl\/wp-json\/wp\/v2\/types\/post"}],"author":[{"embeddable":true,"href":"https:\/\/www.welovecycling.com\/pl\/wp-json\/wp\/v2\/users\/153"}],"replies":[{"embeddable":true,"href":"https:\/\/www.welovecycling.com\/pl\/wp-json\/wp\/v2\/comments?post=12935"}],"version-history":[{"count":2,"href":"https:\/\/www.welovecycling.com\/pl\/wp-json\/wp\/v2\/posts\/12935\/revisions"}],"predecessor-version":[{"id":12940,"href":"https:\/\/www.welovecycling.com\/pl\/wp-json\/wp\/v2\/posts\/12935\/revisions\/12940"}],"wp:featuredmedia":[{"embeddable":true,"href":"https:\/\/www.welovecycling.com\/pl\/wp-json\/wp\/v2\/media\/12938"}],"wp:attachment":[{"href":"https:\/\/www.welovecycling.com\/pl\/wp-json\/wp\/v2\/media?parent=12935"}],"wp:term":[{"taxonomy":"category","embeddable":true,"href":"https:\/\/www.welovecycling.com\/pl\/wp-json\/wp\/v2\/categories?post=12935"},{"taxonomy":"post_tag","embeddable":true,"href":"https:\/\/www.welovecycling.com\/pl\/wp-json\/wp\/v2\/tags?post=12935"},{"taxonomy":"global-categories","embeddable":true,"href":"https:\/\/www.welovecycling.com\/pl\/wp-json\/wp\/v2\/global-categories?post=12935"}],"curies":[{"name":"wp","href":"https:\/\/api.w.org\/{rel}","templated":true}]}}