{"id":12927,"date":"2022-06-13T12:56:25","date_gmt":"2022-06-13T12:56:25","guid":{"rendered":"https:\/\/www.welovecycling.com\/pl\/?p=12927"},"modified":"2022-07-08T08:43:53","modified_gmt":"2022-07-08T08:43:53","slug":"pokaz-sily-tak-wygladaja-ostatnie-szlify-przed-tour-de-france","status":"publish","type":"post","link":"https:\/\/www.welovecycling.com\/pl\/2022\/06\/13\/pokaz-sily-tak-wygladaja-ostatnie-szlify-przed-tour-de-france\/","title":{"rendered":"Pokaz si\u0142y! Tak wygl\u0105daj\u0105 ostatnie szlify przed Tour de France"},"content":{"rendered":"<p><strong>Primo\u017e Rogli\u010d wys\u0142a\u0142 mocny sygna\u0142 przed zbli\u017caj\u0105cym si\u0119 Tour de France. Najwi\u0119kszy pechowiec ostatnich lat b\u0142ysn\u0105\u0142 form\u0105 i wygra\u0142 Criterium du Dauphine. Czy taka dyspozycja wystarczy, by przerwa\u0107 panowanie Tadeja Pogacara w Wielkiej P\u0119tli?<\/strong><\/p>\n<p>Najbardziej presti\u017cowy wy\u015bcig \u015bwiata zbli\u017ca si\u0119 wielkimi krokami. Mechanicy wprowadzaj\u0105 ostatnie korekty, ekipy szlifuj\u0105 taktyk\u0119, a faworyci powoli zaczynaj\u0105 pr\u0119\u017cy\u0107 musku\u0142y, co w\u0142a\u015bnie zrobi\u0142a ekipa Jumbo-Visma.<\/p>\n<div class=\"embed-controller-wrapper\">\n<blockquote class=\"twitter-tweet\" data-width=\"500\" data-dnt=\"true\">\n<p lang=\"en\" dir=\"ltr\">\ud83c\uddeb\ud83c\uddf7 <a href=\"https:\/\/twitter.com\/hashtag\/Dauphin%C3%A9?src=hash&amp;ref_src=twsrc%5Etfw\">#Dauphin\u00e9<\/a><\/p>\n<p>\ud835\udc00\ud835\udc25\ud835\udc25 \ud835\udc2d\ud835\udc21\ud835\udc1a\ud835\udc2d \ud835\udc26\ud835\udc1a\ud835\udc2d\ud835\udc2d\ud835\udc1e\ud835\udc2b\ud835\udc2c. \ud83d\ude0d <a href=\"https:\/\/t.co\/Zo2KMZkXkQ\">pic.twitter.com\/Zo2KMZkXkQ<\/a><\/p>\n<p>&mdash; Team Visma | Lease a Bike (@vismaleaseabike) <a href=\"https:\/\/twitter.com\/vismaleaseabike\/status\/1536023239855591424?ref_src=twsrc%5Etfw\">June 12, 2022<\/a><\/p><\/blockquote>\n<p><script async data-src=\"https:\/\/platform.twitter.com\/widgets.js\" charset=\"utf-8\"><\/script><\/div>\n<p>Criterium du Dauphine to jeden z ostatnich i najwa\u017cniejszych sprawdzian\u00f3w przed Tour de France i w\u0142a\u015bnie podczas tego wy\u015bcigu zesp\u00f3\u0142 prowadzony przez Primo\u017ea Rogli\u010da nie mia\u0142 sobie r\u00f3wnych. Pierwszy etap wygra\u0142 Wout Van Aert, p\u00f3\u017aniej na jeden dzie\u0144 odda\u0142 prowadzenie w klasyfikacji generalnej Alexisowi Vuillermozowi (TotalEnergies), a nast\u0119pnie zn\u00f3w do g\u0142osu dosz\u0142a Jumbo-Visma.<\/p>\n<h2><strong>Duety do mety<\/strong><\/h2>\n<p>Van Aert by\u0142 liderem przez cztery kolejne etapy, a na ostatnie dwa dni prowadzenie przej\u0105\u0142 Rogli\u010d. Przewaga jego ekipy najbardziej widoczna by\u0142a ostatniego dnia, gdy S\u0142oweniec i jego partner z zespo\u0142u Jonas Vingegaard odsadzili rywali i niemal r\u00f3wnocze\u015bnie przeci\u0119li lini\u0119 mety. Rogli\u010d odda\u0142 koledze etap, bo sam osi\u0105gn\u0105\u0142 to, po co przyjecha\u0142, czyli wygran\u0105 w klasyfikacji generalnej.<\/p>\n<p>https:\/\/twitter.com\/dauphine\/status\/1536002534908866569<\/p>\n<p>\u2013 Jestem bardzo szcz\u0119\u015bliwy. Z dnia na dzie\u0144 stawa\u0142em si\u0119 coraz lepszy, a to dodaje pewno\u015bci siebie. Nie planowa\u0142em przyje\u017cd\u017ca\u0107 tutaj w szczytowej formie, ale chcia\u0142em poprawi\u0107 swoj\u0105 dyspozycj\u0119. S\u0105dz\u0119, \u017ce dzi\u0119ki temu powinienem by\u0107 gotowy na Tour de France \u2013 podkre\u015bla\u0142 Rogli\u010d.<\/p>\n<p>Dla S\u0142owe\u0144ca Wielka P\u0119tla to niespe\u0142nione marzenie. Dwa lata temu by\u0142 krok od historycznej wygranej, ale triumf na przedostatnim etapie wydar\u0142 mu rodak Tadej Pogacar. Przed rokiem Rogli\u010d planowa\u0142 rewan\u017c, ale musia\u0142 wycofa\u0107 si\u0119 z powodu kontuzji. Teraz podejmie kolejn\u0105 pr\u00f3b\u0119, cho\u0107 kandydat\u00f3w do zwyci\u0119stwa jest znacznie wi\u0119cej.<\/p>\n<h2><strong>R\u00f3\u017cne drogi na szczyt Tour de France<\/strong><\/h2>\n<p>Pogacar zdecydowa\u0142 si\u0119 na inny spos\u00f3b przygotowa\u0144 do Wielkiej P\u0119tli. S\u0142oweniec na razie nie bierze udzia\u0142u w wy\u015bcigach z serii UCI World Tour, ale trenuje indywidualnie. W maju zrobi\u0142 rekonesans g\u00f3rskich etap\u00f3w Tour de France, a nast\u0119pnie wybra\u0142 si\u0119 na ob\u00f3z wysoko\u015bciowy w Livigno.<\/p>\n<div class=\"embed-controller-wrapper\">\n<blockquote class=\"twitter-tweet\" data-width=\"500\" data-dnt=\"true\">\n<p lang=\"en\" dir=\"ltr\">My passion is cycling&#8230;how do you get your &#39;kicks&#39; ? \ud83e\udd14\ud83d\ude01 <a href=\"https:\/\/t.co\/keQnNaNCCU\">pic.twitter.com\/keQnNaNCCU<\/a><\/p>\n<p>&mdash; Tadej Poga\u010dar (@TamauPogi) <a href=\"https:\/\/twitter.com\/TamauPogi\/status\/1531544571863236609?ref_src=twsrc%5Etfw\">May 31, 2022<\/a><\/p><\/blockquote>\n<p><script async data-src=\"https:\/\/platform.twitter.com\/widgets.js\" charset=\"utf-8\"><\/script><\/div>\n<p>Cz\u0119\u015b\u0107 peletonu do Wielkiej P\u0119tli przygotowuje si\u0119 tak\u017ce poprzez udzia\u0142 w Tour de Suisse. Szlifowa\u0107 form\u0119 w Szwajcarii zdecydowali si\u0119 zawodnicy Ineos Grenadiers z Adamem Yatesem i Danielem Martinezem na czele. Na starcie stan\u0119li te\u017c m.in. Remco Evenepoel (Quick-Step Alpha Vinyl), Aleksandr Vlasov (Bora-hansgrohe) i Thibaut Pinot (Groupama-FDJ). Wszyscy maj\u0105 nadziej\u0119, \u017ce p\u00f3jd\u0105 drog\u0105 Egana Bernala z 2019 r., kt\u00f3ry w\u0142a\u015bnie po wygraniu Tour de Suisse triumfowa\u0142 w Tour de France.<\/p>\n<h2><strong>Pag\u00f3rki, g\u00f3ry, czas\u00f3wka i Wielka P\u0119tla<\/strong><\/h2>\n<p>Pierwszy etap Tour de Suisse wygra\u0142 Stephen Williams (Bahrain Victorious), kt\u00f3ry w niedziel\u0119 wyprzedzi\u0142 Maximiliana Schachmanna (Bora-hansgrohe) i Du\u0144czyka Andreasa Krona (Lotto Soudal).<\/p>\n<div class=\"embed-controller-wrapper\">\n<blockquote class=\"twitter-tweet\" data-width=\"500\" data-dnt=\"true\">\n<p lang=\"de\" dir=\"ltr\">Stephen Williams (<a href=\"https:\/\/twitter.com\/BHRVictorious?ref_src=twsrc%5Etfw\">@BHRVictorious<\/a> ) wins Stage 1 in K\u00fcsnacht:<a href=\"https:\/\/twitter.com\/PrimeoEnergie?ref_src=twsrc%5Etfw\">@PrimeoEnergie<\/a> <a href=\"https:\/\/twitter.com\/searchch?ref_src=twsrc%5Etfw\">@searchch<\/a> <a href=\"https:\/\/t.co\/OC6FcBBLQ3\">pic.twitter.com\/OC6FcBBLQ3<\/a><\/p>\n<p>&mdash; Tour de Suisse (@tds) <a href=\"https:\/\/twitter.com\/tds\/status\/1536005849679896576?ref_src=twsrc%5Etfw\">June 12, 2022<\/a><\/p><\/blockquote>\n<p><script async data-src=\"https:\/\/platform.twitter.com\/widgets.js\" charset=\"utf-8\"><\/script><\/div>\n<p>Teraz przed zawodnikami cztery etapy pag\u00f3rkowate oraz dwudniowa walka w g\u00f3rach. Zako\u0144czenie wy\u015bcigu w niedziel\u0119 \u2013 czas\u00f3wk\u0105 po ulicach Vaduz.<\/p>\n<p>Dla wielu uczestnik\u00f3w Tour de Suisse prawdziwe \u015bciganie zacznie si\u0119 jednak 1 lipca, gdy w Kopenhadze wystartuje Tour de France. Zako\u0144czenie wy\u015bcigu 24 lipca w Pary\u017cu.<\/p>\n<p><a class=\"in-cell-link\" href=\"http:\/\/www.skoda-auto.pl\/\" target=\"_blank\" rel=\"noopener noreferrer\">Artyku\u0142 powsta\u0142 we wsp\u00f3\u0142pracy ze skoda-auto.pl<\/a><\/p>\n<p><a href=\"https:\/\/www.skoda-auto.pl\/modele\/superb\"><img loading=\"lazy\" decoding=\"async\" class=\"alignnone size-full wp-image-11628 aligncenter\" src=\"https:\/\/d2p6e6u75xmxt8.cloudfront.net\/5\/2021\/12\/640x350-2-1.jpg\" alt=\"\" width=\"640\" height=\"350\" srcset=\"https:\/\/d2p6e6u75xmxt8.cloudfront.net\/5\/2021\/12\/640x350-2-1.jpg 640w, https:\/\/d2p6e6u75xmxt8.cloudfront.net\/5\/2021\/12\/640x350-2-1-300x164.jpg 300w\" sizes=\"auto, (max-width: 640px) 100vw, 640px\" \/><\/a><\/p>\n","protected":false},"excerpt":{"rendered":"<p>Primo\u017e Rogli\u010d wys\u0142a\u0142 mocny sygna\u0142 przed zbli\u017caj\u0105cym si\u0119 Tour de France. Najwi\u0119kszy pechowiec ostatnich lat b\u0142ysn\u0105\u0142 form\u0105 i wygra\u0142 Criterium [&hellip;]<\/p>\n","protected":false},"author":153,"featured_media":12934,"comment_status":"open","ping_status":"open","sticky":false,"template":"","format":"standard","meta":{"footnotes":""},"categories":[364],"tags":[362,366],"global-categories":[303],"class_list":["post-12927","post","type-post","status-publish","format-standard","has-post-thumbnail","hentry","category-tour-de-france-2022","tag-piotr-nowik","tag-tour-de-france-2022","global-categories-cycling"],"yoast_head":"<!-- This site is optimized with the Yoast SEO Premium plugin v25.3 (Yoast SEO v25.9) - https:\/\/yoast.com\/wordpress\/plugins\/seo\/ -->\n<title>Pokaz si\u0142y! Tak wygl\u0105daj\u0105 ostatnie szlify przed Tour de France - \u0160koda We Love Cycling - Poland<\/title>\n<meta name=\"robots\" content=\"index, follow, max-snippet:-1, max-image-preview:large, max-video-preview:-1\" \/>\n<link rel=\"canonical\" href=\"https:\/\/www.welovecycling.com\/pl\/2022\/06\/13\/pokaz-sily-tak-wygladaja-ostatnie-szlify-przed-tour-de-france\/\" \/>\n<meta property=\"og:locale\" content=\"pl_PL\" \/>\n<meta property=\"og:type\" content=\"article\" \/>\n<meta property=\"og:title\" content=\"Pokaz si\u0142y! Tak wygl\u0105daj\u0105 ostatnie szlify przed Tour de France\" \/>\n<meta property=\"og:description\" content=\"Primo\u017e Rogli\u010d wys\u0142a\u0142 mocny sygna\u0142 przed zbli\u017caj\u0105cym si\u0119 Tour de France. Najwi\u0119kszy pechowiec ostatnich lat b\u0142ysn\u0105\u0142 form\u0105 i wygra\u0142 Criterium [&hellip;]\" \/>\n<meta property=\"og:url\" content=\"https:\/\/www.welovecycling.com\/pl\/2022\/06\/13\/pokaz-sily-tak-wygladaja-ostatnie-szlify-przed-tour-de-france\/\" \/>\n<meta property=\"og:site_name\" content=\"\u0160koda We Love Cycling - Poland\" \/>\n<meta property=\"article:published_time\" content=\"2022-06-13T12:56:25+00:00\" \/>\n<meta property=\"article:modified_time\" content=\"2022-07-08T08:43:53+00:00\" \/>\n<meta property=\"og:image\" content=\"https:\/\/d2p6e6u75xmxt8.cloudfront.net\/5\/2022\/06\/2022-Criterium-du-Dauphine-profimedia-0699063148-CVR.jpg\" \/>\n\t<meta property=\"og:image:width\" content=\"990\" \/>\n\t<meta property=\"og:image:height\" content=\"660\" \/>\n\t<meta property=\"og:image:type\" content=\"image\/jpeg\" \/>\n<meta name=\"author\" content=\"rafal\" \/>\n<meta name=\"twitter:card\" content=\"summary_large_image\" \/>\n<meta name=\"twitter:label1\" content=\"Written by\" \/>\n\t<meta name=\"twitter:data1\" content=\"Piotr Nowik\" \/>\n\t<meta name=\"twitter:label2\" content=\"Est. reading time\" \/>\n\t<meta name=\"twitter:data2\" content=\"3 minutes\" \/>\n<script type=\"application\/ld+json\" class=\"yoast-schema-graph\">{\"@context\":\"https:\/\/schema.org\",\"@graph\":[{\"@type\":\"WebPage\",\"@id\":\"https:\/\/www.welovecycling.com\/pl\/2022\/06\/13\/pokaz-sily-tak-wygladaja-ostatnie-szlify-przed-tour-de-france\/\",\"url\":\"https:\/\/www.welovecycling.com\/pl\/2022\/06\/13\/pokaz-sily-tak-wygladaja-ostatnie-szlify-przed-tour-de-france\/\",\"name\":\"Pokaz si\u0142y! Tak wygl\u0105daj\u0105 ostatnie szlify przed Tour de France - \u0160koda We Love Cycling - Poland\",\"isPartOf\":{\"@id\":\"https:\/\/www.welovecycling.com\/pl\/#website\"},\"primaryImageOfPage\":{\"@id\":\"https:\/\/www.welovecycling.com\/pl\/2022\/06\/13\/pokaz-sily-tak-wygladaja-ostatnie-szlify-przed-tour-de-france\/#primaryimage\"},\"image\":{\"@id\":\"https:\/\/www.welovecycling.com\/pl\/2022\/06\/13\/pokaz-sily-tak-wygladaja-ostatnie-szlify-przed-tour-de-france\/#primaryimage\"},\"thumbnailUrl\":\"https:\/\/d2p6e6u75xmxt8.cloudfront.net\/5\/2022\/06\/2022-Criterium-du-Dauphine-profimedia-0699063148-CVR.jpg\",\"datePublished\":\"2022-06-13T12:56:25+00:00\",\"dateModified\":\"2022-07-08T08:43:53+00:00\",\"author\":{\"@id\":\"https:\/\/www.welovecycling.com\/pl\/#\/schema\/person\/bf06ed916a1ef16618807fb60d2ebe42\"},\"breadcrumb\":{\"@id\":\"https:\/\/www.welovecycling.com\/pl\/2022\/06\/13\/pokaz-sily-tak-wygladaja-ostatnie-szlify-przed-tour-de-france\/#breadcrumb\"},\"inLanguage\":\"pl-PL\",\"potentialAction\":[{\"@type\":\"ReadAction\",\"target\":[\"https:\/\/www.welovecycling.com\/pl\/2022\/06\/13\/pokaz-sily-tak-wygladaja-ostatnie-szlify-przed-tour-de-france\/\"]}]},{\"@type\":\"ImageObject\",\"inLanguage\":\"pl-PL\",\"@id\":\"https:\/\/www.welovecycling.com\/pl\/2022\/06\/13\/pokaz-sily-tak-wygladaja-ostatnie-szlify-przed-tour-de-france\/#primaryimage\",\"url\":\"https:\/\/d2p6e6u75xmxt8.cloudfront.net\/5\/2022\/06\/2022-Criterium-du-Dauphine-profimedia-0699063148-CVR.jpg\",\"contentUrl\":\"https:\/\/d2p6e6u75xmxt8.cloudfront.net\/5\/2022\/06\/2022-Criterium-du-Dauphine-profimedia-0699063148-CVR.jpg\",\"width\":990,\"height\":660},{\"@type\":\"BreadcrumbList\",\"@id\":\"https:\/\/www.welovecycling.com\/pl\/2022\/06\/13\/pokaz-sily-tak-wygladaja-ostatnie-szlify-przed-tour-de-france\/#breadcrumb\",\"itemListElement\":[{\"@type\":\"ListItem\",\"position\":1,\"name\":\"Home\",\"item\":\"https:\/\/www.welovecycling.com\/pl\/\"},{\"@type\":\"ListItem\",\"position\":2,\"name\":\"Pokaz si\u0142y! Tak wygl\u0105daj\u0105 ostatnie szlify przed Tour de France\"}]},{\"@type\":\"WebSite\",\"@id\":\"https:\/\/www.welovecycling.com\/pl\/#website\",\"url\":\"https:\/\/www.welovecycling.com\/pl\/\",\"name\":\"\u0160koda We Love Cycling - Poland\",\"description\":\"\",\"potentialAction\":[{\"@type\":\"SearchAction\",\"target\":{\"@type\":\"EntryPoint\",\"urlTemplate\":\"https:\/\/www.welovecycling.com\/pl\/?s={search_term_string}\"},\"query-input\":{\"@type\":\"PropertyValueSpecification\",\"valueRequired\":true,\"valueName\":\"search_term_string\"}}],\"inLanguage\":\"pl-PL\"},{\"@type\":\"Person\",\"@id\":\"https:\/\/www.welovecycling.com\/pl\/#\/schema\/person\/bf06ed916a1ef16618807fb60d2ebe42\",\"name\":\"rafal\",\"image\":{\"@type\":\"ImageObject\",\"inLanguage\":\"pl-PL\",\"@id\":\"https:\/\/www.welovecycling.com\/pl\/#\/schema\/person\/image\/\",\"url\":\"https:\/\/secure.gravatar.com\/avatar\/203f240e63bee214f6f3a0dacbeb600c7829c09716c2b9ee3230c6961debcde2?s=96&d=mm&r=g\",\"contentUrl\":\"https:\/\/secure.gravatar.com\/avatar\/203f240e63bee214f6f3a0dacbeb600c7829c09716c2b9ee3230c6961debcde2?s=96&d=mm&r=g\",\"caption\":\"rafal\"},\"url\":\"https:\/\/www.welovecycling.com\/pl\/author\/rafal\/\"}]}<\/script>\n<!-- \/ Yoast SEO Premium plugin. -->","yoast_head_json":{"title":"Pokaz si\u0142y! Tak wygl\u0105daj\u0105 ostatnie szlify przed Tour de France - \u0160koda We Love Cycling - Poland","robots":{"index":"index","follow":"follow","max-snippet":"max-snippet:-1","max-image-preview":"max-image-preview:large","max-video-preview":"max-video-preview:-1"},"canonical":"https:\/\/www.welovecycling.com\/pl\/2022\/06\/13\/pokaz-sily-tak-wygladaja-ostatnie-szlify-przed-tour-de-france\/","og_locale":"pl_PL","og_type":"article","og_title":"Pokaz si\u0142y! Tak wygl\u0105daj\u0105 ostatnie szlify przed Tour de France","og_description":"Primo\u017e Rogli\u010d wys\u0142a\u0142 mocny sygna\u0142 przed zbli\u017caj\u0105cym si\u0119 Tour de France. Najwi\u0119kszy pechowiec ostatnich lat b\u0142ysn\u0105\u0142 form\u0105 i wygra\u0142 Criterium [&hellip;]","og_url":"https:\/\/www.welovecycling.com\/pl\/2022\/06\/13\/pokaz-sily-tak-wygladaja-ostatnie-szlify-przed-tour-de-france\/","og_site_name":"\u0160koda We Love Cycling - Poland","article_published_time":"2022-06-13T12:56:25+00:00","article_modified_time":"2022-07-08T08:43:53+00:00","og_image":[{"width":990,"height":660,"url":"https:\/\/d2p6e6u75xmxt8.cloudfront.net\/5\/2022\/06\/2022-Criterium-du-Dauphine-profimedia-0699063148-CVR.jpg","type":"image\/jpeg"}],"author":"rafal","twitter_card":"summary_large_image","twitter_misc":{"Written by":"Piotr Nowik","Est. reading time":"3 minutes"},"schema":{"@context":"https:\/\/schema.org","@graph":[{"@type":"WebPage","@id":"https:\/\/www.welovecycling.com\/pl\/2022\/06\/13\/pokaz-sily-tak-wygladaja-ostatnie-szlify-przed-tour-de-france\/","url":"https:\/\/www.welovecycling.com\/pl\/2022\/06\/13\/pokaz-sily-tak-wygladaja-ostatnie-szlify-przed-tour-de-france\/","name":"Pokaz si\u0142y! Tak wygl\u0105daj\u0105 ostatnie szlify przed Tour de France - \u0160koda We Love Cycling - Poland","isPartOf":{"@id":"https:\/\/www.welovecycling.com\/pl\/#website"},"primaryImageOfPage":{"@id":"https:\/\/www.welovecycling.com\/pl\/2022\/06\/13\/pokaz-sily-tak-wygladaja-ostatnie-szlify-przed-tour-de-france\/#primaryimage"},"image":{"@id":"https:\/\/www.welovecycling.com\/pl\/2022\/06\/13\/pokaz-sily-tak-wygladaja-ostatnie-szlify-przed-tour-de-france\/#primaryimage"},"thumbnailUrl":"https:\/\/d2p6e6u75xmxt8.cloudfront.net\/5\/2022\/06\/2022-Criterium-du-Dauphine-profimedia-0699063148-CVR.jpg","datePublished":"2022-06-13T12:56:25+00:00","dateModified":"2022-07-08T08:43:53+00:00","author":{"@id":"https:\/\/www.welovecycling.com\/pl\/#\/schema\/person\/bf06ed916a1ef16618807fb60d2ebe42"},"breadcrumb":{"@id":"https:\/\/www.welovecycling.com\/pl\/2022\/06\/13\/pokaz-sily-tak-wygladaja-ostatnie-szlify-przed-tour-de-france\/#breadcrumb"},"inLanguage":"pl-PL","potentialAction":[{"@type":"ReadAction","target":["https:\/\/www.welovecycling.com\/pl\/2022\/06\/13\/pokaz-sily-tak-wygladaja-ostatnie-szlify-przed-tour-de-france\/"]}]},{"@type":"ImageObject","inLanguage":"pl-PL","@id":"https:\/\/www.welovecycling.com\/pl\/2022\/06\/13\/pokaz-sily-tak-wygladaja-ostatnie-szlify-przed-tour-de-france\/#primaryimage","url":"https:\/\/d2p6e6u75xmxt8.cloudfront.net\/5\/2022\/06\/2022-Criterium-du-Dauphine-profimedia-0699063148-CVR.jpg","contentUrl":"https:\/\/d2p6e6u75xmxt8.cloudfront.net\/5\/2022\/06\/2022-Criterium-du-Dauphine-profimedia-0699063148-CVR.jpg","width":990,"height":660},{"@type":"BreadcrumbList","@id":"https:\/\/www.welovecycling.com\/pl\/2022\/06\/13\/pokaz-sily-tak-wygladaja-ostatnie-szlify-przed-tour-de-france\/#breadcrumb","itemListElement":[{"@type":"ListItem","position":1,"name":"Home","item":"https:\/\/www.welovecycling.com\/pl\/"},{"@type":"ListItem","position":2,"name":"Pokaz si\u0142y! Tak wygl\u0105daj\u0105 ostatnie szlify przed Tour de France"}]},{"@type":"WebSite","@id":"https:\/\/www.welovecycling.com\/pl\/#website","url":"https:\/\/www.welovecycling.com\/pl\/","name":"\u0160koda We Love Cycling - Poland","description":"","potentialAction":[{"@type":"SearchAction","target":{"@type":"EntryPoint","urlTemplate":"https:\/\/www.welovecycling.com\/pl\/?s={search_term_string}"},"query-input":{"@type":"PropertyValueSpecification","valueRequired":true,"valueName":"search_term_string"}}],"inLanguage":"pl-PL"},{"@type":"Person","@id":"https:\/\/www.welovecycling.com\/pl\/#\/schema\/person\/bf06ed916a1ef16618807fb60d2ebe42","name":"rafal","image":{"@type":"ImageObject","inLanguage":"pl-PL","@id":"https:\/\/www.welovecycling.com\/pl\/#\/schema\/person\/image\/","url":"https:\/\/secure.gravatar.com\/avatar\/203f240e63bee214f6f3a0dacbeb600c7829c09716c2b9ee3230c6961debcde2?s=96&d=mm&r=g","contentUrl":"https:\/\/secure.gravatar.com\/avatar\/203f240e63bee214f6f3a0dacbeb600c7829c09716c2b9ee3230c6961debcde2?s=96&d=mm&r=g","caption":"rafal"},"url":"https:\/\/www.welovecycling.com\/pl\/author\/rafal\/"}]}},"_links":{"self":[{"href":"https:\/\/www.welovecycling.com\/pl\/wp-json\/wp\/v2\/posts\/12927","targetHints":{"allow":["GET"]}}],"collection":[{"href":"https:\/\/www.welovecycling.com\/pl\/wp-json\/wp\/v2\/posts"}],"about":[{"href":"https:\/\/www.welovecycling.com\/pl\/wp-json\/wp\/v2\/types\/post"}],"author":[{"embeddable":true,"href":"https:\/\/www.welovecycling.com\/pl\/wp-json\/wp\/v2\/users\/153"}],"replies":[{"embeddable":true,"href":"https:\/\/www.welovecycling.com\/pl\/wp-json\/wp\/v2\/comments?post=12927"}],"version-history":[{"count":2,"href":"https:\/\/www.welovecycling.com\/pl\/wp-json\/wp\/v2\/posts\/12927\/revisions"}],"predecessor-version":[{"id":13017,"href":"https:\/\/www.welovecycling.com\/pl\/wp-json\/wp\/v2\/posts\/12927\/revisions\/13017"}],"wp:featuredmedia":[{"embeddable":true,"href":"https:\/\/www.welovecycling.com\/pl\/wp-json\/wp\/v2\/media\/12934"}],"wp:attachment":[{"href":"https:\/\/www.welovecycling.com\/pl\/wp-json\/wp\/v2\/media?parent=12927"}],"wp:term":[{"taxonomy":"category","embeddable":true,"href":"https:\/\/www.welovecycling.com\/pl\/wp-json\/wp\/v2\/categories?post=12927"},{"taxonomy":"post_tag","embeddable":true,"href":"https:\/\/www.welovecycling.com\/pl\/wp-json\/wp\/v2\/tags?post=12927"},{"taxonomy":"global-categories","embeddable":true,"href":"https:\/\/www.welovecycling.com\/pl\/wp-json\/wp\/v2\/global-categories?post=12927"}],"curies":[{"name":"wp","href":"https:\/\/api.w.org\/{rel}","templated":true}]}}