{"id":12917,"date":"2022-06-06T18:53:56","date_gmt":"2022-06-06T18:53:56","guid":{"rendered":"https:\/\/www.welovecycling.com\/pl\/?p=12917"},"modified":"2022-06-06T18:53:56","modified_gmt":"2022-06-06T18:53:56","slug":"rower-za-granica-podroz-samolotem","status":"publish","type":"post","link":"https:\/\/www.welovecycling.com\/pl\/2022\/06\/06\/rower-za-granica-podroz-samolotem\/","title":{"rendered":"Rower za granic\u0105 \u2013 podr\u00f3\u017c samolotem"},"content":{"rendered":"<p><strong>Rowerowe wakacje za granic\u0105 plus przelot samolotem \u2013 to brzmi przyt\u0142aczaj\u0105co. Jak naj\u00adlepiej spakowa\u0107 rower? Jak wybra\u0107 odpowiedni lot? Czy trzeba wykupi\u0107 ubez\u00adpieczenie? Przyjrzyjmy si\u0119 wszystkiemu, co warto wiedzie\u0107 o wyprawach rowerowych, kt\u00f3re wyma\u00adgaj\u0105 transportu lotniczego.<\/strong><\/p>\n<h2><strong>M\u0105drze wybierz lini\u0119 lotnicz\u0105<\/strong><\/h2>\n<p>Wszystko zaczyna si\u0119 od wyboru odpowiedniej linii lotniczej. Ka\u017cda inaczej okre\u015bla zasady dotycz\u0105ce <a href=\"https:\/\/www.welovecycling.com\/wide\/2022\/04\/12\/international-cycling-trips-preparation-tips\/\">podr\u00f3\u017cowania z rowerem<\/a> \u2013 w niekt\u00f3rych traktuje si\u0119 go jak dodatkowy baga\u017c, a inne maj\u0105 dla niego specjaln\u0105 katego\u00adri\u0119. Tak\u017ce limity wagowe mog\u0105 si\u0119 r\u00f3\u017cni\u0107 \u2013 od 23 do 32 kilogram\u00f3w. Warto r\u00f3wnie\u017c sprawdzi\u0107 cen\u0119 dodatkowego baga\u017cu, gdy\u017c mo\u017ce kosztowa\u0107 nawet 200 euro. W przypadku niekt\u00f3rych linii lotniczych op\u0142aca\u0107 mo\u017ce si\u0119 zakup dro\u017cszego biletu, kt\u00f3ry zazwyczaj w ramach ceny obejmuje wi\u0119cej opcji baga\u017cu. Dlaczego odmawia\u0107 sobie wi\u0119kszej wygody, skoro i tak trzeba dodatkowo zap\u0142aci\u0107?<\/p>\n<figure style=\"width: 1000px\" class=\"wp-caption alignnone\"><img loading=\"lazy\" decoding=\"async\" src=\"https:\/\/d2p6e6u75xmxt8.cloudfront.net\/2\/2022\/04\/Bicycle-travel-profimedia-0655120403.jpg\" alt=\"Bikepacking\" width=\"1000\" height=\"666\" \/><figcaption class=\"wp-caption-text\">Aby m\u00f3c czerpa\u0107 przyjemno\u015b\u0107 z rowerowych wakacji, warto upewni\u0107 si\u0119, \u017ce dostosowane s\u0105 do naszych umiej\u0119tno\u015bci. Nie ma \u017cadnej regu\u0142y okre\u015blaj\u0105cej liczb\u0119 kilometr\u00f3w, kt\u00f3r\u0105 musimy pokona\u0107. \u00a9 Profimedia<\/figcaption><\/figure>\n<h2><strong>Wybierzmy odpowiedni rodzaj ubezpieczenia<\/strong><\/h2>\n<p>Niekt\u00f3rzy uwa\u017caj\u0105, \u017ce ubezpieczenie podr\u00f3\u017cne jest uci\u0105\u017cliwym, nadprogramowym wydatkiem. Warto jednak zadba\u0107 o tak\u0105 ochron\u0119 podczas ka\u017cdego wyjazdu \u2013 po prostu na wszelki wypadek. Trzeba sprawdzi\u0107, co konkretnie pokrywa dane ubezpieczenie podr\u00f3\u017cne. Oferta zazwyczaj obejmuje standardow\u0105 jazd\u0119 na rowerze, ale nie sportowe wy\u015bcigi. Je\u017celi planujemy <u>wzi\u0105\u0107 udzia\u0142 w kolarskim wydarzeniu<\/u>, nale\u017cy to uwzgl\u0119dni\u0107 przy zakupie ubezpieczenia.<\/p>\n<h2><strong>Przygotujmy rower do lotu<\/strong><\/h2>\n<p>Niezale\u017cnie od tego, kt\u00f3r\u0105 lini\u0119 lotnicz\u0105 ostatecznie wybierzemy, na pewno konieczne oka\u017ce si\u0119 zapakowanie roweru do torby lub kartonu na czas transportu. Najpierw nale\u017cy roz\u0142o\u017cy\u0107 rower na cz\u0119\u015bci: zdemontowa\u0107 peda\u0142y, ko\u0142a, siode\u0142ko i kierownic\u0119. Warto te\u017c spu\u015bci\u0107 z opon troch\u0119 powietrza, poniewa\u017c warunki w kabinie mog\u0105 spowodowa\u0107 nadmierny wzrost ci\u015bnienia. Pami\u0119tajmy o zabraniu ze sob\u0105 zestawu kluczy imbusowych i klucza do peda\u0142\u00f3w, aby m\u00f3c ponownie z\u0142o\u017cy\u0107 rower po dotarciu na miejsce. Nast\u0119pnie trzeba dokona\u0107 wyboru, czym zabezpieczymy rower \u2013 specjaln\u0105 torb\u0105 lub walizk\u0105, a mo\u017ce zwyk\u0142ym kartonem? Poni\u017cej przedstawiamy prosty przegl\u0105d zalet i wad wszystkich tych trzech rozwi\u0105za\u0144.<\/p>\n<h2><strong>Walizka<\/strong><\/h2>\n<p><strong>Zalety:<\/strong><\/p>\n<ul>\n<li>najlepsza mo\u017cliwa ochrona dla roweru,<\/li>\n<li>bardzo wytrzyma\u0142a \u2013 przetrwa wiele lot\u00f3w.<\/li>\n<\/ul>\n<p><strong>Wady:<\/strong><\/p>\n<ul>\n<li>bardzo wysoka cena,<\/li>\n<li>spora waga \u2013 oko\u0142o 16 kg.<\/li>\n<\/ul>\n<h2><strong>Torba<\/strong><\/h2>\n<p><strong>Zalety:<\/strong><\/p>\n<ul>\n<li>relatywnie tania \u2013 dobry stosunek jako\u015bci do ceny,<\/li>\n<li>lekka i do\u015b\u0107 wytrzyma\u0142a.<\/li>\n<\/ul>\n<p><strong>Wady:<\/strong><\/p>\n<ul>\n<li>nie zapewnia najlepszej ochrony i mo\u017ce wymaga\u0107 dodatkowej wy\u015bci\u00f3\u0142ki,<\/li>\n<li>potrzeba wprawy, by j\u0105 odpowiednio zapakowa\u0107.<\/li>\n<\/ul>\n<h2><strong>Karton <\/strong><\/h2>\n<p>Je\u015bli mamy ograniczony bud\u017cet, zawsze mo\u017cemy wybra\u0107 pud\u0142o kartonowe. Mo\u017cemy o nie poprosi\u0107 w praktycznie ka\u017cdym sklepie rowerowym \u2013 takie kartony zazwyczaj po prostu si\u0119 wyrzuca, wi\u0119c mamy szans\u0119 otrzyma\u0107 je za darmo.<\/p>\n<p><strong>Zalety:<\/strong><\/p>\n<ul>\n<li>darmowe,<\/li>\n<li>bardzo lekkie.<\/li>\n<\/ul>\n<p><strong>Wady:<\/strong><\/p>\n<ul>\n<li>je\u015bli jest zbyt zniszczone, mo\u017ce nie nadawa\u0107 si\u0119 na podr\u00f3\u017c powrotn\u0105 (co wymaga\u0107 b\u0119dzie zdobycia nowego kartonu),<\/li>\n<li>minimalna ochrona \u2013 trzeba doda\u0107 du\u017co wy\u015bci\u00f3\u0142ki.<strong>\u00a0<\/strong><\/li>\n<\/ul>\n<h2><strong>Sprawd\u017amy, czy rower nie jest uszkodzony<\/strong><\/h2>\n<p>Zak\u0142adamy, \u017ce dobrze przygotujemy sw\u00f3j rower i nic nie p\u00f3jdzie \u017ale w transporcie. Pami\u0119tajmy jednak, \u017ceby przed odpraw\u0105 celn\u0105 sprawdzi\u0107, czy rower nie jest uszkodzony. Je\u015bli tego nie zrobimy, linia lotnicza b\u0119dzie w znacznym stopniu zwolniona z odpowiedzialno\u015bci za zniszczenia. Koniecznie uzyskaj pisemne potwierdzenie wszelkich uszkodze\u0144 od pracownika linii lotniczych \u2013 niekt\u00f3rzy przewo\u017anicy przyjmuj\u0105 zg\u0142oszenia wszelkich za\u017cale\u0144 w ci\u0105gu czterech dni.<\/p>\n<h2><strong>Jak poradzi\u0107 sobie z jet lagiem<\/strong><\/h2>\n<p>Podr\u00f3\u017c samolotem wi\u0105\u017ce si\u0119 z prawdopodobie\u0144stwem, \u017ce znajdziemy si\u0119 w innej strefie czasowej. W zale\u017cno\u015bci od tego, ile godzin dzieli nas od domu, dopa\u015b\u0107 nas mo\u017ce jet lag. Jest jednak kilka krok\u00f3w, kt\u00f3re mo\u017cemy podj\u0105\u0107, aby zminimalizowa\u0107 jego negatywne skutki. Po pierwsze: wypocznijmy przed podr\u00f3\u017c\u0105 i zadbajmy o odpowiednie nawodnienie organizmu podczas lotu. Aby szybko przystosowa\u0107 si\u0119 do nowej strefy czasowej, starajmy si\u0119 je\u015b\u0107 posi\u0142ki o porach typowych dla miejsca, w kt\u00f3rym si\u0119 znale\u017ali\u015bmy. Starajmy si\u0119 te\u017c korzysta\u0107 z porannego \u015bwiat\u0142a i \u0107wiczy\u0107 o wczesnych porach. Pomo\u017ce to dostosowa\u0107 nasz zegar biologiczny do nowej strefy czasowej. Warto te\u017c po\u0142o\u017cy\u0107 si\u0119 spa\u0107 o godzinie adekwatnej do naszej aktualnej lokalizacji.<\/p>\n<p>W podr\u00f3\u017cy zawsze co\u015b mo\u017ce p\u00f3j\u015b\u0107 nie po naszej my\u015bli. Ale dzi\u0119ki dobremu przygotowaniu mo\u017cemy unikn\u0105\u0107 nieprzyjemnych sytuacji i w pe\u0142ni cieszy\u0107 si\u0119 nasz\u0105 zagraniczn\u0105 wypraw\u0105 rowerow\u0105.<\/p>\n<p><a href=\"https:\/\/www.skoda-auto.pl\/modele\/nowa-octavia\"><span data-sheets-value=\"{&quot;1&quot;:2,&quot;2&quot;:&quot;Artyku\u0142 powsta\u0142 we wsp\u00f3\u0142pracy ze skoda-auto.pl&quot;}\" data-sheets-userformat=\"{&quot;2&quot;:1,&quot;3&quot;:{&quot;1&quot;:0}}\" data-sheets-hyperlink=\"http:\/\/www.skoda-auto.pl\/\"><a class=\"in-cell-link\" href=\"http:\/\/www.skoda-auto.pl\/\" target=\"_blank\" rel=\"noopener noreferrer\">Artyku\u0142 powsta\u0142 we wsp\u00f3\u0142pracy ze skoda-auto.pl<\/a><\/span><\/a><\/p>\n<p><a href=\"https:\/\/www.skoda-auto.pl\/modele\/nowa-octavia\"><img loading=\"lazy\" decoding=\"async\" class=\"alignnone size-full wp-image-11630 aligncenter\" src=\"https:\/\/d2p6e6u75xmxt8.cloudfront.net\/5\/2021\/12\/640x350-1.jpg\" alt=\"\" width=\"640\" height=\"350\" srcset=\"https:\/\/d2p6e6u75xmxt8.cloudfront.net\/5\/2021\/12\/640x350-1.jpg 640w, https:\/\/d2p6e6u75xmxt8.cloudfront.net\/5\/2021\/12\/640x350-1-300x164.jpg 300w\" sizes=\"auto, (max-width: 640px) 100vw, 640px\" \/><\/a><\/p>\n","protected":false},"excerpt":{"rendered":"<p>Rowerowe wakacje za granic\u0105 plus przelot samolotem \u2013 to brzmi przyt\u0142aczaj\u0105co. Jak naj\u00adlepiej spakowa\u0107 rower? Jak wybra\u0107 odpowiedni lot? Czy [&hellip;]<\/p>\n","protected":false},"author":153,"featured_media":12919,"comment_status":"open","ping_status":"open","sticky":false,"template":"","format":"standard","meta":{"footnotes":""},"categories":[365],"tags":[],"global-categories":[303],"class_list":["post-12917","post","type-post","status-publish","format-standard","has-post-thumbnail","hentry","category-spolecznosc","global-categories-cycling"],"yoast_head":"<!-- This site is optimized with the Yoast SEO Premium plugin v25.3 (Yoast SEO v25.9) - https:\/\/yoast.com\/wordpress\/plugins\/seo\/ -->\n<title>Rower za granic\u0105 \u2013 podr\u00f3\u017c samolotem - \u0160koda We Love Cycling - Poland<\/title>\n<meta name=\"robots\" content=\"index, follow, max-snippet:-1, max-image-preview:large, max-video-preview:-1\" \/>\n<link rel=\"canonical\" href=\"https:\/\/www.welovecycling.com\/pl\/2022\/06\/06\/rower-za-granica-podroz-samolotem\/\" \/>\n<meta property=\"og:locale\" content=\"pl_PL\" \/>\n<meta property=\"og:type\" content=\"article\" \/>\n<meta property=\"og:title\" content=\"Rower za granic\u0105 \u2013 podr\u00f3\u017c samolotem\" \/>\n<meta property=\"og:description\" content=\"Rowerowe wakacje za granic\u0105 plus przelot samolotem \u2013 to brzmi przyt\u0142aczaj\u0105co. Jak naj\u00adlepiej spakowa\u0107 rower? Jak wybra\u0107 odpowiedni lot? Czy [&hellip;]\" \/>\n<meta property=\"og:url\" content=\"https:\/\/www.welovecycling.com\/pl\/2022\/06\/06\/rower-za-granica-podroz-samolotem\/\" \/>\n<meta property=\"og:site_name\" content=\"\u0160koda We Love Cycling - Poland\" \/>\n<meta property=\"article:published_time\" content=\"2022-06-06T18:53:56+00:00\" \/>\n<meta property=\"og:image\" content=\"https:\/\/d2p6e6u75xmxt8.cloudfront.net\/5\/2022\/06\/Airplane-Sunset-profimedia-0686125094-CVR-1024x450-1.jpg\" \/>\n\t<meta property=\"og:image:width\" content=\"1024\" \/>\n\t<meta property=\"og:image:height\" content=\"450\" \/>\n\t<meta property=\"og:image:type\" content=\"image\/jpeg\" \/>\n<meta name=\"author\" content=\"rafal\" \/>\n<meta name=\"twitter:card\" content=\"summary_large_image\" \/>\n<meta name=\"twitter:label1\" content=\"Written by\" \/>\n\t<meta name=\"twitter:data1\" content=\"Jiri Kaloc\" \/>\n\t<meta name=\"twitter:label2\" content=\"Est. reading time\" \/>\n\t<meta name=\"twitter:data2\" content=\"4 minutes\" \/>\n<script type=\"application\/ld+json\" class=\"yoast-schema-graph\">{\"@context\":\"https:\/\/schema.org\",\"@graph\":[{\"@type\":\"WebPage\",\"@id\":\"https:\/\/www.welovecycling.com\/pl\/2022\/06\/06\/rower-za-granica-podroz-samolotem\/\",\"url\":\"https:\/\/www.welovecycling.com\/pl\/2022\/06\/06\/rower-za-granica-podroz-samolotem\/\",\"name\":\"Rower za granic\u0105 \u2013 podr\u00f3\u017c samolotem - \u0160koda We Love Cycling - Poland\",\"isPartOf\":{\"@id\":\"https:\/\/www.welovecycling.com\/pl\/#website\"},\"primaryImageOfPage\":{\"@id\":\"https:\/\/www.welovecycling.com\/pl\/2022\/06\/06\/rower-za-granica-podroz-samolotem\/#primaryimage\"},\"image\":{\"@id\":\"https:\/\/www.welovecycling.com\/pl\/2022\/06\/06\/rower-za-granica-podroz-samolotem\/#primaryimage\"},\"thumbnailUrl\":\"https:\/\/d2p6e6u75xmxt8.cloudfront.net\/5\/2022\/06\/Airplane-Sunset-profimedia-0686125094-CVR-1024x450-1.jpg\",\"datePublished\":\"2022-06-06T18:53:56+00:00\",\"author\":{\"@id\":\"https:\/\/www.welovecycling.com\/pl\/#\/schema\/person\/bf06ed916a1ef16618807fb60d2ebe42\"},\"breadcrumb\":{\"@id\":\"https:\/\/www.welovecycling.com\/pl\/2022\/06\/06\/rower-za-granica-podroz-samolotem\/#breadcrumb\"},\"inLanguage\":\"pl-PL\",\"potentialAction\":[{\"@type\":\"ReadAction\",\"target\":[\"https:\/\/www.welovecycling.com\/pl\/2022\/06\/06\/rower-za-granica-podroz-samolotem\/\"]}]},{\"@type\":\"ImageObject\",\"inLanguage\":\"pl-PL\",\"@id\":\"https:\/\/www.welovecycling.com\/pl\/2022\/06\/06\/rower-za-granica-podroz-samolotem\/#primaryimage\",\"url\":\"https:\/\/d2p6e6u75xmxt8.cloudfront.net\/5\/2022\/06\/Airplane-Sunset-profimedia-0686125094-CVR-1024x450-1.jpg\",\"contentUrl\":\"https:\/\/d2p6e6u75xmxt8.cloudfront.net\/5\/2022\/06\/Airplane-Sunset-profimedia-0686125094-CVR-1024x450-1.jpg\",\"width\":1024,\"height\":450},{\"@type\":\"BreadcrumbList\",\"@id\":\"https:\/\/www.welovecycling.com\/pl\/2022\/06\/06\/rower-za-granica-podroz-samolotem\/#breadcrumb\",\"itemListElement\":[{\"@type\":\"ListItem\",\"position\":1,\"name\":\"Home\",\"item\":\"https:\/\/www.welovecycling.com\/pl\/\"},{\"@type\":\"ListItem\",\"position\":2,\"name\":\"Rower za granic\u0105 \u2013 podr\u00f3\u017c samolotem\"}]},{\"@type\":\"WebSite\",\"@id\":\"https:\/\/www.welovecycling.com\/pl\/#website\",\"url\":\"https:\/\/www.welovecycling.com\/pl\/\",\"name\":\"\u0160koda We Love Cycling - Poland\",\"description\":\"\",\"potentialAction\":[{\"@type\":\"SearchAction\",\"target\":{\"@type\":\"EntryPoint\",\"urlTemplate\":\"https:\/\/www.welovecycling.com\/pl\/?s={search_term_string}\"},\"query-input\":{\"@type\":\"PropertyValueSpecification\",\"valueRequired\":true,\"valueName\":\"search_term_string\"}}],\"inLanguage\":\"pl-PL\"},{\"@type\":\"Person\",\"@id\":\"https:\/\/www.welovecycling.com\/pl\/#\/schema\/person\/bf06ed916a1ef16618807fb60d2ebe42\",\"name\":\"rafal\",\"image\":{\"@type\":\"ImageObject\",\"inLanguage\":\"pl-PL\",\"@id\":\"https:\/\/www.welovecycling.com\/pl\/#\/schema\/person\/image\/\",\"url\":\"https:\/\/secure.gravatar.com\/avatar\/203f240e63bee214f6f3a0dacbeb600c7829c09716c2b9ee3230c6961debcde2?s=96&d=mm&r=g\",\"contentUrl\":\"https:\/\/secure.gravatar.com\/avatar\/203f240e63bee214f6f3a0dacbeb600c7829c09716c2b9ee3230c6961debcde2?s=96&d=mm&r=g\",\"caption\":\"rafal\"},\"url\":\"https:\/\/www.welovecycling.com\/pl\/author\/rafal\/\"}]}<\/script>\n<!-- \/ Yoast SEO Premium plugin. -->","yoast_head_json":{"title":"Rower za granic\u0105 \u2013 podr\u00f3\u017c samolotem - \u0160koda We Love Cycling - Poland","robots":{"index":"index","follow":"follow","max-snippet":"max-snippet:-1","max-image-preview":"max-image-preview:large","max-video-preview":"max-video-preview:-1"},"canonical":"https:\/\/www.welovecycling.com\/pl\/2022\/06\/06\/rower-za-granica-podroz-samolotem\/","og_locale":"pl_PL","og_type":"article","og_title":"Rower za granic\u0105 \u2013 podr\u00f3\u017c samolotem","og_description":"Rowerowe wakacje za granic\u0105 plus przelot samolotem \u2013 to brzmi przyt\u0142aczaj\u0105co. Jak naj\u00adlepiej spakowa\u0107 rower? Jak wybra\u0107 odpowiedni lot? Czy [&hellip;]","og_url":"https:\/\/www.welovecycling.com\/pl\/2022\/06\/06\/rower-za-granica-podroz-samolotem\/","og_site_name":"\u0160koda We Love Cycling - Poland","article_published_time":"2022-06-06T18:53:56+00:00","og_image":[{"width":1024,"height":450,"url":"https:\/\/d2p6e6u75xmxt8.cloudfront.net\/5\/2022\/06\/Airplane-Sunset-profimedia-0686125094-CVR-1024x450-1.jpg","type":"image\/jpeg"}],"author":"rafal","twitter_card":"summary_large_image","twitter_misc":{"Written by":"Jiri Kaloc","Est. reading time":"4 minutes"},"schema":{"@context":"https:\/\/schema.org","@graph":[{"@type":"WebPage","@id":"https:\/\/www.welovecycling.com\/pl\/2022\/06\/06\/rower-za-granica-podroz-samolotem\/","url":"https:\/\/www.welovecycling.com\/pl\/2022\/06\/06\/rower-za-granica-podroz-samolotem\/","name":"Rower za granic\u0105 \u2013 podr\u00f3\u017c samolotem - \u0160koda We Love Cycling - Poland","isPartOf":{"@id":"https:\/\/www.welovecycling.com\/pl\/#website"},"primaryImageOfPage":{"@id":"https:\/\/www.welovecycling.com\/pl\/2022\/06\/06\/rower-za-granica-podroz-samolotem\/#primaryimage"},"image":{"@id":"https:\/\/www.welovecycling.com\/pl\/2022\/06\/06\/rower-za-granica-podroz-samolotem\/#primaryimage"},"thumbnailUrl":"https:\/\/d2p6e6u75xmxt8.cloudfront.net\/5\/2022\/06\/Airplane-Sunset-profimedia-0686125094-CVR-1024x450-1.jpg","datePublished":"2022-06-06T18:53:56+00:00","author":{"@id":"https:\/\/www.welovecycling.com\/pl\/#\/schema\/person\/bf06ed916a1ef16618807fb60d2ebe42"},"breadcrumb":{"@id":"https:\/\/www.welovecycling.com\/pl\/2022\/06\/06\/rower-za-granica-podroz-samolotem\/#breadcrumb"},"inLanguage":"pl-PL","potentialAction":[{"@type":"ReadAction","target":["https:\/\/www.welovecycling.com\/pl\/2022\/06\/06\/rower-za-granica-podroz-samolotem\/"]}]},{"@type":"ImageObject","inLanguage":"pl-PL","@id":"https:\/\/www.welovecycling.com\/pl\/2022\/06\/06\/rower-za-granica-podroz-samolotem\/#primaryimage","url":"https:\/\/d2p6e6u75xmxt8.cloudfront.net\/5\/2022\/06\/Airplane-Sunset-profimedia-0686125094-CVR-1024x450-1.jpg","contentUrl":"https:\/\/d2p6e6u75xmxt8.cloudfront.net\/5\/2022\/06\/Airplane-Sunset-profimedia-0686125094-CVR-1024x450-1.jpg","width":1024,"height":450},{"@type":"BreadcrumbList","@id":"https:\/\/www.welovecycling.com\/pl\/2022\/06\/06\/rower-za-granica-podroz-samolotem\/#breadcrumb","itemListElement":[{"@type":"ListItem","position":1,"name":"Home","item":"https:\/\/www.welovecycling.com\/pl\/"},{"@type":"ListItem","position":2,"name":"Rower za granic\u0105 \u2013 podr\u00f3\u017c samolotem"}]},{"@type":"WebSite","@id":"https:\/\/www.welovecycling.com\/pl\/#website","url":"https:\/\/www.welovecycling.com\/pl\/","name":"\u0160koda We Love Cycling - Poland","description":"","potentialAction":[{"@type":"SearchAction","target":{"@type":"EntryPoint","urlTemplate":"https:\/\/www.welovecycling.com\/pl\/?s={search_term_string}"},"query-input":{"@type":"PropertyValueSpecification","valueRequired":true,"valueName":"search_term_string"}}],"inLanguage":"pl-PL"},{"@type":"Person","@id":"https:\/\/www.welovecycling.com\/pl\/#\/schema\/person\/bf06ed916a1ef16618807fb60d2ebe42","name":"rafal","image":{"@type":"ImageObject","inLanguage":"pl-PL","@id":"https:\/\/www.welovecycling.com\/pl\/#\/schema\/person\/image\/","url":"https:\/\/secure.gravatar.com\/avatar\/203f240e63bee214f6f3a0dacbeb600c7829c09716c2b9ee3230c6961debcde2?s=96&d=mm&r=g","contentUrl":"https:\/\/secure.gravatar.com\/avatar\/203f240e63bee214f6f3a0dacbeb600c7829c09716c2b9ee3230c6961debcde2?s=96&d=mm&r=g","caption":"rafal"},"url":"https:\/\/www.welovecycling.com\/pl\/author\/rafal\/"}]}},"_links":{"self":[{"href":"https:\/\/www.welovecycling.com\/pl\/wp-json\/wp\/v2\/posts\/12917","targetHints":{"allow":["GET"]}}],"collection":[{"href":"https:\/\/www.welovecycling.com\/pl\/wp-json\/wp\/v2\/posts"}],"about":[{"href":"https:\/\/www.welovecycling.com\/pl\/wp-json\/wp\/v2\/types\/post"}],"author":[{"embeddable":true,"href":"https:\/\/www.welovecycling.com\/pl\/wp-json\/wp\/v2\/users\/153"}],"replies":[{"embeddable":true,"href":"https:\/\/www.welovecycling.com\/pl\/wp-json\/wp\/v2\/comments?post=12917"}],"version-history":[{"count":2,"href":"https:\/\/www.welovecycling.com\/pl\/wp-json\/wp\/v2\/posts\/12917\/revisions"}],"predecessor-version":[{"id":12922,"href":"https:\/\/www.welovecycling.com\/pl\/wp-json\/wp\/v2\/posts\/12917\/revisions\/12922"}],"wp:featuredmedia":[{"embeddable":true,"href":"https:\/\/www.welovecycling.com\/pl\/wp-json\/wp\/v2\/media\/12919"}],"wp:attachment":[{"href":"https:\/\/www.welovecycling.com\/pl\/wp-json\/wp\/v2\/media?parent=12917"}],"wp:term":[{"taxonomy":"category","embeddable":true,"href":"https:\/\/www.welovecycling.com\/pl\/wp-json\/wp\/v2\/categories?post=12917"},{"taxonomy":"post_tag","embeddable":true,"href":"https:\/\/www.welovecycling.com\/pl\/wp-json\/wp\/v2\/tags?post=12917"},{"taxonomy":"global-categories","embeddable":true,"href":"https:\/\/www.welovecycling.com\/pl\/wp-json\/wp\/v2\/global-categories?post=12917"}],"curies":[{"name":"wp","href":"https:\/\/api.w.org\/{rel}","templated":true}]}}