{"id":12908,"date":"2022-06-03T12:31:24","date_gmt":"2022-06-03T12:31:24","guid":{"rendered":"https:\/\/www.welovecycling.com\/pl\/?p=12908"},"modified":"2022-07-08T08:44:08","modified_gmt":"2022-07-08T08:44:08","slug":"to-juz-ostatnia-prosta-zaczelo-sie-odliczanie","status":"publish","type":"post","link":"https:\/\/www.welovecycling.com\/pl\/2022\/06\/03\/to-juz-ostatnia-prosta-zaczelo-sie-odliczanie\/","title":{"rendered":"To ju\u017c ostatnia prosta! Zacz\u0119\u0142o si\u0119 odliczanie"},"content":{"rendered":"<p><strong>Pr\u00f3ba si\u0142, sprz\u0119tu i taktyki \u2013 przygotowania do Tour de France wje\u017cd\u017caj\u0105 na ostatni\u0105 prost\u0105. Dla wielu kolarzy pr\u00f3b\u0105 generaln\u0105 b\u0119dzie zaczynaj\u0105cy si\u0119 w niedziel\u0119 Criterium du Dauphine, kt\u00f3ry ma szczeg\u00f3lne miejsce w historii polskiego kolarstwa.<\/strong><\/p>\n<p>Wy\u015bcig po raz pierwszy odby\u0142 si\u0119 w 1947 r. i wygra\u0142 go Polak \u2013 Edward Klabi\u0144ski. Co prawda urodzi\u0142 si\u0119 on w Niemczech, a wi\u0119kszo\u015b\u0107 \u017cycia sp\u0119dzi\u0142 we Francji, ale nigdy nie wyrzek\u0142 si\u0119 polskiego obywatelstwa i dzi\u0119ki temu to w\u0142a\u015bnie bia\u0142o-czerwona flaga widnieje na wszystkich historycznych zestawieniach zwyci\u0119zc\u00f3w Criterium du Dauphine. Zreszt\u0105 Klabi\u0144ski to tak\u017ce pierwszy Polak w historii Tour de France, cho\u0107 na starcie stan\u0105\u0142 dopiero 44 lata po tym, gdy rozpocz\u0119\u0142a si\u0119 pierwsza Wielka P\u0119tla.<\/p>\n<div class=\"embed-controller-wrapper\">\n<blockquote class=\"wp-embedded-content\" data-secret=\"JHVxEmjG8e\"><p><a href=\"https:\/\/www.welovecycling.com\/pl\/2018\/05\/30\/oto-pierwszy-polak-w-tour-de-france-jego-wyczyn-przetrwal-71-lat\/\">Oto pierwszy Polak w Tour de France. Jego wyczyn przetrwa\u0142 71 lat!<\/a><\/p><\/blockquote>\n<p><iframe class=\"wp-embedded-content\" sandbox=\"allow-scripts\" security=\"restricted\" style=\"position: absolute; clip: rect(1px, 1px, 1px, 1px);\" title=\"&#8222;Oto pierwszy Polak w Tour de France. Jego wyczyn przetrwa\u0142 71 lat!&#8221; &#8212; We Love Cycling - Poland\" data-src=\"https:\/\/www.welovecycling.com\/pl\/2018\/05\/30\/oto-pierwszy-polak-w-tour-de-france-jego-wyczyn-przetrwal-71-lat\/embed\/#?secret=PFwYs3MvNa#?secret=JHVxEmjG8e\" data-secret=\"JHVxEmjG8e\" width=\"500\" height=\"282\" frameborder=\"0\" marginwidth=\"0\" marginheight=\"0\" scrolling=\"no\"><\/iframe><\/div>\n<div class=\"embed-controller-wrapper\">\n<blockquote class=\"twitter-tweet\" data-width=\"500\" data-dnt=\"true\">\n<p lang=\"en\" dir=\"ltr\">\ud83e\udd29  The cycling season continues!<\/p>\n<p>\ud83d\uddd3  From Sunday, follow the 74th edition of the Crit\u00e9rium du <a href=\"https:\/\/twitter.com\/hashtag\/Dauphin%C3%A9?src=hash&amp;ref_src=twsrc%5Etfw\">#Dauphin\u00e9<\/a>!<\/p>\n<p>\ud83d\udc9b  8 intense stages and some serious mountains to designate <a href=\"https:\/\/twitter.com\/richie_porte?ref_src=twsrc%5Etfw\">@richie_porte<\/a>\u2019s successor and get ready for the <a href=\"https:\/\/twitter.com\/hashtag\/TDF2022?src=hash&amp;ref_src=twsrc%5Etfw\">#TDF2022<\/a>! <a href=\"https:\/\/t.co\/tinGZVXjeK\">pic.twitter.com\/tinGZVXjeK<\/a><\/p>\n<p>&mdash; Crit\u00e9rium du Dauphin\u00e9 (@dauphine) <a href=\"https:\/\/twitter.com\/dauphine\/status\/1531297790927716353?ref_src=twsrc%5Etfw\">May 30, 2022<\/a><\/p><\/blockquote>\n<p><script async data-src=\"https:\/\/platform.twitter.com\/widgets.js\" charset=\"utf-8\"><\/script><\/div>\n<p>&nbsp;<\/p>\n<h2><strong>Dominatorzy z Micha\u0142em Kwiatkowskim<\/strong><\/h2>\n<p>Dzi\u015b Criterium du Dauphine to jeden z dw\u00f3ch generalnych sprawdzian\u00f3w przed Tour de France (drugim jest Tour de Swiss, kt\u00f3ry odb\u0119dzie si\u0119 12\u201319 czerwca w Szwajcarii). W tym roku faworytami zn\u00f3w s\u0105 zawodnicy ekipy Ineos Grenadiers, w kt\u00f3rej pojedzie Micha\u0142 Kwiatkowski. To w\u0142a\u015bnie kolarze z tego zespo\u0142u w ostatnich latach zdominowali Criterium du Dauphine \u2013 wygrali sze\u015b\u0107 z dziesi\u0119ciu edycji.<\/p>\n<div class=\"embed-controller-wrapper\">\n<blockquote class=\"twitter-tweet\" data-width=\"500\" data-dnt=\"true\">\n<p lang=\"en\" dir=\"ltr\"><a href=\"https:\/\/twitter.com\/hashtag\/Dauphine?src=hash&amp;ref_src=twsrc%5Etfw\">#Dauphine<\/a> \ud83d\udd1c<\/p>\n<p>Meet the Grenadiers who are back in action on Sunday \ud83d\udc4a <a href=\"https:\/\/t.co\/EzmtNzm1nC\">pic.twitter.com\/EzmtNzm1nC<\/a><\/p>\n<p>&mdash; INEOS Grenadiers (@INEOSGrenadiers) <a href=\"https:\/\/twitter.com\/INEOSGrenadiers\/status\/1532027024050626562?ref_src=twsrc%5Etfw\">June 1, 2022<\/a><\/p><\/blockquote>\n<p><script async data-src=\"https:\/\/platform.twitter.com\/widgets.js\" charset=\"utf-8\"><\/script><\/div>\n<p>W poprzednim roku triumfowa\u0142 Richie Porte, z kolei w 2018 r. Kwiatkowski wygra\u0142 jeden z etap\u00f3w. To samo uda\u0142o si\u0119 Sylwestrowi Szmydowi (2009 r.) oraz Cezarowi Zamanie (1993 r.), a w 1998 r. Dariusz Baranowski zaj\u0105\u0142 czwarte miejsce w klasyfikacji generalnej Criterium du Dauphine.<\/p>\n<h2><strong>\u201eTo by\u0142o co\u015b niesamowitego\u201d<\/strong><\/h2>\n<p>Zamiesza\u0107 w tegorocznym wy\u015bcigu chce r\u00f3wnie\u017c AG2R Citroen Team, na kt\u00f3rego czele ma stan\u0105\u0107 Ben O\u2019Connor.<\/p>\n<p>\u2013 Nadszed\u0142 czas, aby pokaza\u0107 si\u0119 na podium w wa\u017cnym wy\u015bcigu UCI World Tour. Wiem, \u017ce mog\u0119 wygrywa\u0107 takie zawody, i mam w g\u0142owie kilka pomys\u0142\u00f3w na rozegranie Criterium de Dauphine\u2026 W zesz\u0142ym roku by\u0142em czwarty w klasyfikacji generalnej Tour de France, wygra\u0142em tak\u017ce etap i to by\u0142o co\u015b niesamowitego. Ale ka\u017cdy zawodnik zawsze chce by\u0107 lepszy\u2026 \u2013 wybiega my\u015blami do najwi\u0119kszego wy\u015bcigu \u015bwiata Ben O\u2019Connor.<\/p>\n<div class=\"embed-controller-wrapper\">\n<blockquote class=\"twitter-tweet\" data-width=\"500\" data-dnt=\"true\">\n<p lang=\"fr\" dir=\"ltr\">Attachant, calme, humain&#8230;.on pourrait trouver de nombreux qualificatifs pour d\u00e9crire <a href=\"https:\/\/twitter.com\/ben_oconnor95?ref_src=twsrc%5Etfw\">@ben_oconnor95<\/a>. Rendez-vous demain \u00e0 11h. <\/p>\n<p>Calm, friendly, human&#8230;we can tell you hundreds of words to describe <a href=\"https:\/\/twitter.com\/ben_oconnor95?ref_src=twsrc%5Etfw\">@ben_oconnor95<\/a>. Tune in tomorrow at 11am for a full episode. <a href=\"https:\/\/twitter.com\/hashtag\/AG2RCITRO%C3%8BNTEAM?src=hash&amp;ref_src=twsrc%5Etfw\">#AG2RCITRO\u00cbNTEAM<\/a> <a href=\"https:\/\/t.co\/emnZFjtX5J\">pic.twitter.com\/emnZFjtX5J<\/a><\/p>\n<p>&mdash; DECATHLON AG2R LA MONDIALE TEAM (@decathlonAG2RLM) <a href=\"https:\/\/twitter.com\/decathlonAG2RLM\/status\/1531968820079824897?ref_src=twsrc%5Etfw\">June 1, 2022<\/a><\/p><\/blockquote>\n<p><script async data-src=\"https:\/\/platform.twitter.com\/widgets.js\" charset=\"utf-8\"><\/script><\/div>\n<h2><strong>Pozostan\u0105 niespe\u0142na trzy tygodnie\u2026<\/strong><\/h2>\n<p>W tegorocznym Criterium du Dauphine wystartuj\u0105 22 ekipy, a wy\u015bcig sk\u0142ada si\u0119 z o\u015bmiu etap\u00f3w. Niedzielne \u015bciganie rozpocznie si\u0119 w La Voulte sur Rhone, a meta zlokalizowana jest w Beauchastel. To b\u0119dzie jeden z trzech pag\u00f3rkowatych etap\u00f3w, a nast\u0119pnie rozegrana zostanie czas\u00f3wka. P\u00f3\u017aniej zawodnik\u00f3w czekaj\u0105 dwa spokojniejsze dni, a wszystko rozstrzygnie si\u0119 w g\u00f3rach na etapach z Saint Chaffrey do Vaujany oraz z Saint Alban Leysse do col de Solaison.<\/p>\n<div class=\"embed-controller-wrapper\">\n<blockquote class=\"twitter-tweet\" data-width=\"500\" data-dnt=\"true\">\n<p lang=\"fr\" dir=\"ltr\">\u00c9tape 8\u20e3\ud83d\udea9Saint-Alban-Leysse \u2013 Plateau de Solaison\ud83c\udfc1139,2 km\ud83d\udccf<br \/>\ud83d\udcc5Dimanche 12 juin <\/p>\n<p>\ud83d\udc51Un d\u00e9part muscl\u00e9 et une derni\u00e8re arriv\u00e9e au sommet pour d\u00e9partager les leaders !<br \/>\ud83d\udc51A tough start and a summit finish to crown the winner of the <a href=\"https:\/\/twitter.com\/hashtag\/Dauphin%C3%A9?src=hash&amp;ref_src=twsrc%5Etfw\">#Dauphin\u00e9<\/a> 2022! <a href=\"https:\/\/t.co\/VEFaC9KYvV\">pic.twitter.com\/VEFaC9KYvV<\/a><\/p>\n<p>&mdash; Crit\u00e9rium du Dauphin\u00e9 (@dauphine) <a href=\"https:\/\/twitter.com\/dauphine\/status\/1532293445250949124?ref_src=twsrc%5Etfw\">June 2, 2022<\/a><\/p><\/blockquote>\n<p><script async data-src=\"https:\/\/platform.twitter.com\/widgets.js\" charset=\"utf-8\"><\/script><\/div>\n<p>Zako\u0144czenie wy\u015bcigu zaplanowano 12 czerwca, czyli na niespe\u0142na trzy tygodnie przed startem Tour de France. Tegoroczna Wielka P\u0119tla rozpocznie si\u0119 jazd\u0105 na czas po ulicach Kopenhagi, a zako\u0144czy 24 lipca w Pary\u017cu tradycyjnym etapem pokoju.<\/p>\n<p><a class=\"in-cell-link\" href=\"http:\/\/www.skoda-auto.pl\/\" target=\"_blank\" rel=\"noopener noreferrer\">Artyku\u0142 powsta\u0142 we wsp\u00f3\u0142pracy ze skoda-auto.pl<\/a><a href=\"https:\/\/www.skoda-auto.pl\/modele\/superb\"><img loading=\"lazy\" decoding=\"async\" class=\"alignnone size-full wp-image-11628 aligncenter\" src=\"https:\/\/d2p6e6u75xmxt8.cloudfront.net\/5\/2021\/12\/640x350-2-1.jpg\" alt=\"\" width=\"640\" height=\"350\" srcset=\"https:\/\/d2p6e6u75xmxt8.cloudfront.net\/5\/2021\/12\/640x350-2-1.jpg 640w, https:\/\/d2p6e6u75xmxt8.cloudfront.net\/5\/2021\/12\/640x350-2-1-300x164.jpg 300w\" sizes=\"auto, (max-width: 640px) 100vw, 640px\" \/><\/a><\/p>\n","protected":false},"excerpt":{"rendered":"<p>Pr\u00f3ba si\u0142, sprz\u0119tu i taktyki \u2013 przygotowania do Tour de France wje\u017cd\u017caj\u0105 na ostatni\u0105 prost\u0105. Dla wielu kolarzy pr\u00f3b\u0105 generaln\u0105 [&hellip;]<\/p>\n","protected":false},"author":153,"featured_media":12915,"comment_status":"open","ping_status":"open","sticky":false,"template":"","format":"standard","meta":{"footnotes":""},"categories":[6],"tags":[362,366],"global-categories":[],"class_list":["post-12908","post","type-post","status-publish","format-standard","has-post-thumbnail","hentry","category-kolarstwo-szosowe","tag-piotr-nowik","tag-tour-de-france-2022"],"yoast_head":"<!-- This site is optimized with the Yoast SEO Premium plugin v25.3 (Yoast SEO v25.9) - https:\/\/yoast.com\/wordpress\/plugins\/seo\/ -->\n<title>To ju\u017c ostatnia prosta! Zacz\u0119\u0142o si\u0119 odliczanie - \u0160koda We Love Cycling - Poland<\/title>\n<meta name=\"robots\" content=\"index, follow, max-snippet:-1, max-image-preview:large, max-video-preview:-1\" \/>\n<link rel=\"canonical\" href=\"https:\/\/www.welovecycling.com\/pl\/2022\/06\/03\/to-juz-ostatnia-prosta-zaczelo-sie-odliczanie\/\" \/>\n<meta property=\"og:locale\" content=\"pl_PL\" \/>\n<meta property=\"og:type\" content=\"article\" \/>\n<meta property=\"og:title\" content=\"To ju\u017c ostatnia prosta! Zacz\u0119\u0142o si\u0119 odliczanie\" \/>\n<meta property=\"og:description\" content=\"Pr\u00f3ba si\u0142, sprz\u0119tu i taktyki \u2013 przygotowania do Tour de France wje\u017cd\u017caj\u0105 na ostatni\u0105 prost\u0105. Dla wielu kolarzy pr\u00f3b\u0105 generaln\u0105 [&hellip;]\" \/>\n<meta property=\"og:url\" content=\"https:\/\/www.welovecycling.com\/pl\/2022\/06\/03\/to-juz-ostatnia-prosta-zaczelo-sie-odliczanie\/\" \/>\n<meta property=\"og:site_name\" content=\"\u0160koda We Love Cycling - Poland\" \/>\n<meta property=\"article:published_time\" content=\"2022-06-03T12:31:24+00:00\" \/>\n<meta property=\"article:modified_time\" content=\"2022-07-08T08:44:08+00:00\" \/>\n<meta property=\"og:image\" content=\"https:\/\/d2p6e6u75xmxt8.cloudfront.net\/5\/2022\/06\/Chris-Froome-profimedia-0686452193-CVR.jpg\" \/>\n\t<meta property=\"og:image:width\" content=\"990\" \/>\n\t<meta property=\"og:image:height\" content=\"660\" \/>\n\t<meta property=\"og:image:type\" content=\"image\/jpeg\" \/>\n<meta name=\"author\" content=\"rafal\" \/>\n<meta name=\"twitter:card\" content=\"summary_large_image\" \/>\n<meta name=\"twitter:label1\" content=\"Written by\" \/>\n\t<meta name=\"twitter:data1\" content=\"Piotr Nowik\" \/>\n\t<meta name=\"twitter:label2\" content=\"Est. reading time\" \/>\n\t<meta name=\"twitter:data2\" content=\"3 minutes\" \/>\n<script type=\"application\/ld+json\" class=\"yoast-schema-graph\">{\"@context\":\"https:\/\/schema.org\",\"@graph\":[{\"@type\":\"WebPage\",\"@id\":\"https:\/\/www.welovecycling.com\/pl\/2022\/06\/03\/to-juz-ostatnia-prosta-zaczelo-sie-odliczanie\/\",\"url\":\"https:\/\/www.welovecycling.com\/pl\/2022\/06\/03\/to-juz-ostatnia-prosta-zaczelo-sie-odliczanie\/\",\"name\":\"To ju\u017c ostatnia prosta! Zacz\u0119\u0142o si\u0119 odliczanie - \u0160koda We Love Cycling - Poland\",\"isPartOf\":{\"@id\":\"https:\/\/www.welovecycling.com\/pl\/#website\"},\"primaryImageOfPage\":{\"@id\":\"https:\/\/www.welovecycling.com\/pl\/2022\/06\/03\/to-juz-ostatnia-prosta-zaczelo-sie-odliczanie\/#primaryimage\"},\"image\":{\"@id\":\"https:\/\/www.welovecycling.com\/pl\/2022\/06\/03\/to-juz-ostatnia-prosta-zaczelo-sie-odliczanie\/#primaryimage\"},\"thumbnailUrl\":\"https:\/\/d2p6e6u75xmxt8.cloudfront.net\/5\/2022\/06\/Chris-Froome-profimedia-0686452193-CVR.jpg\",\"datePublished\":\"2022-06-03T12:31:24+00:00\",\"dateModified\":\"2022-07-08T08:44:08+00:00\",\"author\":{\"@id\":\"https:\/\/www.welovecycling.com\/pl\/#\/schema\/person\/bf06ed916a1ef16618807fb60d2ebe42\"},\"breadcrumb\":{\"@id\":\"https:\/\/www.welovecycling.com\/pl\/2022\/06\/03\/to-juz-ostatnia-prosta-zaczelo-sie-odliczanie\/#breadcrumb\"},\"inLanguage\":\"pl-PL\",\"potentialAction\":[{\"@type\":\"ReadAction\",\"target\":[\"https:\/\/www.welovecycling.com\/pl\/2022\/06\/03\/to-juz-ostatnia-prosta-zaczelo-sie-odliczanie\/\"]}]},{\"@type\":\"ImageObject\",\"inLanguage\":\"pl-PL\",\"@id\":\"https:\/\/www.welovecycling.com\/pl\/2022\/06\/03\/to-juz-ostatnia-prosta-zaczelo-sie-odliczanie\/#primaryimage\",\"url\":\"https:\/\/d2p6e6u75xmxt8.cloudfront.net\/5\/2022\/06\/Chris-Froome-profimedia-0686452193-CVR.jpg\",\"contentUrl\":\"https:\/\/d2p6e6u75xmxt8.cloudfront.net\/5\/2022\/06\/Chris-Froome-profimedia-0686452193-CVR.jpg\",\"width\":990,\"height\":660},{\"@type\":\"BreadcrumbList\",\"@id\":\"https:\/\/www.welovecycling.com\/pl\/2022\/06\/03\/to-juz-ostatnia-prosta-zaczelo-sie-odliczanie\/#breadcrumb\",\"itemListElement\":[{\"@type\":\"ListItem\",\"position\":1,\"name\":\"Home\",\"item\":\"https:\/\/www.welovecycling.com\/pl\/\"},{\"@type\":\"ListItem\",\"position\":2,\"name\":\"To ju\u017c ostatnia prosta! Zacz\u0119\u0142o si\u0119 odliczanie\"}]},{\"@type\":\"WebSite\",\"@id\":\"https:\/\/www.welovecycling.com\/pl\/#website\",\"url\":\"https:\/\/www.welovecycling.com\/pl\/\",\"name\":\"\u0160koda We Love Cycling - Poland\",\"description\":\"\",\"potentialAction\":[{\"@type\":\"SearchAction\",\"target\":{\"@type\":\"EntryPoint\",\"urlTemplate\":\"https:\/\/www.welovecycling.com\/pl\/?s={search_term_string}\"},\"query-input\":{\"@type\":\"PropertyValueSpecification\",\"valueRequired\":true,\"valueName\":\"search_term_string\"}}],\"inLanguage\":\"pl-PL\"},{\"@type\":\"Person\",\"@id\":\"https:\/\/www.welovecycling.com\/pl\/#\/schema\/person\/bf06ed916a1ef16618807fb60d2ebe42\",\"name\":\"rafal\",\"image\":{\"@type\":\"ImageObject\",\"inLanguage\":\"pl-PL\",\"@id\":\"https:\/\/www.welovecycling.com\/pl\/#\/schema\/person\/image\/\",\"url\":\"https:\/\/secure.gravatar.com\/avatar\/203f240e63bee214f6f3a0dacbeb600c7829c09716c2b9ee3230c6961debcde2?s=96&d=mm&r=g\",\"contentUrl\":\"https:\/\/secure.gravatar.com\/avatar\/203f240e63bee214f6f3a0dacbeb600c7829c09716c2b9ee3230c6961debcde2?s=96&d=mm&r=g\",\"caption\":\"rafal\"},\"url\":\"https:\/\/www.welovecycling.com\/pl\/author\/rafal\/\"}]}<\/script>\n<!-- \/ Yoast SEO Premium plugin. -->","yoast_head_json":{"title":"To ju\u017c ostatnia prosta! Zacz\u0119\u0142o si\u0119 odliczanie - \u0160koda We Love Cycling - Poland","robots":{"index":"index","follow":"follow","max-snippet":"max-snippet:-1","max-image-preview":"max-image-preview:large","max-video-preview":"max-video-preview:-1"},"canonical":"https:\/\/www.welovecycling.com\/pl\/2022\/06\/03\/to-juz-ostatnia-prosta-zaczelo-sie-odliczanie\/","og_locale":"pl_PL","og_type":"article","og_title":"To ju\u017c ostatnia prosta! Zacz\u0119\u0142o si\u0119 odliczanie","og_description":"Pr\u00f3ba si\u0142, sprz\u0119tu i taktyki \u2013 przygotowania do Tour de France wje\u017cd\u017caj\u0105 na ostatni\u0105 prost\u0105. Dla wielu kolarzy pr\u00f3b\u0105 generaln\u0105 [&hellip;]","og_url":"https:\/\/www.welovecycling.com\/pl\/2022\/06\/03\/to-juz-ostatnia-prosta-zaczelo-sie-odliczanie\/","og_site_name":"\u0160koda We Love Cycling - Poland","article_published_time":"2022-06-03T12:31:24+00:00","article_modified_time":"2022-07-08T08:44:08+00:00","og_image":[{"width":990,"height":660,"url":"https:\/\/d2p6e6u75xmxt8.cloudfront.net\/5\/2022\/06\/Chris-Froome-profimedia-0686452193-CVR.jpg","type":"image\/jpeg"}],"author":"rafal","twitter_card":"summary_large_image","twitter_misc":{"Written by":"Piotr Nowik","Est. reading time":"3 minutes"},"schema":{"@context":"https:\/\/schema.org","@graph":[{"@type":"WebPage","@id":"https:\/\/www.welovecycling.com\/pl\/2022\/06\/03\/to-juz-ostatnia-prosta-zaczelo-sie-odliczanie\/","url":"https:\/\/www.welovecycling.com\/pl\/2022\/06\/03\/to-juz-ostatnia-prosta-zaczelo-sie-odliczanie\/","name":"To ju\u017c ostatnia prosta! Zacz\u0119\u0142o si\u0119 odliczanie - \u0160koda We Love Cycling - Poland","isPartOf":{"@id":"https:\/\/www.welovecycling.com\/pl\/#website"},"primaryImageOfPage":{"@id":"https:\/\/www.welovecycling.com\/pl\/2022\/06\/03\/to-juz-ostatnia-prosta-zaczelo-sie-odliczanie\/#primaryimage"},"image":{"@id":"https:\/\/www.welovecycling.com\/pl\/2022\/06\/03\/to-juz-ostatnia-prosta-zaczelo-sie-odliczanie\/#primaryimage"},"thumbnailUrl":"https:\/\/d2p6e6u75xmxt8.cloudfront.net\/5\/2022\/06\/Chris-Froome-profimedia-0686452193-CVR.jpg","datePublished":"2022-06-03T12:31:24+00:00","dateModified":"2022-07-08T08:44:08+00:00","author":{"@id":"https:\/\/www.welovecycling.com\/pl\/#\/schema\/person\/bf06ed916a1ef16618807fb60d2ebe42"},"breadcrumb":{"@id":"https:\/\/www.welovecycling.com\/pl\/2022\/06\/03\/to-juz-ostatnia-prosta-zaczelo-sie-odliczanie\/#breadcrumb"},"inLanguage":"pl-PL","potentialAction":[{"@type":"ReadAction","target":["https:\/\/www.welovecycling.com\/pl\/2022\/06\/03\/to-juz-ostatnia-prosta-zaczelo-sie-odliczanie\/"]}]},{"@type":"ImageObject","inLanguage":"pl-PL","@id":"https:\/\/www.welovecycling.com\/pl\/2022\/06\/03\/to-juz-ostatnia-prosta-zaczelo-sie-odliczanie\/#primaryimage","url":"https:\/\/d2p6e6u75xmxt8.cloudfront.net\/5\/2022\/06\/Chris-Froome-profimedia-0686452193-CVR.jpg","contentUrl":"https:\/\/d2p6e6u75xmxt8.cloudfront.net\/5\/2022\/06\/Chris-Froome-profimedia-0686452193-CVR.jpg","width":990,"height":660},{"@type":"BreadcrumbList","@id":"https:\/\/www.welovecycling.com\/pl\/2022\/06\/03\/to-juz-ostatnia-prosta-zaczelo-sie-odliczanie\/#breadcrumb","itemListElement":[{"@type":"ListItem","position":1,"name":"Home","item":"https:\/\/www.welovecycling.com\/pl\/"},{"@type":"ListItem","position":2,"name":"To ju\u017c ostatnia prosta! Zacz\u0119\u0142o si\u0119 odliczanie"}]},{"@type":"WebSite","@id":"https:\/\/www.welovecycling.com\/pl\/#website","url":"https:\/\/www.welovecycling.com\/pl\/","name":"\u0160koda We Love Cycling - Poland","description":"","potentialAction":[{"@type":"SearchAction","target":{"@type":"EntryPoint","urlTemplate":"https:\/\/www.welovecycling.com\/pl\/?s={search_term_string}"},"query-input":{"@type":"PropertyValueSpecification","valueRequired":true,"valueName":"search_term_string"}}],"inLanguage":"pl-PL"},{"@type":"Person","@id":"https:\/\/www.welovecycling.com\/pl\/#\/schema\/person\/bf06ed916a1ef16618807fb60d2ebe42","name":"rafal","image":{"@type":"ImageObject","inLanguage":"pl-PL","@id":"https:\/\/www.welovecycling.com\/pl\/#\/schema\/person\/image\/","url":"https:\/\/secure.gravatar.com\/avatar\/203f240e63bee214f6f3a0dacbeb600c7829c09716c2b9ee3230c6961debcde2?s=96&d=mm&r=g","contentUrl":"https:\/\/secure.gravatar.com\/avatar\/203f240e63bee214f6f3a0dacbeb600c7829c09716c2b9ee3230c6961debcde2?s=96&d=mm&r=g","caption":"rafal"},"url":"https:\/\/www.welovecycling.com\/pl\/author\/rafal\/"}]}},"_links":{"self":[{"href":"https:\/\/www.welovecycling.com\/pl\/wp-json\/wp\/v2\/posts\/12908","targetHints":{"allow":["GET"]}}],"collection":[{"href":"https:\/\/www.welovecycling.com\/pl\/wp-json\/wp\/v2\/posts"}],"about":[{"href":"https:\/\/www.welovecycling.com\/pl\/wp-json\/wp\/v2\/types\/post"}],"author":[{"embeddable":true,"href":"https:\/\/www.welovecycling.com\/pl\/wp-json\/wp\/v2\/users\/153"}],"replies":[{"embeddable":true,"href":"https:\/\/www.welovecycling.com\/pl\/wp-json\/wp\/v2\/comments?post=12908"}],"version-history":[{"count":2,"href":"https:\/\/www.welovecycling.com\/pl\/wp-json\/wp\/v2\/posts\/12908\/revisions"}],"predecessor-version":[{"id":13007,"href":"https:\/\/www.welovecycling.com\/pl\/wp-json\/wp\/v2\/posts\/12908\/revisions\/13007"}],"wp:featuredmedia":[{"embeddable":true,"href":"https:\/\/www.welovecycling.com\/pl\/wp-json\/wp\/v2\/media\/12915"}],"wp:attachment":[{"href":"https:\/\/www.welovecycling.com\/pl\/wp-json\/wp\/v2\/media?parent=12908"}],"wp:term":[{"taxonomy":"category","embeddable":true,"href":"https:\/\/www.welovecycling.com\/pl\/wp-json\/wp\/v2\/categories?post=12908"},{"taxonomy":"post_tag","embeddable":true,"href":"https:\/\/www.welovecycling.com\/pl\/wp-json\/wp\/v2\/tags?post=12908"},{"taxonomy":"global-categories","embeddable":true,"href":"https:\/\/www.welovecycling.com\/pl\/wp-json\/wp\/v2\/global-categories?post=12908"}],"curies":[{"name":"wp","href":"https:\/\/api.w.org\/{rel}","templated":true}]}}