{"id":12901,"date":"2022-05-31T12:42:51","date_gmt":"2022-05-31T12:42:51","guid":{"rendered":"https:\/\/www.welovecycling.com\/pl\/?p=12901"},"modified":"2022-05-31T14:07:15","modified_gmt":"2022-05-31T14:07:15","slug":"z-dzieckiem-na-wycieczke-tak-ale-w-czym-je-przewiezc","status":"publish","type":"post","link":"https:\/\/www.welovecycling.com\/pl\/2022\/05\/31\/z-dzieckiem-na-wycieczke-tak-ale-w-czym-je-przewiezc\/","title":{"rendered":"Z dzieckiem na wycieczk\u0119\u2026 Tak, ale w czym je przewie\u017a\u0107?"},"content":{"rendered":"<p><strong>Dni s\u0105 coraz d\u0142u\u017csze, a przed nami wakacje. Bez w\u0105tpienia nadchodzi czas wzmo\u017conego ruchu rowerowego ca\u0142ych rodzin. O ile zima i wczesna wiosna s\u0105 dla bardziej zahartowanych i wytrwa\u0142ych, tak obecnie trudno znale\u017a\u0107 wym\u00f3wk\u0119, by odpu\u015bci\u0107 rower.<\/strong><\/p>\n<p>Ale w czym zabra\u0107 dziecko na wycieczk\u0119 ? To pytanie zapewne zadaje sobie sporo naszych czytelnik\u00f3w, wi\u0119c postaramy si\u0119 temat cho\u0107 cz\u0119\u015bciowo om\u00f3wi\u0107 i rozwia\u0107 wszelkie w\u0105tpliwo\u015bci. Oczywi\u015bcie na samym pocz\u0105tku musimy wzi\u0105\u0107 pod uwag\u0119 kilka fakt\u00f3w, \u017ceby dobra\u0107 odpowiednie akcesoria. Najwa\u017cniejsza jest waga dziecka, a tak\u017ce jego umiej\u0119tno\u015bci jazdy na rowerze.<\/p>\n<p>Je\u015bli mamy malucha, kt\u00f3ry dopiero co wsiada na rowerek biegowy, na d\u0142u\u017csze wycieczki musimy zainstalowa\u0107 na naszym rowerze fotelik. Dziecko o wadze \u2013 zazwyczaj \u2013 do 22 kilogram\u00f3w b\u0119dzie mog\u0142o w nim komfortowo i bezpiecznie podr\u00f3\u017cowa\u0107. Plusem tej konstrukcji jest szybki monta\u017c i demonta\u017c oraz mo\u017cliwo\u015b\u0107 odpi\u0119cia samego fotelika i pozostawienia przy rowerze uchwytu bazowego. Warto wiedzie\u0107, \u017ce fotelik bardzo dobrze t\u0142umi drgania.<\/p>\n<div class=\"embed-controller-wrapper\">\n<div class=\"embed-wrapper\"><iframe title=\"Bartosz Huzarski opowiada o akcesoriach, kt\u00f3re warto zabra\u0107 na wycieczki rowerowe z dzie\u0107mi\" width=\"500\" height=\"281\" data-src=\"https:\/\/www.youtube.com\/embed\/1sVH4K7iZYs?feature=oembed\" frameborder=\"0\" allow=\"accelerometer; autoplay; clipboard-write; encrypted-media; gyroscope; picture-in-picture; web-share\" referrerpolicy=\"strict-origin-when-cross-origin\" allowfullscreen><\/iframe><\/div>\n<\/div>\n<p>Dziecko, kt\u00f3re ju\u017c ca\u0142kiem nie\u017ale je\u017adzi na rowerze i jest w stanie przejecha\u0107 kilkana\u015bcie kilometr\u00f3w, ale nie za dobrze radzi sobie na podjazdach lub szybko si\u0119 zniech\u0119ca na widok g\u00f3rki, mo\u017cna wspom\u00f3c holem linkowym typu bungee. To raczej nowe na naszym rynku rozwi\u0105zanie sprawdza si\u0119 idealnie zar\u00f3wno w terenie, jak i na asfaltowych podjazdach.<\/p>\n<p>Dla dzieci, kt\u00f3re je\u017cd\u017c\u0105 dobrze dooko\u0142a domu lub po placu, ale nie do ko\u0144ca im ufamy, je\u015bli chodzi o jazd\u0119 po \u015bcie\u017ckach czy chodnikach, powinni\u015bmy przygotowa\u0107 hol sztywny. Taka konstrukcja da nam ca\u0142kowite panowanie nad maluchem, a wi\u0119c zaoszcz\u0119dzi nam du\u017co stresu. Dziecko powinni\u015bmy zach\u0119ca\u0107 do peda\u0142owania, jednak nie b\u0119dzie mia\u0142o ono wp\u0142ywu na to, gdzie jedziemy, bo przednie ko\u0142o holowanego roweru nie ma kontaktu z pod\u0142o\u017cem.<\/p>\n<p>Przyczepki rowerowe to obj\u0119to\u015bciowo du\u017ce, ale jak\u017ce wygodne rozwi\u0105zanie zar\u00f3wno dla tych ca\u0142kiem ma\u0142ych, jak i nieco starszych. Dost\u0119pne s\u0105 wersje z opcj\u0105 przewo\u017cenia jednego lub dw\u00f3jki dzieci i ca\u0142ym wachlarzem dodatkowego asortymentu. Po ma\u0142ej zmianie konstrukcyjnej mo\u017cemy z tak\u0105 przyczepk\u0105 nawet biega\u0107. Jednak z punktu widzenia rowerzysty najwa\u017cniejszy jest prosty monta\u017c oraz siatka przeciw owadom i pryskaj\u0105cemu spod tylnego ko\u0142a b\u0142otu i ma\u0142ym kamyczkom. Przyczepka powinna by\u0107 wyposa\u017cona w pasy bezpiecze\u0144stwa i \u015bwiate\u0142ka odblaskowe. Cho\u0107 dzieci s\u0105 w \u015brodku, zaleca si\u0119, by je\u017adzi\u0142y w kaskach.<\/p>\n<p>Asortyment rowerowych akcesori\u00f3w do przewo\u017cenia dzieci oraz wsp\u00f3lnych wycieczek rowerowych jest bardzo r\u00f3\u017cnorodny. Ci\u0119\u017cko wskaza\u0107 jedno rozwi\u0105zanie, bo ka\u017cdy z nas ma do dyspozycji inny teren, inny zakres czasu i dzieci w innym wieku. Niemniej z ka\u017cdej sytuacji zawsze jest jakie\u015b wyj\u015bcie, a nasze podpowiedzi i rozwi\u0105zanie prezentujemy r\u00f3wnie\u017c na poni\u017cszym filmie.<\/p>\n<p><span data-sheets-value=\"{&quot;1&quot;:2,&quot;2&quot;:&quot;Artyku\u0142 powsta\u0142 we wsp\u00f3\u0142pracy ze skoda-auto.pl&quot;}\" data-sheets-userformat=\"{&quot;2&quot;:1,&quot;3&quot;:{&quot;1&quot;:0}}\" data-sheets-hyperlink=\"http:\/\/www.skoda-auto.pl\/\"><a class=\"in-cell-link\" href=\"http:\/\/www.skoda-auto.pl\/\" target=\"_blank\" rel=\"noopener noreferrer\">Artyku\u0142 powsta\u0142 we wsp\u00f3\u0142pracy ze skoda-auto.pl<\/a><\/span><\/p>\n<p><a href=\"https:\/\/sklep.skoda.pl\/pl\/sklep\/b\/331\/rowery-i-akcesoria-rowery.html\"><img loading=\"lazy\" decoding=\"async\" class=\"aligncenter wp-image-9608 size-full loading\" src=\"https:\/\/d2p6e6u75xmxt8.cloudfront.net\/5\/2019\/08\/baner_WLC_640x350_3.png\" sizes=\"auto, (max-width: 640px) 100vw, 640px\" srcset=\"https:\/\/d2p6e6u75xmxt8.cloudfront.net\/5\/2019\/08\/baner_WLC_640x350_3.png 640w, https:\/\/d2p6e6u75xmxt8.cloudfront.net\/5\/2019\/08\/baner_WLC_640x350_3-300x164.png 300w\" alt=\"\" width=\"640\" height=\"350\" data-was-processed=\"true\" \/><\/a><\/p>\n","protected":false},"excerpt":{"rendered":"<p>Dni s\u0105 coraz d\u0142u\u017csze, a przed nami wakacje. Bez w\u0105tpienia nadchodzi czas wzmo\u017conego ruchu rowerowego ca\u0142ych rodzin. O ile zima [&hellip;]<\/p>\n","protected":false},"author":153,"featured_media":12902,"comment_status":"open","ping_status":"open","sticky":false,"template":"","format":"standard","meta":{"footnotes":""},"categories":[203],"tags":[108],"global-categories":[303],"class_list":["post-12901","post","type-post","status-publish","format-standard","has-post-thumbnail","hentry","category-bartosz-huzarski","tag-bartosz-huzarski","global-categories-cycling"],"yoast_head":"<!-- This site is optimized with the Yoast SEO Premium plugin v25.3 (Yoast SEO v25.9) - https:\/\/yoast.com\/wordpress\/plugins\/seo\/ -->\n<title>Z dzieckiem na wycieczk\u0119\u2026 Tak, ale w czym je przewie\u017a\u0107? - \u0160koda We Love Cycling - Poland<\/title>\n<meta name=\"robots\" content=\"index, follow, max-snippet:-1, max-image-preview:large, max-video-preview:-1\" \/>\n<link rel=\"canonical\" href=\"https:\/\/www.welovecycling.com\/pl\/2022\/05\/31\/z-dzieckiem-na-wycieczke-tak-ale-w-czym-je-przewiezc\/\" \/>\n<meta property=\"og:locale\" content=\"pl_PL\" \/>\n<meta property=\"og:type\" content=\"article\" \/>\n<meta property=\"og:title\" content=\"Z dzieckiem na wycieczk\u0119\u2026 Tak, ale w czym je przewie\u017a\u0107?\" \/>\n<meta property=\"og:description\" content=\"Dni s\u0105 coraz d\u0142u\u017csze, a przed nami wakacje. Bez w\u0105tpienia nadchodzi czas wzmo\u017conego ruchu rowerowego ca\u0142ych rodzin. O ile zima [&hellip;]\" \/>\n<meta property=\"og:url\" content=\"https:\/\/www.welovecycling.com\/pl\/2022\/05\/31\/z-dzieckiem-na-wycieczke-tak-ale-w-czym-je-przewiezc\/\" \/>\n<meta property=\"og:site_name\" content=\"\u0160koda We Love Cycling - Poland\" \/>\n<meta property=\"article:published_time\" content=\"2022-05-31T12:42:51+00:00\" \/>\n<meta property=\"article:modified_time\" content=\"2022-05-31T14:07:15+00:00\" \/>\n<meta property=\"og:image\" content=\"https:\/\/d2p6e6u75xmxt8.cloudfront.net\/5\/2022\/05\/99ac3a8e-b6f1-4497-9ea5-2b5248f69d36.png\" \/>\n\t<meta property=\"og:image:width\" content=\"1423\" \/>\n\t<meta property=\"og:image:height\" content=\"800\" \/>\n\t<meta property=\"og:image:type\" content=\"image\/png\" \/>\n<meta name=\"author\" content=\"rafal\" \/>\n<meta name=\"twitter:card\" content=\"summary_large_image\" \/>\n<meta name=\"twitter:label1\" content=\"Written by\" \/>\n\t<meta name=\"twitter:data1\" content=\"Bartosz Huzarski\" \/>\n\t<meta name=\"twitter:label2\" content=\"Est. reading time\" \/>\n\t<meta name=\"twitter:data2\" content=\"3 minutes\" \/>\n<script type=\"application\/ld+json\" class=\"yoast-schema-graph\">{\"@context\":\"https:\/\/schema.org\",\"@graph\":[{\"@type\":\"WebPage\",\"@id\":\"https:\/\/www.welovecycling.com\/pl\/2022\/05\/31\/z-dzieckiem-na-wycieczke-tak-ale-w-czym-je-przewiezc\/\",\"url\":\"https:\/\/www.welovecycling.com\/pl\/2022\/05\/31\/z-dzieckiem-na-wycieczke-tak-ale-w-czym-je-przewiezc\/\",\"name\":\"Z dzieckiem na wycieczk\u0119\u2026 Tak, ale w czym je przewie\u017a\u0107? - \u0160koda We Love Cycling - Poland\",\"isPartOf\":{\"@id\":\"https:\/\/www.welovecycling.com\/pl\/#website\"},\"primaryImageOfPage\":{\"@id\":\"https:\/\/www.welovecycling.com\/pl\/2022\/05\/31\/z-dzieckiem-na-wycieczke-tak-ale-w-czym-je-przewiezc\/#primaryimage\"},\"image\":{\"@id\":\"https:\/\/www.welovecycling.com\/pl\/2022\/05\/31\/z-dzieckiem-na-wycieczke-tak-ale-w-czym-je-przewiezc\/#primaryimage\"},\"thumbnailUrl\":\"https:\/\/d2p6e6u75xmxt8.cloudfront.net\/5\/2022\/05\/99ac3a8e-b6f1-4497-9ea5-2b5248f69d36.png\",\"datePublished\":\"2022-05-31T12:42:51+00:00\",\"dateModified\":\"2022-05-31T14:07:15+00:00\",\"author\":{\"@id\":\"https:\/\/www.welovecycling.com\/pl\/#\/schema\/person\/bf06ed916a1ef16618807fb60d2ebe42\"},\"breadcrumb\":{\"@id\":\"https:\/\/www.welovecycling.com\/pl\/2022\/05\/31\/z-dzieckiem-na-wycieczke-tak-ale-w-czym-je-przewiezc\/#breadcrumb\"},\"inLanguage\":\"pl-PL\",\"potentialAction\":[{\"@type\":\"ReadAction\",\"target\":[\"https:\/\/www.welovecycling.com\/pl\/2022\/05\/31\/z-dzieckiem-na-wycieczke-tak-ale-w-czym-je-przewiezc\/\"]}]},{\"@type\":\"ImageObject\",\"inLanguage\":\"pl-PL\",\"@id\":\"https:\/\/www.welovecycling.com\/pl\/2022\/05\/31\/z-dzieckiem-na-wycieczke-tak-ale-w-czym-je-przewiezc\/#primaryimage\",\"url\":\"https:\/\/d2p6e6u75xmxt8.cloudfront.net\/5\/2022\/05\/99ac3a8e-b6f1-4497-9ea5-2b5248f69d36.png\",\"contentUrl\":\"https:\/\/d2p6e6u75xmxt8.cloudfront.net\/5\/2022\/05\/99ac3a8e-b6f1-4497-9ea5-2b5248f69d36.png\",\"width\":1423,\"height\":800},{\"@type\":\"BreadcrumbList\",\"@id\":\"https:\/\/www.welovecycling.com\/pl\/2022\/05\/31\/z-dzieckiem-na-wycieczke-tak-ale-w-czym-je-przewiezc\/#breadcrumb\",\"itemListElement\":[{\"@type\":\"ListItem\",\"position\":1,\"name\":\"Home\",\"item\":\"https:\/\/www.welovecycling.com\/pl\/\"},{\"@type\":\"ListItem\",\"position\":2,\"name\":\"Z dzieckiem na wycieczk\u0119\u2026 Tak, ale w czym je przewie\u017a\u0107?\"}]},{\"@type\":\"WebSite\",\"@id\":\"https:\/\/www.welovecycling.com\/pl\/#website\",\"url\":\"https:\/\/www.welovecycling.com\/pl\/\",\"name\":\"\u0160koda We Love Cycling - Poland\",\"description\":\"\",\"potentialAction\":[{\"@type\":\"SearchAction\",\"target\":{\"@type\":\"EntryPoint\",\"urlTemplate\":\"https:\/\/www.welovecycling.com\/pl\/?s={search_term_string}\"},\"query-input\":{\"@type\":\"PropertyValueSpecification\",\"valueRequired\":true,\"valueName\":\"search_term_string\"}}],\"inLanguage\":\"pl-PL\"},{\"@type\":\"Person\",\"@id\":\"https:\/\/www.welovecycling.com\/pl\/#\/schema\/person\/bf06ed916a1ef16618807fb60d2ebe42\",\"name\":\"rafal\",\"image\":{\"@type\":\"ImageObject\",\"inLanguage\":\"pl-PL\",\"@id\":\"https:\/\/www.welovecycling.com\/pl\/#\/schema\/person\/image\/\",\"url\":\"https:\/\/secure.gravatar.com\/avatar\/203f240e63bee214f6f3a0dacbeb600c7829c09716c2b9ee3230c6961debcde2?s=96&d=mm&r=g\",\"contentUrl\":\"https:\/\/secure.gravatar.com\/avatar\/203f240e63bee214f6f3a0dacbeb600c7829c09716c2b9ee3230c6961debcde2?s=96&d=mm&r=g\",\"caption\":\"rafal\"},\"url\":\"https:\/\/www.welovecycling.com\/pl\/author\/rafal\/\"}]}<\/script>\n<!-- \/ Yoast SEO Premium plugin. -->","yoast_head_json":{"title":"Z dzieckiem na wycieczk\u0119\u2026 Tak, ale w czym je przewie\u017a\u0107? - \u0160koda We Love Cycling - Poland","robots":{"index":"index","follow":"follow","max-snippet":"max-snippet:-1","max-image-preview":"max-image-preview:large","max-video-preview":"max-video-preview:-1"},"canonical":"https:\/\/www.welovecycling.com\/pl\/2022\/05\/31\/z-dzieckiem-na-wycieczke-tak-ale-w-czym-je-przewiezc\/","og_locale":"pl_PL","og_type":"article","og_title":"Z dzieckiem na wycieczk\u0119\u2026 Tak, ale w czym je przewie\u017a\u0107?","og_description":"Dni s\u0105 coraz d\u0142u\u017csze, a przed nami wakacje. Bez w\u0105tpienia nadchodzi czas wzmo\u017conego ruchu rowerowego ca\u0142ych rodzin. O ile zima [&hellip;]","og_url":"https:\/\/www.welovecycling.com\/pl\/2022\/05\/31\/z-dzieckiem-na-wycieczke-tak-ale-w-czym-je-przewiezc\/","og_site_name":"\u0160koda We Love Cycling - Poland","article_published_time":"2022-05-31T12:42:51+00:00","article_modified_time":"2022-05-31T14:07:15+00:00","og_image":[{"width":1423,"height":800,"url":"https:\/\/d2p6e6u75xmxt8.cloudfront.net\/5\/2022\/05\/99ac3a8e-b6f1-4497-9ea5-2b5248f69d36.png","type":"image\/png"}],"author":"rafal","twitter_card":"summary_large_image","twitter_misc":{"Written by":"Bartosz Huzarski","Est. reading time":"3 minutes"},"schema":{"@context":"https:\/\/schema.org","@graph":[{"@type":"WebPage","@id":"https:\/\/www.welovecycling.com\/pl\/2022\/05\/31\/z-dzieckiem-na-wycieczke-tak-ale-w-czym-je-przewiezc\/","url":"https:\/\/www.welovecycling.com\/pl\/2022\/05\/31\/z-dzieckiem-na-wycieczke-tak-ale-w-czym-je-przewiezc\/","name":"Z dzieckiem na wycieczk\u0119\u2026 Tak, ale w czym je przewie\u017a\u0107? - \u0160koda We Love Cycling - Poland","isPartOf":{"@id":"https:\/\/www.welovecycling.com\/pl\/#website"},"primaryImageOfPage":{"@id":"https:\/\/www.welovecycling.com\/pl\/2022\/05\/31\/z-dzieckiem-na-wycieczke-tak-ale-w-czym-je-przewiezc\/#primaryimage"},"image":{"@id":"https:\/\/www.welovecycling.com\/pl\/2022\/05\/31\/z-dzieckiem-na-wycieczke-tak-ale-w-czym-je-przewiezc\/#primaryimage"},"thumbnailUrl":"https:\/\/d2p6e6u75xmxt8.cloudfront.net\/5\/2022\/05\/99ac3a8e-b6f1-4497-9ea5-2b5248f69d36.png","datePublished":"2022-05-31T12:42:51+00:00","dateModified":"2022-05-31T14:07:15+00:00","author":{"@id":"https:\/\/www.welovecycling.com\/pl\/#\/schema\/person\/bf06ed916a1ef16618807fb60d2ebe42"},"breadcrumb":{"@id":"https:\/\/www.welovecycling.com\/pl\/2022\/05\/31\/z-dzieckiem-na-wycieczke-tak-ale-w-czym-je-przewiezc\/#breadcrumb"},"inLanguage":"pl-PL","potentialAction":[{"@type":"ReadAction","target":["https:\/\/www.welovecycling.com\/pl\/2022\/05\/31\/z-dzieckiem-na-wycieczke-tak-ale-w-czym-je-przewiezc\/"]}]},{"@type":"ImageObject","inLanguage":"pl-PL","@id":"https:\/\/www.welovecycling.com\/pl\/2022\/05\/31\/z-dzieckiem-na-wycieczke-tak-ale-w-czym-je-przewiezc\/#primaryimage","url":"https:\/\/d2p6e6u75xmxt8.cloudfront.net\/5\/2022\/05\/99ac3a8e-b6f1-4497-9ea5-2b5248f69d36.png","contentUrl":"https:\/\/d2p6e6u75xmxt8.cloudfront.net\/5\/2022\/05\/99ac3a8e-b6f1-4497-9ea5-2b5248f69d36.png","width":1423,"height":800},{"@type":"BreadcrumbList","@id":"https:\/\/www.welovecycling.com\/pl\/2022\/05\/31\/z-dzieckiem-na-wycieczke-tak-ale-w-czym-je-przewiezc\/#breadcrumb","itemListElement":[{"@type":"ListItem","position":1,"name":"Home","item":"https:\/\/www.welovecycling.com\/pl\/"},{"@type":"ListItem","position":2,"name":"Z dzieckiem na wycieczk\u0119\u2026 Tak, ale w czym je przewie\u017a\u0107?"}]},{"@type":"WebSite","@id":"https:\/\/www.welovecycling.com\/pl\/#website","url":"https:\/\/www.welovecycling.com\/pl\/","name":"\u0160koda We Love Cycling - Poland","description":"","potentialAction":[{"@type":"SearchAction","target":{"@type":"EntryPoint","urlTemplate":"https:\/\/www.welovecycling.com\/pl\/?s={search_term_string}"},"query-input":{"@type":"PropertyValueSpecification","valueRequired":true,"valueName":"search_term_string"}}],"inLanguage":"pl-PL"},{"@type":"Person","@id":"https:\/\/www.welovecycling.com\/pl\/#\/schema\/person\/bf06ed916a1ef16618807fb60d2ebe42","name":"rafal","image":{"@type":"ImageObject","inLanguage":"pl-PL","@id":"https:\/\/www.welovecycling.com\/pl\/#\/schema\/person\/image\/","url":"https:\/\/secure.gravatar.com\/avatar\/203f240e63bee214f6f3a0dacbeb600c7829c09716c2b9ee3230c6961debcde2?s=96&d=mm&r=g","contentUrl":"https:\/\/secure.gravatar.com\/avatar\/203f240e63bee214f6f3a0dacbeb600c7829c09716c2b9ee3230c6961debcde2?s=96&d=mm&r=g","caption":"rafal"},"url":"https:\/\/www.welovecycling.com\/pl\/author\/rafal\/"}]}},"_links":{"self":[{"href":"https:\/\/www.welovecycling.com\/pl\/wp-json\/wp\/v2\/posts\/12901","targetHints":{"allow":["GET"]}}],"collection":[{"href":"https:\/\/www.welovecycling.com\/pl\/wp-json\/wp\/v2\/posts"}],"about":[{"href":"https:\/\/www.welovecycling.com\/pl\/wp-json\/wp\/v2\/types\/post"}],"author":[{"embeddable":true,"href":"https:\/\/www.welovecycling.com\/pl\/wp-json\/wp\/v2\/users\/153"}],"replies":[{"embeddable":true,"href":"https:\/\/www.welovecycling.com\/pl\/wp-json\/wp\/v2\/comments?post=12901"}],"version-history":[{"count":2,"href":"https:\/\/www.welovecycling.com\/pl\/wp-json\/wp\/v2\/posts\/12901\/revisions"}],"predecessor-version":[{"id":12904,"href":"https:\/\/www.welovecycling.com\/pl\/wp-json\/wp\/v2\/posts\/12901\/revisions\/12904"}],"wp:featuredmedia":[{"embeddable":true,"href":"https:\/\/www.welovecycling.com\/pl\/wp-json\/wp\/v2\/media\/12902"}],"wp:attachment":[{"href":"https:\/\/www.welovecycling.com\/pl\/wp-json\/wp\/v2\/media?parent=12901"}],"wp:term":[{"taxonomy":"category","embeddable":true,"href":"https:\/\/www.welovecycling.com\/pl\/wp-json\/wp\/v2\/categories?post=12901"},{"taxonomy":"post_tag","embeddable":true,"href":"https:\/\/www.welovecycling.com\/pl\/wp-json\/wp\/v2\/tags?post=12901"},{"taxonomy":"global-categories","embeddable":true,"href":"https:\/\/www.welovecycling.com\/pl\/wp-json\/wp\/v2\/global-categories?post=12901"}],"curies":[{"name":"wp","href":"https:\/\/api.w.org\/{rel}","templated":true}]}}