{"id":1290,"date":"2016-07-01T09:58:57","date_gmt":"2016-07-01T09:58:57","guid":{"rendered":"http:\/\/skoda-rowery.pl\/?p=1290"},"modified":"2016-12-05T08:49:40","modified_gmt":"2016-12-05T08:49:40","slug":"tour-de-france-10-fascynujacych-faktow","status":"publish","type":"post","link":"https:\/\/www.welovecycling.com\/pl\/2016\/07\/01\/tour-de-france-10-fascynujacych-faktow\/","title":{"rendered":"Tour de France \u2013 10 fascynuj\u0105cych fakt\u00f3w"},"content":{"rendered":"<p style=\"text-align: justify\">Pierwszy Tour de France odby\u0142 si\u0119 w 1903 roku w celu promowania L\u2019Auto, magazynu sportowego po\u015bwi\u0119conego szczeg\u00f3lnie wy\u015bcigom samochodowym. Samochody i rowery od bardzo dawna z powodzeniem stanowi\u0105 najpopularniejsze \u015brodki transportu. Dzi\u015b jest to bez w\u0105tpienia najwi\u0119ksze \u015bwi\u0119to kolarstwa na \u015bwiecie, i mimo, \u017ce oficjalne dane s\u0105 r\u00f3\u017cne, to na og\u00f3\u0142 uwa\u017ca si\u0119, \u017ce ka\u017cdego roku ponad miliard ludzi ogl\u0105da La Grande Boucle. Poznaj 10 fascynuj\u0105cych fakt\u00f3w na temat legendarnego wy\u015bcigu!<!--more--><\/p>\n<p style=\"text-align: justify\">1. Tour de France w 1904 r. o ma\u0142o nie doszed\u0142by do skutku. Pog\u0142oski o oszukiwaniu przez faworyta wy\u015bcigu, Maurice&#8217;a Gavina, sprawi\u0142y, \u017ce ca\u0142y samoch\u00f3d bandyt\u00f3w zaatakowa\u0142 go na Col de la R\u00e9public &#8211; chcieli, by etap wygra\u0142 lokalny faworyt Antoine Faure.<\/p>\n<p style=\"text-align: justify\">2. Pierwszy organizator wy\u015bcigu, Henri Desgrange, nalega\u0142, by kolarze naprawiali swoje rowery i ko\u0144czyli wy\u015bcig na tym samym rowerze, na kt\u00f3rym go zacz\u0119li. Wczesne fotografie pokazuj\u0105 kolarzy z oponami zapasowych na szyjach i ko\u0142ami przywi\u0105zanymi do plecach.<\/p>\n<p><img loading=\"lazy\" decoding=\"async\" class=\"size-large wp-image-1292\" src=\"http:\/\/skoda-rowery.pl\/wp-content\/uploads\/2016\/07\/profimedia-0285654347-1024x827.jpg\" alt=\"Frenchman Andre Leducq rides during the 10th stage of the Tour de France between Luchon and Perpignan on July 12, 1930. Leducq finished second of the stage won by his compatriot Charles Pelissier but went on to capture his first Tour de France's victory in Paris., Image: 285654347, License: Rights-managed, Restrictions: , Model Release: no, Credit line: Profimedia, AFP\" width=\"1024\" height=\"827\" srcset=\"https:\/\/d2p6e6u75xmxt8.cloudfront.net\/5\/2016\/07\/profimedia-0285654347-1024x827.jpg 1024w, https:\/\/d2p6e6u75xmxt8.cloudfront.net\/5\/2016\/07\/profimedia-0285654347-300x242.jpg 300w, https:\/\/d2p6e6u75xmxt8.cloudfront.net\/5\/2016\/07\/profimedia-0285654347-768x620.jpg 768w, https:\/\/d2p6e6u75xmxt8.cloudfront.net\/5\/2016\/07\/profimedia-0285654347.jpg 1800w\" sizes=\"auto, (max-width: 1024px) 100vw, 1024px\" \/><\/p>\n<p style=\"text-align: justify\">\n<p style=\"text-align: justify\">3. Desgrange by\u0142 raczej tradycjonalist\u0105 i nie podoba\u0142 mu si\u0119 pomys\u0142 u\u017cywania przerzutek czy k\u00f3\u0142 metalowych &#8211; dlatego kolarze je\u017adzili na drewnianych ko\u0142ach z nadziej\u0105, \u017ce nie wypacz\u0105 si\u0119 podczas zawod\u00f3w. Desgrange w ko\u0144cu pozwoli\u0142 na przerzutki w 1937 roku.<\/p>\n<p><img loading=\"lazy\" decoding=\"async\" class=\"size-large wp-image-1295\" src=\"http:\/\/skoda-rowery.pl\/wp-content\/uploads\/2016\/07\/profimedia-0285654362-1024x729.jpg\" alt=\"Swiss racing cyclist Georges Antenen picks himself up after falling on the 12th stage Gap-Grenoble of the 26th Tour de France, on July 22, 1932., Image: 285654362, License: Rights-managed, Restrictions: , Model Release: no, Credit line: Profimedia, AFP\" width=\"1024\" height=\"729\" srcset=\"https:\/\/d2p6e6u75xmxt8.cloudfront.net\/5\/2016\/07\/profimedia-0285654362-1024x729.jpg 1024w, https:\/\/d2p6e6u75xmxt8.cloudfront.net\/5\/2016\/07\/profimedia-0285654362-300x214.jpg 300w, https:\/\/d2p6e6u75xmxt8.cloudfront.net\/5\/2016\/07\/profimedia-0285654362-768x547.jpg 768w, https:\/\/d2p6e6u75xmxt8.cloudfront.net\/5\/2016\/07\/profimedia-0285654362.jpg 1800w\" sizes=\"auto, (max-width: 1024px) 100vw, 1024px\" \/><\/p>\n<p style=\"text-align: justify\">4. Ponad 12 milion\u00f3w widz\u00f3w b\u0119dzie sta\u0142o wzd\u0142u\u017c ulic, udowadniaj\u0105c, \u017ce Tour de France to najwi\u0119ksze wydarzenie sportowe na \u015bwiecie.<\/p>\n<p style=\"text-align: justify\">5. W 3 tygodnie peleton wypije ponad 40 tys. litr\u00f3w wody. Wed\u0142ug sprawdzonego \u017ar\u00f3d\u0142a ka\u017cdy kolarz mo\u017ce wypi\u0107 nawet jeden lub dwa kieliszki czerwonego wina wieczorem przed ka\u017cdym dniem odpoczynku.<\/p>\n<p><img loading=\"lazy\" decoding=\"async\" class=\"size-large wp-image-1293\" src=\"http:\/\/skoda-rowery.pl\/wp-content\/uploads\/2016\/07\/profimedia-0068664955-1024x824.jpg\" alt=\"Italian Marco Pantani sprays water on his face as he is supported by a spectator in the Plateau de Beille climb during the 11th stage of the Tour de France, South of France, 22 July. (ELECTRONIC IMAGE)    AFP PHOTO, Image: 68664955, License: Rights-managed, Restrictions: , Model Release: no, Credit line: Profimedia, AFP\" width=\"1024\" height=\"824\" srcset=\"https:\/\/d2p6e6u75xmxt8.cloudfront.net\/5\/2016\/07\/profimedia-0068664955-1024x824.jpg 1024w, https:\/\/d2p6e6u75xmxt8.cloudfront.net\/5\/2016\/07\/profimedia-0068664955-300x241.jpg 300w, https:\/\/d2p6e6u75xmxt8.cloudfront.net\/5\/2016\/07\/profimedia-0068664955-768x618.jpg 768w, https:\/\/d2p6e6u75xmxt8.cloudfront.net\/5\/2016\/07\/profimedia-0068664955.jpg 1500w\" sizes=\"auto, (max-width: 1024px) 100vw, 1024px\" \/><\/p>\n<p style=\"text-align: justify\">6. Na Tour de France \u0160koda wysy\u0142a flot\u0119 250 samochod\u00f3w, a ka\u017cdego roku w ci\u0105gu tych trzech tygodni przeje\u017cd\u017caj\u0105 zazwyczaj ponad 2,8 miliona kilometr\u00f3w. Od 2004 r. ca\u0142kowity przebieg floty \u0160koda w Tour de France wynosi ponad 30 milion\u00f3w kilometr\u00f3w bez \u017cadnej awarii.<\/p>\n<p>7. Dzie\u0144 przerwy nie jest dla zawodnik\u00f3w dniem odpoczynku &#8211; je\u017cd\u017c\u0105 wtedy przez oko\u0142o 2 godziny, aby wyp\u0142uka\u0107 kwas mlekowy.<\/p>\n<p style=\"text-align: justify\">8. Szacuje si\u0119, \u017ce na 21-dniowej trasie zawodowy kolarz wypoci wystarczaj\u0105c\u0105 ilo\u015b\u0107 p\u0142ynu, by sp\u0142uka\u0107 toalet\u0119 39 razy, a je\u015bli Jaguar mia\u0142y jecha\u0107 t\u0105 sam\u0105 tras\u0105, potrzebna do tego benzyna kosztowa\u0142aby ponad 400 \u00a3.<\/p>\n<p style=\"text-align: justify\">9. Od 1984 do 1993 roku odbywa\u0142 si\u0119 Tour de France kobiet &#8211; wraz ze wzrostem popularno\u015bci tego sportu wiele os\u00f3b liczy na jego przywr\u00f3cenie.<\/p>\n<p style=\"text-align: justify\">10. Zawodnicy musz\u0105 spo\u017cywa\u0107 oko\u0142o 8000 kalorii dziennie, aby utrzyma\u0107 mas\u0119 cia\u0142a i odpowiedni poziom energii. \u015aniadanie i przek\u0105ska przed startem maj\u0105 oko\u0142o 1000 kalorii, nast\u0119pnych 1500 spo\u017cywanych jest na rowerze podczas wy\u015bcigu, a nast\u0119pnie kolacja i wieczorne przek\u0105ski dostarczaj\u0105 dalszych 5500 kalorii.<\/p>\n<p><img loading=\"lazy\" decoding=\"async\" class=\"size-large wp-image-1294\" src=\"http:\/\/skoda-rowery.pl\/wp-content\/uploads\/2016\/07\/profimedia-0253752839-1024x800.jpg\" alt=\"Astana Pro team rider Vincenzo Nibali (R) of Italy is on his way to win the 19th stage of the 102nd edition of the Tour de France 2015 cycling race over 138km between Saint-Jean-de-Maurienne and La Toussuire - Les Sybelles, France, 24 July 2015., Image: 253752839, License: Rights-managed, Restrictions: , Model Release: no, Credit line: Profimedia, TEMP EPA\" width=\"1024\" height=\"800\" srcset=\"https:\/\/d2p6e6u75xmxt8.cloudfront.net\/5\/2016\/07\/profimedia-0253752839-1024x800.jpg 1024w, https:\/\/d2p6e6u75xmxt8.cloudfront.net\/5\/2016\/07\/profimedia-0253752839-300x234.jpg 300w, https:\/\/d2p6e6u75xmxt8.cloudfront.net\/5\/2016\/07\/profimedia-0253752839-768x600.jpg 768w, https:\/\/d2p6e6u75xmxt8.cloudfront.net\/5\/2016\/07\/profimedia-0253752839.jpg 1800w\" sizes=\"auto, (max-width: 1024px) 100vw, 1024px\" \/><\/p>\n<p style=\"text-align: justify\">\u0160koda nap\u0119dza Tour de France. Ze wszystkimi, kt\u00f3rzy tak jak my kibicuj\u0105 kolarzom Wielkiej P\u0119tli, \u0142\u0105czy nas kolarska pasja.<\/p>\n","protected":false},"excerpt":{"rendered":"<p>Pierwszy Tour de France odby\u0142 si\u0119 w 1903 roku w celu promowania L\u2019Auto, magazynu sportowego po\u015bwi\u0119conego szczeg\u00f3lnie wy\u015bcigom samochodowym. Samochody [&hellip;]<\/p>\n","protected":false},"author":1,"featured_media":1291,"comment_status":"open","ping_status":"closed","sticky":false,"template":"","format":"standard","meta":{"footnotes":""},"categories":[1],"tags":[66,77],"global-categories":[],"class_list":["post-1290","post","type-post","status-publish","format-standard","has-post-thumbnail","hentry","category-uncategorized","tag-skodanapedzarowery","tag-tour-de-france"],"yoast_head":"<!-- This site is optimized with the Yoast SEO Premium plugin v25.3 (Yoast SEO v25.9) - https:\/\/yoast.com\/wordpress\/plugins\/seo\/ -->\n<title>Tour de France \u2013 10 fascynuj\u0105cych fakt\u00f3w - \u0160koda We Love Cycling - Poland<\/title>\n<meta name=\"robots\" content=\"index, follow, max-snippet:-1, max-image-preview:large, max-video-preview:-1\" \/>\n<link rel=\"canonical\" href=\"https:\/\/www.welovecycling.com\/pl\/2016\/07\/01\/tour-de-france-10-fascynujacych-faktow\/\" \/>\n<meta property=\"og:locale\" content=\"pl_PL\" \/>\n<meta property=\"og:type\" content=\"article\" \/>\n<meta property=\"og:title\" content=\"Tour de France \u2013 10 fascynuj\u0105cych fakt\u00f3w\" \/>\n<meta property=\"og:description\" content=\"Pierwszy Tour de France odby\u0142 si\u0119 w 1903 roku w celu promowania L\u2019Auto, magazynu sportowego po\u015bwi\u0119conego szczeg\u00f3lnie wy\u015bcigom samochodowym. Samochody [&hellip;]\" \/>\n<meta property=\"og:url\" content=\"https:\/\/www.welovecycling.com\/pl\/2016\/07\/01\/tour-de-france-10-fascynujacych-faktow\/\" \/>\n<meta property=\"og:site_name\" content=\"\u0160koda We Love Cycling - Poland\" \/>\n<meta property=\"article:published_time\" content=\"2016-07-01T09:58:57+00:00\" \/>\n<meta property=\"article:modified_time\" content=\"2016-12-05T08:49:40+00:00\" \/>\n<meta property=\"og:image\" content=\"https:\/\/d2p6e6u75xmxt8.cloudfront.net\/5\/2016\/07\/profimedia-0003504691.jpg\" \/>\n\t<meta property=\"og:image:width\" content=\"1800\" \/>\n\t<meta property=\"og:image:height\" content=\"1199\" \/>\n\t<meta property=\"og:image:type\" content=\"image\/jpeg\" \/>\n<meta name=\"author\" content=\"WeLoveCycling\" \/>\n<meta name=\"twitter:card\" content=\"summary_large_image\" \/>\n<meta name=\"twitter:label1\" content=\"Written by\" \/>\n\t<meta name=\"twitter:data1\" content=\"WeLoveCycling\" \/>\n\t<meta name=\"twitter:label2\" content=\"Est. reading time\" \/>\n\t<meta name=\"twitter:data2\" content=\"2 minutes\" \/>\n<script type=\"application\/ld+json\" class=\"yoast-schema-graph\">{\"@context\":\"https:\/\/schema.org\",\"@graph\":[{\"@type\":\"WebPage\",\"@id\":\"https:\/\/www.welovecycling.com\/pl\/2016\/07\/01\/tour-de-france-10-fascynujacych-faktow\/\",\"url\":\"https:\/\/www.welovecycling.com\/pl\/2016\/07\/01\/tour-de-france-10-fascynujacych-faktow\/\",\"name\":\"Tour de France \u2013 10 fascynuj\u0105cych fakt\u00f3w - \u0160koda We Love Cycling - Poland\",\"isPartOf\":{\"@id\":\"https:\/\/www.welovecycling.com\/pl\/#website\"},\"primaryImageOfPage\":{\"@id\":\"https:\/\/www.welovecycling.com\/pl\/2016\/07\/01\/tour-de-france-10-fascynujacych-faktow\/#primaryimage\"},\"image\":{\"@id\":\"https:\/\/www.welovecycling.com\/pl\/2016\/07\/01\/tour-de-france-10-fascynujacych-faktow\/#primaryimage\"},\"thumbnailUrl\":\"https:\/\/d2p6e6u75xmxt8.cloudfront.net\/5\/2016\/07\/profimedia-0003504691.jpg\",\"datePublished\":\"2016-07-01T09:58:57+00:00\",\"dateModified\":\"2016-12-05T08:49:40+00:00\",\"author\":{\"@id\":\"https:\/\/www.welovecycling.com\/pl\/#\/schema\/person\/e5187c9cac8dd619ebc7b41bd73c2fd9\"},\"breadcrumb\":{\"@id\":\"https:\/\/www.welovecycling.com\/pl\/2016\/07\/01\/tour-de-france-10-fascynujacych-faktow\/#breadcrumb\"},\"inLanguage\":\"pl-PL\",\"potentialAction\":[{\"@type\":\"ReadAction\",\"target\":[\"https:\/\/www.welovecycling.com\/pl\/2016\/07\/01\/tour-de-france-10-fascynujacych-faktow\/\"]}]},{\"@type\":\"ImageObject\",\"inLanguage\":\"pl-PL\",\"@id\":\"https:\/\/www.welovecycling.com\/pl\/2016\/07\/01\/tour-de-france-10-fascynujacych-faktow\/#primaryimage\",\"url\":\"https:\/\/d2p6e6u75xmxt8.cloudfront.net\/5\/2016\/07\/profimedia-0003504691.jpg\",\"contentUrl\":\"https:\/\/d2p6e6u75xmxt8.cloudfront.net\/5\/2016\/07\/profimedia-0003504691.jpg\",\"width\":1800,\"height\":1199,\"caption\":\", Image: 3504691, License: Rights-managed, Restrictions: , Model Release: no, Credit line: Profimedia, Alamy\"},{\"@type\":\"BreadcrumbList\",\"@id\":\"https:\/\/www.welovecycling.com\/pl\/2016\/07\/01\/tour-de-france-10-fascynujacych-faktow\/#breadcrumb\",\"itemListElement\":[{\"@type\":\"ListItem\",\"position\":1,\"name\":\"Home\",\"item\":\"https:\/\/www.welovecycling.com\/pl\/\"},{\"@type\":\"ListItem\",\"position\":2,\"name\":\"Tour de France \u2013 10 fascynuj\u0105cych fakt\u00f3w\"}]},{\"@type\":\"WebSite\",\"@id\":\"https:\/\/www.welovecycling.com\/pl\/#website\",\"url\":\"https:\/\/www.welovecycling.com\/pl\/\",\"name\":\"\u0160koda We Love Cycling - Poland\",\"description\":\"\",\"potentialAction\":[{\"@type\":\"SearchAction\",\"target\":{\"@type\":\"EntryPoint\",\"urlTemplate\":\"https:\/\/www.welovecycling.com\/pl\/?s={search_term_string}\"},\"query-input\":{\"@type\":\"PropertyValueSpecification\",\"valueRequired\":true,\"valueName\":\"search_term_string\"}}],\"inLanguage\":\"pl-PL\"},{\"@type\":\"Person\",\"@id\":\"https:\/\/www.welovecycling.com\/pl\/#\/schema\/person\/e5187c9cac8dd619ebc7b41bd73c2fd9\",\"name\":\"WeLoveCycling\",\"image\":{\"@type\":\"ImageObject\",\"inLanguage\":\"pl-PL\",\"@id\":\"https:\/\/www.welovecycling.com\/pl\/#\/schema\/person\/image\/\",\"url\":\"https:\/\/secure.gravatar.com\/avatar\/7e1ee0ecc5e294b19ef32b9f6086e0afbb9da00c3cb0d465ba4695331f4a9187?s=96&d=mm&r=g\",\"contentUrl\":\"https:\/\/secure.gravatar.com\/avatar\/7e1ee0ecc5e294b19ef32b9f6086e0afbb9da00c3cb0d465ba4695331f4a9187?s=96&d=mm&r=g\",\"caption\":\"WeLoveCycling\"},\"url\":\"https:\/\/www.welovecycling.com\/pl\/author\/lukascech\/\"}]}<\/script>\n<!-- \/ Yoast SEO Premium plugin. -->","yoast_head_json":{"title":"Tour de France \u2013 10 fascynuj\u0105cych fakt\u00f3w - \u0160koda We Love Cycling - Poland","robots":{"index":"index","follow":"follow","max-snippet":"max-snippet:-1","max-image-preview":"max-image-preview:large","max-video-preview":"max-video-preview:-1"},"canonical":"https:\/\/www.welovecycling.com\/pl\/2016\/07\/01\/tour-de-france-10-fascynujacych-faktow\/","og_locale":"pl_PL","og_type":"article","og_title":"Tour de France \u2013 10 fascynuj\u0105cych fakt\u00f3w","og_description":"Pierwszy Tour de France odby\u0142 si\u0119 w 1903 roku w celu promowania L\u2019Auto, magazynu sportowego po\u015bwi\u0119conego szczeg\u00f3lnie wy\u015bcigom samochodowym. Samochody [&hellip;]","og_url":"https:\/\/www.welovecycling.com\/pl\/2016\/07\/01\/tour-de-france-10-fascynujacych-faktow\/","og_site_name":"\u0160koda We Love Cycling - Poland","article_published_time":"2016-07-01T09:58:57+00:00","article_modified_time":"2016-12-05T08:49:40+00:00","og_image":[{"width":1800,"height":1199,"url":"https:\/\/d2p6e6u75xmxt8.cloudfront.net\/5\/2016\/07\/profimedia-0003504691.jpg","type":"image\/jpeg"}],"author":"WeLoveCycling","twitter_card":"summary_large_image","twitter_misc":{"Written by":"WeLoveCycling","Est. reading time":"2 minutes"},"schema":{"@context":"https:\/\/schema.org","@graph":[{"@type":"WebPage","@id":"https:\/\/www.welovecycling.com\/pl\/2016\/07\/01\/tour-de-france-10-fascynujacych-faktow\/","url":"https:\/\/www.welovecycling.com\/pl\/2016\/07\/01\/tour-de-france-10-fascynujacych-faktow\/","name":"Tour de France \u2013 10 fascynuj\u0105cych fakt\u00f3w - \u0160koda We Love Cycling - Poland","isPartOf":{"@id":"https:\/\/www.welovecycling.com\/pl\/#website"},"primaryImageOfPage":{"@id":"https:\/\/www.welovecycling.com\/pl\/2016\/07\/01\/tour-de-france-10-fascynujacych-faktow\/#primaryimage"},"image":{"@id":"https:\/\/www.welovecycling.com\/pl\/2016\/07\/01\/tour-de-france-10-fascynujacych-faktow\/#primaryimage"},"thumbnailUrl":"https:\/\/d2p6e6u75xmxt8.cloudfront.net\/5\/2016\/07\/profimedia-0003504691.jpg","datePublished":"2016-07-01T09:58:57+00:00","dateModified":"2016-12-05T08:49:40+00:00","author":{"@id":"https:\/\/www.welovecycling.com\/pl\/#\/schema\/person\/e5187c9cac8dd619ebc7b41bd73c2fd9"},"breadcrumb":{"@id":"https:\/\/www.welovecycling.com\/pl\/2016\/07\/01\/tour-de-france-10-fascynujacych-faktow\/#breadcrumb"},"inLanguage":"pl-PL","potentialAction":[{"@type":"ReadAction","target":["https:\/\/www.welovecycling.com\/pl\/2016\/07\/01\/tour-de-france-10-fascynujacych-faktow\/"]}]},{"@type":"ImageObject","inLanguage":"pl-PL","@id":"https:\/\/www.welovecycling.com\/pl\/2016\/07\/01\/tour-de-france-10-fascynujacych-faktow\/#primaryimage","url":"https:\/\/d2p6e6u75xmxt8.cloudfront.net\/5\/2016\/07\/profimedia-0003504691.jpg","contentUrl":"https:\/\/d2p6e6u75xmxt8.cloudfront.net\/5\/2016\/07\/profimedia-0003504691.jpg","width":1800,"height":1199,"caption":", Image: 3504691, License: Rights-managed, Restrictions: , Model Release: no, Credit line: Profimedia, Alamy"},{"@type":"BreadcrumbList","@id":"https:\/\/www.welovecycling.com\/pl\/2016\/07\/01\/tour-de-france-10-fascynujacych-faktow\/#breadcrumb","itemListElement":[{"@type":"ListItem","position":1,"name":"Home","item":"https:\/\/www.welovecycling.com\/pl\/"},{"@type":"ListItem","position":2,"name":"Tour de France \u2013 10 fascynuj\u0105cych fakt\u00f3w"}]},{"@type":"WebSite","@id":"https:\/\/www.welovecycling.com\/pl\/#website","url":"https:\/\/www.welovecycling.com\/pl\/","name":"\u0160koda We Love Cycling - Poland","description":"","potentialAction":[{"@type":"SearchAction","target":{"@type":"EntryPoint","urlTemplate":"https:\/\/www.welovecycling.com\/pl\/?s={search_term_string}"},"query-input":{"@type":"PropertyValueSpecification","valueRequired":true,"valueName":"search_term_string"}}],"inLanguage":"pl-PL"},{"@type":"Person","@id":"https:\/\/www.welovecycling.com\/pl\/#\/schema\/person\/e5187c9cac8dd619ebc7b41bd73c2fd9","name":"WeLoveCycling","image":{"@type":"ImageObject","inLanguage":"pl-PL","@id":"https:\/\/www.welovecycling.com\/pl\/#\/schema\/person\/image\/","url":"https:\/\/secure.gravatar.com\/avatar\/7e1ee0ecc5e294b19ef32b9f6086e0afbb9da00c3cb0d465ba4695331f4a9187?s=96&d=mm&r=g","contentUrl":"https:\/\/secure.gravatar.com\/avatar\/7e1ee0ecc5e294b19ef32b9f6086e0afbb9da00c3cb0d465ba4695331f4a9187?s=96&d=mm&r=g","caption":"WeLoveCycling"},"url":"https:\/\/www.welovecycling.com\/pl\/author\/lukascech\/"}]}},"_links":{"self":[{"href":"https:\/\/www.welovecycling.com\/pl\/wp-json\/wp\/v2\/posts\/1290","targetHints":{"allow":["GET"]}}],"collection":[{"href":"https:\/\/www.welovecycling.com\/pl\/wp-json\/wp\/v2\/posts"}],"about":[{"href":"https:\/\/www.welovecycling.com\/pl\/wp-json\/wp\/v2\/types\/post"}],"author":[{"embeddable":true,"href":"https:\/\/www.welovecycling.com\/pl\/wp-json\/wp\/v2\/users\/1"}],"replies":[{"embeddable":true,"href":"https:\/\/www.welovecycling.com\/pl\/wp-json\/wp\/v2\/comments?post=1290"}],"version-history":[{"count":1,"href":"https:\/\/www.welovecycling.com\/pl\/wp-json\/wp\/v2\/posts\/1290\/revisions"}],"predecessor-version":[{"id":2442,"href":"https:\/\/www.welovecycling.com\/pl\/wp-json\/wp\/v2\/posts\/1290\/revisions\/2442"}],"wp:featuredmedia":[{"embeddable":true,"href":"https:\/\/www.welovecycling.com\/pl\/wp-json\/wp\/v2\/media\/1291"}],"wp:attachment":[{"href":"https:\/\/www.welovecycling.com\/pl\/wp-json\/wp\/v2\/media?parent=1290"}],"wp:term":[{"taxonomy":"category","embeddable":true,"href":"https:\/\/www.welovecycling.com\/pl\/wp-json\/wp\/v2\/categories?post=1290"},{"taxonomy":"post_tag","embeddable":true,"href":"https:\/\/www.welovecycling.com\/pl\/wp-json\/wp\/v2\/tags?post=1290"},{"taxonomy":"global-categories","embeddable":true,"href":"https:\/\/www.welovecycling.com\/pl\/wp-json\/wp\/v2\/global-categories?post=1290"}],"curies":[{"name":"wp","href":"https:\/\/api.w.org\/{rel}","templated":true}]}}