{"id":12893,"date":"2022-05-30T13:36:51","date_gmt":"2022-05-30T13:36:51","guid":{"rendered":"https:\/\/www.welovecycling.com\/pl\/?p=12893"},"modified":"2022-05-30T13:36:51","modified_gmt":"2022-05-30T13:36:51","slug":"teraz-albo-nigdy-piekna-historia-na-giro-ditalia","status":"publish","type":"post","link":"https:\/\/www.welovecycling.com\/pl\/2022\/05\/30\/teraz-albo-nigdy-piekna-historia-na-giro-ditalia\/","title":{"rendered":"\u201eTeraz albo nigdy\u201d! Pi\u0119kna historia na Giro d\u2019Italia"},"content":{"rendered":"<p><strong>Tak\u0105 jazd\u0105 przechodzi si\u0119 do historii! Jai Hindley (Bora\u2013Hansgrohe) na przedostatnim etapie wyrwa\u0142 prowadzenie Richardowi Carapazowi (Ineos Grenadiers) i wygra\u0142 105. Giro d\u2019Italia.<\/strong><\/p>\n<p>Je\u015bli kto\u015b chce wyt\u0142umaczy\u0107, na czym polega droga z kolarskiego nieba do piek\u0142a, to nie musi u\u017cywa\u0107 s\u0142\u00f3w. Wystarczy, \u017ce poka\u017ce sobotni etap Giro d\u2019Italia\u2026<\/p>\n<h2><strong>Teraz albo nigdy<\/strong><\/h2>\n<p>Wydawa\u0142o si\u0119, \u017ce Carapaz ma wszystko, by wygra\u0107 wy\u015bcig. Przed kluczowym tygodniem przej\u0105\u0142 koszulk\u0119 lidera i dzielnie wi\u00f3z\u0142 j\u0105 na plecach po g\u00f3rskich szczytach. Mia\u0142 wsparcie zespo\u0142u, ambicj\u0119 i do\u015bwiadczenie, ale Hindley depta\u0142 mu po pi\u0119tach. I w ko\u0144cu zaatakowa\u0142.<\/p>\n<div class=\"embed-controller-wrapper\">\n<blockquote class=\"twitter-tweet\" data-width=\"500\" data-dnt=\"true\">\n<p lang=\"it\" dir=\"ltr\">\ud83d\udc97 The day <a href=\"https:\/\/twitter.com\/JaiHindley?ref_src=twsrc%5Etfw\">@JaiHindley<\/a> tied his name to the Giro d&#39;Italia forever.<\/p>\n<p>\ud83d\udc97 Il giorno in cui <a href=\"https:\/\/twitter.com\/JaiHindley?ref_src=twsrc%5Etfw\">@JaiHindley<\/a> ha legato per sempre il suo nome al Giro d&#39;Italia.<a href=\"https:\/\/twitter.com\/hashtag\/Giro?src=hash&amp;ref_src=twsrc%5Etfw\">#Giro<\/a> <a href=\"https:\/\/t.co\/JUs9weaCZf\">pic.twitter.com\/JUs9weaCZf<\/a><\/p>\n<p>&mdash; Giro d&#39;Italia (@giroditalia) <a href=\"https:\/\/twitter.com\/giroditalia\/status\/1530948435905495040?ref_src=twsrc%5Etfw\">May 29, 2022<\/a><\/p><\/blockquote>\n<p><script async data-src=\"https:\/\/platform.twitter.com\/widgets.js\" charset=\"utf-8\"><\/script><\/div>\n<p>Australijczyk przed sobotnim etapem traci\u0142 tylko trzy sekundy do Carapaza. Ekwadorczyk kontrolowa\u0142 go jednak na kolejnych podjazdach i ca\u0142y czas mia\u0142 wszystko pod kontrol\u0105. Ze strony Hindleya by\u0142a to jednak tylko gra, a karty odkry\u0142 kilka kilometr\u00f3w przed met\u0105.<\/p>\n<p>Na jednym z fina\u0142owych podjazd\u00f3w Australijczyk zaatakowa\u0142, jakby ca\u0142e \u017cycie przygotowywa\u0142 si\u0119 na t\u0119 jedn\u0105 akcj\u0119. Wydawa\u0142o si\u0119, \u017ce Hindley zapomnia\u0142, \u017ce w nogach ma ju\u017c ponad 3 tys. kilometr\u00f3w przejechane w Giro d\u2019Italia, i z \u0142atwo\u015bci\u0105 min\u0105\u0142 Carapaza. Gdy Ekwadorczyk zobaczy\u0142, ile si\u0142 ma jeszcze jego rywal, poczu\u0142 rezygnacj\u0119.<\/p>\n<p>\u2013 Teraz albo nigdy \u2013 krzyczeli komentatorzy Eurosportu na widok szar\u017cuj\u0105cego Hindleya.<\/p>\n<div class=\"embed-controller-wrapper\">\n<blockquote class=\"twitter-tweet\" data-width=\"500\" data-dnt=\"true\">\n<p lang=\"en\" dir=\"ltr\">NOW OR NEVER!<a href=\"https:\/\/twitter.com\/hashtag\/Giro?src=hash&amp;ref_src=twsrc%5Etfw\">#Giro<\/a> <a href=\"https:\/\/t.co\/SopzHDN62m\">pic.twitter.com\/SopzHDN62m<\/a><\/p>\n<p>&mdash; Giro d&#39;Italia (@giroditalia) <a href=\"https:\/\/twitter.com\/giroditalia\/status\/1530566661195046914?ref_src=twsrc%5Etfw\">May 28, 2022<\/a><\/p><\/blockquote>\n<p><script async data-src=\"https:\/\/platform.twitter.com\/widgets.js\" charset=\"utf-8\"><\/script><\/div>\n<h2><strong>To wspania\u0142e uczucie<\/strong><\/h2>\n<p>Australijczyk zdeklasowa\u0142 Carapaza i przed ostatnim etapem mia\u0142 blisko p\u00f3\u0142torej minuty przewagi w klasyfikacji generalnej. W niedziel\u0119, podczas czas\u00f3wki, przypiecz\u0119towa\u0142 zwyci\u0119stwo.<\/p>\n<p>\u2013 Ta wygrana to wspania\u0142e uczucie, buzuj\u0105 we mnie niesamowite emocje. Z ty\u0142u g\u0142owy mia\u0142em to, co wydarzy\u0142o si\u0119 tutaj dwa lata temu [w 2020 r. Hindley da\u0142 sobie wydrze\u0107 wygran\u0105 w Giro d\u2019Italia na ostatnim etapie \u2013 przyp. red.] i robi\u0142em wszystko, by to si\u0119 nie powt\u00f3rzy\u0142o. To wszystko to co\u015b niesamowitego\u2026 Czu\u0142em si\u0119 mocny. Wiedzia\u0142em, \u017ce jestem w stanie wygra\u0107. Na ostatnim etapie na bie\u017c\u0105co informowano mnie, jak wygl\u0105da sytuacja, i wiedzia\u0142em, \u017ce idzie mi ca\u0142kiem dobrze. Jestem dumny, \u017ce zabieram to zwyci\u0119stwo do domu \u2013 m\u00f3wi\u0142 na mecie szcz\u0119\u015bliwy Hindley, kt\u00f3remu wygranej pogratulowa\u0142 sam Carapaz.<\/p>\n<div class=\"embed-controller-wrapper\">\n<blockquote class=\"twitter-tweet\" data-width=\"500\" data-dnt=\"true\">\n<p lang=\"en\" dir=\"ltr\">.<a href=\"https:\/\/twitter.com\/RichardCarapazM?ref_src=twsrc%5Etfw\">@RichardCarapazM<\/a> \ud83e\udd1d Jai Hindley<\/p>\n<p>Respect between racers \ud83d\ude4c <a href=\"https:\/\/twitter.com\/hashtag\/Giro?src=hash&amp;ref_src=twsrc%5Etfw\">#Giro<\/a> <a href=\"https:\/\/t.co\/wsv9gKwHzL\">pic.twitter.com\/wsv9gKwHzL<\/a><\/p>\n<p>&mdash; INEOS Grenadiers (@INEOSGrenadiers) <a href=\"https:\/\/twitter.com\/INEOSGrenadiers\/status\/1530937814401138689?ref_src=twsrc%5Etfw\">May 29, 2022<\/a><\/p><\/blockquote>\n<p><script async data-src=\"https:\/\/platform.twitter.com\/widgets.js\" charset=\"utf-8\"><\/script><\/div>\n<h2><strong>Mi\u0142o\u015b\u0107 do roweru zaszczepiona przez ojca<\/strong><\/h2>\n<p>To najwi\u0119kszy sukces w karierze 26-letniego zawodnika. Przygod\u0119 z kolarstwem zaczyna\u0142, \u015bcigaj\u0105c si\u0119 na torze, a mi\u0142o\u015b\u0107 do roweru zaszczepi\u0142 w nim ojciec. \u2013 Ju\u017c jako m\u0142ody ch\u0142opiec wiedzia\u0142em, \u017ce chc\u0119 by\u0107 kolarzem \u2013 wspomina\u0142. Szybko okaza\u0142o si\u0119, \u017ce dobrze radzi sobie w g\u00f3rach, ale d\u0142ugo nie m\u00f3g\u0142 b\u0142ysn\u0105\u0107 w peletonie. Kolarski \u015bwiat us\u0142ysza\u0142 o nim w 2020 r., gdy rzutem na ta\u015bm\u0119 Tao Geoghegan Hart wydar\u0142 mu wygran\u0105 w klasyfikacji generalnej Giro d\u2019Italia. Teraz jednak Australijczyk do podobnej sytuacji nie dopu\u015bci\u0142.<\/p>\n<p>\u2013 Ta wygrana to wspania\u0142e uczucie. Co\u015b niesamowitego \u2013 przyzna\u0142 na mecie.<\/p>\n<p>Ko\u0144cowa klasyfikacja generalna wygl\u0105da\u0142a tak:<\/p>\n<div class=\"embed-controller-wrapper\">\n<blockquote class=\"twitter-tweet\" data-width=\"500\" data-dnt=\"true\">\n<p lang=\"it\" dir=\"ltr\">\ud83d\udc97 Giro d&#39;Italia 2022 \ud83d\udc97<\/p>\n<p>\ud83d\udc96 Maglia Rosa powered by <a href=\"https:\/\/twitter.com\/EnelGroupIT?ref_src=twsrc%5Etfw\">@EnelGroupIT<\/a>: <a href=\"https:\/\/twitter.com\/JaiHindley?ref_src=twsrc%5Etfw\">@JaiHindley<\/a><br \/> &#8211; <a href=\"https:\/\/twitter.com\/BORAhansgrohe?ref_src=twsrc%5Etfw\">@BORAhansgrohe<\/a><br \/> <a href=\"https:\/\/twitter.com\/hashtag\/Giro?src=hash&amp;ref_src=twsrc%5Etfw\">#Giro<\/a> <a href=\"https:\/\/t.co\/syH5AbeGhf\">pic.twitter.com\/syH5AbeGhf<\/a><\/p>\n<p>&mdash; Giro d&#39;Italia (@giroditalia) <a href=\"https:\/\/twitter.com\/giroditalia\/status\/1530973546649997318?ref_src=twsrc%5Etfw\">May 29, 2022<\/a><\/p><\/blockquote>\n<p><script async data-src=\"https:\/\/platform.twitter.com\/widgets.js\" charset=\"utf-8\"><\/script><\/div>\n<p>Klasyfikacj\u0119 punktow\u0105 wygra\u0142 Arnaud D\u00e9mare (Groupama-FDJ), g\u00f3rsk\u0105 \u2013 Koen Bouwman (Jumbo-Visma), m\u0142odzie\u017cow\u0105 \u2013 Juan Pedro L\u00f3pez (Trek-Segafredo), a dru\u017cynow\u0105 \u2013 Bahrain Victorious.<\/p>\n<h2><strong>Oczekiwanie na Tour de France<\/strong><\/h2>\n<p>Teraz kolarski \u015bwiat odlicza ju\u017c dni do najwi\u0119kszego wy\u015bcigu \u015bwiata, czyli Tour de France (start 1 lipca). Zanim jednak kolarze rozpoczn\u0105 Wielk\u0105 P\u0119tl\u0119, b\u0119d\u0105 rywalizowali jeszcze w Criterium du Dauphine (5\u201312 czerwca) i Tour de Suisse (13\u201319 czerwca).<\/p>\n<p><span data-sheets-value=\"{&quot;1&quot;:2,&quot;2&quot;:&quot;Artyku\u0142 powsta\u0142 we wsp\u00f3\u0142pracy ze skoda-auto.pl&quot;}\" data-sheets-userformat=\"{&quot;2&quot;:1,&quot;3&quot;:{&quot;1&quot;:0}}\" data-sheets-hyperlink=\"http:\/\/www.skoda-auto.pl\/\"><a class=\"in-cell-link\" href=\"http:\/\/www.skoda-auto.pl\/\" target=\"_blank\" rel=\"noopener noreferrer\">Artyku\u0142 powsta\u0142 we wsp\u00f3\u0142pracy ze skoda-auto.pl<\/a><\/span><\/p>\n<p><a href=\"https:\/\/www.skoda-auto.pl\/modele\/nowa-octavia\"><img loading=\"lazy\" decoding=\"async\" class=\"alignnone size-full wp-image-11630 aligncenter\" src=\"https:\/\/d2p6e6u75xmxt8.cloudfront.net\/5\/2021\/12\/640x350-1.jpg\" alt=\"\" width=\"640\" height=\"350\" srcset=\"https:\/\/d2p6e6u75xmxt8.cloudfront.net\/5\/2021\/12\/640x350-1.jpg 640w, https:\/\/d2p6e6u75xmxt8.cloudfront.net\/5\/2021\/12\/640x350-1-300x164.jpg 300w\" sizes=\"auto, (max-width: 640px) 100vw, 640px\" \/><\/a><\/p>\n","protected":false},"excerpt":{"rendered":"<p>Tak\u0105 jazd\u0105 przechodzi si\u0119 do historii! Jai Hindley (Bora\u2013Hansgrohe) na przedostatnim etapie wyrwa\u0142 prowadzenie Richardowi Carapazowi (Ineos Grenadiers) i wygra\u0142 [&hellip;]<\/p>\n","protected":false},"author":153,"featured_media":12898,"comment_status":"open","ping_status":"open","sticky":false,"template":"","format":"standard","meta":{"footnotes":""},"categories":[6,295],"tags":[362],"global-categories":[303],"class_list":["post-12893","post","type-post","status-publish","format-standard","has-post-thumbnail","hentry","category-kolarstwo-szosowe","category-zawody","tag-piotr-nowik","global-categories-cycling"],"yoast_head":"<!-- This site is optimized with the Yoast SEO Premium plugin v25.3 (Yoast SEO v25.9) - https:\/\/yoast.com\/wordpress\/plugins\/seo\/ -->\n<title>\u201eTeraz albo nigdy\u201d! Pi\u0119kna historia na Giro d\u2019Italia - \u0160koda We Love Cycling - Poland<\/title>\n<meta name=\"robots\" content=\"index, follow, max-snippet:-1, max-image-preview:large, max-video-preview:-1\" \/>\n<link rel=\"canonical\" href=\"https:\/\/www.welovecycling.com\/pl\/2022\/05\/30\/teraz-albo-nigdy-piekna-historia-na-giro-ditalia\/\" \/>\n<meta property=\"og:locale\" content=\"pl_PL\" \/>\n<meta property=\"og:type\" content=\"article\" \/>\n<meta property=\"og:title\" content=\"\u201eTeraz albo nigdy\u201d! Pi\u0119kna historia na Giro d\u2019Italia\" \/>\n<meta property=\"og:description\" content=\"Tak\u0105 jazd\u0105 przechodzi si\u0119 do historii! Jai Hindley (Bora\u2013Hansgrohe) na przedostatnim etapie wyrwa\u0142 prowadzenie Richardowi Carapazowi (Ineos Grenadiers) i wygra\u0142 [&hellip;]\" \/>\n<meta property=\"og:url\" content=\"https:\/\/www.welovecycling.com\/pl\/2022\/05\/30\/teraz-albo-nigdy-piekna-historia-na-giro-ditalia\/\" \/>\n<meta property=\"og:site_name\" content=\"\u0160koda We Love Cycling - Poland\" \/>\n<meta property=\"article:published_time\" content=\"2022-05-30T13:36:51+00:00\" \/>\n<meta property=\"og:image\" content=\"https:\/\/d2p6e6u75xmxt8.cloudfront.net\/5\/2022\/05\/Jai-Hindley-Giro-profimedia-0695281125-CVR.jpg\" \/>\n\t<meta property=\"og:image:width\" content=\"990\" \/>\n\t<meta property=\"og:image:height\" content=\"660\" \/>\n\t<meta property=\"og:image:type\" content=\"image\/jpeg\" \/>\n<meta name=\"author\" content=\"rafal\" \/>\n<meta name=\"twitter:card\" content=\"summary_large_image\" \/>\n<meta name=\"twitter:label1\" content=\"Written by\" \/>\n\t<meta name=\"twitter:data1\" content=\"Piotr Nowik\" \/>\n\t<meta name=\"twitter:label2\" content=\"Est. reading time\" \/>\n\t<meta name=\"twitter:data2\" content=\"3 minutes\" \/>\n<script type=\"application\/ld+json\" class=\"yoast-schema-graph\">{\"@context\":\"https:\/\/schema.org\",\"@graph\":[{\"@type\":\"WebPage\",\"@id\":\"https:\/\/www.welovecycling.com\/pl\/2022\/05\/30\/teraz-albo-nigdy-piekna-historia-na-giro-ditalia\/\",\"url\":\"https:\/\/www.welovecycling.com\/pl\/2022\/05\/30\/teraz-albo-nigdy-piekna-historia-na-giro-ditalia\/\",\"name\":\"\u201eTeraz albo nigdy\u201d! Pi\u0119kna historia na Giro d\u2019Italia - \u0160koda We Love Cycling - Poland\",\"isPartOf\":{\"@id\":\"https:\/\/www.welovecycling.com\/pl\/#website\"},\"primaryImageOfPage\":{\"@id\":\"https:\/\/www.welovecycling.com\/pl\/2022\/05\/30\/teraz-albo-nigdy-piekna-historia-na-giro-ditalia\/#primaryimage\"},\"image\":{\"@id\":\"https:\/\/www.welovecycling.com\/pl\/2022\/05\/30\/teraz-albo-nigdy-piekna-historia-na-giro-ditalia\/#primaryimage\"},\"thumbnailUrl\":\"https:\/\/d2p6e6u75xmxt8.cloudfront.net\/5\/2022\/05\/Jai-Hindley-Giro-profimedia-0695281125-CVR.jpg\",\"datePublished\":\"2022-05-30T13:36:51+00:00\",\"author\":{\"@id\":\"https:\/\/www.welovecycling.com\/pl\/#\/schema\/person\/bf06ed916a1ef16618807fb60d2ebe42\"},\"breadcrumb\":{\"@id\":\"https:\/\/www.welovecycling.com\/pl\/2022\/05\/30\/teraz-albo-nigdy-piekna-historia-na-giro-ditalia\/#breadcrumb\"},\"inLanguage\":\"pl-PL\",\"potentialAction\":[{\"@type\":\"ReadAction\",\"target\":[\"https:\/\/www.welovecycling.com\/pl\/2022\/05\/30\/teraz-albo-nigdy-piekna-historia-na-giro-ditalia\/\"]}]},{\"@type\":\"ImageObject\",\"inLanguage\":\"pl-PL\",\"@id\":\"https:\/\/www.welovecycling.com\/pl\/2022\/05\/30\/teraz-albo-nigdy-piekna-historia-na-giro-ditalia\/#primaryimage\",\"url\":\"https:\/\/d2p6e6u75xmxt8.cloudfront.net\/5\/2022\/05\/Jai-Hindley-Giro-profimedia-0695281125-CVR.jpg\",\"contentUrl\":\"https:\/\/d2p6e6u75xmxt8.cloudfront.net\/5\/2022\/05\/Jai-Hindley-Giro-profimedia-0695281125-CVR.jpg\",\"width\":990,\"height\":660},{\"@type\":\"BreadcrumbList\",\"@id\":\"https:\/\/www.welovecycling.com\/pl\/2022\/05\/30\/teraz-albo-nigdy-piekna-historia-na-giro-ditalia\/#breadcrumb\",\"itemListElement\":[{\"@type\":\"ListItem\",\"position\":1,\"name\":\"Home\",\"item\":\"https:\/\/www.welovecycling.com\/pl\/\"},{\"@type\":\"ListItem\",\"position\":2,\"name\":\"\u201eTeraz albo nigdy\u201d! Pi\u0119kna historia na Giro d\u2019Italia\"}]},{\"@type\":\"WebSite\",\"@id\":\"https:\/\/www.welovecycling.com\/pl\/#website\",\"url\":\"https:\/\/www.welovecycling.com\/pl\/\",\"name\":\"\u0160koda We Love Cycling - Poland\",\"description\":\"\",\"potentialAction\":[{\"@type\":\"SearchAction\",\"target\":{\"@type\":\"EntryPoint\",\"urlTemplate\":\"https:\/\/www.welovecycling.com\/pl\/?s={search_term_string}\"},\"query-input\":{\"@type\":\"PropertyValueSpecification\",\"valueRequired\":true,\"valueName\":\"search_term_string\"}}],\"inLanguage\":\"pl-PL\"},{\"@type\":\"Person\",\"@id\":\"https:\/\/www.welovecycling.com\/pl\/#\/schema\/person\/bf06ed916a1ef16618807fb60d2ebe42\",\"name\":\"rafal\",\"image\":{\"@type\":\"ImageObject\",\"inLanguage\":\"pl-PL\",\"@id\":\"https:\/\/www.welovecycling.com\/pl\/#\/schema\/person\/image\/\",\"url\":\"https:\/\/secure.gravatar.com\/avatar\/203f240e63bee214f6f3a0dacbeb600c7829c09716c2b9ee3230c6961debcde2?s=96&d=mm&r=g\",\"contentUrl\":\"https:\/\/secure.gravatar.com\/avatar\/203f240e63bee214f6f3a0dacbeb600c7829c09716c2b9ee3230c6961debcde2?s=96&d=mm&r=g\",\"caption\":\"rafal\"},\"url\":\"https:\/\/www.welovecycling.com\/pl\/author\/rafal\/\"}]}<\/script>\n<!-- \/ Yoast SEO Premium plugin. -->","yoast_head_json":{"title":"\u201eTeraz albo nigdy\u201d! Pi\u0119kna historia na Giro d\u2019Italia - \u0160koda We Love Cycling - Poland","robots":{"index":"index","follow":"follow","max-snippet":"max-snippet:-1","max-image-preview":"max-image-preview:large","max-video-preview":"max-video-preview:-1"},"canonical":"https:\/\/www.welovecycling.com\/pl\/2022\/05\/30\/teraz-albo-nigdy-piekna-historia-na-giro-ditalia\/","og_locale":"pl_PL","og_type":"article","og_title":"\u201eTeraz albo nigdy\u201d! Pi\u0119kna historia na Giro d\u2019Italia","og_description":"Tak\u0105 jazd\u0105 przechodzi si\u0119 do historii! Jai Hindley (Bora\u2013Hansgrohe) na przedostatnim etapie wyrwa\u0142 prowadzenie Richardowi Carapazowi (Ineos Grenadiers) i wygra\u0142 [&hellip;]","og_url":"https:\/\/www.welovecycling.com\/pl\/2022\/05\/30\/teraz-albo-nigdy-piekna-historia-na-giro-ditalia\/","og_site_name":"\u0160koda We Love Cycling - Poland","article_published_time":"2022-05-30T13:36:51+00:00","og_image":[{"width":990,"height":660,"url":"https:\/\/d2p6e6u75xmxt8.cloudfront.net\/5\/2022\/05\/Jai-Hindley-Giro-profimedia-0695281125-CVR.jpg","type":"image\/jpeg"}],"author":"rafal","twitter_card":"summary_large_image","twitter_misc":{"Written by":"Piotr Nowik","Est. reading time":"3 minutes"},"schema":{"@context":"https:\/\/schema.org","@graph":[{"@type":"WebPage","@id":"https:\/\/www.welovecycling.com\/pl\/2022\/05\/30\/teraz-albo-nigdy-piekna-historia-na-giro-ditalia\/","url":"https:\/\/www.welovecycling.com\/pl\/2022\/05\/30\/teraz-albo-nigdy-piekna-historia-na-giro-ditalia\/","name":"\u201eTeraz albo nigdy\u201d! Pi\u0119kna historia na Giro d\u2019Italia - \u0160koda We Love Cycling - Poland","isPartOf":{"@id":"https:\/\/www.welovecycling.com\/pl\/#website"},"primaryImageOfPage":{"@id":"https:\/\/www.welovecycling.com\/pl\/2022\/05\/30\/teraz-albo-nigdy-piekna-historia-na-giro-ditalia\/#primaryimage"},"image":{"@id":"https:\/\/www.welovecycling.com\/pl\/2022\/05\/30\/teraz-albo-nigdy-piekna-historia-na-giro-ditalia\/#primaryimage"},"thumbnailUrl":"https:\/\/d2p6e6u75xmxt8.cloudfront.net\/5\/2022\/05\/Jai-Hindley-Giro-profimedia-0695281125-CVR.jpg","datePublished":"2022-05-30T13:36:51+00:00","author":{"@id":"https:\/\/www.welovecycling.com\/pl\/#\/schema\/person\/bf06ed916a1ef16618807fb60d2ebe42"},"breadcrumb":{"@id":"https:\/\/www.welovecycling.com\/pl\/2022\/05\/30\/teraz-albo-nigdy-piekna-historia-na-giro-ditalia\/#breadcrumb"},"inLanguage":"pl-PL","potentialAction":[{"@type":"ReadAction","target":["https:\/\/www.welovecycling.com\/pl\/2022\/05\/30\/teraz-albo-nigdy-piekna-historia-na-giro-ditalia\/"]}]},{"@type":"ImageObject","inLanguage":"pl-PL","@id":"https:\/\/www.welovecycling.com\/pl\/2022\/05\/30\/teraz-albo-nigdy-piekna-historia-na-giro-ditalia\/#primaryimage","url":"https:\/\/d2p6e6u75xmxt8.cloudfront.net\/5\/2022\/05\/Jai-Hindley-Giro-profimedia-0695281125-CVR.jpg","contentUrl":"https:\/\/d2p6e6u75xmxt8.cloudfront.net\/5\/2022\/05\/Jai-Hindley-Giro-profimedia-0695281125-CVR.jpg","width":990,"height":660},{"@type":"BreadcrumbList","@id":"https:\/\/www.welovecycling.com\/pl\/2022\/05\/30\/teraz-albo-nigdy-piekna-historia-na-giro-ditalia\/#breadcrumb","itemListElement":[{"@type":"ListItem","position":1,"name":"Home","item":"https:\/\/www.welovecycling.com\/pl\/"},{"@type":"ListItem","position":2,"name":"\u201eTeraz albo nigdy\u201d! Pi\u0119kna historia na Giro d\u2019Italia"}]},{"@type":"WebSite","@id":"https:\/\/www.welovecycling.com\/pl\/#website","url":"https:\/\/www.welovecycling.com\/pl\/","name":"\u0160koda We Love Cycling - Poland","description":"","potentialAction":[{"@type":"SearchAction","target":{"@type":"EntryPoint","urlTemplate":"https:\/\/www.welovecycling.com\/pl\/?s={search_term_string}"},"query-input":{"@type":"PropertyValueSpecification","valueRequired":true,"valueName":"search_term_string"}}],"inLanguage":"pl-PL"},{"@type":"Person","@id":"https:\/\/www.welovecycling.com\/pl\/#\/schema\/person\/bf06ed916a1ef16618807fb60d2ebe42","name":"rafal","image":{"@type":"ImageObject","inLanguage":"pl-PL","@id":"https:\/\/www.welovecycling.com\/pl\/#\/schema\/person\/image\/","url":"https:\/\/secure.gravatar.com\/avatar\/203f240e63bee214f6f3a0dacbeb600c7829c09716c2b9ee3230c6961debcde2?s=96&d=mm&r=g","contentUrl":"https:\/\/secure.gravatar.com\/avatar\/203f240e63bee214f6f3a0dacbeb600c7829c09716c2b9ee3230c6961debcde2?s=96&d=mm&r=g","caption":"rafal"},"url":"https:\/\/www.welovecycling.com\/pl\/author\/rafal\/"}]}},"_links":{"self":[{"href":"https:\/\/www.welovecycling.com\/pl\/wp-json\/wp\/v2\/posts\/12893","targetHints":{"allow":["GET"]}}],"collection":[{"href":"https:\/\/www.welovecycling.com\/pl\/wp-json\/wp\/v2\/posts"}],"about":[{"href":"https:\/\/www.welovecycling.com\/pl\/wp-json\/wp\/v2\/types\/post"}],"author":[{"embeddable":true,"href":"https:\/\/www.welovecycling.com\/pl\/wp-json\/wp\/v2\/users\/153"}],"replies":[{"embeddable":true,"href":"https:\/\/www.welovecycling.com\/pl\/wp-json\/wp\/v2\/comments?post=12893"}],"version-history":[{"count":2,"href":"https:\/\/www.welovecycling.com\/pl\/wp-json\/wp\/v2\/posts\/12893\/revisions"}],"predecessor-version":[{"id":12900,"href":"https:\/\/www.welovecycling.com\/pl\/wp-json\/wp\/v2\/posts\/12893\/revisions\/12900"}],"wp:featuredmedia":[{"embeddable":true,"href":"https:\/\/www.welovecycling.com\/pl\/wp-json\/wp\/v2\/media\/12898"}],"wp:attachment":[{"href":"https:\/\/www.welovecycling.com\/pl\/wp-json\/wp\/v2\/media?parent=12893"}],"wp:term":[{"taxonomy":"category","embeddable":true,"href":"https:\/\/www.welovecycling.com\/pl\/wp-json\/wp\/v2\/categories?post=12893"},{"taxonomy":"post_tag","embeddable":true,"href":"https:\/\/www.welovecycling.com\/pl\/wp-json\/wp\/v2\/tags?post=12893"},{"taxonomy":"global-categories","embeddable":true,"href":"https:\/\/www.welovecycling.com\/pl\/wp-json\/wp\/v2\/global-categories?post=12893"}],"curies":[{"name":"wp","href":"https:\/\/api.w.org\/{rel}","templated":true}]}}