{"id":12881,"date":"2022-05-23T15:49:04","date_gmt":"2022-05-23T15:49:04","guid":{"rendered":"https:\/\/www.welovecycling.com\/pl\/?p=12881"},"modified":"2022-05-23T15:49:04","modified_gmt":"2022-05-23T15:49:04","slug":"niesamowite-emocje-zapowiada-sie-piekielny-tydzien","status":"publish","type":"post","link":"https:\/\/www.welovecycling.com\/pl\/2022\/05\/23\/niesamowite-emocje-zapowiada-sie-piekielny-tydzien\/","title":{"rendered":"Niesamowite emocje! Zapowiada si\u0119 piekielny tydzie\u0144\u2026"},"content":{"rendered":"<p><strong>W okolicach Budapesztu szala\u0142 Mathieu van der Poel, p\u00f3\u017aniej prowadzenie obj\u0105\u0142 Juan Pedro Lopez, a teraz wydar\u0142 mu je Richard Carapaz. Za nami \u015bwietne dwa tygodnie \u015bcigania podczas Giro d\u2019Italia, kt\u00f3re zapowiadaj\u0105 pasjonuj\u0105cy finisz.<\/strong><\/p>\n<p>Kibice kolarstwa d\u0142ugo czekali na taki wy\u015bcig. Najpierw ogl\u0105dali zawody okrojone z powodu pandemii, p\u00f3\u017aniej nadesz\u0142y miesi\u0105ce niepewno\u015bci, a\u017c w ko\u0144cu zn\u00f3w mo\u017cna cieszy\u0107 si\u0119 kolarstwem bez \u017cadnych ogranicze\u0144. A W\u0142osi doskonale wiedz\u0105, jak to robi\u0107.<\/p>\n<h2><strong>Holender przej\u0105\u0142 Budapeszt<\/strong><\/h2>\n<p>Zacz\u0119\u0142o si\u0119 jednak na W\u0119grzech, bo to w\u0142a\u015bnie tam rozpocz\u0119\u0142o si\u0119 tegoroczne Giro d\u2019Italia. Do g\u0142osu od razu dosz\u0142y wielkie nazwiska. Pierwszy etap wygra\u0142 Mathieu van der Poel (Alpecin\u2013Fenix) i m\u00f3g\u0142 dumnie paradowa\u0107 w r\u00f3\u017cowej koszulce. Tak bardzo przypad\u0142a mu ona do gustu, \u017ce odda\u0142 j\u0105 dopiero we W\u0142oszech. Z kolei czas\u00f3wka po ulicach Budapesztu pad\u0142a \u0142upem Simona Yatesa (Team BikeExchange-Jayco), a nazajutrz da\u0142 o sobie zna\u0107 niesamowity Mark Cavendish (Quick-Step Alpha Vinyl).<\/p>\n<p>https:\/\/www.instagram.com\/p\/CdWLqaaIH0q\/<\/p>\n<p>37-letni Brytyjczyk wygra\u0142 etap z Kaposvaru do Balatonfuredu i tym samym odni\u00f3s\u0142 swoje 160. zwyci\u0119stwo w karierze! Pod wzgl\u0119dem wygranych Cavendish zajmuje pi\u0105te miejsce w historii kolarstwa i z powodzeniem mo\u017ce ostrzy\u0107 sobie z\u0119by nawet na drugie, do kt\u00f3rego brakuje mu tylko dw\u00f3ch zwyci\u0119stw. Poza zasi\u0119giem Brytyjczyka jest tylko lider zestawienia \u2013 legendarny Eddy Merckx, kt\u00f3ry triumfowa\u0142 283 razy.<\/p>\n<h2><strong>Pi\u0119kne chwile Hiszpana<\/strong><\/h2>\n<p>Gdy kolarze przetransportowali si\u0119 do W\u0142och, sprawy w swoje r\u0119ce wzi\u0105\u0142 Juan Pedro Lopez (Trek-Segafredo). Co prawda Hiszpan nie wygra\u0142 \u017cadnego etapu, ale na Etnie przej\u0105\u0142 koszulk\u0119 lidera klasyfikacji generalnej i nie odda\u0142 jej przez dziewi\u0119\u0107 kolejnych etap\u00f3w. Jego si\u0142\u0119 i wol\u0119 walki doceni\u0142a nawet dru\u017cyna pi\u0142karska Betisu Sewilla, kt\u00f3ra w mediach spo\u0142eczno\u015bciowych opublikowa\u0142a fotomonta\u017c z Lopezem \u015bwi\u0119tuj\u0105cym w r\u00f3\u017cowej koszulce, ale z na\u0142o\u017conymi charakterystycznymi pasami Betisu, kt\u00f3rego Hiszpan jest wielkim fanem.<\/p>\n<p>\u201eCo s\u0105dzisz o takiej limitowanej koszulce, Pedro?\u201d \u2013 napisa\u0142 klub z Sewilli na Twitterze.<\/p>\n<div class=\"embed-controller-wrapper\">\n<blockquote class=\"twitter-tweet\" data-width=\"500\" data-dnt=\"true\">\n<p lang=\"es\" dir=\"ltr\">Pues un d\u00eda m\u00e1s de l\u00edder en el <a href=\"https:\/\/twitter.com\/giroditalia?ref_src=twsrc%5Etfw\">@giroditalia<\/a> \ud83d\udeb4\u200d\u2642\ufe0f\ud83c\uddee\ud83c\uddf9\ud83d\udc4f <\/p>\n<p>\u00bfQu\u00e9 te parece esta maglia rosa edici\u00f3n limitada, <a href=\"https:\/\/twitter.com\/juanpelopez97?ref_src=twsrc%5Etfw\">@juanpelopez97<\/a>? \ud83d\udc55\ud83d\udc9a\ud83d\ude1c <a href=\"https:\/\/t.co\/fyqfVjCyVB\">pic.twitter.com\/fyqfVjCyVB<\/a><\/p>\n<p>&mdash; Real Betis Balompi\u00e9 \ud83c\udf34\ud83d\udc9a (@RealBetis) <a href=\"https:\/\/twitter.com\/RealBetis\/status\/1526633838771941381?ref_src=twsrc%5Etfw\">May 17, 2022<\/a><\/p><\/blockquote>\n<p><script async data-src=\"https:\/\/platform.twitter.com\/widgets.js\" charset=\"utf-8\"><\/script><\/div>\n<h2><strong>Wszystkich pogodzi Ekwadorczyk?<\/strong><\/h2>\n<p>W sobot\u0119 sko\u0144czy\u0142y si\u0119 jednak pi\u0119kne chwile Hiszpana, bo mocniej na peda\u0142y nacisn\u0105\u0142 jeden z faworyt\u00f3w wy\u015bcigu \u2013 Richard Carapaz (Ineos Grenadiers). W sobot\u0119 Ekwadorczyk zaj\u0105\u0142 trzecie miejsce na etapie z Santeny do Turynu i przej\u0105\u0142 r\u00f3\u017cow\u0105 koszulk\u0119 lidera.<\/p>\n<p>\u2013 Wiedzia\u0142em, \u017ce wielu rywali jedzie ju\u017c na oparach. By\u0142em dobrze ustawiony, wi\u0119c spr\u00f3bowa\u0142em zaatakowa\u0107 i okaza\u0142o si\u0119, \u017ce by\u0142a to bardzo dobra decyzja \u2013 cieszy\u0142 si\u0119 Carapaz.<\/p>\n<p>Z kolei w niedziel\u0119 swoje chwile rado\u015bci mieli W\u0142osi, bo g\u00f3rski etap wygra\u0142 ich rodak \u2013 Giulio Ciccone.<\/p>\n<div class=\"embed-controller-wrapper\">\n<blockquote class=\"twitter-tweet\" data-width=\"500\" data-dnt=\"true\">\n<p lang=\"en\" dir=\"ltr\">About yesterday. <\/p>\n<p>\ud83d\udc40\ud83c\udf7f<a href=\"https:\/\/twitter.com\/hashtag\/Giro?src=hash&amp;ref_src=twsrc%5Etfw\">#Giro<\/a>  powered by <a href=\"https:\/\/twitter.com\/VelonCC?ref_src=twsrc%5Etfw\">@VelonCC<\/a> <a href=\"https:\/\/t.co\/hS6uh8bh7O\">pic.twitter.com\/hS6uh8bh7O<\/a><\/p>\n<p>&mdash; Giro d&#39;Italia (@giroditalia) <a href=\"https:\/\/twitter.com\/giroditalia\/status\/1528616722554552322?ref_src=twsrc%5Etfw\">May 23, 2022<\/a><\/p><\/blockquote>\n<p><script async data-src=\"https:\/\/platform.twitter.com\/widgets.js\" charset=\"utf-8\"><\/script><\/div>\n<p>R\u00f3\u017cowa koszulka ca\u0142y czas jest jednak na plecach Carapaza, kt\u00f3ry b\u0119dzie pr\u00f3bowa\u0142 obroni\u0107 j\u0105 na trudnych g\u00f3rskich etapach.<\/p>\n<p>\u2013 W Ekwadorze nie mierz\u0119 si\u0119 z takimi warunkami atmosferycznymi, wi\u0119c musz\u0119 si\u0119 do nich przyzwyczai\u0107. Jest gor\u0105co, ale to mnie nie powstrzyma. W ostatnim tygodniu mo\u017ce by\u0107 sporo przetasowa\u0144 \u2013 przewiduje Carapaz.<\/p>\n<div class=\"embed-controller-wrapper\">\n<blockquote class=\"twitter-tweet\" data-width=\"500\" data-dnt=\"true\">\n<p lang=\"en\" dir=\"ltr\">A moment to celebrate pulling on the maglia rosa \ud83d\udc97 <\/p>\n<p>\ud83d\udcfd\ufe0f <a href=\"https:\/\/twitter.com\/VelonCC?ref_src=twsrc%5Etfw\">@VelonCC<\/a> <br \/>\ud83c\udf7e <a href=\"https:\/\/twitter.com\/RichardCarapazM?ref_src=twsrc%5Etfw\">@RichardCarapazM<\/a> <a href=\"https:\/\/t.co\/y7Pd9tNqRS\">pic.twitter.com\/y7Pd9tNqRS<\/a><\/p>\n<p>&mdash; INEOS Grenadiers (@INEOSGrenadiers) <a href=\"https:\/\/twitter.com\/INEOSGrenadiers\/status\/1528046354794176512?ref_src=twsrc%5Etfw\">May 21, 2022<\/a><\/p><\/blockquote>\n<p><script async data-src=\"https:\/\/platform.twitter.com\/widgets.js\" charset=\"utf-8\"><\/script><\/div>\n<p>Przed zawodnikami jeszcze sze\u015b\u0107 etap\u00f3w, z tego a\u017c cztery g\u00f3rskie i jeden p\u0142aski. Wy\u015bcig zako\u0144czy niedzielna czas\u00f3wka ulicami Werony.<\/p>\n<p><span data-sheets-value=\"{&quot;1&quot;:2,&quot;2&quot;:&quot;Artyku\u0142 powsta\u0142 we wsp\u00f3\u0142pracy ze skoda-auto.pl&quot;}\" data-sheets-userformat=\"{&quot;2&quot;:1,&quot;3&quot;:{&quot;1&quot;:0}}\" data-sheets-hyperlink=\"http:\/\/www.skoda-auto.pl\/\"><a class=\"in-cell-link\" href=\"http:\/\/www.skoda-auto.pl\/\" target=\"_blank\" rel=\"noopener noreferrer\">Artyku\u0142 powsta\u0142 we wsp\u00f3\u0142pracy ze skoda-auto.pl<\/a><\/span><\/p>\n<p><a href=\"https:\/\/sklep.skoda.pl\/pl\/sklep\/b\/331\/rowery-i-akcesoria-rowery.html\"><img loading=\"lazy\" decoding=\"async\" class=\"aligncenter wp-image-9608 size-full loading\" src=\"https:\/\/d2p6e6u75xmxt8.cloudfront.net\/5\/2019\/08\/baner_WLC_640x350_3.png\" sizes=\"auto, (max-width: 640px) 100vw, 640px\" srcset=\"https:\/\/d2p6e6u75xmxt8.cloudfront.net\/5\/2019\/08\/baner_WLC_640x350_3.png 640w, https:\/\/d2p6e6u75xmxt8.cloudfront.net\/5\/2019\/08\/baner_WLC_640x350_3-300x164.png 300w\" alt=\"\" width=\"640\" height=\"350\" data-was-processed=\"true\" \/><\/a><\/p>\n","protected":false},"excerpt":{"rendered":"<p>W okolicach Budapesztu szala\u0142 Mathieu van der Poel, p\u00f3\u017aniej prowadzenie obj\u0105\u0142 Juan Pedro Lopez, a teraz wydar\u0142 mu je Richard [&hellip;]<\/p>\n","protected":false},"author":153,"featured_media":12887,"comment_status":"open","ping_status":"open","sticky":false,"template":"","format":"standard","meta":{"footnotes":""},"categories":[6],"tags":[362],"global-categories":[303],"class_list":["post-12881","post","type-post","status-publish","format-standard","has-post-thumbnail","hentry","category-kolarstwo-szosowe","tag-piotr-nowik","global-categories-cycling"],"yoast_head":"<!-- This site is optimized with the Yoast SEO Premium plugin v25.3 (Yoast SEO v25.9) - https:\/\/yoast.com\/wordpress\/plugins\/seo\/ -->\n<title>Niesamowite emocje! Zapowiada si\u0119 piekielny tydzie\u0144\u2026 - \u0160koda We Love Cycling - Poland<\/title>\n<meta name=\"robots\" content=\"index, follow, max-snippet:-1, max-image-preview:large, max-video-preview:-1\" \/>\n<link rel=\"canonical\" href=\"https:\/\/www.welovecycling.com\/pl\/2022\/05\/23\/niesamowite-emocje-zapowiada-sie-piekielny-tydzien\/\" \/>\n<meta property=\"og:locale\" content=\"pl_PL\" \/>\n<meta property=\"og:type\" content=\"article\" \/>\n<meta property=\"og:title\" content=\"Niesamowite emocje! Zapowiada si\u0119 piekielny tydzie\u0144\u2026\" \/>\n<meta property=\"og:description\" content=\"W okolicach Budapesztu szala\u0142 Mathieu van der Poel, p\u00f3\u017aniej prowadzenie obj\u0105\u0142 Juan Pedro Lopez, a teraz wydar\u0142 mu je Richard [&hellip;]\" \/>\n<meta property=\"og:url\" content=\"https:\/\/www.welovecycling.com\/pl\/2022\/05\/23\/niesamowite-emocje-zapowiada-sie-piekielny-tydzien\/\" \/>\n<meta property=\"og:site_name\" content=\"\u0160koda We Love Cycling - Poland\" \/>\n<meta property=\"article:published_time\" content=\"2022-05-23T15:49:04+00:00\" \/>\n<meta property=\"og:image\" content=\"https:\/\/d2p6e6u75xmxt8.cloudfront.net\/5\/2022\/05\/Giulio-Ciccone-Giro-2022-profimedia-0693544519-CVR.jpg\" \/>\n\t<meta property=\"og:image:width\" content=\"990\" \/>\n\t<meta property=\"og:image:height\" content=\"660\" \/>\n\t<meta property=\"og:image:type\" content=\"image\/jpeg\" \/>\n<meta name=\"author\" content=\"rafal\" \/>\n<meta name=\"twitter:card\" content=\"summary_large_image\" \/>\n<meta name=\"twitter:label1\" content=\"Written by\" \/>\n\t<meta name=\"twitter:data1\" content=\"Piotr Nowik\" \/>\n\t<meta name=\"twitter:label2\" content=\"Est. reading time\" \/>\n\t<meta name=\"twitter:data2\" content=\"3 minutes\" \/>\n<script type=\"application\/ld+json\" class=\"yoast-schema-graph\">{\"@context\":\"https:\/\/schema.org\",\"@graph\":[{\"@type\":\"WebPage\",\"@id\":\"https:\/\/www.welovecycling.com\/pl\/2022\/05\/23\/niesamowite-emocje-zapowiada-sie-piekielny-tydzien\/\",\"url\":\"https:\/\/www.welovecycling.com\/pl\/2022\/05\/23\/niesamowite-emocje-zapowiada-sie-piekielny-tydzien\/\",\"name\":\"Niesamowite emocje! Zapowiada si\u0119 piekielny tydzie\u0144\u2026 - \u0160koda We Love Cycling - Poland\",\"isPartOf\":{\"@id\":\"https:\/\/www.welovecycling.com\/pl\/#website\"},\"primaryImageOfPage\":{\"@id\":\"https:\/\/www.welovecycling.com\/pl\/2022\/05\/23\/niesamowite-emocje-zapowiada-sie-piekielny-tydzien\/#primaryimage\"},\"image\":{\"@id\":\"https:\/\/www.welovecycling.com\/pl\/2022\/05\/23\/niesamowite-emocje-zapowiada-sie-piekielny-tydzien\/#primaryimage\"},\"thumbnailUrl\":\"https:\/\/d2p6e6u75xmxt8.cloudfront.net\/5\/2022\/05\/Giulio-Ciccone-Giro-2022-profimedia-0693544519-CVR.jpg\",\"datePublished\":\"2022-05-23T15:49:04+00:00\",\"author\":{\"@id\":\"https:\/\/www.welovecycling.com\/pl\/#\/schema\/person\/bf06ed916a1ef16618807fb60d2ebe42\"},\"breadcrumb\":{\"@id\":\"https:\/\/www.welovecycling.com\/pl\/2022\/05\/23\/niesamowite-emocje-zapowiada-sie-piekielny-tydzien\/#breadcrumb\"},\"inLanguage\":\"pl-PL\",\"potentialAction\":[{\"@type\":\"ReadAction\",\"target\":[\"https:\/\/www.welovecycling.com\/pl\/2022\/05\/23\/niesamowite-emocje-zapowiada-sie-piekielny-tydzien\/\"]}]},{\"@type\":\"ImageObject\",\"inLanguage\":\"pl-PL\",\"@id\":\"https:\/\/www.welovecycling.com\/pl\/2022\/05\/23\/niesamowite-emocje-zapowiada-sie-piekielny-tydzien\/#primaryimage\",\"url\":\"https:\/\/d2p6e6u75xmxt8.cloudfront.net\/5\/2022\/05\/Giulio-Ciccone-Giro-2022-profimedia-0693544519-CVR.jpg\",\"contentUrl\":\"https:\/\/d2p6e6u75xmxt8.cloudfront.net\/5\/2022\/05\/Giulio-Ciccone-Giro-2022-profimedia-0693544519-CVR.jpg\",\"width\":990,\"height\":660},{\"@type\":\"BreadcrumbList\",\"@id\":\"https:\/\/www.welovecycling.com\/pl\/2022\/05\/23\/niesamowite-emocje-zapowiada-sie-piekielny-tydzien\/#breadcrumb\",\"itemListElement\":[{\"@type\":\"ListItem\",\"position\":1,\"name\":\"Home\",\"item\":\"https:\/\/www.welovecycling.com\/pl\/\"},{\"@type\":\"ListItem\",\"position\":2,\"name\":\"Niesamowite emocje! Zapowiada si\u0119 piekielny tydzie\u0144\u2026\"}]},{\"@type\":\"WebSite\",\"@id\":\"https:\/\/www.welovecycling.com\/pl\/#website\",\"url\":\"https:\/\/www.welovecycling.com\/pl\/\",\"name\":\"\u0160koda We Love Cycling - Poland\",\"description\":\"\",\"potentialAction\":[{\"@type\":\"SearchAction\",\"target\":{\"@type\":\"EntryPoint\",\"urlTemplate\":\"https:\/\/www.welovecycling.com\/pl\/?s={search_term_string}\"},\"query-input\":{\"@type\":\"PropertyValueSpecification\",\"valueRequired\":true,\"valueName\":\"search_term_string\"}}],\"inLanguage\":\"pl-PL\"},{\"@type\":\"Person\",\"@id\":\"https:\/\/www.welovecycling.com\/pl\/#\/schema\/person\/bf06ed916a1ef16618807fb60d2ebe42\",\"name\":\"rafal\",\"image\":{\"@type\":\"ImageObject\",\"inLanguage\":\"pl-PL\",\"@id\":\"https:\/\/www.welovecycling.com\/pl\/#\/schema\/person\/image\/\",\"url\":\"https:\/\/secure.gravatar.com\/avatar\/203f240e63bee214f6f3a0dacbeb600c7829c09716c2b9ee3230c6961debcde2?s=96&d=mm&r=g\",\"contentUrl\":\"https:\/\/secure.gravatar.com\/avatar\/203f240e63bee214f6f3a0dacbeb600c7829c09716c2b9ee3230c6961debcde2?s=96&d=mm&r=g\",\"caption\":\"rafal\"},\"url\":\"https:\/\/www.welovecycling.com\/pl\/author\/rafal\/\"}]}<\/script>\n<!-- \/ Yoast SEO Premium plugin. -->","yoast_head_json":{"title":"Niesamowite emocje! Zapowiada si\u0119 piekielny tydzie\u0144\u2026 - \u0160koda We Love Cycling - Poland","robots":{"index":"index","follow":"follow","max-snippet":"max-snippet:-1","max-image-preview":"max-image-preview:large","max-video-preview":"max-video-preview:-1"},"canonical":"https:\/\/www.welovecycling.com\/pl\/2022\/05\/23\/niesamowite-emocje-zapowiada-sie-piekielny-tydzien\/","og_locale":"pl_PL","og_type":"article","og_title":"Niesamowite emocje! Zapowiada si\u0119 piekielny tydzie\u0144\u2026","og_description":"W okolicach Budapesztu szala\u0142 Mathieu van der Poel, p\u00f3\u017aniej prowadzenie obj\u0105\u0142 Juan Pedro Lopez, a teraz wydar\u0142 mu je Richard [&hellip;]","og_url":"https:\/\/www.welovecycling.com\/pl\/2022\/05\/23\/niesamowite-emocje-zapowiada-sie-piekielny-tydzien\/","og_site_name":"\u0160koda We Love Cycling - Poland","article_published_time":"2022-05-23T15:49:04+00:00","og_image":[{"width":990,"height":660,"url":"https:\/\/d2p6e6u75xmxt8.cloudfront.net\/5\/2022\/05\/Giulio-Ciccone-Giro-2022-profimedia-0693544519-CVR.jpg","type":"image\/jpeg"}],"author":"rafal","twitter_card":"summary_large_image","twitter_misc":{"Written by":"Piotr Nowik","Est. reading time":"3 minutes"},"schema":{"@context":"https:\/\/schema.org","@graph":[{"@type":"WebPage","@id":"https:\/\/www.welovecycling.com\/pl\/2022\/05\/23\/niesamowite-emocje-zapowiada-sie-piekielny-tydzien\/","url":"https:\/\/www.welovecycling.com\/pl\/2022\/05\/23\/niesamowite-emocje-zapowiada-sie-piekielny-tydzien\/","name":"Niesamowite emocje! Zapowiada si\u0119 piekielny tydzie\u0144\u2026 - \u0160koda We Love Cycling - Poland","isPartOf":{"@id":"https:\/\/www.welovecycling.com\/pl\/#website"},"primaryImageOfPage":{"@id":"https:\/\/www.welovecycling.com\/pl\/2022\/05\/23\/niesamowite-emocje-zapowiada-sie-piekielny-tydzien\/#primaryimage"},"image":{"@id":"https:\/\/www.welovecycling.com\/pl\/2022\/05\/23\/niesamowite-emocje-zapowiada-sie-piekielny-tydzien\/#primaryimage"},"thumbnailUrl":"https:\/\/d2p6e6u75xmxt8.cloudfront.net\/5\/2022\/05\/Giulio-Ciccone-Giro-2022-profimedia-0693544519-CVR.jpg","datePublished":"2022-05-23T15:49:04+00:00","author":{"@id":"https:\/\/www.welovecycling.com\/pl\/#\/schema\/person\/bf06ed916a1ef16618807fb60d2ebe42"},"breadcrumb":{"@id":"https:\/\/www.welovecycling.com\/pl\/2022\/05\/23\/niesamowite-emocje-zapowiada-sie-piekielny-tydzien\/#breadcrumb"},"inLanguage":"pl-PL","potentialAction":[{"@type":"ReadAction","target":["https:\/\/www.welovecycling.com\/pl\/2022\/05\/23\/niesamowite-emocje-zapowiada-sie-piekielny-tydzien\/"]}]},{"@type":"ImageObject","inLanguage":"pl-PL","@id":"https:\/\/www.welovecycling.com\/pl\/2022\/05\/23\/niesamowite-emocje-zapowiada-sie-piekielny-tydzien\/#primaryimage","url":"https:\/\/d2p6e6u75xmxt8.cloudfront.net\/5\/2022\/05\/Giulio-Ciccone-Giro-2022-profimedia-0693544519-CVR.jpg","contentUrl":"https:\/\/d2p6e6u75xmxt8.cloudfront.net\/5\/2022\/05\/Giulio-Ciccone-Giro-2022-profimedia-0693544519-CVR.jpg","width":990,"height":660},{"@type":"BreadcrumbList","@id":"https:\/\/www.welovecycling.com\/pl\/2022\/05\/23\/niesamowite-emocje-zapowiada-sie-piekielny-tydzien\/#breadcrumb","itemListElement":[{"@type":"ListItem","position":1,"name":"Home","item":"https:\/\/www.welovecycling.com\/pl\/"},{"@type":"ListItem","position":2,"name":"Niesamowite emocje! Zapowiada si\u0119 piekielny tydzie\u0144\u2026"}]},{"@type":"WebSite","@id":"https:\/\/www.welovecycling.com\/pl\/#website","url":"https:\/\/www.welovecycling.com\/pl\/","name":"\u0160koda We Love Cycling - Poland","description":"","potentialAction":[{"@type":"SearchAction","target":{"@type":"EntryPoint","urlTemplate":"https:\/\/www.welovecycling.com\/pl\/?s={search_term_string}"},"query-input":{"@type":"PropertyValueSpecification","valueRequired":true,"valueName":"search_term_string"}}],"inLanguage":"pl-PL"},{"@type":"Person","@id":"https:\/\/www.welovecycling.com\/pl\/#\/schema\/person\/bf06ed916a1ef16618807fb60d2ebe42","name":"rafal","image":{"@type":"ImageObject","inLanguage":"pl-PL","@id":"https:\/\/www.welovecycling.com\/pl\/#\/schema\/person\/image\/","url":"https:\/\/secure.gravatar.com\/avatar\/203f240e63bee214f6f3a0dacbeb600c7829c09716c2b9ee3230c6961debcde2?s=96&d=mm&r=g","contentUrl":"https:\/\/secure.gravatar.com\/avatar\/203f240e63bee214f6f3a0dacbeb600c7829c09716c2b9ee3230c6961debcde2?s=96&d=mm&r=g","caption":"rafal"},"url":"https:\/\/www.welovecycling.com\/pl\/author\/rafal\/"}]}},"_links":{"self":[{"href":"https:\/\/www.welovecycling.com\/pl\/wp-json\/wp\/v2\/posts\/12881","targetHints":{"allow":["GET"]}}],"collection":[{"href":"https:\/\/www.welovecycling.com\/pl\/wp-json\/wp\/v2\/posts"}],"about":[{"href":"https:\/\/www.welovecycling.com\/pl\/wp-json\/wp\/v2\/types\/post"}],"author":[{"embeddable":true,"href":"https:\/\/www.welovecycling.com\/pl\/wp-json\/wp\/v2\/users\/153"}],"replies":[{"embeddable":true,"href":"https:\/\/www.welovecycling.com\/pl\/wp-json\/wp\/v2\/comments?post=12881"}],"version-history":[{"count":1,"href":"https:\/\/www.welovecycling.com\/pl\/wp-json\/wp\/v2\/posts\/12881\/revisions"}],"predecessor-version":[{"id":12886,"href":"https:\/\/www.welovecycling.com\/pl\/wp-json\/wp\/v2\/posts\/12881\/revisions\/12886"}],"wp:featuredmedia":[{"embeddable":true,"href":"https:\/\/www.welovecycling.com\/pl\/wp-json\/wp\/v2\/media\/12887"}],"wp:attachment":[{"href":"https:\/\/www.welovecycling.com\/pl\/wp-json\/wp\/v2\/media?parent=12881"}],"wp:term":[{"taxonomy":"category","embeddable":true,"href":"https:\/\/www.welovecycling.com\/pl\/wp-json\/wp\/v2\/categories?post=12881"},{"taxonomy":"post_tag","embeddable":true,"href":"https:\/\/www.welovecycling.com\/pl\/wp-json\/wp\/v2\/tags?post=12881"},{"taxonomy":"global-categories","embeddable":true,"href":"https:\/\/www.welovecycling.com\/pl\/wp-json\/wp\/v2\/global-categories?post=12881"}],"curies":[{"name":"wp","href":"https:\/\/api.w.org\/{rel}","templated":true}]}}