{"id":12854,"date":"2022-05-09T09:37:54","date_gmt":"2022-05-09T09:37:54","guid":{"rendered":"https:\/\/www.welovecycling.com\/pl\/?p=12854"},"modified":"2022-05-09T09:37:54","modified_gmt":"2022-05-09T09:37:54","slug":"pierwsza-kobieta-ktora-przemierzyla-caly-swiat-na-dwoch-kolkach","status":"publish","type":"post","link":"https:\/\/www.welovecycling.com\/pl\/2022\/05\/09\/pierwsza-kobieta-ktora-przemierzyla-caly-swiat-na-dwoch-kolkach\/","title":{"rendered":"Pierwsza kobieta, kt\u00f3ra przemierzy\u0142a ca\u0142y \u015bwiat na dw\u00f3ch k\u00f3\u0142kach"},"content":{"rendered":"<p><strong>Wok\u00f3\u0142 historii tej niezwyk\u0142ej osoby kr\u0105\u017c\u0105 dziesi\u0105tki mit\u00f3w. Jak to jednak zwykle bywa z legendami, nie wszystkie s\u0105 prawdziwe. Ale jedno wiadomo na pewno: Annie Londonderry niew\u0105tpliwie by\u0142a pierwsz\u0105 kobiet\u0105, kt\u00f3ra objecha\u0142a \u015bwiat na rowerze.<\/strong><\/p>\n<h2><strong>Damy rad\u0119!<\/strong><\/h2>\n<p>Jak wiele ciekawych ameryka\u0144skich historii, ta r\u00f3wnie\u017c ma sw\u00f3j pocz\u0105tek za kontuarem. Podobno pewnej nocy Annie natkn\u0119\u0142a si\u0119 w bosto\u0144skim barze na dw\u00f3ch m\u0119\u017cczyzn \u2013 popijali piwo i sprzeczali si\u0119. Dyskutowali o tym, czy kobieta jest w stanie objecha\u0107 \u015bwiat na rowerze. Odwa\u017cna m\u0142oda dama w\u0142\u0105czy\u0142a si\u0119 do rozmowy, by im udowodni\u0107, \u017ce si\u0119 myl\u0105 \u2013 kobieta radzi sobie tak samo dobrze jak m\u0119\u017cczyzna. Co wi\u0119cej, ona jest w stanie im to udowodni\u0107. Je\u015bli Annie wygra zak\u0142ad, jej nagroda wyniesie 10 tysi\u0119cy dolar\u00f3w. To, \u017ce nigdy wcze\u015bniej nie siedzia\u0142a na rowerze, nie mia\u0142o teraz najmniejszego znaczenia.<\/p>\n<div class=\"embed-controller-wrapper\">\n<div class=\"embed-wrapper\"><iframe title=\"The First Woman to Bicycle Around the World \u2026 Kind Of\" width=\"500\" height=\"281\" data-src=\"https:\/\/www.youtube.com\/embed\/CrlVeg9G_H0?feature=oembed\" frameborder=\"0\" allow=\"accelerometer; autoplay; clipboard-write; encrypted-media; gyroscope; picture-in-picture; web-share\" referrerpolicy=\"strict-origin-when-cross-origin\" allowfullscreen><\/iframe><\/div>\n<\/div>\n<p>Brakuje dowodu, \u017ce taka rozmowa kiedykolwiek mia\u0142a miejsce. Niewykluczone, \u017ce to tylko jedna z wielu anegdot wymy\u015blonych przez Annie. Jedno natomiast nie pozostawia najmniejszych w\u0105tpliwo\u015bci \u2013 ot\u00f3\u017c dnia 25 czerwca 1894 roku w Chicago Annie Londonderry wyruszy\u0142a w tras\u0119 na 20-kilogramowym rowerze damskim Columbia. Fakt, \u017ce w latach dziewi\u0119\u0107dziesi\u0105tych XIX w. nie istnia\u0142a \u017cadna firma wspieraj\u0105ca treningi cyklistek, nie przeszkodzi\u0142 zaradnej Annie, kt\u00f3rej uda\u0142o si\u0119 zdoby\u0107 sponsor\u00f3w. Poza oznaczeniem pojazdu transparentem sp\u00f3\u0142ki Lithia Spring Water Company z Londonderry Annie zgodzi\u0142a si\u0119 zmieni\u0107 nazwisko w\u0142a\u015bnie na Londonderry (prawdziwe brzmia\u0142o \u201eCohen Kopchovsky\u201d). Wynagrodzenie od sponsora za t\u0119 zmian\u0119 wynios\u0142o 100 dolar\u00f3w.<\/p>\n<h2><strong>Dajcie mi m\u0119ski rower i m\u0119ski str\u00f3j!<\/strong><\/h2>\n<p>Po przyje\u017adzie do Chicago we wrze\u015bniu tego samego roku Annie, ubrana w d\u0142ug\u0105 wiktoria\u0144sk\u0105 sukni\u0119, by\u0142a o 10 kilogram\u00f3w l\u017cejsza \u2013 i w 100 procentach zdeterminowana, by kontynuowa\u0107 wyzwanie. By\u0142a te\u017c potwornie zm\u0119czona. Z tego powodu trzeba by\u0142o wprowadzi\u0107 pewne zmiany. Annie zamieni\u0142a sw\u00f3j ci\u0119\u017cki rower na model m\u0119ski, kt\u00f3ry okaza\u0142 si\u0119 o po\u0142ow\u0119 l\u017cejszy. Zamieni\u0142a sukni\u0119 na spodnie \u2013 i wyruszy\u0142a do Europy. Oczywi\u015bcie nie peda\u0142owa\u0142a przez ocean \u2013 promem przedosta\u0142a si\u0119 do Francji, a tam przemieszcza\u0142a si\u0119 poci\u0105gami.<\/p>\n<p><img decoding=\"async\" src=\"https:\/\/d2p6e6u75xmxt8.cloudfront.net\/2\/2019\/04\/annie-londonderry.2.jpg\" \/><\/p>\n<h2><strong>\u017beglowanie czy jazda na rowerze? Na jedno wychodzi!<\/strong><\/h2>\n<p>Z Marsylii do Azji \u017c\u0105dna przyg\u00f3d pionierka pop\u0142yn\u0119\u0142a parowcem. \u017begluga sta\u0142a si\u0119 dla Annie standardowym sposobem przemieszczania si\u0119. Nie uzgodniono minimalnej odleg\u0142o\u015bci, jak\u0105 Annie Londonderry mia\u0142a pokona\u0107, jad\u0105c na rowerze, co pozwoli\u0142o jej dotrze\u0107 do wielu innych miejsc \u2013 do Kolombo, Aleksandrii, Singapuru. Wreszcie w marcu 1895 roku wsiad\u0142a na statek i pop\u0142yn\u0119\u0142a z Japonii do San Francisco. Przez par\u0119 miesi\u0119cy przemierza\u0142a jeszcze r\u00f3\u017cne stany rowerem, a\u017c we wrze\u015bniu 1895 roku, 15 miesi\u0119cy po wyje\u017adzie, wr\u00f3ci\u0142a do Chicago.<\/p>\n<p><img decoding=\"async\" src=\"https:\/\/d2p6e6u75xmxt8.cloudfront.net\/2\/2019\/04\/Annie_Londonderry.jpg\" \/><\/p>\n<div class=\"entry-content\">\n<p>By\u0107 mo\u017ce nie przejecha\u0142a ca\u0142ej trasy na rowerze ani nie odwiedzi\u0142a po drodze wszystkich kraj\u00f3w. Zapewne troch\u0119 te\u017c podkoloryzowa\u0142a opisy swoich przyg\u00f3d, spotka\u0144 i kontuzji. Niemniej jednak jednego dokona\u0142a z ca\u0142\u0105 pewno\u015bci\u0105 i nikt nie mo\u017ce jej tego odm\u00f3wi\u0107: pod koniec XIX wieku Annie Londonderry okr\u0105\u017cy\u0142a ca\u0142y \u015bwiat, staj\u0105c si\u0119 pionierk\u0105 kolarstwa kobiecego.<\/p>\n<\/div>\n<p><a href=\"https:\/\/www.skoda-auto.pl\/modele\/nowa-octavia\"><span data-sheets-value=\"{&quot;1&quot;:2,&quot;2&quot;:&quot;Artyku\u0142 powsta\u0142 we wsp\u00f3\u0142pracy ze skoda-auto.pl&quot;}\" data-sheets-userformat=\"{&quot;2&quot;:1,&quot;3&quot;:{&quot;1&quot;:0}}\" data-sheets-hyperlink=\"http:\/\/www.skoda-auto.pl\/\"><a class=\"in-cell-link\" href=\"http:\/\/www.skoda-auto.pl\/\" target=\"_blank\" rel=\"noopener noreferrer\">Artyku\u0142 powsta\u0142 we wsp\u00f3\u0142pracy ze skoda-auto.pl<\/a><\/span><\/a><\/p>\n<p><a href=\"https:\/\/www.skoda-auto.pl\/modele\/nowa-octavia\"><img loading=\"lazy\" decoding=\"async\" class=\"alignnone size-full wp-image-11630 aligncenter\" src=\"https:\/\/d2p6e6u75xmxt8.cloudfront.net\/5\/2021\/12\/640x350-1.jpg\" alt=\"\" width=\"640\" height=\"350\" srcset=\"https:\/\/d2p6e6u75xmxt8.cloudfront.net\/5\/2021\/12\/640x350-1.jpg 640w, https:\/\/d2p6e6u75xmxt8.cloudfront.net\/5\/2021\/12\/640x350-1-300x164.jpg 300w\" sizes=\"auto, (max-width: 640px) 100vw, 640px\" \/><\/a><\/p>\n","protected":false},"excerpt":{"rendered":"<p>Wok\u00f3\u0142 historii tej niezwyk\u0142ej osoby kr\u0105\u017c\u0105 dziesi\u0105tki mit\u00f3w. Jak to jednak zwykle bywa z legendami, nie wszystkie s\u0105 prawdziwe. Ale [&hellip;]<\/p>\n","protected":false},"author":153,"featured_media":12856,"comment_status":"open","ping_status":"open","sticky":false,"template":"","format":"standard","meta":{"footnotes":""},"categories":[365],"tags":[],"global-categories":[303],"class_list":["post-12854","post","type-post","status-publish","format-standard","has-post-thumbnail","hentry","category-spolecznosc","global-categories-cycling"],"yoast_head":"<!-- This site is optimized with the Yoast SEO Premium plugin v25.3 (Yoast SEO v25.9) - https:\/\/yoast.com\/wordpress\/plugins\/seo\/ -->\n<title>Pierwsza kobieta, kt\u00f3ra przemierzy\u0142a ca\u0142y \u015bwiat na dw\u00f3ch k\u00f3\u0142kach - \u0160koda We Love Cycling - Poland<\/title>\n<meta name=\"robots\" content=\"index, follow, max-snippet:-1, max-image-preview:large, max-video-preview:-1\" \/>\n<link rel=\"canonical\" href=\"https:\/\/www.welovecycling.com\/pl\/2022\/05\/09\/pierwsza-kobieta-ktora-przemierzyla-caly-swiat-na-dwoch-kolkach\/\" \/>\n<meta property=\"og:locale\" content=\"pl_PL\" \/>\n<meta property=\"og:type\" content=\"article\" \/>\n<meta property=\"og:title\" content=\"Pierwsza kobieta, kt\u00f3ra przemierzy\u0142a ca\u0142y \u015bwiat na dw\u00f3ch k\u00f3\u0142kach\" \/>\n<meta property=\"og:description\" content=\"Wok\u00f3\u0142 historii tej niezwyk\u0142ej osoby kr\u0105\u017c\u0105 dziesi\u0105tki mit\u00f3w. Jak to jednak zwykle bywa z legendami, nie wszystkie s\u0105 prawdziwe. Ale [&hellip;]\" \/>\n<meta property=\"og:url\" content=\"https:\/\/www.welovecycling.com\/pl\/2022\/05\/09\/pierwsza-kobieta-ktora-przemierzyla-caly-swiat-na-dwoch-kolkach\/\" \/>\n<meta property=\"og:site_name\" content=\"\u0160koda We Love Cycling - Poland\" \/>\n<meta property=\"article:published_time\" content=\"2022-05-09T09:37:54+00:00\" \/>\n<meta property=\"og:image\" content=\"https:\/\/d2p6e6u75xmxt8.cloudfront.net\/5\/2022\/05\/londonderry-CVR-1024x450-1.jpg\" \/>\n\t<meta property=\"og:image:width\" content=\"1024\" \/>\n\t<meta property=\"og:image:height\" content=\"450\" \/>\n\t<meta property=\"og:image:type\" content=\"image\/jpeg\" \/>\n<meta name=\"author\" content=\"rafal\" \/>\n<meta name=\"twitter:card\" content=\"summary_large_image\" \/>\n<meta name=\"twitter:label1\" content=\"Written by\" \/>\n\t<meta name=\"twitter:data1\" content=\"Tereza Antonova\" \/>\n\t<meta name=\"twitter:label2\" content=\"Est. reading time\" \/>\n\t<meta name=\"twitter:data2\" content=\"3 minutes\" \/>\n<script type=\"application\/ld+json\" class=\"yoast-schema-graph\">{\"@context\":\"https:\/\/schema.org\",\"@graph\":[{\"@type\":\"WebPage\",\"@id\":\"https:\/\/www.welovecycling.com\/pl\/2022\/05\/09\/pierwsza-kobieta-ktora-przemierzyla-caly-swiat-na-dwoch-kolkach\/\",\"url\":\"https:\/\/www.welovecycling.com\/pl\/2022\/05\/09\/pierwsza-kobieta-ktora-przemierzyla-caly-swiat-na-dwoch-kolkach\/\",\"name\":\"Pierwsza kobieta, kt\u00f3ra przemierzy\u0142a ca\u0142y \u015bwiat na dw\u00f3ch k\u00f3\u0142kach - \u0160koda We Love Cycling - Poland\",\"isPartOf\":{\"@id\":\"https:\/\/www.welovecycling.com\/pl\/#website\"},\"primaryImageOfPage\":{\"@id\":\"https:\/\/www.welovecycling.com\/pl\/2022\/05\/09\/pierwsza-kobieta-ktora-przemierzyla-caly-swiat-na-dwoch-kolkach\/#primaryimage\"},\"image\":{\"@id\":\"https:\/\/www.welovecycling.com\/pl\/2022\/05\/09\/pierwsza-kobieta-ktora-przemierzyla-caly-swiat-na-dwoch-kolkach\/#primaryimage\"},\"thumbnailUrl\":\"https:\/\/d2p6e6u75xmxt8.cloudfront.net\/5\/2022\/05\/londonderry-CVR-1024x450-1.jpg\",\"datePublished\":\"2022-05-09T09:37:54+00:00\",\"author\":{\"@id\":\"https:\/\/www.welovecycling.com\/pl\/#\/schema\/person\/bf06ed916a1ef16618807fb60d2ebe42\"},\"breadcrumb\":{\"@id\":\"https:\/\/www.welovecycling.com\/pl\/2022\/05\/09\/pierwsza-kobieta-ktora-przemierzyla-caly-swiat-na-dwoch-kolkach\/#breadcrumb\"},\"inLanguage\":\"pl-PL\",\"potentialAction\":[{\"@type\":\"ReadAction\",\"target\":[\"https:\/\/www.welovecycling.com\/pl\/2022\/05\/09\/pierwsza-kobieta-ktora-przemierzyla-caly-swiat-na-dwoch-kolkach\/\"]}]},{\"@type\":\"ImageObject\",\"inLanguage\":\"pl-PL\",\"@id\":\"https:\/\/www.welovecycling.com\/pl\/2022\/05\/09\/pierwsza-kobieta-ktora-przemierzyla-caly-swiat-na-dwoch-kolkach\/#primaryimage\",\"url\":\"https:\/\/d2p6e6u75xmxt8.cloudfront.net\/5\/2022\/05\/londonderry-CVR-1024x450-1.jpg\",\"contentUrl\":\"https:\/\/d2p6e6u75xmxt8.cloudfront.net\/5\/2022\/05\/londonderry-CVR-1024x450-1.jpg\",\"width\":1024,\"height\":450},{\"@type\":\"BreadcrumbList\",\"@id\":\"https:\/\/www.welovecycling.com\/pl\/2022\/05\/09\/pierwsza-kobieta-ktora-przemierzyla-caly-swiat-na-dwoch-kolkach\/#breadcrumb\",\"itemListElement\":[{\"@type\":\"ListItem\",\"position\":1,\"name\":\"Home\",\"item\":\"https:\/\/www.welovecycling.com\/pl\/\"},{\"@type\":\"ListItem\",\"position\":2,\"name\":\"Pierwsza kobieta, kt\u00f3ra przemierzy\u0142a ca\u0142y \u015bwiat na dw\u00f3ch k\u00f3\u0142kach\"}]},{\"@type\":\"WebSite\",\"@id\":\"https:\/\/www.welovecycling.com\/pl\/#website\",\"url\":\"https:\/\/www.welovecycling.com\/pl\/\",\"name\":\"\u0160koda We Love Cycling - Poland\",\"description\":\"\",\"potentialAction\":[{\"@type\":\"SearchAction\",\"target\":{\"@type\":\"EntryPoint\",\"urlTemplate\":\"https:\/\/www.welovecycling.com\/pl\/?s={search_term_string}\"},\"query-input\":{\"@type\":\"PropertyValueSpecification\",\"valueRequired\":true,\"valueName\":\"search_term_string\"}}],\"inLanguage\":\"pl-PL\"},{\"@type\":\"Person\",\"@id\":\"https:\/\/www.welovecycling.com\/pl\/#\/schema\/person\/bf06ed916a1ef16618807fb60d2ebe42\",\"name\":\"rafal\",\"image\":{\"@type\":\"ImageObject\",\"inLanguage\":\"pl-PL\",\"@id\":\"https:\/\/www.welovecycling.com\/pl\/#\/schema\/person\/image\/\",\"url\":\"https:\/\/secure.gravatar.com\/avatar\/203f240e63bee214f6f3a0dacbeb600c7829c09716c2b9ee3230c6961debcde2?s=96&d=mm&r=g\",\"contentUrl\":\"https:\/\/secure.gravatar.com\/avatar\/203f240e63bee214f6f3a0dacbeb600c7829c09716c2b9ee3230c6961debcde2?s=96&d=mm&r=g\",\"caption\":\"rafal\"},\"url\":\"https:\/\/www.welovecycling.com\/pl\/author\/rafal\/\"}]}<\/script>\n<!-- \/ Yoast SEO Premium plugin. -->","yoast_head_json":{"title":"Pierwsza kobieta, kt\u00f3ra przemierzy\u0142a ca\u0142y \u015bwiat na dw\u00f3ch k\u00f3\u0142kach - \u0160koda We Love Cycling - Poland","robots":{"index":"index","follow":"follow","max-snippet":"max-snippet:-1","max-image-preview":"max-image-preview:large","max-video-preview":"max-video-preview:-1"},"canonical":"https:\/\/www.welovecycling.com\/pl\/2022\/05\/09\/pierwsza-kobieta-ktora-przemierzyla-caly-swiat-na-dwoch-kolkach\/","og_locale":"pl_PL","og_type":"article","og_title":"Pierwsza kobieta, kt\u00f3ra przemierzy\u0142a ca\u0142y \u015bwiat na dw\u00f3ch k\u00f3\u0142kach","og_description":"Wok\u00f3\u0142 historii tej niezwyk\u0142ej osoby kr\u0105\u017c\u0105 dziesi\u0105tki mit\u00f3w. Jak to jednak zwykle bywa z legendami, nie wszystkie s\u0105 prawdziwe. Ale [&hellip;]","og_url":"https:\/\/www.welovecycling.com\/pl\/2022\/05\/09\/pierwsza-kobieta-ktora-przemierzyla-caly-swiat-na-dwoch-kolkach\/","og_site_name":"\u0160koda We Love Cycling - Poland","article_published_time":"2022-05-09T09:37:54+00:00","og_image":[{"width":1024,"height":450,"url":"https:\/\/d2p6e6u75xmxt8.cloudfront.net\/5\/2022\/05\/londonderry-CVR-1024x450-1.jpg","type":"image\/jpeg"}],"author":"rafal","twitter_card":"summary_large_image","twitter_misc":{"Written by":"Tereza Antonova","Est. reading time":"3 minutes"},"schema":{"@context":"https:\/\/schema.org","@graph":[{"@type":"WebPage","@id":"https:\/\/www.welovecycling.com\/pl\/2022\/05\/09\/pierwsza-kobieta-ktora-przemierzyla-caly-swiat-na-dwoch-kolkach\/","url":"https:\/\/www.welovecycling.com\/pl\/2022\/05\/09\/pierwsza-kobieta-ktora-przemierzyla-caly-swiat-na-dwoch-kolkach\/","name":"Pierwsza kobieta, kt\u00f3ra przemierzy\u0142a ca\u0142y \u015bwiat na dw\u00f3ch k\u00f3\u0142kach - \u0160koda We Love Cycling - Poland","isPartOf":{"@id":"https:\/\/www.welovecycling.com\/pl\/#website"},"primaryImageOfPage":{"@id":"https:\/\/www.welovecycling.com\/pl\/2022\/05\/09\/pierwsza-kobieta-ktora-przemierzyla-caly-swiat-na-dwoch-kolkach\/#primaryimage"},"image":{"@id":"https:\/\/www.welovecycling.com\/pl\/2022\/05\/09\/pierwsza-kobieta-ktora-przemierzyla-caly-swiat-na-dwoch-kolkach\/#primaryimage"},"thumbnailUrl":"https:\/\/d2p6e6u75xmxt8.cloudfront.net\/5\/2022\/05\/londonderry-CVR-1024x450-1.jpg","datePublished":"2022-05-09T09:37:54+00:00","author":{"@id":"https:\/\/www.welovecycling.com\/pl\/#\/schema\/person\/bf06ed916a1ef16618807fb60d2ebe42"},"breadcrumb":{"@id":"https:\/\/www.welovecycling.com\/pl\/2022\/05\/09\/pierwsza-kobieta-ktora-przemierzyla-caly-swiat-na-dwoch-kolkach\/#breadcrumb"},"inLanguage":"pl-PL","potentialAction":[{"@type":"ReadAction","target":["https:\/\/www.welovecycling.com\/pl\/2022\/05\/09\/pierwsza-kobieta-ktora-przemierzyla-caly-swiat-na-dwoch-kolkach\/"]}]},{"@type":"ImageObject","inLanguage":"pl-PL","@id":"https:\/\/www.welovecycling.com\/pl\/2022\/05\/09\/pierwsza-kobieta-ktora-przemierzyla-caly-swiat-na-dwoch-kolkach\/#primaryimage","url":"https:\/\/d2p6e6u75xmxt8.cloudfront.net\/5\/2022\/05\/londonderry-CVR-1024x450-1.jpg","contentUrl":"https:\/\/d2p6e6u75xmxt8.cloudfront.net\/5\/2022\/05\/londonderry-CVR-1024x450-1.jpg","width":1024,"height":450},{"@type":"BreadcrumbList","@id":"https:\/\/www.welovecycling.com\/pl\/2022\/05\/09\/pierwsza-kobieta-ktora-przemierzyla-caly-swiat-na-dwoch-kolkach\/#breadcrumb","itemListElement":[{"@type":"ListItem","position":1,"name":"Home","item":"https:\/\/www.welovecycling.com\/pl\/"},{"@type":"ListItem","position":2,"name":"Pierwsza kobieta, kt\u00f3ra przemierzy\u0142a ca\u0142y \u015bwiat na dw\u00f3ch k\u00f3\u0142kach"}]},{"@type":"WebSite","@id":"https:\/\/www.welovecycling.com\/pl\/#website","url":"https:\/\/www.welovecycling.com\/pl\/","name":"\u0160koda We Love Cycling - Poland","description":"","potentialAction":[{"@type":"SearchAction","target":{"@type":"EntryPoint","urlTemplate":"https:\/\/www.welovecycling.com\/pl\/?s={search_term_string}"},"query-input":{"@type":"PropertyValueSpecification","valueRequired":true,"valueName":"search_term_string"}}],"inLanguage":"pl-PL"},{"@type":"Person","@id":"https:\/\/www.welovecycling.com\/pl\/#\/schema\/person\/bf06ed916a1ef16618807fb60d2ebe42","name":"rafal","image":{"@type":"ImageObject","inLanguage":"pl-PL","@id":"https:\/\/www.welovecycling.com\/pl\/#\/schema\/person\/image\/","url":"https:\/\/secure.gravatar.com\/avatar\/203f240e63bee214f6f3a0dacbeb600c7829c09716c2b9ee3230c6961debcde2?s=96&d=mm&r=g","contentUrl":"https:\/\/secure.gravatar.com\/avatar\/203f240e63bee214f6f3a0dacbeb600c7829c09716c2b9ee3230c6961debcde2?s=96&d=mm&r=g","caption":"rafal"},"url":"https:\/\/www.welovecycling.com\/pl\/author\/rafal\/"}]}},"_links":{"self":[{"href":"https:\/\/www.welovecycling.com\/pl\/wp-json\/wp\/v2\/posts\/12854","targetHints":{"allow":["GET"]}}],"collection":[{"href":"https:\/\/www.welovecycling.com\/pl\/wp-json\/wp\/v2\/posts"}],"about":[{"href":"https:\/\/www.welovecycling.com\/pl\/wp-json\/wp\/v2\/types\/post"}],"author":[{"embeddable":true,"href":"https:\/\/www.welovecycling.com\/pl\/wp-json\/wp\/v2\/users\/153"}],"replies":[{"embeddable":true,"href":"https:\/\/www.welovecycling.com\/pl\/wp-json\/wp\/v2\/comments?post=12854"}],"version-history":[{"count":2,"href":"https:\/\/www.welovecycling.com\/pl\/wp-json\/wp\/v2\/posts\/12854\/revisions"}],"predecessor-version":[{"id":12858,"href":"https:\/\/www.welovecycling.com\/pl\/wp-json\/wp\/v2\/posts\/12854\/revisions\/12858"}],"wp:featuredmedia":[{"embeddable":true,"href":"https:\/\/www.welovecycling.com\/pl\/wp-json\/wp\/v2\/media\/12856"}],"wp:attachment":[{"href":"https:\/\/www.welovecycling.com\/pl\/wp-json\/wp\/v2\/media?parent=12854"}],"wp:term":[{"taxonomy":"category","embeddable":true,"href":"https:\/\/www.welovecycling.com\/pl\/wp-json\/wp\/v2\/categories?post=12854"},{"taxonomy":"post_tag","embeddable":true,"href":"https:\/\/www.welovecycling.com\/pl\/wp-json\/wp\/v2\/tags?post=12854"},{"taxonomy":"global-categories","embeddable":true,"href":"https:\/\/www.welovecycling.com\/pl\/wp-json\/wp\/v2\/global-categories?post=12854"}],"curies":[{"name":"wp","href":"https:\/\/api.w.org\/{rel}","templated":true}]}}