{"id":12844,"date":"2022-05-06T12:00:38","date_gmt":"2022-05-06T12:00:38","guid":{"rendered":"https:\/\/www.welovecycling.com\/pl\/?p=12844"},"modified":"2022-05-17T07:20:10","modified_gmt":"2022-05-17T07:20:10","slug":"tak-wyglada-kolarstwo-w-rozowych-okularach-czas-na-wielkie-sciganie","status":"publish","type":"post","link":"https:\/\/www.welovecycling.com\/pl\/2022\/05\/06\/tak-wyglada-kolarstwo-w-rozowych-okularach-czas-na-wielkie-sciganie\/","title":{"rendered":"Tak wygl\u0105da kolarstwo w r\u00f3\u017cowych okularach\u2026 Czas na wielkie \u015bciganie!"},"content":{"rendered":"<p><strong>Na ten wy\u015bcig czeka ca\u0142y kolarski \u015bwiat! Dzi\u015b startuje Giro d\u2019Italia, a pierwszy etap odbywa si\u0119\u2026 250 km od polskiej granicy.<\/strong><\/p>\n<p>Trzy pa\u0144stwa, 21 etap\u00f3w, \u0142\u0105cznie 3445 km. 22 dru\u017cyny, 176 zawodnik\u00f3w, ale tylko jedna r\u00f3\u017cowa koszulka dla zwyci\u0119zcy. Na takie \u015bciganie fani kolarstwa czekali miesi\u0105cami. I dzi\u015b w ko\u0144cu si\u0119 doczekali.<\/p>\n<p>Tak blisko wielkiej kolarskiej imprezy Polacy nie byli ju\u017c dawno. Co prawda co roku nad Wis\u0142\u0105 mamy okazj\u0119 go\u015bci\u0107 czo\u0142owych zawodnik\u00f3w podczas Tour de Pologne, ale Giro d\u2019Italia to absolutny top top\u00f3w \u2013 jeden z trzech tzw. Wielkich Tour\u00f3w \u2013 kt\u00f3ry w tym roku rozpoczyna si\u0119 na W\u0119grzech.<\/p>\n<div class=\"embed-controller-wrapper\">\n<blockquote class=\"twitter-tweet\" data-width=\"500\" data-dnt=\"true\">\n<p lang=\"en\" dir=\"ltr\">Budapest \ud83c\udded\ud83c\uddfa\u2022&gt;\u2022&gt;\u2022&gt;\u2022&gt;\u2022\ud83c\uddee\ud83c\uddf9 Verona<\/p>\n<p>\ud83e\udd29 Are you ready?<\/p>\n<p>\ud83e\udd29 Siete pronti?<a href=\"https:\/\/twitter.com\/hashtag\/Giro?src=hash&amp;ref_src=twsrc%5Etfw\">#Giro<\/a> <a href=\"https:\/\/t.co\/82jtncxaRk\">pic.twitter.com\/82jtncxaRk<\/a><\/p>\n<p>&mdash; Giro d&#39;Italia (@giroditalia) <a href=\"https:\/\/twitter.com\/giroditalia\/status\/1521940870911643652?ref_src=twsrc%5Etfw\">May 4, 2022<\/a><\/p><\/blockquote>\n<p><script async data-src=\"https:\/\/platform.twitter.com\/widgets.js\" charset=\"utf-8\"><\/script><\/div>\n<h2><strong>W\u0119gry, wulkan, g\u00f3ry<\/strong><\/h2>\n<p>105. Giro d\u2019Italia zainauguruje pi\u0105tkowy 195-kilometrowy etap z Budapesztu do Wyszehradu. W sobot\u0119 zawodnicy pojad\u0105 9-kilometrow\u0105 czas\u00f3wk\u0119 po stolicy W\u0119gier, a w niedziel\u0119 pokonaj\u0105 201 km z Kaposvar do Balatonfured, kt\u00f3ry le\u017cy u brzeg\u00f3w Balatonu.<\/p>\n<p>https:\/\/twitter.com\/IntermarcheWG\/status\/1187401510558294029\/photo\/1<\/p>\n<p>P\u00f3\u017aniej zawodnicy przenios\u0105 si\u0119 na Sycyli\u0119, gdzie b\u0119d\u0105 musieli wdrapa\u0107 si\u0119 na Etn\u0119. Nast\u0119pnie zalicz\u0105 dziewi\u0119\u0107 p\u0142askich i pag\u00f3rkowatych etap\u00f3w przedzielonych g\u00f3rskim Isernia \u2013 Blockhaus. Wy\u015bcig rozstrzygnie si\u0119 w ostatnim tygodniu, gdy kolarze a\u017c czterokrotnie b\u0119d\u0105 musieli zmierzy\u0107 si\u0119 z pot\u0119\u017cnymi podjazdami. Ca\u0142e \u015bciganie zako\u0144czy czas\u00f3wka po Weronie z met\u0105 w tamtejszym amfiteatrze.<\/p>\n<div class=\"embed-controller-wrapper\">\n<blockquote class=\"twitter-tweet\" data-width=\"500\" data-dnt=\"true\">\n<p lang=\"en\" dir=\"ltr\">\ud83c\uddec\ud83c\udde7 All across Italy chasing a dream, beauty all around, and lots of hard work. Just one thing in mind: Verona&#8230; in Pink <\/p>\n<p>\ud83c\uddee\ud83c\uddf9 Attraverso l&#39;Italia, attraverso un sogno, attraverso bellezza e fatica. In testa solo il Rosa. In testa, Verona.<a href=\"https:\/\/twitter.com\/hashtag\/giro?src=hash&amp;ref_src=twsrc%5Etfw\">#giro<\/a> <a href=\"https:\/\/twitter.com\/hashtag\/giroditalia?src=hash&amp;ref_src=twsrc%5Etfw\">#giroditalia<\/a> <a href=\"https:\/\/t.co\/f2LuAUxbmw\">pic.twitter.com\/f2LuAUxbmw<\/a><\/p>\n<p>&mdash; Giro d&#39;Italia (@giroditalia) <a href=\"https:\/\/twitter.com\/giroditalia\/status\/1520067502994333698?ref_src=twsrc%5Etfw\">April 29, 2022<\/a><\/p><\/blockquote>\n<p><script async data-src=\"https:\/\/platform.twitter.com\/widgets.js\" charset=\"utf-8\"><\/script><\/div>\n<p>A dok\u0142adn\u0105 charakterystyk\u0119 poszczeg\u00f3lnych etap\u00f3w mo\u017cecie zobaczy\u0107 poni\u017cej:<\/p>\n<div class=\"embed-controller-wrapper\">\n<blockquote class=\"twitter-tweet\" data-width=\"500\" data-dnt=\"true\">\n<p lang=\"en\" dir=\"ltr\">GIRO D&#39;ITALIA (6\/5-29\/5) | <a href=\"https:\/\/twitter.com\/hashtag\/Giro105?src=hash&amp;ref_src=twsrc%5Etfw\">#Giro105<\/a><\/p>\n<p>Giro in 1 pic. Minor updates in many stage profiles compared to original route presentation. #12 &amp; #14 are now &#39;easier&#39;. Total of 26.6 km of ITT. Last climb of stage is not always MTF or toughest one in the last third of Giro. #1 road, #2 ITT. <a href=\"https:\/\/t.co\/xOejFMfts5\">pic.twitter.com\/xOejFMfts5<\/a><\/p>\n<p>&mdash; ammattipy\u00f6r\u00e4ily (@ammattipyoraily) <a href=\"https:\/\/twitter.com\/ammattipyoraily\/status\/1514157647024508929?ref_src=twsrc%5Etfw\">April 13, 2022<\/a><\/p><\/blockquote>\n<p><script async data-src=\"https:\/\/platform.twitter.com\/widgets.js\" charset=\"utf-8\"><\/script><\/div>\n<h2><strong>\u015amietanka powalczy o zwyci\u0119stwo <\/strong><\/h2>\n<p>W Giro d\u2019Italia wyst\u0105pi\u0105 22 dru\u017cyny, czyli 176 zawodnik\u00f3w, a w\u015br\u00f3d nich jeden Polak \u2013 Cesare Benedetti (BORA-hansgrohe). Na starcie nie b\u0119dzie ubieg\u0142orocznego zwyci\u0119zcy Egana Bernala (Ineos Grenadiers), kt\u00f3ry na pocz\u0105tku roku mia\u0142 powa\u017cny wypadek i powoli wraca do formy. Podczas Giro zast\u0105pi go kolega z zespo\u0142u, Richard Carapaz, kt\u00f3ry w\u0142oski tour wygra\u0142 w 2019 r.<\/p>\n<p>\u2013 Ju\u017c kilka miesi\u0119cy temu ustalili\u015bmy w zespole, \u017ce naszym celem jest wygrana w Giro d\u2019Italia. Chc\u0119 tego zar\u00f3wno ja, jak i ca\u0142a dru\u017cyna. Przyjechali\u015bmy tutaj mocno walczy\u0107 i liczymy, \u017ce wszystko p\u00f3jdzie po naszej my\u015bli. Mamy do\u015bwiadczenie, umiej\u0119tno\u015bci i dobry zesp\u00f3\u0142 \u2013 zapewnia Carapaz.<\/p>\n<div class=\"embed-controller-wrapper\">\n<blockquote class=\"twitter-tweet\" data-width=\"500\" data-dnt=\"true\">\n<p lang=\"en\" dir=\"ltr\">Golden sunset \ud83c\udf04\ud83e\udd47<a href=\"https:\/\/twitter.com\/RichardCarapazM?ref_src=twsrc%5Etfw\">@RichardCarapazM<\/a> <a href=\"https:\/\/twitter.com\/hashtag\/Giro?src=hash&amp;ref_src=twsrc%5Etfw\">#Giro<\/a> (\ud83d\udcf8 <a href=\"https:\/\/twitter.com\/alexduffill?ref_src=twsrc%5Etfw\">@alexduffill<\/a>) <a href=\"https:\/\/t.co\/3Z0iAZmUa4\">pic.twitter.com\/3Z0iAZmUa4<\/a><\/p>\n<p>&mdash; INEOS Grenadiers (@INEOSGrenadiers) <a href=\"https:\/\/twitter.com\/INEOSGrenadiers\/status\/1521924673742774273?ref_src=twsrc%5Etfw\">May 4, 2022<\/a><\/p><\/blockquote>\n<p><script async data-src=\"https:\/\/platform.twitter.com\/widgets.js\" charset=\"utf-8\"><\/script><\/div>\n<p>Ca\u0142a ekipa Ineos Grenadiers szczeg\u00f3ln\u0105 uwag\u0119 b\u0119dzie musia\u0142a zwr\u00f3ci\u0107 na zesp\u00f3\u0142 UAE Team Emirates. Co prawda ich lider \u2013 Tadej Pogacar \u2013 skupia si\u0119 na trzecim zwyci\u0119stwie z rz\u0119du w Tour de France i w Giro nie pojedzie, ale za to ekipa wystawia Joao Almeid\u0119.<\/p>\n<p>\u2013 Jestem szcz\u0119\u015bliwy, \u017ce wracam na Giro. Ca\u0142\u0105 dru\u017cyn\u0105 spr\u00f3bujemy spisa\u0107 si\u0119 tutaj jak najlepiej \u2013 zapowiada lider UAE Team Emirates.<\/p>\n<p>W\u015br\u00f3d faworyt\u00f3w wymienia si\u0119 r\u00f3wnie\u017c Simona Yatesa (BikeExchange-Jayco), Mikela Land\u0119 (Bahrain Victorious), Romaina Bardeta (Team DSM) i Toma Dumoulina (Jumbo-Visma).<\/p>\n<h2><strong>Oto marzenie ka\u017cdego zawodnika<\/strong><\/h2>\n<p>Kolarze b\u0119d\u0105 walczyli o koszulki w czterech indywidulanych klasyfikacjach (generalna, punktowa, g\u00f3rska, m\u0142odzie\u017cowa), a tegoroczne trykoty prezentuj\u0105 si\u0119 tak:<\/p>\n<div class=\"embed-controller-wrapper\">\n<blockquote class=\"twitter-tweet\" data-width=\"500\" data-dnt=\"true\">\n<p lang=\"it\" dir=\"ltr\">\ud83e\udd29 These are the Jerseys of the Giro d&#39;Italia 2022! <\/p>\n<p>\ud83e\udd29 Queste sono le Maglie del Giro d&#39;Italia 2022!<\/p>\n<p>\ud83d\udc96\ud83d\udc9c\ud83d\udc99\ud83e\udd0d <a href=\"https:\/\/twitter.com\/hashtag\/Giro?src=hash&amp;ref_src=twsrc%5Etfw\">#Giro<\/a> <a href=\"https:\/\/t.co\/QmGcXhManq\">pic.twitter.com\/QmGcXhManq<\/a><\/p>\n<p>&mdash; Giro d&#39;Italia (@giroditalia) <a href=\"https:\/\/twitter.com\/giroditalia\/status\/1521908478390022144?ref_src=twsrc%5Etfw\">May 4, 2022<\/a><\/p><\/blockquote>\n<p><script async data-src=\"https:\/\/platform.twitter.com\/widgets.js\" charset=\"utf-8\"><\/script><\/div>\n<p>Marzeniem ka\u017cdego ze 176 zawodnik\u00f3w jest jednak si\u0119gni\u0119cie po to trofeum:<\/p>\n<div class=\"embed-controller-wrapper\">\n<blockquote class=\"twitter-tweet\" data-width=\"500\" data-dnt=\"true\">\n<p lang=\"en\" dir=\"ltr\">\u267e This is a story that takes place every year for three weeks, each time featuring new champions, new adventures, and new chapters. Ladies and gentlemen, the Trofeo Senza Fine <a href=\"https:\/\/twitter.com\/hashtag\/Giro?src=hash&amp;ref_src=twsrc%5Etfw\">#Giro<\/a> <a href=\"https:\/\/t.co\/zrtd4TncFW\">pic.twitter.com\/zrtd4TncFW<\/a><\/p>\n<p>&mdash; Giro d&#39;Italia (@giroditalia) <a href=\"https:\/\/twitter.com\/giroditalia\/status\/1521906102128058369?ref_src=twsrc%5Etfw\">May 4, 2022<\/a><\/p><\/blockquote>\n<p><script async data-src=\"https:\/\/platform.twitter.com\/widgets.js\" charset=\"utf-8\"><\/script><\/div>\n<p>Przypomnijmy \u2013 Giro d\u2019Italia zaczyna si\u0119 dzi\u015b w Budapeszcie, a zako\u0144czy 29 maja w Weronie.<\/p>\n<p><span data-sheets-value=\"{&quot;1&quot;:2,&quot;2&quot;:&quot;Artyku\u0142 powsta\u0142 we wsp\u00f3\u0142pracy ze skoda-auto.pl&quot;}\" data-sheets-userformat=\"{&quot;2&quot;:1,&quot;3&quot;:{&quot;1&quot;:0}}\" data-sheets-hyperlink=\"http:\/\/www.skoda-auto.pl\/\"><a class=\"in-cell-link\" href=\"http:\/\/www.skoda-auto.pl\/\" target=\"_blank\" rel=\"noopener noreferrer\">Artyku\u0142 powsta\u0142 we wsp\u00f3\u0142pracy ze skoda-auto.pl<\/a><\/span><\/p>\n<p><a href=\"https:\/\/www.skoda-auto.pl\/modele\/superb\"><img loading=\"lazy\" decoding=\"async\" class=\"alignnone size-full wp-image-11628 aligncenter\" src=\"https:\/\/d2p6e6u75xmxt8.cloudfront.net\/5\/2021\/12\/640x350-2-1.jpg\" alt=\"\" width=\"640\" height=\"350\" srcset=\"https:\/\/d2p6e6u75xmxt8.cloudfront.net\/5\/2021\/12\/640x350-2-1.jpg 640w, https:\/\/d2p6e6u75xmxt8.cloudfront.net\/5\/2021\/12\/640x350-2-1-300x164.jpg 300w\" sizes=\"auto, (max-width: 640px) 100vw, 640px\" \/><\/a><\/p>\n","protected":false},"excerpt":{"rendered":"<p>Na ten wy\u015bcig czeka ca\u0142y kolarski \u015bwiat! Dzi\u015b startuje Giro d\u2019Italia, a pierwszy etap odbywa si\u0119\u2026 250 km od polskiej [&hellip;]<\/p>\n","protected":false},"author":153,"featured_media":12852,"comment_status":"open","ping_status":"open","sticky":false,"template":"","format":"standard","meta":{"footnotes":""},"categories":[295],"tags":[362],"global-categories":[303],"class_list":["post-12844","post","type-post","status-publish","format-standard","has-post-thumbnail","hentry","category-zawody","tag-piotr-nowik","global-categories-cycling"],"yoast_head":"<!-- This site is optimized with the Yoast SEO Premium plugin v25.3 (Yoast SEO v25.9) - https:\/\/yoast.com\/wordpress\/plugins\/seo\/ -->\n<title>Tak wygl\u0105da kolarstwo w r\u00f3\u017cowych okularach\u2026 Czas na wielkie \u015bciganie! - \u0160koda We Love Cycling - Poland<\/title>\n<meta name=\"robots\" content=\"index, follow, max-snippet:-1, max-image-preview:large, max-video-preview:-1\" \/>\n<link rel=\"canonical\" href=\"https:\/\/www.welovecycling.com\/pl\/2022\/05\/06\/tak-wyglada-kolarstwo-w-rozowych-okularach-czas-na-wielkie-sciganie\/\" \/>\n<meta property=\"og:locale\" content=\"pl_PL\" \/>\n<meta property=\"og:type\" content=\"article\" \/>\n<meta property=\"og:title\" content=\"Tak wygl\u0105da kolarstwo w r\u00f3\u017cowych okularach\u2026 Czas na wielkie \u015bciganie!\" \/>\n<meta property=\"og:description\" content=\"Na ten wy\u015bcig czeka ca\u0142y kolarski \u015bwiat! Dzi\u015b startuje Giro d\u2019Italia, a pierwszy etap odbywa si\u0119\u2026 250 km od polskiej [&hellip;]\" \/>\n<meta property=\"og:url\" content=\"https:\/\/www.welovecycling.com\/pl\/2022\/05\/06\/tak-wyglada-kolarstwo-w-rozowych-okularach-czas-na-wielkie-sciganie\/\" \/>\n<meta property=\"og:site_name\" content=\"\u0160koda We Love Cycling - Poland\" \/>\n<meta property=\"article:published_time\" content=\"2022-05-06T12:00:38+00:00\" \/>\n<meta property=\"article:modified_time\" content=\"2022-05-17T07:20:10+00:00\" \/>\n<meta property=\"og:image\" content=\"https:\/\/d2p6e6u75xmxt8.cloudfront.net\/5\/2022\/05\/2021-Giro-profimedia-0613216029-CVR.jpg\" \/>\n\t<meta property=\"og:image:width\" content=\"990\" \/>\n\t<meta property=\"og:image:height\" content=\"660\" \/>\n\t<meta property=\"og:image:type\" content=\"image\/jpeg\" \/>\n<meta name=\"author\" content=\"rafal\" \/>\n<meta name=\"twitter:card\" content=\"summary_large_image\" \/>\n<meta name=\"twitter:label1\" content=\"Written by\" \/>\n\t<meta name=\"twitter:data1\" content=\"Piotr Nowik\" \/>\n\t<meta name=\"twitter:label2\" content=\"Est. reading time\" \/>\n\t<meta name=\"twitter:data2\" content=\"3 minutes\" \/>\n<script type=\"application\/ld+json\" class=\"yoast-schema-graph\">{\"@context\":\"https:\/\/schema.org\",\"@graph\":[{\"@type\":\"WebPage\",\"@id\":\"https:\/\/www.welovecycling.com\/pl\/2022\/05\/06\/tak-wyglada-kolarstwo-w-rozowych-okularach-czas-na-wielkie-sciganie\/\",\"url\":\"https:\/\/www.welovecycling.com\/pl\/2022\/05\/06\/tak-wyglada-kolarstwo-w-rozowych-okularach-czas-na-wielkie-sciganie\/\",\"name\":\"Tak wygl\u0105da kolarstwo w r\u00f3\u017cowych okularach\u2026 Czas na wielkie \u015bciganie! - \u0160koda We Love Cycling - Poland\",\"isPartOf\":{\"@id\":\"https:\/\/www.welovecycling.com\/pl\/#website\"},\"primaryImageOfPage\":{\"@id\":\"https:\/\/www.welovecycling.com\/pl\/2022\/05\/06\/tak-wyglada-kolarstwo-w-rozowych-okularach-czas-na-wielkie-sciganie\/#primaryimage\"},\"image\":{\"@id\":\"https:\/\/www.welovecycling.com\/pl\/2022\/05\/06\/tak-wyglada-kolarstwo-w-rozowych-okularach-czas-na-wielkie-sciganie\/#primaryimage\"},\"thumbnailUrl\":\"https:\/\/d2p6e6u75xmxt8.cloudfront.net\/5\/2022\/05\/2021-Giro-profimedia-0613216029-CVR.jpg\",\"datePublished\":\"2022-05-06T12:00:38+00:00\",\"dateModified\":\"2022-05-17T07:20:10+00:00\",\"author\":{\"@id\":\"https:\/\/www.welovecycling.com\/pl\/#\/schema\/person\/bf06ed916a1ef16618807fb60d2ebe42\"},\"breadcrumb\":{\"@id\":\"https:\/\/www.welovecycling.com\/pl\/2022\/05\/06\/tak-wyglada-kolarstwo-w-rozowych-okularach-czas-na-wielkie-sciganie\/#breadcrumb\"},\"inLanguage\":\"pl-PL\",\"potentialAction\":[{\"@type\":\"ReadAction\",\"target\":[\"https:\/\/www.welovecycling.com\/pl\/2022\/05\/06\/tak-wyglada-kolarstwo-w-rozowych-okularach-czas-na-wielkie-sciganie\/\"]}]},{\"@type\":\"ImageObject\",\"inLanguage\":\"pl-PL\",\"@id\":\"https:\/\/www.welovecycling.com\/pl\/2022\/05\/06\/tak-wyglada-kolarstwo-w-rozowych-okularach-czas-na-wielkie-sciganie\/#primaryimage\",\"url\":\"https:\/\/d2p6e6u75xmxt8.cloudfront.net\/5\/2022\/05\/2021-Giro-profimedia-0613216029-CVR.jpg\",\"contentUrl\":\"https:\/\/d2p6e6u75xmxt8.cloudfront.net\/5\/2022\/05\/2021-Giro-profimedia-0613216029-CVR.jpg\",\"width\":990,\"height\":660},{\"@type\":\"BreadcrumbList\",\"@id\":\"https:\/\/www.welovecycling.com\/pl\/2022\/05\/06\/tak-wyglada-kolarstwo-w-rozowych-okularach-czas-na-wielkie-sciganie\/#breadcrumb\",\"itemListElement\":[{\"@type\":\"ListItem\",\"position\":1,\"name\":\"Home\",\"item\":\"https:\/\/www.welovecycling.com\/pl\/\"},{\"@type\":\"ListItem\",\"position\":2,\"name\":\"Tak wygl\u0105da kolarstwo w r\u00f3\u017cowych okularach\u2026 Czas na wielkie \u015bciganie!\"}]},{\"@type\":\"WebSite\",\"@id\":\"https:\/\/www.welovecycling.com\/pl\/#website\",\"url\":\"https:\/\/www.welovecycling.com\/pl\/\",\"name\":\"\u0160koda We Love Cycling - Poland\",\"description\":\"\",\"potentialAction\":[{\"@type\":\"SearchAction\",\"target\":{\"@type\":\"EntryPoint\",\"urlTemplate\":\"https:\/\/www.welovecycling.com\/pl\/?s={search_term_string}\"},\"query-input\":{\"@type\":\"PropertyValueSpecification\",\"valueRequired\":true,\"valueName\":\"search_term_string\"}}],\"inLanguage\":\"pl-PL\"},{\"@type\":\"Person\",\"@id\":\"https:\/\/www.welovecycling.com\/pl\/#\/schema\/person\/bf06ed916a1ef16618807fb60d2ebe42\",\"name\":\"rafal\",\"image\":{\"@type\":\"ImageObject\",\"inLanguage\":\"pl-PL\",\"@id\":\"https:\/\/www.welovecycling.com\/pl\/#\/schema\/person\/image\/\",\"url\":\"https:\/\/secure.gravatar.com\/avatar\/203f240e63bee214f6f3a0dacbeb600c7829c09716c2b9ee3230c6961debcde2?s=96&d=mm&r=g\",\"contentUrl\":\"https:\/\/secure.gravatar.com\/avatar\/203f240e63bee214f6f3a0dacbeb600c7829c09716c2b9ee3230c6961debcde2?s=96&d=mm&r=g\",\"caption\":\"rafal\"},\"url\":\"https:\/\/www.welovecycling.com\/pl\/author\/rafal\/\"}]}<\/script>\n<!-- \/ Yoast SEO Premium plugin. -->","yoast_head_json":{"title":"Tak wygl\u0105da kolarstwo w r\u00f3\u017cowych okularach\u2026 Czas na wielkie \u015bciganie! - \u0160koda We Love Cycling - Poland","robots":{"index":"index","follow":"follow","max-snippet":"max-snippet:-1","max-image-preview":"max-image-preview:large","max-video-preview":"max-video-preview:-1"},"canonical":"https:\/\/www.welovecycling.com\/pl\/2022\/05\/06\/tak-wyglada-kolarstwo-w-rozowych-okularach-czas-na-wielkie-sciganie\/","og_locale":"pl_PL","og_type":"article","og_title":"Tak wygl\u0105da kolarstwo w r\u00f3\u017cowych okularach\u2026 Czas na wielkie \u015bciganie!","og_description":"Na ten wy\u015bcig czeka ca\u0142y kolarski \u015bwiat! Dzi\u015b startuje Giro d\u2019Italia, a pierwszy etap odbywa si\u0119\u2026 250 km od polskiej [&hellip;]","og_url":"https:\/\/www.welovecycling.com\/pl\/2022\/05\/06\/tak-wyglada-kolarstwo-w-rozowych-okularach-czas-na-wielkie-sciganie\/","og_site_name":"\u0160koda We Love Cycling - Poland","article_published_time":"2022-05-06T12:00:38+00:00","article_modified_time":"2022-05-17T07:20:10+00:00","og_image":[{"width":990,"height":660,"url":"https:\/\/d2p6e6u75xmxt8.cloudfront.net\/5\/2022\/05\/2021-Giro-profimedia-0613216029-CVR.jpg","type":"image\/jpeg"}],"author":"rafal","twitter_card":"summary_large_image","twitter_misc":{"Written by":"Piotr Nowik","Est. reading time":"3 minutes"},"schema":{"@context":"https:\/\/schema.org","@graph":[{"@type":"WebPage","@id":"https:\/\/www.welovecycling.com\/pl\/2022\/05\/06\/tak-wyglada-kolarstwo-w-rozowych-okularach-czas-na-wielkie-sciganie\/","url":"https:\/\/www.welovecycling.com\/pl\/2022\/05\/06\/tak-wyglada-kolarstwo-w-rozowych-okularach-czas-na-wielkie-sciganie\/","name":"Tak wygl\u0105da kolarstwo w r\u00f3\u017cowych okularach\u2026 Czas na wielkie \u015bciganie! - \u0160koda We Love Cycling - Poland","isPartOf":{"@id":"https:\/\/www.welovecycling.com\/pl\/#website"},"primaryImageOfPage":{"@id":"https:\/\/www.welovecycling.com\/pl\/2022\/05\/06\/tak-wyglada-kolarstwo-w-rozowych-okularach-czas-na-wielkie-sciganie\/#primaryimage"},"image":{"@id":"https:\/\/www.welovecycling.com\/pl\/2022\/05\/06\/tak-wyglada-kolarstwo-w-rozowych-okularach-czas-na-wielkie-sciganie\/#primaryimage"},"thumbnailUrl":"https:\/\/d2p6e6u75xmxt8.cloudfront.net\/5\/2022\/05\/2021-Giro-profimedia-0613216029-CVR.jpg","datePublished":"2022-05-06T12:00:38+00:00","dateModified":"2022-05-17T07:20:10+00:00","author":{"@id":"https:\/\/www.welovecycling.com\/pl\/#\/schema\/person\/bf06ed916a1ef16618807fb60d2ebe42"},"breadcrumb":{"@id":"https:\/\/www.welovecycling.com\/pl\/2022\/05\/06\/tak-wyglada-kolarstwo-w-rozowych-okularach-czas-na-wielkie-sciganie\/#breadcrumb"},"inLanguage":"pl-PL","potentialAction":[{"@type":"ReadAction","target":["https:\/\/www.welovecycling.com\/pl\/2022\/05\/06\/tak-wyglada-kolarstwo-w-rozowych-okularach-czas-na-wielkie-sciganie\/"]}]},{"@type":"ImageObject","inLanguage":"pl-PL","@id":"https:\/\/www.welovecycling.com\/pl\/2022\/05\/06\/tak-wyglada-kolarstwo-w-rozowych-okularach-czas-na-wielkie-sciganie\/#primaryimage","url":"https:\/\/d2p6e6u75xmxt8.cloudfront.net\/5\/2022\/05\/2021-Giro-profimedia-0613216029-CVR.jpg","contentUrl":"https:\/\/d2p6e6u75xmxt8.cloudfront.net\/5\/2022\/05\/2021-Giro-profimedia-0613216029-CVR.jpg","width":990,"height":660},{"@type":"BreadcrumbList","@id":"https:\/\/www.welovecycling.com\/pl\/2022\/05\/06\/tak-wyglada-kolarstwo-w-rozowych-okularach-czas-na-wielkie-sciganie\/#breadcrumb","itemListElement":[{"@type":"ListItem","position":1,"name":"Home","item":"https:\/\/www.welovecycling.com\/pl\/"},{"@type":"ListItem","position":2,"name":"Tak wygl\u0105da kolarstwo w r\u00f3\u017cowych okularach\u2026 Czas na wielkie \u015bciganie!"}]},{"@type":"WebSite","@id":"https:\/\/www.welovecycling.com\/pl\/#website","url":"https:\/\/www.welovecycling.com\/pl\/","name":"\u0160koda We Love Cycling - Poland","description":"","potentialAction":[{"@type":"SearchAction","target":{"@type":"EntryPoint","urlTemplate":"https:\/\/www.welovecycling.com\/pl\/?s={search_term_string}"},"query-input":{"@type":"PropertyValueSpecification","valueRequired":true,"valueName":"search_term_string"}}],"inLanguage":"pl-PL"},{"@type":"Person","@id":"https:\/\/www.welovecycling.com\/pl\/#\/schema\/person\/bf06ed916a1ef16618807fb60d2ebe42","name":"rafal","image":{"@type":"ImageObject","inLanguage":"pl-PL","@id":"https:\/\/www.welovecycling.com\/pl\/#\/schema\/person\/image\/","url":"https:\/\/secure.gravatar.com\/avatar\/203f240e63bee214f6f3a0dacbeb600c7829c09716c2b9ee3230c6961debcde2?s=96&d=mm&r=g","contentUrl":"https:\/\/secure.gravatar.com\/avatar\/203f240e63bee214f6f3a0dacbeb600c7829c09716c2b9ee3230c6961debcde2?s=96&d=mm&r=g","caption":"rafal"},"url":"https:\/\/www.welovecycling.com\/pl\/author\/rafal\/"}]}},"_links":{"self":[{"href":"https:\/\/www.welovecycling.com\/pl\/wp-json\/wp\/v2\/posts\/12844","targetHints":{"allow":["GET"]}}],"collection":[{"href":"https:\/\/www.welovecycling.com\/pl\/wp-json\/wp\/v2\/posts"}],"about":[{"href":"https:\/\/www.welovecycling.com\/pl\/wp-json\/wp\/v2\/types\/post"}],"author":[{"embeddable":true,"href":"https:\/\/www.welovecycling.com\/pl\/wp-json\/wp\/v2\/users\/153"}],"replies":[{"embeddable":true,"href":"https:\/\/www.welovecycling.com\/pl\/wp-json\/wp\/v2\/comments?post=12844"}],"version-history":[{"count":1,"href":"https:\/\/www.welovecycling.com\/pl\/wp-json\/wp\/v2\/posts\/12844\/revisions"}],"predecessor-version":[{"id":12853,"href":"https:\/\/www.welovecycling.com\/pl\/wp-json\/wp\/v2\/posts\/12844\/revisions\/12853"}],"wp:featuredmedia":[{"embeddable":true,"href":"https:\/\/www.welovecycling.com\/pl\/wp-json\/wp\/v2\/media\/12852"}],"wp:attachment":[{"href":"https:\/\/www.welovecycling.com\/pl\/wp-json\/wp\/v2\/media?parent=12844"}],"wp:term":[{"taxonomy":"category","embeddable":true,"href":"https:\/\/www.welovecycling.com\/pl\/wp-json\/wp\/v2\/categories?post=12844"},{"taxonomy":"post_tag","embeddable":true,"href":"https:\/\/www.welovecycling.com\/pl\/wp-json\/wp\/v2\/tags?post=12844"},{"taxonomy":"global-categories","embeddable":true,"href":"https:\/\/www.welovecycling.com\/pl\/wp-json\/wp\/v2\/global-categories?post=12844"}],"curies":[{"name":"wp","href":"https:\/\/api.w.org\/{rel}","templated":true}]}}