{"id":1284,"date":"2016-07-01T09:46:25","date_gmt":"2016-07-01T09:46:25","guid":{"rendered":"http:\/\/skoda-rowery.pl\/?p=1284"},"modified":"2016-12-05T08:49:54","modified_gmt":"2016-12-05T08:49:54","slug":"czerwony-samochod-tour-de-france","status":"publish","type":"post","link":"https:\/\/www.welovecycling.com\/pl\/2016\/07\/01\/czerwony-samochod-tour-de-france\/","title":{"rendered":"Czerwony Samoch\u00f3d Tour de France"},"content":{"rendered":"<p style=\"text-align: justify\"><strong>Kierowanie Tour de France jest nie\u0142atwym zadaniem, wymagaj\u0105cym doskona\u0142ej organizacji i sprawnej komunikacji. W samym sercu sieci logistycznej, kontroluj\u0105cej wszystkie aspekty wy\u015bcigu, znajduje si\u0119 Czerwony Samoch\u00f3d &#8211; zmodyfikowane technologicznie mobilne centrum dowodzenia, z kt\u00f3rego dyrektor Tour de France, Christian Prudhomme, kieruje wy\u015bcigiem.<\/strong><br \/>\n<!--more--><\/p>\n<p style=\"text-align: justify\">Ka\u017cdego ranka Christian Prudhomme, dyrektor Tour de France, zasiada na tylnym siedzeniu specjalnie zmodyfikowanej \u0160KODY Superb. W oczekiwaniu na etap wy\u015bcigu rozgrywany danego dnia rozsiada si\u0119 wygodnie w przestronnym wn\u0119trzu pomimo swoich 190 cm wzrostu i cz\u0119stuje si\u0119 napojem z ma\u0142ej lod\u00f3wki stoj\u0105cej obok pulpitu sterowniczego. Kontaktuje si\u0119 przez radio z s\u0119dziami g\u0142\u00f3wnymi, \u0142\u0105czy si\u0119 z central\u0105 wy\u015bcigu. Nast\u0119pnie, gdy wszystko jest na swoim miejscu, daje zielone \u015bwiat\u0142o dla rozpocz\u0119cia etapu rozgrywanego danego dnia, prowadz\u0105c p\u0119dz\u0105cy peleton.<\/p>\n<p style=\"text-align: justify\">Rok po ostatnim faceliftingu \u0160koda Superb przygotowuje si\u0119, by zn\u00f3w znale\u017a\u0107 si\u0119 w \u015bwiatowym centrum uwagi jako oficjalny Czerwony Samoch\u00f3d w tegorocznym Tour de France. Dzi\u0119ki najbardziej przestrzennemu wn\u0119trzu w swoim segmencie, \u0160koda Superb jest idealnym mobilnym centrum dowodzenia do kierowania zawodami.<\/p>\n<p style=\"text-align: justify\">Zmodyfikowany samoch\u00f3d dysponuje imponuj\u0105c\u0105 gam\u0105 wyposa\u017cenia technicznego, w tym sze\u015bcioma antenami radiowymi na dachu, kilkoma mikrofonami i czterema kana\u0142ami radiowymi na pulpicie. To st\u0105d Prudhomme b\u0119dzie nadawa\u0107 i odbiera\u0107 polecenia i informacje oraz organizowa\u0107 ruch drogowy wok\u00f3\u0142 peletonu, pozostaj\u0105c w sta\u0142ym kontakcie z s\u0119dziami g\u0142\u00f3wnymi i innymi samochodami Tour de France.<\/p>\n<figure id=\"attachment_1288\" aria-describedby=\"caption-attachment-1288\" style=\"width: 1024px\" class=\"wp-caption alignnone\"><img loading=\"lazy\" decoding=\"async\" class=\"size-large wp-image-1288\" src=\"http:\/\/skoda-rowery.pl\/wp-content\/uploads\/2016\/07\/profimedia-0253223535-1024x730.jpg\" alt=\"Joaquim Rodriguez, vainqueur de l'etape.  12eme Etape du Tour de France. Plateau de Baille, FRANCE - 18\/07\/2015 \/FOURCADEFERNAND_1201007\/Credit:Fernand Fourcade\/SIPA\/1507181214, Image: 253223535, License: Rights-managed, Restrictions: , Model Release: no, Credit line: Profimedia, TEMP Sipa Press\" width=\"1024\" height=\"730\" srcset=\"https:\/\/d2p6e6u75xmxt8.cloudfront.net\/5\/2016\/07\/profimedia-0253223535-1024x730.jpg 1024w, https:\/\/d2p6e6u75xmxt8.cloudfront.net\/5\/2016\/07\/profimedia-0253223535-300x214.jpg 300w, https:\/\/d2p6e6u75xmxt8.cloudfront.net\/5\/2016\/07\/profimedia-0253223535-768x548.jpg 768w, https:\/\/d2p6e6u75xmxt8.cloudfront.net\/5\/2016\/07\/profimedia-0253223535.jpg 1800w\" sizes=\"auto, (max-width: 1024px) 100vw, 1024px\" \/><figcaption id=\"caption-attachment-1288\" class=\"wp-caption-text\">Joaquim Rodriguez, vainqueur de l&#8217;etape.<br \/>12eme Etape du Tour de France. Plateau de Baille, FRANCE &#8211; 18\/07\/2015<br \/>\/FOURCADEFERNAND_1201007\/Credit:Fernand Fourcade\/SIPA\/1507181214, Image: 253223535, License: Rights-managed, Restrictions: , Model Release: no, Credit line: Profimedia, TEMP Sipa Press<\/figcaption><\/figure>\n<p style=\"text-align: justify\">To st\u0105d b\u0119dzie r\u00f3wnie\u017c zapewnia\u0107 rozrywk\u0119 dygnitarzom, takim jak prezydent Francji i by\u0107 mo\u017ce kr\u00f3l Niderland\u00f3w Willem-Alexander, gotowy poda\u0107 im sch\u0142odzonego szampana z minibaru i pokazywa\u0107 panoramiczne widoki przez chowany szklany dach samochodu.<\/p>\n<p style=\"text-align: justify\">O \u0160KODZIE Superb Prudhomme m\u00f3wi: \u201e<em>Kocham moj\u0105 \u0160KOD\u0118 Superb. To fantastyczny samoch\u00f3d. Gilles Maignan, m\u00f3j kierowca ma 190 cm wzrostu \u2013 ja te\u017c tyle mam, a mog\u0119 usi\u0105\u015b\u0107 z ty\u0142u bardzo wygodnie &#8211; nawet skrzy\u017cowanie n\u00f3g nie stanowi problemu<\/em>\u201d.<\/p>\n<p style=\"text-align: justify\">Jako oficjalny Czerwony Samoch\u00f3d prowadz\u0105cy zawodnik\u00f3w \u0160koda Superb b\u0119dzie widoczna dla milion\u00f3w fan\u00f3w, szczeg\u00f3lnie, \u017ce jest to jedyny samoch\u00f3d, kt\u00f3remu wolno przekroczy\u0107 z zawodnikami lini\u0119 mety na ka\u017cdym etapie.<\/p>\n<p style=\"text-align: justify\">Tour de France b\u0119dzie rozgrywany od 2 do 24 lipca.<\/p>\n<p style=\"text-align: justify\">\u0160koda nap\u0119dza Tour de France. Ponad 120 lat temu za\u0142o\u017cyciele naszej marki spotkali si\u0119, by spe\u0142ni\u0107 swoje marzenie o produkcji rower\u00f3w. Zaczynali\u015bmy od dw\u00f3ch k\u00f3\u0142ek i dlatego nap\u0119dzamy wy\u015bcigi na ca\u0142ym \u015bwiecie, w tym Wielk\u0105 P\u0119tl\u0119.<\/p>\n<p style=\"text-align: justify\">\n","protected":false},"excerpt":{"rendered":"<p>Kierowanie Tour de France jest nie\u0142atwym zadaniem, wymagaj\u0105cym doskona\u0142ej organizacji i sprawnej komunikacji. W samym sercu sieci logistycznej, kontroluj\u0105cej wszystkie [&hellip;]<\/p>\n","protected":false},"author":1,"featured_media":1287,"comment_status":"open","ping_status":"closed","sticky":false,"template":"","format":"standard","meta":{"footnotes":""},"categories":[1],"tags":[66,77],"global-categories":[],"class_list":["post-1284","post","type-post","status-publish","format-standard","has-post-thumbnail","hentry","category-uncategorized","tag-skodanapedzarowery","tag-tour-de-france"],"yoast_head":"<!-- This site is optimized with the Yoast SEO Premium plugin v25.3 (Yoast SEO v25.9) - https:\/\/yoast.com\/wordpress\/plugins\/seo\/ -->\n<title>Czerwony Samoch\u00f3d Tour de France - \u0160koda We Love Cycling - Poland<\/title>\n<meta name=\"robots\" content=\"index, follow, max-snippet:-1, max-image-preview:large, max-video-preview:-1\" \/>\n<link rel=\"canonical\" href=\"https:\/\/www.welovecycling.com\/pl\/2016\/07\/01\/czerwony-samochod-tour-de-france\/\" \/>\n<meta property=\"og:locale\" content=\"pl_PL\" \/>\n<meta property=\"og:type\" content=\"article\" \/>\n<meta property=\"og:title\" content=\"Czerwony Samoch\u00f3d Tour de France\" \/>\n<meta property=\"og:description\" content=\"Kierowanie Tour de France jest nie\u0142atwym zadaniem, wymagaj\u0105cym doskona\u0142ej organizacji i sprawnej komunikacji. W samym sercu sieci logistycznej, kontroluj\u0105cej wszystkie [&hellip;]\" \/>\n<meta property=\"og:url\" content=\"https:\/\/www.welovecycling.com\/pl\/2016\/07\/01\/czerwony-samochod-tour-de-france\/\" \/>\n<meta property=\"og:site_name\" content=\"\u0160koda We Love Cycling - Poland\" \/>\n<meta property=\"article:published_time\" content=\"2016-07-01T09:46:25+00:00\" \/>\n<meta property=\"article:modified_time\" content=\"2016-12-05T08:49:54+00:00\" \/>\n<meta property=\"og:image\" content=\"https:\/\/d2p6e6u75xmxt8.cloudfront.net\/5\/2016\/07\/Superb_TDF_001.jpg\" \/>\n\t<meta property=\"og:image:width\" content=\"1375\" \/>\n\t<meta property=\"og:image:height\" content=\"600\" \/>\n\t<meta property=\"og:image:type\" content=\"image\/jpeg\" \/>\n<meta name=\"author\" content=\"WeLoveCycling\" \/>\n<meta name=\"twitter:card\" content=\"summary_large_image\" \/>\n<meta name=\"twitter:label1\" content=\"Written by\" \/>\n\t<meta name=\"twitter:data1\" content=\"WeLoveCycling\" \/>\n\t<meta name=\"twitter:label2\" content=\"Est. reading time\" \/>\n\t<meta name=\"twitter:data2\" content=\"2 minutes\" \/>\n<script type=\"application\/ld+json\" class=\"yoast-schema-graph\">{\"@context\":\"https:\/\/schema.org\",\"@graph\":[{\"@type\":\"WebPage\",\"@id\":\"https:\/\/www.welovecycling.com\/pl\/2016\/07\/01\/czerwony-samochod-tour-de-france\/\",\"url\":\"https:\/\/www.welovecycling.com\/pl\/2016\/07\/01\/czerwony-samochod-tour-de-france\/\",\"name\":\"Czerwony Samoch\u00f3d Tour de France - \u0160koda We Love Cycling - Poland\",\"isPartOf\":{\"@id\":\"https:\/\/www.welovecycling.com\/pl\/#website\"},\"primaryImageOfPage\":{\"@id\":\"https:\/\/www.welovecycling.com\/pl\/2016\/07\/01\/czerwony-samochod-tour-de-france\/#primaryimage\"},\"image\":{\"@id\":\"https:\/\/www.welovecycling.com\/pl\/2016\/07\/01\/czerwony-samochod-tour-de-france\/#primaryimage\"},\"thumbnailUrl\":\"https:\/\/d2p6e6u75xmxt8.cloudfront.net\/5\/2016\/07\/Superb_TDF_001.jpg\",\"datePublished\":\"2016-07-01T09:46:25+00:00\",\"dateModified\":\"2016-12-05T08:49:54+00:00\",\"author\":{\"@id\":\"https:\/\/www.welovecycling.com\/pl\/#\/schema\/person\/e5187c9cac8dd619ebc7b41bd73c2fd9\"},\"breadcrumb\":{\"@id\":\"https:\/\/www.welovecycling.com\/pl\/2016\/07\/01\/czerwony-samochod-tour-de-france\/#breadcrumb\"},\"inLanguage\":\"pl-PL\",\"potentialAction\":[{\"@type\":\"ReadAction\",\"target\":[\"https:\/\/www.welovecycling.com\/pl\/2016\/07\/01\/czerwony-samochod-tour-de-france\/\"]}]},{\"@type\":\"ImageObject\",\"inLanguage\":\"pl-PL\",\"@id\":\"https:\/\/www.welovecycling.com\/pl\/2016\/07\/01\/czerwony-samochod-tour-de-france\/#primaryimage\",\"url\":\"https:\/\/d2p6e6u75xmxt8.cloudfront.net\/5\/2016\/07\/Superb_TDF_001.jpg\",\"contentUrl\":\"https:\/\/d2p6e6u75xmxt8.cloudfront.net\/5\/2016\/07\/Superb_TDF_001.jpg\",\"width\":1375,\"height\":600},{\"@type\":\"BreadcrumbList\",\"@id\":\"https:\/\/www.welovecycling.com\/pl\/2016\/07\/01\/czerwony-samochod-tour-de-france\/#breadcrumb\",\"itemListElement\":[{\"@type\":\"ListItem\",\"position\":1,\"name\":\"Home\",\"item\":\"https:\/\/www.welovecycling.com\/pl\/\"},{\"@type\":\"ListItem\",\"position\":2,\"name\":\"Czerwony Samoch\u00f3d Tour de France\"}]},{\"@type\":\"WebSite\",\"@id\":\"https:\/\/www.welovecycling.com\/pl\/#website\",\"url\":\"https:\/\/www.welovecycling.com\/pl\/\",\"name\":\"\u0160koda We Love Cycling - Poland\",\"description\":\"\",\"potentialAction\":[{\"@type\":\"SearchAction\",\"target\":{\"@type\":\"EntryPoint\",\"urlTemplate\":\"https:\/\/www.welovecycling.com\/pl\/?s={search_term_string}\"},\"query-input\":{\"@type\":\"PropertyValueSpecification\",\"valueRequired\":true,\"valueName\":\"search_term_string\"}}],\"inLanguage\":\"pl-PL\"},{\"@type\":\"Person\",\"@id\":\"https:\/\/www.welovecycling.com\/pl\/#\/schema\/person\/e5187c9cac8dd619ebc7b41bd73c2fd9\",\"name\":\"WeLoveCycling\",\"image\":{\"@type\":\"ImageObject\",\"inLanguage\":\"pl-PL\",\"@id\":\"https:\/\/www.welovecycling.com\/pl\/#\/schema\/person\/image\/\",\"url\":\"https:\/\/secure.gravatar.com\/avatar\/7e1ee0ecc5e294b19ef32b9f6086e0afbb9da00c3cb0d465ba4695331f4a9187?s=96&d=mm&r=g\",\"contentUrl\":\"https:\/\/secure.gravatar.com\/avatar\/7e1ee0ecc5e294b19ef32b9f6086e0afbb9da00c3cb0d465ba4695331f4a9187?s=96&d=mm&r=g\",\"caption\":\"WeLoveCycling\"},\"url\":\"https:\/\/www.welovecycling.com\/pl\/author\/lukascech\/\"}]}<\/script>\n<!-- \/ Yoast SEO Premium plugin. -->","yoast_head_json":{"title":"Czerwony Samoch\u00f3d Tour de France - \u0160koda We Love Cycling - Poland","robots":{"index":"index","follow":"follow","max-snippet":"max-snippet:-1","max-image-preview":"max-image-preview:large","max-video-preview":"max-video-preview:-1"},"canonical":"https:\/\/www.welovecycling.com\/pl\/2016\/07\/01\/czerwony-samochod-tour-de-france\/","og_locale":"pl_PL","og_type":"article","og_title":"Czerwony Samoch\u00f3d Tour de France","og_description":"Kierowanie Tour de France jest nie\u0142atwym zadaniem, wymagaj\u0105cym doskona\u0142ej organizacji i sprawnej komunikacji. W samym sercu sieci logistycznej, kontroluj\u0105cej wszystkie [&hellip;]","og_url":"https:\/\/www.welovecycling.com\/pl\/2016\/07\/01\/czerwony-samochod-tour-de-france\/","og_site_name":"\u0160koda We Love Cycling - Poland","article_published_time":"2016-07-01T09:46:25+00:00","article_modified_time":"2016-12-05T08:49:54+00:00","og_image":[{"width":1375,"height":600,"url":"https:\/\/d2p6e6u75xmxt8.cloudfront.net\/5\/2016\/07\/Superb_TDF_001.jpg","type":"image\/jpeg"}],"author":"WeLoveCycling","twitter_card":"summary_large_image","twitter_misc":{"Written by":"WeLoveCycling","Est. reading time":"2 minutes"},"schema":{"@context":"https:\/\/schema.org","@graph":[{"@type":"WebPage","@id":"https:\/\/www.welovecycling.com\/pl\/2016\/07\/01\/czerwony-samochod-tour-de-france\/","url":"https:\/\/www.welovecycling.com\/pl\/2016\/07\/01\/czerwony-samochod-tour-de-france\/","name":"Czerwony Samoch\u00f3d Tour de France - \u0160koda We Love Cycling - Poland","isPartOf":{"@id":"https:\/\/www.welovecycling.com\/pl\/#website"},"primaryImageOfPage":{"@id":"https:\/\/www.welovecycling.com\/pl\/2016\/07\/01\/czerwony-samochod-tour-de-france\/#primaryimage"},"image":{"@id":"https:\/\/www.welovecycling.com\/pl\/2016\/07\/01\/czerwony-samochod-tour-de-france\/#primaryimage"},"thumbnailUrl":"https:\/\/d2p6e6u75xmxt8.cloudfront.net\/5\/2016\/07\/Superb_TDF_001.jpg","datePublished":"2016-07-01T09:46:25+00:00","dateModified":"2016-12-05T08:49:54+00:00","author":{"@id":"https:\/\/www.welovecycling.com\/pl\/#\/schema\/person\/e5187c9cac8dd619ebc7b41bd73c2fd9"},"breadcrumb":{"@id":"https:\/\/www.welovecycling.com\/pl\/2016\/07\/01\/czerwony-samochod-tour-de-france\/#breadcrumb"},"inLanguage":"pl-PL","potentialAction":[{"@type":"ReadAction","target":["https:\/\/www.welovecycling.com\/pl\/2016\/07\/01\/czerwony-samochod-tour-de-france\/"]}]},{"@type":"ImageObject","inLanguage":"pl-PL","@id":"https:\/\/www.welovecycling.com\/pl\/2016\/07\/01\/czerwony-samochod-tour-de-france\/#primaryimage","url":"https:\/\/d2p6e6u75xmxt8.cloudfront.net\/5\/2016\/07\/Superb_TDF_001.jpg","contentUrl":"https:\/\/d2p6e6u75xmxt8.cloudfront.net\/5\/2016\/07\/Superb_TDF_001.jpg","width":1375,"height":600},{"@type":"BreadcrumbList","@id":"https:\/\/www.welovecycling.com\/pl\/2016\/07\/01\/czerwony-samochod-tour-de-france\/#breadcrumb","itemListElement":[{"@type":"ListItem","position":1,"name":"Home","item":"https:\/\/www.welovecycling.com\/pl\/"},{"@type":"ListItem","position":2,"name":"Czerwony Samoch\u00f3d Tour de France"}]},{"@type":"WebSite","@id":"https:\/\/www.welovecycling.com\/pl\/#website","url":"https:\/\/www.welovecycling.com\/pl\/","name":"\u0160koda We Love Cycling - Poland","description":"","potentialAction":[{"@type":"SearchAction","target":{"@type":"EntryPoint","urlTemplate":"https:\/\/www.welovecycling.com\/pl\/?s={search_term_string}"},"query-input":{"@type":"PropertyValueSpecification","valueRequired":true,"valueName":"search_term_string"}}],"inLanguage":"pl-PL"},{"@type":"Person","@id":"https:\/\/www.welovecycling.com\/pl\/#\/schema\/person\/e5187c9cac8dd619ebc7b41bd73c2fd9","name":"WeLoveCycling","image":{"@type":"ImageObject","inLanguage":"pl-PL","@id":"https:\/\/www.welovecycling.com\/pl\/#\/schema\/person\/image\/","url":"https:\/\/secure.gravatar.com\/avatar\/7e1ee0ecc5e294b19ef32b9f6086e0afbb9da00c3cb0d465ba4695331f4a9187?s=96&d=mm&r=g","contentUrl":"https:\/\/secure.gravatar.com\/avatar\/7e1ee0ecc5e294b19ef32b9f6086e0afbb9da00c3cb0d465ba4695331f4a9187?s=96&d=mm&r=g","caption":"WeLoveCycling"},"url":"https:\/\/www.welovecycling.com\/pl\/author\/lukascech\/"}]}},"_links":{"self":[{"href":"https:\/\/www.welovecycling.com\/pl\/wp-json\/wp\/v2\/posts\/1284","targetHints":{"allow":["GET"]}}],"collection":[{"href":"https:\/\/www.welovecycling.com\/pl\/wp-json\/wp\/v2\/posts"}],"about":[{"href":"https:\/\/www.welovecycling.com\/pl\/wp-json\/wp\/v2\/types\/post"}],"author":[{"embeddable":true,"href":"https:\/\/www.welovecycling.com\/pl\/wp-json\/wp\/v2\/users\/1"}],"replies":[{"embeddable":true,"href":"https:\/\/www.welovecycling.com\/pl\/wp-json\/wp\/v2\/comments?post=1284"}],"version-history":[{"count":1,"href":"https:\/\/www.welovecycling.com\/pl\/wp-json\/wp\/v2\/posts\/1284\/revisions"}],"predecessor-version":[{"id":2443,"href":"https:\/\/www.welovecycling.com\/pl\/wp-json\/wp\/v2\/posts\/1284\/revisions\/2443"}],"wp:featuredmedia":[{"embeddable":true,"href":"https:\/\/www.welovecycling.com\/pl\/wp-json\/wp\/v2\/media\/1287"}],"wp:attachment":[{"href":"https:\/\/www.welovecycling.com\/pl\/wp-json\/wp\/v2\/media?parent=1284"}],"wp:term":[{"taxonomy":"category","embeddable":true,"href":"https:\/\/www.welovecycling.com\/pl\/wp-json\/wp\/v2\/categories?post=1284"},{"taxonomy":"post_tag","embeddable":true,"href":"https:\/\/www.welovecycling.com\/pl\/wp-json\/wp\/v2\/tags?post=1284"},{"taxonomy":"global-categories","embeddable":true,"href":"https:\/\/www.welovecycling.com\/pl\/wp-json\/wp\/v2\/global-categories?post=1284"}],"curies":[{"name":"wp","href":"https:\/\/api.w.org\/{rel}","templated":true}]}}