{"id":12824,"date":"2022-04-25T13:31:20","date_gmt":"2022-04-25T13:31:20","guid":{"rendered":"https:\/\/www.welovecycling.com\/pl\/?p=12824"},"modified":"2022-05-17T07:21:16","modified_gmt":"2022-05-17T07:21:16","slug":"na-tej-trasie-znal-kazda-dziure-tak-sie-zdobywa-monument","status":"publish","type":"post","link":"https:\/\/www.welovecycling.com\/pl\/2022\/04\/25\/na-tej-trasie-znal-kazda-dziure-tak-sie-zdobywa-monument\/","title":{"rendered":"Na tej trasie zna\u0142 ka\u017cd\u0105 dziur\u0119\u2026 Tak si\u0119 zdobywa monument!"},"content":{"rendered":"<p><strong>W kolarskiej Belgii wystrzeli\u0142y szampany! Trzech zawodnik\u00f3w z tego kraju zgarn\u0119\u0142o podium Liege \u2013 Bastogne \u2013 Liege, co mocno rozbudza nadzieje Belg\u00f3w przed najwa\u017cniejszymi wy\u015bcigami sezonu.<\/strong><\/p>\n<p>To najstarsze zawody z pi\u0119ciu tzw. monument\u00f3w, czyli presti\u017cowych wy\u015bcig\u00f3w jednodniowych. Ranga Liege \u2013 Bastogne \u2013 Liege ro\u015bnie, gdy popatrzy si\u0119 na skal\u0119 trudno\u015bci \u2013 w tym roku na starcie zameldowa\u0142o si\u0119 175 zawodnik\u00f3w, ale do mety dotar\u0142o tylko 121.<\/p>\n<p>Wygra\u0142 Remco Evenepoel (Quick-Step Alpha Vinyl), drugi by\u0142 Quinten Hermans (Intermarche-Wanty-Gobert Materiaux), a trzeci \u2013 Wout Van Aert (Jumbo-Visma).<\/p>\n<div class=\"embed-controller-wrapper\">\n<blockquote class=\"twitter-tweet\" data-width=\"500\" data-dnt=\"true\">\n<p lang=\"fr\" dir=\"ltr\">\ud83c\udfc6 Podium <a href=\"https:\/\/twitter.com\/hashtag\/LBL?src=hash&amp;ref_src=twsrc%5Etfw\">#LBL<\/a> 2022 \ud83c\udfc6<\/p>\n<p>\ud83c\udfc6\ud83c\udde7\ud83c\uddea <a href=\"https:\/\/twitter.com\/EvenepoelRemco?ref_src=twsrc%5Etfw\">@EvenepoelRemco<\/a> <br \/>\ud83e\udd48\ud83c\udde7\ud83c\uddea <a href=\"https:\/\/twitter.com\/Quintenhermans?ref_src=twsrc%5Etfw\">@Quintenhermans<\/a> <br \/>\ud83e\udd49\ud83c\udde7\ud83c\uddea <a href=\"https:\/\/twitter.com\/WoutvanAert?ref_src=twsrc%5Etfw\">@WoutvanAert<\/a> <\/p>\n<p>\ud83d\udcf8 A.S.O. \/ G.Demouveaux <a href=\"https:\/\/t.co\/nMcuyxxw3X\">pic.twitter.com\/nMcuyxxw3X<\/a><\/p>\n<p>&mdash; Li\u00e8ge-Bastogne-Li\u00e8ge (@LiegeBastogneL) <a href=\"https:\/\/twitter.com\/LiegeBastogneL\/status\/1518248922313023498?ref_src=twsrc%5Etfw\">April 24, 2022<\/a><\/p><\/blockquote>\n<p><script async data-src=\"https:\/\/platform.twitter.com\/widgets.js\" charset=\"utf-8\"><\/script><\/div>\n<h2><strong>M\u0142odzie\u017c mocno naciska<\/strong><\/h2>\n<p>\u2013 Czu\u0142em, \u017ce moja forma z ka\u017cdy tygodniem ro\u015bnie, a szczyt przyszed\u0142 w\u0142a\u015bnie wtedy, gdy chcia\u0142em. Ta wygrana jest dla mnie potwierdzeniem, \u017ce znajduj\u0119 si\u0119 w\u015br\u00f3d najlepszych kolarzy \u015bwiata w tego typu wy\u015bcigach. Bardzo si\u0119 ciesz\u0119 ze zwyci\u0119stwa. Marzy\u0142em o tej wygranej, chcia\u0142em to zrobi\u0107 chocia\u017c raz w \u017cyciu, a uda\u0142o si\u0119 ju\u017c przy pierwszym podej\u015bciu \u2013 cieszy\u0142 si\u0119 na mecie Evenepoel.<\/p>\n<p>Zwyci\u0119stwo 22-letniego Belga to potwierdzenie, \u017ce w peletonie coraz wi\u0119ksze znaczenie zaczyna mie\u0107 m\u0142odo\u015b\u0107. W wielkich wy\u015bcigach rz\u0105dzi Tadej Pogacar (dwie wygrane w Tour de France z rz\u0119du), teraz monument zgarn\u0105\u0142 Evenepoel, a w stawce jest jeszcze kilku zawodnik\u00f3w, kt\u00f3rzy ch\u0119tnie zamieszaj\u0105 w\u015br\u00f3d najlepszych kolarzy \u015bwiata.<\/p>\n<div class=\"embed-controller-wrapper\">\n<blockquote class=\"twitter-tweet\" data-width=\"500\" data-dnt=\"true\">\n<p lang=\"en\" dir=\"ltr\">What a day, a dream coming true! \ud83d\udc4a\ud83c\udffc\ud83c\udfc6\ud83d\ude0d<\/p>\n<p>Can&#39;t thank the team enough for all the hard work and support! Thank you to everyone for believing in me!! \ud83d\udc99\ud83d\udc3a <a href=\"https:\/\/twitter.com\/hashtag\/TheWolfpack?src=hash&amp;ref_src=twsrc%5Etfw\">#TheWolfpack<\/a><\/p>\n<p>I hope everything is well with the people involved in the crash, especially <a href=\"https:\/\/twitter.com\/IlanWilder?ref_src=twsrc%5Etfw\">@IlanWilder<\/a> and <a href=\"https:\/\/twitter.com\/alafpolak1?ref_src=twsrc%5Etfw\">@alafpolak1<\/a>! \ud83d\ude4f\ud83c\udffc <a href=\"https:\/\/t.co\/UH02FM272A\">pic.twitter.com\/UH02FM272A<\/a><\/p>\n<p>&mdash; Remco Evenepoel (@EvenepoelRemco) <a href=\"https:\/\/twitter.com\/EvenepoelRemco\/status\/1518266416268464128?ref_src=twsrc%5Etfw\">April 24, 2022<\/a><\/p><\/blockquote>\n<p><script async data-src=\"https:\/\/platform.twitter.com\/widgets.js\" charset=\"utf-8\"><\/script><\/div>\n<h2><strong>Zna\u0142 ka\u017cd\u0105 dziur\u0119 w drodze<\/strong><\/h2>\n<p>W niedziel\u0119 Evenepoel wygra\u0142 dzi\u0119ki odwa\u017cnemu atakowi ponad 20 km przed met\u0105. Za jego plecami trwa\u0142y kolarskie szachy, ale \u017caden zawodnik nie zdecydowa\u0142 si\u0119 na ostry po\u015bcig. Belg trzyma\u0142 rywali na bezpieczn\u0105 odleg\u0142o\u015b\u0107, zniech\u0119ca\u0142 do atak\u00f3w i w efekcie samotnie przeci\u0105\u0142 lini\u0119 mety.<\/p>\n<p>\u2013 Ko\u0144c\u00f3wk\u0119 wy\u015bcigu m\u00f3g\u0142bym pokona\u0107 z zamkni\u0119tymi oczami, bo znam tu ka\u017cd\u0105 dziur\u0119 w drodze. Czu\u0142em si\u0119 dzi\u015b naprawd\u0119 dobrze, do tego bardzo pomog\u0142a mi moja ekipa. Gdy zosta\u0142em sam, to pozosta\u0142o mi po prostu jecha\u0107 do mety. No i uda\u0142o si\u0119 samotnie wygra\u0107 \u2013 powiedzia\u0142 Evenepoel.<\/p>\n<div class=\"embed-controller-wrapper\">\n<blockquote class=\"twitter-tweet\" data-width=\"500\" data-dnt=\"true\">\n<p lang=\"en\" dir=\"ltr\">\ud83c\udfc6 \ud83c\udde7\ud83c\uddea<a href=\"https:\/\/twitter.com\/EvenepoelRemco?ref_src=twsrc%5Etfw\">@EvenepoelRemco<\/a> remporte <a href=\"https:\/\/twitter.com\/hashtag\/LBL?src=hash&amp;ref_src=twsrc%5Etfw\">#LBL<\/a> !<\/p>\n<p>\ud83c\udfc6\ud83c\udde7\ud83c\uddea <a href=\"https:\/\/twitter.com\/EvenepoelRemco?ref_src=twsrc%5Etfw\">@EvenepoelRemco<\/a> wins <a href=\"https:\/\/twitter.com\/hashtag\/LBL?src=hash&amp;ref_src=twsrc%5Etfw\">#LBL<\/a>! <a href=\"https:\/\/t.co\/0sWuhXc3bl\">pic.twitter.com\/0sWuhXc3bl<\/a><\/p>\n<p>&mdash; Li\u00e8ge-Bastogne-Li\u00e8ge (@LiegeBastogneL) <a href=\"https:\/\/twitter.com\/LiegeBastogneL\/status\/1518237753355427845?ref_src=twsrc%5Etfw\">April 24, 2022<\/a><\/p><\/blockquote>\n<p><script async data-src=\"https:\/\/platform.twitter.com\/widgets.js\" charset=\"utf-8\"><\/script><\/div>\n<p>Liege \u2013 Bastogne \u2013 Liege uko\u0144czyli r\u00f3wnie\u017c dwaj Polacy. Cesare Benedetti (Bora-hansgrohe) zaj\u0105\u0142 78. miejsce, a Micha\u0142 Kwiatkowski \u2013 100.<\/p>\n<h2><strong>Szcz\u0119\u015bliwa Holenderka<\/strong><\/h2>\n<p>Z kolei 9. miejsce w kobiecym Liege \u2013 Bastogne \u2013 Liege zaj\u0119\u0142a Katarzyna Niewiadoma (Canyon\/\/SRAM Racing). Polka na met\u0119 przyjecha\u0142a blisko dwie minuty po zwyci\u0119\u017cczyni, Annemiek van Vleuten (Movistar Team).<\/p>\n<p>\u2013 Ciesz\u0119 si\u0119, \u017ce m\u00f3j wysi\u0142ek zosta\u0142 nagrodzony. To tak\u017ce wyj\u0105tkowa wygrana dla ca\u0142ego naszego zespo\u0142u. Wygl\u0105da na to, \u017ce wszystko idzie w dobrym kierunku \u2013 podkre\u015bla\u0142a Holenderka.<\/p>\n<p>Drugie miejsca zaj\u0119\u0142a Grace Brown (FDJ-Nouvelle Aquitaine-Futuroscope), a trzecie \u2013 Demi Vollering (Team SD Worx).<\/p>\n<lite-youtube videoid=5F45tYjtOZo params=\"enablejsapi=1\" style=\"background-image: url('https:\/\/i.ytimg.com\/vi_webp\/5F45tYjtOZo\/maxresdefault.webp');\"><\/lite-youtube>\n<h2><strong>Najwi\u0119ksze wy\u015bcigi tu\u017c, tu\u017c<\/strong><\/h2>\n<p>Wy\u015bcig Liege \u2013 Bastogne \u2013 Liege by\u0142 jednym z ostatnich przygotowa\u0144 do serii najwi\u0119kszych zawod\u00f3w \u015bwiata. Ju\u017c 6 maja startuje Giro d\u2019Italia, kt\u00f3re potrwa do 29 maja. Niewiele ponad miesi\u0105c p\u00f3\u017aniej, bo 1 lipca, kolarze stan\u0105 na starcie Tour de France (zako\u0144czenie 24 lipca), a 19 sierpnia zacznie si\u0119 Vuelta a Espa\u00f1a (do 11 wrze\u015bnia). Kolarski sezon rozp\u0119dza si\u0119 na dobre!<\/p>\n<p><span data-sheets-value=\"{&quot;1&quot;:2,&quot;2&quot;:&quot;Artyku\u0142 powsta\u0142 we wsp\u00f3\u0142pracy ze skoda-auto.pl&quot;}\" data-sheets-userformat=\"{&quot;2&quot;:1,&quot;3&quot;:{&quot;1&quot;:0}}\" data-sheets-hyperlink=\"http:\/\/www.skoda-auto.pl\/\"><a class=\"in-cell-link\" href=\"http:\/\/www.skoda-auto.pl\/\" target=\"_blank\" rel=\"noopener noreferrer\">Artyku\u0142 powsta\u0142 we wsp\u00f3\u0142pracy ze skoda-auto.pl<\/a><\/span><\/p>\n<p><a href=\"https:\/\/www.skoda-auto.pl\/modele\/nowa-octavia\"><img loading=\"lazy\" decoding=\"async\" class=\"alignnone size-full wp-image-11630 aligncenter\" src=\"https:\/\/d2p6e6u75xmxt8.cloudfront.net\/5\/2021\/12\/640x350-1.jpg\" alt=\"\" width=\"640\" height=\"350\" srcset=\"https:\/\/d2p6e6u75xmxt8.cloudfront.net\/5\/2021\/12\/640x350-1.jpg 640w, https:\/\/d2p6e6u75xmxt8.cloudfront.net\/5\/2021\/12\/640x350-1-300x164.jpg 300w\" sizes=\"auto, (max-width: 640px) 100vw, 640px\" \/><\/a><\/p>\n","protected":false},"excerpt":{"rendered":"<p>W kolarskiej Belgii wystrzeli\u0142y szampany! Trzech zawodnik\u00f3w z tego kraju zgarn\u0119\u0142o podium Liege \u2013 Bastogne \u2013 Liege, co mocno rozbudza [&hellip;]<\/p>\n","protected":false},"author":153,"featured_media":12830,"comment_status":"open","ping_status":"open","sticky":false,"template":"","format":"standard","meta":{"footnotes":""},"categories":[6],"tags":[362],"global-categories":[303],"class_list":["post-12824","post","type-post","status-publish","format-standard","has-post-thumbnail","hentry","category-kolarstwo-szosowe","tag-piotr-nowik","global-categories-cycling"],"yoast_head":"<!-- This site is optimized with the Yoast SEO Premium plugin v25.3 (Yoast SEO v25.9) - https:\/\/yoast.com\/wordpress\/plugins\/seo\/ -->\n<title>Na tej trasie zna\u0142 ka\u017cd\u0105 dziur\u0119\u2026 Tak si\u0119 zdobywa monument! - \u0160koda We Love Cycling - Poland<\/title>\n<meta name=\"robots\" content=\"index, follow, max-snippet:-1, max-image-preview:large, max-video-preview:-1\" \/>\n<link rel=\"canonical\" href=\"https:\/\/www.welovecycling.com\/pl\/2022\/04\/25\/na-tej-trasie-znal-kazda-dziure-tak-sie-zdobywa-monument\/\" \/>\n<meta property=\"og:locale\" content=\"pl_PL\" \/>\n<meta property=\"og:type\" content=\"article\" \/>\n<meta property=\"og:title\" content=\"Na tej trasie zna\u0142 ka\u017cd\u0105 dziur\u0119\u2026 Tak si\u0119 zdobywa monument!\" \/>\n<meta property=\"og:description\" content=\"W kolarskiej Belgii wystrzeli\u0142y szampany! Trzech zawodnik\u00f3w z tego kraju zgarn\u0119\u0142o podium Liege \u2013 Bastogne \u2013 Liege, co mocno rozbudza [&hellip;]\" \/>\n<meta property=\"og:url\" content=\"https:\/\/www.welovecycling.com\/pl\/2022\/04\/25\/na-tej-trasie-znal-kazda-dziure-tak-sie-zdobywa-monument\/\" \/>\n<meta property=\"og:site_name\" content=\"\u0160koda We Love Cycling - Poland\" \/>\n<meta property=\"article:published_time\" content=\"2022-04-25T13:31:20+00:00\" \/>\n<meta property=\"article:modified_time\" content=\"2022-05-17T07:21:16+00:00\" \/>\n<meta property=\"og:image\" content=\"https:\/\/d2p6e6u75xmxt8.cloudfront.net\/5\/2022\/04\/Remco-Evenepoel-profimedia-0685716605-CVR-1024x450-1.jpg\" \/>\n\t<meta property=\"og:image:width\" content=\"1024\" \/>\n\t<meta property=\"og:image:height\" content=\"450\" \/>\n\t<meta property=\"og:image:type\" content=\"image\/jpeg\" \/>\n<meta name=\"author\" content=\"rafal\" \/>\n<meta name=\"twitter:card\" content=\"summary_large_image\" \/>\n<meta name=\"twitter:label1\" content=\"Written by\" \/>\n\t<meta name=\"twitter:data1\" content=\"Piotr Nowik\" \/>\n\t<meta name=\"twitter:label2\" content=\"Est. reading time\" \/>\n\t<meta name=\"twitter:data2\" content=\"3 minutes\" \/>\n<script type=\"application\/ld+json\" class=\"yoast-schema-graph\">{\"@context\":\"https:\/\/schema.org\",\"@graph\":[{\"@type\":\"WebPage\",\"@id\":\"https:\/\/www.welovecycling.com\/pl\/2022\/04\/25\/na-tej-trasie-znal-kazda-dziure-tak-sie-zdobywa-monument\/\",\"url\":\"https:\/\/www.welovecycling.com\/pl\/2022\/04\/25\/na-tej-trasie-znal-kazda-dziure-tak-sie-zdobywa-monument\/\",\"name\":\"Na tej trasie zna\u0142 ka\u017cd\u0105 dziur\u0119\u2026 Tak si\u0119 zdobywa monument! - \u0160koda We Love Cycling - Poland\",\"isPartOf\":{\"@id\":\"https:\/\/www.welovecycling.com\/pl\/#website\"},\"primaryImageOfPage\":{\"@id\":\"https:\/\/www.welovecycling.com\/pl\/2022\/04\/25\/na-tej-trasie-znal-kazda-dziure-tak-sie-zdobywa-monument\/#primaryimage\"},\"image\":{\"@id\":\"https:\/\/www.welovecycling.com\/pl\/2022\/04\/25\/na-tej-trasie-znal-kazda-dziure-tak-sie-zdobywa-monument\/#primaryimage\"},\"thumbnailUrl\":\"https:\/\/d2p6e6u75xmxt8.cloudfront.net\/5\/2022\/04\/Remco-Evenepoel-profimedia-0685716605-CVR-1024x450-1.jpg\",\"datePublished\":\"2022-04-25T13:31:20+00:00\",\"dateModified\":\"2022-05-17T07:21:16+00:00\",\"author\":{\"@id\":\"https:\/\/www.welovecycling.com\/pl\/#\/schema\/person\/bf06ed916a1ef16618807fb60d2ebe42\"},\"breadcrumb\":{\"@id\":\"https:\/\/www.welovecycling.com\/pl\/2022\/04\/25\/na-tej-trasie-znal-kazda-dziure-tak-sie-zdobywa-monument\/#breadcrumb\"},\"inLanguage\":\"pl-PL\",\"potentialAction\":[{\"@type\":\"ReadAction\",\"target\":[\"https:\/\/www.welovecycling.com\/pl\/2022\/04\/25\/na-tej-trasie-znal-kazda-dziure-tak-sie-zdobywa-monument\/\"]}]},{\"@type\":\"ImageObject\",\"inLanguage\":\"pl-PL\",\"@id\":\"https:\/\/www.welovecycling.com\/pl\/2022\/04\/25\/na-tej-trasie-znal-kazda-dziure-tak-sie-zdobywa-monument\/#primaryimage\",\"url\":\"https:\/\/d2p6e6u75xmxt8.cloudfront.net\/5\/2022\/04\/Remco-Evenepoel-profimedia-0685716605-CVR-1024x450-1.jpg\",\"contentUrl\":\"https:\/\/d2p6e6u75xmxt8.cloudfront.net\/5\/2022\/04\/Remco-Evenepoel-profimedia-0685716605-CVR-1024x450-1.jpg\",\"width\":1024,\"height\":450},{\"@type\":\"BreadcrumbList\",\"@id\":\"https:\/\/www.welovecycling.com\/pl\/2022\/04\/25\/na-tej-trasie-znal-kazda-dziure-tak-sie-zdobywa-monument\/#breadcrumb\",\"itemListElement\":[{\"@type\":\"ListItem\",\"position\":1,\"name\":\"Home\",\"item\":\"https:\/\/www.welovecycling.com\/pl\/\"},{\"@type\":\"ListItem\",\"position\":2,\"name\":\"Na tej trasie zna\u0142 ka\u017cd\u0105 dziur\u0119\u2026 Tak si\u0119 zdobywa monument!\"}]},{\"@type\":\"WebSite\",\"@id\":\"https:\/\/www.welovecycling.com\/pl\/#website\",\"url\":\"https:\/\/www.welovecycling.com\/pl\/\",\"name\":\"\u0160koda We Love Cycling - Poland\",\"description\":\"\",\"potentialAction\":[{\"@type\":\"SearchAction\",\"target\":{\"@type\":\"EntryPoint\",\"urlTemplate\":\"https:\/\/www.welovecycling.com\/pl\/?s={search_term_string}\"},\"query-input\":{\"@type\":\"PropertyValueSpecification\",\"valueRequired\":true,\"valueName\":\"search_term_string\"}}],\"inLanguage\":\"pl-PL\"},{\"@type\":\"Person\",\"@id\":\"https:\/\/www.welovecycling.com\/pl\/#\/schema\/person\/bf06ed916a1ef16618807fb60d2ebe42\",\"name\":\"rafal\",\"image\":{\"@type\":\"ImageObject\",\"inLanguage\":\"pl-PL\",\"@id\":\"https:\/\/www.welovecycling.com\/pl\/#\/schema\/person\/image\/\",\"url\":\"https:\/\/secure.gravatar.com\/avatar\/203f240e63bee214f6f3a0dacbeb600c7829c09716c2b9ee3230c6961debcde2?s=96&d=mm&r=g\",\"contentUrl\":\"https:\/\/secure.gravatar.com\/avatar\/203f240e63bee214f6f3a0dacbeb600c7829c09716c2b9ee3230c6961debcde2?s=96&d=mm&r=g\",\"caption\":\"rafal\"},\"url\":\"https:\/\/www.welovecycling.com\/pl\/author\/rafal\/\"}]}<\/script>\n<!-- \/ Yoast SEO Premium plugin. -->","yoast_head_json":{"title":"Na tej trasie zna\u0142 ka\u017cd\u0105 dziur\u0119\u2026 Tak si\u0119 zdobywa monument! - \u0160koda We Love Cycling - Poland","robots":{"index":"index","follow":"follow","max-snippet":"max-snippet:-1","max-image-preview":"max-image-preview:large","max-video-preview":"max-video-preview:-1"},"canonical":"https:\/\/www.welovecycling.com\/pl\/2022\/04\/25\/na-tej-trasie-znal-kazda-dziure-tak-sie-zdobywa-monument\/","og_locale":"pl_PL","og_type":"article","og_title":"Na tej trasie zna\u0142 ka\u017cd\u0105 dziur\u0119\u2026 Tak si\u0119 zdobywa monument!","og_description":"W kolarskiej Belgii wystrzeli\u0142y szampany! Trzech zawodnik\u00f3w z tego kraju zgarn\u0119\u0142o podium Liege \u2013 Bastogne \u2013 Liege, co mocno rozbudza [&hellip;]","og_url":"https:\/\/www.welovecycling.com\/pl\/2022\/04\/25\/na-tej-trasie-znal-kazda-dziure-tak-sie-zdobywa-monument\/","og_site_name":"\u0160koda We Love Cycling - Poland","article_published_time":"2022-04-25T13:31:20+00:00","article_modified_time":"2022-05-17T07:21:16+00:00","og_image":[{"width":1024,"height":450,"url":"https:\/\/d2p6e6u75xmxt8.cloudfront.net\/5\/2022\/04\/Remco-Evenepoel-profimedia-0685716605-CVR-1024x450-1.jpg","type":"image\/jpeg"}],"author":"rafal","twitter_card":"summary_large_image","twitter_misc":{"Written by":"Piotr Nowik","Est. reading time":"3 minutes"},"schema":{"@context":"https:\/\/schema.org","@graph":[{"@type":"WebPage","@id":"https:\/\/www.welovecycling.com\/pl\/2022\/04\/25\/na-tej-trasie-znal-kazda-dziure-tak-sie-zdobywa-monument\/","url":"https:\/\/www.welovecycling.com\/pl\/2022\/04\/25\/na-tej-trasie-znal-kazda-dziure-tak-sie-zdobywa-monument\/","name":"Na tej trasie zna\u0142 ka\u017cd\u0105 dziur\u0119\u2026 Tak si\u0119 zdobywa monument! - \u0160koda We Love Cycling - Poland","isPartOf":{"@id":"https:\/\/www.welovecycling.com\/pl\/#website"},"primaryImageOfPage":{"@id":"https:\/\/www.welovecycling.com\/pl\/2022\/04\/25\/na-tej-trasie-znal-kazda-dziure-tak-sie-zdobywa-monument\/#primaryimage"},"image":{"@id":"https:\/\/www.welovecycling.com\/pl\/2022\/04\/25\/na-tej-trasie-znal-kazda-dziure-tak-sie-zdobywa-monument\/#primaryimage"},"thumbnailUrl":"https:\/\/d2p6e6u75xmxt8.cloudfront.net\/5\/2022\/04\/Remco-Evenepoel-profimedia-0685716605-CVR-1024x450-1.jpg","datePublished":"2022-04-25T13:31:20+00:00","dateModified":"2022-05-17T07:21:16+00:00","author":{"@id":"https:\/\/www.welovecycling.com\/pl\/#\/schema\/person\/bf06ed916a1ef16618807fb60d2ebe42"},"breadcrumb":{"@id":"https:\/\/www.welovecycling.com\/pl\/2022\/04\/25\/na-tej-trasie-znal-kazda-dziure-tak-sie-zdobywa-monument\/#breadcrumb"},"inLanguage":"pl-PL","potentialAction":[{"@type":"ReadAction","target":["https:\/\/www.welovecycling.com\/pl\/2022\/04\/25\/na-tej-trasie-znal-kazda-dziure-tak-sie-zdobywa-monument\/"]}]},{"@type":"ImageObject","inLanguage":"pl-PL","@id":"https:\/\/www.welovecycling.com\/pl\/2022\/04\/25\/na-tej-trasie-znal-kazda-dziure-tak-sie-zdobywa-monument\/#primaryimage","url":"https:\/\/d2p6e6u75xmxt8.cloudfront.net\/5\/2022\/04\/Remco-Evenepoel-profimedia-0685716605-CVR-1024x450-1.jpg","contentUrl":"https:\/\/d2p6e6u75xmxt8.cloudfront.net\/5\/2022\/04\/Remco-Evenepoel-profimedia-0685716605-CVR-1024x450-1.jpg","width":1024,"height":450},{"@type":"BreadcrumbList","@id":"https:\/\/www.welovecycling.com\/pl\/2022\/04\/25\/na-tej-trasie-znal-kazda-dziure-tak-sie-zdobywa-monument\/#breadcrumb","itemListElement":[{"@type":"ListItem","position":1,"name":"Home","item":"https:\/\/www.welovecycling.com\/pl\/"},{"@type":"ListItem","position":2,"name":"Na tej trasie zna\u0142 ka\u017cd\u0105 dziur\u0119\u2026 Tak si\u0119 zdobywa monument!"}]},{"@type":"WebSite","@id":"https:\/\/www.welovecycling.com\/pl\/#website","url":"https:\/\/www.welovecycling.com\/pl\/","name":"\u0160koda We Love Cycling - Poland","description":"","potentialAction":[{"@type":"SearchAction","target":{"@type":"EntryPoint","urlTemplate":"https:\/\/www.welovecycling.com\/pl\/?s={search_term_string}"},"query-input":{"@type":"PropertyValueSpecification","valueRequired":true,"valueName":"search_term_string"}}],"inLanguage":"pl-PL"},{"@type":"Person","@id":"https:\/\/www.welovecycling.com\/pl\/#\/schema\/person\/bf06ed916a1ef16618807fb60d2ebe42","name":"rafal","image":{"@type":"ImageObject","inLanguage":"pl-PL","@id":"https:\/\/www.welovecycling.com\/pl\/#\/schema\/person\/image\/","url":"https:\/\/secure.gravatar.com\/avatar\/203f240e63bee214f6f3a0dacbeb600c7829c09716c2b9ee3230c6961debcde2?s=96&d=mm&r=g","contentUrl":"https:\/\/secure.gravatar.com\/avatar\/203f240e63bee214f6f3a0dacbeb600c7829c09716c2b9ee3230c6961debcde2?s=96&d=mm&r=g","caption":"rafal"},"url":"https:\/\/www.welovecycling.com\/pl\/author\/rafal\/"}]}},"_links":{"self":[{"href":"https:\/\/www.welovecycling.com\/pl\/wp-json\/wp\/v2\/posts\/12824","targetHints":{"allow":["GET"]}}],"collection":[{"href":"https:\/\/www.welovecycling.com\/pl\/wp-json\/wp\/v2\/posts"}],"about":[{"href":"https:\/\/www.welovecycling.com\/pl\/wp-json\/wp\/v2\/types\/post"}],"author":[{"embeddable":true,"href":"https:\/\/www.welovecycling.com\/pl\/wp-json\/wp\/v2\/users\/153"}],"replies":[{"embeddable":true,"href":"https:\/\/www.welovecycling.com\/pl\/wp-json\/wp\/v2\/comments?post=12824"}],"version-history":[{"count":1,"href":"https:\/\/www.welovecycling.com\/pl\/wp-json\/wp\/v2\/posts\/12824\/revisions"}],"predecessor-version":[{"id":12831,"href":"https:\/\/www.welovecycling.com\/pl\/wp-json\/wp\/v2\/posts\/12824\/revisions\/12831"}],"wp:featuredmedia":[{"embeddable":true,"href":"https:\/\/www.welovecycling.com\/pl\/wp-json\/wp\/v2\/media\/12830"}],"wp:attachment":[{"href":"https:\/\/www.welovecycling.com\/pl\/wp-json\/wp\/v2\/media?parent=12824"}],"wp:term":[{"taxonomy":"category","embeddable":true,"href":"https:\/\/www.welovecycling.com\/pl\/wp-json\/wp\/v2\/categories?post=12824"},{"taxonomy":"post_tag","embeddable":true,"href":"https:\/\/www.welovecycling.com\/pl\/wp-json\/wp\/v2\/tags?post=12824"},{"taxonomy":"global-categories","embeddable":true,"href":"https:\/\/www.welovecycling.com\/pl\/wp-json\/wp\/v2\/global-categories?post=12824"}],"curies":[{"name":"wp","href":"https:\/\/api.w.org\/{rel}","templated":true}]}}