{"id":12809,"date":"2022-04-19T14:13:55","date_gmt":"2022-04-19T14:13:55","guid":{"rendered":"https:\/\/www.welovecycling.com\/pl\/?p=12809"},"modified":"2022-05-17T07:21:27","modified_gmt":"2022-05-17T07:21:27","slug":"tak-wyglada-kolarskie-pieklo-holender-udowodnil-ze-da-sie-z-niego-uciec","status":"publish","type":"post","link":"https:\/\/www.welovecycling.com\/pl\/2022\/04\/19\/tak-wyglada-kolarskie-pieklo-holender-udowodnil-ze-da-sie-z-niego-uciec\/","title":{"rendered":"Tak wygl\u0105da kolarskie piek\u0142o! Holender udowodni\u0142, \u017ce da si\u0119 z niego uciec"},"content":{"rendered":"<p><strong>Szutry, piaski, emocje, upadki. Nie ma drugiego takiego wy\u015bcigu jak Pary\u017c \u2013 Roubaix, wi\u0119c tym bardziej nie ma si\u0119 co dziwi\u0107 szcz\u0119\u015bciu zwyci\u0119zcy, Dylana van Baarle\u2019a. Du\u017cy udzia\u0142 w jego triumfie mia\u0142 Micha\u0142 Kwiatkowski.<\/strong><\/p>\n<p>Je\u015bli kto\u015b zastanawia\u0142 si\u0119, dlaczego ten wy\u015bcig nazywany jest \u201ePiek\u0142em P\u00f3\u0142nocy\u201d, to po tegorocznej edycji nie powinien ju\u017c mie\u0107 wi\u0119kszych w\u0105tpliwo\u015bci. Co prawda pogoda dopisa\u0142a, dzi\u0119ki czemu piaszczyste bruki nie zamieni\u0142y si\u0119 w b\u0142otniste trakty, w kt\u00f3rych przed laty grz\u0119\u017ali zawodnicy, ale mimo to kolarze mieli ekstremalnie trudn\u0105 przepraw\u0119.<\/p>\n<p>Na szcz\u0119\u015bcie nie dosz\u0142o do bardzo gro\u017anych kraks, czego najbardziej obawiaj\u0105 si\u0119 uczestnicy Pary\u017c \u2013 Roubaix. W tym roku zawodnicy musieli za to radzi\u0107 sobie z szutrem atakuj\u0105cym twarz i oczy, a tak\u017ce \u2013 tradycyjnie \u2013 z sektorami brukowanymi. I po raz kolejny okaza\u0142o si\u0119, \u017ce si\u0142a oraz wytrzyma\u0142o\u015b\u0107 s\u0105 w tym wy\u015bcigu mniej wa\u017cne ni\u017c technika i umiej\u0119tno\u015b\u0107 jazdy po piekielnie trudnej nawierzchni.<\/p>\n<div class=\"embed-controller-wrapper\">\n<blockquote class=\"twitter-tweet\" data-width=\"500\" data-dnt=\"true\">\n<p lang=\"fr\" dir=\"ltr\">\ud83e\udd29 In the dust of the \ud835\udc07\ud835\udc1e\ud835\udc25\ud835\udc25 \ud835\udc28\ud835\udc1f \ud835\udc2d\ud835\udc21\ud835\udc1e \ud835\udc0d\ud835\udc28\ud835\udc2b\ud835\udc2d\ud835\udc21!<\/p>\n<p>\ud83e\udd29 Dans la poussi\u00e8re de l&#39;\ud835\udc04\ud835\udc27\ud835\udc1f\ud835\udc1e\ud835\udc2b \ud835\udc1d\ud835\udc2e \ud835\udc0d\ud835\udc28\ud835\udc2b\ud835\udc1d !<\/p>\n<p>\ud83d\udcf8 A.S.O. \/ Gruber Images <a href=\"https:\/\/t.co\/nPc26kAzkR\">pic.twitter.com\/nPc26kAzkR<\/a><\/p>\n<p>&mdash; Paris-Roubaix (@parisroubaix) <a href=\"https:\/\/twitter.com\/parisroubaix\/status\/1515981943518773250?ref_src=twsrc%5Etfw\">April 18, 2022<\/a><\/p><\/blockquote>\n<p><script async data-src=\"https:\/\/platform.twitter.com\/widgets.js\" charset=\"utf-8\"><\/script><\/div>\n<h2><strong>Chwila nieuwagi i nieszcz\u0119\u015bcie gotowe<\/strong><\/h2>\n<p>W\u0105skie uliczki, tumany piasku i kurzu oraz brukowana nawierzchnia sprawia\u0142y, \u017ce zawodnicy momentami mogli czu\u0107 si\u0119 jak podczas jazdy o przetrwanie, a nie na wy\u015bcigu kolarskim. A gdy w takich warunkach do\u0142o\u017cy si\u0119 nieodpowiedzialno\u015b\u0107 kibic\u00f3w, to sytuacja ko\u0144czy si\u0119 tak, jak w przypadku Yvesa Lampaerta.<\/p>\n<div class=\"embed-controller-wrapper\">\n<blockquote class=\"twitter-tweet\" data-width=\"500\" data-dnt=\"true\">\n<p lang=\"en\" dir=\"ltr\">\ud83d\udde3 &quot;Oh my word, oh no!&quot;<\/p>\n<p>Horror moment as Yves Lampaert collides with a fan, denying him a podium at <a href=\"https:\/\/twitter.com\/hashtag\/ParisRoubaix?src=hash&amp;ref_src=twsrc%5Etfw\">#ParisRoubaix<\/a> \ud83d\udc94 <a href=\"https:\/\/t.co\/37CEfGSZs0\">pic.twitter.com\/37CEfGSZs0<\/a><\/p>\n<p>&mdash; Eurosport (@eurosport) <a href=\"https:\/\/twitter.com\/eurosport\/status\/1515707172440743938?ref_src=twsrc%5Etfw\">April 17, 2022<\/a><\/p><\/blockquote>\n<p><script async data-src=\"https:\/\/platform.twitter.com\/widgets.js\" charset=\"utf-8\"><\/script><\/div>\n<p>Zawodnik Quick-Step Alpha Vinyl t\u0142umaczy\u0142, \u017ce chcia\u0142 skr\u0119ci\u0107, a wtedy na og\u00f3\u0142 kibice robi\u0105 krok w ty\u0142. Jednak jeden z fan\u00f3w tego nie zrobi\u0142, a do tego wyci\u0105gn\u0105\u0142 r\u0119k\u0119 \u2013 przy takiej pr\u0119dko\u015bci i na takiej nawierzchni nawet delikatny kontakt z zawodnikiem mo\u017ce zako\u0144czy\u0107 si\u0119 katastrof\u0105.<\/p>\n<p>\u2013 Je\u015bli nie masz poj\u0119cia o kolarstwie, powiniene\u015b zosta\u0107 w domu \u2013 stwierdzi\u0142 zdenerwowany Lampaert, kt\u00f3ry do momentu upadku radzi\u0142 sobie bardzo dobrze i m\u00f3g\u0142 walczy\u0107 o podium, ale finiszowa\u0142 na 10. miejscu.<\/p>\n<h2><strong>\u201eTo co\u015b niesamowitego\u201d<\/strong><\/h2>\n<p>Ostatecznie na podium stan\u0119li zwyci\u0119zca Dylan van Baarle (INEOS Grenadiers), drugi by\u0142 Wout van Aert (Jumbo-Visma), a trzeci Stefan K\u00fcng (Groupama-FDJ). Van Baarle zaatakowa\u0142 kilka kilometr\u00f3w przed met\u0105 i po kr\u00f3tkiej pogoni rywale mogli si\u0119 ju\u017c tylko zastanawia\u0107, jakim cudem Holender zachowa\u0142 tyle si\u0142 na ko\u0144c\u00f3wk\u0119 wy\u015bcigu.<\/p>\n<div class=\"embed-controller-wrapper\">\n<blockquote class=\"twitter-tweet\" data-width=\"500\" data-dnt=\"true\">\n<p lang=\"fr\" dir=\"ltr\">257km, 30 cobbled sectors and a <a href=\"https:\/\/twitter.com\/DylanvanBaarle?ref_src=twsrc%5Etfw\">@DylanVanBaarle<\/a> winning solo!<br \/>\u23ee Relive the 119th edition of P\u1d00\u0280\u026as-R\u1d0f\u1d1c\u0299\u1d00\u026ax \ud83d\udc49 <a href=\"https:\/\/t.co\/zm3ZQ7AXc1\">https:\/\/t.co\/zm3ZQ7AXc1<\/a> \ud83d\ude08<\/p>\n<p>257km, 30 secteurs pav\u00e9s et la victoire de <a href=\"https:\/\/twitter.com\/DylanvanBaarle?ref_src=twsrc%5Etfw\">@DylanVanBaarle<\/a>! <br \/>\u23ee Revivez la 119\u00e8me \u00e9dition de <a href=\"https:\/\/twitter.com\/hashtag\/ParisRoubaix?src=hash&amp;ref_src=twsrc%5Etfw\">#ParisRoubaix<\/a> \ud83d\udc49 <a href=\"https:\/\/t.co\/BxDwOTQmSy\">https:\/\/t.co\/BxDwOTQmSy<\/a> \ud83d\ude08 <a href=\"https:\/\/t.co\/31LNXmYHp1\">pic.twitter.com\/31LNXmYHp1<\/a><\/p>\n<p>&mdash; Paris-Roubaix (@parisroubaix) <a href=\"https:\/\/twitter.com\/parisroubaix\/status\/1515763272519077888?ref_src=twsrc%5Etfw\">April 17, 2022<\/a><\/p><\/blockquote>\n<p><script async data-src=\"https:\/\/platform.twitter.com\/widgets.js\" charset=\"utf-8\"><\/script><\/div>\n<p>\u2013 To by\u0142o co\u015b niesamowitego. Gdy doje\u017cd\u017ca\u0142em na welodrom w Roubaix, nie mog\u0142em uwierzy\u0107, \u017ce jestem liderem. Ogl\u0105da\u0142em si\u0119, wypatrywa\u0142em rywali, ale by\u0142em sam. Od startu byli\u015bmy skoncentrowani i chcieli\u015bmy dyktowa\u0107 warunki. Tak zrobili\u015bmy i wtedy ju\u017c wiedzia\u0142em, \u017ce mamy szans\u0119, bo tracili\u015bmy mniej si\u0142 ni\u017c rywale \u2013 cieszy\u0142 si\u0119 van Baarle.<\/p>\n<p>Holender za zwyci\u0119stwo podzi\u0119kowa\u0142 ca\u0142ej ekipie, w tym tak\u017ce Micha\u0142owi Kwiatkowskiemu. Polak sw\u00f3j wielki sukces \u015bwi\u0119towa\u0142 kilka dni wcze\u015bniej, gdy we wspania\u0142ym stylu wygra\u0142 Amstel Gold Race 2022, a w niedziel\u0119 wraz z kolegami zrobi\u0142 wszystko, by pom\u00f3c w wygranej van Baarle\u2019owi. To Kwiatkowski mia\u0142 powiedzie\u0107, \u017ce z ca\u0142ej ekipy w\u0142a\u015bnie Holender prezentuje si\u0119 najlepiej i jego powinien wspiera\u0107 ca\u0142y zesp\u00f3\u0142 Ineos Grenadies. Jak si\u0119 okaza\u0142o, Polak mia\u0142 nosa\u2026<\/p>\n<div class=\"embed-controller-wrapper\">\n<blockquote class=\"twitter-tweet\" data-width=\"500\" data-dnt=\"true\">\n<p lang=\"fr\" dir=\"ltr\">\ud83e\udd29 A win shared with the whole team for <a href=\"https:\/\/twitter.com\/DylanvanBaarle?ref_src=twsrc%5Etfw\">@DylanvanBaarle<\/a> and <a href=\"https:\/\/twitter.com\/INEOSGrenadiers?ref_src=twsrc%5Etfw\">@INEOSGrenadiers<\/a>.<\/p>\n<p>\ud83e\udd29 Une victoire partag\u00e9e avec toute une \u00e9quipe pour Dylan van Baarle et <a href=\"https:\/\/twitter.com\/INEOSGrenadiers?ref_src=twsrc%5Etfw\">@INEOSGrenadiers<\/a>.<a href=\"https:\/\/twitter.com\/hashtag\/ParisRoubaix?src=hash&amp;ref_src=twsrc%5Etfw\">#ParisRoubaix<\/a> <a href=\"https:\/\/t.co\/KAW7XrxXcz\">pic.twitter.com\/KAW7XrxXcz<\/a><\/p>\n<p>&mdash; Paris-Roubaix (@parisroubaix) <a href=\"https:\/\/twitter.com\/parisroubaix\/status\/1515720871402483718?ref_src=twsrc%5Etfw\">April 17, 2022<\/a><\/p><\/blockquote>\n<p><script async data-src=\"https:\/\/platform.twitter.com\/widgets.js\" charset=\"utf-8\"><\/script><\/div>\n<h2><strong>Dzielna W\u0142oszka<\/strong><\/h2>\n<p>\u201ePiek\u0142a P\u00f3\u0142nocy\u201d nie wystraszy\u0142y si\u0119 r\u00f3wnie\u017c kobiety. Ponad 30 km przed met\u0105 na atak zdecydowa\u0142a si\u0119 Elisa Longo Borghini (Trek-Segafredo). By\u0142a to ryzykowna taktyka, ale W\u0142oszka czu\u0142a si\u0119 mocna i nie przeliczy\u0142a si\u0119. Co prawda w pewnym momencie jej przewaga wynosi\u0142a ju\u017c tylko kilka sekund, ale w\u00f3wczas jeszcze mocniej nacisn\u0119\u0142a i nie da\u0142a si\u0119 dogoni\u0107 rywalkom. Drugie miejsca zaj\u0119\u0142a Lotte Kopecky (Team SD Worx), a trzecie \u2013 Lucinda Brand (Trek-Segafredo).<\/p>\n<div class=\"embed-controller-wrapper\">\n<blockquote class=\"twitter-tweet\" data-width=\"500\" data-dnt=\"true\">\n<p lang=\"en\" dir=\"ltr\">Elisa Longo Borghini won Paris-Roubaix with a rear-facing camera on her bike! \ud83d\ude32<\/p>\n<p>Get as close to the cobbles as the pros with our on-bike highlights \ud83e\udd29<\/p>\n<p>Watch the full highlights here: <a href=\"https:\/\/t.co\/yhTjViCBO6\">https:\/\/t.co\/yhTjViCBO6<\/a><br \/>______<br \/>\ud83c\uddeb\ud83c\uddf7 <a href=\"https:\/\/twitter.com\/hashtag\/ParisRoubaixFemmes?src=hash&amp;ref_src=twsrc%5Etfw\">#ParisRoubaixFemmes<\/a> <a href=\"https:\/\/t.co\/pCsVfhmA31\">pic.twitter.com\/pCsVfhmA31<\/a><\/p>\n<p>&mdash; Velon CC (@VelonCC) <a href=\"https:\/\/twitter.com\/VelonCC\/status\/1515408935137812483?ref_src=twsrc%5Etfw\">April 16, 2022<\/a><\/p><\/blockquote>\n<p><script async data-src=\"https:\/\/platform.twitter.com\/widgets.js\" charset=\"utf-8\"><\/script><\/div>\n<p>&nbsp;<\/p>\n<p><span data-sheets-value=\"{&quot;1&quot;:2,&quot;2&quot;:&quot;Artyku\u0142 powsta\u0142 we wsp\u00f3\u0142pracy ze skoda-auto.pl&quot;}\" data-sheets-userformat=\"{&quot;2&quot;:1,&quot;3&quot;:{&quot;1&quot;:0}}\" data-sheets-hyperlink=\"http:\/\/www.skoda-auto.pl\/\"><a class=\"in-cell-link\" href=\"http:\/\/www.skoda-auto.pl\/\" target=\"_blank\" rel=\"noopener noreferrer\">Artyku\u0142 powsta\u0142 we wsp\u00f3\u0142pracy ze skoda-auto.pl<\/a><\/span><\/p>\n<p><a href=\"https:\/\/sklep.skoda.pl\/pl\/sklep\/b\/331\/rowery-i-akcesoria-rowery.html\"><img loading=\"lazy\" decoding=\"async\" class=\"aligncenter wp-image-9608 size-full loading\" src=\"https:\/\/d2p6e6u75xmxt8.cloudfront.net\/5\/2019\/08\/baner_WLC_640x350_3.png\" sizes=\"auto, (max-width: 640px) 100vw, 640px\" srcset=\"https:\/\/d2p6e6u75xmxt8.cloudfront.net\/5\/2019\/08\/baner_WLC_640x350_3.png 640w, https:\/\/d2p6e6u75xmxt8.cloudfront.net\/5\/2019\/08\/baner_WLC_640x350_3-300x164.png 300w\" alt=\"\" width=\"640\" height=\"350\" data-was-processed=\"true\" \/><\/a><\/p>\n","protected":false},"excerpt":{"rendered":"<p>Szutry, piaski, emocje, upadki. Nie ma drugiego takiego wy\u015bcigu jak Pary\u017c \u2013 Roubaix, wi\u0119c tym bardziej nie ma si\u0119 co [&hellip;]<\/p>\n","protected":false},"author":153,"featured_media":12815,"comment_status":"open","ping_status":"open","sticky":false,"template":"","format":"standard","meta":{"footnotes":""},"categories":[6,295],"tags":[362],"global-categories":[303],"class_list":["post-12809","post","type-post","status-publish","format-standard","has-post-thumbnail","hentry","category-kolarstwo-szosowe","category-zawody","tag-piotr-nowik","global-categories-cycling"],"yoast_head":"<!-- This site is optimized with the Yoast SEO Premium plugin v25.3 (Yoast SEO v25.9) - https:\/\/yoast.com\/wordpress\/plugins\/seo\/ -->\n<title>Tak wygl\u0105da kolarskie piek\u0142o! Holender udowodni\u0142, \u017ce da si\u0119 z niego uciec - \u0160koda We Love Cycling - Poland<\/title>\n<meta name=\"robots\" content=\"index, follow, max-snippet:-1, max-image-preview:large, max-video-preview:-1\" \/>\n<link rel=\"canonical\" href=\"https:\/\/www.welovecycling.com\/pl\/2022\/04\/19\/tak-wyglada-kolarskie-pieklo-holender-udowodnil-ze-da-sie-z-niego-uciec\/\" \/>\n<meta property=\"og:locale\" content=\"pl_PL\" \/>\n<meta property=\"og:type\" content=\"article\" \/>\n<meta property=\"og:title\" content=\"Tak wygl\u0105da kolarskie piek\u0142o! Holender udowodni\u0142, \u017ce da si\u0119 z niego uciec\" \/>\n<meta property=\"og:description\" content=\"Szutry, piaski, emocje, upadki. Nie ma drugiego takiego wy\u015bcigu jak Pary\u017c \u2013 Roubaix, wi\u0119c tym bardziej nie ma si\u0119 co [&hellip;]\" \/>\n<meta property=\"og:url\" content=\"https:\/\/www.welovecycling.com\/pl\/2022\/04\/19\/tak-wyglada-kolarskie-pieklo-holender-udowodnil-ze-da-sie-z-niego-uciec\/\" \/>\n<meta property=\"og:site_name\" content=\"\u0160koda We Love Cycling - Poland\" \/>\n<meta property=\"article:published_time\" content=\"2022-04-19T14:13:55+00:00\" \/>\n<meta property=\"article:modified_time\" content=\"2022-05-17T07:21:27+00:00\" \/>\n<meta property=\"og:image\" content=\"https:\/\/d2p6e6u75xmxt8.cloudfront.net\/5\/2022\/04\/2022-Paris-Roubaix-Peloton-profimedia-0683948606-CVR-1024x450-1.jpg\" \/>\n\t<meta property=\"og:image:width\" content=\"1024\" \/>\n\t<meta property=\"og:image:height\" content=\"450\" \/>\n\t<meta property=\"og:image:type\" content=\"image\/jpeg\" \/>\n<meta name=\"author\" content=\"rafal\" \/>\n<meta name=\"twitter:card\" content=\"summary_large_image\" \/>\n<meta name=\"twitter:label1\" content=\"Written by\" \/>\n\t<meta name=\"twitter:data1\" content=\"Piotr Nowik\" \/>\n\t<meta name=\"twitter:label2\" content=\"Est. reading time\" \/>\n\t<meta name=\"twitter:data2\" content=\"3 minutes\" \/>\n<script type=\"application\/ld+json\" class=\"yoast-schema-graph\">{\"@context\":\"https:\/\/schema.org\",\"@graph\":[{\"@type\":\"WebPage\",\"@id\":\"https:\/\/www.welovecycling.com\/pl\/2022\/04\/19\/tak-wyglada-kolarskie-pieklo-holender-udowodnil-ze-da-sie-z-niego-uciec\/\",\"url\":\"https:\/\/www.welovecycling.com\/pl\/2022\/04\/19\/tak-wyglada-kolarskie-pieklo-holender-udowodnil-ze-da-sie-z-niego-uciec\/\",\"name\":\"Tak wygl\u0105da kolarskie piek\u0142o! Holender udowodni\u0142, \u017ce da si\u0119 z niego uciec - \u0160koda We Love Cycling - Poland\",\"isPartOf\":{\"@id\":\"https:\/\/www.welovecycling.com\/pl\/#website\"},\"primaryImageOfPage\":{\"@id\":\"https:\/\/www.welovecycling.com\/pl\/2022\/04\/19\/tak-wyglada-kolarskie-pieklo-holender-udowodnil-ze-da-sie-z-niego-uciec\/#primaryimage\"},\"image\":{\"@id\":\"https:\/\/www.welovecycling.com\/pl\/2022\/04\/19\/tak-wyglada-kolarskie-pieklo-holender-udowodnil-ze-da-sie-z-niego-uciec\/#primaryimage\"},\"thumbnailUrl\":\"https:\/\/d2p6e6u75xmxt8.cloudfront.net\/5\/2022\/04\/2022-Paris-Roubaix-Peloton-profimedia-0683948606-CVR-1024x450-1.jpg\",\"datePublished\":\"2022-04-19T14:13:55+00:00\",\"dateModified\":\"2022-05-17T07:21:27+00:00\",\"author\":{\"@id\":\"https:\/\/www.welovecycling.com\/pl\/#\/schema\/person\/bf06ed916a1ef16618807fb60d2ebe42\"},\"breadcrumb\":{\"@id\":\"https:\/\/www.welovecycling.com\/pl\/2022\/04\/19\/tak-wyglada-kolarskie-pieklo-holender-udowodnil-ze-da-sie-z-niego-uciec\/#breadcrumb\"},\"inLanguage\":\"pl-PL\",\"potentialAction\":[{\"@type\":\"ReadAction\",\"target\":[\"https:\/\/www.welovecycling.com\/pl\/2022\/04\/19\/tak-wyglada-kolarskie-pieklo-holender-udowodnil-ze-da-sie-z-niego-uciec\/\"]}]},{\"@type\":\"ImageObject\",\"inLanguage\":\"pl-PL\",\"@id\":\"https:\/\/www.welovecycling.com\/pl\/2022\/04\/19\/tak-wyglada-kolarskie-pieklo-holender-udowodnil-ze-da-sie-z-niego-uciec\/#primaryimage\",\"url\":\"https:\/\/d2p6e6u75xmxt8.cloudfront.net\/5\/2022\/04\/2022-Paris-Roubaix-Peloton-profimedia-0683948606-CVR-1024x450-1.jpg\",\"contentUrl\":\"https:\/\/d2p6e6u75xmxt8.cloudfront.net\/5\/2022\/04\/2022-Paris-Roubaix-Peloton-profimedia-0683948606-CVR-1024x450-1.jpg\",\"width\":1024,\"height\":450},{\"@type\":\"BreadcrumbList\",\"@id\":\"https:\/\/www.welovecycling.com\/pl\/2022\/04\/19\/tak-wyglada-kolarskie-pieklo-holender-udowodnil-ze-da-sie-z-niego-uciec\/#breadcrumb\",\"itemListElement\":[{\"@type\":\"ListItem\",\"position\":1,\"name\":\"Home\",\"item\":\"https:\/\/www.welovecycling.com\/pl\/\"},{\"@type\":\"ListItem\",\"position\":2,\"name\":\"Tak wygl\u0105da kolarskie piek\u0142o! Holender udowodni\u0142, \u017ce da si\u0119 z niego uciec\"}]},{\"@type\":\"WebSite\",\"@id\":\"https:\/\/www.welovecycling.com\/pl\/#website\",\"url\":\"https:\/\/www.welovecycling.com\/pl\/\",\"name\":\"\u0160koda We Love Cycling - Poland\",\"description\":\"\",\"potentialAction\":[{\"@type\":\"SearchAction\",\"target\":{\"@type\":\"EntryPoint\",\"urlTemplate\":\"https:\/\/www.welovecycling.com\/pl\/?s={search_term_string}\"},\"query-input\":{\"@type\":\"PropertyValueSpecification\",\"valueRequired\":true,\"valueName\":\"search_term_string\"}}],\"inLanguage\":\"pl-PL\"},{\"@type\":\"Person\",\"@id\":\"https:\/\/www.welovecycling.com\/pl\/#\/schema\/person\/bf06ed916a1ef16618807fb60d2ebe42\",\"name\":\"rafal\",\"image\":{\"@type\":\"ImageObject\",\"inLanguage\":\"pl-PL\",\"@id\":\"https:\/\/www.welovecycling.com\/pl\/#\/schema\/person\/image\/\",\"url\":\"https:\/\/secure.gravatar.com\/avatar\/203f240e63bee214f6f3a0dacbeb600c7829c09716c2b9ee3230c6961debcde2?s=96&d=mm&r=g\",\"contentUrl\":\"https:\/\/secure.gravatar.com\/avatar\/203f240e63bee214f6f3a0dacbeb600c7829c09716c2b9ee3230c6961debcde2?s=96&d=mm&r=g\",\"caption\":\"rafal\"},\"url\":\"https:\/\/www.welovecycling.com\/pl\/author\/rafal\/\"}]}<\/script>\n<!-- \/ Yoast SEO Premium plugin. -->","yoast_head_json":{"title":"Tak wygl\u0105da kolarskie piek\u0142o! Holender udowodni\u0142, \u017ce da si\u0119 z niego uciec - \u0160koda We Love Cycling - Poland","robots":{"index":"index","follow":"follow","max-snippet":"max-snippet:-1","max-image-preview":"max-image-preview:large","max-video-preview":"max-video-preview:-1"},"canonical":"https:\/\/www.welovecycling.com\/pl\/2022\/04\/19\/tak-wyglada-kolarskie-pieklo-holender-udowodnil-ze-da-sie-z-niego-uciec\/","og_locale":"pl_PL","og_type":"article","og_title":"Tak wygl\u0105da kolarskie piek\u0142o! Holender udowodni\u0142, \u017ce da si\u0119 z niego uciec","og_description":"Szutry, piaski, emocje, upadki. Nie ma drugiego takiego wy\u015bcigu jak Pary\u017c \u2013 Roubaix, wi\u0119c tym bardziej nie ma si\u0119 co [&hellip;]","og_url":"https:\/\/www.welovecycling.com\/pl\/2022\/04\/19\/tak-wyglada-kolarskie-pieklo-holender-udowodnil-ze-da-sie-z-niego-uciec\/","og_site_name":"\u0160koda We Love Cycling - Poland","article_published_time":"2022-04-19T14:13:55+00:00","article_modified_time":"2022-05-17T07:21:27+00:00","og_image":[{"width":1024,"height":450,"url":"https:\/\/d2p6e6u75xmxt8.cloudfront.net\/5\/2022\/04\/2022-Paris-Roubaix-Peloton-profimedia-0683948606-CVR-1024x450-1.jpg","type":"image\/jpeg"}],"author":"rafal","twitter_card":"summary_large_image","twitter_misc":{"Written by":"Piotr Nowik","Est. reading time":"3 minutes"},"schema":{"@context":"https:\/\/schema.org","@graph":[{"@type":"WebPage","@id":"https:\/\/www.welovecycling.com\/pl\/2022\/04\/19\/tak-wyglada-kolarskie-pieklo-holender-udowodnil-ze-da-sie-z-niego-uciec\/","url":"https:\/\/www.welovecycling.com\/pl\/2022\/04\/19\/tak-wyglada-kolarskie-pieklo-holender-udowodnil-ze-da-sie-z-niego-uciec\/","name":"Tak wygl\u0105da kolarskie piek\u0142o! Holender udowodni\u0142, \u017ce da si\u0119 z niego uciec - \u0160koda We Love Cycling - Poland","isPartOf":{"@id":"https:\/\/www.welovecycling.com\/pl\/#website"},"primaryImageOfPage":{"@id":"https:\/\/www.welovecycling.com\/pl\/2022\/04\/19\/tak-wyglada-kolarskie-pieklo-holender-udowodnil-ze-da-sie-z-niego-uciec\/#primaryimage"},"image":{"@id":"https:\/\/www.welovecycling.com\/pl\/2022\/04\/19\/tak-wyglada-kolarskie-pieklo-holender-udowodnil-ze-da-sie-z-niego-uciec\/#primaryimage"},"thumbnailUrl":"https:\/\/d2p6e6u75xmxt8.cloudfront.net\/5\/2022\/04\/2022-Paris-Roubaix-Peloton-profimedia-0683948606-CVR-1024x450-1.jpg","datePublished":"2022-04-19T14:13:55+00:00","dateModified":"2022-05-17T07:21:27+00:00","author":{"@id":"https:\/\/www.welovecycling.com\/pl\/#\/schema\/person\/bf06ed916a1ef16618807fb60d2ebe42"},"breadcrumb":{"@id":"https:\/\/www.welovecycling.com\/pl\/2022\/04\/19\/tak-wyglada-kolarskie-pieklo-holender-udowodnil-ze-da-sie-z-niego-uciec\/#breadcrumb"},"inLanguage":"pl-PL","potentialAction":[{"@type":"ReadAction","target":["https:\/\/www.welovecycling.com\/pl\/2022\/04\/19\/tak-wyglada-kolarskie-pieklo-holender-udowodnil-ze-da-sie-z-niego-uciec\/"]}]},{"@type":"ImageObject","inLanguage":"pl-PL","@id":"https:\/\/www.welovecycling.com\/pl\/2022\/04\/19\/tak-wyglada-kolarskie-pieklo-holender-udowodnil-ze-da-sie-z-niego-uciec\/#primaryimage","url":"https:\/\/d2p6e6u75xmxt8.cloudfront.net\/5\/2022\/04\/2022-Paris-Roubaix-Peloton-profimedia-0683948606-CVR-1024x450-1.jpg","contentUrl":"https:\/\/d2p6e6u75xmxt8.cloudfront.net\/5\/2022\/04\/2022-Paris-Roubaix-Peloton-profimedia-0683948606-CVR-1024x450-1.jpg","width":1024,"height":450},{"@type":"BreadcrumbList","@id":"https:\/\/www.welovecycling.com\/pl\/2022\/04\/19\/tak-wyglada-kolarskie-pieklo-holender-udowodnil-ze-da-sie-z-niego-uciec\/#breadcrumb","itemListElement":[{"@type":"ListItem","position":1,"name":"Home","item":"https:\/\/www.welovecycling.com\/pl\/"},{"@type":"ListItem","position":2,"name":"Tak wygl\u0105da kolarskie piek\u0142o! Holender udowodni\u0142, \u017ce da si\u0119 z niego uciec"}]},{"@type":"WebSite","@id":"https:\/\/www.welovecycling.com\/pl\/#website","url":"https:\/\/www.welovecycling.com\/pl\/","name":"\u0160koda We Love Cycling - Poland","description":"","potentialAction":[{"@type":"SearchAction","target":{"@type":"EntryPoint","urlTemplate":"https:\/\/www.welovecycling.com\/pl\/?s={search_term_string}"},"query-input":{"@type":"PropertyValueSpecification","valueRequired":true,"valueName":"search_term_string"}}],"inLanguage":"pl-PL"},{"@type":"Person","@id":"https:\/\/www.welovecycling.com\/pl\/#\/schema\/person\/bf06ed916a1ef16618807fb60d2ebe42","name":"rafal","image":{"@type":"ImageObject","inLanguage":"pl-PL","@id":"https:\/\/www.welovecycling.com\/pl\/#\/schema\/person\/image\/","url":"https:\/\/secure.gravatar.com\/avatar\/203f240e63bee214f6f3a0dacbeb600c7829c09716c2b9ee3230c6961debcde2?s=96&d=mm&r=g","contentUrl":"https:\/\/secure.gravatar.com\/avatar\/203f240e63bee214f6f3a0dacbeb600c7829c09716c2b9ee3230c6961debcde2?s=96&d=mm&r=g","caption":"rafal"},"url":"https:\/\/www.welovecycling.com\/pl\/author\/rafal\/"}]}},"_links":{"self":[{"href":"https:\/\/www.welovecycling.com\/pl\/wp-json\/wp\/v2\/posts\/12809","targetHints":{"allow":["GET"]}}],"collection":[{"href":"https:\/\/www.welovecycling.com\/pl\/wp-json\/wp\/v2\/posts"}],"about":[{"href":"https:\/\/www.welovecycling.com\/pl\/wp-json\/wp\/v2\/types\/post"}],"author":[{"embeddable":true,"href":"https:\/\/www.welovecycling.com\/pl\/wp-json\/wp\/v2\/users\/153"}],"replies":[{"embeddable":true,"href":"https:\/\/www.welovecycling.com\/pl\/wp-json\/wp\/v2\/comments?post=12809"}],"version-history":[{"count":2,"href":"https:\/\/www.welovecycling.com\/pl\/wp-json\/wp\/v2\/posts\/12809\/revisions"}],"predecessor-version":[{"id":12817,"href":"https:\/\/www.welovecycling.com\/pl\/wp-json\/wp\/v2\/posts\/12809\/revisions\/12817"}],"wp:featuredmedia":[{"embeddable":true,"href":"https:\/\/www.welovecycling.com\/pl\/wp-json\/wp\/v2\/media\/12815"}],"wp:attachment":[{"href":"https:\/\/www.welovecycling.com\/pl\/wp-json\/wp\/v2\/media?parent=12809"}],"wp:term":[{"taxonomy":"category","embeddable":true,"href":"https:\/\/www.welovecycling.com\/pl\/wp-json\/wp\/v2\/categories?post=12809"},{"taxonomy":"post_tag","embeddable":true,"href":"https:\/\/www.welovecycling.com\/pl\/wp-json\/wp\/v2\/tags?post=12809"},{"taxonomy":"global-categories","embeddable":true,"href":"https:\/\/www.welovecycling.com\/pl\/wp-json\/wp\/v2\/global-categories?post=12809"}],"curies":[{"name":"wp","href":"https:\/\/api.w.org\/{rel}","templated":true}]}}