{"id":12798,"date":"2022-04-11T14:30:00","date_gmt":"2022-04-11T14:30:00","guid":{"rendered":"https:\/\/www.welovecycling.com\/pl\/?p=12798"},"modified":"2022-05-17T07:21:45","modified_gmt":"2022-05-17T07:21:45","slug":"nie-miec-tu-roweru-to-wstyd-witajcie-w-rowerowym-raju","status":"publish","type":"post","link":"https:\/\/www.welovecycling.com\/pl\/2022\/04\/11\/nie-miec-tu-roweru-to-wstyd-witajcie-w-rowerowym-raju\/","title":{"rendered":"Nie mie\u0107 tu roweru, to wstyd! Witajcie w rowerowym raju"},"content":{"rendered":"<p><strong>Gdyby przewr\u00f3ci\u0107 to pa\u0144stwo do g\u00f3ry nogami, to wylecia\u0142yby z niego miliony rower\u00f3w. Rowerem do szko\u0142y, pracy, urz\u0119du, czy nawet ko\u015bcio\u0142a. W s\u0142o\u0144ce, deszcz, \u015bnieg. Witajcie w Danii, pa\u0144stwie ludzi zakochanych w rowerach, gdzie w tym roku rozpocznie si\u0119 Tour de France.<\/strong><\/p>\n<p>Tu nie ma wym\u00f3wek. Na rowerze mo\u017cna spotka\u0107 biznesmena w dok\u0142adnie wypastowanych butach, kobiet\u0119 sukcesu z idealnie dobranym makija\u017cem, a tak\u017ce matk\u0119, kt\u00f3ra rowerem do szko\u0142y i przedszkola odwozi nawet czworo dzieci.<\/p>\n<p>Na rowerach je\u017cd\u017c\u0105 te\u017c politycy. Gdy do Kopenhagi przyjecha\u0142 prezydent Francji Emmanuel Macron, to premier Danii Lars Lokke Rasmussen zaprosi\u0142 go do zwiedzania miasta oczywi\u015bcie w taki spos\u00f3b:<\/p>\n<lite-youtube videoid=2bHkr3QGxfw params=\"enablejsapi=1\" style=\"background-image: url('https:\/\/i.ytimg.com\/vi_webp\/2bHkr3QGxfw\/maxresdefault.webp');\"><\/lite-youtube>\n<p>Wed\u0142ug bada\u0144 ok. 62 proc. mieszka\u0144c\u00f3w Kopenhagi korzysta z roweru w codziennym \u017cyciu. A to wszystko w pa\u0144stwie, gdzie \u015brednia roczna temperatura dla stolicy wynosi 9 stopni, a opady \u2013 728 mm. Dla por\u00f3wnania &#8211; w Warszawie to odpowiednio 9,5 stopnia oraz 695 mm. Niemal identycznie, a dzieli nas rowerowa przepa\u015b\u0107.<\/p>\n<h2><strong>Rowerowe autostrady<\/strong><\/h2>\n<p>Du\u017ce du\u0144skie miasta poprzecinane s\u0105 \u015bcie\u017ckami rowerowymi. W Kopenhadze mo\u017cna korzysta\u0107 z pi\u0119trowych parking\u00f3w dla rower\u00f3w, cho\u0107 nawet taki system w godzinach szczytu nie rozwi\u0105zuje wszystkich problem\u00f3w z parkowaniem jedno\u015blad\u00f3w. Poci\u0105gi i autobusy r\u00f3wnie\u017c gotowe s\u0105 na przewo\u017cenie rower\u00f3w, a rowerzy\u015bci w wielu miejscach mog\u0105 czu\u0107 si\u0119 kr\u00f3lami szosy. W wi\u0119kszo\u015bci przypadk\u00f3w maj\u0105 pierwsze\u0144stwo, a gdy kierowca samochodu chce przeci\u0105\u0107 \u015bcie\u017ck\u0119 rowerow\u0105, czasem musi poczeka\u0107 dobrych kilkadziesi\u0105t sekund, bo w\u0142a\u015bnie nadje\u017cd\u017ca sznur rower\u00f3w.<\/p>\n<p>Przez rowerow\u0105 autostrad\u0119 w Kopenhadze \u015brednio przeje\u017cd\u017ca 18 tys. rower\u00f3w dziennie, a w pogodne dni jest ich znacznie wi\u0119cej.<\/p>\n<div class=\"embed-controller-wrapper\">\n<blockquote class=\"twitter-tweet\" data-width=\"500\" data-dnt=\"true\">\n<p lang=\"fr\" dir=\"ltr\">\ud83d\udeb2 At the start of the TT, the riders will pass by the busiest road for Danish cycling, it sees 18,000 bikes a day! <\/p>\n<p>\ud83d\udeb2 En d\u00e9but de parcours, les coureurs passeront sur le pont le plus emprunt\u00e9 par les cyclistes de Copenhague : 18.000 passages par jour ! <a href=\"https:\/\/t.co\/SD62YEFqKP\">pic.twitter.com\/SD62YEFqKP<\/a><\/p>\n<p>&mdash; Tour de France\u2122 (@LeTour) <a href=\"https:\/\/twitter.com\/LeTour\/status\/1506527754107432968?ref_src=twsrc%5Etfw\">March 23, 2022<\/a><\/p><\/blockquote>\n<p><script async data-src=\"https:\/\/platform.twitter.com\/widgets.js\" charset=\"utf-8\"><\/script><\/div>\n<p>Z\u0142a pogoda to w Danii jednak \u017cadna wym\u00f3wka. Ka\u017cdy szanuj\u0105cy si\u0119 du\u0144ski rowerzysta posiada przeciwdeszczow\u0105 kurtk\u0119, spodnie, a nawet pokrowce na buty. Rozwi\u0105zaniem, kt\u00f3re r\u00f3wnie\u017c \u015bwietnie si\u0119 sprawdza, jest peleryna. Ubrani w ni\u0105 rowerzy\u015bci przypominaj\u0105 wielk\u0105 \u015bwi\u0105teczn\u0105 bombk\u0119, kt\u00f3ra mo\u017ce jednak skrywa\u0107 m\u0119\u017cczyzn\u0119 w garniturze lub kobiet\u0119 w garsonce. Od najm\u0142odszych lat na rowerach je\u017cd\u017c\u0105 tak\u017ce dzieci.<\/p>\n<div class=\"embed-controller-wrapper\">\n<blockquote class=\"twitter-tweet\" data-width=\"500\" data-dnt=\"true\">\n<p lang=\"en\" dir=\"ltr\">Happy World Bicycle Day from the bike-loving nation, <a href=\"https:\/\/twitter.com\/hashtag\/Denmark?src=hash&amp;ref_src=twsrc%5Etfw\">#Denmark<\/a>\ud83d\udeb2\ud83c\udde9\ud83c\uddf0<\/p>\n<p>Did you know that 9 out of 10 Danes own a bicycle? And that in Denmark <a href=\"https:\/\/twitter.com\/hashtag\/cycling?src=hash&amp;ref_src=twsrc%5Etfw\">#cycling<\/a> accounts for 26 % of trips under 5K?<a href=\"https:\/\/twitter.com\/hashtag\/worldbicycleday2020?src=hash&amp;ref_src=twsrc%5Etfw\">#worldbicycleday2020<\/a> <a href=\"https:\/\/twitter.com\/hashtag\/UNday?src=hash&amp;ref_src=twsrc%5Etfw\">#UNday<\/a> <a href=\"https:\/\/twitter.com\/hashtag\/danishsolutions?src=hash&amp;ref_src=twsrc%5Etfw\">#danishsolutions<\/a><\/p>\n<p>\ud83d\udcf7Danish Cyclists&#39; Federation\/Mikkel \u00d8stergaard <a href=\"https:\/\/t.co\/7k8yFrkIfC\">pic.twitter.com\/7k8yFrkIfC<\/a><\/p>\n<p>&mdash; Denmark.dk (@denmarkdotdk) <a href=\"https:\/\/twitter.com\/denmarkdotdk\/status\/1268129455068917762?ref_src=twsrc%5Etfw\">June 3, 2020<\/a><\/p><\/blockquote>\n<p><script async data-src=\"https:\/\/platform.twitter.com\/widgets.js\" charset=\"utf-8\"><\/script><\/div>\n<h2><strong>Ekonomia, zdrowie, ekologia<\/strong><\/h2>\n<p>Wed\u0142ug niekt\u00f3rych bada\u0144 mieszka\u0144cy Kopenhagi nale\u017c\u0105 do najzdrowszych w Europie, a polityka miasta zak\u0142ada, \u017ce udzia\u0142 rower\u00f3w i komunikacji publicznej nie mo\u017ce spa\u015b\u0107 poni\u017cej 30 proc. Je\u015bli chodzi o rowery, to za\u0142o\u017cenie to jest tak skutecznie realizowane, \u017ce w trybie pilnym musiano rozbudowywa\u0107 \u015bcie\u017cki rowerowe, poniewa\u017c zaczyna\u0142y si\u0119 korkowa\u0107! A pa\u0144stwo du\u0144skie by\u0142o sta\u0107 na popraw\u0119 infrastruktury, poniewa\u017c wed\u0142ug wylicze\u0144 w\u0142adz Kopenhagi, ka\u017cdy kilometr przejechany rowerem przez mieszka\u0144ca tego miasta to dla spo\u0142ecze\u0144stwa zysk ok. 0,2 dolara, z kolei kilometr przejechany samochodem to strata 0,12 dolara.<\/p>\n<p>Ekonomia, zdrowie, ekologia \u2013 te idee przy\u015bwiecaj\u0105 zakochanym w rowerach Du\u0144czykom. Nic wi\u0119c dziwnego, \u017ce ju\u017c nie mog\u0105 si\u0119 oni doczeka\u0107 goszczenia najlepszych zawodnik\u00f3w \u015bwiata. To w\u0142a\u015bnie w ich pa\u0144stwie zostanie bowiem rozegrany tegoroczny Grand Depart, czyli pierwsze etapy Tour de France. Z tej okazji\u00a0 du\u0144ski rz\u0105d zdecydowa\u0142, \u017ce uzna rok 2022 \u201eRokiem Roweru\u201d w ca\u0142ym pa\u0144stwie.<\/p>\n<div class=\"embed-controller-wrapper\">\n<blockquote class=\"twitter-tweet\" data-width=\"500\" data-dnt=\"true\">\n<p lang=\"en\" dir=\"ltr\">The Danish government has proclaimed 2022 to be the Year of the Bicycle. This entails more state funding for bicycle infrastructure and campaigns aimed at replacing short \ud83d\ude97trips with \ud83d\udeb2trips, school children &amp; much more &#8230; oh, also; the Tour de France will start in Denmark \ud83c\uddeb\ud83c\uddf7\ud83c\udde9\ud83c\uddf0 <a href=\"https:\/\/t.co\/qAogCgAVoH\">pic.twitter.com\/qAogCgAVoH<\/a><\/p>\n<p>&mdash; Cycling Embassy of \ud83c\udde9\ud83c\uddf0Denmark (@CyclingEmbassy) <a href=\"https:\/\/twitter.com\/CyclingEmbassy\/status\/1482992683840851969?ref_src=twsrc%5Etfw\">January 17, 2022<\/a><\/p><\/blockquote>\n<p><script async data-src=\"https:\/\/platform.twitter.com\/widgets.js\" charset=\"utf-8\"><\/script><\/div>\n<p>&#8211; Jeste\u015bmy bardzo szcz\u0119\u015bliwi, \u017ce przyjechali\u015bmy do Danii. Poczuli\u015bmy tutaj pasj\u0119 do rower\u00f3w oraz do Wielkiej P\u0119tli, cho\u0107 ju\u017c wcze\u015bniej o niej wiedzieli\u015bmy. Jeste\u015bmy pod wra\u017ceniem tego, co zobaczyli\u015bmy oraz tego, czego mo\u017cemy si\u0119 spodziewa\u0107 podczas Grand Depart. To b\u0119dzie pi\u0119kne otwarcie Tour de France 2022 \u2013 m\u00f3wi\u0142 Christian Prudhomme, dyrektor Tour de France podczas niedawnej wizyty w Danii.<\/p>\n<p>Wielka P\u0119tla rozpocznie si\u0119 1 lipca jazd\u0105 na czas w Kopenhadze, nazajutrz zawodnicy zmierz\u0105 si\u0119 na trasie z Roskilde do Nyborg, a trzeci etap rozegra si\u0119 na trasie Velje \u2013 Sonderborg. Dopiero po \u015bciganiu w Danii zawodnicy przenios\u0105 si\u0119 do Francji, zahacz\u0105 tak\u017ce o Belgi\u0119 i Szwajcari\u0119. Zako\u0144czenie wy\u015bcigu 24 lipca w Pary\u017cu.<\/p>\n<p><span data-sheets-value=\"{&quot;1&quot;:2,&quot;2&quot;:&quot;Artyku\u0142 powsta\u0142 we wsp\u00f3\u0142pracy ze skoda-auto.pl&quot;}\" data-sheets-userformat=\"{&quot;2&quot;:1,&quot;3&quot;:{&quot;1&quot;:0}}\" data-sheets-hyperlink=\"http:\/\/www.skoda-auto.pl\/\"><a class=\"in-cell-link\" href=\"http:\/\/www.skoda-auto.pl\/\" target=\"_blank\" rel=\"noopener noreferrer\">Artyku\u0142 powsta\u0142 we wsp\u00f3\u0142pracy ze skoda-auto.pl<\/a><\/span><\/p>\n<p><a href=\"https:\/\/www.skoda-auto.pl\/modele\/superb\"><img loading=\"lazy\" decoding=\"async\" class=\"alignnone size-full wp-image-11628 aligncenter\" src=\"https:\/\/d2p6e6u75xmxt8.cloudfront.net\/5\/2021\/12\/640x350-2-1.jpg\" alt=\"\" width=\"640\" height=\"350\" srcset=\"https:\/\/d2p6e6u75xmxt8.cloudfront.net\/5\/2021\/12\/640x350-2-1.jpg 640w, https:\/\/d2p6e6u75xmxt8.cloudfront.net\/5\/2021\/12\/640x350-2-1-300x164.jpg 300w\" sizes=\"auto, (max-width: 640px) 100vw, 640px\" \/><\/a><\/p>\n","protected":false},"excerpt":{"rendered":"<p>Gdyby przewr\u00f3ci\u0107 to pa\u0144stwo do g\u00f3ry nogami, to wylecia\u0142yby z niego miliony rower\u00f3w. Rowerem do szko\u0142y, pracy, urz\u0119du, czy nawet [&hellip;]<\/p>\n","protected":false},"author":153,"featured_media":12803,"comment_status":"open","ping_status":"open","sticky":false,"template":"","format":"standard","meta":{"footnotes":""},"categories":[226],"tags":[362],"global-categories":[303],"class_list":["post-12798","post","type-post","status-publish","format-standard","has-post-thumbnail","hentry","category-ciekawostki","tag-piotr-nowik","global-categories-cycling"],"yoast_head":"<!-- This site is optimized with the Yoast SEO Premium plugin v25.3 (Yoast SEO v25.9) - https:\/\/yoast.com\/wordpress\/plugins\/seo\/ -->\n<title>Nie mie\u0107 tu roweru, to wstyd! Witajcie w rowerowym raju - \u0160koda We Love Cycling - Poland<\/title>\n<meta name=\"robots\" content=\"index, follow, max-snippet:-1, max-image-preview:large, max-video-preview:-1\" \/>\n<link rel=\"canonical\" href=\"https:\/\/www.welovecycling.com\/pl\/2022\/04\/11\/nie-miec-tu-roweru-to-wstyd-witajcie-w-rowerowym-raju\/\" \/>\n<meta property=\"og:locale\" content=\"pl_PL\" \/>\n<meta property=\"og:type\" content=\"article\" \/>\n<meta property=\"og:title\" content=\"Nie mie\u0107 tu roweru, to wstyd! Witajcie w rowerowym raju\" \/>\n<meta property=\"og:description\" content=\"Gdyby przewr\u00f3ci\u0107 to pa\u0144stwo do g\u00f3ry nogami, to wylecia\u0142yby z niego miliony rower\u00f3w. Rowerem do szko\u0142y, pracy, urz\u0119du, czy nawet [&hellip;]\" \/>\n<meta property=\"og:url\" content=\"https:\/\/www.welovecycling.com\/pl\/2022\/04\/11\/nie-miec-tu-roweru-to-wstyd-witajcie-w-rowerowym-raju\/\" \/>\n<meta property=\"og:site_name\" content=\"\u0160koda We Love Cycling - Poland\" \/>\n<meta property=\"article:published_time\" content=\"2022-04-11T14:30:00+00:00\" \/>\n<meta property=\"article:modified_time\" content=\"2022-05-17T07:21:45+00:00\" \/>\n<meta property=\"og:image\" content=\"https:\/\/d2p6e6u75xmxt8.cloudfront.net\/5\/2022\/04\/Amsterdam-Cycling-CVR-profimedia-0098573422-1024x450-1.jpg\" \/>\n\t<meta property=\"og:image:width\" content=\"1024\" \/>\n\t<meta property=\"og:image:height\" content=\"450\" \/>\n\t<meta property=\"og:image:type\" content=\"image\/jpeg\" \/>\n<meta name=\"author\" content=\"rafal\" \/>\n<meta name=\"twitter:card\" content=\"summary_large_image\" \/>\n<meta name=\"twitter:label1\" content=\"Written by\" \/>\n\t<meta name=\"twitter:data1\" content=\"Piotr Nowik\" \/>\n\t<meta name=\"twitter:label2\" content=\"Est. reading time\" \/>\n\t<meta name=\"twitter:data2\" content=\"4 minutes\" \/>\n<script type=\"application\/ld+json\" class=\"yoast-schema-graph\">{\"@context\":\"https:\/\/schema.org\",\"@graph\":[{\"@type\":\"WebPage\",\"@id\":\"https:\/\/www.welovecycling.com\/pl\/2022\/04\/11\/nie-miec-tu-roweru-to-wstyd-witajcie-w-rowerowym-raju\/\",\"url\":\"https:\/\/www.welovecycling.com\/pl\/2022\/04\/11\/nie-miec-tu-roweru-to-wstyd-witajcie-w-rowerowym-raju\/\",\"name\":\"Nie mie\u0107 tu roweru, to wstyd! Witajcie w rowerowym raju - \u0160koda We Love Cycling - Poland\",\"isPartOf\":{\"@id\":\"https:\/\/www.welovecycling.com\/pl\/#website\"},\"primaryImageOfPage\":{\"@id\":\"https:\/\/www.welovecycling.com\/pl\/2022\/04\/11\/nie-miec-tu-roweru-to-wstyd-witajcie-w-rowerowym-raju\/#primaryimage\"},\"image\":{\"@id\":\"https:\/\/www.welovecycling.com\/pl\/2022\/04\/11\/nie-miec-tu-roweru-to-wstyd-witajcie-w-rowerowym-raju\/#primaryimage\"},\"thumbnailUrl\":\"https:\/\/d2p6e6u75xmxt8.cloudfront.net\/5\/2022\/04\/Amsterdam-Cycling-CVR-profimedia-0098573422-1024x450-1.jpg\",\"datePublished\":\"2022-04-11T14:30:00+00:00\",\"dateModified\":\"2022-05-17T07:21:45+00:00\",\"author\":{\"@id\":\"https:\/\/www.welovecycling.com\/pl\/#\/schema\/person\/bf06ed916a1ef16618807fb60d2ebe42\"},\"breadcrumb\":{\"@id\":\"https:\/\/www.welovecycling.com\/pl\/2022\/04\/11\/nie-miec-tu-roweru-to-wstyd-witajcie-w-rowerowym-raju\/#breadcrumb\"},\"inLanguage\":\"pl-PL\",\"potentialAction\":[{\"@type\":\"ReadAction\",\"target\":[\"https:\/\/www.welovecycling.com\/pl\/2022\/04\/11\/nie-miec-tu-roweru-to-wstyd-witajcie-w-rowerowym-raju\/\"]}]},{\"@type\":\"ImageObject\",\"inLanguage\":\"pl-PL\",\"@id\":\"https:\/\/www.welovecycling.com\/pl\/2022\/04\/11\/nie-miec-tu-roweru-to-wstyd-witajcie-w-rowerowym-raju\/#primaryimage\",\"url\":\"https:\/\/d2p6e6u75xmxt8.cloudfront.net\/5\/2022\/04\/Amsterdam-Cycling-CVR-profimedia-0098573422-1024x450-1.jpg\",\"contentUrl\":\"https:\/\/d2p6e6u75xmxt8.cloudfront.net\/5\/2022\/04\/Amsterdam-Cycling-CVR-profimedia-0098573422-1024x450-1.jpg\",\"width\":1024,\"height\":450},{\"@type\":\"BreadcrumbList\",\"@id\":\"https:\/\/www.welovecycling.com\/pl\/2022\/04\/11\/nie-miec-tu-roweru-to-wstyd-witajcie-w-rowerowym-raju\/#breadcrumb\",\"itemListElement\":[{\"@type\":\"ListItem\",\"position\":1,\"name\":\"Home\",\"item\":\"https:\/\/www.welovecycling.com\/pl\/\"},{\"@type\":\"ListItem\",\"position\":2,\"name\":\"Nie mie\u0107 tu roweru, to wstyd! Witajcie w rowerowym raju\"}]},{\"@type\":\"WebSite\",\"@id\":\"https:\/\/www.welovecycling.com\/pl\/#website\",\"url\":\"https:\/\/www.welovecycling.com\/pl\/\",\"name\":\"\u0160koda We Love Cycling - Poland\",\"description\":\"\",\"potentialAction\":[{\"@type\":\"SearchAction\",\"target\":{\"@type\":\"EntryPoint\",\"urlTemplate\":\"https:\/\/www.welovecycling.com\/pl\/?s={search_term_string}\"},\"query-input\":{\"@type\":\"PropertyValueSpecification\",\"valueRequired\":true,\"valueName\":\"search_term_string\"}}],\"inLanguage\":\"pl-PL\"},{\"@type\":\"Person\",\"@id\":\"https:\/\/www.welovecycling.com\/pl\/#\/schema\/person\/bf06ed916a1ef16618807fb60d2ebe42\",\"name\":\"rafal\",\"image\":{\"@type\":\"ImageObject\",\"inLanguage\":\"pl-PL\",\"@id\":\"https:\/\/www.welovecycling.com\/pl\/#\/schema\/person\/image\/\",\"url\":\"https:\/\/secure.gravatar.com\/avatar\/203f240e63bee214f6f3a0dacbeb600c7829c09716c2b9ee3230c6961debcde2?s=96&d=mm&r=g\",\"contentUrl\":\"https:\/\/secure.gravatar.com\/avatar\/203f240e63bee214f6f3a0dacbeb600c7829c09716c2b9ee3230c6961debcde2?s=96&d=mm&r=g\",\"caption\":\"rafal\"},\"url\":\"https:\/\/www.welovecycling.com\/pl\/author\/rafal\/\"}]}<\/script>\n<!-- \/ Yoast SEO Premium plugin. -->","yoast_head_json":{"title":"Nie mie\u0107 tu roweru, to wstyd! Witajcie w rowerowym raju - \u0160koda We Love Cycling - Poland","robots":{"index":"index","follow":"follow","max-snippet":"max-snippet:-1","max-image-preview":"max-image-preview:large","max-video-preview":"max-video-preview:-1"},"canonical":"https:\/\/www.welovecycling.com\/pl\/2022\/04\/11\/nie-miec-tu-roweru-to-wstyd-witajcie-w-rowerowym-raju\/","og_locale":"pl_PL","og_type":"article","og_title":"Nie mie\u0107 tu roweru, to wstyd! Witajcie w rowerowym raju","og_description":"Gdyby przewr\u00f3ci\u0107 to pa\u0144stwo do g\u00f3ry nogami, to wylecia\u0142yby z niego miliony rower\u00f3w. Rowerem do szko\u0142y, pracy, urz\u0119du, czy nawet [&hellip;]","og_url":"https:\/\/www.welovecycling.com\/pl\/2022\/04\/11\/nie-miec-tu-roweru-to-wstyd-witajcie-w-rowerowym-raju\/","og_site_name":"\u0160koda We Love Cycling - Poland","article_published_time":"2022-04-11T14:30:00+00:00","article_modified_time":"2022-05-17T07:21:45+00:00","og_image":[{"width":1024,"height":450,"url":"https:\/\/d2p6e6u75xmxt8.cloudfront.net\/5\/2022\/04\/Amsterdam-Cycling-CVR-profimedia-0098573422-1024x450-1.jpg","type":"image\/jpeg"}],"author":"rafal","twitter_card":"summary_large_image","twitter_misc":{"Written by":"Piotr Nowik","Est. reading time":"4 minutes"},"schema":{"@context":"https:\/\/schema.org","@graph":[{"@type":"WebPage","@id":"https:\/\/www.welovecycling.com\/pl\/2022\/04\/11\/nie-miec-tu-roweru-to-wstyd-witajcie-w-rowerowym-raju\/","url":"https:\/\/www.welovecycling.com\/pl\/2022\/04\/11\/nie-miec-tu-roweru-to-wstyd-witajcie-w-rowerowym-raju\/","name":"Nie mie\u0107 tu roweru, to wstyd! Witajcie w rowerowym raju - \u0160koda We Love Cycling - Poland","isPartOf":{"@id":"https:\/\/www.welovecycling.com\/pl\/#website"},"primaryImageOfPage":{"@id":"https:\/\/www.welovecycling.com\/pl\/2022\/04\/11\/nie-miec-tu-roweru-to-wstyd-witajcie-w-rowerowym-raju\/#primaryimage"},"image":{"@id":"https:\/\/www.welovecycling.com\/pl\/2022\/04\/11\/nie-miec-tu-roweru-to-wstyd-witajcie-w-rowerowym-raju\/#primaryimage"},"thumbnailUrl":"https:\/\/d2p6e6u75xmxt8.cloudfront.net\/5\/2022\/04\/Amsterdam-Cycling-CVR-profimedia-0098573422-1024x450-1.jpg","datePublished":"2022-04-11T14:30:00+00:00","dateModified":"2022-05-17T07:21:45+00:00","author":{"@id":"https:\/\/www.welovecycling.com\/pl\/#\/schema\/person\/bf06ed916a1ef16618807fb60d2ebe42"},"breadcrumb":{"@id":"https:\/\/www.welovecycling.com\/pl\/2022\/04\/11\/nie-miec-tu-roweru-to-wstyd-witajcie-w-rowerowym-raju\/#breadcrumb"},"inLanguage":"pl-PL","potentialAction":[{"@type":"ReadAction","target":["https:\/\/www.welovecycling.com\/pl\/2022\/04\/11\/nie-miec-tu-roweru-to-wstyd-witajcie-w-rowerowym-raju\/"]}]},{"@type":"ImageObject","inLanguage":"pl-PL","@id":"https:\/\/www.welovecycling.com\/pl\/2022\/04\/11\/nie-miec-tu-roweru-to-wstyd-witajcie-w-rowerowym-raju\/#primaryimage","url":"https:\/\/d2p6e6u75xmxt8.cloudfront.net\/5\/2022\/04\/Amsterdam-Cycling-CVR-profimedia-0098573422-1024x450-1.jpg","contentUrl":"https:\/\/d2p6e6u75xmxt8.cloudfront.net\/5\/2022\/04\/Amsterdam-Cycling-CVR-profimedia-0098573422-1024x450-1.jpg","width":1024,"height":450},{"@type":"BreadcrumbList","@id":"https:\/\/www.welovecycling.com\/pl\/2022\/04\/11\/nie-miec-tu-roweru-to-wstyd-witajcie-w-rowerowym-raju\/#breadcrumb","itemListElement":[{"@type":"ListItem","position":1,"name":"Home","item":"https:\/\/www.welovecycling.com\/pl\/"},{"@type":"ListItem","position":2,"name":"Nie mie\u0107 tu roweru, to wstyd! Witajcie w rowerowym raju"}]},{"@type":"WebSite","@id":"https:\/\/www.welovecycling.com\/pl\/#website","url":"https:\/\/www.welovecycling.com\/pl\/","name":"\u0160koda We Love Cycling - Poland","description":"","potentialAction":[{"@type":"SearchAction","target":{"@type":"EntryPoint","urlTemplate":"https:\/\/www.welovecycling.com\/pl\/?s={search_term_string}"},"query-input":{"@type":"PropertyValueSpecification","valueRequired":true,"valueName":"search_term_string"}}],"inLanguage":"pl-PL"},{"@type":"Person","@id":"https:\/\/www.welovecycling.com\/pl\/#\/schema\/person\/bf06ed916a1ef16618807fb60d2ebe42","name":"rafal","image":{"@type":"ImageObject","inLanguage":"pl-PL","@id":"https:\/\/www.welovecycling.com\/pl\/#\/schema\/person\/image\/","url":"https:\/\/secure.gravatar.com\/avatar\/203f240e63bee214f6f3a0dacbeb600c7829c09716c2b9ee3230c6961debcde2?s=96&d=mm&r=g","contentUrl":"https:\/\/secure.gravatar.com\/avatar\/203f240e63bee214f6f3a0dacbeb600c7829c09716c2b9ee3230c6961debcde2?s=96&d=mm&r=g","caption":"rafal"},"url":"https:\/\/www.welovecycling.com\/pl\/author\/rafal\/"}]}},"_links":{"self":[{"href":"https:\/\/www.welovecycling.com\/pl\/wp-json\/wp\/v2\/posts\/12798","targetHints":{"allow":["GET"]}}],"collection":[{"href":"https:\/\/www.welovecycling.com\/pl\/wp-json\/wp\/v2\/posts"}],"about":[{"href":"https:\/\/www.welovecycling.com\/pl\/wp-json\/wp\/v2\/types\/post"}],"author":[{"embeddable":true,"href":"https:\/\/www.welovecycling.com\/pl\/wp-json\/wp\/v2\/users\/153"}],"replies":[{"embeddable":true,"href":"https:\/\/www.welovecycling.com\/pl\/wp-json\/wp\/v2\/comments?post=12798"}],"version-history":[{"count":1,"href":"https:\/\/www.welovecycling.com\/pl\/wp-json\/wp\/v2\/posts\/12798\/revisions"}],"predecessor-version":[{"id":12804,"href":"https:\/\/www.welovecycling.com\/pl\/wp-json\/wp\/v2\/posts\/12798\/revisions\/12804"}],"wp:featuredmedia":[{"embeddable":true,"href":"https:\/\/www.welovecycling.com\/pl\/wp-json\/wp\/v2\/media\/12803"}],"wp:attachment":[{"href":"https:\/\/www.welovecycling.com\/pl\/wp-json\/wp\/v2\/media?parent=12798"}],"wp:term":[{"taxonomy":"category","embeddable":true,"href":"https:\/\/www.welovecycling.com\/pl\/wp-json\/wp\/v2\/categories?post=12798"},{"taxonomy":"post_tag","embeddable":true,"href":"https:\/\/www.welovecycling.com\/pl\/wp-json\/wp\/v2\/tags?post=12798"},{"taxonomy":"global-categories","embeddable":true,"href":"https:\/\/www.welovecycling.com\/pl\/wp-json\/wp\/v2\/global-categories?post=12798"}],"curies":[{"name":"wp","href":"https:\/\/api.w.org\/{rel}","templated":true}]}}