{"id":12769,"date":"2022-03-31T15:11:11","date_gmt":"2022-03-31T15:11:11","guid":{"rendered":"https:\/\/www.welovecycling.com\/pl\/?p=12769"},"modified":"2022-05-17T08:42:51","modified_gmt":"2022-05-17T08:42:51","slug":"najwieksza-wygrana-w-historii-malego-panstwa-to-niewiarygodne","status":"publish","type":"post","link":"https:\/\/www.welovecycling.com\/pl\/2022\/03\/31\/najwieksza-wygrana-w-historii-malego-panstwa-to-niewiarygodne\/","title":{"rendered":"Najwi\u0119ksza wygrana w historii ma\u0142ego pa\u0144stwa! \u201eTo niewiarygodne\u201d"},"content":{"rendered":"<p><strong>To si\u0119 nazywa zastrzyk kolarskich emocji! W ci\u0105gu tygodnia rozegrano cztery jednodniowe wy\u015bcigi, w kt\u00f3rych nie brakowa\u0142o zaskakuj\u0105cych rozstrzygni\u0119\u0107. \u2013 To niewiarygodne i niesamowite. Przyjechali\u015bmy po dobry wynik, ale to, co si\u0119 sta\u0142o, jest nie do opisania. Jeszcze nie mog\u0119 w to uwierzy\u0107 \u2013 cieszy\u0142 si\u0119 Erytrejczyk Biniam Ghirmay, zwyci\u0119zca Gandawa \u2013 Wevelgem.<\/strong><\/p>\n<p>Zacz\u0119\u0142o si\u0119 od ponad 200 km rywalizacji na trasie Brugia \u2013 De Panne. Wyst\u0105pi\u0142y 24 ekipy, kt\u00f3re pos\u0142a\u0142y do boju 164 zawodnik\u00f3w. 10 kolarzy nie dotar\u0142o do mety, za to najszybszy by\u0142 przedstawiciel gospodarzy \u2013 Belg Tim Merlier (Alpecin-Fenix).<\/p>\n<div class=\"embed-controller-wrapper\">\n<blockquote class=\"twitter-tweet\" data-width=\"500\" data-dnt=\"true\">\n<p lang=\"en\" dir=\"ltr\">\ud83d\udcf7 Finish photo! <a href=\"https:\/\/t.co\/Cb6FIdjasK\">pic.twitter.com\/Cb6FIdjasK<\/a><\/p>\n<p>&mdash; Classic Brugge-De Panne (@bruggedepanne) <a href=\"https:\/\/twitter.com\/bruggedepanne\/status\/1507033319669739530?ref_src=twsrc%5Etfw\">March 24, 2022<\/a><\/p><\/blockquote>\n<p><script async data-src=\"https:\/\/platform.twitter.com\/widgets.js\" charset=\"utf-8\"><\/script><\/div>\n<h2><strong>Gospodarze zn\u00f3w triumfuj\u0105<\/strong><\/h2>\n<p>Niekt\u00f3rzy kibice jeszcze rozprawiali na temat wygranej Merliera, a zawodnicy ju\u017c stali na starcie kolejnego wy\u015bcigu. Dwa dni p\u00f3\u017aniej organizatorzy E3 Saxo Bank Classic zaserwowali zawodnikom p\u0119tl\u0119 licz\u0105c\u0105 204 km, kt\u00f3ra zaczyna\u0142a si\u0119 i ko\u0144czy\u0142a w Harelbeke, mie\u015bcie w p\u00f3\u0142nocno-zachodniej Belgii.<\/p>\n<p>I tu zn\u00f3w powody do \u015bwi\u0119towania mieli kibice gospodarzy, kt\u00f3rzy tym razem ponie\u015bli do zwyci\u0119stwa Wouta Van Aerta (Jumbo-Visma), kt\u00f3ry zdawa\u0142 sobie spraw\u0119, \u017ce za jego wygran\u0105 stoi znacznie wi\u0119cej os\u00f3b.<\/p>\n<p>\u2013 Chcia\u0142bym podzi\u0119kowa\u0107 ka\u017cdemu z moich dru\u017cynowych koleg\u00f3w, bo dzi\u015b moja ekipa by\u0142a niesamowita. Ta wygrana wiele dla mnie znaczy i jestem dumny z niej oraz z postawy ca\u0142ej naszej dru\u017cyny \u2013 cieszy\u0142 si\u0119 Van Aert na mecie.<\/p>\n<p>A ca\u0142y wy\u015bcig w skr\u00f3cie wygl\u0105da\u0142 tak:<\/p>\n<lite-youtube videoid=CtO8-xvdKU8 params=\"enablejsapi=1\" style=\"background-image: url('https:\/\/i.ytimg.com\/vi_webp\/CtO8-xvdKU8\/maxresdefault.webp');\"><\/lite-youtube>\n<p><strong>Wielka rado\u015b\u0107 Erytrejczyka<\/strong><\/p>\n<p>Podczas E3 Saxo Bank Classic bardzo obiecuj\u0105co zaprezentowa\u0142 si\u0119 Biniam Ghirmay (Intermarch\u00e9-Wanty-Gobert Mat\u00e9riaux), ale dwa dni p\u00f3\u017aniej Erytrejczyk przeszed\u0142 samego siebie. Wygra\u0142 finisz podczas wy\u015bcigu Gandawa \u2013 Wevelgem i tym samym osi\u0105gn\u0105\u0142 najwi\u0119ksze zwyci\u0119stwo nie tylko w karierze, ale tak\u017ce w historii swojego kraju.<\/p>\n<p>\u2013 To niewiarygodne i niesamowite. Przyjechali\u015bmy po dobry wynik, ale to, co si\u0119 sta\u0142o, jest nie do opisania. Jeszcze nie mog\u0119 w to uwierzy\u0107 \u2013 cieszy\u0142 si\u0119 Ghirmay.<\/p>\n<div class=\"embed-controller-wrapper\">\n<blockquote class=\"twitter-tweet\" data-width=\"500\" data-dnt=\"true\">\n<p lang=\"en\" dir=\"ltr\">\ud83d\ude4c Sunday was a historical day for cycling thanks to <a href=\"https:\/\/twitter.com\/GrmayeBiniam?ref_src=twsrc%5Etfw\">@GrmayeBiniam<\/a> \ud83c\uddea\ud83c\uddf7 Relive his fantastic sprint through this video \ud83d\udc40 <a href=\"https:\/\/twitter.com\/hashtag\/GWE22?src=hash&amp;ref_src=twsrc%5Etfw\">#GWE22<\/a> <a href=\"https:\/\/t.co\/YJKIE7Z2Ym\">pic.twitter.com\/YJKIE7Z2Ym<\/a><\/p>\n<p>&mdash; Gent-Wevelgem (@GentWevelgem) <a href=\"https:\/\/twitter.com\/GentWevelgem\/status\/1509219506312331272?ref_src=twsrc%5Etfw\">March 30, 2022<\/a><\/p><\/blockquote>\n<p><script async data-src=\"https:\/\/platform.twitter.com\/widgets.js\" charset=\"utf-8\"><\/script><\/div>\n<p><strong>Trudno\u015bci gwiazdora<\/strong><\/p>\n<p>Z kolei w \u015brod\u0119 rozegrano Dwars door Vlaanderen i po raz drugi w karierze wygra\u0142 go Mathieu van der Poel (Alpecin-Fenix). Od pocz\u0105tku wy\u015bcigu oczy kibic\u00f3w zwr\u00f3cone by\u0142y jednak w stron\u0119 gwiazdy kolarstwa \u2013 Tadeja Pogacara (UAE Team Emirates). S\u0142oweniec spisa\u0142 si\u0119 nie\u017ale \u2013 zaj\u0105\u0142 10. miejsce, ale mia\u0142 problemy z brukowanymi fragmentami trasy.<\/p>\n<p>Zupe\u0142nie inaczej ni\u017c van der Poel. \u2013 Ciesz\u0119 si\u0119, \u017ce wygra\u0142em, bo to dodaje pewno\u015bci siebie. Czu\u0142em si\u0119 dobrze, by\u0142em mocny, ale musz\u0119 by\u0107 jeszcze lepszy \u2013 podkre\u015bla\u0142 Holender.<\/p>\n<div class=\"embed-controller-wrapper\">\n<blockquote class=\"twitter-tweet\" data-width=\"500\" data-dnt=\"true\">\n<p lang=\"en\" dir=\"ltr\">We had a great Wednesday afternoon thanks to <a href=\"https:\/\/twitter.com\/consonni_chiara?ref_src=twsrc%5Etfw\">@consonni_chiara<\/a> and <a href=\"https:\/\/twitter.com\/mathieuvdpoel?ref_src=twsrc%5Etfw\">@mathieuvdpoel<\/a>, what about yours? \ud83d\ude80\ud83d\ude0d<a href=\"https:\/\/twitter.com\/hashtag\/DDV22?src=hash&amp;ref_src=twsrc%5Etfw\">#DDV22<\/a> <a href=\"https:\/\/twitter.com\/hashtag\/DDVmen?src=hash&amp;ref_src=twsrc%5Etfw\">#DDVmen<\/a> <a href=\"https:\/\/twitter.com\/hashtag\/DDVwomen?src=hash&amp;ref_src=twsrc%5Etfw\">#DDVwomen<\/a> <a href=\"https:\/\/t.co\/HimgDIg3cT\">pic.twitter.com\/HimgDIg3cT<\/a><\/p>\n<p>&mdash; Dwars door Vlaanderen (@DwarsdrVlaander) <a href=\"https:\/\/twitter.com\/DwarsdrVlaander\/status\/1509416251789033476?ref_src=twsrc%5Etfw\">March 31, 2022<\/a><\/p><\/blockquote>\n<p><script async data-src=\"https:\/\/platform.twitter.com\/widgets.js\" charset=\"utf-8\"><\/script><\/div>\n<p>Teraz przed kolarzami wisienka na torcie jednodniowych belgijskich wy\u015bcig\u00f3w \u2013 Ronde van Vlaanderen, kt\u00f3ry zostanie rozegrany w niedziel\u0119.<\/p>\n<p><span data-sheets-value=\"{&quot;1&quot;:2,&quot;2&quot;:&quot;Artyku\u0142 powsta\u0142 we wsp\u00f3\u0142pracy ze skoda-auto.pl&quot;}\" data-sheets-userformat=\"{&quot;2&quot;:1,&quot;3&quot;:{&quot;1&quot;:0}}\" data-sheets-hyperlink=\"http:\/\/www.skoda-auto.pl\/\"><a class=\"in-cell-link\" href=\"http:\/\/www.skoda-auto.pl\/\" target=\"_blank\" rel=\"noopener noreferrer\">Artyku\u0142 powsta\u0142 we wsp\u00f3\u0142pracy ze skoda-auto.pl<\/a><\/span><\/p>\n<p><a href=\"https:\/\/www.skoda-auto.pl\/modele\/superb\"><img loading=\"lazy\" decoding=\"async\" class=\"alignnone size-full wp-image-11628 aligncenter\" src=\"https:\/\/d2p6e6u75xmxt8.cloudfront.net\/5\/2021\/12\/640x350-2-1.jpg\" alt=\"\" width=\"640\" height=\"350\" srcset=\"https:\/\/d2p6e6u75xmxt8.cloudfront.net\/5\/2021\/12\/640x350-2-1.jpg 640w, https:\/\/d2p6e6u75xmxt8.cloudfront.net\/5\/2021\/12\/640x350-2-1-300x164.jpg 300w\" sizes=\"auto, (max-width: 640px) 100vw, 640px\" \/><\/a><\/p>\n<p>&nbsp;<\/p>\n","protected":false},"excerpt":{"rendered":"<p>To si\u0119 nazywa zastrzyk kolarskich emocji! W ci\u0105gu tygodnia rozegrano cztery jednodniowe wy\u015bcigi, w kt\u00f3rych nie brakowa\u0142o zaskakuj\u0105cych rozstrzygni\u0119\u0107. \u2013 [&hellip;]<\/p>\n","protected":false},"author":153,"featured_media":12774,"comment_status":"open","ping_status":"open","sticky":false,"template":"","format":"standard","meta":{"footnotes":""},"categories":[6,295],"tags":[362],"global-categories":[303],"class_list":["post-12769","post","type-post","status-publish","format-standard","has-post-thumbnail","hentry","category-kolarstwo-szosowe","category-zawody","tag-piotr-nowik","global-categories-cycling"],"yoast_head":"<!-- This site is optimized with the Yoast SEO Premium plugin v25.3 (Yoast SEO v25.9) - https:\/\/yoast.com\/wordpress\/plugins\/seo\/ -->\n<title>Najwi\u0119ksza wygrana w historii ma\u0142ego pa\u0144stwa! \u201eTo niewiarygodne\u201d - \u0160koda We Love Cycling - Poland<\/title>\n<meta name=\"robots\" content=\"index, follow, max-snippet:-1, max-image-preview:large, max-video-preview:-1\" \/>\n<link rel=\"canonical\" href=\"https:\/\/www.welovecycling.com\/pl\/2022\/03\/31\/najwieksza-wygrana-w-historii-malego-panstwa-to-niewiarygodne\/\" \/>\n<meta property=\"og:locale\" content=\"pl_PL\" \/>\n<meta property=\"og:type\" content=\"article\" \/>\n<meta property=\"og:title\" content=\"Najwi\u0119ksza wygrana w historii ma\u0142ego pa\u0144stwa! \u201eTo niewiarygodne\u201d\" \/>\n<meta property=\"og:description\" content=\"To si\u0119 nazywa zastrzyk kolarskich emocji! W ci\u0105gu tygodnia rozegrano cztery jednodniowe wy\u015bcigi, w kt\u00f3rych nie brakowa\u0142o zaskakuj\u0105cych rozstrzygni\u0119\u0107. \u2013 [&hellip;]\" \/>\n<meta property=\"og:url\" content=\"https:\/\/www.welovecycling.com\/pl\/2022\/03\/31\/najwieksza-wygrana-w-historii-malego-panstwa-to-niewiarygodne\/\" \/>\n<meta property=\"og:site_name\" content=\"\u0160koda We Love Cycling - Poland\" \/>\n<meta property=\"article:published_time\" content=\"2022-03-31T15:11:11+00:00\" \/>\n<meta property=\"article:modified_time\" content=\"2022-05-17T08:42:51+00:00\" \/>\n<meta property=\"og:image\" content=\"https:\/\/d2p6e6u75xmxt8.cloudfront.net\/5\/2022\/03\/Tour-peloton-profimedia-0557231437-CVR-1024x450-1.jpg\" \/>\n\t<meta property=\"og:image:width\" content=\"1024\" \/>\n\t<meta property=\"og:image:height\" content=\"450\" \/>\n\t<meta property=\"og:image:type\" content=\"image\/jpeg\" \/>\n<meta name=\"author\" content=\"rafal\" \/>\n<meta name=\"twitter:card\" content=\"summary_large_image\" \/>\n<meta name=\"twitter:label1\" content=\"Written by\" \/>\n\t<meta name=\"twitter:data1\" content=\"Piotr Nowik\" \/>\n\t<meta name=\"twitter:label2\" content=\"Est. reading time\" \/>\n\t<meta name=\"twitter:data2\" content=\"2 minutes\" \/>\n<script type=\"application\/ld+json\" class=\"yoast-schema-graph\">{\"@context\":\"https:\/\/schema.org\",\"@graph\":[{\"@type\":\"WebPage\",\"@id\":\"https:\/\/www.welovecycling.com\/pl\/2022\/03\/31\/najwieksza-wygrana-w-historii-malego-panstwa-to-niewiarygodne\/\",\"url\":\"https:\/\/www.welovecycling.com\/pl\/2022\/03\/31\/najwieksza-wygrana-w-historii-malego-panstwa-to-niewiarygodne\/\",\"name\":\"Najwi\u0119ksza wygrana w historii ma\u0142ego pa\u0144stwa! \u201eTo niewiarygodne\u201d - \u0160koda We Love Cycling - Poland\",\"isPartOf\":{\"@id\":\"https:\/\/www.welovecycling.com\/pl\/#website\"},\"primaryImageOfPage\":{\"@id\":\"https:\/\/www.welovecycling.com\/pl\/2022\/03\/31\/najwieksza-wygrana-w-historii-malego-panstwa-to-niewiarygodne\/#primaryimage\"},\"image\":{\"@id\":\"https:\/\/www.welovecycling.com\/pl\/2022\/03\/31\/najwieksza-wygrana-w-historii-malego-panstwa-to-niewiarygodne\/#primaryimage\"},\"thumbnailUrl\":\"https:\/\/d2p6e6u75xmxt8.cloudfront.net\/5\/2022\/03\/Tour-peloton-profimedia-0557231437-CVR-1024x450-1.jpg\",\"datePublished\":\"2022-03-31T15:11:11+00:00\",\"dateModified\":\"2022-05-17T08:42:51+00:00\",\"author\":{\"@id\":\"https:\/\/www.welovecycling.com\/pl\/#\/schema\/person\/bf06ed916a1ef16618807fb60d2ebe42\"},\"breadcrumb\":{\"@id\":\"https:\/\/www.welovecycling.com\/pl\/2022\/03\/31\/najwieksza-wygrana-w-historii-malego-panstwa-to-niewiarygodne\/#breadcrumb\"},\"inLanguage\":\"pl-PL\",\"potentialAction\":[{\"@type\":\"ReadAction\",\"target\":[\"https:\/\/www.welovecycling.com\/pl\/2022\/03\/31\/najwieksza-wygrana-w-historii-malego-panstwa-to-niewiarygodne\/\"]}]},{\"@type\":\"ImageObject\",\"inLanguage\":\"pl-PL\",\"@id\":\"https:\/\/www.welovecycling.com\/pl\/2022\/03\/31\/najwieksza-wygrana-w-historii-malego-panstwa-to-niewiarygodne\/#primaryimage\",\"url\":\"https:\/\/d2p6e6u75xmxt8.cloudfront.net\/5\/2022\/03\/Tour-peloton-profimedia-0557231437-CVR-1024x450-1.jpg\",\"contentUrl\":\"https:\/\/d2p6e6u75xmxt8.cloudfront.net\/5\/2022\/03\/Tour-peloton-profimedia-0557231437-CVR-1024x450-1.jpg\",\"width\":1024,\"height\":450},{\"@type\":\"BreadcrumbList\",\"@id\":\"https:\/\/www.welovecycling.com\/pl\/2022\/03\/31\/najwieksza-wygrana-w-historii-malego-panstwa-to-niewiarygodne\/#breadcrumb\",\"itemListElement\":[{\"@type\":\"ListItem\",\"position\":1,\"name\":\"Home\",\"item\":\"https:\/\/www.welovecycling.com\/pl\/\"},{\"@type\":\"ListItem\",\"position\":2,\"name\":\"Najwi\u0119ksza wygrana w historii ma\u0142ego pa\u0144stwa! \u201eTo niewiarygodne\u201d\"}]},{\"@type\":\"WebSite\",\"@id\":\"https:\/\/www.welovecycling.com\/pl\/#website\",\"url\":\"https:\/\/www.welovecycling.com\/pl\/\",\"name\":\"\u0160koda We Love Cycling - Poland\",\"description\":\"\",\"potentialAction\":[{\"@type\":\"SearchAction\",\"target\":{\"@type\":\"EntryPoint\",\"urlTemplate\":\"https:\/\/www.welovecycling.com\/pl\/?s={search_term_string}\"},\"query-input\":{\"@type\":\"PropertyValueSpecification\",\"valueRequired\":true,\"valueName\":\"search_term_string\"}}],\"inLanguage\":\"pl-PL\"},{\"@type\":\"Person\",\"@id\":\"https:\/\/www.welovecycling.com\/pl\/#\/schema\/person\/bf06ed916a1ef16618807fb60d2ebe42\",\"name\":\"rafal\",\"image\":{\"@type\":\"ImageObject\",\"inLanguage\":\"pl-PL\",\"@id\":\"https:\/\/www.welovecycling.com\/pl\/#\/schema\/person\/image\/\",\"url\":\"https:\/\/secure.gravatar.com\/avatar\/203f240e63bee214f6f3a0dacbeb600c7829c09716c2b9ee3230c6961debcde2?s=96&d=mm&r=g\",\"contentUrl\":\"https:\/\/secure.gravatar.com\/avatar\/203f240e63bee214f6f3a0dacbeb600c7829c09716c2b9ee3230c6961debcde2?s=96&d=mm&r=g\",\"caption\":\"rafal\"},\"url\":\"https:\/\/www.welovecycling.com\/pl\/author\/rafal\/\"}]}<\/script>\n<!-- \/ Yoast SEO Premium plugin. -->","yoast_head_json":{"title":"Najwi\u0119ksza wygrana w historii ma\u0142ego pa\u0144stwa! \u201eTo niewiarygodne\u201d - \u0160koda We Love Cycling - Poland","robots":{"index":"index","follow":"follow","max-snippet":"max-snippet:-1","max-image-preview":"max-image-preview:large","max-video-preview":"max-video-preview:-1"},"canonical":"https:\/\/www.welovecycling.com\/pl\/2022\/03\/31\/najwieksza-wygrana-w-historii-malego-panstwa-to-niewiarygodne\/","og_locale":"pl_PL","og_type":"article","og_title":"Najwi\u0119ksza wygrana w historii ma\u0142ego pa\u0144stwa! \u201eTo niewiarygodne\u201d","og_description":"To si\u0119 nazywa zastrzyk kolarskich emocji! W ci\u0105gu tygodnia rozegrano cztery jednodniowe wy\u015bcigi, w kt\u00f3rych nie brakowa\u0142o zaskakuj\u0105cych rozstrzygni\u0119\u0107. \u2013 [&hellip;]","og_url":"https:\/\/www.welovecycling.com\/pl\/2022\/03\/31\/najwieksza-wygrana-w-historii-malego-panstwa-to-niewiarygodne\/","og_site_name":"\u0160koda We Love Cycling - Poland","article_published_time":"2022-03-31T15:11:11+00:00","article_modified_time":"2022-05-17T08:42:51+00:00","og_image":[{"width":1024,"height":450,"url":"https:\/\/d2p6e6u75xmxt8.cloudfront.net\/5\/2022\/03\/Tour-peloton-profimedia-0557231437-CVR-1024x450-1.jpg","type":"image\/jpeg"}],"author":"rafal","twitter_card":"summary_large_image","twitter_misc":{"Written by":"Piotr Nowik","Est. reading time":"2 minutes"},"schema":{"@context":"https:\/\/schema.org","@graph":[{"@type":"WebPage","@id":"https:\/\/www.welovecycling.com\/pl\/2022\/03\/31\/najwieksza-wygrana-w-historii-malego-panstwa-to-niewiarygodne\/","url":"https:\/\/www.welovecycling.com\/pl\/2022\/03\/31\/najwieksza-wygrana-w-historii-malego-panstwa-to-niewiarygodne\/","name":"Najwi\u0119ksza wygrana w historii ma\u0142ego pa\u0144stwa! \u201eTo niewiarygodne\u201d - \u0160koda We Love Cycling - Poland","isPartOf":{"@id":"https:\/\/www.welovecycling.com\/pl\/#website"},"primaryImageOfPage":{"@id":"https:\/\/www.welovecycling.com\/pl\/2022\/03\/31\/najwieksza-wygrana-w-historii-malego-panstwa-to-niewiarygodne\/#primaryimage"},"image":{"@id":"https:\/\/www.welovecycling.com\/pl\/2022\/03\/31\/najwieksza-wygrana-w-historii-malego-panstwa-to-niewiarygodne\/#primaryimage"},"thumbnailUrl":"https:\/\/d2p6e6u75xmxt8.cloudfront.net\/5\/2022\/03\/Tour-peloton-profimedia-0557231437-CVR-1024x450-1.jpg","datePublished":"2022-03-31T15:11:11+00:00","dateModified":"2022-05-17T08:42:51+00:00","author":{"@id":"https:\/\/www.welovecycling.com\/pl\/#\/schema\/person\/bf06ed916a1ef16618807fb60d2ebe42"},"breadcrumb":{"@id":"https:\/\/www.welovecycling.com\/pl\/2022\/03\/31\/najwieksza-wygrana-w-historii-malego-panstwa-to-niewiarygodne\/#breadcrumb"},"inLanguage":"pl-PL","potentialAction":[{"@type":"ReadAction","target":["https:\/\/www.welovecycling.com\/pl\/2022\/03\/31\/najwieksza-wygrana-w-historii-malego-panstwa-to-niewiarygodne\/"]}]},{"@type":"ImageObject","inLanguage":"pl-PL","@id":"https:\/\/www.welovecycling.com\/pl\/2022\/03\/31\/najwieksza-wygrana-w-historii-malego-panstwa-to-niewiarygodne\/#primaryimage","url":"https:\/\/d2p6e6u75xmxt8.cloudfront.net\/5\/2022\/03\/Tour-peloton-profimedia-0557231437-CVR-1024x450-1.jpg","contentUrl":"https:\/\/d2p6e6u75xmxt8.cloudfront.net\/5\/2022\/03\/Tour-peloton-profimedia-0557231437-CVR-1024x450-1.jpg","width":1024,"height":450},{"@type":"BreadcrumbList","@id":"https:\/\/www.welovecycling.com\/pl\/2022\/03\/31\/najwieksza-wygrana-w-historii-malego-panstwa-to-niewiarygodne\/#breadcrumb","itemListElement":[{"@type":"ListItem","position":1,"name":"Home","item":"https:\/\/www.welovecycling.com\/pl\/"},{"@type":"ListItem","position":2,"name":"Najwi\u0119ksza wygrana w historii ma\u0142ego pa\u0144stwa! \u201eTo niewiarygodne\u201d"}]},{"@type":"WebSite","@id":"https:\/\/www.welovecycling.com\/pl\/#website","url":"https:\/\/www.welovecycling.com\/pl\/","name":"\u0160koda We Love Cycling - Poland","description":"","potentialAction":[{"@type":"SearchAction","target":{"@type":"EntryPoint","urlTemplate":"https:\/\/www.welovecycling.com\/pl\/?s={search_term_string}"},"query-input":{"@type":"PropertyValueSpecification","valueRequired":true,"valueName":"search_term_string"}}],"inLanguage":"pl-PL"},{"@type":"Person","@id":"https:\/\/www.welovecycling.com\/pl\/#\/schema\/person\/bf06ed916a1ef16618807fb60d2ebe42","name":"rafal","image":{"@type":"ImageObject","inLanguage":"pl-PL","@id":"https:\/\/www.welovecycling.com\/pl\/#\/schema\/person\/image\/","url":"https:\/\/secure.gravatar.com\/avatar\/203f240e63bee214f6f3a0dacbeb600c7829c09716c2b9ee3230c6961debcde2?s=96&d=mm&r=g","contentUrl":"https:\/\/secure.gravatar.com\/avatar\/203f240e63bee214f6f3a0dacbeb600c7829c09716c2b9ee3230c6961debcde2?s=96&d=mm&r=g","caption":"rafal"},"url":"https:\/\/www.welovecycling.com\/pl\/author\/rafal\/"}]}},"_links":{"self":[{"href":"https:\/\/www.welovecycling.com\/pl\/wp-json\/wp\/v2\/posts\/12769","targetHints":{"allow":["GET"]}}],"collection":[{"href":"https:\/\/www.welovecycling.com\/pl\/wp-json\/wp\/v2\/posts"}],"about":[{"href":"https:\/\/www.welovecycling.com\/pl\/wp-json\/wp\/v2\/types\/post"}],"author":[{"embeddable":true,"href":"https:\/\/www.welovecycling.com\/pl\/wp-json\/wp\/v2\/users\/153"}],"replies":[{"embeddable":true,"href":"https:\/\/www.welovecycling.com\/pl\/wp-json\/wp\/v2\/comments?post=12769"}],"version-history":[{"count":2,"href":"https:\/\/www.welovecycling.com\/pl\/wp-json\/wp\/v2\/posts\/12769\/revisions"}],"predecessor-version":[{"id":12779,"href":"https:\/\/www.welovecycling.com\/pl\/wp-json\/wp\/v2\/posts\/12769\/revisions\/12779"}],"wp:featuredmedia":[{"embeddable":true,"href":"https:\/\/www.welovecycling.com\/pl\/wp-json\/wp\/v2\/media\/12774"}],"wp:attachment":[{"href":"https:\/\/www.welovecycling.com\/pl\/wp-json\/wp\/v2\/media?parent=12769"}],"wp:term":[{"taxonomy":"category","embeddable":true,"href":"https:\/\/www.welovecycling.com\/pl\/wp-json\/wp\/v2\/categories?post=12769"},{"taxonomy":"post_tag","embeddable":true,"href":"https:\/\/www.welovecycling.com\/pl\/wp-json\/wp\/v2\/tags?post=12769"},{"taxonomy":"global-categories","embeddable":true,"href":"https:\/\/www.welovecycling.com\/pl\/wp-json\/wp\/v2\/global-categories?post=12769"}],"curies":[{"name":"wp","href":"https:\/\/api.w.org\/{rel}","templated":true}]}}