{"id":12741,"date":"2022-03-14T15:40:53","date_gmt":"2022-03-14T15:40:53","guid":{"rendered":"https:\/\/www.welovecycling.com\/pl\/?p=12741"},"modified":"2022-05-17T08:43:21","modified_gmt":"2022-05-17T08:43:21","slug":"to-najbardziej-rowerowy-narod-swiata-na-razie-nie-ma-sobie-rownych","status":"publish","type":"post","link":"https:\/\/www.welovecycling.com\/pl\/2022\/03\/14\/to-najbardziej-rowerowy-narod-swiata-na-razie-nie-ma-sobie-rownych\/","title":{"rendered":"To najbardziej rowerowy nar\u00f3d \u015bwiata? Na razie nie ma sobie r\u00f3wnych!"},"content":{"rendered":"<p><strong>S\u0142owe\u0144cy bior\u0105 wszystko! Primo\u017c Rogli\u0107 w\u0142a\u015bnie wygra\u0142 wy\u015bcig Pary\u017c \u2013 Nicea, a Tadej Pogacar Tirreno \u2013 Adriatico. Czy to zapowied\u017a panowania S\u0142owe\u0144c\u00f3w w tym sezonie?<\/strong><\/p>\n<p>S\u0142owenia powierzchniowo jest 15 razy mniejsza od Polski, a ludno\u015bciowo \u2013 blisko 20. Nie przeszkadza to jednak 36. pa\u0144stwu pod wzgl\u0119dem populacji w Europie ca\u0142kowicie dominowa\u0107 w najwa\u017cniejszych wy\u015bcigach kolarskich na \u015bwiecie.<\/p>\n<div class=\"embed-controller-wrapper\">\n<blockquote class=\"twitter-tweet\" data-width=\"500\" data-dnt=\"true\">\n<p lang=\"it\" dir=\"ltr\">Buonanotte dalla <a href=\"https:\/\/twitter.com\/TirrenAdriatico?ref_src=twsrc%5Etfw\">@TirrenAdriatico<\/a> EOLO 2022!<\/p>\n<p>Powered by <a href=\"https:\/\/twitter.com\/ENIT_italia?ref_src=twsrc%5Etfw\">@ENIT_italia<\/a> <a href=\"https:\/\/twitter.com\/hashtag\/TirrenoAdriatico?src=hash&amp;ref_src=twsrc%5Etfw\">#TirrenoAdriatico<\/a> <a href=\"https:\/\/t.co\/GV2EVUWqq0\">pic.twitter.com\/GV2EVUWqq0<\/a><\/p>\n<p>&mdash; Tirreno Adriatico (@TirrenAdriatico) <a href=\"https:\/\/twitter.com\/TirrenAdriatico\/status\/1503121220727881735?ref_src=twsrc%5Etfw\">March 13, 2022<\/a><\/p><\/blockquote>\n<p><script async data-src=\"https:\/\/platform.twitter.com\/widgets.js\" charset=\"utf-8\"><\/script><\/div>\n<h2><strong>Pokaz si\u0142y przed Tour de France<\/strong><\/h2>\n<p>W niedziel\u0119 Tadej Pogacar (UAE Team Emirates) triumfowa\u0142 w Tirreno \u2013 Adriatico. Jego zwyci\u0119stwo wydawa\u0142o si\u0119 niemal niezagro\u017cone, bo prowadzi\u0142 od po\u0142owy wy\u015bcigu i p\u00f3\u017aniej tylko spokojnie kontrolowa\u0142 sytuacj\u0119. Zgarn\u0105\u0142 dwa etapy (czwarty oraz sz\u00f3sty) i po raz drugi z rz\u0119du wygra\u0142 \u201eWy\u015bcig Dw\u00f3ch M\u00f3rz\u201d.<\/p>\n<p>\u2013 Wcale nie uwa\u017cam, \u017ce jestem niepokonany. Z ty\u0142u g\u0142owy zawsze mam my\u015bli, \u017ce kto\u015b mo\u017ce do mnie dojecha\u0107 i zaatakowa\u0107. Absolutnie nikogo nie lekcewa\u017c\u0119. Co prawda koncentruj\u0119 si\u0119 na sobie i swojej je\u017adzie, ale nikt nie jest w stanie przewidzie\u0107, jak sko\u0144czy si\u0119 wy\u015bcig \u2013 zaznacza Pogacar.<\/p>\n<div class=\"embed-controller-wrapper\">\n<blockquote class=\"twitter-tweet\" data-width=\"500\" data-dnt=\"true\">\n<p lang=\"it\" dir=\"ltr\">\ud83d\udcfd\ufe0f L&#39;ultima sfida tra le ruote veloci della Tirreno-Adriatico <a href=\"https:\/\/twitter.com\/eolo_it?ref_src=twsrc%5Etfw\">@eolo_it<\/a> 2022 \u00e8 a San Benedetto del Tronto. Il Tridente \u00e8 ancora una volta di <a href=\"https:\/\/twitter.com\/TamauPogi?ref_src=twsrc%5Etfw\">@TamauPogi<\/a>. Guarda ora gli highlights dell&#39;ultima Tappa!<a href=\"https:\/\/twitter.com\/hashtag\/TirrenoAdriatico?src=hash&amp;ref_src=twsrc%5Etfw\">#TirrenoAdriatico<\/a> <a href=\"https:\/\/t.co\/hfcNVdc4nP\">pic.twitter.com\/hfcNVdc4nP<\/a><\/p>\n<p>&mdash; Tirreno Adriatico (@TirrenAdriatico) <a href=\"https:\/\/twitter.com\/TirrenAdriatico\/status\/1503068375890681856?ref_src=twsrc%5Etfw\">March 13, 2022<\/a><\/p><\/blockquote>\n<p><script async data-src=\"https:\/\/platform.twitter.com\/widgets.js\" charset=\"utf-8\"><\/script><\/div>\n<p>Dla S\u0142owe\u0144ca to ju\u017c trzecia wygrana w tym sezonie. Wcze\u015bniej triumfowa\u0142 w UAE Tour oraz zgarn\u0105\u0142 presti\u017cowy Strade Bianche. Zwyci\u0119stwo w Tirreno \u2013Adriatico tyko potwierdza, \u017ce 25-latek mo\u017ce by\u0107 w \u015bwietnej formie na tegorocznym Tour de France (1\u201324 lipca).<\/p>\n<p>Drugie miejsce zaj\u0105\u0142 Jonas Vingegaard (Jumbo \u2013 Visma), a trzecie Mikel Landa (Bahrain Victorious). W wy\u015bcigu startowa\u0142 r\u00f3wnie\u017c Rafa\u0142 Majka (UAE Team Emirates) i uko\u0144czy\u0142 go na 25. pozycji. Koszulki w klasyfikacji punktowej oraz m\u0142odzie\u017cowej tak\u017ce zgarn\u0105\u0142 Pogacar, a g\u00f3rsk\u0105 zdoby\u0142 Quinn Simmons (Trek \u2013 Segafredo).<\/p>\n<h2><strong>Rewan\u017c za poprzedni rok<\/strong><\/h2>\n<p>Podobnie do Pogacara spisa\u0142 si\u0119 Rogli\u0107 (Jumbo-Visma). Podczas wy\u015bcigu Pary\u017c \u2013 Nicea r\u00f3wnie\u017c obj\u0105\u0142 prowadzenie w po\u0142owie, ale p\u00f3\u017aniej musia\u0142 zmaga\u0107 si\u0119 z atakami przeciwnik\u00f3w. Mocno napiera\u0142 Simon Yates (Team BikeExchange-Jayco), ale S\u0142oweniec nie da\u0142 odebra\u0107 sobie prowadzenia.<\/p>\n<p>https:\/\/twitter.com\/ParisNice\/status\/1503098577895231494<\/p>\n<p>\u2013 To by\u0142 wspania\u0142y tydzie\u0144. Ca\u0142a dru\u017cyna mia\u0142a udzia\u0142 w tym zwyci\u0119stwie, cho\u0107 sytuacja do ko\u0144ca by\u0142a niepewna. Na szcz\u0119\u015bcie osi\u0105gn\u0119li\u015bmy nasz cel i bardzo si\u0119 z tego ciesz\u0119 \u2013 podkre\u015bla Rogli\u0107, kt\u00f3ry zrewan\u017cowa\u0142 si\u0119 za ubieg\u0142oroczn\u0105, bardzo bolesn\u0105 pora\u017ck\u0119 w wy\u015bcigu Pary\u017c \u2013 Nicea. W\u00f3wczas prowadzi\u0142 przez wi\u0119kszo\u015b\u0107 rywalizacji, ale na ostatnim etapie wygran\u0105 wyszarpa\u0142 Maximilian Schachmann.<\/p>\n<p>Teraz to jednak Rogli\u0107 paradowa\u0142 w \u017c\u00f3\u0142tej koszulce lidera, a na mecie czeka\u0142 na S\u0142owe\u0144ca jego najwierniejszy kibic:<\/p>\n<div class=\"embed-controller-wrapper\">\n<blockquote class=\"twitter-tweet\" data-width=\"500\" data-dnt=\"true\">\n<p lang=\"qme\" dir=\"ltr\">\ud83d\udc9b\ud83e\udd81\ud83d\udc9b<\/p>\n<p>\ud83d\ude0d \ud83c\uddf8\ud83c\uddee <a href=\"https:\/\/twitter.com\/rogla?ref_src=twsrc%5Etfw\">@rogla<\/a> <a href=\"https:\/\/twitter.com\/hashtag\/ParisNice?src=hash&amp;ref_src=twsrc%5Etfw\">#ParisNice<\/a> <a href=\"https:\/\/t.co\/CxR0JPfJKV\">pic.twitter.com\/CxR0JPfJKV<\/a><\/p>\n<p>&mdash; Paris-Nice (@ParisNice) <a href=\"https:\/\/twitter.com\/ParisNice\/status\/1502306361924849667?ref_src=twsrc%5Etfw\">March 11, 2022<\/a><\/p><\/blockquote>\n<p><script async data-src=\"https:\/\/platform.twitter.com\/widgets.js\" charset=\"utf-8\"><\/script><\/div>\n<p>W 80. wy\u015bcigu Pary\u017c \u2013 Nicea drugie miejsce zaj\u0105\u0142 Simon Yates, a trzecie Daniel Felipe Mart\u00ednez (Ineos Grenadiers). Klasyfikacj\u0119 punktow\u0105 wygra\u0142 Wout Van Aert (Jumbo-Visma), g\u00f3rsk\u0105 Valentin Madouas (Groupama-FDJ), a m\u0142odzie\u017cow\u0105 \u2013 Joao Almeida (UAE Team Emirates).<\/p>\n<h2><strong>Kolejne emocje ju\u017c za kilka dni<\/strong><\/h2>\n<p>Teraz przed najlepszymi zawodnikami \u015bwiata seria wy\u015bcig\u00f3w jednodniowych: Mediolan \u2013 San Remo (19 marca), Driedaagse Brugge \u2013 De Panne (23 marca), E3 Saxo Bank Classic (25 marca), Gandawa \u2013 Wevelgem (27 marca), Dwars door Vlaanderen (30 marca) i Ronde van Vlaanderen (3 kwietnia). Z kolei 21 marca startuje siedmiodniowy Wy\u015bcig Dooko\u0142a Katalonii.<\/p>\n<p>No to jedziemy!<\/p>\n<p><span data-sheets-value=\"{&quot;1&quot;:2,&quot;2&quot;:&quot;Artyku\u0142 powsta\u0142 we wsp\u00f3\u0142pracy ze skoda-auto.pl&quot;}\" data-sheets-userformat=\"{&quot;2&quot;:1,&quot;3&quot;:{&quot;1&quot;:0}}\" data-sheets-hyperlink=\"http:\/\/www.skoda-auto.pl\/\"><a class=\"in-cell-link\" href=\"http:\/\/www.skoda-auto.pl\/\" target=\"_blank\" rel=\"noopener noreferrer\">Artyku\u0142 powsta\u0142 we wsp\u00f3\u0142pracy ze skoda-auto.pl<\/a><\/span><\/p>\n<p><a href=\"https:\/\/www.skoda-auto.pl\/modele\/nowa-octavia\"><img loading=\"lazy\" decoding=\"async\" class=\"alignnone size-full wp-image-11630 aligncenter\" src=\"https:\/\/d2p6e6u75xmxt8.cloudfront.net\/5\/2021\/12\/640x350-1.jpg\" alt=\"\" width=\"640\" height=\"350\" srcset=\"https:\/\/d2p6e6u75xmxt8.cloudfront.net\/5\/2021\/12\/640x350-1.jpg 640w, https:\/\/d2p6e6u75xmxt8.cloudfront.net\/5\/2021\/12\/640x350-1-300x164.jpg 300w\" sizes=\"auto, (max-width: 640px) 100vw, 640px\" \/><\/a><\/p>\n","protected":false},"excerpt":{"rendered":"<p>S\u0142owe\u0144cy bior\u0105 wszystko! Primo\u017c Rogli\u0107 w\u0142a\u015bnie wygra\u0142 wy\u015bcig Pary\u017c \u2013 Nicea, a Tadej Pogacar Tirreno \u2013 Adriatico. Czy to zapowied\u017a [&hellip;]<\/p>\n","protected":false},"author":153,"featured_media":12747,"comment_status":"open","ping_status":"open","sticky":false,"template":"","format":"standard","meta":{"footnotes":""},"categories":[6,295],"tags":[362],"global-categories":[303],"class_list":["post-12741","post","type-post","status-publish","format-standard","has-post-thumbnail","hentry","category-kolarstwo-szosowe","category-zawody","tag-piotr-nowik","global-categories-cycling"],"yoast_head":"<!-- This site is optimized with the Yoast SEO Premium plugin v25.3 (Yoast SEO v25.9) - https:\/\/yoast.com\/wordpress\/plugins\/seo\/ -->\n<title>To najbardziej rowerowy nar\u00f3d \u015bwiata? Na razie nie ma sobie r\u00f3wnych! - \u0160koda We Love Cycling - Poland<\/title>\n<meta name=\"robots\" content=\"index, follow, max-snippet:-1, max-image-preview:large, max-video-preview:-1\" \/>\n<link rel=\"canonical\" href=\"https:\/\/www.welovecycling.com\/pl\/2022\/03\/14\/to-najbardziej-rowerowy-narod-swiata-na-razie-nie-ma-sobie-rownych\/\" \/>\n<meta property=\"og:locale\" content=\"pl_PL\" \/>\n<meta property=\"og:type\" content=\"article\" \/>\n<meta property=\"og:title\" content=\"To najbardziej rowerowy nar\u00f3d \u015bwiata? Na razie nie ma sobie r\u00f3wnych!\" \/>\n<meta property=\"og:description\" content=\"S\u0142owe\u0144cy bior\u0105 wszystko! Primo\u017c Rogli\u0107 w\u0142a\u015bnie wygra\u0142 wy\u015bcig Pary\u017c \u2013 Nicea, a Tadej Pogacar Tirreno \u2013 Adriatico. Czy to zapowied\u017a [&hellip;]\" \/>\n<meta property=\"og:url\" content=\"https:\/\/www.welovecycling.com\/pl\/2022\/03\/14\/to-najbardziej-rowerowy-narod-swiata-na-razie-nie-ma-sobie-rownych\/\" \/>\n<meta property=\"og:site_name\" content=\"\u0160koda We Love Cycling - Poland\" \/>\n<meta property=\"article:published_time\" content=\"2022-03-14T15:40:53+00:00\" \/>\n<meta property=\"article:modified_time\" content=\"2022-05-17T08:43:21+00:00\" \/>\n<meta property=\"og:image\" content=\"https:\/\/d2p6e6u75xmxt8.cloudfront.net\/5\/2022\/03\/pogacar-profimedia-0669477887-1024x683-1.jpg\" \/>\n\t<meta property=\"og:image:width\" content=\"1024\" \/>\n\t<meta property=\"og:image:height\" content=\"683\" \/>\n\t<meta property=\"og:image:type\" content=\"image\/jpeg\" \/>\n<meta name=\"author\" content=\"rafal\" \/>\n<meta name=\"twitter:card\" content=\"summary_large_image\" \/>\n<meta name=\"twitter:label1\" content=\"Written by\" \/>\n\t<meta name=\"twitter:data1\" content=\"Piotr Nowik\" \/>\n\t<meta name=\"twitter:label2\" content=\"Est. reading time\" \/>\n\t<meta name=\"twitter:data2\" content=\"3 minutes\" \/>\n<script type=\"application\/ld+json\" class=\"yoast-schema-graph\">{\"@context\":\"https:\/\/schema.org\",\"@graph\":[{\"@type\":\"WebPage\",\"@id\":\"https:\/\/www.welovecycling.com\/pl\/2022\/03\/14\/to-najbardziej-rowerowy-narod-swiata-na-razie-nie-ma-sobie-rownych\/\",\"url\":\"https:\/\/www.welovecycling.com\/pl\/2022\/03\/14\/to-najbardziej-rowerowy-narod-swiata-na-razie-nie-ma-sobie-rownych\/\",\"name\":\"To najbardziej rowerowy nar\u00f3d \u015bwiata? Na razie nie ma sobie r\u00f3wnych! - \u0160koda We Love Cycling - Poland\",\"isPartOf\":{\"@id\":\"https:\/\/www.welovecycling.com\/pl\/#website\"},\"primaryImageOfPage\":{\"@id\":\"https:\/\/www.welovecycling.com\/pl\/2022\/03\/14\/to-najbardziej-rowerowy-narod-swiata-na-razie-nie-ma-sobie-rownych\/#primaryimage\"},\"image\":{\"@id\":\"https:\/\/www.welovecycling.com\/pl\/2022\/03\/14\/to-najbardziej-rowerowy-narod-swiata-na-razie-nie-ma-sobie-rownych\/#primaryimage\"},\"thumbnailUrl\":\"https:\/\/d2p6e6u75xmxt8.cloudfront.net\/5\/2022\/03\/pogacar-profimedia-0669477887-1024x683-1.jpg\",\"datePublished\":\"2022-03-14T15:40:53+00:00\",\"dateModified\":\"2022-05-17T08:43:21+00:00\",\"author\":{\"@id\":\"https:\/\/www.welovecycling.com\/pl\/#\/schema\/person\/bf06ed916a1ef16618807fb60d2ebe42\"},\"breadcrumb\":{\"@id\":\"https:\/\/www.welovecycling.com\/pl\/2022\/03\/14\/to-najbardziej-rowerowy-narod-swiata-na-razie-nie-ma-sobie-rownych\/#breadcrumb\"},\"inLanguage\":\"pl-PL\",\"potentialAction\":[{\"@type\":\"ReadAction\",\"target\":[\"https:\/\/www.welovecycling.com\/pl\/2022\/03\/14\/to-najbardziej-rowerowy-narod-swiata-na-razie-nie-ma-sobie-rownych\/\"]}]},{\"@type\":\"ImageObject\",\"inLanguage\":\"pl-PL\",\"@id\":\"https:\/\/www.welovecycling.com\/pl\/2022\/03\/14\/to-najbardziej-rowerowy-narod-swiata-na-razie-nie-ma-sobie-rownych\/#primaryimage\",\"url\":\"https:\/\/d2p6e6u75xmxt8.cloudfront.net\/5\/2022\/03\/pogacar-profimedia-0669477887-1024x683-1.jpg\",\"contentUrl\":\"https:\/\/d2p6e6u75xmxt8.cloudfront.net\/5\/2022\/03\/pogacar-profimedia-0669477887-1024x683-1.jpg\",\"width\":1024,\"height\":683},{\"@type\":\"BreadcrumbList\",\"@id\":\"https:\/\/www.welovecycling.com\/pl\/2022\/03\/14\/to-najbardziej-rowerowy-narod-swiata-na-razie-nie-ma-sobie-rownych\/#breadcrumb\",\"itemListElement\":[{\"@type\":\"ListItem\",\"position\":1,\"name\":\"Home\",\"item\":\"https:\/\/www.welovecycling.com\/pl\/\"},{\"@type\":\"ListItem\",\"position\":2,\"name\":\"To najbardziej rowerowy nar\u00f3d \u015bwiata? Na razie nie ma sobie r\u00f3wnych!\"}]},{\"@type\":\"WebSite\",\"@id\":\"https:\/\/www.welovecycling.com\/pl\/#website\",\"url\":\"https:\/\/www.welovecycling.com\/pl\/\",\"name\":\"\u0160koda We Love Cycling - Poland\",\"description\":\"\",\"potentialAction\":[{\"@type\":\"SearchAction\",\"target\":{\"@type\":\"EntryPoint\",\"urlTemplate\":\"https:\/\/www.welovecycling.com\/pl\/?s={search_term_string}\"},\"query-input\":{\"@type\":\"PropertyValueSpecification\",\"valueRequired\":true,\"valueName\":\"search_term_string\"}}],\"inLanguage\":\"pl-PL\"},{\"@type\":\"Person\",\"@id\":\"https:\/\/www.welovecycling.com\/pl\/#\/schema\/person\/bf06ed916a1ef16618807fb60d2ebe42\",\"name\":\"rafal\",\"image\":{\"@type\":\"ImageObject\",\"inLanguage\":\"pl-PL\",\"@id\":\"https:\/\/www.welovecycling.com\/pl\/#\/schema\/person\/image\/\",\"url\":\"https:\/\/secure.gravatar.com\/avatar\/203f240e63bee214f6f3a0dacbeb600c7829c09716c2b9ee3230c6961debcde2?s=96&d=mm&r=g\",\"contentUrl\":\"https:\/\/secure.gravatar.com\/avatar\/203f240e63bee214f6f3a0dacbeb600c7829c09716c2b9ee3230c6961debcde2?s=96&d=mm&r=g\",\"caption\":\"rafal\"},\"url\":\"https:\/\/www.welovecycling.com\/pl\/author\/rafal\/\"}]}<\/script>\n<!-- \/ Yoast SEO Premium plugin. -->","yoast_head_json":{"title":"To najbardziej rowerowy nar\u00f3d \u015bwiata? Na razie nie ma sobie r\u00f3wnych! - \u0160koda We Love Cycling - Poland","robots":{"index":"index","follow":"follow","max-snippet":"max-snippet:-1","max-image-preview":"max-image-preview:large","max-video-preview":"max-video-preview:-1"},"canonical":"https:\/\/www.welovecycling.com\/pl\/2022\/03\/14\/to-najbardziej-rowerowy-narod-swiata-na-razie-nie-ma-sobie-rownych\/","og_locale":"pl_PL","og_type":"article","og_title":"To najbardziej rowerowy nar\u00f3d \u015bwiata? Na razie nie ma sobie r\u00f3wnych!","og_description":"S\u0142owe\u0144cy bior\u0105 wszystko! Primo\u017c Rogli\u0107 w\u0142a\u015bnie wygra\u0142 wy\u015bcig Pary\u017c \u2013 Nicea, a Tadej Pogacar Tirreno \u2013 Adriatico. Czy to zapowied\u017a [&hellip;]","og_url":"https:\/\/www.welovecycling.com\/pl\/2022\/03\/14\/to-najbardziej-rowerowy-narod-swiata-na-razie-nie-ma-sobie-rownych\/","og_site_name":"\u0160koda We Love Cycling - Poland","article_published_time":"2022-03-14T15:40:53+00:00","article_modified_time":"2022-05-17T08:43:21+00:00","og_image":[{"width":1024,"height":683,"url":"https:\/\/d2p6e6u75xmxt8.cloudfront.net\/5\/2022\/03\/pogacar-profimedia-0669477887-1024x683-1.jpg","type":"image\/jpeg"}],"author":"rafal","twitter_card":"summary_large_image","twitter_misc":{"Written by":"Piotr Nowik","Est. reading time":"3 minutes"},"schema":{"@context":"https:\/\/schema.org","@graph":[{"@type":"WebPage","@id":"https:\/\/www.welovecycling.com\/pl\/2022\/03\/14\/to-najbardziej-rowerowy-narod-swiata-na-razie-nie-ma-sobie-rownych\/","url":"https:\/\/www.welovecycling.com\/pl\/2022\/03\/14\/to-najbardziej-rowerowy-narod-swiata-na-razie-nie-ma-sobie-rownych\/","name":"To najbardziej rowerowy nar\u00f3d \u015bwiata? Na razie nie ma sobie r\u00f3wnych! - \u0160koda We Love Cycling - Poland","isPartOf":{"@id":"https:\/\/www.welovecycling.com\/pl\/#website"},"primaryImageOfPage":{"@id":"https:\/\/www.welovecycling.com\/pl\/2022\/03\/14\/to-najbardziej-rowerowy-narod-swiata-na-razie-nie-ma-sobie-rownych\/#primaryimage"},"image":{"@id":"https:\/\/www.welovecycling.com\/pl\/2022\/03\/14\/to-najbardziej-rowerowy-narod-swiata-na-razie-nie-ma-sobie-rownych\/#primaryimage"},"thumbnailUrl":"https:\/\/d2p6e6u75xmxt8.cloudfront.net\/5\/2022\/03\/pogacar-profimedia-0669477887-1024x683-1.jpg","datePublished":"2022-03-14T15:40:53+00:00","dateModified":"2022-05-17T08:43:21+00:00","author":{"@id":"https:\/\/www.welovecycling.com\/pl\/#\/schema\/person\/bf06ed916a1ef16618807fb60d2ebe42"},"breadcrumb":{"@id":"https:\/\/www.welovecycling.com\/pl\/2022\/03\/14\/to-najbardziej-rowerowy-narod-swiata-na-razie-nie-ma-sobie-rownych\/#breadcrumb"},"inLanguage":"pl-PL","potentialAction":[{"@type":"ReadAction","target":["https:\/\/www.welovecycling.com\/pl\/2022\/03\/14\/to-najbardziej-rowerowy-narod-swiata-na-razie-nie-ma-sobie-rownych\/"]}]},{"@type":"ImageObject","inLanguage":"pl-PL","@id":"https:\/\/www.welovecycling.com\/pl\/2022\/03\/14\/to-najbardziej-rowerowy-narod-swiata-na-razie-nie-ma-sobie-rownych\/#primaryimage","url":"https:\/\/d2p6e6u75xmxt8.cloudfront.net\/5\/2022\/03\/pogacar-profimedia-0669477887-1024x683-1.jpg","contentUrl":"https:\/\/d2p6e6u75xmxt8.cloudfront.net\/5\/2022\/03\/pogacar-profimedia-0669477887-1024x683-1.jpg","width":1024,"height":683},{"@type":"BreadcrumbList","@id":"https:\/\/www.welovecycling.com\/pl\/2022\/03\/14\/to-najbardziej-rowerowy-narod-swiata-na-razie-nie-ma-sobie-rownych\/#breadcrumb","itemListElement":[{"@type":"ListItem","position":1,"name":"Home","item":"https:\/\/www.welovecycling.com\/pl\/"},{"@type":"ListItem","position":2,"name":"To najbardziej rowerowy nar\u00f3d \u015bwiata? Na razie nie ma sobie r\u00f3wnych!"}]},{"@type":"WebSite","@id":"https:\/\/www.welovecycling.com\/pl\/#website","url":"https:\/\/www.welovecycling.com\/pl\/","name":"\u0160koda We Love Cycling - Poland","description":"","potentialAction":[{"@type":"SearchAction","target":{"@type":"EntryPoint","urlTemplate":"https:\/\/www.welovecycling.com\/pl\/?s={search_term_string}"},"query-input":{"@type":"PropertyValueSpecification","valueRequired":true,"valueName":"search_term_string"}}],"inLanguage":"pl-PL"},{"@type":"Person","@id":"https:\/\/www.welovecycling.com\/pl\/#\/schema\/person\/bf06ed916a1ef16618807fb60d2ebe42","name":"rafal","image":{"@type":"ImageObject","inLanguage":"pl-PL","@id":"https:\/\/www.welovecycling.com\/pl\/#\/schema\/person\/image\/","url":"https:\/\/secure.gravatar.com\/avatar\/203f240e63bee214f6f3a0dacbeb600c7829c09716c2b9ee3230c6961debcde2?s=96&d=mm&r=g","contentUrl":"https:\/\/secure.gravatar.com\/avatar\/203f240e63bee214f6f3a0dacbeb600c7829c09716c2b9ee3230c6961debcde2?s=96&d=mm&r=g","caption":"rafal"},"url":"https:\/\/www.welovecycling.com\/pl\/author\/rafal\/"}]}},"_links":{"self":[{"href":"https:\/\/www.welovecycling.com\/pl\/wp-json\/wp\/v2\/posts\/12741","targetHints":{"allow":["GET"]}}],"collection":[{"href":"https:\/\/www.welovecycling.com\/pl\/wp-json\/wp\/v2\/posts"}],"about":[{"href":"https:\/\/www.welovecycling.com\/pl\/wp-json\/wp\/v2\/types\/post"}],"author":[{"embeddable":true,"href":"https:\/\/www.welovecycling.com\/pl\/wp-json\/wp\/v2\/users\/153"}],"replies":[{"embeddable":true,"href":"https:\/\/www.welovecycling.com\/pl\/wp-json\/wp\/v2\/comments?post=12741"}],"version-history":[{"count":1,"href":"https:\/\/www.welovecycling.com\/pl\/wp-json\/wp\/v2\/posts\/12741\/revisions"}],"predecessor-version":[{"id":12748,"href":"https:\/\/www.welovecycling.com\/pl\/wp-json\/wp\/v2\/posts\/12741\/revisions\/12748"}],"wp:featuredmedia":[{"embeddable":true,"href":"https:\/\/www.welovecycling.com\/pl\/wp-json\/wp\/v2\/media\/12747"}],"wp:attachment":[{"href":"https:\/\/www.welovecycling.com\/pl\/wp-json\/wp\/v2\/media?parent=12741"}],"wp:term":[{"taxonomy":"category","embeddable":true,"href":"https:\/\/www.welovecycling.com\/pl\/wp-json\/wp\/v2\/categories?post=12741"},{"taxonomy":"post_tag","embeddable":true,"href":"https:\/\/www.welovecycling.com\/pl\/wp-json\/wp\/v2\/tags?post=12741"},{"taxonomy":"global-categories","embeddable":true,"href":"https:\/\/www.welovecycling.com\/pl\/wp-json\/wp\/v2\/global-categories?post=12741"}],"curies":[{"name":"wp","href":"https:\/\/api.w.org\/{rel}","templated":true}]}}