{"id":12708,"date":"2022-03-04T15:38:27","date_gmt":"2022-03-04T15:38:27","guid":{"rendered":"https:\/\/www.welovecycling.com\/pl\/?p=12708"},"modified":"2022-05-17T08:44:09","modified_gmt":"2022-05-17T08:44:09","slug":"kolarze-nabierajapredkosci-przed-nami-wielkie-emocje","status":"publish","type":"post","link":"https:\/\/www.welovecycling.com\/pl\/2022\/03\/04\/kolarze-nabierajapredkosci-przed-nami-wielkie-emocje\/","title":{"rendered":"Kolarze nabieraj\u0105 pr\u0119dko\u015bci! Przed nami wielkie emocje"},"content":{"rendered":"<p><strong>Sezon kolarski si\u0119 rozp\u0119dza! Na horyzoncie jednodniowy wy\u015bcig Strade Bianche, a tak\u017ce s\u0142ynny Pary\u017c\u2013Nicea, nazywany \u201erozgrzewk\u0105 przed Tour de France\u201d. No to jedziemy!<\/strong><\/p>\n<p>Za nami ju\u017c dwa wy\u015bcigi z serii UCI World Tour 2022. Siedmiodniowy UAE Tour zgodnie z oczekiwaniami wygra\u0142 S\u0142oweniec Tadej Poga\u010dar (UAE Team Emirates), a jednodniowy Omloop Het Nieuwsblad \u2013 Belg Wout van Aert (Jumbo-Visma). Teraz jednak czas na kolejne wy\u015bcigi.<\/p>\n<h2><strong>Zapraszamy do pi\u0119knej Toskanii<\/strong><\/h2>\n<p>Ju\u017c w sobot\u0119 startuje w\u0142oski Strade Bianche, czyli s\u0142ynny wy\u015bcig po pi\u0119knej Toskanii. Cho\u0107 nie s\u0105 to zawody z wielk\u0105 histori\u0105 (pierwsza edycja odby\u0142a si\u0119 w 2007 r.), to dobra organizacja, rosn\u0105ca popularno\u015b\u0107 i przede wszystkim otoczenie pi\u0119knej przyrody sprawi\u0142y, \u017ce zosta\u0142y one szybko w\u0142\u0105czone do serii UCI World Tour.<\/p>\n<div class=\"embed-controller-wrapper\">\n<blockquote class=\"twitter-tweet\" data-width=\"500\" data-dnt=\"true\">\n<p lang=\"it\" dir=\"ltr\">Mancano una manciata di giorni al ritorno di <a href=\"https:\/\/twitter.com\/hashtag\/StradeBianche?src=hash&amp;ref_src=twsrc%5Etfw\">#StradeBianche<\/a> <a href=\"https:\/\/twitter.com\/eolo_it?ref_src=twsrc%5Etfw\">@eolo_it<\/a> 2022. \ud83d\udd51<br \/>La scorsa edizione ad imporsi \u00e8 stato <a href=\"https:\/\/twitter.com\/mathieuvdpoel?ref_src=twsrc%5Etfw\">@mathieuvdpoel<\/a>, che si \u00e8 reso protagonista di una gara sontuosa! Chi sar\u00e0 il prossimo vincitore? \ud83e\udd47 <a href=\"https:\/\/t.co\/di9bhgesrr\">pic.twitter.com\/di9bhgesrr<\/a><\/p>\n<p>&mdash; Strade Bianche (@StradeBianche) <a href=\"https:\/\/twitter.com\/StradeBianche\/status\/1497214414319140884?ref_src=twsrc%5Etfw\">February 25, 2022<\/a><\/p><\/blockquote>\n<p><script async data-src=\"https:\/\/platform.twitter.com\/widgets.js\" charset=\"utf-8\"><\/script><\/div>\n<p>Strade Bianche to jeden z ulubionych wy\u015bcig\u00f3w Micha\u0142a Kwiatkowskiego, kt\u00f3ry najszybszy na mecie na urokliwym placu w Sienie by\u0142 w 2014 i 2017 r. Wydawa\u0142o si\u0119, \u017ce teraz r\u00f3wnie\u017c b\u0119dzie mia\u0142 szans\u0119 na udane otwarcie sezonu, ale w ostatniej chwili jego wyst\u0119p zosta\u0142 odwo\u0142any. Co prawda Polak znajdowa\u0142 si\u0119 na wst\u0119pnych listach startowych, jednak w sk\u0142adzie og\u0142oszonym przez Ineos Grenadiers ju\u017c si\u0119 nie znalaz\u0142, a to oznacza, \u017ce w sobot\u0119 nie b\u0119dziemy ogl\u0105dali \u017cadnego Polaka.<\/p>\n<div class=\"embed-controller-wrapper\">\n<blockquote class=\"twitter-tweet\" data-width=\"500\" data-dnt=\"true\">\n<p lang=\"en\" dir=\"ltr\">Everyone ready for \ud835\udd4a\ud835\udd4b\u211d\ud835\udd38\ud835\udd3b\ud835\udd3c on Saturday?<\/p>\n<p>\ud83d\ude4b\u200d\u2642\ufe0f<\/p>\n<p>\ud83c\uddee\ud83c\uddf9 <a href=\"https:\/\/twitter.com\/hashtag\/StradeBianche?src=hash&amp;ref_src=twsrc%5Etfw\">#StradeBianche<\/a> \ud83c\uddee\ud83c\uddf9 <a href=\"https:\/\/t.co\/0SkJSaGoEW\">pic.twitter.com\/0SkJSaGoEW<\/a><\/p>\n<p>&mdash; INEOS Grenadiers (@INEOSGrenadiers) <a href=\"https:\/\/twitter.com\/INEOSGrenadiers\/status\/1499405477699997699?ref_src=twsrc%5Etfw\">March 3, 2022<\/a><\/p><\/blockquote>\n<p><script async data-src=\"https:\/\/platform.twitter.com\/widgets.js\" charset=\"utf-8\"><\/script><\/div>\n<p>Podczas Strade Bianche rywalizuj\u0105 tak\u017ce panie, kt\u00f3re wystartuj\u0105 przed m\u0119\u017cczyznami (ok. godz. 9:10). Tu polskie kolarstwo b\u0119dzie ju\u017c obficie reprezentowane, poniewa\u017c do wy\u015bcigu zosta\u0142y zg\u0142oszone trzy zawodniczki: Katarzyna Niewiadoma (Canyon\/\/SRAM Racing), Marta Lach (Ceratizit-WNT) i Marta Jaskulska (Liv Racing Xstra).<\/p>\n<h2><strong>Czas na jubileuszowy Pary\u017c\u2013Nicea<\/strong><\/h2>\n<p>Natomiast w niedziel\u0119 rozpoczyna si\u0119 Pary\u017c\u2013Nicea, czyli \u201ewy\u015bcig w stron\u0119 s\u0142o\u0144ca\u201d. Zawody organizowane s\u0105 przez ASO, kt\u00f3re r\u00f3wnie\u017c odpowiada za Tour de France, wi\u0119c Pary\u017c\u2013Nicea czasem nazywany jest tak\u017ce \u201erozgrzewk\u0105 przed Wielk\u0105 P\u0119tl\u0105\u201d. Zawody maj\u0105 zdecydowanie d\u0142u\u017csz\u0105 tradycj\u0119, bo po raz pierwszy kolarze na starcie stan\u0119li w 1933 r., a w tym roku wy\u015bcig b\u0119dzie mia\u0142 swoj\u0105 80. edycj\u0119. Do tej pory Polacy nie odgrywali w nim kluczowej roli, ale w 1959 r. najlepszy by\u0142 Jean Graczyk, Francuz polskiego pochodzenia.<\/p>\n<p>https:\/\/twitter.com\/ParisNice\/status\/1499054423363960840<\/p>\n<h2><strong>Czo\u0142\u00f3wka kolarstwa zamkni\u0119ta w jednym tygodniu<\/strong><\/h2>\n<p>Tegoroczny Pary\u017c\u2013Nicea zaczyna si\u0119 w Mantes-la-Ville etapem licz\u0105cym 160 km. Nast\u0119pnie zawodnicy b\u0119d\u0105 mieli do przejechania kolejny p\u0142aski etap (Auffargis\u2013Orl\u00e9ans), a p\u00f3\u017aniej etap pag\u00f3rkowaty (Vierzon\u2013Dun-le-Palestel). Wa\u017cne rzeczy b\u0119d\u0105 dzia\u0142y si\u0119 podczas \u015brodkowej czas\u00f3wki (Dom\u00e9rat\u2013Montlu\u00e7on), a po niej czekaj\u0105 nas dwa etapy pag\u00f3rkowate (Saint-Just-Saint-Rambert\u2013Saint-Sauveur-de-Montagut oraz Courth\u00e9zon\u2013Aubagne). Kandydaci do zwyci\u0119stwa ca\u0142ego wy\u015bcigu wy\u0142oni\u0105 si\u0119 w sobot\u0119 podczas g\u00f3rskiej wspinaczki (Nicea\u2013Col de Turini\u2013La Bollene-Vesubie), a ostatni etap zacznie si\u0119 i zako\u0144czy w niedziel\u0119 w Nicei.<\/p>\n<div class=\"embed-controller-wrapper\">\n<blockquote class=\"twitter-tweet\" data-width=\"500\" data-dnt=\"true\">\n<p lang=\"fr\" dir=\"ltr\">\u2600 Voici le parcours de la \ud835\udfd6\ud835\udfce\ud835\udc1e\u0300\ud835\udc26\ud835\udc1e \u00e9dition de <a href=\"https:\/\/twitter.com\/hashtag\/ParisNice?src=hash&amp;ref_src=twsrc%5Etfw\">#ParisNice<\/a>\u00a0! <\/p>\n<p>\u2600 The official route of the \ud835\udfd6\ud835\udfce\ud835\udc2d\ud835\udc21 edition of  <a href=\"https:\/\/twitter.com\/hashtag\/ParisNice?src=hash&amp;ref_src=twsrc%5Etfw\">#ParisNice<\/a>! <a href=\"https:\/\/t.co\/rFTQ3MmfEG\">pic.twitter.com\/rFTQ3MmfEG<\/a><\/p>\n<p>&mdash; Paris-Nice (@ParisNice) <a href=\"https:\/\/twitter.com\/ParisNice\/status\/1478676236994060290?ref_src=twsrc%5Etfw\">January 5, 2022<\/a><\/p><\/blockquote>\n<p><script async data-src=\"https:\/\/platform.twitter.com\/widgets.js\" charset=\"utf-8\"><\/script><\/div>\n<p>Niewykluczone, \u017ce to w\u0142a\u015bnie w wy\u015bcigu Pary\u017c\u2013Nicea wystartuje Micha\u0142 Kwiatkowski, ale na razie nie ma oficjalnej listy zawodnik\u00f3w.<\/p>\n<p>W poprzednim roku zawody wygra\u0142 Maximilian Schachmann (Bora-Hansgrohe), a kto teraz b\u0119dzie najszybszy? Start ju\u017c w niedziel\u0119!<\/p>\n<p><span data-sheets-value=\"{&quot;1&quot;:2,&quot;2&quot;:&quot;Artyku\u0142 powsta\u0142 we wsp\u00f3\u0142pracy ze skoda-auto.pl&quot;}\" data-sheets-userformat=\"{&quot;2&quot;:1,&quot;3&quot;:{&quot;1&quot;:0}}\" data-sheets-hyperlink=\"http:\/\/www.skoda-auto.pl\/\"><a class=\"in-cell-link\" href=\"http:\/\/www.skoda-auto.pl\/\" target=\"_blank\" rel=\"noopener noreferrer\">Artyku\u0142 powsta\u0142 we wsp\u00f3\u0142pracy ze skoda-auto.pl<\/a><\/span><\/p>\n<p><a href=\"https:\/\/www.skoda-auto.pl\/modele\/nowa-octavia\"><img loading=\"lazy\" decoding=\"async\" class=\"alignnone size-full wp-image-11630 aligncenter\" src=\"https:\/\/d2p6e6u75xmxt8.cloudfront.net\/5\/2021\/12\/640x350-1.jpg\" alt=\"\" width=\"640\" height=\"350\" srcset=\"https:\/\/d2p6e6u75xmxt8.cloudfront.net\/5\/2021\/12\/640x350-1.jpg 640w, https:\/\/d2p6e6u75xmxt8.cloudfront.net\/5\/2021\/12\/640x350-1-300x164.jpg 300w\" sizes=\"auto, (max-width: 640px) 100vw, 640px\" \/><\/a><\/p>\n","protected":false},"excerpt":{"rendered":"<p>Sezon kolarski si\u0119 rozp\u0119dza! Na horyzoncie jednodniowy wy\u015bcig Strade Bianche, a tak\u017ce s\u0142ynny Pary\u017c\u2013Nicea, nazywany \u201erozgrzewk\u0105 przed Tour de France\u201d. [&hellip;]<\/p>\n","protected":false},"author":153,"featured_media":12713,"comment_status":"open","ping_status":"open","sticky":false,"template":"","format":"standard","meta":{"footnotes":""},"categories":[6,295],"tags":[362],"global-categories":[303],"class_list":["post-12708","post","type-post","status-publish","format-standard","has-post-thumbnail","hentry","category-kolarstwo-szosowe","category-zawody","tag-piotr-nowik","global-categories-cycling"],"yoast_head":"<!-- This site is optimized with the Yoast SEO Premium plugin v25.3 (Yoast SEO v25.9) - https:\/\/yoast.com\/wordpress\/plugins\/seo\/ -->\n<title>Kolarze nabieraj\u0105 pr\u0119dko\u015bci! Przed nami wielkie emocje - \u0160koda We Love Cycling - Poland<\/title>\n<meta name=\"robots\" content=\"index, follow, max-snippet:-1, max-image-preview:large, max-video-preview:-1\" \/>\n<link rel=\"canonical\" href=\"https:\/\/www.welovecycling.com\/pl\/2022\/03\/04\/kolarze-nabierajapredkosci-przed-nami-wielkie-emocje\/\" \/>\n<meta property=\"og:locale\" content=\"pl_PL\" \/>\n<meta property=\"og:type\" content=\"article\" \/>\n<meta property=\"og:title\" content=\"Kolarze nabieraj\u0105 pr\u0119dko\u015bci! Przed nami wielkie emocje\" \/>\n<meta property=\"og:description\" content=\"Sezon kolarski si\u0119 rozp\u0119dza! Na horyzoncie jednodniowy wy\u015bcig Strade Bianche, a tak\u017ce s\u0142ynny Pary\u017c\u2013Nicea, nazywany \u201erozgrzewk\u0105 przed Tour de France\u201d. [&hellip;]\" \/>\n<meta property=\"og:url\" content=\"https:\/\/www.welovecycling.com\/pl\/2022\/03\/04\/kolarze-nabierajapredkosci-przed-nami-wielkie-emocje\/\" \/>\n<meta property=\"og:site_name\" content=\"\u0160koda We Love Cycling - Poland\" \/>\n<meta property=\"article:published_time\" content=\"2022-03-04T15:38:27+00:00\" \/>\n<meta property=\"article:modified_time\" content=\"2022-05-17T08:44:09+00:00\" \/>\n<meta property=\"og:image\" content=\"https:\/\/d2p6e6u75xmxt8.cloudfront.net\/5\/2022\/03\/Paris-Nice-CVR-profimedia-0504666342-1024x450-1.jpg\" \/>\n\t<meta property=\"og:image:width\" content=\"1024\" \/>\n\t<meta property=\"og:image:height\" content=\"450\" \/>\n\t<meta property=\"og:image:type\" content=\"image\/jpeg\" \/>\n<meta name=\"author\" content=\"rafal\" \/>\n<meta name=\"twitter:card\" content=\"summary_large_image\" \/>\n<meta name=\"twitter:label1\" content=\"Written by\" \/>\n\t<meta name=\"twitter:data1\" content=\"Piotr Nowik\" \/>\n\t<meta name=\"twitter:label2\" content=\"Est. reading time\" \/>\n\t<meta name=\"twitter:data2\" content=\"3 minutes\" \/>\n<script type=\"application\/ld+json\" class=\"yoast-schema-graph\">{\"@context\":\"https:\/\/schema.org\",\"@graph\":[{\"@type\":\"WebPage\",\"@id\":\"https:\/\/www.welovecycling.com\/pl\/2022\/03\/04\/kolarze-nabierajapredkosci-przed-nami-wielkie-emocje\/\",\"url\":\"https:\/\/www.welovecycling.com\/pl\/2022\/03\/04\/kolarze-nabierajapredkosci-przed-nami-wielkie-emocje\/\",\"name\":\"Kolarze nabieraj\u0105 pr\u0119dko\u015bci! Przed nami wielkie emocje - \u0160koda We Love Cycling - Poland\",\"isPartOf\":{\"@id\":\"https:\/\/www.welovecycling.com\/pl\/#website\"},\"primaryImageOfPage\":{\"@id\":\"https:\/\/www.welovecycling.com\/pl\/2022\/03\/04\/kolarze-nabierajapredkosci-przed-nami-wielkie-emocje\/#primaryimage\"},\"image\":{\"@id\":\"https:\/\/www.welovecycling.com\/pl\/2022\/03\/04\/kolarze-nabierajapredkosci-przed-nami-wielkie-emocje\/#primaryimage\"},\"thumbnailUrl\":\"https:\/\/d2p6e6u75xmxt8.cloudfront.net\/5\/2022\/03\/Paris-Nice-CVR-profimedia-0504666342-1024x450-1.jpg\",\"datePublished\":\"2022-03-04T15:38:27+00:00\",\"dateModified\":\"2022-05-17T08:44:09+00:00\",\"author\":{\"@id\":\"https:\/\/www.welovecycling.com\/pl\/#\/schema\/person\/bf06ed916a1ef16618807fb60d2ebe42\"},\"breadcrumb\":{\"@id\":\"https:\/\/www.welovecycling.com\/pl\/2022\/03\/04\/kolarze-nabierajapredkosci-przed-nami-wielkie-emocje\/#breadcrumb\"},\"inLanguage\":\"pl-PL\",\"potentialAction\":[{\"@type\":\"ReadAction\",\"target\":[\"https:\/\/www.welovecycling.com\/pl\/2022\/03\/04\/kolarze-nabierajapredkosci-przed-nami-wielkie-emocje\/\"]}]},{\"@type\":\"ImageObject\",\"inLanguage\":\"pl-PL\",\"@id\":\"https:\/\/www.welovecycling.com\/pl\/2022\/03\/04\/kolarze-nabierajapredkosci-przed-nami-wielkie-emocje\/#primaryimage\",\"url\":\"https:\/\/d2p6e6u75xmxt8.cloudfront.net\/5\/2022\/03\/Paris-Nice-CVR-profimedia-0504666342-1024x450-1.jpg\",\"contentUrl\":\"https:\/\/d2p6e6u75xmxt8.cloudfront.net\/5\/2022\/03\/Paris-Nice-CVR-profimedia-0504666342-1024x450-1.jpg\",\"width\":1024,\"height\":450},{\"@type\":\"BreadcrumbList\",\"@id\":\"https:\/\/www.welovecycling.com\/pl\/2022\/03\/04\/kolarze-nabierajapredkosci-przed-nami-wielkie-emocje\/#breadcrumb\",\"itemListElement\":[{\"@type\":\"ListItem\",\"position\":1,\"name\":\"Home\",\"item\":\"https:\/\/www.welovecycling.com\/pl\/\"},{\"@type\":\"ListItem\",\"position\":2,\"name\":\"Kolarze nabieraj\u0105 pr\u0119dko\u015bci! Przed nami wielkie emocje\"}]},{\"@type\":\"WebSite\",\"@id\":\"https:\/\/www.welovecycling.com\/pl\/#website\",\"url\":\"https:\/\/www.welovecycling.com\/pl\/\",\"name\":\"\u0160koda We Love Cycling - Poland\",\"description\":\"\",\"potentialAction\":[{\"@type\":\"SearchAction\",\"target\":{\"@type\":\"EntryPoint\",\"urlTemplate\":\"https:\/\/www.welovecycling.com\/pl\/?s={search_term_string}\"},\"query-input\":{\"@type\":\"PropertyValueSpecification\",\"valueRequired\":true,\"valueName\":\"search_term_string\"}}],\"inLanguage\":\"pl-PL\"},{\"@type\":\"Person\",\"@id\":\"https:\/\/www.welovecycling.com\/pl\/#\/schema\/person\/bf06ed916a1ef16618807fb60d2ebe42\",\"name\":\"rafal\",\"image\":{\"@type\":\"ImageObject\",\"inLanguage\":\"pl-PL\",\"@id\":\"https:\/\/www.welovecycling.com\/pl\/#\/schema\/person\/image\/\",\"url\":\"https:\/\/secure.gravatar.com\/avatar\/203f240e63bee214f6f3a0dacbeb600c7829c09716c2b9ee3230c6961debcde2?s=96&d=mm&r=g\",\"contentUrl\":\"https:\/\/secure.gravatar.com\/avatar\/203f240e63bee214f6f3a0dacbeb600c7829c09716c2b9ee3230c6961debcde2?s=96&d=mm&r=g\",\"caption\":\"rafal\"},\"url\":\"https:\/\/www.welovecycling.com\/pl\/author\/rafal\/\"}]}<\/script>\n<!-- \/ Yoast SEO Premium plugin. -->","yoast_head_json":{"title":"Kolarze nabieraj\u0105 pr\u0119dko\u015bci! Przed nami wielkie emocje - \u0160koda We Love Cycling - Poland","robots":{"index":"index","follow":"follow","max-snippet":"max-snippet:-1","max-image-preview":"max-image-preview:large","max-video-preview":"max-video-preview:-1"},"canonical":"https:\/\/www.welovecycling.com\/pl\/2022\/03\/04\/kolarze-nabierajapredkosci-przed-nami-wielkie-emocje\/","og_locale":"pl_PL","og_type":"article","og_title":"Kolarze nabieraj\u0105 pr\u0119dko\u015bci! Przed nami wielkie emocje","og_description":"Sezon kolarski si\u0119 rozp\u0119dza! Na horyzoncie jednodniowy wy\u015bcig Strade Bianche, a tak\u017ce s\u0142ynny Pary\u017c\u2013Nicea, nazywany \u201erozgrzewk\u0105 przed Tour de France\u201d. [&hellip;]","og_url":"https:\/\/www.welovecycling.com\/pl\/2022\/03\/04\/kolarze-nabierajapredkosci-przed-nami-wielkie-emocje\/","og_site_name":"\u0160koda We Love Cycling - Poland","article_published_time":"2022-03-04T15:38:27+00:00","article_modified_time":"2022-05-17T08:44:09+00:00","og_image":[{"width":1024,"height":450,"url":"https:\/\/d2p6e6u75xmxt8.cloudfront.net\/5\/2022\/03\/Paris-Nice-CVR-profimedia-0504666342-1024x450-1.jpg","type":"image\/jpeg"}],"author":"rafal","twitter_card":"summary_large_image","twitter_misc":{"Written by":"Piotr Nowik","Est. reading time":"3 minutes"},"schema":{"@context":"https:\/\/schema.org","@graph":[{"@type":"WebPage","@id":"https:\/\/www.welovecycling.com\/pl\/2022\/03\/04\/kolarze-nabierajapredkosci-przed-nami-wielkie-emocje\/","url":"https:\/\/www.welovecycling.com\/pl\/2022\/03\/04\/kolarze-nabierajapredkosci-przed-nami-wielkie-emocje\/","name":"Kolarze nabieraj\u0105 pr\u0119dko\u015bci! Przed nami wielkie emocje - \u0160koda We Love Cycling - Poland","isPartOf":{"@id":"https:\/\/www.welovecycling.com\/pl\/#website"},"primaryImageOfPage":{"@id":"https:\/\/www.welovecycling.com\/pl\/2022\/03\/04\/kolarze-nabierajapredkosci-przed-nami-wielkie-emocje\/#primaryimage"},"image":{"@id":"https:\/\/www.welovecycling.com\/pl\/2022\/03\/04\/kolarze-nabierajapredkosci-przed-nami-wielkie-emocje\/#primaryimage"},"thumbnailUrl":"https:\/\/d2p6e6u75xmxt8.cloudfront.net\/5\/2022\/03\/Paris-Nice-CVR-profimedia-0504666342-1024x450-1.jpg","datePublished":"2022-03-04T15:38:27+00:00","dateModified":"2022-05-17T08:44:09+00:00","author":{"@id":"https:\/\/www.welovecycling.com\/pl\/#\/schema\/person\/bf06ed916a1ef16618807fb60d2ebe42"},"breadcrumb":{"@id":"https:\/\/www.welovecycling.com\/pl\/2022\/03\/04\/kolarze-nabierajapredkosci-przed-nami-wielkie-emocje\/#breadcrumb"},"inLanguage":"pl-PL","potentialAction":[{"@type":"ReadAction","target":["https:\/\/www.welovecycling.com\/pl\/2022\/03\/04\/kolarze-nabierajapredkosci-przed-nami-wielkie-emocje\/"]}]},{"@type":"ImageObject","inLanguage":"pl-PL","@id":"https:\/\/www.welovecycling.com\/pl\/2022\/03\/04\/kolarze-nabierajapredkosci-przed-nami-wielkie-emocje\/#primaryimage","url":"https:\/\/d2p6e6u75xmxt8.cloudfront.net\/5\/2022\/03\/Paris-Nice-CVR-profimedia-0504666342-1024x450-1.jpg","contentUrl":"https:\/\/d2p6e6u75xmxt8.cloudfront.net\/5\/2022\/03\/Paris-Nice-CVR-profimedia-0504666342-1024x450-1.jpg","width":1024,"height":450},{"@type":"BreadcrumbList","@id":"https:\/\/www.welovecycling.com\/pl\/2022\/03\/04\/kolarze-nabierajapredkosci-przed-nami-wielkie-emocje\/#breadcrumb","itemListElement":[{"@type":"ListItem","position":1,"name":"Home","item":"https:\/\/www.welovecycling.com\/pl\/"},{"@type":"ListItem","position":2,"name":"Kolarze nabieraj\u0105 pr\u0119dko\u015bci! Przed nami wielkie emocje"}]},{"@type":"WebSite","@id":"https:\/\/www.welovecycling.com\/pl\/#website","url":"https:\/\/www.welovecycling.com\/pl\/","name":"\u0160koda We Love Cycling - Poland","description":"","potentialAction":[{"@type":"SearchAction","target":{"@type":"EntryPoint","urlTemplate":"https:\/\/www.welovecycling.com\/pl\/?s={search_term_string}"},"query-input":{"@type":"PropertyValueSpecification","valueRequired":true,"valueName":"search_term_string"}}],"inLanguage":"pl-PL"},{"@type":"Person","@id":"https:\/\/www.welovecycling.com\/pl\/#\/schema\/person\/bf06ed916a1ef16618807fb60d2ebe42","name":"rafal","image":{"@type":"ImageObject","inLanguage":"pl-PL","@id":"https:\/\/www.welovecycling.com\/pl\/#\/schema\/person\/image\/","url":"https:\/\/secure.gravatar.com\/avatar\/203f240e63bee214f6f3a0dacbeb600c7829c09716c2b9ee3230c6961debcde2?s=96&d=mm&r=g","contentUrl":"https:\/\/secure.gravatar.com\/avatar\/203f240e63bee214f6f3a0dacbeb600c7829c09716c2b9ee3230c6961debcde2?s=96&d=mm&r=g","caption":"rafal"},"url":"https:\/\/www.welovecycling.com\/pl\/author\/rafal\/"}]}},"_links":{"self":[{"href":"https:\/\/www.welovecycling.com\/pl\/wp-json\/wp\/v2\/posts\/12708","targetHints":{"allow":["GET"]}}],"collection":[{"href":"https:\/\/www.welovecycling.com\/pl\/wp-json\/wp\/v2\/posts"}],"about":[{"href":"https:\/\/www.welovecycling.com\/pl\/wp-json\/wp\/v2\/types\/post"}],"author":[{"embeddable":true,"href":"https:\/\/www.welovecycling.com\/pl\/wp-json\/wp\/v2\/users\/153"}],"replies":[{"embeddable":true,"href":"https:\/\/www.welovecycling.com\/pl\/wp-json\/wp\/v2\/comments?post=12708"}],"version-history":[{"count":2,"href":"https:\/\/www.welovecycling.com\/pl\/wp-json\/wp\/v2\/posts\/12708\/revisions"}],"predecessor-version":[{"id":12715,"href":"https:\/\/www.welovecycling.com\/pl\/wp-json\/wp\/v2\/posts\/12708\/revisions\/12715"}],"wp:featuredmedia":[{"embeddable":true,"href":"https:\/\/www.welovecycling.com\/pl\/wp-json\/wp\/v2\/media\/12713"}],"wp:attachment":[{"href":"https:\/\/www.welovecycling.com\/pl\/wp-json\/wp\/v2\/media?parent=12708"}],"wp:term":[{"taxonomy":"category","embeddable":true,"href":"https:\/\/www.welovecycling.com\/pl\/wp-json\/wp\/v2\/categories?post=12708"},{"taxonomy":"post_tag","embeddable":true,"href":"https:\/\/www.welovecycling.com\/pl\/wp-json\/wp\/v2\/tags?post=12708"},{"taxonomy":"global-categories","embeddable":true,"href":"https:\/\/www.welovecycling.com\/pl\/wp-json\/wp\/v2\/global-categories?post=12708"}],"curies":[{"name":"wp","href":"https:\/\/api.w.org\/{rel}","templated":true}]}}