{"id":12701,"date":"2022-02-28T12:18:03","date_gmt":"2022-02-28T12:18:03","guid":{"rendered":"https:\/\/www.welovecycling.com\/pl\/?p=12701"},"modified":"2022-05-17T09:40:49","modified_gmt":"2022-05-17T09:40:49","slug":"ten-chlopak-jest-niesamowity-znow-dal-pokaz-sily","status":"publish","type":"post","link":"https:\/\/www.welovecycling.com\/pl\/2022\/02\/28\/ten-chlopak-jest-niesamowity-znow-dal-pokaz-sily\/","title":{"rendered":"Ten ch\u0142opak jest niesamowity! Zn\u00f3w da\u0142 pokaz si\u0142y"},"content":{"rendered":"<p><strong>Zadanie mia\u0142 jasne i bez mrugni\u0119cie okiem je wykona\u0142. Tadej Pogacar wygra\u0142 UAE Tour i ju\u017c na starcie sezonu pokaza\u0142, \u017ce b\u0119dzie g\u0142\u00f3wnym kandydatem do najwa\u017cniejszych triumf\u00f3w w 2022 r.<\/strong><\/p>\n<p>S\u0142oweniec nie zawi\u00f3d\u0142 szefostwa swojego zespo\u0142u UAE Team Emirates, kt\u00f3re od pewnego czasu stawia mu dwa g\u0142\u00f3wne cele: wygranie UAE Tour oraz Tour de France. Pierwsze zadanie w\u0142a\u015bnie wykona\u0142, czas na drugie przyjdzie w lipcu.<\/p>\n<div class=\"embed-controller-wrapper\">\n<blockquote class=\"twitter-tweet\" data-width=\"500\" data-dnt=\"true\">\n<p lang=\"en\" dir=\"ltr\">The <a href=\"https:\/\/twitter.com\/Mubadala?ref_src=twsrc%5Etfw\">@Mubadala<\/a> stage was a fitting end to the <a href=\"https:\/\/twitter.com\/hashtag\/UAETour?src=hash&amp;ref_src=twsrc%5Etfw\">#UAETour<\/a>, this was an epic finish for an epic Tour!<\/p>\n<p>We thank our sponsors, teams and staff for putting on a spectacular show over the last 7 days. See you next year!<a href=\"https:\/\/twitter.com\/AbuDhabiSC?ref_src=twsrc%5Etfw\">@AbuDhabiSC<\/a>  <a href=\"https:\/\/twitter.com\/hashtag\/UAETour?src=hash&amp;ref_src=twsrc%5Etfw\">#UAETour<\/a> <a href=\"https:\/\/twitter.com\/hashtag\/WorldTour?src=hash&amp;ref_src=twsrc%5Etfw\">#WorldTour<\/a> <a href=\"https:\/\/twitter.com\/hashtag\/Cycling?src=hash&amp;ref_src=twsrc%5Etfw\">#Cycling<\/a> <a href=\"https:\/\/twitter.com\/hashtag\/Race?src=hash&amp;ref_src=twsrc%5Etfw\">#Race<\/a> <a href=\"https:\/\/twitter.com\/hashtag\/UAE?src=hash&amp;ref_src=twsrc%5Etfw\">#UAE<\/a> <a href=\"https:\/\/t.co\/wLj2hpdU6x\">pic.twitter.com\/wLj2hpdU6x<\/a><\/p>\n<p>&mdash; UAE Tour Official (@uae_tour) <a href=\"https:\/\/twitter.com\/uae_tour\/status\/1497832721350991873?ref_src=twsrc%5Etfw\">February 27, 2022<\/a><\/p><\/blockquote>\n<p><script async data-src=\"https:\/\/platform.twitter.com\/widgets.js\" charset=\"utf-8\"><\/script><\/div>\n<p>Podczas wy\u015bcigu w Zjednoczonych Emiratach Arabskich Pogacar nie pozostawi\u0142 w\u0105tpliwo\u015bci, \u017ce kolarski \u015bwiat w\u0142a\u015bnie ogl\u0105da zawodnika z talentem, kt\u00f3ry trafia si\u0119 niezwykle rzadko. 23-letni S\u0142oweniec prowadzenie obj\u0105\u0142 w po\u0142owie wy\u015bcigu, a nast\u0119pnie precyzyjnie wykona\u0142 plan, kt\u00f3ry pozwoli\u0142 mu obroni\u0107 wygran\u0105 sprzed roku.<\/p>\n<p>\u201eTo by\u0142 pierwszy m\u00f3j wy\u015bcig w sezonie, ale te\u017c jeden z najwa\u017cniejszych. Moim celem by\u0142o zwyci\u0119stwo i uda\u0142o mi si\u0119 je osi\u0105gn\u0105\u0107 dzi\u0119ki pomocy koleg\u00f3w z zespo\u0142u. Na ka\u017cdym etapie mog\u0142em na nich liczy\u0107\u201d \u2013 cieszy\u0142 si\u0119 na mecie Pogacar.<\/p>\n<div class=\"embed-controller-wrapper\">\n<blockquote class=\"twitter-tweet\" data-width=\"500\" data-dnt=\"true\">\n<p lang=\"en\" dir=\"ltr\">Smells like team spirit! \ud83d\ude01<\/p>\n<p>Best team of the <a href=\"https:\/\/twitter.com\/hashtag\/UAETour?src=hash&amp;ref_src=twsrc%5Etfw\">#UAETour<\/a> \ud83d\udc4f<\/p>\n<p>Congrats to all the <a href=\"https:\/\/twitter.com\/hashtag\/UAETeamEmirates?src=hash&amp;ref_src=twsrc%5Etfw\">#UAETeamEmirates<\/a> guys! \ud83c\udf8a<a href=\"https:\/\/twitter.com\/hashtag\/WeAreUAE?src=hash&amp;ref_src=twsrc%5Etfw\">#WeAreUAE<\/a> \ud83c\udde6\ud83c\uddea <a href=\"https:\/\/t.co\/Y4Qu60JgrL\">pic.twitter.com\/Y4Qu60JgrL<\/a><\/p>\n<p>&mdash; @UAE-TeamEmirates (@TeamEmiratesUAE) <a href=\"https:\/\/twitter.com\/TeamEmiratesUAE\/status\/1497573584289644545?ref_src=twsrc%5Etfw\">February 26, 2022<\/a><\/p><\/blockquote>\n<p><script async data-src=\"https:\/\/platform.twitter.com\/widgets.js\" charset=\"utf-8\"><\/script><\/div>\n<h2><strong>Rafa\u0142 Majka zn\u00f3w w formie<\/strong><\/h2>\n<p>Jednym ze wsp\u00f3\u0142tw\u00f3rc\u00f3w sukcesu S\u0142owe\u0144ca by\u0142 Rafa\u0142 Majka. Gdy Polak podpisa\u0142 umow\u0119 z UAE Team Emirates, sta\u0142o si\u0119 jasne, \u017ce teraz jego g\u0142\u00f3wn\u0105 rol\u0105 b\u0119dzie wspieranie lider\u00f3w zespo\u0142u. I z tego zadania po raz kolejny wywi\u0105za\u0142 si\u0119 \u015bwietnie. Podczas czwartego etapu Majka m\u0119czy\u0142 rywali i rozbija\u0142 kolejne grupki, toruj\u0105c Pogacarowi drog\u0119 do zwyci\u0119zca, a tym samym \u2013 obj\u0119cia prowadzenia w klasyfikacji generalnej.<\/p>\n<p>\u201eTo by\u0142 niesamowity wy\u015bcig, nasza wsp\u00f3\u0142praca by\u0142a idealna. Rywale nas atakowali, ale kontrolowali\u015bmy sytuacj\u0119. Koledzy podprowadzili mnie do samego ko\u0144ca, a ja na finiszu da\u0142em z siebie wszystko\u201d \u2013 m\u00f3wi\u0142 Pogacar.<\/p>\n<p>Na kolejnych etapach Majka r\u00f3wnie\u017c nie odpuszcza\u0142, a podczas ostatniego dnia zn\u00f3w pom\u00f3g\u0142 zgarn\u0105\u0107 Pogacarowi wygran\u0105 oraz triumf w ca\u0142ym wy\u015bcigu. Indywidualnie Polak tak\u017ce spisa\u0142 si\u0119 bardzo dobrze, bo w klasyfikacji generalnej zaj\u0105\u0142 si\u00f3dme miejsce, co jest dobrym prognostykiem na kolejne miesi\u0105ce.<\/p>\n<p>\u201eMisja wykonana. Dobry start sezonu\u201d \u2013 napisa\u0142 Majka w mediach spo\u0142eczno\u015bciowych.<\/p>\n<div class=\"embed-controller-wrapper\">\n<blockquote class=\"twitter-tweet\" data-width=\"500\" data-dnt=\"true\">\n<p lang=\"en\" dir=\"ltr\">Mission complete!<br \/>Good start of the season \ud83d\udc4d<br \/> <a href=\"https:\/\/twitter.com\/hashtag\/UAETeamEmirates?src=hash&amp;ref_src=twsrc%5Etfw\">#UAETeamEmirates<\/a> <a href=\"https:\/\/twitter.com\/hashtag\/WeAreUAE?src=hash&amp;ref_src=twsrc%5Etfw\">#WeAreUAE<\/a> <a href=\"https:\/\/twitter.com\/hashtag\/UAETour?src=hash&amp;ref_src=twsrc%5Etfw\">#UAETour<\/a> <a href=\"https:\/\/t.co\/QBpbJM1b3I\">pic.twitter.com\/QBpbJM1b3I<\/a><\/p>\n<p>&mdash; Rafa\u0142 Majka (@majkaformal) <a href=\"https:\/\/twitter.com\/majkaformal\/status\/1497569147932315658?ref_src=twsrc%5Etfw\">February 26, 2022<\/a><\/p><\/blockquote>\n<p><script async data-src=\"https:\/\/platform.twitter.com\/widgets.js\" charset=\"utf-8\"><\/script><\/div>\n<p>Drugie miejsce w klasyfikacji generalnej UAE Tour zaj\u0105\u0142 zwyci\u0119zca sprzed dw\u00f3ch lat, Adam Yates (Ineos Grenadiers), a trzecie \u2013 Pello Bilbao (Bahrain Victorious). Klasyfikacj\u0119 punktow\u0105 wygra\u0142 Jasper Philipsen (Alpecin-Fenix), sprintersk\u0105 Dmitrij Strachow (Gazprom-RusVelo), a m\u0142odzie\u017cow\u0105 Pogacar. Dru\u017cynowo triumfowa\u0142a ekipa UAE Team Emirates.<\/p>\n<h2><strong>Czas na kolejne emocje<\/strong><\/h2>\n<p>W weekend odby\u0142 si\u0119 r\u00f3wnie\u017c pierwszy jednodniowy wy\u015bcig z serii UCI World Tour. Balgijski Omloop Het Nieuwsblad 2022 wygra\u0142 zawodnik gospodarzy Wout Van Aert (Jumbo-Visma), drugie miejsce zaj\u0105\u0142 Sonny Colbrelli (Bahrain Victorious), a trzecie \u2013 Greg Van Avermaet (AG2R Citro\u00ebn Team).<\/p>\n<p>Ju\u017c za kilka dni fan\u00f3w kolarstwa czekaj\u0105 kolejne emocje. W sobot\u0119 zostanie rozegrany s\u0142ynny Strade Bianche, w niedziel\u0119 wystartuje wy\u015bcig Pary\u017c \u2013 Nicea, a w poniedzia\u0142ek Tirreno \u2013 Adriatico.<\/p>\n<p><a href=\"https:\/\/www.skoda-auto.pl\/modele\/superb\"><span data-sheets-value=\"{&quot;1&quot;:2,&quot;2&quot;:&quot;Artyku\u0142 powsta\u0142 we wsp\u00f3\u0142pracy ze skoda-auto.pl&quot;}\" data-sheets-userformat=\"{&quot;2&quot;:1,&quot;3&quot;:{&quot;1&quot;:0}}\" data-sheets-hyperlink=\"http:\/\/www.skoda-auto.pl\/\"><a class=\"in-cell-link\" href=\"http:\/\/www.skoda-auto.pl\/\" target=\"_blank\" rel=\"noopener noreferrer\">Artyku\u0142 powsta\u0142 we wsp\u00f3\u0142pracy ze skoda-auto.pl<\/a><\/span><\/a><\/p>\n<p><a href=\"https:\/\/www.skoda-auto.pl\/modele\/superb\"><img loading=\"lazy\" decoding=\"async\" class=\"alignnone size-full wp-image-11628 aligncenter\" src=\"https:\/\/d2p6e6u75xmxt8.cloudfront.net\/5\/2021\/12\/640x350-2-1.jpg\" alt=\"\" width=\"640\" height=\"350\" srcset=\"https:\/\/d2p6e6u75xmxt8.cloudfront.net\/5\/2021\/12\/640x350-2-1.jpg 640w, https:\/\/d2p6e6u75xmxt8.cloudfront.net\/5\/2021\/12\/640x350-2-1-300x164.jpg 300w\" sizes=\"auto, (max-width: 640px) 100vw, 640px\" \/><\/a><\/p>\n","protected":false},"excerpt":{"rendered":"<p>Zadanie mia\u0142 jasne i bez mrugni\u0119cie okiem je wykona\u0142. Tadej Pogacar wygra\u0142 UAE Tour i ju\u017c na starcie sezonu pokaza\u0142, [&hellip;]<\/p>\n","protected":false},"author":153,"featured_media":12705,"comment_status":"open","ping_status":"open","sticky":false,"template":"","format":"standard","meta":{"footnotes":""},"categories":[6],"tags":[362],"global-categories":[303],"class_list":["post-12701","post","type-post","status-publish","format-standard","has-post-thumbnail","hentry","category-kolarstwo-szosowe","tag-piotr-nowik","global-categories-cycling"],"yoast_head":"<!-- This site is optimized with the Yoast SEO Premium plugin v25.3 (Yoast SEO v25.9) - https:\/\/yoast.com\/wordpress\/plugins\/seo\/ -->\n<title>Ten ch\u0142opak jest niesamowity! Zn\u00f3w da\u0142 pokaz si\u0142y - \u0160koda We Love Cycling - Poland<\/title>\n<meta name=\"robots\" content=\"index, follow, max-snippet:-1, max-image-preview:large, max-video-preview:-1\" \/>\n<link rel=\"canonical\" href=\"https:\/\/www.welovecycling.com\/pl\/2022\/02\/28\/ten-chlopak-jest-niesamowity-znow-dal-pokaz-sily\/\" \/>\n<meta property=\"og:locale\" content=\"pl_PL\" \/>\n<meta property=\"og:type\" content=\"article\" \/>\n<meta property=\"og:title\" content=\"Ten ch\u0142opak jest niesamowity! Zn\u00f3w da\u0142 pokaz si\u0142y\" \/>\n<meta property=\"og:description\" content=\"Zadanie mia\u0142 jasne i bez mrugni\u0119cie okiem je wykona\u0142. Tadej Pogacar wygra\u0142 UAE Tour i ju\u017c na starcie sezonu pokaza\u0142, [&hellip;]\" \/>\n<meta property=\"og:url\" content=\"https:\/\/www.welovecycling.com\/pl\/2022\/02\/28\/ten-chlopak-jest-niesamowity-znow-dal-pokaz-sily\/\" \/>\n<meta property=\"og:site_name\" content=\"\u0160koda We Love Cycling - Poland\" \/>\n<meta property=\"article:published_time\" content=\"2022-02-28T12:18:03+00:00\" \/>\n<meta property=\"article:modified_time\" content=\"2022-05-17T09:40:49+00:00\" \/>\n<meta property=\"og:image\" content=\"https:\/\/d2p6e6u75xmxt8.cloudfront.net\/5\/2022\/02\/Tadej-Pogacar-profimedia-0607830038-CVR-1024x450-1.jpg\" \/>\n\t<meta property=\"og:image:width\" content=\"1024\" \/>\n\t<meta property=\"og:image:height\" content=\"450\" \/>\n\t<meta property=\"og:image:type\" content=\"image\/jpeg\" \/>\n<meta name=\"author\" content=\"rafal\" \/>\n<meta name=\"twitter:card\" content=\"summary_large_image\" \/>\n<meta name=\"twitter:label1\" content=\"Written by\" \/>\n\t<meta name=\"twitter:data1\" content=\"Piotr Nowik\" \/>\n\t<meta name=\"twitter:label2\" content=\"Est. reading time\" \/>\n\t<meta name=\"twitter:data2\" content=\"3 minutes\" \/>\n<script type=\"application\/ld+json\" class=\"yoast-schema-graph\">{\"@context\":\"https:\/\/schema.org\",\"@graph\":[{\"@type\":\"WebPage\",\"@id\":\"https:\/\/www.welovecycling.com\/pl\/2022\/02\/28\/ten-chlopak-jest-niesamowity-znow-dal-pokaz-sily\/\",\"url\":\"https:\/\/www.welovecycling.com\/pl\/2022\/02\/28\/ten-chlopak-jest-niesamowity-znow-dal-pokaz-sily\/\",\"name\":\"Ten ch\u0142opak jest niesamowity! Zn\u00f3w da\u0142 pokaz si\u0142y - \u0160koda We Love Cycling - Poland\",\"isPartOf\":{\"@id\":\"https:\/\/www.welovecycling.com\/pl\/#website\"},\"primaryImageOfPage\":{\"@id\":\"https:\/\/www.welovecycling.com\/pl\/2022\/02\/28\/ten-chlopak-jest-niesamowity-znow-dal-pokaz-sily\/#primaryimage\"},\"image\":{\"@id\":\"https:\/\/www.welovecycling.com\/pl\/2022\/02\/28\/ten-chlopak-jest-niesamowity-znow-dal-pokaz-sily\/#primaryimage\"},\"thumbnailUrl\":\"https:\/\/d2p6e6u75xmxt8.cloudfront.net\/5\/2022\/02\/Tadej-Pogacar-profimedia-0607830038-CVR-1024x450-1.jpg\",\"datePublished\":\"2022-02-28T12:18:03+00:00\",\"dateModified\":\"2022-05-17T09:40:49+00:00\",\"author\":{\"@id\":\"https:\/\/www.welovecycling.com\/pl\/#\/schema\/person\/bf06ed916a1ef16618807fb60d2ebe42\"},\"breadcrumb\":{\"@id\":\"https:\/\/www.welovecycling.com\/pl\/2022\/02\/28\/ten-chlopak-jest-niesamowity-znow-dal-pokaz-sily\/#breadcrumb\"},\"inLanguage\":\"pl-PL\",\"potentialAction\":[{\"@type\":\"ReadAction\",\"target\":[\"https:\/\/www.welovecycling.com\/pl\/2022\/02\/28\/ten-chlopak-jest-niesamowity-znow-dal-pokaz-sily\/\"]}]},{\"@type\":\"ImageObject\",\"inLanguage\":\"pl-PL\",\"@id\":\"https:\/\/www.welovecycling.com\/pl\/2022\/02\/28\/ten-chlopak-jest-niesamowity-znow-dal-pokaz-sily\/#primaryimage\",\"url\":\"https:\/\/d2p6e6u75xmxt8.cloudfront.net\/5\/2022\/02\/Tadej-Pogacar-profimedia-0607830038-CVR-1024x450-1.jpg\",\"contentUrl\":\"https:\/\/d2p6e6u75xmxt8.cloudfront.net\/5\/2022\/02\/Tadej-Pogacar-profimedia-0607830038-CVR-1024x450-1.jpg\",\"width\":1024,\"height\":450},{\"@type\":\"BreadcrumbList\",\"@id\":\"https:\/\/www.welovecycling.com\/pl\/2022\/02\/28\/ten-chlopak-jest-niesamowity-znow-dal-pokaz-sily\/#breadcrumb\",\"itemListElement\":[{\"@type\":\"ListItem\",\"position\":1,\"name\":\"Home\",\"item\":\"https:\/\/www.welovecycling.com\/pl\/\"},{\"@type\":\"ListItem\",\"position\":2,\"name\":\"Ten ch\u0142opak jest niesamowity! Zn\u00f3w da\u0142 pokaz si\u0142y\"}]},{\"@type\":\"WebSite\",\"@id\":\"https:\/\/www.welovecycling.com\/pl\/#website\",\"url\":\"https:\/\/www.welovecycling.com\/pl\/\",\"name\":\"\u0160koda We Love Cycling - Poland\",\"description\":\"\",\"potentialAction\":[{\"@type\":\"SearchAction\",\"target\":{\"@type\":\"EntryPoint\",\"urlTemplate\":\"https:\/\/www.welovecycling.com\/pl\/?s={search_term_string}\"},\"query-input\":{\"@type\":\"PropertyValueSpecification\",\"valueRequired\":true,\"valueName\":\"search_term_string\"}}],\"inLanguage\":\"pl-PL\"},{\"@type\":\"Person\",\"@id\":\"https:\/\/www.welovecycling.com\/pl\/#\/schema\/person\/bf06ed916a1ef16618807fb60d2ebe42\",\"name\":\"rafal\",\"image\":{\"@type\":\"ImageObject\",\"inLanguage\":\"pl-PL\",\"@id\":\"https:\/\/www.welovecycling.com\/pl\/#\/schema\/person\/image\/\",\"url\":\"https:\/\/secure.gravatar.com\/avatar\/203f240e63bee214f6f3a0dacbeb600c7829c09716c2b9ee3230c6961debcde2?s=96&d=mm&r=g\",\"contentUrl\":\"https:\/\/secure.gravatar.com\/avatar\/203f240e63bee214f6f3a0dacbeb600c7829c09716c2b9ee3230c6961debcde2?s=96&d=mm&r=g\",\"caption\":\"rafal\"},\"url\":\"https:\/\/www.welovecycling.com\/pl\/author\/rafal\/\"}]}<\/script>\n<!-- \/ Yoast SEO Premium plugin. -->","yoast_head_json":{"title":"Ten ch\u0142opak jest niesamowity! Zn\u00f3w da\u0142 pokaz si\u0142y - \u0160koda We Love Cycling - Poland","robots":{"index":"index","follow":"follow","max-snippet":"max-snippet:-1","max-image-preview":"max-image-preview:large","max-video-preview":"max-video-preview:-1"},"canonical":"https:\/\/www.welovecycling.com\/pl\/2022\/02\/28\/ten-chlopak-jest-niesamowity-znow-dal-pokaz-sily\/","og_locale":"pl_PL","og_type":"article","og_title":"Ten ch\u0142opak jest niesamowity! Zn\u00f3w da\u0142 pokaz si\u0142y","og_description":"Zadanie mia\u0142 jasne i bez mrugni\u0119cie okiem je wykona\u0142. Tadej Pogacar wygra\u0142 UAE Tour i ju\u017c na starcie sezonu pokaza\u0142, [&hellip;]","og_url":"https:\/\/www.welovecycling.com\/pl\/2022\/02\/28\/ten-chlopak-jest-niesamowity-znow-dal-pokaz-sily\/","og_site_name":"\u0160koda We Love Cycling - Poland","article_published_time":"2022-02-28T12:18:03+00:00","article_modified_time":"2022-05-17T09:40:49+00:00","og_image":[{"width":1024,"height":450,"url":"https:\/\/d2p6e6u75xmxt8.cloudfront.net\/5\/2022\/02\/Tadej-Pogacar-profimedia-0607830038-CVR-1024x450-1.jpg","type":"image\/jpeg"}],"author":"rafal","twitter_card":"summary_large_image","twitter_misc":{"Written by":"Piotr Nowik","Est. reading time":"3 minutes"},"schema":{"@context":"https:\/\/schema.org","@graph":[{"@type":"WebPage","@id":"https:\/\/www.welovecycling.com\/pl\/2022\/02\/28\/ten-chlopak-jest-niesamowity-znow-dal-pokaz-sily\/","url":"https:\/\/www.welovecycling.com\/pl\/2022\/02\/28\/ten-chlopak-jest-niesamowity-znow-dal-pokaz-sily\/","name":"Ten ch\u0142opak jest niesamowity! Zn\u00f3w da\u0142 pokaz si\u0142y - \u0160koda We Love Cycling - Poland","isPartOf":{"@id":"https:\/\/www.welovecycling.com\/pl\/#website"},"primaryImageOfPage":{"@id":"https:\/\/www.welovecycling.com\/pl\/2022\/02\/28\/ten-chlopak-jest-niesamowity-znow-dal-pokaz-sily\/#primaryimage"},"image":{"@id":"https:\/\/www.welovecycling.com\/pl\/2022\/02\/28\/ten-chlopak-jest-niesamowity-znow-dal-pokaz-sily\/#primaryimage"},"thumbnailUrl":"https:\/\/d2p6e6u75xmxt8.cloudfront.net\/5\/2022\/02\/Tadej-Pogacar-profimedia-0607830038-CVR-1024x450-1.jpg","datePublished":"2022-02-28T12:18:03+00:00","dateModified":"2022-05-17T09:40:49+00:00","author":{"@id":"https:\/\/www.welovecycling.com\/pl\/#\/schema\/person\/bf06ed916a1ef16618807fb60d2ebe42"},"breadcrumb":{"@id":"https:\/\/www.welovecycling.com\/pl\/2022\/02\/28\/ten-chlopak-jest-niesamowity-znow-dal-pokaz-sily\/#breadcrumb"},"inLanguage":"pl-PL","potentialAction":[{"@type":"ReadAction","target":["https:\/\/www.welovecycling.com\/pl\/2022\/02\/28\/ten-chlopak-jest-niesamowity-znow-dal-pokaz-sily\/"]}]},{"@type":"ImageObject","inLanguage":"pl-PL","@id":"https:\/\/www.welovecycling.com\/pl\/2022\/02\/28\/ten-chlopak-jest-niesamowity-znow-dal-pokaz-sily\/#primaryimage","url":"https:\/\/d2p6e6u75xmxt8.cloudfront.net\/5\/2022\/02\/Tadej-Pogacar-profimedia-0607830038-CVR-1024x450-1.jpg","contentUrl":"https:\/\/d2p6e6u75xmxt8.cloudfront.net\/5\/2022\/02\/Tadej-Pogacar-profimedia-0607830038-CVR-1024x450-1.jpg","width":1024,"height":450},{"@type":"BreadcrumbList","@id":"https:\/\/www.welovecycling.com\/pl\/2022\/02\/28\/ten-chlopak-jest-niesamowity-znow-dal-pokaz-sily\/#breadcrumb","itemListElement":[{"@type":"ListItem","position":1,"name":"Home","item":"https:\/\/www.welovecycling.com\/pl\/"},{"@type":"ListItem","position":2,"name":"Ten ch\u0142opak jest niesamowity! Zn\u00f3w da\u0142 pokaz si\u0142y"}]},{"@type":"WebSite","@id":"https:\/\/www.welovecycling.com\/pl\/#website","url":"https:\/\/www.welovecycling.com\/pl\/","name":"\u0160koda We Love Cycling - Poland","description":"","potentialAction":[{"@type":"SearchAction","target":{"@type":"EntryPoint","urlTemplate":"https:\/\/www.welovecycling.com\/pl\/?s={search_term_string}"},"query-input":{"@type":"PropertyValueSpecification","valueRequired":true,"valueName":"search_term_string"}}],"inLanguage":"pl-PL"},{"@type":"Person","@id":"https:\/\/www.welovecycling.com\/pl\/#\/schema\/person\/bf06ed916a1ef16618807fb60d2ebe42","name":"rafal","image":{"@type":"ImageObject","inLanguage":"pl-PL","@id":"https:\/\/www.welovecycling.com\/pl\/#\/schema\/person\/image\/","url":"https:\/\/secure.gravatar.com\/avatar\/203f240e63bee214f6f3a0dacbeb600c7829c09716c2b9ee3230c6961debcde2?s=96&d=mm&r=g","contentUrl":"https:\/\/secure.gravatar.com\/avatar\/203f240e63bee214f6f3a0dacbeb600c7829c09716c2b9ee3230c6961debcde2?s=96&d=mm&r=g","caption":"rafal"},"url":"https:\/\/www.welovecycling.com\/pl\/author\/rafal\/"}]}},"_links":{"self":[{"href":"https:\/\/www.welovecycling.com\/pl\/wp-json\/wp\/v2\/posts\/12701","targetHints":{"allow":["GET"]}}],"collection":[{"href":"https:\/\/www.welovecycling.com\/pl\/wp-json\/wp\/v2\/posts"}],"about":[{"href":"https:\/\/www.welovecycling.com\/pl\/wp-json\/wp\/v2\/types\/post"}],"author":[{"embeddable":true,"href":"https:\/\/www.welovecycling.com\/pl\/wp-json\/wp\/v2\/users\/153"}],"replies":[{"embeddable":true,"href":"https:\/\/www.welovecycling.com\/pl\/wp-json\/wp\/v2\/comments?post=12701"}],"version-history":[{"count":2,"href":"https:\/\/www.welovecycling.com\/pl\/wp-json\/wp\/v2\/posts\/12701\/revisions"}],"predecessor-version":[{"id":12707,"href":"https:\/\/www.welovecycling.com\/pl\/wp-json\/wp\/v2\/posts\/12701\/revisions\/12707"}],"wp:featuredmedia":[{"embeddable":true,"href":"https:\/\/www.welovecycling.com\/pl\/wp-json\/wp\/v2\/media\/12705"}],"wp:attachment":[{"href":"https:\/\/www.welovecycling.com\/pl\/wp-json\/wp\/v2\/media?parent=12701"}],"wp:term":[{"taxonomy":"category","embeddable":true,"href":"https:\/\/www.welovecycling.com\/pl\/wp-json\/wp\/v2\/categories?post=12701"},{"taxonomy":"post_tag","embeddable":true,"href":"https:\/\/www.welovecycling.com\/pl\/wp-json\/wp\/v2\/tags?post=12701"},{"taxonomy":"global-categories","embeddable":true,"href":"https:\/\/www.welovecycling.com\/pl\/wp-json\/wp\/v2\/global-categories?post=12701"}],"curies":[{"name":"wp","href":"https:\/\/api.w.org\/{rel}","templated":true}]}}