{"id":12683,"date":"2022-02-18T11:12:49","date_gmt":"2022-02-18T11:12:49","guid":{"rendered":"https:\/\/www.welovecycling.com\/pl\/?p=12683"},"modified":"2022-05-17T09:41:21","modified_gmt":"2022-05-17T09:41:21","slug":"nareszcie-czas-na-jedyny-taki-wyscig-w-roku","status":"publish","type":"post","link":"https:\/\/www.welovecycling.com\/pl\/2022\/02\/18\/nareszcie-czas-na-jedyny-taki-wyscig-w-roku\/","title":{"rendered":"Nareszcie! Czas na jedyny taki wy\u015bcig w roku"},"content":{"rendered":"<p><strong>Ponad cztery miesi\u0105ce oczekiwania i w ko\u0144cu wracaj\u0105. W niedziel\u0119 rozpoczynaj\u0105 si\u0119 pierwsze zawody z cyklu UCI World Tour 2022 \u2013 UAE Tour.<\/strong><\/p>\n<p>Od ostatnich wy\u015bcig\u00f3w w ramach najbardziej presti\u017cowego kolarskiego cyklu min\u0119\u0142y ju\u017c ponad cztery miesi\u0105ce. W tym czasie zawodnicy zd\u0105\u017cyli przej\u015b\u0107 roztrenowanie, rozjecha\u0107 si\u0119 na urlopy i \u015bwi\u0119ta, a tak\u017ce od nowa przygotowa\u0107 form\u0119. Zapewne nie wszystkim si\u0119 to uda\u0142o, ale w najbli\u017cszych dniach dowiemy si\u0119, kto trafi\u0142 z przygotowaniami na pocz\u0105tek sezonu.<\/p>\n<div class=\"embed-controller-wrapper\">\n<blockquote class=\"twitter-tweet\" data-width=\"500\" data-dnt=\"true\">\n<p lang=\"en\" dir=\"ltr\">Picture Perfect. \ud83d\udcf8<a href=\"https:\/\/twitter.com\/hashtag\/UAETour?src=hash&amp;ref_src=twsrc%5Etfw\">#UAETour<\/a> <a href=\"https:\/\/twitter.com\/hashtag\/WorldTour?src=hash&amp;ref_src=twsrc%5Etfw\">#WorldTour<\/a> <a href=\"https:\/\/twitter.com\/hashtag\/Cycling?src=hash&amp;ref_src=twsrc%5Etfw\">#Cycling<\/a> <a href=\"https:\/\/twitter.com\/hashtag\/Race?src=hash&amp;ref_src=twsrc%5Etfw\">#Race<\/a> <a href=\"https:\/\/twitter.com\/hashtag\/UAE?src=hash&amp;ref_src=twsrc%5Etfw\">#UAE<\/a> <a href=\"https:\/\/t.co\/p0a3ISxfRe\">pic.twitter.com\/p0a3ISxfRe<\/a><\/p>\n<p>&mdash; UAE Tour Official (@uae_tour) <a href=\"https:\/\/twitter.com\/uae_tour\/status\/1493204138095788035?ref_src=twsrc%5Etfw\">February 14, 2022<\/a><\/p><\/blockquote>\n<p><script async data-src=\"https:\/\/platform.twitter.com\/widgets.js\" charset=\"utf-8\"><\/script><\/div>\n<h2><strong>Jedyny taki wy\u015bcig <\/strong><\/h2>\n<p>\u201eJedyne zawody z serii World Tour na Bliskim Wschodzie\u201d \u2013 w taki spos\u00f3b UAE Tour reklamuje si\u0119 w kolarskim \u015bwiecie i nie ma w tym ani troch\u0119 przesady. Wi\u0119kszo\u015b\u0107 wy\u015bcig\u00f3w najwa\u017cniejszej serii rozgrywa si\u0119 we W\u0142oszech, Hiszpanii, Francji i Belgii, ale po raz kolejny start zaplanowano tak\u017ce w Zjednoczonych Emiratach Arabskich. Wszystko dlatego, \u017ce z powodu koronawirusa zn\u00f3w odwo\u0142ano wy\u015bcigi, kt\u00f3re w styczniu mia\u0142y odby\u0107 si\u0119 w Australii.<\/p>\n<p>UAE Tour to przede wszystkim uk\u0142on w stron\u0119 szejk\u00f3w, kt\u00f3rzy zdecydowali si\u0119 zainwestowa\u0107 w kolarstwo. Dzi\u015b s\u0105 w\u0142a\u015bcicielami czo\u0142owej grupy \u015bwiata \u2013 UAE Emirates Team, kt\u00f3rej zawodnikiem jest Tadej Pogacar, zwyci\u0119zca ostatnich dw\u00f3ch Tour de France. S\u0142owe\u0144ca dzielnie wspiera m.in. Rafa\u0142 Majka i ten duet zobaczymy r\u00f3wnie\u017c w niedziel\u0119 na starcie.<\/p>\n<div class=\"embed-controller-wrapper\">\n<blockquote class=\"twitter-tweet\" data-width=\"500\" data-dnt=\"true\">\n<p lang=\"en\" dir=\"ltr\">Congratulations <a href=\"https:\/\/twitter.com\/TamauPogi?ref_src=twsrc%5Etfw\">@TamauPogi<\/a> <a href=\"https:\/\/twitter.com\/hashtag\/UAETour?src=hash&amp;ref_src=twsrc%5Etfw\">#UAETour<\/a> <a href=\"https:\/\/t.co\/12BYtGKUoy\">pic.twitter.com\/12BYtGKUoy<\/a><\/p>\n<p>&mdash; UAE Tour Official (@uae_tour) <a href=\"https:\/\/twitter.com\/uae_tour\/status\/1365639842458177537?ref_src=twsrc%5Etfw\">February 27, 2021<\/a><\/p><\/blockquote>\n<p><script async data-src=\"https:\/\/platform.twitter.com\/widgets.js\" charset=\"utf-8\"><\/script><\/div>\n<p>\u2013 Jestem bardzo podekscytowany takim rozpocz\u0119ciem sezonu i zmotywowany. B\u0119d\u0119 przewodzi\u0142 zespo\u0142owi, ale wszyscy wiemy, jak dobrym zawodnikiem jest r\u00f3wnie\u017c Joao Almeida, Rafa\u0142 Majka w tym momencie tak\u017ce \u201efruwa\u201d. Najwa\u017cniejsze, \u017ce zn\u00f3w spr\u00f3bujemy obroni\u0107 wygran\u0105 w tym wy\u015bcigu \u2013 m\u00f3wi Pogacar, kt\u00f3ry rok temu triumfowa\u0142 w Zjednoczonych Emiratach Arabskich.<\/p>\n<h2><strong>Rywalizacja zapowiada si\u0119 bardzo ciekawie<\/strong><\/h2>\n<p>S\u0142oweniec nie b\u0119dzie mia\u0142 jednak \u0142atwego zadania, poniewa\u017c udzia\u0142 w wy\u015bcigu zapowiedzia\u0142o ju\u017c kilku \u015bwietnych zawodnik\u00f3w. Oto niekt\u00f3rzy z nich:<\/p>\n<div class=\"embed-controller-wrapper\">\n<blockquote class=\"twitter-tweet\" data-width=\"500\" data-dnt=\"true\">\n<p lang=\"en\" dir=\"ltr\">BREAKING NEWS! \ud83c\udf10<\/p>\n<p>The first round of Top Riders who will take part in the UAE Tour . \ud83d\udc4a<\/p>\n<p>Who\u2019s excited?! \ud83d\ude4b\u200d\u2642\ufe0f<\/p>\n<p>More announcements coming soon! <a href=\"https:\/\/twitter.com\/hashtag\/UAETour?src=hash&amp;ref_src=twsrc%5Etfw\">#UAETour<\/a> <a href=\"https:\/\/twitter.com\/hashtag\/WorldTour?src=hash&amp;ref_src=twsrc%5Etfw\">#WorldTour<\/a> <a href=\"https:\/\/twitter.com\/hashtag\/Cycling?src=hash&amp;ref_src=twsrc%5Etfw\">#Cycling<\/a> <a href=\"https:\/\/twitter.com\/hashtag\/Race?src=hash&amp;ref_src=twsrc%5Etfw\">#Race<\/a> <a href=\"https:\/\/twitter.com\/hashtag\/UAE?src=hash&amp;ref_src=twsrc%5Etfw\">#UAE<\/a> <a href=\"https:\/\/t.co\/wDsfbFo5Jd\">pic.twitter.com\/wDsfbFo5Jd<\/a><\/p>\n<p>&mdash; UAE Tour Official (@uae_tour) <a href=\"https:\/\/twitter.com\/uae_tour\/status\/1491722775576428548?ref_src=twsrc%5Etfw\">February 10, 2022<\/a><\/p><\/blockquote>\n<p><script async data-src=\"https:\/\/platform.twitter.com\/widgets.js\" charset=\"utf-8\"><\/script><\/div>\n<div class=\"embed-controller-wrapper\">\n<blockquote class=\"twitter-tweet\" data-width=\"500\" data-dnt=\"true\">\n<p lang=\"en\" dir=\"ltr\">Breaking News!\ud83c\udf10<\/p>\n<p>The second round of Top riders who will be participating in the UAE Tour confirmed\ud83c\udf89<\/p>\n<p>Who are you excited to see? \ud83d\udc40 <a href=\"https:\/\/t.co\/8vMaSHEqlQ\">pic.twitter.com\/8vMaSHEqlQ<\/a><\/p>\n<p>&mdash; UAE Tour Official (@uae_tour) <a href=\"https:\/\/twitter.com\/uae_tour\/status\/1493890196504555523?ref_src=twsrc%5Etfw\">February 16, 2022<\/a><\/p><\/blockquote>\n<p><script async data-src=\"https:\/\/platform.twitter.com\/widgets.js\" charset=\"utf-8\"><\/script><\/div>\n<p>Szyki UAE Team Emirates b\u0119dzie chcia\u0142o pokrzy\u017cowa\u0107 19 ekip, ale Pogacar i sp\u00f3\u0142ka zrobi\u0105 wszystko, by zwyci\u0119\u017cy\u0107, poniewa\u017c bardzo powa\u017cnie i presti\u017cowo traktuj\u0105 \u015bciganie si\u0119 w Zjednoczonych Emiratach Arabskich.<\/p>\n<p>\u2013 Nie jest tajemnic\u0105, \u017ce dla nas ten wy\u015bcig jest jednym z najwa\u017cniejszych w tym roku. Cel mamy jasny: spr\u00f3bowa\u0107 obroni\u0107 zesz\u0142oroczny tytu\u0142. Wiemy, \u017ce podczas zawod\u00f3w wszystkie oczy b\u0119d\u0119 zwr\u00f3cone na nas, ale potraktujemy to jako dodatkow\u0105 motywacj\u0119 \u2013 zapewnia Joxean Matxin Fernandez, mened\u017cer UAE Team Emirates.<\/p>\n<h2><strong>Sporo dla sprinter\u00f3w, rozstrzygni\u0119cia w g\u00f3rach<\/strong><\/h2>\n<p>\u015aciganie rozpoczyna si\u0119 w niedziel\u0119. Pierwsze dwa etapy powinny nale\u017ce\u0107 do sprinter\u00f3w, a trzeci to jazda indywidualna na czas. Czwartego dnia wi\u0119cej do powiedzenia b\u0119d\u0105 mieli zawodnicy specjalizuj\u0105cy si\u0119 w podjazdach. Dwa kolejne etapy raczej nie powinny przynie\u015b\u0107 sensacji. Zwyci\u0119zc\u0119 wy\u0142oni sobotnie \u015bciganie \u2013 met\u0119 usytuowano na podje\u017adzie do Jebel Hafeet.<\/p>\n<p>Ca\u0142a trasa UAE Tour wygl\u0105da tak:<\/p>\n<div class=\"embed-controller-wrapper\">\n<blockquote class=\"twitter-tweet\" data-width=\"500\" data-dnt=\"true\">\n<p lang=\"und\" dir=\"ltr\">The <a href=\"https:\/\/twitter.com\/hashtag\/uaetour?src=hash&amp;ref_src=twsrc%5Etfw\">#uaetour<\/a> 2022 route (20-26\/02)<\/p>\n<p>1 Madina Zayed&gt;Madina Zayed, 185 km<br \/>2 Hudayriyat Island&gt;Abu Dhabi Breakwater, 187 km<br \/>3 Ajman, 9 km \u231a ind.<br \/>4 Fujairah&gt;Jebel Jais, 169 km<br \/>5 Ras al Khaimah&gt;Ile de Marjan, 197 km<br \/>6 Expo 2020 Duba\u00ef, 186 km<br \/>7 Al A\u00efn&gt;Jebel Hafeet, 148 km <a href=\"https:\/\/t.co\/iHVGRm45bg\">pic.twitter.com\/iHVGRm45bg<\/a><\/p>\n<p>&mdash; Cycling_360 (@cycling_360) <a href=\"https:\/\/twitter.com\/cycling_360\/status\/1483672725608706048?ref_src=twsrc%5Etfw\">January 19, 2022<\/a><\/p><\/blockquote>\n<p><script async data-src=\"https:\/\/platform.twitter.com\/widgets.js\" charset=\"utf-8\"><\/script><\/div>\n<p>Przypomnijmy: start wy\u015bcigu w najbli\u017csz\u0105 niedziel\u0119, zako\u0144czenie w sobot\u0119 26 lutego. Tego samego dnia rozegrany zostanie kolejny wy\u015bcig z cyklu UCI World Tour \u2013 jednodniowy Omloop Het Nieuwsblad.<\/p>\n<p><a href=\"https:\/\/sklep.skoda.pl\/pl\/sklep\/b\/331\/rowery-i-akcesoria-rowery.html\"><span data-sheets-value=\"{&quot;1&quot;:2,&quot;2&quot;:&quot;Artyku\u0142 powsta\u0142 we wsp\u00f3\u0142pracy ze skoda-auto.pl&quot;}\" data-sheets-userformat=\"{&quot;2&quot;:1,&quot;3&quot;:{&quot;1&quot;:0}}\" data-sheets-hyperlink=\"http:\/\/www.skoda-auto.pl\/\"><a class=\"in-cell-link\" href=\"http:\/\/www.skoda-auto.pl\/\" target=\"_blank\" rel=\"noopener noreferrer\">Artyku\u0142 powsta\u0142 we wsp\u00f3\u0142pracy ze skoda-auto.pl<\/a><\/span><\/a><\/p>\n<p><a href=\"https:\/\/sklep.skoda.pl\/pl\/sklep\/b\/331\/rowery-i-akcesoria-rowery.html\"><img loading=\"lazy\" decoding=\"async\" class=\"aligncenter wp-image-9608 size-full loading\" src=\"https:\/\/d2p6e6u75xmxt8.cloudfront.net\/5\/2019\/08\/baner_WLC_640x350_3.png\" sizes=\"auto, (max-width: 640px) 100vw, 640px\" srcset=\"https:\/\/d2p6e6u75xmxt8.cloudfront.net\/5\/2019\/08\/baner_WLC_640x350_3.png 640w, https:\/\/d2p6e6u75xmxt8.cloudfront.net\/5\/2019\/08\/baner_WLC_640x350_3-300x164.png 300w\" alt=\"\" width=\"640\" height=\"350\" data-was-processed=\"true\" \/><\/a><\/p>\n","protected":false},"excerpt":{"rendered":"<p>Ponad cztery miesi\u0105ce oczekiwania i w ko\u0144cu wracaj\u0105. W niedziel\u0119 rozpoczynaj\u0105 si\u0119 pierwsze zawody z cyklu UCI World Tour 2022 [&hellip;]<\/p>\n","protected":false},"author":153,"featured_media":12688,"comment_status":"open","ping_status":"open","sticky":false,"template":"","format":"standard","meta":{"footnotes":""},"categories":[6],"tags":[362],"global-categories":[303],"class_list":["post-12683","post","type-post","status-publish","format-standard","has-post-thumbnail","hentry","category-kolarstwo-szosowe","tag-piotr-nowik","global-categories-cycling"],"yoast_head":"<!-- This site is optimized with the Yoast SEO Premium plugin v25.3 (Yoast SEO v25.9) - https:\/\/yoast.com\/wordpress\/plugins\/seo\/ -->\n<title>Nareszcie! Czas na jedyny taki wy\u015bcig w roku - \u0160koda We Love Cycling - Poland<\/title>\n<meta name=\"robots\" content=\"index, follow, max-snippet:-1, max-image-preview:large, max-video-preview:-1\" \/>\n<link rel=\"canonical\" href=\"https:\/\/www.welovecycling.com\/pl\/2022\/02\/18\/nareszcie-czas-na-jedyny-taki-wyscig-w-roku\/\" \/>\n<meta property=\"og:locale\" content=\"pl_PL\" \/>\n<meta property=\"og:type\" content=\"article\" \/>\n<meta property=\"og:title\" content=\"Nareszcie! Czas na jedyny taki wy\u015bcig w roku\" \/>\n<meta property=\"og:description\" content=\"Ponad cztery miesi\u0105ce oczekiwania i w ko\u0144cu wracaj\u0105. W niedziel\u0119 rozpoczynaj\u0105 si\u0119 pierwsze zawody z cyklu UCI World Tour 2022 [&hellip;]\" \/>\n<meta property=\"og:url\" content=\"https:\/\/www.welovecycling.com\/pl\/2022\/02\/18\/nareszcie-czas-na-jedyny-taki-wyscig-w-roku\/\" \/>\n<meta property=\"og:site_name\" content=\"\u0160koda We Love Cycling - Poland\" \/>\n<meta property=\"article:published_time\" content=\"2022-02-18T11:12:49+00:00\" \/>\n<meta property=\"article:modified_time\" content=\"2022-05-17T09:41:21+00:00\" \/>\n<meta property=\"og:image\" content=\"https:\/\/d2p6e6u75xmxt8.cloudfront.net\/5\/2022\/02\/shutterstock_635675588.jpg\" \/>\n\t<meta property=\"og:image:width\" content=\"1000\" \/>\n\t<meta property=\"og:image:height\" content=\"474\" \/>\n\t<meta property=\"og:image:type\" content=\"image\/jpeg\" \/>\n<meta name=\"author\" content=\"rafal\" \/>\n<meta name=\"twitter:card\" content=\"summary_large_image\" \/>\n<meta name=\"twitter:label1\" content=\"Written by\" \/>\n\t<meta name=\"twitter:data1\" content=\"Piotr Nowik\" \/>\n\t<meta name=\"twitter:label2\" content=\"Est. reading time\" \/>\n\t<meta name=\"twitter:data2\" content=\"3 minutes\" \/>\n<script type=\"application\/ld+json\" class=\"yoast-schema-graph\">{\"@context\":\"https:\/\/schema.org\",\"@graph\":[{\"@type\":\"WebPage\",\"@id\":\"https:\/\/www.welovecycling.com\/pl\/2022\/02\/18\/nareszcie-czas-na-jedyny-taki-wyscig-w-roku\/\",\"url\":\"https:\/\/www.welovecycling.com\/pl\/2022\/02\/18\/nareszcie-czas-na-jedyny-taki-wyscig-w-roku\/\",\"name\":\"Nareszcie! Czas na jedyny taki wy\u015bcig w roku - \u0160koda We Love Cycling - Poland\",\"isPartOf\":{\"@id\":\"https:\/\/www.welovecycling.com\/pl\/#website\"},\"primaryImageOfPage\":{\"@id\":\"https:\/\/www.welovecycling.com\/pl\/2022\/02\/18\/nareszcie-czas-na-jedyny-taki-wyscig-w-roku\/#primaryimage\"},\"image\":{\"@id\":\"https:\/\/www.welovecycling.com\/pl\/2022\/02\/18\/nareszcie-czas-na-jedyny-taki-wyscig-w-roku\/#primaryimage\"},\"thumbnailUrl\":\"https:\/\/d2p6e6u75xmxt8.cloudfront.net\/5\/2022\/02\/shutterstock_635675588.jpg\",\"datePublished\":\"2022-02-18T11:12:49+00:00\",\"dateModified\":\"2022-05-17T09:41:21+00:00\",\"author\":{\"@id\":\"https:\/\/www.welovecycling.com\/pl\/#\/schema\/person\/bf06ed916a1ef16618807fb60d2ebe42\"},\"breadcrumb\":{\"@id\":\"https:\/\/www.welovecycling.com\/pl\/2022\/02\/18\/nareszcie-czas-na-jedyny-taki-wyscig-w-roku\/#breadcrumb\"},\"inLanguage\":\"pl-PL\",\"potentialAction\":[{\"@type\":\"ReadAction\",\"target\":[\"https:\/\/www.welovecycling.com\/pl\/2022\/02\/18\/nareszcie-czas-na-jedyny-taki-wyscig-w-roku\/\"]}]},{\"@type\":\"ImageObject\",\"inLanguage\":\"pl-PL\",\"@id\":\"https:\/\/www.welovecycling.com\/pl\/2022\/02\/18\/nareszcie-czas-na-jedyny-taki-wyscig-w-roku\/#primaryimage\",\"url\":\"https:\/\/d2p6e6u75xmxt8.cloudfront.net\/5\/2022\/02\/shutterstock_635675588.jpg\",\"contentUrl\":\"https:\/\/d2p6e6u75xmxt8.cloudfront.net\/5\/2022\/02\/shutterstock_635675588.jpg\",\"width\":1000,\"height\":474},{\"@type\":\"BreadcrumbList\",\"@id\":\"https:\/\/www.welovecycling.com\/pl\/2022\/02\/18\/nareszcie-czas-na-jedyny-taki-wyscig-w-roku\/#breadcrumb\",\"itemListElement\":[{\"@type\":\"ListItem\",\"position\":1,\"name\":\"Home\",\"item\":\"https:\/\/www.welovecycling.com\/pl\/\"},{\"@type\":\"ListItem\",\"position\":2,\"name\":\"Nareszcie! Czas na jedyny taki wy\u015bcig w roku\"}]},{\"@type\":\"WebSite\",\"@id\":\"https:\/\/www.welovecycling.com\/pl\/#website\",\"url\":\"https:\/\/www.welovecycling.com\/pl\/\",\"name\":\"\u0160koda We Love Cycling - Poland\",\"description\":\"\",\"potentialAction\":[{\"@type\":\"SearchAction\",\"target\":{\"@type\":\"EntryPoint\",\"urlTemplate\":\"https:\/\/www.welovecycling.com\/pl\/?s={search_term_string}\"},\"query-input\":{\"@type\":\"PropertyValueSpecification\",\"valueRequired\":true,\"valueName\":\"search_term_string\"}}],\"inLanguage\":\"pl-PL\"},{\"@type\":\"Person\",\"@id\":\"https:\/\/www.welovecycling.com\/pl\/#\/schema\/person\/bf06ed916a1ef16618807fb60d2ebe42\",\"name\":\"rafal\",\"image\":{\"@type\":\"ImageObject\",\"inLanguage\":\"pl-PL\",\"@id\":\"https:\/\/www.welovecycling.com\/pl\/#\/schema\/person\/image\/\",\"url\":\"https:\/\/secure.gravatar.com\/avatar\/203f240e63bee214f6f3a0dacbeb600c7829c09716c2b9ee3230c6961debcde2?s=96&d=mm&r=g\",\"contentUrl\":\"https:\/\/secure.gravatar.com\/avatar\/203f240e63bee214f6f3a0dacbeb600c7829c09716c2b9ee3230c6961debcde2?s=96&d=mm&r=g\",\"caption\":\"rafal\"},\"url\":\"https:\/\/www.welovecycling.com\/pl\/author\/rafal\/\"}]}<\/script>\n<!-- \/ Yoast SEO Premium plugin. -->","yoast_head_json":{"title":"Nareszcie! Czas na jedyny taki wy\u015bcig w roku - \u0160koda We Love Cycling - Poland","robots":{"index":"index","follow":"follow","max-snippet":"max-snippet:-1","max-image-preview":"max-image-preview:large","max-video-preview":"max-video-preview:-1"},"canonical":"https:\/\/www.welovecycling.com\/pl\/2022\/02\/18\/nareszcie-czas-na-jedyny-taki-wyscig-w-roku\/","og_locale":"pl_PL","og_type":"article","og_title":"Nareszcie! Czas na jedyny taki wy\u015bcig w roku","og_description":"Ponad cztery miesi\u0105ce oczekiwania i w ko\u0144cu wracaj\u0105. W niedziel\u0119 rozpoczynaj\u0105 si\u0119 pierwsze zawody z cyklu UCI World Tour 2022 [&hellip;]","og_url":"https:\/\/www.welovecycling.com\/pl\/2022\/02\/18\/nareszcie-czas-na-jedyny-taki-wyscig-w-roku\/","og_site_name":"\u0160koda We Love Cycling - Poland","article_published_time":"2022-02-18T11:12:49+00:00","article_modified_time":"2022-05-17T09:41:21+00:00","og_image":[{"width":1000,"height":474,"url":"https:\/\/d2p6e6u75xmxt8.cloudfront.net\/5\/2022\/02\/shutterstock_635675588.jpg","type":"image\/jpeg"}],"author":"rafal","twitter_card":"summary_large_image","twitter_misc":{"Written by":"Piotr Nowik","Est. reading time":"3 minutes"},"schema":{"@context":"https:\/\/schema.org","@graph":[{"@type":"WebPage","@id":"https:\/\/www.welovecycling.com\/pl\/2022\/02\/18\/nareszcie-czas-na-jedyny-taki-wyscig-w-roku\/","url":"https:\/\/www.welovecycling.com\/pl\/2022\/02\/18\/nareszcie-czas-na-jedyny-taki-wyscig-w-roku\/","name":"Nareszcie! Czas na jedyny taki wy\u015bcig w roku - \u0160koda We Love Cycling - Poland","isPartOf":{"@id":"https:\/\/www.welovecycling.com\/pl\/#website"},"primaryImageOfPage":{"@id":"https:\/\/www.welovecycling.com\/pl\/2022\/02\/18\/nareszcie-czas-na-jedyny-taki-wyscig-w-roku\/#primaryimage"},"image":{"@id":"https:\/\/www.welovecycling.com\/pl\/2022\/02\/18\/nareszcie-czas-na-jedyny-taki-wyscig-w-roku\/#primaryimage"},"thumbnailUrl":"https:\/\/d2p6e6u75xmxt8.cloudfront.net\/5\/2022\/02\/shutterstock_635675588.jpg","datePublished":"2022-02-18T11:12:49+00:00","dateModified":"2022-05-17T09:41:21+00:00","author":{"@id":"https:\/\/www.welovecycling.com\/pl\/#\/schema\/person\/bf06ed916a1ef16618807fb60d2ebe42"},"breadcrumb":{"@id":"https:\/\/www.welovecycling.com\/pl\/2022\/02\/18\/nareszcie-czas-na-jedyny-taki-wyscig-w-roku\/#breadcrumb"},"inLanguage":"pl-PL","potentialAction":[{"@type":"ReadAction","target":["https:\/\/www.welovecycling.com\/pl\/2022\/02\/18\/nareszcie-czas-na-jedyny-taki-wyscig-w-roku\/"]}]},{"@type":"ImageObject","inLanguage":"pl-PL","@id":"https:\/\/www.welovecycling.com\/pl\/2022\/02\/18\/nareszcie-czas-na-jedyny-taki-wyscig-w-roku\/#primaryimage","url":"https:\/\/d2p6e6u75xmxt8.cloudfront.net\/5\/2022\/02\/shutterstock_635675588.jpg","contentUrl":"https:\/\/d2p6e6u75xmxt8.cloudfront.net\/5\/2022\/02\/shutterstock_635675588.jpg","width":1000,"height":474},{"@type":"BreadcrumbList","@id":"https:\/\/www.welovecycling.com\/pl\/2022\/02\/18\/nareszcie-czas-na-jedyny-taki-wyscig-w-roku\/#breadcrumb","itemListElement":[{"@type":"ListItem","position":1,"name":"Home","item":"https:\/\/www.welovecycling.com\/pl\/"},{"@type":"ListItem","position":2,"name":"Nareszcie! Czas na jedyny taki wy\u015bcig w roku"}]},{"@type":"WebSite","@id":"https:\/\/www.welovecycling.com\/pl\/#website","url":"https:\/\/www.welovecycling.com\/pl\/","name":"\u0160koda We Love Cycling - Poland","description":"","potentialAction":[{"@type":"SearchAction","target":{"@type":"EntryPoint","urlTemplate":"https:\/\/www.welovecycling.com\/pl\/?s={search_term_string}"},"query-input":{"@type":"PropertyValueSpecification","valueRequired":true,"valueName":"search_term_string"}}],"inLanguage":"pl-PL"},{"@type":"Person","@id":"https:\/\/www.welovecycling.com\/pl\/#\/schema\/person\/bf06ed916a1ef16618807fb60d2ebe42","name":"rafal","image":{"@type":"ImageObject","inLanguage":"pl-PL","@id":"https:\/\/www.welovecycling.com\/pl\/#\/schema\/person\/image\/","url":"https:\/\/secure.gravatar.com\/avatar\/203f240e63bee214f6f3a0dacbeb600c7829c09716c2b9ee3230c6961debcde2?s=96&d=mm&r=g","contentUrl":"https:\/\/secure.gravatar.com\/avatar\/203f240e63bee214f6f3a0dacbeb600c7829c09716c2b9ee3230c6961debcde2?s=96&d=mm&r=g","caption":"rafal"},"url":"https:\/\/www.welovecycling.com\/pl\/author\/rafal\/"}]}},"_links":{"self":[{"href":"https:\/\/www.welovecycling.com\/pl\/wp-json\/wp\/v2\/posts\/12683","targetHints":{"allow":["GET"]}}],"collection":[{"href":"https:\/\/www.welovecycling.com\/pl\/wp-json\/wp\/v2\/posts"}],"about":[{"href":"https:\/\/www.welovecycling.com\/pl\/wp-json\/wp\/v2\/types\/post"}],"author":[{"embeddable":true,"href":"https:\/\/www.welovecycling.com\/pl\/wp-json\/wp\/v2\/users\/153"}],"replies":[{"embeddable":true,"href":"https:\/\/www.welovecycling.com\/pl\/wp-json\/wp\/v2\/comments?post=12683"}],"version-history":[{"count":1,"href":"https:\/\/www.welovecycling.com\/pl\/wp-json\/wp\/v2\/posts\/12683\/revisions"}],"predecessor-version":[{"id":12689,"href":"https:\/\/www.welovecycling.com\/pl\/wp-json\/wp\/v2\/posts\/12683\/revisions\/12689"}],"wp:featuredmedia":[{"embeddable":true,"href":"https:\/\/www.welovecycling.com\/pl\/wp-json\/wp\/v2\/media\/12688"}],"wp:attachment":[{"href":"https:\/\/www.welovecycling.com\/pl\/wp-json\/wp\/v2\/media?parent=12683"}],"wp:term":[{"taxonomy":"category","embeddable":true,"href":"https:\/\/www.welovecycling.com\/pl\/wp-json\/wp\/v2\/categories?post=12683"},{"taxonomy":"post_tag","embeddable":true,"href":"https:\/\/www.welovecycling.com\/pl\/wp-json\/wp\/v2\/tags?post=12683"},{"taxonomy":"global-categories","embeddable":true,"href":"https:\/\/www.welovecycling.com\/pl\/wp-json\/wp\/v2\/global-categories?post=12683"}],"curies":[{"name":"wp","href":"https:\/\/api.w.org\/{rel}","templated":true}]}}