{"id":12643,"date":"2022-02-04T13:30:00","date_gmt":"2022-02-04T13:30:00","guid":{"rendered":"https:\/\/www.welovecycling.com\/pl\/?p=12643"},"modified":"2023-07-19T07:37:50","modified_gmt":"2023-07-19T07:37:50","slug":"szalenstwo-na-punkcie-tour-de-france-za-pakiety-vip-placa-grube-sumy","status":"publish","type":"post","link":"https:\/\/www.welovecycling.com\/pl\/2022\/02\/04\/szalenstwo-na-punkcie-tour-de-france-za-pakiety-vip-placa-grube-sumy\/","title":{"rendered":"Szale\u0144stwo na punkcie Tour de France! Za pakiety VIP p\u0142ac\u0105 grube sumy"},"content":{"rendered":"<p><strong>VIP-owskie wej\u015bci\u00f3wki rozesz\u0142y si\u0119 jak \u015bwie\u017ce bu\u0142eczki, trofeum je\u017adzi po miastach i miasteczkach, a w ca\u0142ym kraju trwa wielkie odliczanie. Niespe\u0142na p\u00f3\u0142 roku przed Tour de France ca\u0142a Dania \u017cyje uroczystym rozpocz\u0119ciem wy\u015bcigu, kt\u00f3re odb\u0119dzie si\u0119 w Kopenhadze.<\/strong><\/p>\n<p>\u2013 Jestem pod wra\u017ceniem tego, co tu zobaczyli\u015bmy \u2013 przyzna\u0142 Christian Prudhomme, dyrektor Tour de France, podczas niedawnej wizyty w Danii.<\/p>\n<h2><strong>Tu czu\u0107 pasj\u0119 do rower\u00f3w <\/strong><\/h2>\n<p>Du\u0144czycy musieli by\u0107 szczeg\u00f3lnie cierpliwi. Grand Depart w ich kraju mia\u0142 si\u0119 odby\u0107 ju\u017c w 2020 r., ale plany pokrzy\u017cowa\u0142a pandemia. Nikomu przez my\u015bl jednak nie przesz\u0142o, by z tego powodu odbiera\u0107 Skandynawom rado\u015b\u0107 z goszczenia najlepszych kolarzy \u015bwiata, tylko imprez\u0119 przeniesiono o dwa lata. I dzi\u015b nikt tego nie \u017ca\u0142uje.<\/p>\n<p>\u2013 Jeste\u015bmy bardzo szcz\u0119\u015bliwi, \u017ce si\u0119 tu znale\u017ali\u015bmy. Zostali\u015bmy uhonorowani przemow\u0105 kr\u00f3lowej, a dla nas to co\u015b niesamowitego. Podczas wizyty w Danii poczuli\u015bmy pasj\u0119 mieszka\u0144c\u00f3w do rower\u00f3w oraz do Tour de France, cho\u0107 ju\u017c wcze\u015bniej o niej wiedzieli\u015bmy. Jeste\u015bmy pod wra\u017ceniem tego, co zobaczyli\u015bmy, oraz tego, czego mo\u017cemy si\u0119 spodziewa\u0107 podczas Grand Depart. To b\u0119dzie pi\u0119kne otwarcie Tour de France 2022 \u2013 uwa\u017ca Prudhomme.<\/p>\n<div class=\"embed-controller-wrapper\">\n<blockquote class=\"twitter-tweet\" data-width=\"500\" data-dnt=\"true\">\n<p lang=\"en\" dir=\"ltr\">When in Copenhagen\u2026 \ud83c\udde9\ud83c\uddf0<\/p>\n<p>Christian Prudhomme is capturing the moment \ud83d\udcf8<a href=\"https:\/\/twitter.com\/hashtag\/letourdk?src=hash&amp;ref_src=twsrc%5Etfw\">#letourdk<\/a> <a href=\"https:\/\/twitter.com\/LeTour?ref_src=twsrc%5Etfw\">@LeTour<\/a> <a href=\"https:\/\/t.co\/ZkErBCl1cH\">pic.twitter.com\/ZkErBCl1cH<\/a><\/p>\n<p>&mdash; Grand D\u00e9part 2022 \ud83c\udde9\ud83c\uddf0 (@letourdk) <a href=\"https:\/\/twitter.com\/letourdk\/status\/1484093365377552389?ref_src=twsrc%5Etfw\">January 20, 2022<\/a><\/p><\/blockquote>\n<p><script async data-src=\"https:\/\/platform.twitter.com\/widgets.js\" charset=\"utf-8\"><\/script><\/div>\n<h2><strong>Zapowiada si\u0119 szale\u0144stwo<\/strong><\/h2>\n<p>Najwi\u0119ksze wra\u017cenie robi zaanga\u017cowanie kibic\u00f3w. Przyk\u0142ady? Grupa zapale\u0144c\u00f3w podr\u00f3\u017cuje rowerami po kraju z trofeum i odwiedza kolejne miasta oraz miasteczka.<\/p>\n<div class=\"embed-controller-wrapper\">\n<blockquote class=\"twitter-tweet\" data-width=\"500\" data-dnt=\"true\">\n<p lang=\"en\" dir=\"ltr\">The Grand D\u00e9part-trophy continued its journey across Denmark today! <br \/>From Nyborg to Roskilde \ud83d\udeb4<a href=\"https:\/\/twitter.com\/hashtag\/letourdk?src=hash&amp;ref_src=twsrc%5Etfw\">#letourdk<\/a> <a href=\"https:\/\/t.co\/JdcTCihTCV\">pic.twitter.com\/JdcTCihTCV<\/a><\/p>\n<p>&mdash; Grand D\u00e9part 2022 \ud83c\udde9\ud83c\uddf0 (@letourdk) <a href=\"https:\/\/twitter.com\/letourdk\/status\/1485670768415490053?ref_src=twsrc%5Etfw\">January 24, 2022<\/a><\/p><\/blockquote>\n<p><script async data-src=\"https:\/\/platform.twitter.com\/widgets.js\" charset=\"utf-8\"><\/script><\/div>\n<p>Z kolei jedna z firm organizuj\u0105cych specjalne wycieczki dla fan\u00f3w kolarstwa ju\u017c od tygodni czerwonym kolorem na stronie internetowej informuje, \u017ce wszystkie specjalne pakiety na poszczeg\u00f3lne dni Grand Depart zosta\u0142y wyprzedane. Ch\u0119tnych nie zniech\u0119ci\u0142y ceny si\u0119gaj\u0105ce 3 tys. z\u0142 za jeden dzie\u0144.<\/p>\n<p>Zreszt\u0105 im bli\u017cej Grand Depart, tym barwy Tour de France s\u0105 bardziej widoczne na ulicach Danii. Organizatorzy przygotowali do drukowania specjalne zestawy gad\u017cet\u00f3w w kolorach wy\u015bcigu, kt\u00f3rymi udekorowany b\u0119dzie ca\u0142y kraj. W\u015br\u00f3d nich s\u0105 plakaty, zawieszki na drzwi, okleiny do okien, odznaki czy poczt\u00f3wki. \u201eWsp\u00f3lnie uczcijmy to kolarskie \u015bwi\u0119to\u201d \u2013 zach\u0119caj\u0105 organizatorzy.<\/p>\n<div class=\"embed-controller-wrapper\">\n<blockquote class=\"twitter-tweet\" data-width=\"500\" data-dnt=\"true\">\n<p lang=\"da\" dir=\"ltr\">V\u00e6r med at skabe Tour-stemning til sommer! \ud83c\udde9\ud83c\uddf0\ud83d\udeb4<a href=\"https:\/\/twitter.com\/koebenhavner?ref_src=twsrc%5Etfw\">@koebenhavner<\/a> og <a href=\"https:\/\/twitter.com\/amaurysport?ref_src=twsrc%5Etfw\">@amaurysport<\/a> har netop lanceret et gratis city dressing toolkit til alle, der vil bidrage til sommerens store Tour-fester i hele landet.<\/p>\n<p>Find det her: <a href=\"https:\/\/t.co\/WcIBMdRXup\">https:\/\/t.co\/WcIBMdRXup<\/a><a href=\"https:\/\/twitter.com\/hashtag\/letourdk?src=hash&amp;ref_src=twsrc%5Etfw\">#letourdk<\/a> <a href=\"https:\/\/t.co\/0uqvitufXM\">pic.twitter.com\/0uqvitufXM<\/a><\/p>\n<p>&mdash; Grand D\u00e9part 2022 \ud83c\udde9\ud83c\uddf0 (@letourdk) <a href=\"https:\/\/twitter.com\/letourdk\/status\/1483160443845709826?ref_src=twsrc%5Etfw\">January 17, 2022<\/a><\/p><\/blockquote>\n<p><script async data-src=\"https:\/\/platform.twitter.com\/widgets.js\" charset=\"utf-8\"><\/script><\/div>\n<h2><strong>Wielkie rowerowe inwestycje<\/strong><\/h2>\n<p>Du\u0144ski rz\u0105d zdecydowa\u0142, \u017ce z okazji goszczenia Tour de France uzna rok 2022 \u201eRokiem Roweru\u201d w ca\u0142ym pa\u0144stwie. Nie b\u0119dzie to jednak tylko has\u0142o, ale p\u00f3jd\u0105 za nim konkretne dzia\u0142ania \u2013 w planach Du\u0144czyk\u00f3w jest przeznaczenie 458 milion\u00f3w dolar\u00f3w na infrastruktur\u0119 rowerow\u0105, z czego 64 miliony dolar\u00f3w zostan\u0105 wykorzystane w\u0142a\u015bnie w 2022 roku na budow\u0119 \u015bcie\u017cek rowerowych w ca\u0142ym kraju.<\/p>\n<p>\u2013 Dania kocha rowery. To imponuj\u0105ce, \u017ce a\u017c 60 proc. mieszka\u0144c\u00f3w ogl\u0105da Wielk\u0105 P\u0119tl\u0119 w telewizji, podczas gdy nawet we Francji jest to 40 proc. R\u00f3wnie niesamowite jest to, jak Du\u0144czycy na co dzie\u0144 przemieszczaj\u0105 si\u0119 rowerami. To wszystko si\u0119 ze sob\u0105 \u0142\u0105czy. W sporcie liczy si\u0119 nie tylko mistrzostwo, ale r\u00f3wnie\u017c jego codzienne uprawianie \u2013 podkre\u015bla Prudhomme.<\/p>\n<div class=\"embed-controller-wrapper\">\n<blockquote class=\"twitter-tweet\" data-width=\"500\" data-dnt=\"true\">\n<p lang=\"en\" dir=\"ltr\">Today the <a href=\"https:\/\/twitter.com\/LeTour?ref_src=twsrc%5Etfw\">@LeTour<\/a> 2022 was presented to the whole world. With three Danish stages to kick-off the race the presentation had a special focus on Denmark and the Danish passion for cycling. Read more on our website \ud83d\udc49 <a href=\"https:\/\/t.co\/tmxGx3zx8f\">https:\/\/t.co\/tmxGx3zx8f<\/a> <a href=\"https:\/\/t.co\/4KZNWIwPBk\">pic.twitter.com\/4KZNWIwPBk<\/a><\/p>\n<p>&mdash; Grand D\u00e9part 2022 \ud83c\udde9\ud83c\uddf0 (@letourdk) <a href=\"https:\/\/twitter.com\/letourdk\/status\/1448623341867261957?ref_src=twsrc%5Etfw\">October 14, 2021<\/a><\/p><\/blockquote>\n<p><script async data-src=\"https:\/\/platform.twitter.com\/widgets.js\" charset=\"utf-8\"><\/script><\/div>\n<p>Tour de France w Danii b\u0119dzie go\u015bci\u0142 w dniach 1\u20133 lipca 2022 r.<\/p>\n<p><span data-sheets-value=\"{&quot;1&quot;:2,&quot;2&quot;:&quot;Artyku\u0142 powsta\u0142 we wsp\u00f3\u0142pracy ze skoda-auto.pl&quot;}\" data-sheets-userformat=\"{&quot;2&quot;:1,&quot;3&quot;:{&quot;1&quot;:0}}\" data-sheets-hyperlink=\"http:\/\/www.skoda-auto.pl\/\"><a class=\"in-cell-link\" href=\"http:\/\/www.skoda-auto.pl\/\" target=\"_blank\" rel=\"noopener noreferrer\">Artyku\u0142 powsta\u0142 we wsp\u00f3\u0142pracy ze skoda-auto.pl<\/a><\/span><\/p>\n<p><a href=\"https:\/\/www.skoda-auto.pl\/modele\/superb\"><img loading=\"lazy\" decoding=\"async\" class=\"alignnone size-full wp-image-11628 aligncenter\" src=\"https:\/\/d2p6e6u75xmxt8.cloudfront.net\/5\/2021\/12\/640x350-2-1.jpg\" alt=\"\" width=\"640\" height=\"350\" srcset=\"https:\/\/d2p6e6u75xmxt8.cloudfront.net\/5\/2021\/12\/640x350-2-1.jpg 640w, https:\/\/d2p6e6u75xmxt8.cloudfront.net\/5\/2021\/12\/640x350-2-1-300x164.jpg 300w\" sizes=\"auto, (max-width: 640px) 100vw, 640px\" \/><\/a><\/p>\n","protected":false},"excerpt":{"rendered":"<p>VIP-owskie wej\u015bci\u00f3wki rozesz\u0142y si\u0119 jak \u015bwie\u017ce bu\u0142eczki, trofeum je\u017adzi po miastach i miasteczkach, a w ca\u0142ym kraju trwa wielkie odliczanie. [&hellip;]<\/p>\n","protected":false},"author":153,"featured_media":12650,"comment_status":"open","ping_status":"open","sticky":false,"template":"","format":"standard","meta":{"footnotes":""},"categories":[337],"tags":[176,362,77,366,146],"global-categories":[303],"class_list":["post-12643","post","type-post","status-publish","format-standard","has-post-thumbnail","hentry","category-tour-de-france","tag-kolarstwo","tag-piotr-nowik","tag-tour-de-france","tag-tour-de-france-2022","tag-wyscig","global-categories-cycling"],"yoast_head":"<!-- This site is optimized with the Yoast SEO Premium plugin v25.3 (Yoast SEO v25.9) - https:\/\/yoast.com\/wordpress\/plugins\/seo\/ -->\n<title>Szale\u0144stwo na punkcie Tour de France! Za pakiety VIP p\u0142ac\u0105 grube sumy - \u0160koda We Love Cycling - Poland<\/title>\n<meta name=\"robots\" content=\"index, follow, max-snippet:-1, max-image-preview:large, max-video-preview:-1\" \/>\n<link rel=\"canonical\" href=\"https:\/\/www.welovecycling.com\/pl\/2022\/02\/04\/szalenstwo-na-punkcie-tour-de-france-za-pakiety-vip-placa-grube-sumy\/\" \/>\n<meta property=\"og:locale\" content=\"pl_PL\" \/>\n<meta property=\"og:type\" content=\"article\" \/>\n<meta property=\"og:title\" content=\"Szale\u0144stwo na punkcie Tour de France! Za pakiety VIP p\u0142ac\u0105 grube sumy\" \/>\n<meta property=\"og:description\" content=\"VIP-owskie wej\u015bci\u00f3wki rozesz\u0142y si\u0119 jak \u015bwie\u017ce bu\u0142eczki, trofeum je\u017adzi po miastach i miasteczkach, a w ca\u0142ym kraju trwa wielkie odliczanie. [&hellip;]\" \/>\n<meta property=\"og:url\" content=\"https:\/\/www.welovecycling.com\/pl\/2022\/02\/04\/szalenstwo-na-punkcie-tour-de-france-za-pakiety-vip-placa-grube-sumy\/\" \/>\n<meta property=\"og:site_name\" content=\"\u0160koda We Love Cycling - Poland\" \/>\n<meta property=\"article:published_time\" content=\"2022-02-04T13:30:00+00:00\" \/>\n<meta property=\"article:modified_time\" content=\"2023-07-19T07:37:50+00:00\" \/>\n<meta property=\"og:image\" content=\"https:\/\/d2p6e6u75xmxt8.cloudfront.net\/5\/2022\/02\/Kielbin-1024x485-1.jpg\" \/>\n\t<meta property=\"og:image:width\" content=\"1024\" \/>\n\t<meta property=\"og:image:height\" content=\"485\" \/>\n\t<meta property=\"og:image:type\" content=\"image\/jpeg\" \/>\n<meta name=\"author\" content=\"rafal\" \/>\n<meta name=\"twitter:card\" content=\"summary_large_image\" \/>\n<meta name=\"twitter:label1\" content=\"Written by\" \/>\n\t<meta name=\"twitter:data1\" content=\"Piotr Nowik\" \/>\n\t<meta name=\"twitter:label2\" content=\"Est. reading time\" \/>\n\t<meta name=\"twitter:data2\" content=\"3 minutes\" \/>\n<script type=\"application\/ld+json\" class=\"yoast-schema-graph\">{\"@context\":\"https:\/\/schema.org\",\"@graph\":[{\"@type\":\"WebPage\",\"@id\":\"https:\/\/www.welovecycling.com\/pl\/2022\/02\/04\/szalenstwo-na-punkcie-tour-de-france-za-pakiety-vip-placa-grube-sumy\/\",\"url\":\"https:\/\/www.welovecycling.com\/pl\/2022\/02\/04\/szalenstwo-na-punkcie-tour-de-france-za-pakiety-vip-placa-grube-sumy\/\",\"name\":\"Szale\u0144stwo na punkcie Tour de France! Za pakiety VIP p\u0142ac\u0105 grube sumy - \u0160koda We Love Cycling - Poland\",\"isPartOf\":{\"@id\":\"https:\/\/www.welovecycling.com\/pl\/#website\"},\"primaryImageOfPage\":{\"@id\":\"https:\/\/www.welovecycling.com\/pl\/2022\/02\/04\/szalenstwo-na-punkcie-tour-de-france-za-pakiety-vip-placa-grube-sumy\/#primaryimage\"},\"image\":{\"@id\":\"https:\/\/www.welovecycling.com\/pl\/2022\/02\/04\/szalenstwo-na-punkcie-tour-de-france-za-pakiety-vip-placa-grube-sumy\/#primaryimage\"},\"thumbnailUrl\":\"https:\/\/d2p6e6u75xmxt8.cloudfront.net\/5\/2022\/02\/Kielbin-1024x485-1.jpg\",\"datePublished\":\"2022-02-04T13:30:00+00:00\",\"dateModified\":\"2023-07-19T07:37:50+00:00\",\"author\":{\"@id\":\"https:\/\/www.welovecycling.com\/pl\/#\/schema\/person\/bf06ed916a1ef16618807fb60d2ebe42\"},\"breadcrumb\":{\"@id\":\"https:\/\/www.welovecycling.com\/pl\/2022\/02\/04\/szalenstwo-na-punkcie-tour-de-france-za-pakiety-vip-placa-grube-sumy\/#breadcrumb\"},\"inLanguage\":\"pl-PL\",\"potentialAction\":[{\"@type\":\"ReadAction\",\"target\":[\"https:\/\/www.welovecycling.com\/pl\/2022\/02\/04\/szalenstwo-na-punkcie-tour-de-france-za-pakiety-vip-placa-grube-sumy\/\"]}]},{\"@type\":\"ImageObject\",\"inLanguage\":\"pl-PL\",\"@id\":\"https:\/\/www.welovecycling.com\/pl\/2022\/02\/04\/szalenstwo-na-punkcie-tour-de-france-za-pakiety-vip-placa-grube-sumy\/#primaryimage\",\"url\":\"https:\/\/d2p6e6u75xmxt8.cloudfront.net\/5\/2022\/02\/Kielbin-1024x485-1.jpg\",\"contentUrl\":\"https:\/\/d2p6e6u75xmxt8.cloudfront.net\/5\/2022\/02\/Kielbin-1024x485-1.jpg\",\"width\":1024,\"height\":485},{\"@type\":\"BreadcrumbList\",\"@id\":\"https:\/\/www.welovecycling.com\/pl\/2022\/02\/04\/szalenstwo-na-punkcie-tour-de-france-za-pakiety-vip-placa-grube-sumy\/#breadcrumb\",\"itemListElement\":[{\"@type\":\"ListItem\",\"position\":1,\"name\":\"Home\",\"item\":\"https:\/\/www.welovecycling.com\/pl\/\"},{\"@type\":\"ListItem\",\"position\":2,\"name\":\"Szale\u0144stwo na punkcie Tour de France! Za pakiety VIP p\u0142ac\u0105 grube sumy\"}]},{\"@type\":\"WebSite\",\"@id\":\"https:\/\/www.welovecycling.com\/pl\/#website\",\"url\":\"https:\/\/www.welovecycling.com\/pl\/\",\"name\":\"\u0160koda We Love Cycling - Poland\",\"description\":\"\",\"potentialAction\":[{\"@type\":\"SearchAction\",\"target\":{\"@type\":\"EntryPoint\",\"urlTemplate\":\"https:\/\/www.welovecycling.com\/pl\/?s={search_term_string}\"},\"query-input\":{\"@type\":\"PropertyValueSpecification\",\"valueRequired\":true,\"valueName\":\"search_term_string\"}}],\"inLanguage\":\"pl-PL\"},{\"@type\":\"Person\",\"@id\":\"https:\/\/www.welovecycling.com\/pl\/#\/schema\/person\/bf06ed916a1ef16618807fb60d2ebe42\",\"name\":\"rafal\",\"image\":{\"@type\":\"ImageObject\",\"inLanguage\":\"pl-PL\",\"@id\":\"https:\/\/www.welovecycling.com\/pl\/#\/schema\/person\/image\/\",\"url\":\"https:\/\/secure.gravatar.com\/avatar\/203f240e63bee214f6f3a0dacbeb600c7829c09716c2b9ee3230c6961debcde2?s=96&d=mm&r=g\",\"contentUrl\":\"https:\/\/secure.gravatar.com\/avatar\/203f240e63bee214f6f3a0dacbeb600c7829c09716c2b9ee3230c6961debcde2?s=96&d=mm&r=g\",\"caption\":\"rafal\"},\"url\":\"https:\/\/www.welovecycling.com\/pl\/author\/rafal\/\"}]}<\/script>\n<!-- \/ Yoast SEO Premium plugin. -->","yoast_head_json":{"title":"Szale\u0144stwo na punkcie Tour de France! Za pakiety VIP p\u0142ac\u0105 grube sumy - \u0160koda We Love Cycling - Poland","robots":{"index":"index","follow":"follow","max-snippet":"max-snippet:-1","max-image-preview":"max-image-preview:large","max-video-preview":"max-video-preview:-1"},"canonical":"https:\/\/www.welovecycling.com\/pl\/2022\/02\/04\/szalenstwo-na-punkcie-tour-de-france-za-pakiety-vip-placa-grube-sumy\/","og_locale":"pl_PL","og_type":"article","og_title":"Szale\u0144stwo na punkcie Tour de France! Za pakiety VIP p\u0142ac\u0105 grube sumy","og_description":"VIP-owskie wej\u015bci\u00f3wki rozesz\u0142y si\u0119 jak \u015bwie\u017ce bu\u0142eczki, trofeum je\u017adzi po miastach i miasteczkach, a w ca\u0142ym kraju trwa wielkie odliczanie. [&hellip;]","og_url":"https:\/\/www.welovecycling.com\/pl\/2022\/02\/04\/szalenstwo-na-punkcie-tour-de-france-za-pakiety-vip-placa-grube-sumy\/","og_site_name":"\u0160koda We Love Cycling - Poland","article_published_time":"2022-02-04T13:30:00+00:00","article_modified_time":"2023-07-19T07:37:50+00:00","og_image":[{"width":1024,"height":485,"url":"https:\/\/d2p6e6u75xmxt8.cloudfront.net\/5\/2022\/02\/Kielbin-1024x485-1.jpg","type":"image\/jpeg"}],"author":"rafal","twitter_card":"summary_large_image","twitter_misc":{"Written by":"Piotr Nowik","Est. reading time":"3 minutes"},"schema":{"@context":"https:\/\/schema.org","@graph":[{"@type":"WebPage","@id":"https:\/\/www.welovecycling.com\/pl\/2022\/02\/04\/szalenstwo-na-punkcie-tour-de-france-za-pakiety-vip-placa-grube-sumy\/","url":"https:\/\/www.welovecycling.com\/pl\/2022\/02\/04\/szalenstwo-na-punkcie-tour-de-france-za-pakiety-vip-placa-grube-sumy\/","name":"Szale\u0144stwo na punkcie Tour de France! Za pakiety VIP p\u0142ac\u0105 grube sumy - \u0160koda We Love Cycling - Poland","isPartOf":{"@id":"https:\/\/www.welovecycling.com\/pl\/#website"},"primaryImageOfPage":{"@id":"https:\/\/www.welovecycling.com\/pl\/2022\/02\/04\/szalenstwo-na-punkcie-tour-de-france-za-pakiety-vip-placa-grube-sumy\/#primaryimage"},"image":{"@id":"https:\/\/www.welovecycling.com\/pl\/2022\/02\/04\/szalenstwo-na-punkcie-tour-de-france-za-pakiety-vip-placa-grube-sumy\/#primaryimage"},"thumbnailUrl":"https:\/\/d2p6e6u75xmxt8.cloudfront.net\/5\/2022\/02\/Kielbin-1024x485-1.jpg","datePublished":"2022-02-04T13:30:00+00:00","dateModified":"2023-07-19T07:37:50+00:00","author":{"@id":"https:\/\/www.welovecycling.com\/pl\/#\/schema\/person\/bf06ed916a1ef16618807fb60d2ebe42"},"breadcrumb":{"@id":"https:\/\/www.welovecycling.com\/pl\/2022\/02\/04\/szalenstwo-na-punkcie-tour-de-france-za-pakiety-vip-placa-grube-sumy\/#breadcrumb"},"inLanguage":"pl-PL","potentialAction":[{"@type":"ReadAction","target":["https:\/\/www.welovecycling.com\/pl\/2022\/02\/04\/szalenstwo-na-punkcie-tour-de-france-za-pakiety-vip-placa-grube-sumy\/"]}]},{"@type":"ImageObject","inLanguage":"pl-PL","@id":"https:\/\/www.welovecycling.com\/pl\/2022\/02\/04\/szalenstwo-na-punkcie-tour-de-france-za-pakiety-vip-placa-grube-sumy\/#primaryimage","url":"https:\/\/d2p6e6u75xmxt8.cloudfront.net\/5\/2022\/02\/Kielbin-1024x485-1.jpg","contentUrl":"https:\/\/d2p6e6u75xmxt8.cloudfront.net\/5\/2022\/02\/Kielbin-1024x485-1.jpg","width":1024,"height":485},{"@type":"BreadcrumbList","@id":"https:\/\/www.welovecycling.com\/pl\/2022\/02\/04\/szalenstwo-na-punkcie-tour-de-france-za-pakiety-vip-placa-grube-sumy\/#breadcrumb","itemListElement":[{"@type":"ListItem","position":1,"name":"Home","item":"https:\/\/www.welovecycling.com\/pl\/"},{"@type":"ListItem","position":2,"name":"Szale\u0144stwo na punkcie Tour de France! Za pakiety VIP p\u0142ac\u0105 grube sumy"}]},{"@type":"WebSite","@id":"https:\/\/www.welovecycling.com\/pl\/#website","url":"https:\/\/www.welovecycling.com\/pl\/","name":"\u0160koda We Love Cycling - Poland","description":"","potentialAction":[{"@type":"SearchAction","target":{"@type":"EntryPoint","urlTemplate":"https:\/\/www.welovecycling.com\/pl\/?s={search_term_string}"},"query-input":{"@type":"PropertyValueSpecification","valueRequired":true,"valueName":"search_term_string"}}],"inLanguage":"pl-PL"},{"@type":"Person","@id":"https:\/\/www.welovecycling.com\/pl\/#\/schema\/person\/bf06ed916a1ef16618807fb60d2ebe42","name":"rafal","image":{"@type":"ImageObject","inLanguage":"pl-PL","@id":"https:\/\/www.welovecycling.com\/pl\/#\/schema\/person\/image\/","url":"https:\/\/secure.gravatar.com\/avatar\/203f240e63bee214f6f3a0dacbeb600c7829c09716c2b9ee3230c6961debcde2?s=96&d=mm&r=g","contentUrl":"https:\/\/secure.gravatar.com\/avatar\/203f240e63bee214f6f3a0dacbeb600c7829c09716c2b9ee3230c6961debcde2?s=96&d=mm&r=g","caption":"rafal"},"url":"https:\/\/www.welovecycling.com\/pl\/author\/rafal\/"}]}},"_links":{"self":[{"href":"https:\/\/www.welovecycling.com\/pl\/wp-json\/wp\/v2\/posts\/12643","targetHints":{"allow":["GET"]}}],"collection":[{"href":"https:\/\/www.welovecycling.com\/pl\/wp-json\/wp\/v2\/posts"}],"about":[{"href":"https:\/\/www.welovecycling.com\/pl\/wp-json\/wp\/v2\/types\/post"}],"author":[{"embeddable":true,"href":"https:\/\/www.welovecycling.com\/pl\/wp-json\/wp\/v2\/users\/153"}],"replies":[{"embeddable":true,"href":"https:\/\/www.welovecycling.com\/pl\/wp-json\/wp\/v2\/comments?post=12643"}],"version-history":[{"count":1,"href":"https:\/\/www.welovecycling.com\/pl\/wp-json\/wp\/v2\/posts\/12643\/revisions"}],"predecessor-version":[{"id":12649,"href":"https:\/\/www.welovecycling.com\/pl\/wp-json\/wp\/v2\/posts\/12643\/revisions\/12649"}],"wp:featuredmedia":[{"embeddable":true,"href":"https:\/\/www.welovecycling.com\/pl\/wp-json\/wp\/v2\/media\/12650"}],"wp:attachment":[{"href":"https:\/\/www.welovecycling.com\/pl\/wp-json\/wp\/v2\/media?parent=12643"}],"wp:term":[{"taxonomy":"category","embeddable":true,"href":"https:\/\/www.welovecycling.com\/pl\/wp-json\/wp\/v2\/categories?post=12643"},{"taxonomy":"post_tag","embeddable":true,"href":"https:\/\/www.welovecycling.com\/pl\/wp-json\/wp\/v2\/tags?post=12643"},{"taxonomy":"global-categories","embeddable":true,"href":"https:\/\/www.welovecycling.com\/pl\/wp-json\/wp\/v2\/global-categories?post=12643"}],"curies":[{"name":"wp","href":"https:\/\/api.w.org\/{rel}","templated":true}]}}