{"id":1263,"date":"2016-06-28T15:01:35","date_gmt":"2016-06-28T15:01:35","guid":{"rendered":"http:\/\/skoda-rowery.pl\/?p=1263"},"modified":"2016-12-05T08:50:44","modified_gmt":"2016-12-05T08:50:44","slug":"niezbednik-kolarza-8-najlepszych-akcesoriow-domowych","status":"publish","type":"post","link":"https:\/\/www.welovecycling.com\/pl\/2016\/06\/28\/niezbednik-kolarza-8-najlepszych-akcesoriow-domowych\/","title":{"rendered":"Niezb\u0119dnik kolarza: 8 najlepszych akcesori\u00f3w domowych"},"content":{"rendered":"<p style=\"text-align: justify\">Jak wygl\u0105da idealne wn\u0119trze dla kolarza? Mamy par\u0119 pomys\u0142\u00f3w! 8 nieprzecenionych pomys\u0142\u00f3w!<!--more--><\/p>\n<p style=\"text-align: justify\">Jedziesz \u2013 nie pij, wiadomo! Ale czy nie przyda\u0142by Ci si\u0119 elegancki stojak rowerowy na wino?<\/p>\n<p style=\"text-align: justify\"><img loading=\"lazy\" decoding=\"async\" class=\"alignnone size-full wp-image-1265\" src=\"http:\/\/skoda-rowery.pl\/wp-content\/uploads\/2016\/06\/Screen-Shot-2016-06-21-at-10.00.01.png\" alt=\"Screen-Shot-2016-06-21-at-10.00.01\" width=\"493\" height=\"312\" srcset=\"https:\/\/d2p6e6u75xmxt8.cloudfront.net\/5\/2016\/06\/Screen-Shot-2016-06-21-at-10.00.01.png 493w, https:\/\/d2p6e6u75xmxt8.cloudfront.net\/5\/2016\/06\/Screen-Shot-2016-06-21-at-10.00.01-300x190.png 300w\" sizes=\"auto, (max-width: 493px) 100vw, 493px\" \/><\/p>\n<p style=\"text-align: justify\">A mo\u017ce ten?<\/p>\n<p style=\"text-align: justify\"><img loading=\"lazy\" decoding=\"async\" class=\"alignnone size-full wp-image-1266\" src=\"http:\/\/skoda-rowery.pl\/wp-content\/uploads\/2016\/06\/Screen-Shot-2016-06-21-at-14.40.24.png\" alt=\"Screen-Shot-2016-06-21-at-14.40.24\" width=\"522\" height=\"401\" srcset=\"https:\/\/d2p6e6u75xmxt8.cloudfront.net\/5\/2016\/06\/Screen-Shot-2016-06-21-at-14.40.24.png 522w, https:\/\/d2p6e6u75xmxt8.cloudfront.net\/5\/2016\/06\/Screen-Shot-2016-06-21-at-14.40.24-300x230.png 300w\" sizes=\"auto, (max-width: 522px) 100vw, 522px\" \/><\/p>\n<p style=\"text-align: justify\">Kawa\u0142ek pizzy? Do us\u0142ug!<\/p>\n<p style=\"text-align: justify\"><img loading=\"lazy\" decoding=\"async\" class=\"alignnone size-full wp-image-1267\" src=\"http:\/\/skoda-rowery.pl\/wp-content\/uploads\/2016\/06\/Screen-Shot-2016-06-21-at-09.59.23.png\" alt=\"Screen-Shot-2016-06-21-at-09.59.23\" width=\"590\" height=\"502\" srcset=\"https:\/\/d2p6e6u75xmxt8.cloudfront.net\/5\/2016\/06\/Screen-Shot-2016-06-21-at-09.59.23.png 590w, https:\/\/d2p6e6u75xmxt8.cloudfront.net\/5\/2016\/06\/Screen-Shot-2016-06-21-at-09.59.23-300x255.png 300w\" sizes=\"auto, (max-width: 590px) 100vw, 590px\" \/><\/p>\n<p style=\"text-align: justify\">A po obiedzie drzemka na kolarskiej poduszce\u2026<\/p>\n<p style=\"text-align: justify\"><img loading=\"lazy\" decoding=\"async\" class=\"alignnone size-full wp-image-1268\" src=\"http:\/\/skoda-rowery.pl\/wp-content\/uploads\/2016\/06\/Screen-Shot-2016-06-21-at-09.57.49.png\" alt=\"Screen-Shot-2016-06-21-at-09.57.49\" width=\"443\" height=\"441\" srcset=\"https:\/\/d2p6e6u75xmxt8.cloudfront.net\/5\/2016\/06\/Screen-Shot-2016-06-21-at-09.57.49.png 443w, https:\/\/d2p6e6u75xmxt8.cloudfront.net\/5\/2016\/06\/Screen-Shot-2016-06-21-at-09.57.49-150x150.png 150w, https:\/\/d2p6e6u75xmxt8.cloudfront.net\/5\/2016\/06\/Screen-Shot-2016-06-21-at-09.57.49-300x300.png 300w\" sizes=\"auto, (max-width: 443px) 100vw, 443px\" \/><\/p>\n<p style=\"text-align: justify\">\u2026 pod szprychowym niebem\u2026<\/p>\n<p style=\"text-align: justify\"><img loading=\"lazy\" decoding=\"async\" class=\"alignnone size-full wp-image-1269\" src=\"http:\/\/skoda-rowery.pl\/wp-content\/uploads\/2016\/06\/Screen-Shot-2016-06-21-at-10.16.07.png\" alt=\"Screen-Shot-2016-06-21-at-10.16.07\" width=\"485\" height=\"605\" srcset=\"https:\/\/d2p6e6u75xmxt8.cloudfront.net\/5\/2016\/06\/Screen-Shot-2016-06-21-at-10.16.07.png 485w, https:\/\/d2p6e6u75xmxt8.cloudfront.net\/5\/2016\/06\/Screen-Shot-2016-06-21-at-10.16.07-240x300.png 240w\" sizes=\"auto, (max-width: 485px) 100vw, 485px\" \/><\/p>\n<p style=\"text-align: justify\">\u2026 lub wyj\u015bcie na bal w takich oto spinkach.<\/p>\n<p style=\"text-align: justify\"><img loading=\"lazy\" decoding=\"async\" class=\"alignnone size-full wp-image-1270\" src=\"http:\/\/skoda-rowery.pl\/wp-content\/uploads\/2016\/06\/Screen-Shot-2016-06-21-at-10.00.17.png\" alt=\"Screen-Shot-2016-06-21-at-10.00.17\" width=\"589\" height=\"224\" srcset=\"https:\/\/d2p6e6u75xmxt8.cloudfront.net\/5\/2016\/06\/Screen-Shot-2016-06-21-at-10.00.17.png 589w, https:\/\/d2p6e6u75xmxt8.cloudfront.net\/5\/2016\/06\/Screen-Shot-2016-06-21-at-10.00.17-300x114.png 300w\" sizes=\"auto, (max-width: 589px) 100vw, 589px\" \/><\/p>\n<p style=\"text-align: justify\">Dobrze wiedzie\u0107, \u017ce jest par\u0119 takich rzeczy w domu, na kt\u00f3rych zawsze mo\u017cesz polega\u0107. Np. ten stojak.<\/p>\n<p style=\"text-align: justify\"><img loading=\"lazy\" decoding=\"async\" class=\"alignnone size-full wp-image-1271\" src=\"http:\/\/skoda-rowery.pl\/wp-content\/uploads\/2016\/06\/Screen-Shot-2016-06-21-at-10.16.39.png\" alt=\"Screen-Shot-2016-06-21-at-10.16.39\" width=\"476\" height=\"493\" srcset=\"https:\/\/d2p6e6u75xmxt8.cloudfront.net\/5\/2016\/06\/Screen-Shot-2016-06-21-at-10.16.39.png 476w, https:\/\/d2p6e6u75xmxt8.cloudfront.net\/5\/2016\/06\/Screen-Shot-2016-06-21-at-10.16.39-290x300.png 290w\" sizes=\"auto, (max-width: 476px) 100vw, 476px\" \/><\/p>\n<p style=\"text-align: justify\">I ten\u2026 zawsze wspomo\u017ce Ci\u0119 w potrzebie.<\/p>\n<p style=\"text-align: justify\"><img loading=\"lazy\" decoding=\"async\" class=\"alignnone size-full wp-image-1272\" src=\"http:\/\/skoda-rowery.pl\/wp-content\/uploads\/2016\/06\/Screen-Shot-2016-06-21-at-10.00.51.png\" alt=\"Screen-Shot-2016-06-21-at-10.00.51\" width=\"490\" height=\"489\" srcset=\"https:\/\/d2p6e6u75xmxt8.cloudfront.net\/5\/2016\/06\/Screen-Shot-2016-06-21-at-10.00.51.png 490w, https:\/\/d2p6e6u75xmxt8.cloudfront.net\/5\/2016\/06\/Screen-Shot-2016-06-21-at-10.00.51-150x150.png 150w, https:\/\/d2p6e6u75xmxt8.cloudfront.net\/5\/2016\/06\/Screen-Shot-2016-06-21-at-10.00.51-300x300.png 300w\" sizes=\"auto, (max-width: 490px) 100vw, 490px\" \/><\/p>\n<p style=\"text-align: justify\">\n","protected":false},"excerpt":{"rendered":"<p>Jak wygl\u0105da idealne wn\u0119trze dla kolarza? Mamy par\u0119 pomys\u0142\u00f3w! 8 nieprzecenionych pomys\u0142\u00f3w!<\/p>\n","protected":false},"author":1,"featured_media":1264,"comment_status":"open","ping_status":"closed","sticky":false,"template":"","format":"standard","meta":{"footnotes":""},"categories":[1],"tags":[82],"global-categories":[],"class_list":["post-1263","post","type-post","status-publish","format-standard","has-post-thumbnail","hentry","category-uncategorized","tag-welovecycling"],"yoast_head":"<!-- This site is optimized with the Yoast SEO Premium plugin v25.3 (Yoast SEO v25.9) - https:\/\/yoast.com\/wordpress\/plugins\/seo\/ -->\n<title>Niezb\u0119dnik kolarza: 8 najlepszych akcesori\u00f3w domowych - \u0160koda We Love Cycling - Poland<\/title>\n<meta name=\"robots\" content=\"index, follow, max-snippet:-1, max-image-preview:large, max-video-preview:-1\" \/>\n<link rel=\"canonical\" href=\"https:\/\/www.welovecycling.com\/pl\/2016\/06\/28\/niezbednik-kolarza-8-najlepszych-akcesoriow-domowych\/\" \/>\n<meta property=\"og:locale\" content=\"pl_PL\" \/>\n<meta property=\"og:type\" content=\"article\" \/>\n<meta property=\"og:title\" content=\"Niezb\u0119dnik kolarza: 8 najlepszych akcesori\u00f3w domowych\" \/>\n<meta property=\"og:description\" content=\"Jak wygl\u0105da idealne wn\u0119trze dla kolarza? Mamy par\u0119 pomys\u0142\u00f3w! 8 nieprzecenionych pomys\u0142\u00f3w!\" \/>\n<meta property=\"og:url\" content=\"https:\/\/www.welovecycling.com\/pl\/2016\/06\/28\/niezbednik-kolarza-8-najlepszych-akcesoriow-domowych\/\" \/>\n<meta property=\"og:site_name\" content=\"\u0160koda We Love Cycling - Poland\" \/>\n<meta property=\"article:published_time\" content=\"2016-06-28T15:01:35+00:00\" \/>\n<meta property=\"article:modified_time\" content=\"2016-12-05T08:50:44+00:00\" \/>\n<meta property=\"og:image\" content=\"https:\/\/d2p6e6u75xmxt8.cloudfront.net\/5\/2016\/06\/84848948_847847878.jpg\" \/>\n\t<meta property=\"og:image:width\" content=\"1375\" \/>\n\t<meta property=\"og:image:height\" content=\"600\" \/>\n\t<meta property=\"og:image:type\" content=\"image\/jpeg\" \/>\n<meta name=\"author\" content=\"WeLoveCycling\" \/>\n<meta name=\"twitter:card\" content=\"summary_large_image\" \/>\n<meta name=\"twitter:label1\" content=\"Written by\" \/>\n\t<meta name=\"twitter:data1\" content=\"WeLoveCycling\" \/>\n<script type=\"application\/ld+json\" class=\"yoast-schema-graph\">{\"@context\":\"https:\/\/schema.org\",\"@graph\":[{\"@type\":\"WebPage\",\"@id\":\"https:\/\/www.welovecycling.com\/pl\/2016\/06\/28\/niezbednik-kolarza-8-najlepszych-akcesoriow-domowych\/\",\"url\":\"https:\/\/www.welovecycling.com\/pl\/2016\/06\/28\/niezbednik-kolarza-8-najlepszych-akcesoriow-domowych\/\",\"name\":\"Niezb\u0119dnik kolarza: 8 najlepszych akcesori\u00f3w domowych - \u0160koda We Love Cycling - Poland\",\"isPartOf\":{\"@id\":\"https:\/\/www.welovecycling.com\/pl\/#website\"},\"primaryImageOfPage\":{\"@id\":\"https:\/\/www.welovecycling.com\/pl\/2016\/06\/28\/niezbednik-kolarza-8-najlepszych-akcesoriow-domowych\/#primaryimage\"},\"image\":{\"@id\":\"https:\/\/www.welovecycling.com\/pl\/2016\/06\/28\/niezbednik-kolarza-8-najlepszych-akcesoriow-domowych\/#primaryimage\"},\"thumbnailUrl\":\"https:\/\/d2p6e6u75xmxt8.cloudfront.net\/5\/2016\/06\/84848948_847847878.jpg\",\"datePublished\":\"2016-06-28T15:01:35+00:00\",\"dateModified\":\"2016-12-05T08:50:44+00:00\",\"author\":{\"@id\":\"https:\/\/www.welovecycling.com\/pl\/#\/schema\/person\/e5187c9cac8dd619ebc7b41bd73c2fd9\"},\"breadcrumb\":{\"@id\":\"https:\/\/www.welovecycling.com\/pl\/2016\/06\/28\/niezbednik-kolarza-8-najlepszych-akcesoriow-domowych\/#breadcrumb\"},\"inLanguage\":\"pl-PL\",\"potentialAction\":[{\"@type\":\"ReadAction\",\"target\":[\"https:\/\/www.welovecycling.com\/pl\/2016\/06\/28\/niezbednik-kolarza-8-najlepszych-akcesoriow-domowych\/\"]}]},{\"@type\":\"ImageObject\",\"inLanguage\":\"pl-PL\",\"@id\":\"https:\/\/www.welovecycling.com\/pl\/2016\/06\/28\/niezbednik-kolarza-8-najlepszych-akcesoriow-domowych\/#primaryimage\",\"url\":\"https:\/\/d2p6e6u75xmxt8.cloudfront.net\/5\/2016\/06\/84848948_847847878.jpg\",\"contentUrl\":\"https:\/\/d2p6e6u75xmxt8.cloudfront.net\/5\/2016\/06\/84848948_847847878.jpg\",\"width\":1375,\"height\":600},{\"@type\":\"BreadcrumbList\",\"@id\":\"https:\/\/www.welovecycling.com\/pl\/2016\/06\/28\/niezbednik-kolarza-8-najlepszych-akcesoriow-domowych\/#breadcrumb\",\"itemListElement\":[{\"@type\":\"ListItem\",\"position\":1,\"name\":\"Home\",\"item\":\"https:\/\/www.welovecycling.com\/pl\/\"},{\"@type\":\"ListItem\",\"position\":2,\"name\":\"Niezb\u0119dnik kolarza: 8 najlepszych akcesori\u00f3w domowych\"}]},{\"@type\":\"WebSite\",\"@id\":\"https:\/\/www.welovecycling.com\/pl\/#website\",\"url\":\"https:\/\/www.welovecycling.com\/pl\/\",\"name\":\"\u0160koda We Love Cycling - Poland\",\"description\":\"\",\"potentialAction\":[{\"@type\":\"SearchAction\",\"target\":{\"@type\":\"EntryPoint\",\"urlTemplate\":\"https:\/\/www.welovecycling.com\/pl\/?s={search_term_string}\"},\"query-input\":{\"@type\":\"PropertyValueSpecification\",\"valueRequired\":true,\"valueName\":\"search_term_string\"}}],\"inLanguage\":\"pl-PL\"},{\"@type\":\"Person\",\"@id\":\"https:\/\/www.welovecycling.com\/pl\/#\/schema\/person\/e5187c9cac8dd619ebc7b41bd73c2fd9\",\"name\":\"WeLoveCycling\",\"image\":{\"@type\":\"ImageObject\",\"inLanguage\":\"pl-PL\",\"@id\":\"https:\/\/www.welovecycling.com\/pl\/#\/schema\/person\/image\/\",\"url\":\"https:\/\/secure.gravatar.com\/avatar\/7e1ee0ecc5e294b19ef32b9f6086e0afbb9da00c3cb0d465ba4695331f4a9187?s=96&d=mm&r=g\",\"contentUrl\":\"https:\/\/secure.gravatar.com\/avatar\/7e1ee0ecc5e294b19ef32b9f6086e0afbb9da00c3cb0d465ba4695331f4a9187?s=96&d=mm&r=g\",\"caption\":\"WeLoveCycling\"},\"url\":\"https:\/\/www.welovecycling.com\/pl\/author\/lukascech\/\"}]}<\/script>\n<!-- \/ Yoast SEO Premium plugin. -->","yoast_head_json":{"title":"Niezb\u0119dnik kolarza: 8 najlepszych akcesori\u00f3w domowych - \u0160koda We Love Cycling - Poland","robots":{"index":"index","follow":"follow","max-snippet":"max-snippet:-1","max-image-preview":"max-image-preview:large","max-video-preview":"max-video-preview:-1"},"canonical":"https:\/\/www.welovecycling.com\/pl\/2016\/06\/28\/niezbednik-kolarza-8-najlepszych-akcesoriow-domowych\/","og_locale":"pl_PL","og_type":"article","og_title":"Niezb\u0119dnik kolarza: 8 najlepszych akcesori\u00f3w domowych","og_description":"Jak wygl\u0105da idealne wn\u0119trze dla kolarza? Mamy par\u0119 pomys\u0142\u00f3w! 8 nieprzecenionych pomys\u0142\u00f3w!","og_url":"https:\/\/www.welovecycling.com\/pl\/2016\/06\/28\/niezbednik-kolarza-8-najlepszych-akcesoriow-domowych\/","og_site_name":"\u0160koda We Love Cycling - Poland","article_published_time":"2016-06-28T15:01:35+00:00","article_modified_time":"2016-12-05T08:50:44+00:00","og_image":[{"width":1375,"height":600,"url":"https:\/\/d2p6e6u75xmxt8.cloudfront.net\/5\/2016\/06\/84848948_847847878.jpg","type":"image\/jpeg"}],"author":"WeLoveCycling","twitter_card":"summary_large_image","twitter_misc":{"Written by":"WeLoveCycling"},"schema":{"@context":"https:\/\/schema.org","@graph":[{"@type":"WebPage","@id":"https:\/\/www.welovecycling.com\/pl\/2016\/06\/28\/niezbednik-kolarza-8-najlepszych-akcesoriow-domowych\/","url":"https:\/\/www.welovecycling.com\/pl\/2016\/06\/28\/niezbednik-kolarza-8-najlepszych-akcesoriow-domowych\/","name":"Niezb\u0119dnik kolarza: 8 najlepszych akcesori\u00f3w domowych - \u0160koda We Love Cycling - Poland","isPartOf":{"@id":"https:\/\/www.welovecycling.com\/pl\/#website"},"primaryImageOfPage":{"@id":"https:\/\/www.welovecycling.com\/pl\/2016\/06\/28\/niezbednik-kolarza-8-najlepszych-akcesoriow-domowych\/#primaryimage"},"image":{"@id":"https:\/\/www.welovecycling.com\/pl\/2016\/06\/28\/niezbednik-kolarza-8-najlepszych-akcesoriow-domowych\/#primaryimage"},"thumbnailUrl":"https:\/\/d2p6e6u75xmxt8.cloudfront.net\/5\/2016\/06\/84848948_847847878.jpg","datePublished":"2016-06-28T15:01:35+00:00","dateModified":"2016-12-05T08:50:44+00:00","author":{"@id":"https:\/\/www.welovecycling.com\/pl\/#\/schema\/person\/e5187c9cac8dd619ebc7b41bd73c2fd9"},"breadcrumb":{"@id":"https:\/\/www.welovecycling.com\/pl\/2016\/06\/28\/niezbednik-kolarza-8-najlepszych-akcesoriow-domowych\/#breadcrumb"},"inLanguage":"pl-PL","potentialAction":[{"@type":"ReadAction","target":["https:\/\/www.welovecycling.com\/pl\/2016\/06\/28\/niezbednik-kolarza-8-najlepszych-akcesoriow-domowych\/"]}]},{"@type":"ImageObject","inLanguage":"pl-PL","@id":"https:\/\/www.welovecycling.com\/pl\/2016\/06\/28\/niezbednik-kolarza-8-najlepszych-akcesoriow-domowych\/#primaryimage","url":"https:\/\/d2p6e6u75xmxt8.cloudfront.net\/5\/2016\/06\/84848948_847847878.jpg","contentUrl":"https:\/\/d2p6e6u75xmxt8.cloudfront.net\/5\/2016\/06\/84848948_847847878.jpg","width":1375,"height":600},{"@type":"BreadcrumbList","@id":"https:\/\/www.welovecycling.com\/pl\/2016\/06\/28\/niezbednik-kolarza-8-najlepszych-akcesoriow-domowych\/#breadcrumb","itemListElement":[{"@type":"ListItem","position":1,"name":"Home","item":"https:\/\/www.welovecycling.com\/pl\/"},{"@type":"ListItem","position":2,"name":"Niezb\u0119dnik kolarza: 8 najlepszych akcesori\u00f3w domowych"}]},{"@type":"WebSite","@id":"https:\/\/www.welovecycling.com\/pl\/#website","url":"https:\/\/www.welovecycling.com\/pl\/","name":"\u0160koda We Love Cycling - Poland","description":"","potentialAction":[{"@type":"SearchAction","target":{"@type":"EntryPoint","urlTemplate":"https:\/\/www.welovecycling.com\/pl\/?s={search_term_string}"},"query-input":{"@type":"PropertyValueSpecification","valueRequired":true,"valueName":"search_term_string"}}],"inLanguage":"pl-PL"},{"@type":"Person","@id":"https:\/\/www.welovecycling.com\/pl\/#\/schema\/person\/e5187c9cac8dd619ebc7b41bd73c2fd9","name":"WeLoveCycling","image":{"@type":"ImageObject","inLanguage":"pl-PL","@id":"https:\/\/www.welovecycling.com\/pl\/#\/schema\/person\/image\/","url":"https:\/\/secure.gravatar.com\/avatar\/7e1ee0ecc5e294b19ef32b9f6086e0afbb9da00c3cb0d465ba4695331f4a9187?s=96&d=mm&r=g","contentUrl":"https:\/\/secure.gravatar.com\/avatar\/7e1ee0ecc5e294b19ef32b9f6086e0afbb9da00c3cb0d465ba4695331f4a9187?s=96&d=mm&r=g","caption":"WeLoveCycling"},"url":"https:\/\/www.welovecycling.com\/pl\/author\/lukascech\/"}]}},"_links":{"self":[{"href":"https:\/\/www.welovecycling.com\/pl\/wp-json\/wp\/v2\/posts\/1263","targetHints":{"allow":["GET"]}}],"collection":[{"href":"https:\/\/www.welovecycling.com\/pl\/wp-json\/wp\/v2\/posts"}],"about":[{"href":"https:\/\/www.welovecycling.com\/pl\/wp-json\/wp\/v2\/types\/post"}],"author":[{"embeddable":true,"href":"https:\/\/www.welovecycling.com\/pl\/wp-json\/wp\/v2\/users\/1"}],"replies":[{"embeddable":true,"href":"https:\/\/www.welovecycling.com\/pl\/wp-json\/wp\/v2\/comments?post=1263"}],"version-history":[{"count":1,"href":"https:\/\/www.welovecycling.com\/pl\/wp-json\/wp\/v2\/posts\/1263\/revisions"}],"predecessor-version":[{"id":2445,"href":"https:\/\/www.welovecycling.com\/pl\/wp-json\/wp\/v2\/posts\/1263\/revisions\/2445"}],"wp:featuredmedia":[{"embeddable":true,"href":"https:\/\/www.welovecycling.com\/pl\/wp-json\/wp\/v2\/media\/1264"}],"wp:attachment":[{"href":"https:\/\/www.welovecycling.com\/pl\/wp-json\/wp\/v2\/media?parent=1263"}],"wp:term":[{"taxonomy":"category","embeddable":true,"href":"https:\/\/www.welovecycling.com\/pl\/wp-json\/wp\/v2\/categories?post=1263"},{"taxonomy":"post_tag","embeddable":true,"href":"https:\/\/www.welovecycling.com\/pl\/wp-json\/wp\/v2\/tags?post=1263"},{"taxonomy":"global-categories","embeddable":true,"href":"https:\/\/www.welovecycling.com\/pl\/wp-json\/wp\/v2\/global-categories?post=1263"}],"curies":[{"name":"wp","href":"https:\/\/api.w.org\/{rel}","templated":true}]}}