{"id":12629,"date":"2022-02-01T08:08:54","date_gmt":"2022-02-01T08:08:54","guid":{"rendered":"https:\/\/www.welovecycling.com\/pl\/?p=12629"},"modified":"2023-07-19T07:38:24","modified_gmt":"2023-07-19T07:38:24","slug":"tour-de-france-odkrywa-karty-zapowiada-sie-bardzo-ciekawie","status":"publish","type":"post","link":"https:\/\/www.welovecycling.com\/pl\/2022\/02\/01\/tour-de-france-odkrywa-karty-zapowiada-sie-bardzo-ciekawie\/","title":{"rendered":"Tour de France odkrywa karty! Zapowiada si\u0119 bardzo ciekawie\u2026"},"content":{"rendered":"<p><strong>Do Tour de France 2022 zosta\u0142o jeszcze p\u00f3\u0142 roku, a kolarski \u015bwiat ju\u017c ekscytuje si\u0119\u2026 Tour de France 2023! Wszystko dlatego, \u017ce w\u0142a\u015bnie og\u0142oszono tras\u0119 Grand Depart, kt\u00f3ry rozegrany zostanie w Kraju Bask\u00f3w.<\/strong><\/p>\n<p>Pierwsze plotki dotycz\u0105ce startu Wielkiej P\u0119tli 2023 w okolicach Bilbao pojawi\u0142y si\u0119 blisko trzy lata temu. Wtedy jednak przewija\u0142y si\u0119 r\u00f3wnie\u017c inne kandydatury, cho\u0107 by\u0142o wiadomo, \u017ce Baskowie s\u0105 bardzo mocno zdeterminowani, by go\u015bci\u0107 u siebie najwi\u0119kszy wy\u015bcig \u015bwiata.<\/p>\n<div class=\"embed-controller-wrapper\">\n<blockquote class=\"twitter-tweet\" data-width=\"500\" data-dnt=\"true\">\n<p lang=\"fr\" dir=\"ltr\">\u2600 <a href=\"https:\/\/twitter.com\/hashtag\/TDF2023?src=hash&amp;ref_src=twsrc%5Etfw\">#TDF2023<\/a> \u2600<\/p>\n<p>\ud83d\udcddWe&#39;ll see you on the 1st July 2023 in Bilbao for the Grand D\u00e9part!<\/p>\n<p>\ud83d\udcdd Rendez-vous donc le 1er Juillet 2023 \u00e0 Bilbao pour le Grand D\u00e9part ! <a href=\"https:\/\/t.co\/8Y8CzbrxcF\">pic.twitter.com\/8Y8CzbrxcF<\/a><\/p>\n<p>&mdash; Tour de France\u2122 (@LeTour) <a href=\"https:\/\/twitter.com\/LeTour\/status\/1486390983176724485?ref_src=twsrc%5Etfw\">January 26, 2022<\/a><\/p><\/blockquote>\n<p><script async data-src=\"https:\/\/platform.twitter.com\/widgets.js\" charset=\"utf-8\"><\/script><\/div>\n<p>Teraz ich motywacja by\u0142a jeszcze wi\u0119ksza, poniewa\u017c w regionie wierz\u0105, \u017ce po pandemii koronawirusa Tour de France b\u0119dzie dla turystyki jak paliwo rakietowe. Transmisja Wielkiej P\u0119tli dociera bowiem do blisko 200 pa\u0144stw, a na ka\u017cdym etapie przy trasie ustawiaj\u0105 si\u0119 t\u0142umy kibic\u00f3w. Baskowie szacuj\u0105, \u017ce trzydniowe goszczenie najlepszych zawodnik\u00f3w \u015bwiata b\u0119dzie kosztowa\u0142o ich ok. 12 milion\u00f3w euro, z czego a\u017c 9 milion\u00f3w ma si\u0119 jednak zwr\u00f3ci\u0107 w\u0142a\u015bnie dzi\u0119ki turystom.<\/p>\n<p>\u2013 Z pomoc\u0105 Tour de France nasz region stanie si\u0119 jeszcze bardziej atrakcyjny. Jeste\u015bmy pe\u0142ni entuzjazmu, by powita\u0107 u siebie 110. edycj\u0119 Wielkiej P\u0119tli. Lipiec 2023 roku to b\u0119dzie historyczny i wyj\u0105tkowy moment. Liczymy na wspania\u0142\u0105 atmosfer\u0119 podczas ca\u0142ego przejazdu przez Kraj Bask\u00f3w \u2013 podkre\u015bla\u0142 na konferencji prasowej Urkullu Renteria, prezydent Kraju Bask\u00f3w.<\/p>\n<h2><strong>Ostra walka od samego pocz\u0105tku<\/strong><\/h2>\n<p>Podczas konferencji zosta\u0142a r\u00f3wnie\u017c zaprezentowana trasa Grand Depart. Wy\u015bcig zacznie si\u0119 1 lipca, a zawodnicy wystartuj\u0105 i zako\u0144cz\u0105 rywalizacj\u0119 w Bilbao (185 km). Etap zapowiada si\u0119 ciekawie, bo nie b\u0119dzie to tylko rozgrzewka przed powa\u017cnym \u015bciganiem, ale ostra walka z podjazdami.<\/p>\n<div class=\"embed-controller-wrapper\">\n<blockquote class=\"twitter-tweet\" data-width=\"500\" data-dnt=\"true\">\n<p lang=\"fr\" dir=\"ltr\">Etape 1 \ud83d\udea9 <a href=\"https:\/\/twitter.com\/bilbao_udala?ref_src=twsrc%5Etfw\">@bilbao_udala<\/a> &#8211; <a href=\"https:\/\/twitter.com\/bilbao_udala?ref_src=twsrc%5Etfw\">@bilbao_udala<\/a> \ud83c\udfc1 185 km<\/p>\n<p>\ud83d\udeb4\u200d\u2642\ufe0f This Biscay loop will contrast the savage hills with the shores of the Cantabrian sea  \ud83c\udf0a<\/p>\n<p> \ud83d\udeb4\u200d\u2642\ufe0f Cette boucle enti\u00e8rement trac\u00e9e en Biscaye sillonnera<br \/>les sauvages collines qui bordent la mer Cantabrique \ud83c\udf0a<a href=\"https:\/\/twitter.com\/hashtag\/TDF2023?src=hash&amp;ref_src=twsrc%5Etfw\">#TDF2023<\/a> <a href=\"https:\/\/t.co\/TRuSDQm3we\">pic.twitter.com\/TRuSDQm3we<\/a><\/p>\n<p>&mdash; Tour de France\u2122 (@LeTour) <a href=\"https:\/\/twitter.com\/LeTour\/status\/1486376403293675522?ref_src=twsrc%5Etfw\">January 26, 2022<\/a><\/p><\/blockquote>\n<p><script async data-src=\"https:\/\/platform.twitter.com\/widgets.js\" charset=\"utf-8\"><\/script><\/div>\n<p>2 lipca zawodnicy przejad\u0105 z Vitorii do San Sebastian (210 km), gdzie r\u00f3wnie\u017c mo\u017cna liczy\u0107 na emocje\u2026<\/p>\n<div class=\"embed-controller-wrapper\">\n<blockquote class=\"twitter-tweet\" data-width=\"500\" data-dnt=\"true\">\n<p lang=\"ro\" dir=\"ltr\">Etape 2 \ud83d\udea9 <a href=\"https:\/\/twitter.com\/vitoriagasteiz?ref_src=twsrc%5Etfw\">@vitoriagasteiz<\/a> &#8211; Donastia San Sebasti\u00e1n (<a href=\"https:\/\/twitter.com\/Ayto_SS?ref_src=twsrc%5Etfw\">@Ayto_SS<\/a>) \ud83c\udfc1 210 km<\/p>\n<p>\ud83d\ude43 The Basque capital and the province of Araba will be offering up a start from 600m above sea level<\/p>\n<p>\ud83d\ude43 La capitale du Pays Basque et d&#39;Alava offrira un d\u00e9part \u00e0 600m d&#39;altitude <\/p>\n<p> <a href=\"https:\/\/twitter.com\/hashtag\/TDF2023?src=hash&amp;ref_src=twsrc%5Etfw\">#TDF2023<\/a> <a href=\"https:\/\/t.co\/QlByTbsVMG\">pic.twitter.com\/QlByTbsVMG<\/a><\/p>\n<p>&mdash; Tour de France\u2122 (@LeTour) <a href=\"https:\/\/twitter.com\/LeTour\/status\/1486377343174299652?ref_src=twsrc%5Etfw\">January 26, 2022<\/a><\/p><\/blockquote>\n<p><script async data-src=\"https:\/\/platform.twitter.com\/widgets.js\" charset=\"utf-8\"><\/script><\/div>\n<p>\u2026a z Krajem Bask\u00f3w po\u017cegnaj\u0105 si\u0119 3 lipca. Wyrusz\u0105 z Amorebiety i wjad\u0105 do Francji, a meta usytuowana b\u0119dzie\u2026 Tego organizatorzy jeszcze nie zdradzili, bo karty dotycz\u0105ce francuskiej cz\u0119\u015bci wy\u015bcigu tradycyjnie zostan\u0105 odkryte w pa\u017adzierniku, podczas paryskiej prezentacji ca\u0142ego Tour de France 2023.<\/p>\n<p>Wiadomo jednak, \u017ce trzeci etap ma by\u0107 szans\u0105 na pokazanie si\u0119 dla sprinter\u00f3w.<\/p>\n<div class=\"embed-controller-wrapper\">\n<blockquote class=\"twitter-tweet\" data-width=\"500\" data-dnt=\"true\">\n<p lang=\"fr\" dir=\"ltr\">Etape 3 \ud83d\udea9 Amorebieta-Etxano  &#8211; ? \ud83e\udd14\ud83c\udfc1  <\/p>\n<p>A start towards France with 80km of coastal road. A first chance for the sprinters? \ud83d\ude0f<\/p>\n<p>Le d\u00e9part vers la France \ud83c\uddeb\ud83c\uddf7 par le chemin des \u00e9coliers avec 80 km de route c\u00f4ti\u00e8re. 1\u00e8re chance pour les sprinters ?\ud83d\ude0f <\/p>\n<p>  <a href=\"https:\/\/twitter.com\/hashtag\/TDF2023?src=hash&amp;ref_src=twsrc%5Etfw\">#TDF2023<\/a> |<a href=\"https:\/\/twitter.com\/ametxzornotza?ref_src=twsrc%5Etfw\">@ametxzornotza<\/a> <a href=\"https:\/\/t.co\/CXvZVBHdij\">pic.twitter.com\/CXvZVBHdij<\/a><\/p>\n<p>&mdash; Tour de France\u2122 (@LeTour) <a href=\"https:\/\/twitter.com\/LeTour\/status\/1486378327652847616?ref_src=twsrc%5Etfw\">January 26, 2022<\/a><\/p><\/blockquote>\n<p><script async data-src=\"https:\/\/platform.twitter.com\/widgets.js\" charset=\"utf-8\"><\/script><\/div>\n<h2><strong>\u201eLiczymy, \u017ce doping poniesie kolarzy\u201d<\/strong><\/h2>\n<p>Tour de France w Kraju Bask\u00f3w b\u0119dzie go\u015bci\u0142 po raz drugi \u2013 w 1992 r. rywalizacja rozpoczyna\u0142a si\u0119 w San Sebastian.<\/p>\n<p>\u2013 Jeste\u015bmy szcz\u0119\u015bliwi, \u017ce Wielka P\u0119tla wraca do tak go\u015bcinnego miejsca, bo Baskowie potrafi\u0105 wiele wnie\u015b\u0107 do wy\u015bcigu. Liczymy, \u017ce doping poniesie kolarzy \u2013 m\u00f3wi Christian Prudhomme, dyrektor Tour de France.<\/p>\n<p>Przypomnijmy, \u017ce w tym roku Grand Depart r\u00f3wnie\u017c zostanie rozegrany poza Francj\u0105 \u2013 1 lipca najlepsi zawodnicy \u015bwiata rozpoczn\u0105 \u015bciganie w Kopenhadze i w Danii sp\u0119dz\u0105 trzy dni.<\/p>\n<p><span data-sheets-value=\"{&quot;1&quot;:2,&quot;2&quot;:&quot;Artyku\u0142 powsta\u0142 we wsp\u00f3\u0142pracy ze skoda-auto.pl&quot;}\" data-sheets-userformat=\"{&quot;2&quot;:1,&quot;3&quot;:{&quot;1&quot;:0}}\" data-sheets-hyperlink=\"http:\/\/www.skoda-auto.pl\/\"><a class=\"in-cell-link\" href=\"http:\/\/www.skoda-auto.pl\/\" target=\"_blank\" rel=\"noopener noreferrer\">Artyku\u0142 powsta\u0142 we wsp\u00f3\u0142pracy ze skoda-auto.pl<\/a><\/span><\/p>\n<p><a href=\"https:\/\/www.skoda-auto.pl\/modele\/nowa-octavia\"><img loading=\"lazy\" decoding=\"async\" class=\"alignnone size-full wp-image-11630 aligncenter\" src=\"https:\/\/d2p6e6u75xmxt8.cloudfront.net\/5\/2021\/12\/640x350-1.jpg\" alt=\"\" width=\"640\" height=\"350\" srcset=\"https:\/\/d2p6e6u75xmxt8.cloudfront.net\/5\/2021\/12\/640x350-1.jpg 640w, https:\/\/d2p6e6u75xmxt8.cloudfront.net\/5\/2021\/12\/640x350-1-300x164.jpg 300w\" sizes=\"auto, (max-width: 640px) 100vw, 640px\" \/><\/a><\/p>\n","protected":false},"excerpt":{"rendered":"<p>Do Tour de France 2022 zosta\u0142o jeszcze p\u00f3\u0142 roku, a kolarski \u015bwiat ju\u017c ekscytuje si\u0119\u2026 Tour de France 2023! Wszystko [&hellip;]<\/p>\n","protected":false},"author":153,"featured_media":12634,"comment_status":"open","ping_status":"open","sticky":false,"template":"","format":"standard","meta":{"footnotes":""},"categories":[337],"tags":[176,362,77,399,146],"global-categories":[303],"class_list":["post-12629","post","type-post","status-publish","format-standard","has-post-thumbnail","hentry","category-tour-de-france","tag-kolarstwo","tag-piotr-nowik","tag-tour-de-france","tag-tour-de-france-2023","tag-wyscig","global-categories-cycling"],"yoast_head":"<!-- This site is optimized with the Yoast SEO Premium plugin v25.3 (Yoast SEO v25.9) - https:\/\/yoast.com\/wordpress\/plugins\/seo\/ -->\n<title>Tour de France odkrywa karty! Zapowiada si\u0119 bardzo ciekawie\u2026 - \u0160koda We Love Cycling - Poland<\/title>\n<meta name=\"robots\" content=\"index, follow, max-snippet:-1, max-image-preview:large, max-video-preview:-1\" \/>\n<link rel=\"canonical\" href=\"https:\/\/www.welovecycling.com\/pl\/2022\/02\/01\/tour-de-france-odkrywa-karty-zapowiada-sie-bardzo-ciekawie\/\" \/>\n<meta property=\"og:locale\" content=\"pl_PL\" \/>\n<meta property=\"og:type\" content=\"article\" \/>\n<meta property=\"og:title\" content=\"Tour de France odkrywa karty! Zapowiada si\u0119 bardzo ciekawie\u2026\" \/>\n<meta property=\"og:description\" content=\"Do Tour de France 2022 zosta\u0142o jeszcze p\u00f3\u0142 roku, a kolarski \u015bwiat ju\u017c ekscytuje si\u0119\u2026 Tour de France 2023! Wszystko [&hellip;]\" \/>\n<meta property=\"og:url\" content=\"https:\/\/www.welovecycling.com\/pl\/2022\/02\/01\/tour-de-france-odkrywa-karty-zapowiada-sie-bardzo-ciekawie\/\" \/>\n<meta property=\"og:site_name\" content=\"\u0160koda We Love Cycling - Poland\" \/>\n<meta property=\"article:published_time\" content=\"2022-02-01T08:08:54+00:00\" \/>\n<meta property=\"article:modified_time\" content=\"2023-07-19T07:38:24+00:00\" \/>\n<meta property=\"og:image\" content=\"https:\/\/d2p6e6u75xmxt8.cloudfront.net\/5\/2022\/01\/Tour-de-France-profimedia-0558935695-CVR-1024x447-1.jpg\" \/>\n\t<meta property=\"og:image:width\" content=\"1024\" \/>\n\t<meta property=\"og:image:height\" content=\"447\" \/>\n\t<meta property=\"og:image:type\" content=\"image\/jpeg\" \/>\n<meta name=\"author\" content=\"rafal\" \/>\n<meta name=\"twitter:card\" content=\"summary_large_image\" \/>\n<meta name=\"twitter:label1\" content=\"Written by\" \/>\n\t<meta name=\"twitter:data1\" content=\"Piotr Nowik\" \/>\n\t<meta name=\"twitter:label2\" content=\"Est. reading time\" \/>\n\t<meta name=\"twitter:data2\" content=\"2 minutes\" \/>\n<script type=\"application\/ld+json\" class=\"yoast-schema-graph\">{\"@context\":\"https:\/\/schema.org\",\"@graph\":[{\"@type\":\"WebPage\",\"@id\":\"https:\/\/www.welovecycling.com\/pl\/2022\/02\/01\/tour-de-france-odkrywa-karty-zapowiada-sie-bardzo-ciekawie\/\",\"url\":\"https:\/\/www.welovecycling.com\/pl\/2022\/02\/01\/tour-de-france-odkrywa-karty-zapowiada-sie-bardzo-ciekawie\/\",\"name\":\"Tour de France odkrywa karty! Zapowiada si\u0119 bardzo ciekawie\u2026 - \u0160koda We Love Cycling - Poland\",\"isPartOf\":{\"@id\":\"https:\/\/www.welovecycling.com\/pl\/#website\"},\"primaryImageOfPage\":{\"@id\":\"https:\/\/www.welovecycling.com\/pl\/2022\/02\/01\/tour-de-france-odkrywa-karty-zapowiada-sie-bardzo-ciekawie\/#primaryimage\"},\"image\":{\"@id\":\"https:\/\/www.welovecycling.com\/pl\/2022\/02\/01\/tour-de-france-odkrywa-karty-zapowiada-sie-bardzo-ciekawie\/#primaryimage\"},\"thumbnailUrl\":\"https:\/\/d2p6e6u75xmxt8.cloudfront.net\/5\/2022\/01\/Tour-de-France-profimedia-0558935695-CVR-1024x447-1.jpg\",\"datePublished\":\"2022-02-01T08:08:54+00:00\",\"dateModified\":\"2023-07-19T07:38:24+00:00\",\"author\":{\"@id\":\"https:\/\/www.welovecycling.com\/pl\/#\/schema\/person\/bf06ed916a1ef16618807fb60d2ebe42\"},\"breadcrumb\":{\"@id\":\"https:\/\/www.welovecycling.com\/pl\/2022\/02\/01\/tour-de-france-odkrywa-karty-zapowiada-sie-bardzo-ciekawie\/#breadcrumb\"},\"inLanguage\":\"pl-PL\",\"potentialAction\":[{\"@type\":\"ReadAction\",\"target\":[\"https:\/\/www.welovecycling.com\/pl\/2022\/02\/01\/tour-de-france-odkrywa-karty-zapowiada-sie-bardzo-ciekawie\/\"]}]},{\"@type\":\"ImageObject\",\"inLanguage\":\"pl-PL\",\"@id\":\"https:\/\/www.welovecycling.com\/pl\/2022\/02\/01\/tour-de-france-odkrywa-karty-zapowiada-sie-bardzo-ciekawie\/#primaryimage\",\"url\":\"https:\/\/d2p6e6u75xmxt8.cloudfront.net\/5\/2022\/01\/Tour-de-France-profimedia-0558935695-CVR-1024x447-1.jpg\",\"contentUrl\":\"https:\/\/d2p6e6u75xmxt8.cloudfront.net\/5\/2022\/01\/Tour-de-France-profimedia-0558935695-CVR-1024x447-1.jpg\",\"width\":1024,\"height\":447},{\"@type\":\"BreadcrumbList\",\"@id\":\"https:\/\/www.welovecycling.com\/pl\/2022\/02\/01\/tour-de-france-odkrywa-karty-zapowiada-sie-bardzo-ciekawie\/#breadcrumb\",\"itemListElement\":[{\"@type\":\"ListItem\",\"position\":1,\"name\":\"Home\",\"item\":\"https:\/\/www.welovecycling.com\/pl\/\"},{\"@type\":\"ListItem\",\"position\":2,\"name\":\"Tour de France odkrywa karty! Zapowiada si\u0119 bardzo ciekawie\u2026\"}]},{\"@type\":\"WebSite\",\"@id\":\"https:\/\/www.welovecycling.com\/pl\/#website\",\"url\":\"https:\/\/www.welovecycling.com\/pl\/\",\"name\":\"\u0160koda We Love Cycling - Poland\",\"description\":\"\",\"potentialAction\":[{\"@type\":\"SearchAction\",\"target\":{\"@type\":\"EntryPoint\",\"urlTemplate\":\"https:\/\/www.welovecycling.com\/pl\/?s={search_term_string}\"},\"query-input\":{\"@type\":\"PropertyValueSpecification\",\"valueRequired\":true,\"valueName\":\"search_term_string\"}}],\"inLanguage\":\"pl-PL\"},{\"@type\":\"Person\",\"@id\":\"https:\/\/www.welovecycling.com\/pl\/#\/schema\/person\/bf06ed916a1ef16618807fb60d2ebe42\",\"name\":\"rafal\",\"image\":{\"@type\":\"ImageObject\",\"inLanguage\":\"pl-PL\",\"@id\":\"https:\/\/www.welovecycling.com\/pl\/#\/schema\/person\/image\/\",\"url\":\"https:\/\/secure.gravatar.com\/avatar\/203f240e63bee214f6f3a0dacbeb600c7829c09716c2b9ee3230c6961debcde2?s=96&d=mm&r=g\",\"contentUrl\":\"https:\/\/secure.gravatar.com\/avatar\/203f240e63bee214f6f3a0dacbeb600c7829c09716c2b9ee3230c6961debcde2?s=96&d=mm&r=g\",\"caption\":\"rafal\"},\"url\":\"https:\/\/www.welovecycling.com\/pl\/author\/rafal\/\"}]}<\/script>\n<!-- \/ Yoast SEO Premium plugin. -->","yoast_head_json":{"title":"Tour de France odkrywa karty! Zapowiada si\u0119 bardzo ciekawie\u2026 - \u0160koda We Love Cycling - Poland","robots":{"index":"index","follow":"follow","max-snippet":"max-snippet:-1","max-image-preview":"max-image-preview:large","max-video-preview":"max-video-preview:-1"},"canonical":"https:\/\/www.welovecycling.com\/pl\/2022\/02\/01\/tour-de-france-odkrywa-karty-zapowiada-sie-bardzo-ciekawie\/","og_locale":"pl_PL","og_type":"article","og_title":"Tour de France odkrywa karty! Zapowiada si\u0119 bardzo ciekawie\u2026","og_description":"Do Tour de France 2022 zosta\u0142o jeszcze p\u00f3\u0142 roku, a kolarski \u015bwiat ju\u017c ekscytuje si\u0119\u2026 Tour de France 2023! Wszystko [&hellip;]","og_url":"https:\/\/www.welovecycling.com\/pl\/2022\/02\/01\/tour-de-france-odkrywa-karty-zapowiada-sie-bardzo-ciekawie\/","og_site_name":"\u0160koda We Love Cycling - Poland","article_published_time":"2022-02-01T08:08:54+00:00","article_modified_time":"2023-07-19T07:38:24+00:00","og_image":[{"width":1024,"height":447,"url":"https:\/\/d2p6e6u75xmxt8.cloudfront.net\/5\/2022\/01\/Tour-de-France-profimedia-0558935695-CVR-1024x447-1.jpg","type":"image\/jpeg"}],"author":"rafal","twitter_card":"summary_large_image","twitter_misc":{"Written by":"Piotr Nowik","Est. reading time":"2 minutes"},"schema":{"@context":"https:\/\/schema.org","@graph":[{"@type":"WebPage","@id":"https:\/\/www.welovecycling.com\/pl\/2022\/02\/01\/tour-de-france-odkrywa-karty-zapowiada-sie-bardzo-ciekawie\/","url":"https:\/\/www.welovecycling.com\/pl\/2022\/02\/01\/tour-de-france-odkrywa-karty-zapowiada-sie-bardzo-ciekawie\/","name":"Tour de France odkrywa karty! Zapowiada si\u0119 bardzo ciekawie\u2026 - \u0160koda We Love Cycling - Poland","isPartOf":{"@id":"https:\/\/www.welovecycling.com\/pl\/#website"},"primaryImageOfPage":{"@id":"https:\/\/www.welovecycling.com\/pl\/2022\/02\/01\/tour-de-france-odkrywa-karty-zapowiada-sie-bardzo-ciekawie\/#primaryimage"},"image":{"@id":"https:\/\/www.welovecycling.com\/pl\/2022\/02\/01\/tour-de-france-odkrywa-karty-zapowiada-sie-bardzo-ciekawie\/#primaryimage"},"thumbnailUrl":"https:\/\/d2p6e6u75xmxt8.cloudfront.net\/5\/2022\/01\/Tour-de-France-profimedia-0558935695-CVR-1024x447-1.jpg","datePublished":"2022-02-01T08:08:54+00:00","dateModified":"2023-07-19T07:38:24+00:00","author":{"@id":"https:\/\/www.welovecycling.com\/pl\/#\/schema\/person\/bf06ed916a1ef16618807fb60d2ebe42"},"breadcrumb":{"@id":"https:\/\/www.welovecycling.com\/pl\/2022\/02\/01\/tour-de-france-odkrywa-karty-zapowiada-sie-bardzo-ciekawie\/#breadcrumb"},"inLanguage":"pl-PL","potentialAction":[{"@type":"ReadAction","target":["https:\/\/www.welovecycling.com\/pl\/2022\/02\/01\/tour-de-france-odkrywa-karty-zapowiada-sie-bardzo-ciekawie\/"]}]},{"@type":"ImageObject","inLanguage":"pl-PL","@id":"https:\/\/www.welovecycling.com\/pl\/2022\/02\/01\/tour-de-france-odkrywa-karty-zapowiada-sie-bardzo-ciekawie\/#primaryimage","url":"https:\/\/d2p6e6u75xmxt8.cloudfront.net\/5\/2022\/01\/Tour-de-France-profimedia-0558935695-CVR-1024x447-1.jpg","contentUrl":"https:\/\/d2p6e6u75xmxt8.cloudfront.net\/5\/2022\/01\/Tour-de-France-profimedia-0558935695-CVR-1024x447-1.jpg","width":1024,"height":447},{"@type":"BreadcrumbList","@id":"https:\/\/www.welovecycling.com\/pl\/2022\/02\/01\/tour-de-france-odkrywa-karty-zapowiada-sie-bardzo-ciekawie\/#breadcrumb","itemListElement":[{"@type":"ListItem","position":1,"name":"Home","item":"https:\/\/www.welovecycling.com\/pl\/"},{"@type":"ListItem","position":2,"name":"Tour de France odkrywa karty! Zapowiada si\u0119 bardzo ciekawie\u2026"}]},{"@type":"WebSite","@id":"https:\/\/www.welovecycling.com\/pl\/#website","url":"https:\/\/www.welovecycling.com\/pl\/","name":"\u0160koda We Love Cycling - Poland","description":"","potentialAction":[{"@type":"SearchAction","target":{"@type":"EntryPoint","urlTemplate":"https:\/\/www.welovecycling.com\/pl\/?s={search_term_string}"},"query-input":{"@type":"PropertyValueSpecification","valueRequired":true,"valueName":"search_term_string"}}],"inLanguage":"pl-PL"},{"@type":"Person","@id":"https:\/\/www.welovecycling.com\/pl\/#\/schema\/person\/bf06ed916a1ef16618807fb60d2ebe42","name":"rafal","image":{"@type":"ImageObject","inLanguage":"pl-PL","@id":"https:\/\/www.welovecycling.com\/pl\/#\/schema\/person\/image\/","url":"https:\/\/secure.gravatar.com\/avatar\/203f240e63bee214f6f3a0dacbeb600c7829c09716c2b9ee3230c6961debcde2?s=96&d=mm&r=g","contentUrl":"https:\/\/secure.gravatar.com\/avatar\/203f240e63bee214f6f3a0dacbeb600c7829c09716c2b9ee3230c6961debcde2?s=96&d=mm&r=g","caption":"rafal"},"url":"https:\/\/www.welovecycling.com\/pl\/author\/rafal\/"}]}},"_links":{"self":[{"href":"https:\/\/www.welovecycling.com\/pl\/wp-json\/wp\/v2\/posts\/12629","targetHints":{"allow":["GET"]}}],"collection":[{"href":"https:\/\/www.welovecycling.com\/pl\/wp-json\/wp\/v2\/posts"}],"about":[{"href":"https:\/\/www.welovecycling.com\/pl\/wp-json\/wp\/v2\/types\/post"}],"author":[{"embeddable":true,"href":"https:\/\/www.welovecycling.com\/pl\/wp-json\/wp\/v2\/users\/153"}],"replies":[{"embeddable":true,"href":"https:\/\/www.welovecycling.com\/pl\/wp-json\/wp\/v2\/comments?post=12629"}],"version-history":[{"count":2,"href":"https:\/\/www.welovecycling.com\/pl\/wp-json\/wp\/v2\/posts\/12629\/revisions"}],"predecessor-version":[{"id":12640,"href":"https:\/\/www.welovecycling.com\/pl\/wp-json\/wp\/v2\/posts\/12629\/revisions\/12640"}],"wp:featuredmedia":[{"embeddable":true,"href":"https:\/\/www.welovecycling.com\/pl\/wp-json\/wp\/v2\/media\/12634"}],"wp:attachment":[{"href":"https:\/\/www.welovecycling.com\/pl\/wp-json\/wp\/v2\/media?parent=12629"}],"wp:term":[{"taxonomy":"category","embeddable":true,"href":"https:\/\/www.welovecycling.com\/pl\/wp-json\/wp\/v2\/categories?post=12629"},{"taxonomy":"post_tag","embeddable":true,"href":"https:\/\/www.welovecycling.com\/pl\/wp-json\/wp\/v2\/tags?post=12629"},{"taxonomy":"global-categories","embeddable":true,"href":"https:\/\/www.welovecycling.com\/pl\/wp-json\/wp\/v2\/global-categories?post=12629"}],"curies":[{"name":"wp","href":"https:\/\/api.w.org\/{rel}","templated":true}]}}