{"id":12592,"date":"2022-01-26T15:36:59","date_gmt":"2022-01-26T15:36:59","guid":{"rendered":"https:\/\/www.welovecycling.com\/pl\/?p=12592"},"modified":"2022-05-17T09:43:02","modified_gmt":"2022-05-17T09:43:02","slug":"blisko-coraz-blizej-co-czeka-nas-w-kolarskim-roku-2022","status":"publish","type":"post","link":"https:\/\/www.welovecycling.com\/pl\/2022\/01\/26\/blisko-coraz-blizej-co-czeka-nas-w-kolarskim-roku-2022\/","title":{"rendered":"Blisko, coraz bli\u017cej. Co czeka nas w kolarskim roku 2022?"},"content":{"rendered":"<p><strong>Kalendarze przed oczy, d\u0142ugopisy w d\u0142o\u0144 i zakre\u015blamy! Wkr\u00f3tce rozpoczyna si\u0119 sezon UCI World Tour 2022, kt\u00f3ry w tym roku zapowiada si\u0119 wyj\u0105tkowo ciekawie. Gdzie i kiedy b\u0119d\u0105 \u015bcigali si\u0119 kolarze? Poni\u017cej przedstawiamy najatrakcyjniejsze wy\u015bcigi nadchodz\u0105cego sezonu.<\/strong><\/p>\n<p>Blisko, blisko, coraz bli\u017cej. Powa\u017cne \u015bciganie zaczyna si\u0119 ju\u017c 20 lutego, gdy zawodnicy stan\u0105 na starcie trwaj\u0105cego tydzie\u0144 UAE Tour. W poprzednim roku w Zjednoczonych Emiratach Arabskich triumfowa\u0142 Tadej Poga\u010dar (UAE Team Emirates) i p\u00f3\u017aniej niemal do ko\u0144ca nie zwalnia\u0142 tempa. Jak b\u0119dzie tym razem? Przekonamy si\u0119 za niespe\u0142na miesi\u0105c.<\/p>\n<div class=\"embed-controller-wrapper\">\n<blockquote class=\"twitter-tweet\" data-width=\"500\" data-dnt=\"true\">\n<p lang=\"en\" dir=\"ltr\">Congratulations <a href=\"https:\/\/twitter.com\/TamauPogi?ref_src=twsrc%5Etfw\">@TamauPogi<\/a> <a href=\"https:\/\/twitter.com\/hashtag\/UAETour?src=hash&amp;ref_src=twsrc%5Etfw\">#UAETour<\/a> <a href=\"https:\/\/t.co\/12BYtGKUoy\">pic.twitter.com\/12BYtGKUoy<\/a><\/p>\n<p>&mdash; UAE Tour Official (@uae_tour) <a href=\"https:\/\/twitter.com\/uae_tour\/status\/1365639842458177537?ref_src=twsrc%5Etfw\">February 27, 2021<\/a><\/p><\/blockquote>\n<p><script async data-src=\"https:\/\/platform.twitter.com\/widgets.js\" charset=\"utf-8\"><\/script><\/div>\n<p>Z kolei fan\u00f3w jednodniowych klasyk\u00f3w pierwsze emocje czekaj\u0105 ju\u017c w marcu. Zacznie si\u0119 wy\u015bcigiem Strade Bianche (5 marca), a dwa tygodnie p\u00f3\u017aniej odb\u0119dzie si\u0119 Milan\u2013San Remo. Nast\u0119pnie ca\u0142y \u015bwiat b\u0119dzie zazdro\u015bci\u0142 Belgom, bo na prze\u0142omie marca i kwietnia odb\u0119dzie si\u0119 tam a\u017c pi\u0119\u0107 jednodniowych wy\u015bcig\u00f3w.<\/p>\n<h2><strong>Czas na klasyki<\/strong><\/h2>\n<p>W po\u0142owie kwietnia oczy wszystkich fan\u00f3w kolarstwa po raz pierwszy skieruj\u0105 si\u0119 w stron\u0119 Francji, gdzie najwi\u0119ksi \u015bmia\u0142kowie zmierz\u0105 si\u0119 z b\u0142otem i brukami na trasie Pary\u017c\u2013Roubaix (17 kwietnia).<\/p>\n<div class=\"embed-controller-wrapper\">\n<blockquote class=\"twitter-tweet\" data-width=\"500\" data-dnt=\"true\">\n<p lang=\"und\" dir=\"ltr\">\u25fd\u25fd\u25fd\u25fd\u25fd\u25fd\u25fd\u25fd\u25fd\u25fd\u25fd\u25fd\u25fd\u25fd\u25fd<br \/>\u25fd\u25fd\u25fd\u25fd \ud83d\ude08D-100\ud83d\ude08\u25fd\u25fd\u25fd\u25fd<br \/>\u25fd\u25fd\u25fd\u25fd\u25fd\u25fd\u25fd\u25fd\u25fd\u25fd\u25fd\u25fd\u25fd\u25fd\u25fd<a href=\"https:\/\/twitter.com\/hashtag\/ParisRoubaix?src=hash&amp;ref_src=twsrc%5Etfw\">#ParisRoubaix<\/a> <a href=\"https:\/\/t.co\/hMJZsnLv5Q\">pic.twitter.com\/hMJZsnLv5Q<\/a><\/p>\n<p>&mdash; Paris-Roubaix (@parisroubaix) <a href=\"https:\/\/twitter.com\/parisroubaix\/status\/1479377275221012481?ref_src=twsrc%5Etfw\">January 7, 2022<\/a><\/p><\/blockquote>\n<p><script async data-src=\"https:\/\/platform.twitter.com\/widgets.js\" charset=\"utf-8\"><\/script><\/div>\n<p>Tydzie\u0144 p\u00f3\u017aniej odb\u0119dzie si\u0119 jeszcze Li\u00e8ge\u2013Bastogne\u2013Li\u00e8ge i b\u0119dzie mo\u017cna rozpocz\u0105\u0107 odliczanie do pierwszego z Grand Tour\u00f3w \u2013 Giro d\u2019Italia.<\/p>\n<p>W tym roku nadarza si\u0119 wielka okazja, by tak\u017ce kibice z Polski stali si\u0119 cz\u0119\u015bci\u0105 jednego z najwi\u0119kszych wy\u015bcig\u00f3w na \u015bwiecie. Wszystko dlatego, \u017ce trzy etapy Giro d\u2019Italia zostan\u0105 rozegrane na W\u0119grzech. W okolicach Budapesztu zawodnicy b\u0119d\u0105 \u015bcigali si\u0119 w dniach 6\u20138 maja, a nast\u0119pnie przenios\u0105 si\u0119 do W\u0142och, gdzie rozstrzygn\u0105 kolejne 18 odcink\u00f3w. Wy\u015bcig zako\u0144czy jazda na czas z met\u0105 w Weronie (29 maja).<\/p>\n<div class=\"embed-controller-wrapper\">\n<blockquote class=\"twitter-tweet\" data-width=\"500\" data-dnt=\"true\">\n<p lang=\"it\" dir=\"ltr\">\ud83d\udeb4\u200d\u2642\ufe0f Giro d&#39;Italia + \u2764\ufe0f Verona =  \u267e Amore Infinito<a href=\"https:\/\/twitter.com\/hashtag\/Giro?src=hash&amp;ref_src=twsrc%5Etfw\">#Giro<\/a> <a href=\"https:\/\/twitter.com\/ENIT_italia?ref_src=twsrc%5Etfw\">@ENIT_italia<\/a> <a href=\"https:\/\/t.co\/SVoZ0DfLbL\">pic.twitter.com\/SVoZ0DfLbL<\/a><\/p>\n<p>&mdash; Giro d&#39;Italia (@giroditalia) <a href=\"https:\/\/twitter.com\/giroditalia\/status\/1458819304380530691?ref_src=twsrc%5Etfw\">November 11, 2021<\/a><\/p><\/blockquote>\n<p><script async data-src=\"https:\/\/platform.twitter.com\/widgets.js\" charset=\"utf-8\"><\/script><\/div>\n<h2><strong>Obowi\u0105zkowy Tour de France!<\/strong><\/h2>\n<p>Czerwiec rozpocznie Criterium du Dauphine (5\u201312), nast\u0119pnie b\u0119dzie Tour de Suisse, a od 1 lipca ka\u017cdy fan kolarstwa powinien zadba\u0107 o urlop, bo rozpoczyna si\u0119 najwi\u0119kszy wy\u015bcig \u015bwiata \u2013 Tour de France (1\u201324 lipca)! W tym przypadku Polacy r\u00f3wnie\u017c mog\u0105 pokusi\u0107 si\u0119 o obejrzenie pierwszych trzech etap\u00f3w, poniewa\u017c rozegrane zostan\u0105 w Danii, gdzie mo\u017cna dotrze\u0107 np. promem. Szczeg\u00f3lnie ciekawie zapowiada si\u0119 jazda na czas ulicami Kopenhagi.<\/p>\n<div class=\"embed-controller-wrapper\">\n<blockquote class=\"twitter-tweet\" data-width=\"500\" data-dnt=\"true\">\n<p lang=\"fr\" dir=\"ltr\">The  <a href=\"https:\/\/twitter.com\/hashtag\/TDF2022?src=hash&amp;ref_src=twsrc%5Etfw\">#TDF2022<\/a>: <br \/>\ud83d\udea9 3,328 km<br \/>\u26f0 29 2nd, 1st or HC cols<br \/>6 Mountain stages<br \/>5 altitude finishes<\/p>\n<p>Le <a href=\"https:\/\/twitter.com\/hashtag\/TDF2022?src=hash&amp;ref_src=twsrc%5Etfw\">#TDF2022<\/a> en r\u00e9sum\u00e9 : <br \/>\ud83d\udea9 3 328 km<br \/>\u26f0 23 cols de 2\u00e8me, 1\u00e8re ou Hors Cat\u00e9gorie<br \/>6 \u00e9tapes de montagne<br \/>5 arriv\u00e9es en altitude <a href=\"https:\/\/t.co\/mhpWjnrynb\">pic.twitter.com\/mhpWjnrynb<\/a><\/p>\n<p>&mdash; Tour de France\u2122 (@LeTour) <a href=\"https:\/\/twitter.com\/LeTour\/status\/1448605057252052995?ref_src=twsrc%5Etfw\">October 14, 2021<\/a><\/p><\/blockquote>\n<p><script async data-src=\"https:\/\/platform.twitter.com\/widgets.js\" charset=\"utf-8\"><\/script><\/div>\n<p>Pierwsze dni Wielkiej P\u0119tli to b\u0119d\u0105 etapy p\u0142askie pomieszane z pag\u00f3rkowatymi. Po tygodniu pojawi\u0105 si\u0119 g\u00f3ry i w\u00f3wczas wy\u015bcig zahaczy r\u00f3wnie\u017c o Szwajcari\u0119. P\u00f3\u017aniej trasy b\u0119d\u0105 ju\u017c mocno zr\u00f3\u017cnicowane, a rywalizacja rozstrzygnie si\u0119 w ostatnim tygodniu, gdy zawodnicy zmierz\u0105 si\u0119 z ostrymi podjazdami oraz jazd\u0105 indywidualn\u0105 na czas. Zako\u0144czenie tradycyjnie na Polach Elizejskich.<\/p>\n<h2><strong>Czas na Polsk\u0119 i Hiszpani\u0119<\/strong><\/h2>\n<p>Emocje po Wielkiej P\u0119tli jeszcze nie opadn\u0105, a ju\u017c zacznie si\u0119 najwi\u0119kszy wy\u015bcig w naszym kraju \u2013 Tour de Pologne (30 lipca\u20135 sierpnia). Rywalizacja po ulicach Polski po\u0142udniowej b\u0119dzie oddziela\u0142a od siebie Grand Toury: Tour de France oraz Vuelta a Espa\u00f1a, kt\u00f3ry zostanie rozegrany w dniach 19 sierpnia\u20135 wrze\u015bnia. Tu r\u00f3wnie\u017c pierwsze trzy etapy odb\u0119d\u0105 si\u0119 poza krajem organizatora, a mianowicie w Holandii.<\/p>\n<div class=\"embed-controller-wrapper\">\n<blockquote class=\"twitter-tweet\" data-width=\"500\" data-dnt=\"true\">\n<p lang=\"en\" dir=\"ltr\">\ud83d\udd25 <a href=\"https:\/\/twitter.com\/hashtag\/LaVuelta22?src=hash&amp;ref_src=twsrc%5Etfw\">#LaVuelta22<\/a> \ud83d\udd25<\/p>\n<p>\ud83d\udee3 6 etapas llanas y 2 llanas con final en alto \/ 6 flat stages and 2 flat with high-altitude finales<br \/>\u26f0 11 etapas de media y alta monta\u00f1a \/ 11 hilly and mountain stages<br \/>\u23f1 1 CRI &amp; 1 CRE \/ 1 TTT &amp; 1 ITT<br \/>\ud83c\udfc1 3.280,5 km <a href=\"https:\/\/t.co\/qBzpZt7SAw\">pic.twitter.com\/qBzpZt7SAw<\/a><\/p>\n<p>&mdash; La Vuelta (@lavuelta) <a href=\"https:\/\/twitter.com\/lavuelta\/status\/1471553454929854473?ref_src=twsrc%5Etfw\">December 16, 2021<\/a><\/p><\/blockquote>\n<p><script async data-src=\"https:\/\/platform.twitter.com\/widgets.js\" charset=\"utf-8\"><\/script><\/div>\n<p>Nast\u0119pnie rozpocznie si\u0119 cykl wy\u015bcig\u00f3w jednodniowych, kt\u00f3ry zako\u0144czy Il Lombardia (8 pa\u017adziernika). Finisz UCI World Tour 2022 zaplanowano natomiast podczas Tour of Guangxi (13\u201318 pa\u017adziernika).<\/p>\n<p><strong>Plan wy\u015bcig\u00f3w UCI World Tour 2022:<\/strong><\/p>\n<p>20\u201326 lutego: UAE Tour<\/p>\n<p>26 lutego: Omloop Het Nieuwsblad<\/p>\n<p>5 marca: Strade Bianche<\/p>\n<p>6\u201313 marca: Pary\u017c\u2013Nicea<\/p>\n<p>7\u201313 marca: Tirreno\u2013Adriatico<\/p>\n<p>10 marca: Mediolan\u2013San Remo<\/p>\n<p>21\u201327 marca: Volta a Catalunya<\/p>\n<p>23 marca: Brugge\u2013De Panne<\/p>\n<p>25 marca: E3 Saxo Bank Classic<\/p>\n<p>27 marca: Gent\u2013Wevelgem<\/p>\n<p>30 marca: Dwars door Vlaanderen<\/p>\n<p>3 kwietnia: Tour of Flanders<\/p>\n<p>4\u20139 kwietnia: wy\u015bcig dooko\u0142a Kraju Bask\u00f3w<\/p>\n<p>10 kwietnia: Amstel Gold Race<\/p>\n<p>17 kwietnia: Pary\u017c\u2013Roubaix<\/p>\n<p>20 kwietnia: La Fl\u00e8che Wallonne<\/p>\n<p>24 kwietnia: Li\u00e8ge\u2013Bastogne\u2013Li\u00e8ge<\/p>\n<p>26 kwietnia\u20131 maja: Tour de Romandie<\/p>\n<p>1 maja: Eschborn\u2013Frankfurt<\/p>\n<p>7\u201329 maja: Giro d&#8217;Italia<\/p>\n<p>5\u201312 czerwca: Criterium du Dauphine<\/p>\n<p>12\u201319 czerwca: Tour de Suisse<\/p>\n<p>1\u201324 lipca: Tour de France<\/p>\n<p>30 lipca: Clasica de San Sebastian<\/p>\n<p>30 lipca\u20135 sierpnia: Tour de Pologne<\/p>\n<p>7\u201313 sierpnia: Benelux Tour<\/p>\n<p>19 sierpnia\u201311 wrze\u015bnia: Vuelta a Espa\u00f1a<\/p>\n<p>21 sierpnia: Hamburg Cyclassics<\/p>\n<p>28 sierpnia: Bretagne Classic Ouest\u2013France<\/p>\n<p>9 wrze\u015bnia: Grand Prix Cycliste de Qu\u00e9bec<\/p>\n<p>11 wrze\u015bnia: Grand Prix Cycliste de Montr\u00e9al<\/p>\n<p>8 pa\u017adziernika: Il Lombardia<\/p>\n<p>13\u201318 pa\u017adziernika: Tour of Guangxi<\/p>\n<p><span data-sheets-value=\"{&quot;1&quot;:2,&quot;2&quot;:&quot;Artyku\u0142 powsta\u0142 we wsp\u00f3\u0142pracy ze skoda-auto.pl&quot;}\" data-sheets-userformat=\"{&quot;2&quot;:1,&quot;3&quot;:{&quot;1&quot;:0}}\" data-sheets-hyperlink=\"http:\/\/www.skoda-auto.pl\/\"><a class=\"in-cell-link\" href=\"http:\/\/www.skoda-auto.pl\/\" target=\"_blank\" rel=\"noopener noreferrer\">Artyku\u0142 powsta\u0142 we wsp\u00f3\u0142pracy ze skoda-auto.pl<\/a><\/span><\/p>\n<p><a href=\"https:\/\/www.skoda-auto.pl\/modele\/nowa-octavia\"><img loading=\"lazy\" decoding=\"async\" class=\"alignnone size-full wp-image-11630 aligncenter\" src=\"https:\/\/d2p6e6u75xmxt8.cloudfront.net\/5\/2021\/12\/640x350-1.jpg\" alt=\"\" width=\"640\" height=\"350\" srcset=\"https:\/\/d2p6e6u75xmxt8.cloudfront.net\/5\/2021\/12\/640x350-1.jpg 640w, https:\/\/d2p6e6u75xmxt8.cloudfront.net\/5\/2021\/12\/640x350-1-300x164.jpg 300w\" sizes=\"auto, (max-width: 640px) 100vw, 640px\" \/><\/a><\/p>\n","protected":false},"excerpt":{"rendered":"<p>Kalendarze przed oczy, d\u0142ugopisy w d\u0142o\u0144 i zakre\u015blamy! Wkr\u00f3tce rozpoczyna si\u0119 sezon UCI World Tour 2022, kt\u00f3ry w tym roku [&hellip;]<\/p>\n","protected":false},"author":153,"featured_media":12598,"comment_status":"open","ping_status":"open","sticky":false,"template":"","format":"standard","meta":{"footnotes":""},"categories":[226],"tags":[362],"global-categories":[303],"class_list":["post-12592","post","type-post","status-publish","format-standard","has-post-thumbnail","hentry","category-ciekawostki","tag-piotr-nowik","global-categories-cycling"],"yoast_head":"<!-- This site is optimized with the Yoast SEO Premium plugin v25.3 (Yoast SEO v25.9) - https:\/\/yoast.com\/wordpress\/plugins\/seo\/ -->\n<title>Blisko, coraz bli\u017cej. Co czeka nas w kolarskim roku 2022? - \u0160koda We Love Cycling - Poland<\/title>\n<meta name=\"robots\" content=\"index, follow, max-snippet:-1, max-image-preview:large, max-video-preview:-1\" \/>\n<link rel=\"canonical\" href=\"https:\/\/www.welovecycling.com\/pl\/2022\/01\/26\/blisko-coraz-blizej-co-czeka-nas-w-kolarskim-roku-2022\/\" \/>\n<meta property=\"og:locale\" content=\"pl_PL\" \/>\n<meta property=\"og:type\" content=\"article\" \/>\n<meta property=\"og:title\" content=\"Blisko, coraz bli\u017cej. Co czeka nas w kolarskim roku 2022?\" \/>\n<meta property=\"og:description\" content=\"Kalendarze przed oczy, d\u0142ugopisy w d\u0142o\u0144 i zakre\u015blamy! Wkr\u00f3tce rozpoczyna si\u0119 sezon UCI World Tour 2022, kt\u00f3ry w tym roku [&hellip;]\" \/>\n<meta property=\"og:url\" content=\"https:\/\/www.welovecycling.com\/pl\/2022\/01\/26\/blisko-coraz-blizej-co-czeka-nas-w-kolarskim-roku-2022\/\" \/>\n<meta property=\"og:site_name\" content=\"\u0160koda We Love Cycling - Poland\" \/>\n<meta property=\"article:published_time\" content=\"2022-01-26T15:36:59+00:00\" \/>\n<meta property=\"article:modified_time\" content=\"2022-05-17T09:43:02+00:00\" \/>\n<meta property=\"og:image\" content=\"https:\/\/d2p6e6u75xmxt8.cloudfront.net\/5\/2022\/01\/Tour-peloton-profimedia-0557231437-CVR-1024x450-1.jpg\" \/>\n\t<meta property=\"og:image:width\" content=\"1024\" \/>\n\t<meta property=\"og:image:height\" content=\"450\" \/>\n\t<meta property=\"og:image:type\" content=\"image\/jpeg\" \/>\n<meta name=\"author\" content=\"rafal\" \/>\n<meta name=\"twitter:card\" content=\"summary_large_image\" \/>\n<meta name=\"twitter:label1\" content=\"Written by\" \/>\n\t<meta name=\"twitter:data1\" content=\"Piotr Nowik\" \/>\n\t<meta name=\"twitter:label2\" content=\"Est. reading time\" \/>\n\t<meta name=\"twitter:data2\" content=\"4 minutes\" \/>\n<script type=\"application\/ld+json\" class=\"yoast-schema-graph\">{\"@context\":\"https:\/\/schema.org\",\"@graph\":[{\"@type\":\"WebPage\",\"@id\":\"https:\/\/www.welovecycling.com\/pl\/2022\/01\/26\/blisko-coraz-blizej-co-czeka-nas-w-kolarskim-roku-2022\/\",\"url\":\"https:\/\/www.welovecycling.com\/pl\/2022\/01\/26\/blisko-coraz-blizej-co-czeka-nas-w-kolarskim-roku-2022\/\",\"name\":\"Blisko, coraz bli\u017cej. Co czeka nas w kolarskim roku 2022? - \u0160koda We Love Cycling - Poland\",\"isPartOf\":{\"@id\":\"https:\/\/www.welovecycling.com\/pl\/#website\"},\"primaryImageOfPage\":{\"@id\":\"https:\/\/www.welovecycling.com\/pl\/2022\/01\/26\/blisko-coraz-blizej-co-czeka-nas-w-kolarskim-roku-2022\/#primaryimage\"},\"image\":{\"@id\":\"https:\/\/www.welovecycling.com\/pl\/2022\/01\/26\/blisko-coraz-blizej-co-czeka-nas-w-kolarskim-roku-2022\/#primaryimage\"},\"thumbnailUrl\":\"https:\/\/d2p6e6u75xmxt8.cloudfront.net\/5\/2022\/01\/Tour-peloton-profimedia-0557231437-CVR-1024x450-1.jpg\",\"datePublished\":\"2022-01-26T15:36:59+00:00\",\"dateModified\":\"2022-05-17T09:43:02+00:00\",\"author\":{\"@id\":\"https:\/\/www.welovecycling.com\/pl\/#\/schema\/person\/bf06ed916a1ef16618807fb60d2ebe42\"},\"breadcrumb\":{\"@id\":\"https:\/\/www.welovecycling.com\/pl\/2022\/01\/26\/blisko-coraz-blizej-co-czeka-nas-w-kolarskim-roku-2022\/#breadcrumb\"},\"inLanguage\":\"pl-PL\",\"potentialAction\":[{\"@type\":\"ReadAction\",\"target\":[\"https:\/\/www.welovecycling.com\/pl\/2022\/01\/26\/blisko-coraz-blizej-co-czeka-nas-w-kolarskim-roku-2022\/\"]}]},{\"@type\":\"ImageObject\",\"inLanguage\":\"pl-PL\",\"@id\":\"https:\/\/www.welovecycling.com\/pl\/2022\/01\/26\/blisko-coraz-blizej-co-czeka-nas-w-kolarskim-roku-2022\/#primaryimage\",\"url\":\"https:\/\/d2p6e6u75xmxt8.cloudfront.net\/5\/2022\/01\/Tour-peloton-profimedia-0557231437-CVR-1024x450-1.jpg\",\"contentUrl\":\"https:\/\/d2p6e6u75xmxt8.cloudfront.net\/5\/2022\/01\/Tour-peloton-profimedia-0557231437-CVR-1024x450-1.jpg\",\"width\":1024,\"height\":450},{\"@type\":\"BreadcrumbList\",\"@id\":\"https:\/\/www.welovecycling.com\/pl\/2022\/01\/26\/blisko-coraz-blizej-co-czeka-nas-w-kolarskim-roku-2022\/#breadcrumb\",\"itemListElement\":[{\"@type\":\"ListItem\",\"position\":1,\"name\":\"Home\",\"item\":\"https:\/\/www.welovecycling.com\/pl\/\"},{\"@type\":\"ListItem\",\"position\":2,\"name\":\"Blisko, coraz bli\u017cej. Co czeka nas w kolarskim roku 2022?\"}]},{\"@type\":\"WebSite\",\"@id\":\"https:\/\/www.welovecycling.com\/pl\/#website\",\"url\":\"https:\/\/www.welovecycling.com\/pl\/\",\"name\":\"\u0160koda We Love Cycling - Poland\",\"description\":\"\",\"potentialAction\":[{\"@type\":\"SearchAction\",\"target\":{\"@type\":\"EntryPoint\",\"urlTemplate\":\"https:\/\/www.welovecycling.com\/pl\/?s={search_term_string}\"},\"query-input\":{\"@type\":\"PropertyValueSpecification\",\"valueRequired\":true,\"valueName\":\"search_term_string\"}}],\"inLanguage\":\"pl-PL\"},{\"@type\":\"Person\",\"@id\":\"https:\/\/www.welovecycling.com\/pl\/#\/schema\/person\/bf06ed916a1ef16618807fb60d2ebe42\",\"name\":\"rafal\",\"image\":{\"@type\":\"ImageObject\",\"inLanguage\":\"pl-PL\",\"@id\":\"https:\/\/www.welovecycling.com\/pl\/#\/schema\/person\/image\/\",\"url\":\"https:\/\/secure.gravatar.com\/avatar\/203f240e63bee214f6f3a0dacbeb600c7829c09716c2b9ee3230c6961debcde2?s=96&d=mm&r=g\",\"contentUrl\":\"https:\/\/secure.gravatar.com\/avatar\/203f240e63bee214f6f3a0dacbeb600c7829c09716c2b9ee3230c6961debcde2?s=96&d=mm&r=g\",\"caption\":\"rafal\"},\"url\":\"https:\/\/www.welovecycling.com\/pl\/author\/rafal\/\"}]}<\/script>\n<!-- \/ Yoast SEO Premium plugin. -->","yoast_head_json":{"title":"Blisko, coraz bli\u017cej. Co czeka nas w kolarskim roku 2022? - \u0160koda We Love Cycling - Poland","robots":{"index":"index","follow":"follow","max-snippet":"max-snippet:-1","max-image-preview":"max-image-preview:large","max-video-preview":"max-video-preview:-1"},"canonical":"https:\/\/www.welovecycling.com\/pl\/2022\/01\/26\/blisko-coraz-blizej-co-czeka-nas-w-kolarskim-roku-2022\/","og_locale":"pl_PL","og_type":"article","og_title":"Blisko, coraz bli\u017cej. Co czeka nas w kolarskim roku 2022?","og_description":"Kalendarze przed oczy, d\u0142ugopisy w d\u0142o\u0144 i zakre\u015blamy! Wkr\u00f3tce rozpoczyna si\u0119 sezon UCI World Tour 2022, kt\u00f3ry w tym roku [&hellip;]","og_url":"https:\/\/www.welovecycling.com\/pl\/2022\/01\/26\/blisko-coraz-blizej-co-czeka-nas-w-kolarskim-roku-2022\/","og_site_name":"\u0160koda We Love Cycling - Poland","article_published_time":"2022-01-26T15:36:59+00:00","article_modified_time":"2022-05-17T09:43:02+00:00","og_image":[{"width":1024,"height":450,"url":"https:\/\/d2p6e6u75xmxt8.cloudfront.net\/5\/2022\/01\/Tour-peloton-profimedia-0557231437-CVR-1024x450-1.jpg","type":"image\/jpeg"}],"author":"rafal","twitter_card":"summary_large_image","twitter_misc":{"Written by":"Piotr Nowik","Est. reading time":"4 minutes"},"schema":{"@context":"https:\/\/schema.org","@graph":[{"@type":"WebPage","@id":"https:\/\/www.welovecycling.com\/pl\/2022\/01\/26\/blisko-coraz-blizej-co-czeka-nas-w-kolarskim-roku-2022\/","url":"https:\/\/www.welovecycling.com\/pl\/2022\/01\/26\/blisko-coraz-blizej-co-czeka-nas-w-kolarskim-roku-2022\/","name":"Blisko, coraz bli\u017cej. Co czeka nas w kolarskim roku 2022? - \u0160koda We Love Cycling - Poland","isPartOf":{"@id":"https:\/\/www.welovecycling.com\/pl\/#website"},"primaryImageOfPage":{"@id":"https:\/\/www.welovecycling.com\/pl\/2022\/01\/26\/blisko-coraz-blizej-co-czeka-nas-w-kolarskim-roku-2022\/#primaryimage"},"image":{"@id":"https:\/\/www.welovecycling.com\/pl\/2022\/01\/26\/blisko-coraz-blizej-co-czeka-nas-w-kolarskim-roku-2022\/#primaryimage"},"thumbnailUrl":"https:\/\/d2p6e6u75xmxt8.cloudfront.net\/5\/2022\/01\/Tour-peloton-profimedia-0557231437-CVR-1024x450-1.jpg","datePublished":"2022-01-26T15:36:59+00:00","dateModified":"2022-05-17T09:43:02+00:00","author":{"@id":"https:\/\/www.welovecycling.com\/pl\/#\/schema\/person\/bf06ed916a1ef16618807fb60d2ebe42"},"breadcrumb":{"@id":"https:\/\/www.welovecycling.com\/pl\/2022\/01\/26\/blisko-coraz-blizej-co-czeka-nas-w-kolarskim-roku-2022\/#breadcrumb"},"inLanguage":"pl-PL","potentialAction":[{"@type":"ReadAction","target":["https:\/\/www.welovecycling.com\/pl\/2022\/01\/26\/blisko-coraz-blizej-co-czeka-nas-w-kolarskim-roku-2022\/"]}]},{"@type":"ImageObject","inLanguage":"pl-PL","@id":"https:\/\/www.welovecycling.com\/pl\/2022\/01\/26\/blisko-coraz-blizej-co-czeka-nas-w-kolarskim-roku-2022\/#primaryimage","url":"https:\/\/d2p6e6u75xmxt8.cloudfront.net\/5\/2022\/01\/Tour-peloton-profimedia-0557231437-CVR-1024x450-1.jpg","contentUrl":"https:\/\/d2p6e6u75xmxt8.cloudfront.net\/5\/2022\/01\/Tour-peloton-profimedia-0557231437-CVR-1024x450-1.jpg","width":1024,"height":450},{"@type":"BreadcrumbList","@id":"https:\/\/www.welovecycling.com\/pl\/2022\/01\/26\/blisko-coraz-blizej-co-czeka-nas-w-kolarskim-roku-2022\/#breadcrumb","itemListElement":[{"@type":"ListItem","position":1,"name":"Home","item":"https:\/\/www.welovecycling.com\/pl\/"},{"@type":"ListItem","position":2,"name":"Blisko, coraz bli\u017cej. Co czeka nas w kolarskim roku 2022?"}]},{"@type":"WebSite","@id":"https:\/\/www.welovecycling.com\/pl\/#website","url":"https:\/\/www.welovecycling.com\/pl\/","name":"\u0160koda We Love Cycling - Poland","description":"","potentialAction":[{"@type":"SearchAction","target":{"@type":"EntryPoint","urlTemplate":"https:\/\/www.welovecycling.com\/pl\/?s={search_term_string}"},"query-input":{"@type":"PropertyValueSpecification","valueRequired":true,"valueName":"search_term_string"}}],"inLanguage":"pl-PL"},{"@type":"Person","@id":"https:\/\/www.welovecycling.com\/pl\/#\/schema\/person\/bf06ed916a1ef16618807fb60d2ebe42","name":"rafal","image":{"@type":"ImageObject","inLanguage":"pl-PL","@id":"https:\/\/www.welovecycling.com\/pl\/#\/schema\/person\/image\/","url":"https:\/\/secure.gravatar.com\/avatar\/203f240e63bee214f6f3a0dacbeb600c7829c09716c2b9ee3230c6961debcde2?s=96&d=mm&r=g","contentUrl":"https:\/\/secure.gravatar.com\/avatar\/203f240e63bee214f6f3a0dacbeb600c7829c09716c2b9ee3230c6961debcde2?s=96&d=mm&r=g","caption":"rafal"},"url":"https:\/\/www.welovecycling.com\/pl\/author\/rafal\/"}]}},"_links":{"self":[{"href":"https:\/\/www.welovecycling.com\/pl\/wp-json\/wp\/v2\/posts\/12592","targetHints":{"allow":["GET"]}}],"collection":[{"href":"https:\/\/www.welovecycling.com\/pl\/wp-json\/wp\/v2\/posts"}],"about":[{"href":"https:\/\/www.welovecycling.com\/pl\/wp-json\/wp\/v2\/types\/post"}],"author":[{"embeddable":true,"href":"https:\/\/www.welovecycling.com\/pl\/wp-json\/wp\/v2\/users\/153"}],"replies":[{"embeddable":true,"href":"https:\/\/www.welovecycling.com\/pl\/wp-json\/wp\/v2\/comments?post=12592"}],"version-history":[{"count":2,"href":"https:\/\/www.welovecycling.com\/pl\/wp-json\/wp\/v2\/posts\/12592\/revisions"}],"predecessor-version":[{"id":12600,"href":"https:\/\/www.welovecycling.com\/pl\/wp-json\/wp\/v2\/posts\/12592\/revisions\/12600"}],"wp:featuredmedia":[{"embeddable":true,"href":"https:\/\/www.welovecycling.com\/pl\/wp-json\/wp\/v2\/media\/12598"}],"wp:attachment":[{"href":"https:\/\/www.welovecycling.com\/pl\/wp-json\/wp\/v2\/media?parent=12592"}],"wp:term":[{"taxonomy":"category","embeddable":true,"href":"https:\/\/www.welovecycling.com\/pl\/wp-json\/wp\/v2\/categories?post=12592"},{"taxonomy":"post_tag","embeddable":true,"href":"https:\/\/www.welovecycling.com\/pl\/wp-json\/wp\/v2\/tags?post=12592"},{"taxonomy":"global-categories","embeddable":true,"href":"https:\/\/www.welovecycling.com\/pl\/wp-json\/wp\/v2\/global-categories?post=12592"}],"curies":[{"name":"wp","href":"https:\/\/api.w.org\/{rel}","templated":true}]}}