{"id":1259,"date":"2016-06-27T14:41:23","date_gmt":"2016-06-27T14:41:23","guid":{"rendered":"http:\/\/skoda-rowery.pl\/?p=1259"},"modified":"2016-12-05T08:50:59","modified_gmt":"2016-12-05T08:50:59","slug":"z-londynu-do-paryza-charytatywna-podroz-na-rowerach","status":"publish","type":"post","link":"https:\/\/www.welovecycling.com\/pl\/2016\/06\/27\/z-londynu-do-paryza-charytatywna-podroz-na-rowerach\/","title":{"rendered":"Z Londynu do Pary\u017ca: charytatywna podr\u00f3\u017c na rowerach"},"content":{"rendered":"<p style=\"text-align: justify\">Pierwszym chwilom d\u0142ugiej podr\u00f3\u017cy zawsze towarzysz\u0105 mieszane uczucia. Podniecenie, obawy i zniecierpliwienie \u2013 to cz\u0119ste emocje towarzysz\u0105ce kolarzom przed pokonaniem nowego wyzwania. Kolarstwo to r\u00f3wnie\u017c \u015bwietny spos\u00f3b na dzia\u0142alno\u015b\u0107 charytatywn\u0105 \u2013 nic dziwnego &#8211; kojarzy si\u0119 z pasj\u0105, wytrzyma\u0142o\u015bci\u0105, cierpliwo\u015bci\u0105.<\/p>\n<p style=\"text-align: justify\"><img loading=\"lazy\" decoding=\"async\" class=\"alignnone size-full wp-image-1261\" src=\"http:\/\/skoda-rowery.pl\/wp-content\/uploads\/2016\/06\/DSC_0497.jpg\" alt=\"DSC_0497\" width=\"650\" height=\"366\" srcset=\"https:\/\/d2p6e6u75xmxt8.cloudfront.net\/5\/2016\/06\/DSC_0497.jpg 650w, https:\/\/d2p6e6u75xmxt8.cloudfront.net\/5\/2016\/06\/DSC_0497-300x169.jpg 300w\" sizes=\"auto, (max-width: 650px) 100vw, 650px\" \/><\/p>\n<p style=\"text-align: justify\">Mama naszej bohaterki &#8211; Collette sp\u0119dzi\u0142a cztery miesi\u0105ce w hospicjum, w kt\u00f3rym p\u00f3\u017aniej zmar\u0142a. Collete, mimo ci\u0119\u017caru sytuacji, cieszy\u0142a si\u0119, \u017ce w ostatnich dniach \u017cycia mama by\u0142a otoczona fachow\u0105 opiek\u0105, a miejsce, w kt\u00f3rym przysz\u0142o jej odej\u015b\u0107 by\u0142o przyjazne i bezpieczne. Z wdzi\u0119czno\u015bci postanowi\u0142a zrobi\u0107 co\u015b dla pe\u0142nych po\u015bwi\u0119cenia ludzi, dzi\u0119ki kt\u00f3rym by\u0142o to mo\u017cliwe i pomoc zapewni\u0107 godne warunki innym potrzebuj\u0105cym &#8211; postanowi\u0142a wzi\u0105\u0107 udzia\u0142 w charytatywnej wyprawie rowerowej.<\/p>\n<p style=\"text-align: justify\">Wyprawa ze stolicy Wielkiej Brytanii do stolicy Francji to znany i jeden z najciekawszych szlak\u00f3w w Europie. Przejazd z Londynu do Pary\u017ca zwykle zajmuje 4 dni i okupiony jest d\u0142ugimi godzinami sp\u0119dzonymi na rowerze oraz ogromnym wysi\u0142kiem fizycznym zwi\u0105zanym z licznymi podjazdami. Trasa ko\u0144czy si\u0119 przy Wie\u017cy Eiffla. To bardzo inspiruj\u0105ce wyzwanie \u2013 ka\u017cdy, kto prze\u017cy\u0142 tak\u0105 przygod\u0119 z pewno\u015bci\u0105 nigdy w \u017cyciu jej nie zapomni.<\/p>\n<p style=\"text-align: justify\">Rowerowa podr\u00f3\u017c rozpoczyna si\u0119 w hrabstwie Kent i wiedzie przez malownicze brytyjskie wsie, szlakiem North Downs Way\u00a0a\u017c do wybrze\u017ca klifowego w Dover. Po podr\u00f3\u017cy promem do Calais na uczestnik\u00f3w wyprawy czeka przejazd przez wspania\u0142e, historyczne krajobrazy, znane pola bitew, ma\u0142e miasteczka i \u015bredniowieczne ryneczki w p\u00f3\u0142nocnej Francji. Ostatni dzie\u0144 wyprawy wiedzie przez przedmie\u015bcia Pary\u017ca, a\u017c do Wie\u017cy Eiifla. Collete do stolicy Francji dojecha\u0142a 24 lipca, kiedy w\u0142a\u015bnie ko\u0144czy\u0142o si\u0119 wielkie kolarskie \u015bwi\u0119to \u2013 Tour de France. Atmosfera by\u0142a wi\u0119c sprzyjaj\u0105ca!<\/p>\n<p style=\"text-align: justify\">Collete zapisa\u0142a si\u0119 na wy\u015bcig w lipcu zesz\u0142ego roku. Przejechanie 300 mil, to du\u017cy wysi\u0142ek, nawet dla do\u015bwiadczonego kolarza, ale nasza bohaterka trenowa\u0142a przez 9 miesi\u0119cy, \u017ceby m\u00f3c wzi\u0105\u0107 udzia\u0142 w wyprawie. Motywacj\u0119 dawa\u0142a jej nadzieja, \u017ce w czasie przejazdu zbierze wi\u0119cej ni\u017c 2\u00a0000 funt\u00f3w dla o\u015brodka, kt\u00f3ry opiekowa\u0142 si\u0119 jej mam\u0105. By\u0142a przekonana o tym, \u017ce to szczytny cel i \u017ce wyprawa b\u0119dzie dla niej wielk\u0105 przygod\u0105.<\/p>\n<p style=\"text-align: justify\">Hospicjum Wirral imienia \u015aw. John\u2019a to specjalistyczna plac\u00f3wka oferuj\u0105ca darmow\u0105 pomoc pacjentom chorym terminalne oraz wsparcie dla ich bliskich. Dzia\u0142alno\u015b\u0107 hospicjum poch\u0142ania rocznie 3,5 miliona funt\u00f3w i jest finansowana g\u0142\u00f3wnie z datk\u00f3w os\u00f3b dobrej woli, firm i spo\u0142eczno\u015bci lokalnej. Du\u017ca cz\u0119\u015b\u0107 ze zgromadzonych \u015brodk\u00f3w pochodzi z inicjatyw kolarskich, takich jak ta, w kt\u00f3rej wzi\u0119\u0142a udzia\u0142 Collete, kt\u00f3rej \u017cyczymy wszystkiego najlepszego i mamy nadziej\u0119, \u017ce stanie si\u0119 inspiracj\u0105 dla innych.<\/p>\n<p style=\"text-align: justify\">\n<p style=\"text-align: justify\">\n","protected":false},"excerpt":{"rendered":"<p>Pierwszym chwilom d\u0142ugiej podr\u00f3\u017cy zawsze towarzysz\u0105 mieszane uczucia. Podniecenie, obawy i zniecierpliwienie \u2013 to cz\u0119ste emocje towarzysz\u0105ce kolarzom przed pokonaniem [&hellip;]<\/p>\n","protected":false},"author":1,"featured_media":1260,"comment_status":"open","ping_status":"closed","sticky":false,"template":"","format":"standard","meta":{"footnotes":""},"categories":[1],"tags":[66,82],"global-categories":[],"class_list":["post-1259","post","type-post","status-publish","format-standard","has-post-thumbnail","hentry","category-uncategorized","tag-skodanapedzarowery","tag-welovecycling"],"yoast_head":"<!-- This site is optimized with the Yoast SEO Premium plugin v25.3 (Yoast SEO v25.9) - https:\/\/yoast.com\/wordpress\/plugins\/seo\/ -->\n<title>Z Londynu do Pary\u017ca: charytatywna podr\u00f3\u017c na rowerach - \u0160koda We Love Cycling - Poland<\/title>\n<meta name=\"robots\" content=\"index, follow, max-snippet:-1, max-image-preview:large, max-video-preview:-1\" \/>\n<link rel=\"canonical\" href=\"https:\/\/www.welovecycling.com\/pl\/2016\/06\/27\/z-londynu-do-paryza-charytatywna-podroz-na-rowerach\/\" \/>\n<meta property=\"og:locale\" content=\"pl_PL\" \/>\n<meta property=\"og:type\" content=\"article\" \/>\n<meta property=\"og:title\" content=\"Z Londynu do Pary\u017ca: charytatywna podr\u00f3\u017c na rowerach\" \/>\n<meta property=\"og:description\" content=\"Pierwszym chwilom d\u0142ugiej podr\u00f3\u017cy zawsze towarzysz\u0105 mieszane uczucia. Podniecenie, obawy i zniecierpliwienie \u2013 to cz\u0119ste emocje towarzysz\u0105ce kolarzom przed pokonaniem [&hellip;]\" \/>\n<meta property=\"og:url\" content=\"https:\/\/www.welovecycling.com\/pl\/2016\/06\/27\/z-londynu-do-paryza-charytatywna-podroz-na-rowerach\/\" \/>\n<meta property=\"og:site_name\" content=\"\u0160koda We Love Cycling - Poland\" \/>\n<meta property=\"article:published_time\" content=\"2016-06-27T14:41:23+00:00\" \/>\n<meta property=\"article:modified_time\" content=\"2016-12-05T08:50:59+00:00\" \/>\n<meta property=\"og:image\" content=\"https:\/\/d2p6e6u75xmxt8.cloudfront.net\/5\/2016\/06\/848787874.jpg\" \/>\n\t<meta property=\"og:image:width\" content=\"1375\" \/>\n\t<meta property=\"og:image:height\" content=\"600\" \/>\n\t<meta property=\"og:image:type\" content=\"image\/jpeg\" \/>\n<meta name=\"author\" content=\"WeLoveCycling\" \/>\n<meta name=\"twitter:card\" content=\"summary_large_image\" \/>\n<meta name=\"twitter:label1\" content=\"Written by\" \/>\n\t<meta name=\"twitter:data1\" content=\"WeLoveCycling\" \/>\n\t<meta name=\"twitter:label2\" content=\"Est. reading time\" \/>\n\t<meta name=\"twitter:data2\" content=\"2 minutes\" \/>\n<script type=\"application\/ld+json\" class=\"yoast-schema-graph\">{\"@context\":\"https:\/\/schema.org\",\"@graph\":[{\"@type\":\"WebPage\",\"@id\":\"https:\/\/www.welovecycling.com\/pl\/2016\/06\/27\/z-londynu-do-paryza-charytatywna-podroz-na-rowerach\/\",\"url\":\"https:\/\/www.welovecycling.com\/pl\/2016\/06\/27\/z-londynu-do-paryza-charytatywna-podroz-na-rowerach\/\",\"name\":\"Z Londynu do Pary\u017ca: charytatywna podr\u00f3\u017c na rowerach - \u0160koda We Love Cycling - Poland\",\"isPartOf\":{\"@id\":\"https:\/\/www.welovecycling.com\/pl\/#website\"},\"primaryImageOfPage\":{\"@id\":\"https:\/\/www.welovecycling.com\/pl\/2016\/06\/27\/z-londynu-do-paryza-charytatywna-podroz-na-rowerach\/#primaryimage\"},\"image\":{\"@id\":\"https:\/\/www.welovecycling.com\/pl\/2016\/06\/27\/z-londynu-do-paryza-charytatywna-podroz-na-rowerach\/#primaryimage\"},\"thumbnailUrl\":\"https:\/\/d2p6e6u75xmxt8.cloudfront.net\/5\/2016\/06\/848787874.jpg\",\"datePublished\":\"2016-06-27T14:41:23+00:00\",\"dateModified\":\"2016-12-05T08:50:59+00:00\",\"author\":{\"@id\":\"https:\/\/www.welovecycling.com\/pl\/#\/schema\/person\/e5187c9cac8dd619ebc7b41bd73c2fd9\"},\"breadcrumb\":{\"@id\":\"https:\/\/www.welovecycling.com\/pl\/2016\/06\/27\/z-londynu-do-paryza-charytatywna-podroz-na-rowerach\/#breadcrumb\"},\"inLanguage\":\"pl-PL\",\"potentialAction\":[{\"@type\":\"ReadAction\",\"target\":[\"https:\/\/www.welovecycling.com\/pl\/2016\/06\/27\/z-londynu-do-paryza-charytatywna-podroz-na-rowerach\/\"]}]},{\"@type\":\"ImageObject\",\"inLanguage\":\"pl-PL\",\"@id\":\"https:\/\/www.welovecycling.com\/pl\/2016\/06\/27\/z-londynu-do-paryza-charytatywna-podroz-na-rowerach\/#primaryimage\",\"url\":\"https:\/\/d2p6e6u75xmxt8.cloudfront.net\/5\/2016\/06\/848787874.jpg\",\"contentUrl\":\"https:\/\/d2p6e6u75xmxt8.cloudfront.net\/5\/2016\/06\/848787874.jpg\",\"width\":1375,\"height\":600},{\"@type\":\"BreadcrumbList\",\"@id\":\"https:\/\/www.welovecycling.com\/pl\/2016\/06\/27\/z-londynu-do-paryza-charytatywna-podroz-na-rowerach\/#breadcrumb\",\"itemListElement\":[{\"@type\":\"ListItem\",\"position\":1,\"name\":\"Home\",\"item\":\"https:\/\/www.welovecycling.com\/pl\/\"},{\"@type\":\"ListItem\",\"position\":2,\"name\":\"Z Londynu do Pary\u017ca: charytatywna podr\u00f3\u017c na rowerach\"}]},{\"@type\":\"WebSite\",\"@id\":\"https:\/\/www.welovecycling.com\/pl\/#website\",\"url\":\"https:\/\/www.welovecycling.com\/pl\/\",\"name\":\"\u0160koda We Love Cycling - Poland\",\"description\":\"\",\"potentialAction\":[{\"@type\":\"SearchAction\",\"target\":{\"@type\":\"EntryPoint\",\"urlTemplate\":\"https:\/\/www.welovecycling.com\/pl\/?s={search_term_string}\"},\"query-input\":{\"@type\":\"PropertyValueSpecification\",\"valueRequired\":true,\"valueName\":\"search_term_string\"}}],\"inLanguage\":\"pl-PL\"},{\"@type\":\"Person\",\"@id\":\"https:\/\/www.welovecycling.com\/pl\/#\/schema\/person\/e5187c9cac8dd619ebc7b41bd73c2fd9\",\"name\":\"WeLoveCycling\",\"image\":{\"@type\":\"ImageObject\",\"inLanguage\":\"pl-PL\",\"@id\":\"https:\/\/www.welovecycling.com\/pl\/#\/schema\/person\/image\/\",\"url\":\"https:\/\/secure.gravatar.com\/avatar\/7e1ee0ecc5e294b19ef32b9f6086e0afbb9da00c3cb0d465ba4695331f4a9187?s=96&d=mm&r=g\",\"contentUrl\":\"https:\/\/secure.gravatar.com\/avatar\/7e1ee0ecc5e294b19ef32b9f6086e0afbb9da00c3cb0d465ba4695331f4a9187?s=96&d=mm&r=g\",\"caption\":\"WeLoveCycling\"},\"url\":\"https:\/\/www.welovecycling.com\/pl\/author\/lukascech\/\"}]}<\/script>\n<!-- \/ Yoast SEO Premium plugin. -->","yoast_head_json":{"title":"Z Londynu do Pary\u017ca: charytatywna podr\u00f3\u017c na rowerach - \u0160koda We Love Cycling - Poland","robots":{"index":"index","follow":"follow","max-snippet":"max-snippet:-1","max-image-preview":"max-image-preview:large","max-video-preview":"max-video-preview:-1"},"canonical":"https:\/\/www.welovecycling.com\/pl\/2016\/06\/27\/z-londynu-do-paryza-charytatywna-podroz-na-rowerach\/","og_locale":"pl_PL","og_type":"article","og_title":"Z Londynu do Pary\u017ca: charytatywna podr\u00f3\u017c na rowerach","og_description":"Pierwszym chwilom d\u0142ugiej podr\u00f3\u017cy zawsze towarzysz\u0105 mieszane uczucia. Podniecenie, obawy i zniecierpliwienie \u2013 to cz\u0119ste emocje towarzysz\u0105ce kolarzom przed pokonaniem [&hellip;]","og_url":"https:\/\/www.welovecycling.com\/pl\/2016\/06\/27\/z-londynu-do-paryza-charytatywna-podroz-na-rowerach\/","og_site_name":"\u0160koda We Love Cycling - Poland","article_published_time":"2016-06-27T14:41:23+00:00","article_modified_time":"2016-12-05T08:50:59+00:00","og_image":[{"width":1375,"height":600,"url":"https:\/\/d2p6e6u75xmxt8.cloudfront.net\/5\/2016\/06\/848787874.jpg","type":"image\/jpeg"}],"author":"WeLoveCycling","twitter_card":"summary_large_image","twitter_misc":{"Written by":"WeLoveCycling","Est. reading time":"2 minutes"},"schema":{"@context":"https:\/\/schema.org","@graph":[{"@type":"WebPage","@id":"https:\/\/www.welovecycling.com\/pl\/2016\/06\/27\/z-londynu-do-paryza-charytatywna-podroz-na-rowerach\/","url":"https:\/\/www.welovecycling.com\/pl\/2016\/06\/27\/z-londynu-do-paryza-charytatywna-podroz-na-rowerach\/","name":"Z Londynu do Pary\u017ca: charytatywna podr\u00f3\u017c na rowerach - \u0160koda We Love Cycling - Poland","isPartOf":{"@id":"https:\/\/www.welovecycling.com\/pl\/#website"},"primaryImageOfPage":{"@id":"https:\/\/www.welovecycling.com\/pl\/2016\/06\/27\/z-londynu-do-paryza-charytatywna-podroz-na-rowerach\/#primaryimage"},"image":{"@id":"https:\/\/www.welovecycling.com\/pl\/2016\/06\/27\/z-londynu-do-paryza-charytatywna-podroz-na-rowerach\/#primaryimage"},"thumbnailUrl":"https:\/\/d2p6e6u75xmxt8.cloudfront.net\/5\/2016\/06\/848787874.jpg","datePublished":"2016-06-27T14:41:23+00:00","dateModified":"2016-12-05T08:50:59+00:00","author":{"@id":"https:\/\/www.welovecycling.com\/pl\/#\/schema\/person\/e5187c9cac8dd619ebc7b41bd73c2fd9"},"breadcrumb":{"@id":"https:\/\/www.welovecycling.com\/pl\/2016\/06\/27\/z-londynu-do-paryza-charytatywna-podroz-na-rowerach\/#breadcrumb"},"inLanguage":"pl-PL","potentialAction":[{"@type":"ReadAction","target":["https:\/\/www.welovecycling.com\/pl\/2016\/06\/27\/z-londynu-do-paryza-charytatywna-podroz-na-rowerach\/"]}]},{"@type":"ImageObject","inLanguage":"pl-PL","@id":"https:\/\/www.welovecycling.com\/pl\/2016\/06\/27\/z-londynu-do-paryza-charytatywna-podroz-na-rowerach\/#primaryimage","url":"https:\/\/d2p6e6u75xmxt8.cloudfront.net\/5\/2016\/06\/848787874.jpg","contentUrl":"https:\/\/d2p6e6u75xmxt8.cloudfront.net\/5\/2016\/06\/848787874.jpg","width":1375,"height":600},{"@type":"BreadcrumbList","@id":"https:\/\/www.welovecycling.com\/pl\/2016\/06\/27\/z-londynu-do-paryza-charytatywna-podroz-na-rowerach\/#breadcrumb","itemListElement":[{"@type":"ListItem","position":1,"name":"Home","item":"https:\/\/www.welovecycling.com\/pl\/"},{"@type":"ListItem","position":2,"name":"Z Londynu do Pary\u017ca: charytatywna podr\u00f3\u017c na rowerach"}]},{"@type":"WebSite","@id":"https:\/\/www.welovecycling.com\/pl\/#website","url":"https:\/\/www.welovecycling.com\/pl\/","name":"\u0160koda We Love Cycling - Poland","description":"","potentialAction":[{"@type":"SearchAction","target":{"@type":"EntryPoint","urlTemplate":"https:\/\/www.welovecycling.com\/pl\/?s={search_term_string}"},"query-input":{"@type":"PropertyValueSpecification","valueRequired":true,"valueName":"search_term_string"}}],"inLanguage":"pl-PL"},{"@type":"Person","@id":"https:\/\/www.welovecycling.com\/pl\/#\/schema\/person\/e5187c9cac8dd619ebc7b41bd73c2fd9","name":"WeLoveCycling","image":{"@type":"ImageObject","inLanguage":"pl-PL","@id":"https:\/\/www.welovecycling.com\/pl\/#\/schema\/person\/image\/","url":"https:\/\/secure.gravatar.com\/avatar\/7e1ee0ecc5e294b19ef32b9f6086e0afbb9da00c3cb0d465ba4695331f4a9187?s=96&d=mm&r=g","contentUrl":"https:\/\/secure.gravatar.com\/avatar\/7e1ee0ecc5e294b19ef32b9f6086e0afbb9da00c3cb0d465ba4695331f4a9187?s=96&d=mm&r=g","caption":"WeLoveCycling"},"url":"https:\/\/www.welovecycling.com\/pl\/author\/lukascech\/"}]}},"_links":{"self":[{"href":"https:\/\/www.welovecycling.com\/pl\/wp-json\/wp\/v2\/posts\/1259","targetHints":{"allow":["GET"]}}],"collection":[{"href":"https:\/\/www.welovecycling.com\/pl\/wp-json\/wp\/v2\/posts"}],"about":[{"href":"https:\/\/www.welovecycling.com\/pl\/wp-json\/wp\/v2\/types\/post"}],"author":[{"embeddable":true,"href":"https:\/\/www.welovecycling.com\/pl\/wp-json\/wp\/v2\/users\/1"}],"replies":[{"embeddable":true,"href":"https:\/\/www.welovecycling.com\/pl\/wp-json\/wp\/v2\/comments?post=1259"}],"version-history":[{"count":1,"href":"https:\/\/www.welovecycling.com\/pl\/wp-json\/wp\/v2\/posts\/1259\/revisions"}],"predecessor-version":[{"id":2446,"href":"https:\/\/www.welovecycling.com\/pl\/wp-json\/wp\/v2\/posts\/1259\/revisions\/2446"}],"wp:featuredmedia":[{"embeddable":true,"href":"https:\/\/www.welovecycling.com\/pl\/wp-json\/wp\/v2\/media\/1260"}],"wp:attachment":[{"href":"https:\/\/www.welovecycling.com\/pl\/wp-json\/wp\/v2\/media?parent=1259"}],"wp:term":[{"taxonomy":"category","embeddable":true,"href":"https:\/\/www.welovecycling.com\/pl\/wp-json\/wp\/v2\/categories?post=1259"},{"taxonomy":"post_tag","embeddable":true,"href":"https:\/\/www.welovecycling.com\/pl\/wp-json\/wp\/v2\/tags?post=1259"},{"taxonomy":"global-categories","embeddable":true,"href":"https:\/\/www.welovecycling.com\/pl\/wp-json\/wp\/v2\/global-categories?post=1259"}],"curies":[{"name":"wp","href":"https:\/\/api.w.org\/{rel}","templated":true}]}}