{"id":12582,"date":"2022-01-24T10:34:50","date_gmt":"2022-01-24T10:34:50","guid":{"rendered":"https:\/\/www.welovecycling.com\/pl\/?p=12582"},"modified":"2022-01-24T10:34:50","modified_gmt":"2022-01-24T10:34:50","slug":"8-krzepiacych-historii-z-rowerem-w-roli-glownej-z-2021-roku","status":"publish","type":"post","link":"https:\/\/www.welovecycling.com\/pl\/2022\/01\/24\/8-krzepiacych-historii-z-rowerem-w-roli-glownej-z-2021-roku\/","title":{"rendered":"8 krzepi\u0105cych historii z rowerem w roli g\u0142\u00f3wnej z 2021 roku"},"content":{"rendered":"<p><strong>Zwykle nie trzeba daleko szuka\u0107, aby znale\u017a\u0107 inspiruj\u0105ce historie zwi\u0105zane z rowerem. Czasami s\u0105 to spektakularne zmiany zdrowotne, innym razem sukcesy zwi\u0105zane z podnoszeniem \u015bwiadomo\u015bci na temat korzy\u015bci p\u0142yn\u0105cych z jazdy lub ze zdobywaniem funduszy na rozw\u00f3j spo\u0142eczno\u015bci rowerowych. Dzi\u0119ki takim historiom ludzie czuj\u0105 si\u0119 zmotywowani do korzystania z roweru zar\u00f3wno dla poprawy swojego zdrowia, jak i wspierania innych i robienia niezwyk\u0142ych rzeczy.<\/strong><\/p>\n<p>Bohaterami tych opowie\u015bci coraz cz\u0119\u015bciej s\u0105 osoby obu p\u0142ci, w r\u00f3\u017cnym wieku, o r\u00f3\u017cnym stanie zdrowia i pochodzeniu spo\u0142eczno-ekonomicznym. Bo jazda na rowerze jest dla ka\u017cdego i mi\u0142o widzie\u0107, jak ten niepozorny pojazd ma tak ogromny wp\u0142yw na ludzkie \u017cycie.<\/p>\n<p>Oto kilka przyk\u0142ad\u00f3w niezwyk\u0142ych rzeczy, kt\u00f3re ludzie zrobili przy pomocy dw\u00f3ch k\u00f3\u0142ek w ubieg\u0142ym roku.<\/p>\n<h2>Syryjki sprzeciwi\u0142y si\u0119 tradycji, kt\u00f3ra nie pozwala\u0142a im je\u017adzi\u0107 na rowerze<\/h2>\n<figure style=\"width: 1250px\" class=\"wp-caption alignnone\"><img loading=\"lazy\" decoding=\"async\" src=\"https:\/\/d2p6e6u75xmxt8.cloudfront.net\/2\/2021\/03\/Syria-women-cycling-profimedia-0583927614.jpg\" alt=\"I Want a Bike marathon\" width=\"1250\" height=\"833\" \/><figcaption class=\"wp-caption-text\">W spo\u0142eczno\u015bci rowerowej wci\u0105\u017c istniej\u0105 r\u00f3\u017cnice pomi\u0119dzy p\u0142ciami. Wida\u0107 to szczeg\u00f3lnie wyra\u017anie w tych cz\u0119\u015bciach \u015bwiata, w kt\u00f3rych kobieta na rowerze nadal jest czym\u015b niezwyk\u0142ym lub wr\u0119cz niew\u0142a\u015bciwym. \u00a9 Profimedia<\/figcaption><\/figure>\n<p>Jedn\u0105 z inicjatyw maj\u0105cych na celu zach\u0119cenie kobiet na ca\u0142ym \u015bwiecie do jazdy na rowerze jest kampania <a href=\"https:\/\/www.welovecycling.com\/wide\/2021\/03\/12\/i-want-a-bike-the-campaign-to-get-syrian-women-cycling\/\"><u>\u201eI Want a Bike\u201d przeprowadzona w Syrii<\/u><\/a>. W \u015blad za innymi odwa\u017cnymi kobietami, kt\u00f3re w ci\u0105gu ostatnich lat promowa\u0142y jazd\u0119 na rowerze w tym kraju, ruszy\u0142a grupa m\u0142odych rowerzystek. We wsp\u00f3\u0142pracy z Federacj\u0105 Sportow\u0105 P\u00f3\u0142nocno-Wschodniej Syrii za\u0142o\u017cy\u0142y one jedn\u0105 z pierwszych w kraju organizacji rowerowych skoncentrowanych na kobietach. Nastawiony na osi\u0105gni\u0119cie sukces\u00f3w zesp\u00f3\u0142 \u201eI Want a Bike\u201d zorganizowa\u0142 pierwszy wy\u015bcig rowerowy w 2021 roku i kontynuuje swoj\u0105 misj\u0119 \u2013 pom\u00f3c jak najwi\u0119kszej liczbie kobiet odkry\u0107 rado\u015b\u0107 z jazdy na rowerze.<\/p>\n<h2>Sisters in the Wild sprawiaj\u0105, \u017ce bikepacking jest bardziej r\u00f3\u017cnorodny i dost\u0119pny dla kobiet<\/h2>\n<p><a href=\"https:\/\/www.welovecycling.com\/wide\/2021\/08\/11\/sisters-in-the-wild-a-community-building-weekend-focused-on-bikepacking\/\"><u>Sisters in the Wild<\/u><\/a> to dynamiczna spo\u0142eczno\u015b\u0107 z siedzib\u0105 w Wielkiej Brytanii, tworz\u0105ca \u015brodowisko, w kt\u00f3rym kobiety mog\u0105 poczu\u0107 smak wolno\u015bci, jak\u0105 daje jazda na rowerze. W 2021 roku zorganizowa\u0142a weekend w Lake District, podczas kt\u00f3rego kobiety z r\u00f3\u017cnych \u015brodowisk i o r\u00f3\u017cnym do\u015bwiadczeniu spotka\u0142y si\u0119, \u017ceby pokonywa\u0107 jedne z najlepszych dr\u00f3g szutrowych w kraju. Do Lake District zjecha\u0142y si\u0119 kolarki d\u0142ugodystansowe, mechaniczki rowerowe, osoby tylko doje\u017cd\u017caj\u0105ce rowerem do pracy oraz takie, kt\u00f3re nigdy wcze\u015bniej nie je\u017adzi\u0142y w terenie. Dzi\u0119ki tej r\u00f3\u017cnorodno\u015bci powsta\u0142o idealne \u015brodowisko do uprawiania nowej pasji, dzielenia si\u0119 wiedz\u0105 i do\u015bwiadczeniem.<\/p>\n<figure style=\"width: 1020px\" class=\"wp-caption alignnone\"><img loading=\"lazy\" decoding=\"async\" src=\"https:\/\/d2p6e6u75xmxt8.cloudfront.net\/2\/2021\/08\/Sisters-in-the-wild-2.jpg\" alt=\"Women's Bikepacking Seminar\" width=\"1020\" height=\"680\" \/><figcaption class=\"wp-caption-text\">75 kobiet, os\u00f3b niebinarnych i transp\u0142ciowych wyruszy\u0142o do Lake District, aby wzi\u0105\u0107 udzia\u0142 w weekendowym spotkaniu spo\u0142eczno\u015bci skupionej na je\u017adzie na rowerze. \u00a9 Roxanna Barry<\/figcaption><\/figure>\n<h2>Wielkie kolarskie nazwiska \u0142\u0105cz\u0105 si\u0142y, aby pom\u00f3c Afganistanowi<\/h2>\n<p>Dzi\u0119ki wsp\u00f3\u0142pracy Sylvana Adamsa, w\u0142a\u015bciciela m\u0119skiej dru\u017cyny UCI WorldTeam Israel Start-Up Nation, organizacji pozarz\u0105dowej IsraAID, r\u00f3\u017cnych rz\u0105d\u00f3w, Azjatyckiej Konfederacji Kolarskiej (ACC) oraz FIFA <a href=\"https:\/\/www.eurosport.com\/cycling\/the-uci-cycling-s-world-governing-body-reveals-it-helped-evacuate-165-out-of-afghanistan-following-t_sto8580707\/story.shtml\"><u>UCI uda\u0142o si\u0119 pom\u00f3c w ewakuacji <\/u><\/a>125 obywateli Afganistanu. Znale\u017ali si\u0119 w\u015br\u00f3d nich kolarki, cz\u0142onkowie organ\u00f3w zarz\u0105dzaj\u0105cych kolarstwem, arty\u015bci, s\u0119dzia oraz kilkoro dziennikarzy i dzia\u0142aczy na rzecz praw cz\u0142owieka. Wszystkim uda\u0142o si\u0119 dotrze\u0107 do Europy przez stolic\u0119 Albanii, Tiran\u0119. Trzydzie\u015bci osiem os\u00f3b osiedli\u0142o si\u0119 w Szwajcarii, a pozosta\u0142e pojecha\u0142y do Kanady, Francji, Izraela i USA.<\/p>\n<h2>Irackie kobiety organizuj\u0105 rajd dla wolno\u015bci i bezpieczniejszej infrastruktury rowerowej<\/h2>\n<p>Wiosn\u0105 2021 roku w Mosulu w Iraku odby\u0142 si\u0119 rajd rowerowy kobiet. Z\u0142o\u017cona z <a href=\"https:\/\/www.welovecycling.com\/wide\/2021\/04\/14\/iraqi-women-took-a-ride-for-freedom-and-the-reconstruction-of-mosul\/\"><u>oko\u0142o 35 zawodniczek<\/u><\/a> w wieku od 15 do 30 lat grupa przejecha\u0142a ulicami starego miasta, aby zach\u0119ci\u0107 wi\u0119cej dziewcz\u0105t i kobiet do jazdy na rowerze oraz zwr\u00f3ci\u0107 uwag\u0119 na potrzeb\u0119 odbudowy zrujnowanych dr\u00f3g i ca\u0142ej infrastruktury rowerowej.<\/p>\n<figure style=\"width: 1250px\" class=\"wp-caption alignnone\"><img loading=\"lazy\" decoding=\"async\" src=\"https:\/\/d2p6e6u75xmxt8.cloudfront.net\/2\/2021\/04\/Iraq-women-rally-profimedia-0605022005.jpg\" alt=\"The Iraqi rally\" width=\"1250\" height=\"961\" \/><figcaption class=\"wp-caption-text\">Kobiecy rajd rowerowy odby\u0142 si\u0119 w Mosulu w kwietniu 2021 roku. \u00a9 Profimedia<\/figcaption><\/figure>\n<p>Odwa\u017cnym posuni\u0119ciem, demonstruj\u0105cym zaanga\u017cowanie w zapewnienie lepszej przysz\u0142o\u015bci kolejnym pokoleniom, by\u0142 fakt, \u017ce wydarzenie rozpocz\u0119\u0142o si\u0119 w Wielkim Meczecie al-Nuri. Lokalizacja ma znaczenie symboliczne, poniewa\u017c w\u0142a\u015bnie to miejsce wybra\u0142 przyw\u00f3dca Pa\u0144stwa Islamskiego na swoje przem\u00f3wienie, by og\u0142osi\u0107 Mosul samozwa\u0144czym kalifatem. Wiele lat p\u00f3\u017aniej miasto wci\u0105\u017c si\u0119 odbudowuje, ale te odwa\u017cne kobiety sta\u0142y si\u0119 inspiruj\u0105cym symbolem post\u0119pu, kt\u00f3ry osi\u0105gni\u0119to do tej pory.<\/p>\n<h2>Cycling Without Age ro\u015bnie w si\u0142\u0119<\/h2>\n<p><a href=\"https:\/\/www.cbc.ca\/news\/canada\/london\/seniors-cycling-london-1.6227297\"><u>Cycling Without Age<\/u><\/a>, globalny ruch zapocz\u0105tkowany w Danii, kontynuuje swoj\u0105 misj\u0119 dzielenia si\u0119 rado\u015bci\u0105 i wolno\u015bci\u0105 p\u0142yn\u0105c\u0105 z jazdy na rowerze z seniorami. Inicjatywa zyska\u0142a popularno\u015b\u0107 w\u015br\u00f3d os\u00f3b starszych podczas pandemii, kt\u00f3ra znacznie ograniczy\u0142a ich kontakty spo\u0142eczne. \u201eTo mi przywraca m\u0142odo\u015b\u0107!\u201d \u2013 wykrzykn\u0105\u0142 jeden z senior\u00f3w z Londynu w Ontario, kt\u00f3ry polubi\u0142 regularne wycieczki rowerowe dzi\u0119ki wolontariuszom zaanga\u017cowanym w ten ruch.<\/p>\n<p>https:\/\/www.instagram.com\/p\/CP2Zn2stzC0\/?utm_source=ig_embed<\/p>\n<h2>Rowerzysta ratuje \u017cycie drugiemu rowerzy\u015bcie<\/h2>\n<p><a href=\"https:\/\/www.washingtonpost.com\/lifestyle\/2021\/09\/29\/doctor-surgery-woods-biking-minnesota\/\"><u>Dr Jesse Coenen<\/u><\/a> nie spodziewa\u0142 si\u0119, \u017ce w dniu wolnym od pracy wykona operacj\u0119 chirurgiczn\u0105 w \u015brodku lasu. Lekarz medycyny ratunkowej w szpitalu Hayward Area Memorial Hospital w Wisconsin jecha\u0142 jesieni\u0105 szlakiem rowerowym Cuyuna Lakes w Minnesocie, kiedy to natkn\u0105\u0142 si\u0119 na nieprzytomnego m\u0119\u017cczyzn\u0119 otoczonego przez sanitariuszy desperacko pr\u00f3buj\u0105cych go zaintubowa\u0107.<\/p>\n<p>M\u0119\u017cczyzna ten spad\u0142 z roweru i szybko traci\u0142 oddech. Dr Coenen musia\u0142 wykona\u0107 na miejscu krikotyrotomi\u0119 w trybie nag\u0142ym, wk\u0142adaj\u0105c rurk\u0119 przez naci\u0119cie w gardle, aby pom\u00f3c m\u0119\u017cczy\u017anie oddycha\u0107. Procedura zako\u0144czy\u0142a si\u0119 sukcesem i uratowa\u0142a \u017cycie Toddowi Van Guilderowi.<\/p>\n<h2>Nastoletni rdzenny mieszkaniec Kanady dzia\u0142a dla przysz\u0142o\u015bci swojej spo\u0142eczno\u015bci<\/h2>\n<p>Rylee Nepinak nie mia\u0142 do\u015bwiadczenia jako rowerzysta, kiedy zdecydowa\u0142 si\u0119 pojecha\u0107 z Vancouver do Halifaxu. Czu\u0142, \u017ce musi co\u015b zrobi\u0107, aby zwi\u0119kszy\u0107 \u015bwiadomo\u015b\u0107 na temat samob\u00f3jstw w\u015br\u00f3d nastoletnich rdzennych mieszka\u0144c\u00f3w Kanady, a zw\u0142aszcza kryzysu rozwijaj\u0105cego si\u0119 w Tataskewayak Cree Nation w Manitobie. Nepinak nie tylko przejecha\u0142 ca\u0142\u0105 tras\u0119, ale te\u017c uda\u0142o mu si\u0119 zebra\u0107 ponad 27 000 dolar\u00f3w dzi\u0119ki internetowej zbi\u00f3rce pieni\u0119dzy.<\/p>\n<figure style=\"width: 1000px\" class=\"wp-caption alignnone\"><img loading=\"lazy\" decoding=\"async\" src=\"https:\/\/d2p6e6u75xmxt8.cloudfront.net\/2\/2021\/12\/Rylee-Nepinak-profimedia-0628769501.jpg\" alt=\"Rylee Nepinak\" width=\"1000\" height=\"666\" \/><figcaption class=\"wp-caption-text\">Rylee Nepinak wita m\u0142odzie\u017c z Tataskweyak Cree Nation w p\u00f3\u0142nocnej Manitobie. \u00a9 Profimedia<\/figcaption><\/figure>\n<p>Rylee zako\u0144czy\u0142 swoj\u0105 podr\u00f3\u017c w porcie w Halifaksie wraz z kilkoma cz\u0142onkami Tataskweyak Cree Nation, kt\u00f3rzy przejechali przez ca\u0142y kraj, aby si\u0119 z nim spotka\u0107. \u015awiadkiem tej sceny by\u0142a grupa oko\u0142o 20 os\u00f3b nios\u0105cych transparenty z has\u0142em <a href=\"https:\/\/www.cbc.ca\/news\/indigenous\/youth-cycling-tataskweyak-cree-nation-1.6153509\"><u>\u201eKa\u017cde dziecko ma znaczenie\u201d<\/u><\/a> i zdj\u0119cia swoich bliskich, kt\u00f3rzy pope\u0142nili samob\u00f3jstwo.<\/p>\n<h2>Najstarsza gazeciarka w Wielkiej Brytanii nieustaj\u0105co umila s\u0105siadom poranki<\/h2>\n<p><a href=\"https:\/\/www.welovecycling.com\/wide\/2021\/02\/24\/britains-oldest-papergirl-circles-southampton-aged-82\/\"><u>Pauline Bridge<\/u><\/a> rozpocz\u0119\u0142a prac\u0119 jako roznosicielka gazet oko\u0142o dziesi\u0119ciu lat temu i planuje kontynuowa\u0107 j\u0105 do dziewi\u0119\u0107dziesi\u0105tki. Ka\u017cdego ranka wskakuje na sw\u00f3j 40-letni rower i niezale\u017cnie od pogody rozwozi gazety w\u015br\u00f3d swojej spo\u0142eczno\u015bci. Przez te wszystkie lata pani Bridge dostarczy\u0142a oko\u0142o 50 000 gazet i przejecha\u0142a oko\u0142o 5000 mil.<\/p>\n<p>Jak wida\u0107, spo\u0142eczno\u015b\u0107 rowerowa jest pe\u0142na ambitnych i bezinteresownych ludzi, kt\u00f3rzy zaskakuj\u0105 i zachwycaj\u0105 swoj\u0105 kreatywno\u015bci\u0105 i determinacj\u0105. To by\u0142 naprawd\u0119 trudny dla wielu z nas rok, wi\u0119c tym bardziej jeste\u015bmy szcz\u0119\u015bliwi, \u017ce mo\u017cemy podzieli\u0107 si\u0119 tymi krzepi\u0105cymi historiami.<\/p>\n<p>Mamy nadziej\u0119, \u017ce 2022 rok przyniesie ich o wiele wi\u0119cej!<\/p>\n<p><span data-sheets-value=\"{&quot;1&quot;:2,&quot;2&quot;:&quot;Artyku\u0142 powsta\u0142 we wsp\u00f3\u0142pracy ze skoda-auto.pl&quot;}\" data-sheets-userformat=\"{&quot;2&quot;:1,&quot;3&quot;:{&quot;1&quot;:0}}\" data-sheets-hyperlink=\"http:\/\/www.skoda-auto.pl\/\"><a class=\"in-cell-link\" href=\"http:\/\/www.skoda-auto.pl\/\" target=\"_blank\" rel=\"noopener noreferrer\">Artyku\u0142 powsta\u0142 we wsp\u00f3\u0142pracy ze skoda-auto.pl<\/a><\/span><\/p>\n<p><a href=\"https:\/\/www.skoda-auto.pl\/modele\/superb\"><img loading=\"lazy\" decoding=\"async\" class=\"alignnone size-full wp-image-11628 aligncenter\" src=\"https:\/\/d2p6e6u75xmxt8.cloudfront.net\/5\/2021\/12\/640x350-2-1.jpg\" alt=\"\" width=\"640\" height=\"350\" srcset=\"https:\/\/d2p6e6u75xmxt8.cloudfront.net\/5\/2021\/12\/640x350-2-1.jpg 640w, https:\/\/d2p6e6u75xmxt8.cloudfront.net\/5\/2021\/12\/640x350-2-1-300x164.jpg 300w\" sizes=\"auto, (max-width: 640px) 100vw, 640px\" \/><\/a><\/p>\n","protected":false},"excerpt":{"rendered":"<p>Zwykle nie trzeba daleko szuka\u0107, aby znale\u017a\u0107 inspiruj\u0105ce historie zwi\u0105zane z rowerem. Czasami s\u0105 to spektakularne zmiany zdrowotne, innym razem [&hellip;]<\/p>\n","protected":false},"author":153,"featured_media":12588,"comment_status":"open","ping_status":"open","sticky":false,"template":"","format":"standard","meta":{"footnotes":""},"categories":[226],"tags":[],"global-categories":[303],"class_list":["post-12582","post","type-post","status-publish","format-standard","has-post-thumbnail","hentry","category-ciekawostki","global-categories-cycling"],"yoast_head":"<!-- This site is optimized with the Yoast SEO Premium plugin v25.3 (Yoast SEO v25.9) - https:\/\/yoast.com\/wordpress\/plugins\/seo\/ -->\n<title>8 krzepi\u0105cych historii z rowerem w roli g\u0142\u00f3wnej z 2021 roku - \u0160koda We Love Cycling - Poland<\/title>\n<meta name=\"robots\" content=\"index, follow, max-snippet:-1, max-image-preview:large, max-video-preview:-1\" \/>\n<link rel=\"canonical\" href=\"https:\/\/www.welovecycling.com\/pl\/2022\/01\/24\/8-krzepiacych-historii-z-rowerem-w-roli-glownej-z-2021-roku\/\" \/>\n<meta property=\"og:locale\" content=\"pl_PL\" \/>\n<meta property=\"og:type\" content=\"article\" \/>\n<meta property=\"og:title\" content=\"8 krzepi\u0105cych historii z rowerem w roli g\u0142\u00f3wnej z 2021 roku\" \/>\n<meta property=\"og:description\" content=\"Zwykle nie trzeba daleko szuka\u0107, aby znale\u017a\u0107 inspiruj\u0105ce historie zwi\u0105zane z rowerem. Czasami s\u0105 to spektakularne zmiany zdrowotne, innym razem [&hellip;]\" \/>\n<meta property=\"og:url\" content=\"https:\/\/www.welovecycling.com\/pl\/2022\/01\/24\/8-krzepiacych-historii-z-rowerem-w-roli-glownej-z-2021-roku\/\" \/>\n<meta property=\"og:site_name\" content=\"\u0160koda We Love Cycling - Poland\" \/>\n<meta property=\"article:published_time\" content=\"2022-01-24T10:34:50+00:00\" \/>\n<meta property=\"og:image\" content=\"https:\/\/d2p6e6u75xmxt8.cloudfront.net\/5\/2022\/01\/Cycling-friends-profimedia-0558905070-CVR-1024x450-1.jpg\" \/>\n\t<meta property=\"og:image:width\" content=\"1024\" \/>\n\t<meta property=\"og:image:height\" content=\"450\" \/>\n\t<meta property=\"og:image:type\" content=\"image\/jpeg\" \/>\n<meta name=\"author\" content=\"rafal\" \/>\n<meta name=\"twitter:card\" content=\"summary_large_image\" \/>\n<meta name=\"twitter:label1\" content=\"Written by\" \/>\n\t<meta name=\"twitter:data1\" content=\"Megan Flottorp\" \/>\n\t<meta name=\"twitter:label2\" content=\"Est. reading time\" \/>\n\t<meta name=\"twitter:data2\" content=\"6 minutes\" \/>\n<script type=\"application\/ld+json\" class=\"yoast-schema-graph\">{\"@context\":\"https:\/\/schema.org\",\"@graph\":[{\"@type\":\"WebPage\",\"@id\":\"https:\/\/www.welovecycling.com\/pl\/2022\/01\/24\/8-krzepiacych-historii-z-rowerem-w-roli-glownej-z-2021-roku\/\",\"url\":\"https:\/\/www.welovecycling.com\/pl\/2022\/01\/24\/8-krzepiacych-historii-z-rowerem-w-roli-glownej-z-2021-roku\/\",\"name\":\"8 krzepi\u0105cych historii z rowerem w roli g\u0142\u00f3wnej z 2021 roku - \u0160koda We Love Cycling - Poland\",\"isPartOf\":{\"@id\":\"https:\/\/www.welovecycling.com\/pl\/#website\"},\"primaryImageOfPage\":{\"@id\":\"https:\/\/www.welovecycling.com\/pl\/2022\/01\/24\/8-krzepiacych-historii-z-rowerem-w-roli-glownej-z-2021-roku\/#primaryimage\"},\"image\":{\"@id\":\"https:\/\/www.welovecycling.com\/pl\/2022\/01\/24\/8-krzepiacych-historii-z-rowerem-w-roli-glownej-z-2021-roku\/#primaryimage\"},\"thumbnailUrl\":\"https:\/\/d2p6e6u75xmxt8.cloudfront.net\/5\/2022\/01\/Cycling-friends-profimedia-0558905070-CVR-1024x450-1.jpg\",\"datePublished\":\"2022-01-24T10:34:50+00:00\",\"author\":{\"@id\":\"https:\/\/www.welovecycling.com\/pl\/#\/schema\/person\/bf06ed916a1ef16618807fb60d2ebe42\"},\"breadcrumb\":{\"@id\":\"https:\/\/www.welovecycling.com\/pl\/2022\/01\/24\/8-krzepiacych-historii-z-rowerem-w-roli-glownej-z-2021-roku\/#breadcrumb\"},\"inLanguage\":\"pl-PL\",\"potentialAction\":[{\"@type\":\"ReadAction\",\"target\":[\"https:\/\/www.welovecycling.com\/pl\/2022\/01\/24\/8-krzepiacych-historii-z-rowerem-w-roli-glownej-z-2021-roku\/\"]}]},{\"@type\":\"ImageObject\",\"inLanguage\":\"pl-PL\",\"@id\":\"https:\/\/www.welovecycling.com\/pl\/2022\/01\/24\/8-krzepiacych-historii-z-rowerem-w-roli-glownej-z-2021-roku\/#primaryimage\",\"url\":\"https:\/\/d2p6e6u75xmxt8.cloudfront.net\/5\/2022\/01\/Cycling-friends-profimedia-0558905070-CVR-1024x450-1.jpg\",\"contentUrl\":\"https:\/\/d2p6e6u75xmxt8.cloudfront.net\/5\/2022\/01\/Cycling-friends-profimedia-0558905070-CVR-1024x450-1.jpg\",\"width\":1024,\"height\":450},{\"@type\":\"BreadcrumbList\",\"@id\":\"https:\/\/www.welovecycling.com\/pl\/2022\/01\/24\/8-krzepiacych-historii-z-rowerem-w-roli-glownej-z-2021-roku\/#breadcrumb\",\"itemListElement\":[{\"@type\":\"ListItem\",\"position\":1,\"name\":\"Home\",\"item\":\"https:\/\/www.welovecycling.com\/pl\/\"},{\"@type\":\"ListItem\",\"position\":2,\"name\":\"8 krzepi\u0105cych historii z rowerem w roli g\u0142\u00f3wnej z 2021 roku\"}]},{\"@type\":\"WebSite\",\"@id\":\"https:\/\/www.welovecycling.com\/pl\/#website\",\"url\":\"https:\/\/www.welovecycling.com\/pl\/\",\"name\":\"\u0160koda We Love Cycling - Poland\",\"description\":\"\",\"potentialAction\":[{\"@type\":\"SearchAction\",\"target\":{\"@type\":\"EntryPoint\",\"urlTemplate\":\"https:\/\/www.welovecycling.com\/pl\/?s={search_term_string}\"},\"query-input\":{\"@type\":\"PropertyValueSpecification\",\"valueRequired\":true,\"valueName\":\"search_term_string\"}}],\"inLanguage\":\"pl-PL\"},{\"@type\":\"Person\",\"@id\":\"https:\/\/www.welovecycling.com\/pl\/#\/schema\/person\/bf06ed916a1ef16618807fb60d2ebe42\",\"name\":\"rafal\",\"image\":{\"@type\":\"ImageObject\",\"inLanguage\":\"pl-PL\",\"@id\":\"https:\/\/www.welovecycling.com\/pl\/#\/schema\/person\/image\/\",\"url\":\"https:\/\/secure.gravatar.com\/avatar\/203f240e63bee214f6f3a0dacbeb600c7829c09716c2b9ee3230c6961debcde2?s=96&d=mm&r=g\",\"contentUrl\":\"https:\/\/secure.gravatar.com\/avatar\/203f240e63bee214f6f3a0dacbeb600c7829c09716c2b9ee3230c6961debcde2?s=96&d=mm&r=g\",\"caption\":\"rafal\"},\"url\":\"https:\/\/www.welovecycling.com\/pl\/author\/rafal\/\"}]}<\/script>\n<!-- \/ Yoast SEO Premium plugin. -->","yoast_head_json":{"title":"8 krzepi\u0105cych historii z rowerem w roli g\u0142\u00f3wnej z 2021 roku - \u0160koda We Love Cycling - Poland","robots":{"index":"index","follow":"follow","max-snippet":"max-snippet:-1","max-image-preview":"max-image-preview:large","max-video-preview":"max-video-preview:-1"},"canonical":"https:\/\/www.welovecycling.com\/pl\/2022\/01\/24\/8-krzepiacych-historii-z-rowerem-w-roli-glownej-z-2021-roku\/","og_locale":"pl_PL","og_type":"article","og_title":"8 krzepi\u0105cych historii z rowerem w roli g\u0142\u00f3wnej z 2021 roku","og_description":"Zwykle nie trzeba daleko szuka\u0107, aby znale\u017a\u0107 inspiruj\u0105ce historie zwi\u0105zane z rowerem. Czasami s\u0105 to spektakularne zmiany zdrowotne, innym razem [&hellip;]","og_url":"https:\/\/www.welovecycling.com\/pl\/2022\/01\/24\/8-krzepiacych-historii-z-rowerem-w-roli-glownej-z-2021-roku\/","og_site_name":"\u0160koda We Love Cycling - Poland","article_published_time":"2022-01-24T10:34:50+00:00","og_image":[{"width":1024,"height":450,"url":"https:\/\/d2p6e6u75xmxt8.cloudfront.net\/5\/2022\/01\/Cycling-friends-profimedia-0558905070-CVR-1024x450-1.jpg","type":"image\/jpeg"}],"author":"rafal","twitter_card":"summary_large_image","twitter_misc":{"Written by":"Megan Flottorp","Est. reading time":"6 minutes"},"schema":{"@context":"https:\/\/schema.org","@graph":[{"@type":"WebPage","@id":"https:\/\/www.welovecycling.com\/pl\/2022\/01\/24\/8-krzepiacych-historii-z-rowerem-w-roli-glownej-z-2021-roku\/","url":"https:\/\/www.welovecycling.com\/pl\/2022\/01\/24\/8-krzepiacych-historii-z-rowerem-w-roli-glownej-z-2021-roku\/","name":"8 krzepi\u0105cych historii z rowerem w roli g\u0142\u00f3wnej z 2021 roku - \u0160koda We Love Cycling - Poland","isPartOf":{"@id":"https:\/\/www.welovecycling.com\/pl\/#website"},"primaryImageOfPage":{"@id":"https:\/\/www.welovecycling.com\/pl\/2022\/01\/24\/8-krzepiacych-historii-z-rowerem-w-roli-glownej-z-2021-roku\/#primaryimage"},"image":{"@id":"https:\/\/www.welovecycling.com\/pl\/2022\/01\/24\/8-krzepiacych-historii-z-rowerem-w-roli-glownej-z-2021-roku\/#primaryimage"},"thumbnailUrl":"https:\/\/d2p6e6u75xmxt8.cloudfront.net\/5\/2022\/01\/Cycling-friends-profimedia-0558905070-CVR-1024x450-1.jpg","datePublished":"2022-01-24T10:34:50+00:00","author":{"@id":"https:\/\/www.welovecycling.com\/pl\/#\/schema\/person\/bf06ed916a1ef16618807fb60d2ebe42"},"breadcrumb":{"@id":"https:\/\/www.welovecycling.com\/pl\/2022\/01\/24\/8-krzepiacych-historii-z-rowerem-w-roli-glownej-z-2021-roku\/#breadcrumb"},"inLanguage":"pl-PL","potentialAction":[{"@type":"ReadAction","target":["https:\/\/www.welovecycling.com\/pl\/2022\/01\/24\/8-krzepiacych-historii-z-rowerem-w-roli-glownej-z-2021-roku\/"]}]},{"@type":"ImageObject","inLanguage":"pl-PL","@id":"https:\/\/www.welovecycling.com\/pl\/2022\/01\/24\/8-krzepiacych-historii-z-rowerem-w-roli-glownej-z-2021-roku\/#primaryimage","url":"https:\/\/d2p6e6u75xmxt8.cloudfront.net\/5\/2022\/01\/Cycling-friends-profimedia-0558905070-CVR-1024x450-1.jpg","contentUrl":"https:\/\/d2p6e6u75xmxt8.cloudfront.net\/5\/2022\/01\/Cycling-friends-profimedia-0558905070-CVR-1024x450-1.jpg","width":1024,"height":450},{"@type":"BreadcrumbList","@id":"https:\/\/www.welovecycling.com\/pl\/2022\/01\/24\/8-krzepiacych-historii-z-rowerem-w-roli-glownej-z-2021-roku\/#breadcrumb","itemListElement":[{"@type":"ListItem","position":1,"name":"Home","item":"https:\/\/www.welovecycling.com\/pl\/"},{"@type":"ListItem","position":2,"name":"8 krzepi\u0105cych historii z rowerem w roli g\u0142\u00f3wnej z 2021 roku"}]},{"@type":"WebSite","@id":"https:\/\/www.welovecycling.com\/pl\/#website","url":"https:\/\/www.welovecycling.com\/pl\/","name":"\u0160koda We Love Cycling - Poland","description":"","potentialAction":[{"@type":"SearchAction","target":{"@type":"EntryPoint","urlTemplate":"https:\/\/www.welovecycling.com\/pl\/?s={search_term_string}"},"query-input":{"@type":"PropertyValueSpecification","valueRequired":true,"valueName":"search_term_string"}}],"inLanguage":"pl-PL"},{"@type":"Person","@id":"https:\/\/www.welovecycling.com\/pl\/#\/schema\/person\/bf06ed916a1ef16618807fb60d2ebe42","name":"rafal","image":{"@type":"ImageObject","inLanguage":"pl-PL","@id":"https:\/\/www.welovecycling.com\/pl\/#\/schema\/person\/image\/","url":"https:\/\/secure.gravatar.com\/avatar\/203f240e63bee214f6f3a0dacbeb600c7829c09716c2b9ee3230c6961debcde2?s=96&d=mm&r=g","contentUrl":"https:\/\/secure.gravatar.com\/avatar\/203f240e63bee214f6f3a0dacbeb600c7829c09716c2b9ee3230c6961debcde2?s=96&d=mm&r=g","caption":"rafal"},"url":"https:\/\/www.welovecycling.com\/pl\/author\/rafal\/"}]}},"_links":{"self":[{"href":"https:\/\/www.welovecycling.com\/pl\/wp-json\/wp\/v2\/posts\/12582","targetHints":{"allow":["GET"]}}],"collection":[{"href":"https:\/\/www.welovecycling.com\/pl\/wp-json\/wp\/v2\/posts"}],"about":[{"href":"https:\/\/www.welovecycling.com\/pl\/wp-json\/wp\/v2\/types\/post"}],"author":[{"embeddable":true,"href":"https:\/\/www.welovecycling.com\/pl\/wp-json\/wp\/v2\/users\/153"}],"replies":[{"embeddable":true,"href":"https:\/\/www.welovecycling.com\/pl\/wp-json\/wp\/v2\/comments?post=12582"}],"version-history":[{"count":2,"href":"https:\/\/www.welovecycling.com\/pl\/wp-json\/wp\/v2\/posts\/12582\/revisions"}],"predecessor-version":[{"id":12585,"href":"https:\/\/www.welovecycling.com\/pl\/wp-json\/wp\/v2\/posts\/12582\/revisions\/12585"}],"wp:featuredmedia":[{"embeddable":true,"href":"https:\/\/www.welovecycling.com\/pl\/wp-json\/wp\/v2\/media\/12588"}],"wp:attachment":[{"href":"https:\/\/www.welovecycling.com\/pl\/wp-json\/wp\/v2\/media?parent=12582"}],"wp:term":[{"taxonomy":"category","embeddable":true,"href":"https:\/\/www.welovecycling.com\/pl\/wp-json\/wp\/v2\/categories?post=12582"},{"taxonomy":"post_tag","embeddable":true,"href":"https:\/\/www.welovecycling.com\/pl\/wp-json\/wp\/v2\/tags?post=12582"},{"taxonomy":"global-categories","embeddable":true,"href":"https:\/\/www.welovecycling.com\/pl\/wp-json\/wp\/v2\/global-categories?post=12582"}],"curies":[{"name":"wp","href":"https:\/\/api.w.org\/{rel}","templated":true}]}}