{"id":12562,"date":"2022-01-17T14:38:15","date_gmt":"2022-01-17T14:38:15","guid":{"rendered":"https:\/\/www.welovecycling.com\/pl\/?p=12562"},"modified":"2022-01-17T14:38:15","modified_gmt":"2022-01-17T14:38:15","slug":"10-najgorszych-sciezek-rowerowych-z-calego-swiata","status":"publish","type":"post","link":"https:\/\/www.welovecycling.com\/pl\/2022\/01\/17\/10-najgorszych-sciezek-rowerowych-z-calego-swiata\/","title":{"rendered":"10 najgorszych \u015bcie\u017cek rowerowych z ca\u0142ego \u015bwiata"},"content":{"rendered":"<p><strong>Niedawno w We Love Cycling wyznaczyli\u015bmy sobie nowy, \u015bmia\u0142y cel: zebra\u0107 jak najwi\u0119cej fatalnych \u015bcie\u017cek rowerowych z ca\u0142ego \u015bwiata w jednym miejscu. Tak powsta\u0142a <u><a href=\"https:\/\/www.welovecycling.com\/wide\/worst-cycle-lane\/\">og\u00f3lno\u015bwiatowa galeria najgorszych \u015bcie\u017cek rowerowych<\/a>,<\/u> kt\u00f3ra sk\u0142ada si\u0119 wy\u0142\u0105czenie ze zdj\u0119\u0107 od u\u017cytkownik\u00f3w. My tylko wybrali\u015bmy najciekawsze z nich.<\/strong><\/p>\n<p>W wyzwaniu pod has\u0142em \u201eNajgorsza \u015bcie\u017cka rowerowa\u201d nades\u0142ano zg\u0142oszenia z r\u00f3\u017cnych zak\u0105tk\u00f3w \u015bwiata. Na szcz\u0119\u015bcie okazuje si\u0119, \u017ce \u2013 zw\u0142aszcza w miastach \u2013 stale poprawia si\u0119 infrastruktura rowerowa, wi\u0119c mo\u017cna liczy\u0107, \u017ce wybrane przez nas \u015bcie\u017cki te\u017c kiedy\u015b zmieni\u0105 si\u0119 na lepsze. Na przyk\u0142ad portugalskie miasto Guimar\u00e3es zrobi\u0142o wielki krok w kierunku bardziej ekologicznej, mniej obci\u0105\u017conej emisj\u0105 zanieczyszcze\u0144 przysz\u0142o\u015bci. W 2021 roku stworzono tam projekt <a href=\"https:\/\/ec.europa.eu\/regional_policy\/en\/projects\/Portugal\/portuguese-city-of-guimaraes-goes-green-with-new-bicycle-lanes\"><u>Ecovia<\/u><\/a>, sie\u0107 \u015bcie\u017cek rowerowych, kt\u00f3re \u0142\u0105cz\u0105 \u015br\u00f3dmie\u015bcie z przedmie\u015bciami, strefami handlowymi, zabytkami itp. Z kolei szwedzkie miasto Malm\u00f6 otrzyma\u0142o w 2019 roku tytu\u0142<a href=\"https:\/\/www.eltis.org\/discover\/case-studies\/cycling-europe-celebrating-success-champion-city-malmo-sweden\"><u> mistrza w kategorii miejsca sprzyjaj\u0105cego je\u017adzie na rowerze<\/u><\/a> za genialne strategie, kt\u00f3re sprawi\u0142y, \u017ce 22% populacji korzysta z rower\u00f3w, a te liczby stale rosn\u0105. I wreszcie <a href=\"https:\/\/cyclingtips.com\/2020\/02\/could-cycling-superhighways-be-coming-to-melbourne\/\"><u>autostrady rowerowe w Melbourne<\/u><\/a> otrzyma\u0142y zielone \u015bwiat\u0142o w 2020 roku i s\u0105 wspierane przez niezale\u017cny organ doradczy ds. infrastruktury, Infrastructure Australia.<\/p>\n<p>Jak wida\u0107 z poni\u017cszej galerii, nie wsz\u0119dzie jest tak dobrze, ale to oznacza, \u017ce nadal s\u0105 powody do d\u0105\u017cenia do doskona\u0142o\u015bci.<\/p>\n<h2>1. Dzisiaj tylko kr\u00f3ciute\u0144ka przeja\u017cd\u017cka<\/h2>\n<figure style=\"width: 933px\" class=\"wp-caption alignnone\"><img loading=\"lazy\" decoding=\"async\" src=\"https:\/\/d2p6e6u75xmxt8.cloudfront.net\/2\/2021\/08\/HereinPortugalweE28099vegotthisoneforthosedayswhenyouonlyhavetimeforashortrideF09F98B6_6113c17bc646d.jpg\" alt=\"Cycle lane Portugal\" width=\"933\" height=\"933\" \/><figcaption class=\"wp-caption-text\">Portugalia<\/figcaption><\/figure>\n<h2>2. Na tej \u015bcie\u017cce nie b\u0119dziesz si\u0119 nudzi\u0107<\/h2>\n<figure style=\"width: 1080px\" class=\"wp-caption alignnone\"><img loading=\"lazy\" decoding=\"async\" src=\"https:\/\/d2p6e6u75xmxt8.cloudfront.net\/2\/2021\/12\/France-cycle-lane.jpg\" alt=\"France cycle lane\" width=\"1080\" height=\"1080\" \/><figcaption class=\"wp-caption-text\">Francja<\/figcaption><\/figure>\n<h2>3. C\u00f3\u017c za komfortowa jazda<\/h2>\n<figure style=\"width: 1178px\" class=\"wp-caption alignnone\"><img loading=\"lazy\" decoding=\"async\" src=\"https:\/\/d2p6e6u75xmxt8.cloudfront.net\/2\/2021\/08\/bestwishesfromvolos2Cgr.n27joyyourride..._6118c37ab9a4a.jpg\" alt=\"Volos cycle lane\" width=\"1178\" height=\"1178\" \/><figcaption class=\"wp-caption-text\">Grecja<\/figcaption><\/figure>\n<h2>4. A co to, \u015bmietnik?<\/h2>\n<figure style=\"width: 933px\" class=\"wp-caption alignnone\"><img loading=\"lazy\" decoding=\"async\" src=\"https:\/\/d2p6e6u75xmxt8.cloudfront.net\/2\/2021\/12\/Chile-cycle-lane.jpg\" alt=\"Chile cycle lane\" width=\"933\" height=\"933\" \/><figcaption class=\"wp-caption-text\">Chile<\/figcaption><\/figure>\n<h2>5. Bezpiecznej przeprawy!<\/h2>\n<figure style=\"width: 810px\" class=\"wp-caption alignnone\"><img loading=\"lazy\" decoding=\"async\" src=\"https:\/\/d2p6e6u75xmxt8.cloudfront.net\/2\/2021\/08\/EuroveloroutenearMaribor._6113c7313a50f.jpg\" alt=\"Maribor cycle route\" width=\"810\" height=\"810\" \/><figcaption class=\"wp-caption-text\">S\u0142owenia<\/figcaption><\/figure>\n<h2>6. \u015acie\u017cka, kt\u00f3ra znika<\/h2>\n<figure style=\"width: 1202px\" class=\"wp-caption alignnone\"><img loading=\"lazy\" decoding=\"async\" src=\"https:\/\/d2p6e6u75xmxt8.cloudfront.net\/2\/2021\/08\/Noroomforcyclepaths_61250d7660e0f.jpg\" alt=\"Portugal cycle lane\" width=\"1202\" height=\"1202\" \/><figcaption class=\"wp-caption-text\">Portugalia<\/figcaption><\/figure>\n<h2>7. Uwaga, w\u0105skie gard\u0142o<\/h2>\n<figure style=\"width: 1080px\" class=\"wp-caption alignnone\"><img loading=\"lazy\" decoding=\"async\" src=\"https:\/\/d2p6e6u75xmxt8.cloudfront.net\/2\/2021\/08\/TheCooksRiverisgenerallyawonderfulSydneyridebutthispointwherethepathrunsunderabridgeatnearlyexactlyhandlebarwidthisdefinitelyworstcyclepathworthy_612b3675d8e7e.jpg\" alt=\"Cooks River cycle path\" width=\"1080\" height=\"1080\" \/><figcaption class=\"wp-caption-text\">Australia<\/figcaption><\/figure>\n<h2>8. Piesi i rowerzy\u015bci jeste\u015bmy w tym razem<\/h2>\n<figure style=\"width: 1200px\" class=\"wp-caption alignnone\"><img loading=\"lazy\" decoding=\"async\" src=\"https:\/\/d2p6e6u75xmxt8.cloudfront.net\/2\/2021\/08\/Tallinn2CEstonia_6128bd5e36f59.jpg\" alt=\"Tallinn\" width=\"1200\" height=\"1200\" \/><figcaption class=\"wp-caption-text\">Tallin, Estonia<\/figcaption><\/figure>\n<h2>9. Mo\u017cna zzielenie\u0107 ze z\u0142o\u015bci<\/h2>\n<figure style=\"width: 910px\" class=\"wp-caption alignnone\"><img loading=\"lazy\" decoding=\"async\" src=\"https:\/\/d2p6e6u75xmxt8.cloudfront.net\/2\/2021\/12\/Malaysia-cycle-path.jpg\" alt=\"Kuala Lumpur cycle path\" width=\"910\" height=\"910\" \/><figcaption class=\"wp-caption-text\">Kuala Lumpur, Malezja<\/figcaption><\/figure>\n<h2>10. \u015acie\u017cka \u015bcie\u017cce nier\u00f3wna<\/h2>\n<figure style=\"width: 921px\" class=\"wp-caption alignnone\"><img loading=\"lazy\" decoding=\"async\" src=\"https:\/\/d2p6e6u75xmxt8.cloudfront.net\/2\/2021\/12\/Santiago-de-Chile-cycle-path.jpg\" alt=\"Chile cycle path\" width=\"921\" height=\"921\" \/><figcaption class=\"wp-caption-text\">Chile<\/figcaption><\/figure>\n<p>Kt\u00f3ra z powy\u017cszych \u015bcie\u017cek jest Twoim zdaniem najbardziej kuriozalna?<\/p>\n<p><span data-sheets-value=\"{&quot;1&quot;:2,&quot;2&quot;:&quot;Artyku\u0142 powsta\u0142 we wsp\u00f3\u0142pracy ze skoda-auto.pl&quot;}\" data-sheets-userformat=\"{&quot;2&quot;:1,&quot;3&quot;:{&quot;1&quot;:0}}\" data-sheets-hyperlink=\"http:\/\/www.skoda-auto.pl\/\"><a class=\"in-cell-link\" href=\"http:\/\/www.skoda-auto.pl\/\" target=\"_blank\" rel=\"noopener noreferrer\">Artyku\u0142 powsta\u0142 we wsp\u00f3\u0142pracy ze skoda-auto.pl<\/a><\/span><\/p>\n<p><a href=\"https:\/\/www.skoda-auto.pl\/modele\/superb\"><img loading=\"lazy\" decoding=\"async\" class=\"alignnone size-full wp-image-11628 aligncenter\" src=\"https:\/\/d2p6e6u75xmxt8.cloudfront.net\/5\/2021\/12\/640x350-2-1.jpg\" alt=\"\" width=\"640\" height=\"350\" srcset=\"https:\/\/d2p6e6u75xmxt8.cloudfront.net\/5\/2021\/12\/640x350-2-1.jpg 640w, https:\/\/d2p6e6u75xmxt8.cloudfront.net\/5\/2021\/12\/640x350-2-1-300x164.jpg 300w\" sizes=\"auto, (max-width: 640px) 100vw, 640px\" \/><\/a><\/p>\n","protected":false},"excerpt":{"rendered":"<p>Niedawno w We Love Cycling wyznaczyli\u015bmy sobie nowy, \u015bmia\u0142y cel: zebra\u0107 jak najwi\u0119cej fatalnych \u015bcie\u017cek rowerowych z ca\u0142ego \u015bwiata w [&hellip;]<\/p>\n","protected":false},"author":153,"featured_media":12563,"comment_status":"open","ping_status":"open","sticky":false,"template":"","format":"standard","meta":{"footnotes":""},"categories":[289],"tags":[],"global-categories":[303],"class_list":["post-12562","post","type-post","status-publish","format-standard","has-post-thumbnail","hentry","category-we-love-cycling","global-categories-cycling"],"yoast_head":"<!-- This site is optimized with the Yoast SEO Premium plugin v25.3 (Yoast SEO v25.9) - https:\/\/yoast.com\/wordpress\/plugins\/seo\/ -->\n<title>10 najgorszych \u015bcie\u017cek rowerowych z ca\u0142ego \u015bwiata - \u0160koda We Love Cycling - Poland<\/title>\n<meta name=\"robots\" content=\"index, follow, max-snippet:-1, max-image-preview:large, max-video-preview:-1\" \/>\n<link rel=\"canonical\" href=\"https:\/\/www.welovecycling.com\/pl\/2022\/01\/17\/10-najgorszych-sciezek-rowerowych-z-calego-swiata\/\" \/>\n<meta property=\"og:locale\" content=\"pl_PL\" \/>\n<meta property=\"og:type\" content=\"article\" \/>\n<meta property=\"og:title\" content=\"10 najgorszych \u015bcie\u017cek rowerowych z ca\u0142ego \u015bwiata\" \/>\n<meta property=\"og:description\" content=\"Niedawno w We Love Cycling wyznaczyli\u015bmy sobie nowy, \u015bmia\u0142y cel: zebra\u0107 jak najwi\u0119cej fatalnych \u015bcie\u017cek rowerowych z ca\u0142ego \u015bwiata w [&hellip;]\" \/>\n<meta property=\"og:url\" content=\"https:\/\/www.welovecycling.com\/pl\/2022\/01\/17\/10-najgorszych-sciezek-rowerowych-z-calego-swiata\/\" \/>\n<meta property=\"og:site_name\" content=\"\u0160koda We Love Cycling - Poland\" \/>\n<meta property=\"article:published_time\" content=\"2022-01-17T14:38:15+00:00\" \/>\n<meta property=\"og:image\" content=\"https:\/\/d2p6e6u75xmxt8.cloudfront.net\/5\/2022\/01\/wlc_17.01.jpg\" \/>\n\t<meta property=\"og:image:width\" content=\"1024\" \/>\n\t<meta property=\"og:image:height\" content=\"450\" \/>\n\t<meta property=\"og:image:type\" content=\"image\/jpeg\" \/>\n<meta name=\"author\" content=\"rafal\" \/>\n<meta name=\"twitter:card\" content=\"summary_large_image\" \/>\n<meta name=\"twitter:label1\" content=\"Written by\" \/>\n\t<meta name=\"twitter:data1\" content=\"WeLoveCycling\" \/>\n\t<meta name=\"twitter:label2\" content=\"Est. reading time\" \/>\n\t<meta name=\"twitter:data2\" content=\"2 minutes\" \/>\n<script type=\"application\/ld+json\" class=\"yoast-schema-graph\">{\"@context\":\"https:\/\/schema.org\",\"@graph\":[{\"@type\":\"WebPage\",\"@id\":\"https:\/\/www.welovecycling.com\/pl\/2022\/01\/17\/10-najgorszych-sciezek-rowerowych-z-calego-swiata\/\",\"url\":\"https:\/\/www.welovecycling.com\/pl\/2022\/01\/17\/10-najgorszych-sciezek-rowerowych-z-calego-swiata\/\",\"name\":\"10 najgorszych \u015bcie\u017cek rowerowych z ca\u0142ego \u015bwiata - \u0160koda We Love Cycling - Poland\",\"isPartOf\":{\"@id\":\"https:\/\/www.welovecycling.com\/pl\/#website\"},\"primaryImageOfPage\":{\"@id\":\"https:\/\/www.welovecycling.com\/pl\/2022\/01\/17\/10-najgorszych-sciezek-rowerowych-z-calego-swiata\/#primaryimage\"},\"image\":{\"@id\":\"https:\/\/www.welovecycling.com\/pl\/2022\/01\/17\/10-najgorszych-sciezek-rowerowych-z-calego-swiata\/#primaryimage\"},\"thumbnailUrl\":\"https:\/\/d2p6e6u75xmxt8.cloudfront.net\/5\/2022\/01\/wlc_17.01.jpg\",\"datePublished\":\"2022-01-17T14:38:15+00:00\",\"author\":{\"@id\":\"https:\/\/www.welovecycling.com\/pl\/#\/schema\/person\/bf06ed916a1ef16618807fb60d2ebe42\"},\"breadcrumb\":{\"@id\":\"https:\/\/www.welovecycling.com\/pl\/2022\/01\/17\/10-najgorszych-sciezek-rowerowych-z-calego-swiata\/#breadcrumb\"},\"inLanguage\":\"pl-PL\",\"potentialAction\":[{\"@type\":\"ReadAction\",\"target\":[\"https:\/\/www.welovecycling.com\/pl\/2022\/01\/17\/10-najgorszych-sciezek-rowerowych-z-calego-swiata\/\"]}]},{\"@type\":\"ImageObject\",\"inLanguage\":\"pl-PL\",\"@id\":\"https:\/\/www.welovecycling.com\/pl\/2022\/01\/17\/10-najgorszych-sciezek-rowerowych-z-calego-swiata\/#primaryimage\",\"url\":\"https:\/\/d2p6e6u75xmxt8.cloudfront.net\/5\/2022\/01\/wlc_17.01.jpg\",\"contentUrl\":\"https:\/\/d2p6e6u75xmxt8.cloudfront.net\/5\/2022\/01\/wlc_17.01.jpg\",\"width\":1024,\"height\":450},{\"@type\":\"BreadcrumbList\",\"@id\":\"https:\/\/www.welovecycling.com\/pl\/2022\/01\/17\/10-najgorszych-sciezek-rowerowych-z-calego-swiata\/#breadcrumb\",\"itemListElement\":[{\"@type\":\"ListItem\",\"position\":1,\"name\":\"Home\",\"item\":\"https:\/\/www.welovecycling.com\/pl\/\"},{\"@type\":\"ListItem\",\"position\":2,\"name\":\"10 najgorszych \u015bcie\u017cek rowerowych z ca\u0142ego \u015bwiata\"}]},{\"@type\":\"WebSite\",\"@id\":\"https:\/\/www.welovecycling.com\/pl\/#website\",\"url\":\"https:\/\/www.welovecycling.com\/pl\/\",\"name\":\"\u0160koda We Love Cycling - Poland\",\"description\":\"\",\"potentialAction\":[{\"@type\":\"SearchAction\",\"target\":{\"@type\":\"EntryPoint\",\"urlTemplate\":\"https:\/\/www.welovecycling.com\/pl\/?s={search_term_string}\"},\"query-input\":{\"@type\":\"PropertyValueSpecification\",\"valueRequired\":true,\"valueName\":\"search_term_string\"}}],\"inLanguage\":\"pl-PL\"},{\"@type\":\"Person\",\"@id\":\"https:\/\/www.welovecycling.com\/pl\/#\/schema\/person\/bf06ed916a1ef16618807fb60d2ebe42\",\"name\":\"rafal\",\"image\":{\"@type\":\"ImageObject\",\"inLanguage\":\"pl-PL\",\"@id\":\"https:\/\/www.welovecycling.com\/pl\/#\/schema\/person\/image\/\",\"url\":\"https:\/\/secure.gravatar.com\/avatar\/203f240e63bee214f6f3a0dacbeb600c7829c09716c2b9ee3230c6961debcde2?s=96&d=mm&r=g\",\"contentUrl\":\"https:\/\/secure.gravatar.com\/avatar\/203f240e63bee214f6f3a0dacbeb600c7829c09716c2b9ee3230c6961debcde2?s=96&d=mm&r=g\",\"caption\":\"rafal\"},\"url\":\"https:\/\/www.welovecycling.com\/pl\/author\/rafal\/\"}]}<\/script>\n<!-- \/ Yoast SEO Premium plugin. -->","yoast_head_json":{"title":"10 najgorszych \u015bcie\u017cek rowerowych z ca\u0142ego \u015bwiata - \u0160koda We Love Cycling - Poland","robots":{"index":"index","follow":"follow","max-snippet":"max-snippet:-1","max-image-preview":"max-image-preview:large","max-video-preview":"max-video-preview:-1"},"canonical":"https:\/\/www.welovecycling.com\/pl\/2022\/01\/17\/10-najgorszych-sciezek-rowerowych-z-calego-swiata\/","og_locale":"pl_PL","og_type":"article","og_title":"10 najgorszych \u015bcie\u017cek rowerowych z ca\u0142ego \u015bwiata","og_description":"Niedawno w We Love Cycling wyznaczyli\u015bmy sobie nowy, \u015bmia\u0142y cel: zebra\u0107 jak najwi\u0119cej fatalnych \u015bcie\u017cek rowerowych z ca\u0142ego \u015bwiata w [&hellip;]","og_url":"https:\/\/www.welovecycling.com\/pl\/2022\/01\/17\/10-najgorszych-sciezek-rowerowych-z-calego-swiata\/","og_site_name":"\u0160koda We Love Cycling - Poland","article_published_time":"2022-01-17T14:38:15+00:00","og_image":[{"width":1024,"height":450,"url":"https:\/\/d2p6e6u75xmxt8.cloudfront.net\/5\/2022\/01\/wlc_17.01.jpg","type":"image\/jpeg"}],"author":"rafal","twitter_card":"summary_large_image","twitter_misc":{"Written by":"WeLoveCycling","Est. reading time":"2 minutes"},"schema":{"@context":"https:\/\/schema.org","@graph":[{"@type":"WebPage","@id":"https:\/\/www.welovecycling.com\/pl\/2022\/01\/17\/10-najgorszych-sciezek-rowerowych-z-calego-swiata\/","url":"https:\/\/www.welovecycling.com\/pl\/2022\/01\/17\/10-najgorszych-sciezek-rowerowych-z-calego-swiata\/","name":"10 najgorszych \u015bcie\u017cek rowerowych z ca\u0142ego \u015bwiata - \u0160koda We Love Cycling - Poland","isPartOf":{"@id":"https:\/\/www.welovecycling.com\/pl\/#website"},"primaryImageOfPage":{"@id":"https:\/\/www.welovecycling.com\/pl\/2022\/01\/17\/10-najgorszych-sciezek-rowerowych-z-calego-swiata\/#primaryimage"},"image":{"@id":"https:\/\/www.welovecycling.com\/pl\/2022\/01\/17\/10-najgorszych-sciezek-rowerowych-z-calego-swiata\/#primaryimage"},"thumbnailUrl":"https:\/\/d2p6e6u75xmxt8.cloudfront.net\/5\/2022\/01\/wlc_17.01.jpg","datePublished":"2022-01-17T14:38:15+00:00","author":{"@id":"https:\/\/www.welovecycling.com\/pl\/#\/schema\/person\/bf06ed916a1ef16618807fb60d2ebe42"},"breadcrumb":{"@id":"https:\/\/www.welovecycling.com\/pl\/2022\/01\/17\/10-najgorszych-sciezek-rowerowych-z-calego-swiata\/#breadcrumb"},"inLanguage":"pl-PL","potentialAction":[{"@type":"ReadAction","target":["https:\/\/www.welovecycling.com\/pl\/2022\/01\/17\/10-najgorszych-sciezek-rowerowych-z-calego-swiata\/"]}]},{"@type":"ImageObject","inLanguage":"pl-PL","@id":"https:\/\/www.welovecycling.com\/pl\/2022\/01\/17\/10-najgorszych-sciezek-rowerowych-z-calego-swiata\/#primaryimage","url":"https:\/\/d2p6e6u75xmxt8.cloudfront.net\/5\/2022\/01\/wlc_17.01.jpg","contentUrl":"https:\/\/d2p6e6u75xmxt8.cloudfront.net\/5\/2022\/01\/wlc_17.01.jpg","width":1024,"height":450},{"@type":"BreadcrumbList","@id":"https:\/\/www.welovecycling.com\/pl\/2022\/01\/17\/10-najgorszych-sciezek-rowerowych-z-calego-swiata\/#breadcrumb","itemListElement":[{"@type":"ListItem","position":1,"name":"Home","item":"https:\/\/www.welovecycling.com\/pl\/"},{"@type":"ListItem","position":2,"name":"10 najgorszych \u015bcie\u017cek rowerowych z ca\u0142ego \u015bwiata"}]},{"@type":"WebSite","@id":"https:\/\/www.welovecycling.com\/pl\/#website","url":"https:\/\/www.welovecycling.com\/pl\/","name":"\u0160koda We Love Cycling - Poland","description":"","potentialAction":[{"@type":"SearchAction","target":{"@type":"EntryPoint","urlTemplate":"https:\/\/www.welovecycling.com\/pl\/?s={search_term_string}"},"query-input":{"@type":"PropertyValueSpecification","valueRequired":true,"valueName":"search_term_string"}}],"inLanguage":"pl-PL"},{"@type":"Person","@id":"https:\/\/www.welovecycling.com\/pl\/#\/schema\/person\/bf06ed916a1ef16618807fb60d2ebe42","name":"rafal","image":{"@type":"ImageObject","inLanguage":"pl-PL","@id":"https:\/\/www.welovecycling.com\/pl\/#\/schema\/person\/image\/","url":"https:\/\/secure.gravatar.com\/avatar\/203f240e63bee214f6f3a0dacbeb600c7829c09716c2b9ee3230c6961debcde2?s=96&d=mm&r=g","contentUrl":"https:\/\/secure.gravatar.com\/avatar\/203f240e63bee214f6f3a0dacbeb600c7829c09716c2b9ee3230c6961debcde2?s=96&d=mm&r=g","caption":"rafal"},"url":"https:\/\/www.welovecycling.com\/pl\/author\/rafal\/"}]}},"_links":{"self":[{"href":"https:\/\/www.welovecycling.com\/pl\/wp-json\/wp\/v2\/posts\/12562","targetHints":{"allow":["GET"]}}],"collection":[{"href":"https:\/\/www.welovecycling.com\/pl\/wp-json\/wp\/v2\/posts"}],"about":[{"href":"https:\/\/www.welovecycling.com\/pl\/wp-json\/wp\/v2\/types\/post"}],"author":[{"embeddable":true,"href":"https:\/\/www.welovecycling.com\/pl\/wp-json\/wp\/v2\/users\/153"}],"replies":[{"embeddable":true,"href":"https:\/\/www.welovecycling.com\/pl\/wp-json\/wp\/v2\/comments?post=12562"}],"version-history":[{"count":2,"href":"https:\/\/www.welovecycling.com\/pl\/wp-json\/wp\/v2\/posts\/12562\/revisions"}],"predecessor-version":[{"id":12566,"href":"https:\/\/www.welovecycling.com\/pl\/wp-json\/wp\/v2\/posts\/12562\/revisions\/12566"}],"wp:featuredmedia":[{"embeddable":true,"href":"https:\/\/www.welovecycling.com\/pl\/wp-json\/wp\/v2\/media\/12563"}],"wp:attachment":[{"href":"https:\/\/www.welovecycling.com\/pl\/wp-json\/wp\/v2\/media?parent=12562"}],"wp:term":[{"taxonomy":"category","embeddable":true,"href":"https:\/\/www.welovecycling.com\/pl\/wp-json\/wp\/v2\/categories?post=12562"},{"taxonomy":"post_tag","embeddable":true,"href":"https:\/\/www.welovecycling.com\/pl\/wp-json\/wp\/v2\/tags?post=12562"},{"taxonomy":"global-categories","embeddable":true,"href":"https:\/\/www.welovecycling.com\/pl\/wp-json\/wp\/v2\/global-categories?post=12562"}],"curies":[{"name":"wp","href":"https:\/\/api.w.org\/{rel}","templated":true}]}}