{"id":12550,"date":"2022-01-13T08:31:14","date_gmt":"2022-01-13T08:31:14","guid":{"rendered":"https:\/\/www.welovecycling.com\/pl\/?p=12550"},"modified":"2022-05-17T09:44:32","modified_gmt":"2022-05-17T09:44:32","slug":"w-peletonie-w-ruch-poszly-dlugopisy-peter-sagan-z-wizyta-u-sw-piotra","status":"publish","type":"post","link":"https:\/\/www.welovecycling.com\/pl\/2022\/01\/13\/w-peletonie-w-ruch-poszly-dlugopisy-peter-sagan-z-wizyta-u-sw-piotra\/","title":{"rendered":"W peletonie w ruch posz\u0142y\u2026 d\u0142ugopisy. Peter Sagan z wizyt\u0105 u \u015bw. Piotra."},"content":{"rendered":"<p><strong>Nowe kontrakty, ustalanie plan\u00f3w oraz priorytet\u00f3w, a tak\u017ce drobne uszczypliwo\u015bci. Przygotowania do kolarskiego sezonu wcale nie musz\u0105 by\u0107 nudne, szczeg\u00f3lnie gdy zaczyna si\u0119 je od rozmowy ze\u2026 \u015bwi\u0119tym Piotrem.<\/strong><\/p>\n<p>W peletonie w ruch posz\u0142y\u2026 d\u0142ugopisy i zacz\u0119\u0142o si\u0119 podpisywanie um\u00f3w. Po cichu m\u00f3wi\u0142o si\u0119, \u017ce Primo\u017c Rogli\u0107 spr\u00f3buje zaatakowa\u0107 w Tour de France w innych barwach, ale wszystkie spekulacje zosta\u0142y uci\u0119te, gdy S\u0142oweniec przed\u0142u\u017cy\u0142 kontrakt z Jumbo-Visma do 2025 r.<\/p>\n<p>https:\/\/www.instagram.com\/p\/CYmjktItDXo\/<\/p>\n<p>\u2013 Chc\u0119 si\u0119 rozwija\u0107 na wielu p\u0142aszczyznach, zar\u00f3wno jako lider zespo\u0142u, jak i cz\u0142owiek. I znajduj\u0119 si\u0119 w najlepszym do tego miejscu \u2013 podkre\u015bla Rogli\u0107.<\/p>\n<h2><strong>\u201eWci\u0105\u017c kocham jazd\u0119 na rowerze\u201d<\/strong><\/h2>\n<p>Wielkie podpisywanie um\u00f3w odby\u0142o si\u0119 r\u00f3wnie\u017c w Ineos Grenadiers. Po erze panowania Christophera Froome\u2019a brytyjska ekipa nie potrafi ju\u017c zdominowa\u0107 wy\u015bcig\u00f3w, ale mimo to w dru\u017cynie Micha\u0142a Kwiatkowskiego nie b\u0119dzie rewolucji. Nowe kontrakty podpisali przede wszystkim triumfatorzy Tour de France Geraint Thomas (wygra\u0142 Wielk\u0105 P\u0119tl\u0119 w 2018 r.) oraz Egan Bernal (w 2019 r.).<\/p>\n<p>Umowa 36-letniego Thomasa b\u0119dzie obowi\u0105zywa\u0142a do ko\u0144ca 2023 r.<\/p>\n<p>\u2013 Wci\u0105\u017c jestem zmotywowany do ci\u0119\u017ckiej pracy. Kocham jazd\u0119 na rowerze i ci\u0105gle sprawia mi to przyjemno\u015b\u0107 \u2013 zaznacza Walijczyk.<\/p>\n<div class=\"embed-controller-wrapper\">\n<blockquote class=\"twitter-tweet\" data-width=\"500\" data-dnt=\"true\">\n<p lang=\"en\" dir=\"ltr\">New kit day \ud83d\udc40<\/p>\n<p>Here\u2019s to 2022 \ud83d\udc4c <a href=\"https:\/\/t.co\/7CyPR1gnRx\">pic.twitter.com\/7CyPR1gnRx<\/a><\/p>\n<p>&mdash; Geraint Thomas (@GeraintThomas86) <a href=\"https:\/\/twitter.com\/GeraintThomas86\/status\/1477254743412064256?ref_src=twsrc%5Etfw\">January 1, 2022<\/a><\/p><\/blockquote>\n<p><script async data-src=\"https:\/\/platform.twitter.com\/widgets.js\" charset=\"utf-8\"><\/script><\/div>\n<p>Z kolei 25-letni Bernal wynegocjowa\u0142 znacznie d\u0142u\u017cszy kontrakt, bo a\u017c do ko\u0144ca 2026 r. Opr\u00f3cz tego umowy z Ineos Grenadiers podpisali r\u00f3wnie\u017c Jonathan Castroviejo, Salvator Puccio, Brandon Rivera, Ben Swift oraz Cameron Wurf.<\/p>\n<h2><strong>Oto plany Rafa\u0142a Majki<\/strong><\/h2>\n<p>Znamy ju\u017c wi\u0119kszo\u015b\u0107 sk\u0142ad\u00f3w na 2022 r., wi\u0119c powoli zaczynaj\u0105 si\u0119 r\u00f3wnie\u017c krystalizowa\u0107 plany zawodnik\u00f3w. Sw\u00f3j \u201erozk\u0142ad jazdy\u201d zdradzi\u0142 Rafa\u0142 Majka, kt\u00f3ry w nadchodz\u0105cym sezonie ma pojecha\u0107 w Tour de France oraz w Vuelta a Espana. Podczas tego pierwszego wy\u015bcigu b\u0119dzie pracowa\u0142 na trzecie z rz\u0119du zwyci\u0119stwo w Wielkiej P\u0119tli Tadeja Poga\u010dara, co jest priorytetem ekipy UAE Team Emirates.<\/p>\n<p>\u2013 Podczas wielkich wy\u015bcig\u00f3w mam by\u0107 pomocnikiem Tadeja i dobrze si\u0119 z tym czuj\u0119. Do tego zadania chc\u0119 si\u0119 przygotowa\u0107 jak najlepiej \u2013 zapowiada Majka, kt\u00f3ry do sezonu przygotowuje si\u0119 w Hiszpanii.<\/p>\n<div class=\"embed-controller-wrapper\">\n<blockquote class=\"twitter-tweet\" data-width=\"500\" data-dnt=\"true\">\n<p lang=\"en\" dir=\"ltr\">\ud83c\udfdf\ufe0f <a href=\"https:\/\/twitter.com\/FDMValencia?ref_src=twsrc%5Etfw\">@FDMValencia<\/a> \ud83c\uddea\ud83c\uddf8<br \/>Work in progress \ud83d\udcaa\ud83d\udd25<a href=\"https:\/\/twitter.com\/hashtag\/UAETeamEmirates?src=hash&amp;ref_src=twsrc%5Etfw\">#UAETeamEmirates<\/a> <a href=\"https:\/\/twitter.com\/hashtag\/RideTogether?src=hash&amp;ref_src=twsrc%5Etfw\">#RideTogether<\/a> <a href=\"https:\/\/twitter.com\/hashtag\/TrainingCamp?src=hash&amp;ref_src=twsrc%5Etfw\">#TrainingCamp<\/a> <a href=\"https:\/\/t.co\/fKg0tHfPyS\">pic.twitter.com\/fKg0tHfPyS<\/a><\/p>\n<p>&mdash; Rafa\u0142 Majka (@majkaformal) <a href=\"https:\/\/twitter.com\/majkaformal\/status\/1479000768908824580?ref_src=twsrc%5Etfw\">January 6, 2022<\/a><\/p><\/blockquote>\n<p><script async data-src=\"https:\/\/platform.twitter.com\/widgets.js\" charset=\"utf-8\"><\/script><\/div>\n<p>A je\u015bli chodzi o Poga\u010dara, to w sumie nie wiadomo, kiedy jego sezon si\u0119 ko\u0144czy, a kiedy zaczyna. Gdy podczas przerwy \u015bwi\u0105teczno-noworocznej zawodnicy \u0142adowali akumulatory w rodzinnej atmosferze, S\u0142oweniec postanowi\u0142 utapla\u0107 si\u0119 w b\u0142ocie podczas wy\u015bcigu Cyklokros Ljubljana w kolarstwie prze\u0142ajowym. Oczywi\u015bcie nie by\u0142by sob\u0105, gdyby tego wy\u015bcigu nie wygra\u0142!<\/p>\n<lite-youtube videoid=xJAaBx0hI4M params=\"enablejsapi=1\" style=\"background-image: url('https:\/\/i.ytimg.com\/vi_webp\/xJAaBx0hI4M\/maxresdefault.webp');\"><\/lite-youtube>\n<p>Je\u015bli chodzi o plany Poga\u010dara w kolarstwie szosowym, to wiadomo, \u017ce sezon zainauguruje wy\u015bcigiem UAE Tour, ale wszystko i tak b\u0119dzie podporz\u0105dkowane walce o trzeci triumf w Tour de France. S\u0142oweniec ma r\u00f3wnie\u017c zjawi\u0107 si\u0119 na Vuelta a Espana.<\/p>\n<p>\u2013 Zapowiada si\u0119 wyczerpuj\u0105cy rok \u2013 przyznaje Poga\u010dar.<\/p>\n<h2><strong>Dramatyczne wydarzenia w domu Cavendisha<\/strong><\/h2>\n<p>Wi\u0119kszo\u015b\u0107 zawodnik\u00f3w ma ju\u017c na g\u0142owie przygotowania do sezonu, tymczasem nie ka\u017cdy mo\u017ce skoncentrowa\u0107 si\u0119 tylko na kolarstwie. Podczas przerwy w treningach w domu Marka Cavendisha dosz\u0142o do napadu.<\/p>\n<p>\u2013 Gdy spali\u015bmy, w\u0142ama\u0142o si\u0119 do nas czterech zamaskowanych i uzbrojonych m\u0119\u017cczyzn. Grozili mojej \u017conie i naszym dzieciom, brutalnie nas zaatakowali. Mnie i mojej rodzinie odebrano poczucie bezpiecze\u0144stwa oraz prywatno\u015bci \u2013 napisa\u0142 w mediach spo\u0142eczno\u015bciowych 34-krotny zwyci\u0119zca etapowy Tour de France i zaapelowa\u0142 do wszystkich, kt\u00f3rzy mogliby pom\u00f3c w uj\u0119ciu sprawc\u00f3w. Podzia\u0142a\u0142o, poniewa\u017c policja ju\u017c zatrzyma\u0142a podejrzanych.<\/p>\n<h2><strong>\u201eSagan, podobno jeste\u015b sko\u0144czony\u201d<\/strong><\/h2>\n<p>Na koniec jednak co\u015b optymistycznego. Co prawda nie wszystkim odpowiada do\u015b\u0107 kontrowersyjny charakter Petera Sagana, ale trzeba przyzna\u0107, \u017ce S\u0142owak zdecydowanie dodaje kolorytu peletonowi.<\/p>\n<p>Przypomnijmy, \u017ce siedmiokrotny zdobywca zielonej koszulki Tour de France w do\u015b\u0107 nieprzyjemnych okoliczno\u015bciach po\u017cegna\u0142 si\u0119 z zespo\u0142em Bora-hansgrohe i podpisa\u0142 umow\u0119 z TotalEnergies. Teraz Sagan nagra\u0142 wideo, kt\u00f3re ma by\u0107 jego spotkaniem ze\u2026 \u015bwi\u0119tym Piotrem.<\/p>\n<p>\u2013 Wielu ludzi m\u00f3wi, \u017ce jeste\u015b sko\u0144czony\u2026 \u2013 s\u0142yszy Sagan.<\/p>\n<p>\u2013 Zdecydowanie nie jestem sko\u0144czony! \u2013 odpowiada S\u0142owak, zabiera przygotowan\u0105 dla niego koszulk\u0119 i maluje w barwy nowego zespo\u0142u, daj\u0105c tym samym do zrozumienia, \u017ce ma jeszcze co\u015b do udowodnienia kolarskiemu \u015bwiatu.<\/p>\n<div class=\"embed-controller-wrapper\">\n<blockquote class=\"twitter-tweet\" data-width=\"500\" data-dnt=\"true\">\n<p lang=\"fr\" dir=\"ltr\">There is something new for 2022<br \/>Il y a quelque chose de nouveau pour 2022<a href=\"https:\/\/twitter.com\/sportful?ref_src=twsrc%5Etfw\">@sportful<\/a> <a href=\"https:\/\/twitter.com\/TeamTotalEnrg?ref_src=twsrc%5Etfw\">@TeamTotalEnrg<\/a> <a href=\"https:\/\/twitter.com\/hashtag\/Sportful?src=hash&amp;ref_src=twsrc%5Etfw\">#Sportful<\/a> <a href=\"https:\/\/twitter.com\/hashtag\/PeterSagan?src=hash&amp;ref_src=twsrc%5Etfw\">#PeterSagan<\/a> <a href=\"https:\/\/twitter.com\/hashtag\/TeamTotalEnergies?src=hash&amp;ref_src=twsrc%5Etfw\">#TeamTotalEnergies<\/a> <a href=\"https:\/\/twitter.com\/hashtag\/AllezTotalEnergies?src=hash&amp;ref_src=twsrc%5Etfw\">#AllezTotalEnergies<\/a> <a href=\"https:\/\/t.co\/wbLU4exGRS\">pic.twitter.com\/wbLU4exGRS<\/a><\/p>\n<p>&mdash; Peter Sagan (@petosagan) <a href=\"https:\/\/twitter.com\/petosagan\/status\/1479380456193900549?ref_src=twsrc%5Etfw\">January 7, 2022<\/a><\/p><\/blockquote>\n<p><script async data-src=\"https:\/\/platform.twitter.com\/widgets.js\" charset=\"utf-8\"><\/script><\/div>\n<p>Przypomnimy, \u017ce sezon UCI World Tour rozpocznie si\u0119 wy\u015bcigiem UAE Tour, kt\u00f3ry zostanie rozegrany w dniach 20\u201326 lutego.<\/p>\n<p><span data-sheets-value=\"{&quot;1&quot;:2,&quot;2&quot;:&quot;Artyku\u0142 powsta\u0142 we wsp\u00f3\u0142pracy ze skoda-auto.pl&quot;}\" data-sheets-userformat=\"{&quot;2&quot;:1,&quot;3&quot;:{&quot;1&quot;:0}}\" data-sheets-hyperlink=\"http:\/\/www.skoda-auto.pl\/\"><a class=\"in-cell-link\" href=\"http:\/\/www.skoda-auto.pl\/\" target=\"_blank\" rel=\"noopener noreferrer\">Artyku\u0142 powsta\u0142 we wsp\u00f3\u0142pracy ze skoda-auto.pl<\/a><\/span><\/p>\n<p><a href=\"https:\/\/www.skoda-auto.pl\/modele\/superb\"><img loading=\"lazy\" decoding=\"async\" class=\"alignnone size-full wp-image-11628 aligncenter\" src=\"https:\/\/d2p6e6u75xmxt8.cloudfront.net\/5\/2021\/12\/640x350-2-1.jpg\" alt=\"\" width=\"640\" height=\"350\" srcset=\"https:\/\/d2p6e6u75xmxt8.cloudfront.net\/5\/2021\/12\/640x350-2-1.jpg 640w, https:\/\/d2p6e6u75xmxt8.cloudfront.net\/5\/2021\/12\/640x350-2-1-300x164.jpg 300w\" sizes=\"auto, (max-width: 640px) 100vw, 640px\" \/><\/a><\/p>\n","protected":false},"excerpt":{"rendered":"<p>Nowe kontrakty, ustalanie plan\u00f3w oraz priorytet\u00f3w, a tak\u017ce drobne uszczypliwo\u015bci. Przygotowania do kolarskiego sezonu wcale nie musz\u0105 by\u0107 nudne, szczeg\u00f3lnie [&hellip;]<\/p>\n","protected":false},"author":153,"featured_media":12552,"comment_status":"open","ping_status":"open","sticky":false,"template":"","format":"standard","meta":{"footnotes":""},"categories":[6],"tags":[362],"global-categories":[303],"class_list":["post-12550","post","type-post","status-publish","format-standard","has-post-thumbnail","hentry","category-kolarstwo-szosowe","tag-piotr-nowik","global-categories-cycling"],"yoast_head":"<!-- This site is optimized with the Yoast SEO Premium plugin v25.3 (Yoast SEO v25.9) - https:\/\/yoast.com\/wordpress\/plugins\/seo\/ -->\n<title>W peletonie w ruch posz\u0142y\u2026 d\u0142ugopisy. Peter Sagan z wizyt\u0105 u \u015bw. Piotra. - \u0160koda We Love Cycling - Poland<\/title>\n<meta name=\"robots\" content=\"index, follow, max-snippet:-1, max-image-preview:large, max-video-preview:-1\" \/>\n<link rel=\"canonical\" href=\"https:\/\/www.welovecycling.com\/pl\/2022\/01\/13\/w-peletonie-w-ruch-poszly-dlugopisy-peter-sagan-z-wizyta-u-sw-piotra\/\" \/>\n<meta property=\"og:locale\" content=\"pl_PL\" \/>\n<meta property=\"og:type\" content=\"article\" \/>\n<meta property=\"og:title\" content=\"W peletonie w ruch posz\u0142y\u2026 d\u0142ugopisy. Peter Sagan z wizyt\u0105 u \u015bw. Piotra.\" \/>\n<meta property=\"og:description\" content=\"Nowe kontrakty, ustalanie plan\u00f3w oraz priorytet\u00f3w, a tak\u017ce drobne uszczypliwo\u015bci. Przygotowania do kolarskiego sezonu wcale nie musz\u0105 by\u0107 nudne, szczeg\u00f3lnie [&hellip;]\" \/>\n<meta property=\"og:url\" content=\"https:\/\/www.welovecycling.com\/pl\/2022\/01\/13\/w-peletonie-w-ruch-poszly-dlugopisy-peter-sagan-z-wizyta-u-sw-piotra\/\" \/>\n<meta property=\"og:site_name\" content=\"\u0160koda We Love Cycling - Poland\" \/>\n<meta property=\"article:published_time\" content=\"2022-01-13T08:31:14+00:00\" \/>\n<meta property=\"article:modified_time\" content=\"2022-05-17T09:44:32+00:00\" \/>\n<meta property=\"og:image\" content=\"https:\/\/d2p6e6u75xmxt8.cloudfront.net\/5\/2022\/01\/Marcus-Burghardt-profimedia-0603970424-CVR-1024x450-1.jpg\" \/>\n\t<meta property=\"og:image:width\" content=\"1024\" \/>\n\t<meta property=\"og:image:height\" content=\"450\" \/>\n\t<meta property=\"og:image:type\" content=\"image\/jpeg\" \/>\n<meta name=\"author\" content=\"rafal\" \/>\n<meta name=\"twitter:card\" content=\"summary_large_image\" \/>\n<meta name=\"twitter:label1\" content=\"Written by\" \/>\n\t<meta name=\"twitter:data1\" content=\"Piotr Nowik\" \/>\n\t<meta name=\"twitter:label2\" content=\"Est. reading time\" \/>\n\t<meta name=\"twitter:data2\" content=\"4 minutes\" \/>\n<script type=\"application\/ld+json\" class=\"yoast-schema-graph\">{\"@context\":\"https:\/\/schema.org\",\"@graph\":[{\"@type\":\"WebPage\",\"@id\":\"https:\/\/www.welovecycling.com\/pl\/2022\/01\/13\/w-peletonie-w-ruch-poszly-dlugopisy-peter-sagan-z-wizyta-u-sw-piotra\/\",\"url\":\"https:\/\/www.welovecycling.com\/pl\/2022\/01\/13\/w-peletonie-w-ruch-poszly-dlugopisy-peter-sagan-z-wizyta-u-sw-piotra\/\",\"name\":\"W peletonie w ruch posz\u0142y\u2026 d\u0142ugopisy. Peter Sagan z wizyt\u0105 u \u015bw. Piotra. - \u0160koda We Love Cycling - Poland\",\"isPartOf\":{\"@id\":\"https:\/\/www.welovecycling.com\/pl\/#website\"},\"primaryImageOfPage\":{\"@id\":\"https:\/\/www.welovecycling.com\/pl\/2022\/01\/13\/w-peletonie-w-ruch-poszly-dlugopisy-peter-sagan-z-wizyta-u-sw-piotra\/#primaryimage\"},\"image\":{\"@id\":\"https:\/\/www.welovecycling.com\/pl\/2022\/01\/13\/w-peletonie-w-ruch-poszly-dlugopisy-peter-sagan-z-wizyta-u-sw-piotra\/#primaryimage\"},\"thumbnailUrl\":\"https:\/\/d2p6e6u75xmxt8.cloudfront.net\/5\/2022\/01\/Marcus-Burghardt-profimedia-0603970424-CVR-1024x450-1.jpg\",\"datePublished\":\"2022-01-13T08:31:14+00:00\",\"dateModified\":\"2022-05-17T09:44:32+00:00\",\"author\":{\"@id\":\"https:\/\/www.welovecycling.com\/pl\/#\/schema\/person\/bf06ed916a1ef16618807fb60d2ebe42\"},\"breadcrumb\":{\"@id\":\"https:\/\/www.welovecycling.com\/pl\/2022\/01\/13\/w-peletonie-w-ruch-poszly-dlugopisy-peter-sagan-z-wizyta-u-sw-piotra\/#breadcrumb\"},\"inLanguage\":\"pl-PL\",\"potentialAction\":[{\"@type\":\"ReadAction\",\"target\":[\"https:\/\/www.welovecycling.com\/pl\/2022\/01\/13\/w-peletonie-w-ruch-poszly-dlugopisy-peter-sagan-z-wizyta-u-sw-piotra\/\"]}]},{\"@type\":\"ImageObject\",\"inLanguage\":\"pl-PL\",\"@id\":\"https:\/\/www.welovecycling.com\/pl\/2022\/01\/13\/w-peletonie-w-ruch-poszly-dlugopisy-peter-sagan-z-wizyta-u-sw-piotra\/#primaryimage\",\"url\":\"https:\/\/d2p6e6u75xmxt8.cloudfront.net\/5\/2022\/01\/Marcus-Burghardt-profimedia-0603970424-CVR-1024x450-1.jpg\",\"contentUrl\":\"https:\/\/d2p6e6u75xmxt8.cloudfront.net\/5\/2022\/01\/Marcus-Burghardt-profimedia-0603970424-CVR-1024x450-1.jpg\",\"width\":1024,\"height\":450},{\"@type\":\"BreadcrumbList\",\"@id\":\"https:\/\/www.welovecycling.com\/pl\/2022\/01\/13\/w-peletonie-w-ruch-poszly-dlugopisy-peter-sagan-z-wizyta-u-sw-piotra\/#breadcrumb\",\"itemListElement\":[{\"@type\":\"ListItem\",\"position\":1,\"name\":\"Home\",\"item\":\"https:\/\/www.welovecycling.com\/pl\/\"},{\"@type\":\"ListItem\",\"position\":2,\"name\":\"W peletonie w ruch posz\u0142y\u2026 d\u0142ugopisy. Peter Sagan z wizyt\u0105 u \u015bw. Piotra.\"}]},{\"@type\":\"WebSite\",\"@id\":\"https:\/\/www.welovecycling.com\/pl\/#website\",\"url\":\"https:\/\/www.welovecycling.com\/pl\/\",\"name\":\"\u0160koda We Love Cycling - Poland\",\"description\":\"\",\"potentialAction\":[{\"@type\":\"SearchAction\",\"target\":{\"@type\":\"EntryPoint\",\"urlTemplate\":\"https:\/\/www.welovecycling.com\/pl\/?s={search_term_string}\"},\"query-input\":{\"@type\":\"PropertyValueSpecification\",\"valueRequired\":true,\"valueName\":\"search_term_string\"}}],\"inLanguage\":\"pl-PL\"},{\"@type\":\"Person\",\"@id\":\"https:\/\/www.welovecycling.com\/pl\/#\/schema\/person\/bf06ed916a1ef16618807fb60d2ebe42\",\"name\":\"rafal\",\"image\":{\"@type\":\"ImageObject\",\"inLanguage\":\"pl-PL\",\"@id\":\"https:\/\/www.welovecycling.com\/pl\/#\/schema\/person\/image\/\",\"url\":\"https:\/\/secure.gravatar.com\/avatar\/203f240e63bee214f6f3a0dacbeb600c7829c09716c2b9ee3230c6961debcde2?s=96&d=mm&r=g\",\"contentUrl\":\"https:\/\/secure.gravatar.com\/avatar\/203f240e63bee214f6f3a0dacbeb600c7829c09716c2b9ee3230c6961debcde2?s=96&d=mm&r=g\",\"caption\":\"rafal\"},\"url\":\"https:\/\/www.welovecycling.com\/pl\/author\/rafal\/\"}]}<\/script>\n<!-- \/ Yoast SEO Premium plugin. -->","yoast_head_json":{"title":"W peletonie w ruch posz\u0142y\u2026 d\u0142ugopisy. Peter Sagan z wizyt\u0105 u \u015bw. Piotra. - \u0160koda We Love Cycling - Poland","robots":{"index":"index","follow":"follow","max-snippet":"max-snippet:-1","max-image-preview":"max-image-preview:large","max-video-preview":"max-video-preview:-1"},"canonical":"https:\/\/www.welovecycling.com\/pl\/2022\/01\/13\/w-peletonie-w-ruch-poszly-dlugopisy-peter-sagan-z-wizyta-u-sw-piotra\/","og_locale":"pl_PL","og_type":"article","og_title":"W peletonie w ruch posz\u0142y\u2026 d\u0142ugopisy. Peter Sagan z wizyt\u0105 u \u015bw. Piotra.","og_description":"Nowe kontrakty, ustalanie plan\u00f3w oraz priorytet\u00f3w, a tak\u017ce drobne uszczypliwo\u015bci. Przygotowania do kolarskiego sezonu wcale nie musz\u0105 by\u0107 nudne, szczeg\u00f3lnie [&hellip;]","og_url":"https:\/\/www.welovecycling.com\/pl\/2022\/01\/13\/w-peletonie-w-ruch-poszly-dlugopisy-peter-sagan-z-wizyta-u-sw-piotra\/","og_site_name":"\u0160koda We Love Cycling - Poland","article_published_time":"2022-01-13T08:31:14+00:00","article_modified_time":"2022-05-17T09:44:32+00:00","og_image":[{"width":1024,"height":450,"url":"https:\/\/d2p6e6u75xmxt8.cloudfront.net\/5\/2022\/01\/Marcus-Burghardt-profimedia-0603970424-CVR-1024x450-1.jpg","type":"image\/jpeg"}],"author":"rafal","twitter_card":"summary_large_image","twitter_misc":{"Written by":"Piotr Nowik","Est. reading time":"4 minutes"},"schema":{"@context":"https:\/\/schema.org","@graph":[{"@type":"WebPage","@id":"https:\/\/www.welovecycling.com\/pl\/2022\/01\/13\/w-peletonie-w-ruch-poszly-dlugopisy-peter-sagan-z-wizyta-u-sw-piotra\/","url":"https:\/\/www.welovecycling.com\/pl\/2022\/01\/13\/w-peletonie-w-ruch-poszly-dlugopisy-peter-sagan-z-wizyta-u-sw-piotra\/","name":"W peletonie w ruch posz\u0142y\u2026 d\u0142ugopisy. Peter Sagan z wizyt\u0105 u \u015bw. Piotra. - \u0160koda We Love Cycling - Poland","isPartOf":{"@id":"https:\/\/www.welovecycling.com\/pl\/#website"},"primaryImageOfPage":{"@id":"https:\/\/www.welovecycling.com\/pl\/2022\/01\/13\/w-peletonie-w-ruch-poszly-dlugopisy-peter-sagan-z-wizyta-u-sw-piotra\/#primaryimage"},"image":{"@id":"https:\/\/www.welovecycling.com\/pl\/2022\/01\/13\/w-peletonie-w-ruch-poszly-dlugopisy-peter-sagan-z-wizyta-u-sw-piotra\/#primaryimage"},"thumbnailUrl":"https:\/\/d2p6e6u75xmxt8.cloudfront.net\/5\/2022\/01\/Marcus-Burghardt-profimedia-0603970424-CVR-1024x450-1.jpg","datePublished":"2022-01-13T08:31:14+00:00","dateModified":"2022-05-17T09:44:32+00:00","author":{"@id":"https:\/\/www.welovecycling.com\/pl\/#\/schema\/person\/bf06ed916a1ef16618807fb60d2ebe42"},"breadcrumb":{"@id":"https:\/\/www.welovecycling.com\/pl\/2022\/01\/13\/w-peletonie-w-ruch-poszly-dlugopisy-peter-sagan-z-wizyta-u-sw-piotra\/#breadcrumb"},"inLanguage":"pl-PL","potentialAction":[{"@type":"ReadAction","target":["https:\/\/www.welovecycling.com\/pl\/2022\/01\/13\/w-peletonie-w-ruch-poszly-dlugopisy-peter-sagan-z-wizyta-u-sw-piotra\/"]}]},{"@type":"ImageObject","inLanguage":"pl-PL","@id":"https:\/\/www.welovecycling.com\/pl\/2022\/01\/13\/w-peletonie-w-ruch-poszly-dlugopisy-peter-sagan-z-wizyta-u-sw-piotra\/#primaryimage","url":"https:\/\/d2p6e6u75xmxt8.cloudfront.net\/5\/2022\/01\/Marcus-Burghardt-profimedia-0603970424-CVR-1024x450-1.jpg","contentUrl":"https:\/\/d2p6e6u75xmxt8.cloudfront.net\/5\/2022\/01\/Marcus-Burghardt-profimedia-0603970424-CVR-1024x450-1.jpg","width":1024,"height":450},{"@type":"BreadcrumbList","@id":"https:\/\/www.welovecycling.com\/pl\/2022\/01\/13\/w-peletonie-w-ruch-poszly-dlugopisy-peter-sagan-z-wizyta-u-sw-piotra\/#breadcrumb","itemListElement":[{"@type":"ListItem","position":1,"name":"Home","item":"https:\/\/www.welovecycling.com\/pl\/"},{"@type":"ListItem","position":2,"name":"W peletonie w ruch posz\u0142y\u2026 d\u0142ugopisy. Peter Sagan z wizyt\u0105 u \u015bw. Piotra."}]},{"@type":"WebSite","@id":"https:\/\/www.welovecycling.com\/pl\/#website","url":"https:\/\/www.welovecycling.com\/pl\/","name":"\u0160koda We Love Cycling - Poland","description":"","potentialAction":[{"@type":"SearchAction","target":{"@type":"EntryPoint","urlTemplate":"https:\/\/www.welovecycling.com\/pl\/?s={search_term_string}"},"query-input":{"@type":"PropertyValueSpecification","valueRequired":true,"valueName":"search_term_string"}}],"inLanguage":"pl-PL"},{"@type":"Person","@id":"https:\/\/www.welovecycling.com\/pl\/#\/schema\/person\/bf06ed916a1ef16618807fb60d2ebe42","name":"rafal","image":{"@type":"ImageObject","inLanguage":"pl-PL","@id":"https:\/\/www.welovecycling.com\/pl\/#\/schema\/person\/image\/","url":"https:\/\/secure.gravatar.com\/avatar\/203f240e63bee214f6f3a0dacbeb600c7829c09716c2b9ee3230c6961debcde2?s=96&d=mm&r=g","contentUrl":"https:\/\/secure.gravatar.com\/avatar\/203f240e63bee214f6f3a0dacbeb600c7829c09716c2b9ee3230c6961debcde2?s=96&d=mm&r=g","caption":"rafal"},"url":"https:\/\/www.welovecycling.com\/pl\/author\/rafal\/"}]}},"_links":{"self":[{"href":"https:\/\/www.welovecycling.com\/pl\/wp-json\/wp\/v2\/posts\/12550","targetHints":{"allow":["GET"]}}],"collection":[{"href":"https:\/\/www.welovecycling.com\/pl\/wp-json\/wp\/v2\/posts"}],"about":[{"href":"https:\/\/www.welovecycling.com\/pl\/wp-json\/wp\/v2\/types\/post"}],"author":[{"embeddable":true,"href":"https:\/\/www.welovecycling.com\/pl\/wp-json\/wp\/v2\/users\/153"}],"replies":[{"embeddable":true,"href":"https:\/\/www.welovecycling.com\/pl\/wp-json\/wp\/v2\/comments?post=12550"}],"version-history":[{"count":1,"href":"https:\/\/www.welovecycling.com\/pl\/wp-json\/wp\/v2\/posts\/12550\/revisions"}],"predecessor-version":[{"id":12551,"href":"https:\/\/www.welovecycling.com\/pl\/wp-json\/wp\/v2\/posts\/12550\/revisions\/12551"}],"wp:featuredmedia":[{"embeddable":true,"href":"https:\/\/www.welovecycling.com\/pl\/wp-json\/wp\/v2\/media\/12552"}],"wp:attachment":[{"href":"https:\/\/www.welovecycling.com\/pl\/wp-json\/wp\/v2\/media?parent=12550"}],"wp:term":[{"taxonomy":"category","embeddable":true,"href":"https:\/\/www.welovecycling.com\/pl\/wp-json\/wp\/v2\/categories?post=12550"},{"taxonomy":"post_tag","embeddable":true,"href":"https:\/\/www.welovecycling.com\/pl\/wp-json\/wp\/v2\/tags?post=12550"},{"taxonomy":"global-categories","embeddable":true,"href":"https:\/\/www.welovecycling.com\/pl\/wp-json\/wp\/v2\/global-categories?post=12550"}],"curies":[{"name":"wp","href":"https:\/\/api.w.org\/{rel}","templated":true}]}}