{"id":12544,"date":"2022-01-11T08:21:42","date_gmt":"2022-01-11T08:21:42","guid":{"rendered":"https:\/\/www.welovecycling.com\/pl\/?p=12544"},"modified":"2022-01-11T08:21:42","modified_gmt":"2022-01-11T08:21:42","slug":"wzory-do-nasladowania-w-kolarstwie-i-ich-znaczenie","status":"publish","type":"post","link":"https:\/\/www.welovecycling.com\/pl\/2022\/01\/11\/wzory-do-nasladowania-w-kolarstwie-i-ich-znaczenie\/","title":{"rendered":"Wzory do na\u015bladowania w kolarstwie i ich znaczenie."},"content":{"rendered":"<p><strong>Elitarni kolarze cz\u0119sto s\u0105 postrzegani jako wzory do na\u015bladowania dla m\u0142odszego pokolenia i w oczach opinii publicznej dzia\u0142aj\u0105 jako ambasadorowie swoich kraj\u00f3w, miast itp. Wa\u017cne jest wi\u0119c, \u017ceby reprezentowali wielu r\u00f3\u017cnych ludzi tworz\u0105cych spo\u0142eczno\u015b\u0107 rowerow\u0105. Dotychczas tak nie by\u0142o i w tym artykule zastanowimy si\u0119, jak osobom niedostatecznie reprezentowanym u\u0142atwi\u0107 wej\u015bcie do \u015bwiata kolarstwa.<\/strong><\/p>\n<p>Dawno min\u0119\u0142y czasy, kiedy jazda na rowerze by\u0142a aktywno\u015bci\u0105 g\u0142\u00f3wnie dla m\u0119\u017cczyzn w \u015brednim wieku ubranych w lycr\u0119. Pandemia zwi\u0119kszy\u0142a liczb\u0119 os\u00f3b zainteresowanych tym sportem, kt\u00f3re wcze\u015bniej nie uwa\u017ca\u0142y si\u0119 za rowerzyst\u00f3w. W \u015bwiecie, w kt\u00f3rym najcz\u0119\u015bciej spotykany typ kolarzy nadal stanowi nisz\u0119, trudno czasami okre\u015bli\u0107, gdzie si\u0119 pasuje. Jednak w miar\u0119 up\u0142ywu czasu narracja si\u0119 zmienia.<\/p>\n<p>Cz\u0119sto ci, kt\u00f3rzy walcz\u0105 o <a href=\"https:\/\/www.welovecycling.com\/wide\/2021\/11\/18\/interview-canyon-srams-new-development-team-is-boosting-diversity-in-womens-cycling\/\"><u>r\u00f3wn\u0105 reprezentacj\u0119<\/u> <\/a>w \u015bwiecie kolarskim, spotykaj\u0105 si\u0119 z opini\u0105, \u017ce \u201ejazda na rowerze jest dla ka\u017cdego, wystarczy wsi\u0105\u015b\u0107 na rower\u201d. Niczego to nie rozwi\u0105zuje, a mo\u017ce by\u0107 frustruj\u0105ce i nieprzydatne. Wielu jednak dostrzega problem, a ci \u015bwiadomi <a href=\"https:\/\/www.welovecycling.com\/wide\/2020\/07\/08\/black-cyclists-matter-too\/\"><u>braku reprezentacji<\/u><\/a> sami toruj\u0105 sobie drog\u0119 i staj\u0105 si\u0119 wzorami do na\u015bladowania poniek\u0105d przez przypadek \u2013 bo maj\u0105 odwag\u0119 zaistnie\u0107 w kolarstwie.<\/p>\n<p>https:\/\/www.instagram.com\/p\/CPFoOIZg-2q\/?utm_source=ig_embed<\/p>\n<p>W miar\u0119 jak rowerowy \u015bwiat staje si\u0119 coraz bardziej zr\u00f3\u017cnicowany, a same pojazdy \u2013 wyspecjalizowane w zale\u017cno\u015bci od terenu i sposobu jazdy, pojawiaj\u0105 si\u0119 nowe typy rowerzyst\u00f3w. Ludzie uprawiaj\u0105cy r\u00f3\u017cne formy kolarstwa pokazuj\u0105 tym, kt\u00f3rzy wcze\u015bniej nie byli zainteresowani, \u017ce oni r\u00f3wnie\u017c maj\u0105 swoje miejsce w tej dyscyplinie, i dzi\u0119ki temu zbli\u017caj\u0105 si\u0119 do mainstreamu. Na przyk\u0142ad wyszukiwanie w trendach Google kolarstwa szutrowego pokazuje stopniowy wzrost zainteresowania t\u0105 form\u0105 jazdy od 2016 r., podczas gdy wcze\u015bniej wyszukiwano je bardzo rzadko.<\/p>\n<p>Wok\u00f3\u0142 r\u00f3\u017cnych rodzaj\u00f3w jazdy gromadz\u0105 si\u0119 osoby, kt\u00f3re ch\u0119tnie do\u0142\u0105czaj\u0105 do spo\u0142eczno\u015bci, w kt\u00f3rych mog\u0105 znale\u017a\u0107 wzory do na\u015bladowania. Ludzie z r\u00f3\u017cnych \u015brodowisk zainspirowani przez tak\u0105 spo\u0142eczno\u015b\u0107 czuj\u0105, \u017ce maj\u0105 swoje miejsce w kolarskim \u015bwiecie. To niekoniecznie musi prowadzi\u0107 od razu do Tour de France, ale dla nich jest r\u00f3wnie wa\u017cne. Na przyk\u0142ad dziewczynki, widz\u0105c grup\u0119 kobiet w r\u00f3\u017cnych kategoriach wiekowych na rowerach, mog\u0105 poczu\u0107 ch\u0119\u0107 jazdy.<\/p>\n<p>Jak mo\u017cna kontynuowa\u0107 zmiany w kierunku lepszej reprezentacji i powstawania nowych wzor\u00f3w do na\u015bladowania? Chris Froome i <a href=\"https:\/\/www.welovecycling.com\/wide\/2021\/12\/08\/mark-cavendish-signs-one-year-contract-extension-with-deceuninck-quick-step\/\"><u>Mark Cavendish<\/u><\/a> s\u0105 oczywistymi przyk\u0142adami dla m\u0142odych zach\u0119canych do jazdy na rowerze od najm\u0142odszych lat przez rodzic\u00f3w, kt\u00f3rzy maj\u0105 pieni\u0105dze, czas i ochot\u0119, aby zainwestowa\u0107 w odpowiedni sprz\u0119t i pomaga\u0107 rozwija\u0107 kolarskie umiej\u0119tno\u015bci. Ale wyra\u017anie brakuje mistrz\u00f3w, kt\u00f3rzy s\u0105 na przyk\u0142ad Afroamerykanami, muzu\u0142manami lub cz\u0142onkami spo\u0142eczno\u015bci queer, a kt\u00f3rzy mogliby by\u0107 wzorami dla takich os\u00f3b. Na szcz\u0119\u015bcie istniej\u0105 organizacje, kt\u00f3re wype\u0142niaj\u0105 te luki, np. Black Cyclists Network, Women of Color, <a href=\"https:\/\/evolvecyclingnetwork.com\/\"><u>Evolve Cycling Network<\/u><\/a> (dla kobiet muzu\u0142ma\u0144skich), lub \u201ew\u0142\u0105czaj\u0105\u201d grupy pojawiaj\u0105ce si\u0119 w ca\u0142ej Wielkiej Brytanii. Marki rowerowe zaczynaj\u0105 to rozumie\u0107 i inwestuj\u0105 w tego typu stowarzyszenia.<\/p>\n<p>W rezultacie z biegiem czasu narracja ulegnie zmianie, a m\u0142ode pokolenia b\u0119d\u0105 postrzega\u0107 siebie jako lepiej reprezentowane w \u015bwiecie kolarskim. Nadal jest wiele do zrobienia, ale wzorce s\u0105 niezwykle wa\u017cne, \u017ceby na rowerze chcia\u0142y je\u017adzi\u0107 wszystkie dzieci, a nie tylko te z grup uprzywilejowanych.<\/p>\n<p><span data-sheets-value=\"{&quot;1&quot;:2,&quot;2&quot;:&quot;Artyku\u0142 powsta\u0142 we wsp\u00f3\u0142pracy ze skoda-auto.pl&quot;}\" data-sheets-userformat=\"{&quot;2&quot;:1,&quot;3&quot;:{&quot;1&quot;:0}}\" data-sheets-hyperlink=\"http:\/\/www.skoda-auto.pl\/\"><a class=\"in-cell-link\" href=\"http:\/\/www.skoda-auto.pl\/\" target=\"_blank\" rel=\"noopener noreferrer\">Artyku\u0142 powsta\u0142 we wsp\u00f3\u0142pracy ze skoda-auto.pl<\/a><\/span><\/p>\n<p><a href=\"https:\/\/sklep.skoda.pl\/pl\/sklep\/b\/331\/rowery-i-akcesoria-rowery.html\"><img loading=\"lazy\" decoding=\"async\" class=\"aligncenter wp-image-9608 size-full loading\" src=\"https:\/\/d2p6e6u75xmxt8.cloudfront.net\/5\/2019\/08\/baner_WLC_640x350_3.png\" sizes=\"auto, (max-width: 640px) 100vw, 640px\" srcset=\"https:\/\/d2p6e6u75xmxt8.cloudfront.net\/5\/2019\/08\/baner_WLC_640x350_3.png 640w, https:\/\/d2p6e6u75xmxt8.cloudfront.net\/5\/2019\/08\/baner_WLC_640x350_3-300x164.png 300w\" alt=\"\" width=\"640\" height=\"350\" data-was-processed=\"true\" \/><\/a><\/p>\n","protected":false},"excerpt":{"rendered":"<p>Elitarni kolarze cz\u0119sto s\u0105 postrzegani jako wzory do na\u015bladowania dla m\u0142odszego pokolenia i w oczach opinii publicznej dzia\u0142aj\u0105 jako ambasadorowie [&hellip;]<\/p>\n","protected":false},"author":153,"featured_media":12546,"comment_status":"open","ping_status":"open","sticky":false,"template":"","format":"standard","meta":{"footnotes":""},"categories":[332],"tags":[],"global-categories":[303],"class_list":["post-12544","post","type-post","status-publish","format-standard","has-post-thumbnail","hentry","category-lifestyle","global-categories-cycling"],"yoast_head":"<!-- This site is optimized with the Yoast SEO Premium plugin v25.3 (Yoast SEO v25.9) - https:\/\/yoast.com\/wordpress\/plugins\/seo\/ -->\n<title>Wzory do na\u015bladowania w kolarstwie i ich znaczenie. - \u0160koda We Love Cycling - Poland<\/title>\n<meta name=\"robots\" content=\"index, follow, max-snippet:-1, max-image-preview:large, max-video-preview:-1\" \/>\n<link rel=\"canonical\" href=\"https:\/\/www.welovecycling.com\/pl\/2022\/01\/11\/wzory-do-nasladowania-w-kolarstwie-i-ich-znaczenie\/\" \/>\n<meta property=\"og:locale\" content=\"pl_PL\" \/>\n<meta property=\"og:type\" content=\"article\" \/>\n<meta property=\"og:title\" content=\"Wzory do na\u015bladowania w kolarstwie i ich znaczenie.\" \/>\n<meta property=\"og:description\" content=\"Elitarni kolarze cz\u0119sto s\u0105 postrzegani jako wzory do na\u015bladowania dla m\u0142odszego pokolenia i w oczach opinii publicznej dzia\u0142aj\u0105 jako ambasadorowie [&hellip;]\" \/>\n<meta property=\"og:url\" content=\"https:\/\/www.welovecycling.com\/pl\/2022\/01\/11\/wzory-do-nasladowania-w-kolarstwie-i-ich-znaczenie\/\" \/>\n<meta property=\"og:site_name\" content=\"\u0160koda We Love Cycling - Poland\" \/>\n<meta property=\"article:published_time\" content=\"2022-01-11T08:21:42+00:00\" \/>\n<meta property=\"og:image\" content=\"https:\/\/d2p6e6u75xmxt8.cloudfront.net\/5\/2022\/01\/Cyclist-blur-profimedia-0647163683-CVR-1024x450-1.jpg\" \/>\n\t<meta property=\"og:image:width\" content=\"1024\" \/>\n\t<meta property=\"og:image:height\" content=\"450\" \/>\n\t<meta property=\"og:image:type\" content=\"image\/jpeg\" \/>\n<meta name=\"author\" content=\"rafal\" \/>\n<meta name=\"twitter:card\" content=\"summary_large_image\" \/>\n<meta name=\"twitter:label1\" content=\"Written by\" \/>\n\t<meta name=\"twitter:data1\" content=\"Charlotte Murray\" \/>\n\t<meta name=\"twitter:label2\" content=\"Est. reading time\" \/>\n\t<meta name=\"twitter:data2\" content=\"3 minutes\" \/>\n<script type=\"application\/ld+json\" class=\"yoast-schema-graph\">{\"@context\":\"https:\/\/schema.org\",\"@graph\":[{\"@type\":\"WebPage\",\"@id\":\"https:\/\/www.welovecycling.com\/pl\/2022\/01\/11\/wzory-do-nasladowania-w-kolarstwie-i-ich-znaczenie\/\",\"url\":\"https:\/\/www.welovecycling.com\/pl\/2022\/01\/11\/wzory-do-nasladowania-w-kolarstwie-i-ich-znaczenie\/\",\"name\":\"Wzory do na\u015bladowania w kolarstwie i ich znaczenie. - \u0160koda We Love Cycling - Poland\",\"isPartOf\":{\"@id\":\"https:\/\/www.welovecycling.com\/pl\/#website\"},\"primaryImageOfPage\":{\"@id\":\"https:\/\/www.welovecycling.com\/pl\/2022\/01\/11\/wzory-do-nasladowania-w-kolarstwie-i-ich-znaczenie\/#primaryimage\"},\"image\":{\"@id\":\"https:\/\/www.welovecycling.com\/pl\/2022\/01\/11\/wzory-do-nasladowania-w-kolarstwie-i-ich-znaczenie\/#primaryimage\"},\"thumbnailUrl\":\"https:\/\/d2p6e6u75xmxt8.cloudfront.net\/5\/2022\/01\/Cyclist-blur-profimedia-0647163683-CVR-1024x450-1.jpg\",\"datePublished\":\"2022-01-11T08:21:42+00:00\",\"author\":{\"@id\":\"https:\/\/www.welovecycling.com\/pl\/#\/schema\/person\/bf06ed916a1ef16618807fb60d2ebe42\"},\"breadcrumb\":{\"@id\":\"https:\/\/www.welovecycling.com\/pl\/2022\/01\/11\/wzory-do-nasladowania-w-kolarstwie-i-ich-znaczenie\/#breadcrumb\"},\"inLanguage\":\"pl-PL\",\"potentialAction\":[{\"@type\":\"ReadAction\",\"target\":[\"https:\/\/www.welovecycling.com\/pl\/2022\/01\/11\/wzory-do-nasladowania-w-kolarstwie-i-ich-znaczenie\/\"]}]},{\"@type\":\"ImageObject\",\"inLanguage\":\"pl-PL\",\"@id\":\"https:\/\/www.welovecycling.com\/pl\/2022\/01\/11\/wzory-do-nasladowania-w-kolarstwie-i-ich-znaczenie\/#primaryimage\",\"url\":\"https:\/\/d2p6e6u75xmxt8.cloudfront.net\/5\/2022\/01\/Cyclist-blur-profimedia-0647163683-CVR-1024x450-1.jpg\",\"contentUrl\":\"https:\/\/d2p6e6u75xmxt8.cloudfront.net\/5\/2022\/01\/Cyclist-blur-profimedia-0647163683-CVR-1024x450-1.jpg\",\"width\":1024,\"height\":450},{\"@type\":\"BreadcrumbList\",\"@id\":\"https:\/\/www.welovecycling.com\/pl\/2022\/01\/11\/wzory-do-nasladowania-w-kolarstwie-i-ich-znaczenie\/#breadcrumb\",\"itemListElement\":[{\"@type\":\"ListItem\",\"position\":1,\"name\":\"Home\",\"item\":\"https:\/\/www.welovecycling.com\/pl\/\"},{\"@type\":\"ListItem\",\"position\":2,\"name\":\"Wzory do na\u015bladowania w kolarstwie i ich znaczenie.\"}]},{\"@type\":\"WebSite\",\"@id\":\"https:\/\/www.welovecycling.com\/pl\/#website\",\"url\":\"https:\/\/www.welovecycling.com\/pl\/\",\"name\":\"\u0160koda We Love Cycling - Poland\",\"description\":\"\",\"potentialAction\":[{\"@type\":\"SearchAction\",\"target\":{\"@type\":\"EntryPoint\",\"urlTemplate\":\"https:\/\/www.welovecycling.com\/pl\/?s={search_term_string}\"},\"query-input\":{\"@type\":\"PropertyValueSpecification\",\"valueRequired\":true,\"valueName\":\"search_term_string\"}}],\"inLanguage\":\"pl-PL\"},{\"@type\":\"Person\",\"@id\":\"https:\/\/www.welovecycling.com\/pl\/#\/schema\/person\/bf06ed916a1ef16618807fb60d2ebe42\",\"name\":\"rafal\",\"image\":{\"@type\":\"ImageObject\",\"inLanguage\":\"pl-PL\",\"@id\":\"https:\/\/www.welovecycling.com\/pl\/#\/schema\/person\/image\/\",\"url\":\"https:\/\/secure.gravatar.com\/avatar\/203f240e63bee214f6f3a0dacbeb600c7829c09716c2b9ee3230c6961debcde2?s=96&d=mm&r=g\",\"contentUrl\":\"https:\/\/secure.gravatar.com\/avatar\/203f240e63bee214f6f3a0dacbeb600c7829c09716c2b9ee3230c6961debcde2?s=96&d=mm&r=g\",\"caption\":\"rafal\"},\"url\":\"https:\/\/www.welovecycling.com\/pl\/author\/rafal\/\"}]}<\/script>\n<!-- \/ Yoast SEO Premium plugin. -->","yoast_head_json":{"title":"Wzory do na\u015bladowania w kolarstwie i ich znaczenie. - \u0160koda We Love Cycling - Poland","robots":{"index":"index","follow":"follow","max-snippet":"max-snippet:-1","max-image-preview":"max-image-preview:large","max-video-preview":"max-video-preview:-1"},"canonical":"https:\/\/www.welovecycling.com\/pl\/2022\/01\/11\/wzory-do-nasladowania-w-kolarstwie-i-ich-znaczenie\/","og_locale":"pl_PL","og_type":"article","og_title":"Wzory do na\u015bladowania w kolarstwie i ich znaczenie.","og_description":"Elitarni kolarze cz\u0119sto s\u0105 postrzegani jako wzory do na\u015bladowania dla m\u0142odszego pokolenia i w oczach opinii publicznej dzia\u0142aj\u0105 jako ambasadorowie [&hellip;]","og_url":"https:\/\/www.welovecycling.com\/pl\/2022\/01\/11\/wzory-do-nasladowania-w-kolarstwie-i-ich-znaczenie\/","og_site_name":"\u0160koda We Love Cycling - Poland","article_published_time":"2022-01-11T08:21:42+00:00","og_image":[{"width":1024,"height":450,"url":"https:\/\/d2p6e6u75xmxt8.cloudfront.net\/5\/2022\/01\/Cyclist-blur-profimedia-0647163683-CVR-1024x450-1.jpg","type":"image\/jpeg"}],"author":"rafal","twitter_card":"summary_large_image","twitter_misc":{"Written by":"Charlotte Murray","Est. reading time":"3 minutes"},"schema":{"@context":"https:\/\/schema.org","@graph":[{"@type":"WebPage","@id":"https:\/\/www.welovecycling.com\/pl\/2022\/01\/11\/wzory-do-nasladowania-w-kolarstwie-i-ich-znaczenie\/","url":"https:\/\/www.welovecycling.com\/pl\/2022\/01\/11\/wzory-do-nasladowania-w-kolarstwie-i-ich-znaczenie\/","name":"Wzory do na\u015bladowania w kolarstwie i ich znaczenie. - \u0160koda We Love Cycling - Poland","isPartOf":{"@id":"https:\/\/www.welovecycling.com\/pl\/#website"},"primaryImageOfPage":{"@id":"https:\/\/www.welovecycling.com\/pl\/2022\/01\/11\/wzory-do-nasladowania-w-kolarstwie-i-ich-znaczenie\/#primaryimage"},"image":{"@id":"https:\/\/www.welovecycling.com\/pl\/2022\/01\/11\/wzory-do-nasladowania-w-kolarstwie-i-ich-znaczenie\/#primaryimage"},"thumbnailUrl":"https:\/\/d2p6e6u75xmxt8.cloudfront.net\/5\/2022\/01\/Cyclist-blur-profimedia-0647163683-CVR-1024x450-1.jpg","datePublished":"2022-01-11T08:21:42+00:00","author":{"@id":"https:\/\/www.welovecycling.com\/pl\/#\/schema\/person\/bf06ed916a1ef16618807fb60d2ebe42"},"breadcrumb":{"@id":"https:\/\/www.welovecycling.com\/pl\/2022\/01\/11\/wzory-do-nasladowania-w-kolarstwie-i-ich-znaczenie\/#breadcrumb"},"inLanguage":"pl-PL","potentialAction":[{"@type":"ReadAction","target":["https:\/\/www.welovecycling.com\/pl\/2022\/01\/11\/wzory-do-nasladowania-w-kolarstwie-i-ich-znaczenie\/"]}]},{"@type":"ImageObject","inLanguage":"pl-PL","@id":"https:\/\/www.welovecycling.com\/pl\/2022\/01\/11\/wzory-do-nasladowania-w-kolarstwie-i-ich-znaczenie\/#primaryimage","url":"https:\/\/d2p6e6u75xmxt8.cloudfront.net\/5\/2022\/01\/Cyclist-blur-profimedia-0647163683-CVR-1024x450-1.jpg","contentUrl":"https:\/\/d2p6e6u75xmxt8.cloudfront.net\/5\/2022\/01\/Cyclist-blur-profimedia-0647163683-CVR-1024x450-1.jpg","width":1024,"height":450},{"@type":"BreadcrumbList","@id":"https:\/\/www.welovecycling.com\/pl\/2022\/01\/11\/wzory-do-nasladowania-w-kolarstwie-i-ich-znaczenie\/#breadcrumb","itemListElement":[{"@type":"ListItem","position":1,"name":"Home","item":"https:\/\/www.welovecycling.com\/pl\/"},{"@type":"ListItem","position":2,"name":"Wzory do na\u015bladowania w kolarstwie i ich znaczenie."}]},{"@type":"WebSite","@id":"https:\/\/www.welovecycling.com\/pl\/#website","url":"https:\/\/www.welovecycling.com\/pl\/","name":"\u0160koda We Love Cycling - Poland","description":"","potentialAction":[{"@type":"SearchAction","target":{"@type":"EntryPoint","urlTemplate":"https:\/\/www.welovecycling.com\/pl\/?s={search_term_string}"},"query-input":{"@type":"PropertyValueSpecification","valueRequired":true,"valueName":"search_term_string"}}],"inLanguage":"pl-PL"},{"@type":"Person","@id":"https:\/\/www.welovecycling.com\/pl\/#\/schema\/person\/bf06ed916a1ef16618807fb60d2ebe42","name":"rafal","image":{"@type":"ImageObject","inLanguage":"pl-PL","@id":"https:\/\/www.welovecycling.com\/pl\/#\/schema\/person\/image\/","url":"https:\/\/secure.gravatar.com\/avatar\/203f240e63bee214f6f3a0dacbeb600c7829c09716c2b9ee3230c6961debcde2?s=96&d=mm&r=g","contentUrl":"https:\/\/secure.gravatar.com\/avatar\/203f240e63bee214f6f3a0dacbeb600c7829c09716c2b9ee3230c6961debcde2?s=96&d=mm&r=g","caption":"rafal"},"url":"https:\/\/www.welovecycling.com\/pl\/author\/rafal\/"}]}},"_links":{"self":[{"href":"https:\/\/www.welovecycling.com\/pl\/wp-json\/wp\/v2\/posts\/12544","targetHints":{"allow":["GET"]}}],"collection":[{"href":"https:\/\/www.welovecycling.com\/pl\/wp-json\/wp\/v2\/posts"}],"about":[{"href":"https:\/\/www.welovecycling.com\/pl\/wp-json\/wp\/v2\/types\/post"}],"author":[{"embeddable":true,"href":"https:\/\/www.welovecycling.com\/pl\/wp-json\/wp\/v2\/users\/153"}],"replies":[{"embeddable":true,"href":"https:\/\/www.welovecycling.com\/pl\/wp-json\/wp\/v2\/comments?post=12544"}],"version-history":[{"count":2,"href":"https:\/\/www.welovecycling.com\/pl\/wp-json\/wp\/v2\/posts\/12544\/revisions"}],"predecessor-version":[{"id":12548,"href":"https:\/\/www.welovecycling.com\/pl\/wp-json\/wp\/v2\/posts\/12544\/revisions\/12548"}],"wp:featuredmedia":[{"embeddable":true,"href":"https:\/\/www.welovecycling.com\/pl\/wp-json\/wp\/v2\/media\/12546"}],"wp:attachment":[{"href":"https:\/\/www.welovecycling.com\/pl\/wp-json\/wp\/v2\/media?parent=12544"}],"wp:term":[{"taxonomy":"category","embeddable":true,"href":"https:\/\/www.welovecycling.com\/pl\/wp-json\/wp\/v2\/categories?post=12544"},{"taxonomy":"post_tag","embeddable":true,"href":"https:\/\/www.welovecycling.com\/pl\/wp-json\/wp\/v2\/tags?post=12544"},{"taxonomy":"global-categories","embeddable":true,"href":"https:\/\/www.welovecycling.com\/pl\/wp-json\/wp\/v2\/global-categories?post=12544"}],"curies":[{"name":"wp","href":"https:\/\/api.w.org\/{rel}","templated":true}]}}