{"id":12536,"date":"2022-01-07T10:24:29","date_gmt":"2022-01-07T10:24:29","guid":{"rendered":"https:\/\/www.welovecycling.com\/pl\/?p=12536"},"modified":"2022-01-07T10:24:29","modified_gmt":"2022-01-07T10:24:29","slug":"zimowa-pielegnacja-e-roweru","status":"publish","type":"post","link":"https:\/\/www.welovecycling.com\/pl\/2022\/01\/07\/zimowa-pielegnacja-e-roweru\/","title":{"rendered":"Zimowa piel\u0119gnacja e-roweru."},"content":{"rendered":"<p><strong>Zim\u0105 wielu rowerzyst\u00f3w rezygnuje z jazdy i zmienia sw\u00f3j zwyk\u0142y dwuko\u0142owy pojazd na inny \u015brodek transportu. A co z amatorami e-bike\u2019\u00f3w? Poprosili\u015bmy Richarda Gasperottiego, kt\u00f3ry je\u017adzi rowerem elektrycznym przez ca\u0142\u0105 zim\u0119, \u017ceby powiedzia\u0142 nam, jak dba o sw\u00f3j sprz\u0119t w tym czasie.<\/strong><\/p>\n<h2><strong>Przygotuj e-rower na ch\u0142odne dni<\/strong><\/h2>\n<p>Przygotowanie e-roweru <u>na zim\u0119<\/u> wygl\u0105da tak samo jak w przypadku zwyk\u0142ego roweru. Sprawd\u017a, czy wszystkie ruchome cz\u0119\u015bci, w tym ko\u0142a z\u0119bate, \u0142a\u0144cuch i klocki hamulcowe, s\u0105 sprawne. Je\u015bli przez reszt\u0119 roku je\u017adzisz bez b\u0142otnik\u00f3w, zamontuj je na okres od grudnia do kwietnia. Jazda w przemoczonym ubraniu jest zawsze nieprzyjemna, ale gdy temperatura spada do zera, jest to wyj\u0105tkowo niekomfortowe i mo\u017ce zniech\u0119ci\u0107 do jazdy. Dodatkowo b\u0142otniki chroni\u0105 przed zabrudzeniami b\u0142otem i \u015bniegiem.<\/p>\n<figure style=\"width: 1040px\" class=\"wp-caption alignnone\"><img loading=\"lazy\" decoding=\"async\" src=\"https:\/\/d2p6e6u75xmxt8.cloudfront.net\/2\/2021\/12\/Gaspi-winter.jpg\" alt=\"Gaspi-winter.jpg (1040\u00d7858)\" width=\"1040\" height=\"858\" \/><figcaption class=\"wp-caption-text\">Przygotuj si\u0119 na zimne dni<\/figcaption><\/figure>\n<h2><strong>Chro\u0144 silnik<\/strong><\/h2>\n<p>Za\u0142\u00f3\u017c neoprenow\u0105 os\u0142on\u0119 na silnik, aby ochroni\u0107 go przed szkodliw\u0105 mieszank\u0105 soli, b\u0142ota i \u015bniegu. Podczas jazdy po \u015bniegu pami\u0119taj o wy\u0142\u0105czeniu trybu turbo, aby zapobiec niekontrolowanemu buksowaniu k\u00f3\u0142 na \u015bliskiej nawierzchni.<\/p>\n<h2><strong>Trzymaj akumulator w ciep\u0142ym miejscu<\/strong><\/h2>\n<p>Akumulator jest wra\u017cliwy na temperatury i traci pojemno\u015b\u0107 w ch\u0142odne dni, co wp\u0142ywa na jego zasi\u0119g i skraca czas jazdy. Zaleca si\u0119 przechowywanie baterii w suchym i ciep\u0142ym miejscu. Je\u015bli nie mo\u017cesz trzyma\u0107 e-roweru w ogrzewanym gara\u017cu lub piwnicy, lepiej wyjmij akumulator i zabierz go na noc do domu. Akumulator nale\u017cy \u0142adowa\u0107 tylko w temperaturze pokojowej, po czym trzeba go wpi\u0105\u0107 w ram\u0119 tu\u017c przed jazd\u0105. To samo dotyczy miejsca docelowego \u2013 pracy lub szko\u0142y. Eksperci z <a href=\"https:\/\/www.welovecycling.com\/wide\/2021\/02\/18\/bosch-we-expect-every-second-new-bike-in-europe-to-have-the-motor-in-2026%e2%80%a8\/\"><u>Bosch eBike Systems<\/u><\/a> sugeruj\u0105, \u017ceby od\u0142\u0105czy\u0107 akumulator i trzyma\u0107 go w pokrowcu przez ca\u0142y, gdy nie korzystasz z roweru.<\/p>\n<figure style=\"width: 1008px\" class=\"wp-caption alignnone\"><img loading=\"lazy\" decoding=\"async\" src=\"https:\/\/d2p6e6u75xmxt8.cloudfront.net\/2\/2021\/12\/E-bike-battery-Gaspi.jpg\" alt=\"E-bike-battery-Gaspi.jpg (1008\u00d7756)\" width=\"1008\" height=\"756\" \/><figcaption class=\"wp-caption-text\">Trzymaj bateri\u0119 w bezpiecznym i ciep\u0142ym miejscu<\/figcaption><\/figure>\n<h2><strong>Mniej potu dzi\u0119ki wsparciu silnika<\/strong><\/h2>\n<p>E-rowerzy\u015bci poc\u0105 si\u0119 mniej ni\u017c ci zwykli ze wzgl\u0119du na wsparcie podczas jazdy, kt\u00f3re zapewnia silnik. Mniejsza potliwo\u015b\u0107 zwi\u0119ksza komfort termiczny, a we\u0142niana koszulka basic, wodoodporna kurtka i spodnie dodatkowo uprzyjemni\u0105 jazd\u0119.<\/p>\n<h2><strong>Odpoczynek od e-roweru w okresie zimowym<\/strong><\/h2>\n<p>Je\u015bli nie planujesz je\u017adzi\u0107 przez d\u0142u\u017cszy czas, bateri\u0119 i wy\u015bwietlacz przechowuj w temperaturze od 10 do 20 stopni Celsjusza, z zachowaniem pojemno\u015bci resztkowej od 30 do 60 procent.<\/p>\n<p>A na koniec dobra informacja: w przeciwie\u0144stwie do wielu innych akumulatory Bosch PowerPacks nie wymagaj\u0105 \u0142adowania przed pierwsz\u0105 jazd\u0105, nawet po d\u0142u\u017cszym okresie bezczynno\u015bci.<\/p>\n<p>\u017byczymy Ci wielu ekscytuj\u0105cych przeja\u017cd\u017cek na e-bike\u2019ach tej zimy!<\/p>\n<p><span data-sheets-value=\"{&quot;1&quot;:2,&quot;2&quot;:&quot;Artyku\u0142 powsta\u0142 we wsp\u00f3\u0142pracy ze skoda-auto.pl&quot;}\" data-sheets-userformat=\"{&quot;2&quot;:1,&quot;3&quot;:{&quot;1&quot;:0}}\" data-sheets-hyperlink=\"http:\/\/www.skoda-auto.pl\/\"><a class=\"in-cell-link\" href=\"http:\/\/www.skoda-auto.pl\/\" target=\"_blank\" rel=\"noopener noreferrer\">Artyku\u0142 powsta\u0142 we wsp\u00f3\u0142pracy ze skoda-auto.pl<\/a><\/span><\/p>\n<p><a href=\"https:\/\/www.skoda-auto.pl\/modele\/nowa-octavia\"><img loading=\"lazy\" decoding=\"async\" class=\"alignnone size-full wp-image-11630 aligncenter\" src=\"https:\/\/d2p6e6u75xmxt8.cloudfront.net\/5\/2021\/12\/640x350-1.jpg\" alt=\"\" width=\"640\" height=\"350\" srcset=\"https:\/\/d2p6e6u75xmxt8.cloudfront.net\/5\/2021\/12\/640x350-1.jpg 640w, https:\/\/d2p6e6u75xmxt8.cloudfront.net\/5\/2021\/12\/640x350-1-300x164.jpg 300w\" sizes=\"auto, (max-width: 640px) 100vw, 640px\" \/><\/a><\/p>\n","protected":false},"excerpt":{"rendered":"<p>Zim\u0105 wielu rowerzyst\u00f3w rezygnuje z jazdy i zmienia sw\u00f3j zwyk\u0142y dwuko\u0142owy pojazd na inny \u015brodek transportu. A co z amatorami [&hellip;]<\/p>\n","protected":false},"author":153,"featured_media":12537,"comment_status":"open","ping_status":"open","sticky":false,"template":"","format":"standard","meta":{"footnotes":""},"categories":[332],"tags":[],"global-categories":[303],"class_list":["post-12536","post","type-post","status-publish","format-standard","has-post-thumbnail","hentry","category-lifestyle","global-categories-cycling"],"yoast_head":"<!-- This site is optimized with the Yoast SEO Premium plugin v25.3 (Yoast SEO v25.9) - https:\/\/yoast.com\/wordpress\/plugins\/seo\/ -->\n<title>Zimowa piel\u0119gnacja e-roweru. - \u0160koda We Love Cycling - Poland<\/title>\n<meta name=\"robots\" content=\"index, follow, max-snippet:-1, max-image-preview:large, max-video-preview:-1\" \/>\n<link rel=\"canonical\" href=\"https:\/\/www.welovecycling.com\/pl\/2022\/01\/07\/zimowa-pielegnacja-e-roweru\/\" \/>\n<meta property=\"og:locale\" content=\"pl_PL\" \/>\n<meta property=\"og:type\" content=\"article\" \/>\n<meta property=\"og:title\" content=\"Zimowa piel\u0119gnacja e-roweru.\" \/>\n<meta property=\"og:description\" content=\"Zim\u0105 wielu rowerzyst\u00f3w rezygnuje z jazdy i zmienia sw\u00f3j zwyk\u0142y dwuko\u0142owy pojazd na inny \u015brodek transportu. A co z amatorami [&hellip;]\" \/>\n<meta property=\"og:url\" content=\"https:\/\/www.welovecycling.com\/pl\/2022\/01\/07\/zimowa-pielegnacja-e-roweru\/\" \/>\n<meta property=\"og:site_name\" content=\"\u0160koda We Love Cycling - Poland\" \/>\n<meta property=\"article:published_time\" content=\"2022-01-07T10:24:29+00:00\" \/>\n<meta property=\"og:image\" content=\"https:\/\/d2p6e6u75xmxt8.cloudfront.net\/5\/2022\/01\/Gaspi-winter-CVR-1024x450-1.jpg\" \/>\n\t<meta property=\"og:image:width\" content=\"1024\" \/>\n\t<meta property=\"og:image:height\" content=\"450\" \/>\n\t<meta property=\"og:image:type\" content=\"image\/jpeg\" \/>\n<meta name=\"author\" content=\"rafal\" \/>\n<meta name=\"twitter:card\" content=\"summary_large_image\" \/>\n<meta name=\"twitter:label1\" content=\"Written by\" \/>\n\t<meta name=\"twitter:data1\" content=\"Adam Marsal\" \/>\n\t<meta name=\"twitter:label2\" content=\"Est. reading time\" \/>\n\t<meta name=\"twitter:data2\" content=\"2 minutes\" \/>\n<script type=\"application\/ld+json\" class=\"yoast-schema-graph\">{\"@context\":\"https:\/\/schema.org\",\"@graph\":[{\"@type\":\"WebPage\",\"@id\":\"https:\/\/www.welovecycling.com\/pl\/2022\/01\/07\/zimowa-pielegnacja-e-roweru\/\",\"url\":\"https:\/\/www.welovecycling.com\/pl\/2022\/01\/07\/zimowa-pielegnacja-e-roweru\/\",\"name\":\"Zimowa piel\u0119gnacja e-roweru. - \u0160koda We Love Cycling - Poland\",\"isPartOf\":{\"@id\":\"https:\/\/www.welovecycling.com\/pl\/#website\"},\"primaryImageOfPage\":{\"@id\":\"https:\/\/www.welovecycling.com\/pl\/2022\/01\/07\/zimowa-pielegnacja-e-roweru\/#primaryimage\"},\"image\":{\"@id\":\"https:\/\/www.welovecycling.com\/pl\/2022\/01\/07\/zimowa-pielegnacja-e-roweru\/#primaryimage\"},\"thumbnailUrl\":\"https:\/\/d2p6e6u75xmxt8.cloudfront.net\/5\/2022\/01\/Gaspi-winter-CVR-1024x450-1.jpg\",\"datePublished\":\"2022-01-07T10:24:29+00:00\",\"author\":{\"@id\":\"https:\/\/www.welovecycling.com\/pl\/#\/schema\/person\/bf06ed916a1ef16618807fb60d2ebe42\"},\"breadcrumb\":{\"@id\":\"https:\/\/www.welovecycling.com\/pl\/2022\/01\/07\/zimowa-pielegnacja-e-roweru\/#breadcrumb\"},\"inLanguage\":\"pl-PL\",\"potentialAction\":[{\"@type\":\"ReadAction\",\"target\":[\"https:\/\/www.welovecycling.com\/pl\/2022\/01\/07\/zimowa-pielegnacja-e-roweru\/\"]}]},{\"@type\":\"ImageObject\",\"inLanguage\":\"pl-PL\",\"@id\":\"https:\/\/www.welovecycling.com\/pl\/2022\/01\/07\/zimowa-pielegnacja-e-roweru\/#primaryimage\",\"url\":\"https:\/\/d2p6e6u75xmxt8.cloudfront.net\/5\/2022\/01\/Gaspi-winter-CVR-1024x450-1.jpg\",\"contentUrl\":\"https:\/\/d2p6e6u75xmxt8.cloudfront.net\/5\/2022\/01\/Gaspi-winter-CVR-1024x450-1.jpg\",\"width\":1024,\"height\":450},{\"@type\":\"BreadcrumbList\",\"@id\":\"https:\/\/www.welovecycling.com\/pl\/2022\/01\/07\/zimowa-pielegnacja-e-roweru\/#breadcrumb\",\"itemListElement\":[{\"@type\":\"ListItem\",\"position\":1,\"name\":\"Home\",\"item\":\"https:\/\/www.welovecycling.com\/pl\/\"},{\"@type\":\"ListItem\",\"position\":2,\"name\":\"Zimowa piel\u0119gnacja e-roweru.\"}]},{\"@type\":\"WebSite\",\"@id\":\"https:\/\/www.welovecycling.com\/pl\/#website\",\"url\":\"https:\/\/www.welovecycling.com\/pl\/\",\"name\":\"\u0160koda We Love Cycling - Poland\",\"description\":\"\",\"potentialAction\":[{\"@type\":\"SearchAction\",\"target\":{\"@type\":\"EntryPoint\",\"urlTemplate\":\"https:\/\/www.welovecycling.com\/pl\/?s={search_term_string}\"},\"query-input\":{\"@type\":\"PropertyValueSpecification\",\"valueRequired\":true,\"valueName\":\"search_term_string\"}}],\"inLanguage\":\"pl-PL\"},{\"@type\":\"Person\",\"@id\":\"https:\/\/www.welovecycling.com\/pl\/#\/schema\/person\/bf06ed916a1ef16618807fb60d2ebe42\",\"name\":\"rafal\",\"image\":{\"@type\":\"ImageObject\",\"inLanguage\":\"pl-PL\",\"@id\":\"https:\/\/www.welovecycling.com\/pl\/#\/schema\/person\/image\/\",\"url\":\"https:\/\/secure.gravatar.com\/avatar\/203f240e63bee214f6f3a0dacbeb600c7829c09716c2b9ee3230c6961debcde2?s=96&d=mm&r=g\",\"contentUrl\":\"https:\/\/secure.gravatar.com\/avatar\/203f240e63bee214f6f3a0dacbeb600c7829c09716c2b9ee3230c6961debcde2?s=96&d=mm&r=g\",\"caption\":\"rafal\"},\"url\":\"https:\/\/www.welovecycling.com\/pl\/author\/rafal\/\"}]}<\/script>\n<!-- \/ Yoast SEO Premium plugin. -->","yoast_head_json":{"title":"Zimowa piel\u0119gnacja e-roweru. - \u0160koda We Love Cycling - Poland","robots":{"index":"index","follow":"follow","max-snippet":"max-snippet:-1","max-image-preview":"max-image-preview:large","max-video-preview":"max-video-preview:-1"},"canonical":"https:\/\/www.welovecycling.com\/pl\/2022\/01\/07\/zimowa-pielegnacja-e-roweru\/","og_locale":"pl_PL","og_type":"article","og_title":"Zimowa piel\u0119gnacja e-roweru.","og_description":"Zim\u0105 wielu rowerzyst\u00f3w rezygnuje z jazdy i zmienia sw\u00f3j zwyk\u0142y dwuko\u0142owy pojazd na inny \u015brodek transportu. A co z amatorami [&hellip;]","og_url":"https:\/\/www.welovecycling.com\/pl\/2022\/01\/07\/zimowa-pielegnacja-e-roweru\/","og_site_name":"\u0160koda We Love Cycling - Poland","article_published_time":"2022-01-07T10:24:29+00:00","og_image":[{"width":1024,"height":450,"url":"https:\/\/d2p6e6u75xmxt8.cloudfront.net\/5\/2022\/01\/Gaspi-winter-CVR-1024x450-1.jpg","type":"image\/jpeg"}],"author":"rafal","twitter_card":"summary_large_image","twitter_misc":{"Written by":"Adam Marsal","Est. reading time":"2 minutes"},"schema":{"@context":"https:\/\/schema.org","@graph":[{"@type":"WebPage","@id":"https:\/\/www.welovecycling.com\/pl\/2022\/01\/07\/zimowa-pielegnacja-e-roweru\/","url":"https:\/\/www.welovecycling.com\/pl\/2022\/01\/07\/zimowa-pielegnacja-e-roweru\/","name":"Zimowa piel\u0119gnacja e-roweru. - \u0160koda We Love Cycling - Poland","isPartOf":{"@id":"https:\/\/www.welovecycling.com\/pl\/#website"},"primaryImageOfPage":{"@id":"https:\/\/www.welovecycling.com\/pl\/2022\/01\/07\/zimowa-pielegnacja-e-roweru\/#primaryimage"},"image":{"@id":"https:\/\/www.welovecycling.com\/pl\/2022\/01\/07\/zimowa-pielegnacja-e-roweru\/#primaryimage"},"thumbnailUrl":"https:\/\/d2p6e6u75xmxt8.cloudfront.net\/5\/2022\/01\/Gaspi-winter-CVR-1024x450-1.jpg","datePublished":"2022-01-07T10:24:29+00:00","author":{"@id":"https:\/\/www.welovecycling.com\/pl\/#\/schema\/person\/bf06ed916a1ef16618807fb60d2ebe42"},"breadcrumb":{"@id":"https:\/\/www.welovecycling.com\/pl\/2022\/01\/07\/zimowa-pielegnacja-e-roweru\/#breadcrumb"},"inLanguage":"pl-PL","potentialAction":[{"@type":"ReadAction","target":["https:\/\/www.welovecycling.com\/pl\/2022\/01\/07\/zimowa-pielegnacja-e-roweru\/"]}]},{"@type":"ImageObject","inLanguage":"pl-PL","@id":"https:\/\/www.welovecycling.com\/pl\/2022\/01\/07\/zimowa-pielegnacja-e-roweru\/#primaryimage","url":"https:\/\/d2p6e6u75xmxt8.cloudfront.net\/5\/2022\/01\/Gaspi-winter-CVR-1024x450-1.jpg","contentUrl":"https:\/\/d2p6e6u75xmxt8.cloudfront.net\/5\/2022\/01\/Gaspi-winter-CVR-1024x450-1.jpg","width":1024,"height":450},{"@type":"BreadcrumbList","@id":"https:\/\/www.welovecycling.com\/pl\/2022\/01\/07\/zimowa-pielegnacja-e-roweru\/#breadcrumb","itemListElement":[{"@type":"ListItem","position":1,"name":"Home","item":"https:\/\/www.welovecycling.com\/pl\/"},{"@type":"ListItem","position":2,"name":"Zimowa piel\u0119gnacja e-roweru."}]},{"@type":"WebSite","@id":"https:\/\/www.welovecycling.com\/pl\/#website","url":"https:\/\/www.welovecycling.com\/pl\/","name":"\u0160koda We Love Cycling - Poland","description":"","potentialAction":[{"@type":"SearchAction","target":{"@type":"EntryPoint","urlTemplate":"https:\/\/www.welovecycling.com\/pl\/?s={search_term_string}"},"query-input":{"@type":"PropertyValueSpecification","valueRequired":true,"valueName":"search_term_string"}}],"inLanguage":"pl-PL"},{"@type":"Person","@id":"https:\/\/www.welovecycling.com\/pl\/#\/schema\/person\/bf06ed916a1ef16618807fb60d2ebe42","name":"rafal","image":{"@type":"ImageObject","inLanguage":"pl-PL","@id":"https:\/\/www.welovecycling.com\/pl\/#\/schema\/person\/image\/","url":"https:\/\/secure.gravatar.com\/avatar\/203f240e63bee214f6f3a0dacbeb600c7829c09716c2b9ee3230c6961debcde2?s=96&d=mm&r=g","contentUrl":"https:\/\/secure.gravatar.com\/avatar\/203f240e63bee214f6f3a0dacbeb600c7829c09716c2b9ee3230c6961debcde2?s=96&d=mm&r=g","caption":"rafal"},"url":"https:\/\/www.welovecycling.com\/pl\/author\/rafal\/"}]}},"_links":{"self":[{"href":"https:\/\/www.welovecycling.com\/pl\/wp-json\/wp\/v2\/posts\/12536","targetHints":{"allow":["GET"]}}],"collection":[{"href":"https:\/\/www.welovecycling.com\/pl\/wp-json\/wp\/v2\/posts"}],"about":[{"href":"https:\/\/www.welovecycling.com\/pl\/wp-json\/wp\/v2\/types\/post"}],"author":[{"embeddable":true,"href":"https:\/\/www.welovecycling.com\/pl\/wp-json\/wp\/v2\/users\/153"}],"replies":[{"embeddable":true,"href":"https:\/\/www.welovecycling.com\/pl\/wp-json\/wp\/v2\/comments?post=12536"}],"version-history":[{"count":2,"href":"https:\/\/www.welovecycling.com\/pl\/wp-json\/wp\/v2\/posts\/12536\/revisions"}],"predecessor-version":[{"id":12541,"href":"https:\/\/www.welovecycling.com\/pl\/wp-json\/wp\/v2\/posts\/12536\/revisions\/12541"}],"wp:featuredmedia":[{"embeddable":true,"href":"https:\/\/www.welovecycling.com\/pl\/wp-json\/wp\/v2\/media\/12537"}],"wp:attachment":[{"href":"https:\/\/www.welovecycling.com\/pl\/wp-json\/wp\/v2\/media?parent=12536"}],"wp:term":[{"taxonomy":"category","embeddable":true,"href":"https:\/\/www.welovecycling.com\/pl\/wp-json\/wp\/v2\/categories?post=12536"},{"taxonomy":"post_tag","embeddable":true,"href":"https:\/\/www.welovecycling.com\/pl\/wp-json\/wp\/v2\/tags?post=12536"},{"taxonomy":"global-categories","embeddable":true,"href":"https:\/\/www.welovecycling.com\/pl\/wp-json\/wp\/v2\/global-categories?post=12536"}],"curies":[{"name":"wp","href":"https:\/\/api.w.org\/{rel}","templated":true}]}}