{"id":12504,"date":"2021-12-30T10:38:20","date_gmt":"2021-12-30T10:38:20","guid":{"rendered":"https:\/\/www.welovecycling.com\/pl\/?p=12504"},"modified":"2021-12-30T10:38:20","modified_gmt":"2021-12-30T10:38:20","slug":"polaly-sie-lzy-to-byl-ich-rok","status":"publish","type":"post","link":"https:\/\/www.welovecycling.com\/pl\/2021\/12\/30\/polaly-sie-lzy-to-byl-ich-rok\/","title":{"rendered":"Pola\u0142y si\u0119 \u0142zy\u2026 To by\u0142 ich rok!"},"content":{"rendered":"<h2><strong>Niezwykle trudny, ale te\u017c bardzo emocjonuj\u0105cy. Pad\u0142y rekordy, pola\u0142y si\u0119 \u0142zy, zanotowano zaskakuj\u0105ce rozstrzygni\u0119cia. Oto jaki by\u0142 2021 rok w kolarstwie.<\/strong><\/h2>\n<p>Zacz\u0119\u0142o si\u0119 smutno, bo od odwo\u0142ania australijskich wy\u015bcig\u00f3w Tour Down Under i Cadel Evans Great Ocean Road Race. Pow\u00f3d? Ten sam, kt\u00f3ry przewija\u0142 si\u0119 przez niemal ca\u0142y sezon, czyli pandemia koronawirusa.<\/p>\n<p>Prawdziwe \u015bciganie zacz\u0119\u0142o si\u0119 wi\u0119c tam, gdzie w 2021 r. nale\u017ca\u0142oby chyba przenie\u015b\u0107 nieoficjaln\u0105 stolic\u0119 kolarstwa. W Zjednoczonych Emiratach Arabskich wy\u015bcig wygra\u0142 Tadej Poga\u010dar, lider UAE Team Emirates, czyli zespo\u0142u gospodarzy, kt\u00f3ry nie ukrywa\u0142 wielkich \u015bwiatowych aspiracji.<\/p>\n<div class=\"embed-controller-wrapper\">\n<blockquote class=\"twitter-tweet\" data-width=\"500\" data-dnt=\"true\">\n<p lang=\"en\" dir=\"ltr\">Congratulations to the winner of the Red Jersey, sponsored by ADNOC, for General individual classification by time, Tadej Poga\u010dar (UAE Team Emirates) <a href=\"https:\/\/twitter.com\/AbuDhabiSC?ref_src=twsrc%5Etfw\">@AbuDhabiSC<\/a> <a href=\"https:\/\/twitter.com\/ADNOCGroup?ref_src=twsrc%5Etfw\">@AdnocGroup<\/a> <a href=\"https:\/\/twitter.com\/TamauPogi?ref_src=twsrc%5Etfw\">@TamauPogi<\/a> <a href=\"https:\/\/twitter.com\/TeamEmiratesUAE?ref_src=twsrc%5Etfw\">@TeamEmiratesUAE<\/a> <a href=\"https:\/\/t.co\/kEOMjb5xNJ\">pic.twitter.com\/kEOMjb5xNJ<\/a><\/p>\n<p>&mdash; UAE Tour Official (@uae_tour) <a href=\"https:\/\/twitter.com\/uae_tour\/status\/1365700689075306499?ref_src=twsrc%5Etfw\">February 27, 2021<\/a><\/p><\/blockquote>\n<p><script async data-src=\"https:\/\/platform.twitter.com\/widgets.js\" charset=\"utf-8\"><\/script><\/div>\n<h2><strong>Pokaz si\u0142y Tadeja Poga\u010dara<\/strong><\/h2>\n<p>Dru\u017cyn\u0119 UAE Team Emirates do sukces\u00f3w prowadzi\u0142 w\u0142a\u015bnie Poga\u010dar i to jego nazwiskiem powinien by\u0107 reklamowany miniony rok w kolarstwie. 23-letni S\u0142oweniec si\u0142\u0119 pokaza\u0142 ju\u017c podczas Tour de France 2020, a w tym sezonie na peda\u0142y nacisn\u0105\u0142 jeszcze mocniej. Wygra\u0142 UAE Tour, nast\u0119pnie Tirreno\u2013Adriatico, p\u00f3\u017aniej klasyk Liege\u2013Boston\u2013Liege, ale wszystko i tak podporz\u0105dkowane by\u0142o Wielkiej P\u0119tli.<\/p>\n<p>Tour de France Poga\u010dar rozegra\u0142 jak stary wyjadacz, a nie zawodnik, kt\u00f3ry niedawno do\u0142\u0105czy\u0142 do zawodowc\u00f3w. Na pierwszych etapach da\u0142 si\u0119 wyszumie\u0107 przeciwnikom, ale w drugiej cz\u0119\u015bci wy\u015bcigu nie mia\u0142 sobie r\u00f3wnych. Szybko da\u0142 rywalom do zrozumienia, \u017ce mog\u0105 walczy\u0107 co najwy\u017cej o drugie miejsce oraz koszulki w innych klasyfikacjach.<\/p>\n<p>https:\/\/www.instagram.com\/p\/CRZRDershQx\/<\/p>\n<h2><strong>Rekord Tour de France wyr\u00f3wnany<\/strong><\/h2>\n<p>Nie oznacza\u0142o to jednak, \u017ce podczas Wielkiej P\u0119tli brakowa\u0142o emocji. Zadba\u0142 o nie Mark Cavendish. Do niedawna zmagaj\u0105cy si\u0119 z depresj\u0105, nieskutecznie poszukuj\u0105cy zespo\u0142u i przez wielu wysy\u0142any na kolarsk\u0105 emerytur\u0119 zawodnik dokona\u0142 rzeczy niemal niemo\u017cliwej. Podczas Tour de France 2021 wygra\u0142 a\u017c cztery etapy, zgarn\u0105\u0142 zielon\u0105 koszulk\u0119 za triumf w klasyfikacji punktowej i przede wszystkim wyr\u00f3wna\u0142 rekord legendarnego Eddy\u2019ego Merckxa w liczbie wygranych etap\u00f3w podczas Wielkiej P\u0119tli (\u0142\u0105cznie 34 razy przecina\u0142 lini\u0119 mety jako pierwszy).<\/p>\n<p>https:\/\/www.instagram.com\/p\/CXRcLLJo6iu\/<\/p>\n<p>A to oznacza, \u017ce w tym sezonie kibice podczas Tour de France b\u0119d\u0105 nie tylko \u015bledzili walk\u0119 o triumf w wybranych klasyfikacjach, ale r\u00f3wnie\u017c przygl\u0105dali si\u0119 zmaganiom Cavendisha z rekordem Merckxa, kt\u00f3ry ma ju\u017c blisko 50 lat!<\/p>\n<p>https:\/\/www.instagram.com\/p\/CSd_lvToFXU\/<\/p>\n<h2><strong>Pech zosta\u0142 przegoniony<\/strong><\/h2>\n<p>Ciekawie by\u0142o r\u00f3wnie\u017c podczas pozosta\u0142ych wielkich tour\u00f3w \u2013 Giro d\u2019Italia oraz Vuelta a Espana. We W\u0142oszech najpierw cieszyli si\u0119 gospodarze, bo liderem by\u0142 Filippo Ganna (Ineos Grenadiers), a nast\u0119pnie Alessandro De Marchi (Israel Start-Up Nation). P\u00f3\u017aniej szampany wystrzeli\u0142y na W\u0119grzech, bo r\u00f3\u017cow\u0105 koszulk\u0119 na trzy dni przej\u0105\u0142 Attila Valter (Groupama FDJ), ale po nim do g\u0142osu doszed\u0142 ju\u017c Egan Bernal (Ineos Grenadiers). Kolumbijczyk miejsce na podium klasyfikacji generalnej zaj\u0105\u0142 po dziewi\u0105tym etapie i nie zszed\u0142 z niego a\u017c do mety w Mediolanie.<\/p>\n<p>https:\/\/www.instagram.com\/p\/CPggHBuJNOA\/<\/p>\n<p>Wydawa\u0142o si\u0119, \u017ce pechowcem sezonu mo\u017ce zosta\u0107 Primo\u017c Rogli\u0107 (Jumbo Visma). S\u0142oweniec zapowiada\u0142 rewan\u017c na Poga\u010darze za ubieg\u0142oroczny Tour de France, tymczasem musia\u0142 wycofa\u0107 si\u0119 z Wielkiej P\u0119tli po tym, jak poobija\u0142 si\u0119 podczas kraksy. Rogli\u0107 zd\u0105\u017cy\u0142 jednak wyliza\u0107 rany i przygotowa\u0107 form\u0119 na Vuelta a Espana, cho\u0107 zwyci\u0119stwo \u0142atwo mu nie przysz\u0142o. Co prawda prowadzi\u0142 ju\u017c od pierwszego dnia, ale p\u00f3\u017aniej wy\u015bcig mia\u0142 jeszcze czterech lider\u00f3w klasyfikacji generalnej. Rogli\u0107 \u015bwietnie rozegra\u0142 jednak Vuelt\u0119 taktycznie, zebra\u0142 si\u0142y na ostatnie dni i chocia\u017c cz\u0119\u015bciowo powetowa\u0142 sobie nieudany Tour de France.<\/p>\n<h2><strong>Uznanie kibic\u00f3w<\/strong><\/h2>\n<p>https:\/\/www.instagram.com\/p\/CTeK22JIoFp\/<\/p>\n<p>W 2021 r. polscy kibice najmocniej ekscytowali si\u0119 Tour de Pologne, kt\u00f3ry wygra\u0142 Portugalczyk Jo\u00e3o Almeida (Deceuninck-Quick Step). Natomiast kibice z ca\u0142ego \u015bwiata z uznaniem patrzyli na Francuza Juliana Alaphilippe\u2019a (Deceuninck-Quick Step), kt\u00f3ry obroni\u0142 mistrzostwo \u015bwiata w wy\u015bcigu ze startu wsp\u00f3lnego i kolejny rok b\u0119dzie m\u00f3g\u0142 je\u017adzi\u0107 w t\u0119czowej koszulce (z\u0142oto w je\u017adzie na czas zdoby\u0142 W\u0142och Filippo Ganna).<\/p>\n<p>https:\/\/www.instagram.com\/p\/CRCVhJkD5FQ\/<\/p>\n<p>Teraz kibice i zawodnicy odpoczywaj\u0105 od kolarskich emocji, a zawody z cyklu UCI World Tour 2022 rozpoczn\u0105 si\u0119 20 lutego siedmiodniowym wy\u015bcigiem UAE Tour.<\/p>\n<p><span data-sheets-value=\"{&quot;1&quot;:2,&quot;2&quot;:&quot;Artyku\u0142 powsta\u0142 we wsp\u00f3\u0142pracy ze skoda-auto.pl&quot;}\" data-sheets-userformat=\"{&quot;2&quot;:1,&quot;3&quot;:{&quot;1&quot;:0}}\" data-sheets-hyperlink=\"http:\/\/www.skoda-auto.pl\/\"><a class=\"in-cell-link\" href=\"http:\/\/www.skoda-auto.pl\/\" target=\"_blank\" rel=\"noopener noreferrer\">Artyku\u0142 powsta\u0142 we wsp\u00f3\u0142pracy ze skoda-auto.pl<\/a><\/span><\/p>\n<p><a href=\"https:\/\/www.skoda-auto.pl\/modele\/superb\"><img loading=\"lazy\" decoding=\"async\" class=\"alignnone size-full wp-image-11628 aligncenter\" src=\"https:\/\/d2p6e6u75xmxt8.cloudfront.net\/5\/2021\/12\/640x350-2-1.jpg\" alt=\"\" width=\"640\" height=\"350\" srcset=\"https:\/\/d2p6e6u75xmxt8.cloudfront.net\/5\/2021\/12\/640x350-2-1.jpg 640w, https:\/\/d2p6e6u75xmxt8.cloudfront.net\/5\/2021\/12\/640x350-2-1-300x164.jpg 300w\" sizes=\"auto, (max-width: 640px) 100vw, 640px\" \/><\/a><\/p>\n","protected":false},"excerpt":{"rendered":"<p>Niezwykle trudny, ale te\u017c bardzo emocjonuj\u0105cy. Pad\u0142y rekordy, pola\u0142y si\u0119 \u0142zy, zanotowano zaskakuj\u0105ce rozstrzygni\u0119cia. Oto jaki by\u0142 2021 rok w [&hellip;]<\/p>\n","protected":false},"author":153,"featured_media":11866,"comment_status":"open","ping_status":"open","sticky":false,"template":"","format":"standard","meta":{"footnotes":""},"categories":[358,360],"tags":[362],"global-categories":[303],"class_list":["post-12504","post","type-post","status-publish","format-standard","has-post-thumbnail","hentry","category-tour-de-france-2021","category-tour-de-pologne-2021","tag-piotr-nowik","global-categories-cycling"],"yoast_head":"<!-- This site is optimized with the Yoast SEO Premium plugin v25.3 (Yoast SEO v25.9) - https:\/\/yoast.com\/wordpress\/plugins\/seo\/ -->\n<title>Pola\u0142y si\u0119 \u0142zy\u2026 To by\u0142 ich rok! - \u0160koda We Love Cycling - Poland<\/title>\n<meta name=\"robots\" content=\"index, follow, max-snippet:-1, max-image-preview:large, max-video-preview:-1\" \/>\n<link rel=\"canonical\" href=\"https:\/\/www.welovecycling.com\/pl\/2021\/12\/30\/polaly-sie-lzy-to-byl-ich-rok\/\" \/>\n<meta property=\"og:locale\" content=\"pl_PL\" \/>\n<meta property=\"og:type\" content=\"article\" \/>\n<meta property=\"og:title\" content=\"Pola\u0142y si\u0119 \u0142zy\u2026 To by\u0142 ich rok!\" \/>\n<meta property=\"og:description\" content=\"Niezwykle trudny, ale te\u017c bardzo emocjonuj\u0105cy. Pad\u0142y rekordy, pola\u0142y si\u0119 \u0142zy, zanotowano zaskakuj\u0105ce rozstrzygni\u0119cia. Oto jaki by\u0142 2021 rok w [&hellip;]\" \/>\n<meta property=\"og:url\" content=\"https:\/\/www.welovecycling.com\/pl\/2021\/12\/30\/polaly-sie-lzy-to-byl-ich-rok\/\" \/>\n<meta property=\"og:site_name\" content=\"\u0160koda We Love Cycling - Poland\" \/>\n<meta property=\"article:published_time\" content=\"2021-12-30T10:38:20+00:00\" \/>\n<meta property=\"og:image\" content=\"https:\/\/d2p6e6u75xmxt8.cloudfront.net\/5\/2021\/06\/Tour-de-France-profimedia-0557094496-CVR-1024x447-1.jpg\" \/>\n\t<meta property=\"og:image:width\" content=\"1024\" \/>\n\t<meta property=\"og:image:height\" content=\"447\" \/>\n\t<meta property=\"og:image:type\" content=\"image\/jpeg\" \/>\n<meta name=\"author\" content=\"rafal\" \/>\n<meta name=\"twitter:card\" content=\"summary_large_image\" \/>\n<meta name=\"twitter:label1\" content=\"Written by\" \/>\n\t<meta name=\"twitter:data1\" content=\"Piotr Nowik\" \/>\n\t<meta name=\"twitter:label2\" content=\"Est. reading time\" \/>\n\t<meta name=\"twitter:data2\" content=\"4 minutes\" \/>\n<script type=\"application\/ld+json\" class=\"yoast-schema-graph\">{\"@context\":\"https:\/\/schema.org\",\"@graph\":[{\"@type\":\"WebPage\",\"@id\":\"https:\/\/www.welovecycling.com\/pl\/2021\/12\/30\/polaly-sie-lzy-to-byl-ich-rok\/\",\"url\":\"https:\/\/www.welovecycling.com\/pl\/2021\/12\/30\/polaly-sie-lzy-to-byl-ich-rok\/\",\"name\":\"Pola\u0142y si\u0119 \u0142zy\u2026 To by\u0142 ich rok! - \u0160koda We Love Cycling - Poland\",\"isPartOf\":{\"@id\":\"https:\/\/www.welovecycling.com\/pl\/#website\"},\"primaryImageOfPage\":{\"@id\":\"https:\/\/www.welovecycling.com\/pl\/2021\/12\/30\/polaly-sie-lzy-to-byl-ich-rok\/#primaryimage\"},\"image\":{\"@id\":\"https:\/\/www.welovecycling.com\/pl\/2021\/12\/30\/polaly-sie-lzy-to-byl-ich-rok\/#primaryimage\"},\"thumbnailUrl\":\"https:\/\/d2p6e6u75xmxt8.cloudfront.net\/5\/2021\/06\/Tour-de-France-profimedia-0557094496-CVR-1024x447-1.jpg\",\"datePublished\":\"2021-12-30T10:38:20+00:00\",\"author\":{\"@id\":\"https:\/\/www.welovecycling.com\/pl\/#\/schema\/person\/bf06ed916a1ef16618807fb60d2ebe42\"},\"breadcrumb\":{\"@id\":\"https:\/\/www.welovecycling.com\/pl\/2021\/12\/30\/polaly-sie-lzy-to-byl-ich-rok\/#breadcrumb\"},\"inLanguage\":\"pl-PL\",\"potentialAction\":[{\"@type\":\"ReadAction\",\"target\":[\"https:\/\/www.welovecycling.com\/pl\/2021\/12\/30\/polaly-sie-lzy-to-byl-ich-rok\/\"]}]},{\"@type\":\"ImageObject\",\"inLanguage\":\"pl-PL\",\"@id\":\"https:\/\/www.welovecycling.com\/pl\/2021\/12\/30\/polaly-sie-lzy-to-byl-ich-rok\/#primaryimage\",\"url\":\"https:\/\/d2p6e6u75xmxt8.cloudfront.net\/5\/2021\/06\/Tour-de-France-profimedia-0557094496-CVR-1024x447-1.jpg\",\"contentUrl\":\"https:\/\/d2p6e6u75xmxt8.cloudfront.net\/5\/2021\/06\/Tour-de-France-profimedia-0557094496-CVR-1024x447-1.jpg\",\"width\":1024,\"height\":447},{\"@type\":\"BreadcrumbList\",\"@id\":\"https:\/\/www.welovecycling.com\/pl\/2021\/12\/30\/polaly-sie-lzy-to-byl-ich-rok\/#breadcrumb\",\"itemListElement\":[{\"@type\":\"ListItem\",\"position\":1,\"name\":\"Home\",\"item\":\"https:\/\/www.welovecycling.com\/pl\/\"},{\"@type\":\"ListItem\",\"position\":2,\"name\":\"Pola\u0142y si\u0119 \u0142zy\u2026 To by\u0142 ich rok!\"}]},{\"@type\":\"WebSite\",\"@id\":\"https:\/\/www.welovecycling.com\/pl\/#website\",\"url\":\"https:\/\/www.welovecycling.com\/pl\/\",\"name\":\"\u0160koda We Love Cycling - Poland\",\"description\":\"\",\"potentialAction\":[{\"@type\":\"SearchAction\",\"target\":{\"@type\":\"EntryPoint\",\"urlTemplate\":\"https:\/\/www.welovecycling.com\/pl\/?s={search_term_string}\"},\"query-input\":{\"@type\":\"PropertyValueSpecification\",\"valueRequired\":true,\"valueName\":\"search_term_string\"}}],\"inLanguage\":\"pl-PL\"},{\"@type\":\"Person\",\"@id\":\"https:\/\/www.welovecycling.com\/pl\/#\/schema\/person\/bf06ed916a1ef16618807fb60d2ebe42\",\"name\":\"rafal\",\"image\":{\"@type\":\"ImageObject\",\"inLanguage\":\"pl-PL\",\"@id\":\"https:\/\/www.welovecycling.com\/pl\/#\/schema\/person\/image\/\",\"url\":\"https:\/\/secure.gravatar.com\/avatar\/203f240e63bee214f6f3a0dacbeb600c7829c09716c2b9ee3230c6961debcde2?s=96&d=mm&r=g\",\"contentUrl\":\"https:\/\/secure.gravatar.com\/avatar\/203f240e63bee214f6f3a0dacbeb600c7829c09716c2b9ee3230c6961debcde2?s=96&d=mm&r=g\",\"caption\":\"rafal\"},\"url\":\"https:\/\/www.welovecycling.com\/pl\/author\/rafal\/\"}]}<\/script>\n<!-- \/ Yoast SEO Premium plugin. -->","yoast_head_json":{"title":"Pola\u0142y si\u0119 \u0142zy\u2026 To by\u0142 ich rok! - \u0160koda We Love Cycling - Poland","robots":{"index":"index","follow":"follow","max-snippet":"max-snippet:-1","max-image-preview":"max-image-preview:large","max-video-preview":"max-video-preview:-1"},"canonical":"https:\/\/www.welovecycling.com\/pl\/2021\/12\/30\/polaly-sie-lzy-to-byl-ich-rok\/","og_locale":"pl_PL","og_type":"article","og_title":"Pola\u0142y si\u0119 \u0142zy\u2026 To by\u0142 ich rok!","og_description":"Niezwykle trudny, ale te\u017c bardzo emocjonuj\u0105cy. Pad\u0142y rekordy, pola\u0142y si\u0119 \u0142zy, zanotowano zaskakuj\u0105ce rozstrzygni\u0119cia. Oto jaki by\u0142 2021 rok w [&hellip;]","og_url":"https:\/\/www.welovecycling.com\/pl\/2021\/12\/30\/polaly-sie-lzy-to-byl-ich-rok\/","og_site_name":"\u0160koda We Love Cycling - Poland","article_published_time":"2021-12-30T10:38:20+00:00","og_image":[{"width":1024,"height":447,"url":"https:\/\/d2p6e6u75xmxt8.cloudfront.net\/5\/2021\/06\/Tour-de-France-profimedia-0557094496-CVR-1024x447-1.jpg","type":"image\/jpeg"}],"author":"rafal","twitter_card":"summary_large_image","twitter_misc":{"Written by":"Piotr Nowik","Est. reading time":"4 minutes"},"schema":{"@context":"https:\/\/schema.org","@graph":[{"@type":"WebPage","@id":"https:\/\/www.welovecycling.com\/pl\/2021\/12\/30\/polaly-sie-lzy-to-byl-ich-rok\/","url":"https:\/\/www.welovecycling.com\/pl\/2021\/12\/30\/polaly-sie-lzy-to-byl-ich-rok\/","name":"Pola\u0142y si\u0119 \u0142zy\u2026 To by\u0142 ich rok! - \u0160koda We Love Cycling - Poland","isPartOf":{"@id":"https:\/\/www.welovecycling.com\/pl\/#website"},"primaryImageOfPage":{"@id":"https:\/\/www.welovecycling.com\/pl\/2021\/12\/30\/polaly-sie-lzy-to-byl-ich-rok\/#primaryimage"},"image":{"@id":"https:\/\/www.welovecycling.com\/pl\/2021\/12\/30\/polaly-sie-lzy-to-byl-ich-rok\/#primaryimage"},"thumbnailUrl":"https:\/\/d2p6e6u75xmxt8.cloudfront.net\/5\/2021\/06\/Tour-de-France-profimedia-0557094496-CVR-1024x447-1.jpg","datePublished":"2021-12-30T10:38:20+00:00","author":{"@id":"https:\/\/www.welovecycling.com\/pl\/#\/schema\/person\/bf06ed916a1ef16618807fb60d2ebe42"},"breadcrumb":{"@id":"https:\/\/www.welovecycling.com\/pl\/2021\/12\/30\/polaly-sie-lzy-to-byl-ich-rok\/#breadcrumb"},"inLanguage":"pl-PL","potentialAction":[{"@type":"ReadAction","target":["https:\/\/www.welovecycling.com\/pl\/2021\/12\/30\/polaly-sie-lzy-to-byl-ich-rok\/"]}]},{"@type":"ImageObject","inLanguage":"pl-PL","@id":"https:\/\/www.welovecycling.com\/pl\/2021\/12\/30\/polaly-sie-lzy-to-byl-ich-rok\/#primaryimage","url":"https:\/\/d2p6e6u75xmxt8.cloudfront.net\/5\/2021\/06\/Tour-de-France-profimedia-0557094496-CVR-1024x447-1.jpg","contentUrl":"https:\/\/d2p6e6u75xmxt8.cloudfront.net\/5\/2021\/06\/Tour-de-France-profimedia-0557094496-CVR-1024x447-1.jpg","width":1024,"height":447},{"@type":"BreadcrumbList","@id":"https:\/\/www.welovecycling.com\/pl\/2021\/12\/30\/polaly-sie-lzy-to-byl-ich-rok\/#breadcrumb","itemListElement":[{"@type":"ListItem","position":1,"name":"Home","item":"https:\/\/www.welovecycling.com\/pl\/"},{"@type":"ListItem","position":2,"name":"Pola\u0142y si\u0119 \u0142zy\u2026 To by\u0142 ich rok!"}]},{"@type":"WebSite","@id":"https:\/\/www.welovecycling.com\/pl\/#website","url":"https:\/\/www.welovecycling.com\/pl\/","name":"\u0160koda We Love Cycling - Poland","description":"","potentialAction":[{"@type":"SearchAction","target":{"@type":"EntryPoint","urlTemplate":"https:\/\/www.welovecycling.com\/pl\/?s={search_term_string}"},"query-input":{"@type":"PropertyValueSpecification","valueRequired":true,"valueName":"search_term_string"}}],"inLanguage":"pl-PL"},{"@type":"Person","@id":"https:\/\/www.welovecycling.com\/pl\/#\/schema\/person\/bf06ed916a1ef16618807fb60d2ebe42","name":"rafal","image":{"@type":"ImageObject","inLanguage":"pl-PL","@id":"https:\/\/www.welovecycling.com\/pl\/#\/schema\/person\/image\/","url":"https:\/\/secure.gravatar.com\/avatar\/203f240e63bee214f6f3a0dacbeb600c7829c09716c2b9ee3230c6961debcde2?s=96&d=mm&r=g","contentUrl":"https:\/\/secure.gravatar.com\/avatar\/203f240e63bee214f6f3a0dacbeb600c7829c09716c2b9ee3230c6961debcde2?s=96&d=mm&r=g","caption":"rafal"},"url":"https:\/\/www.welovecycling.com\/pl\/author\/rafal\/"}]}},"_links":{"self":[{"href":"https:\/\/www.welovecycling.com\/pl\/wp-json\/wp\/v2\/posts\/12504","targetHints":{"allow":["GET"]}}],"collection":[{"href":"https:\/\/www.welovecycling.com\/pl\/wp-json\/wp\/v2\/posts"}],"about":[{"href":"https:\/\/www.welovecycling.com\/pl\/wp-json\/wp\/v2\/types\/post"}],"author":[{"embeddable":true,"href":"https:\/\/www.welovecycling.com\/pl\/wp-json\/wp\/v2\/users\/153"}],"replies":[{"embeddable":true,"href":"https:\/\/www.welovecycling.com\/pl\/wp-json\/wp\/v2\/comments?post=12504"}],"version-history":[{"count":2,"href":"https:\/\/www.welovecycling.com\/pl\/wp-json\/wp\/v2\/posts\/12504\/revisions"}],"predecessor-version":[{"id":12514,"href":"https:\/\/www.welovecycling.com\/pl\/wp-json\/wp\/v2\/posts\/12504\/revisions\/12514"}],"wp:featuredmedia":[{"embeddable":true,"href":"https:\/\/www.welovecycling.com\/pl\/wp-json\/wp\/v2\/media\/11866"}],"wp:attachment":[{"href":"https:\/\/www.welovecycling.com\/pl\/wp-json\/wp\/v2\/media?parent=12504"}],"wp:term":[{"taxonomy":"category","embeddable":true,"href":"https:\/\/www.welovecycling.com\/pl\/wp-json\/wp\/v2\/categories?post=12504"},{"taxonomy":"post_tag","embeddable":true,"href":"https:\/\/www.welovecycling.com\/pl\/wp-json\/wp\/v2\/tags?post=12504"},{"taxonomy":"global-categories","embeddable":true,"href":"https:\/\/www.welovecycling.com\/pl\/wp-json\/wp\/v2\/global-categories?post=12504"}],"curies":[{"name":"wp","href":"https:\/\/api.w.org\/{rel}","templated":true}]}}