{"id":12416,"date":"2021-12-09T07:59:46","date_gmt":"2021-12-09T07:59:46","guid":{"rendered":"https:\/\/www.welovecycling.com\/pl\/?p=12416"},"modified":"2021-12-09T07:59:46","modified_gmt":"2021-12-09T07:59:46","slug":"zagadka-rozwiazana-w-tych-barwach-cavendish-sprobuje-wjechac-do-historii-tour-de-france","status":"publish","type":"post","link":"https:\/\/www.welovecycling.com\/pl\/2021\/12\/09\/zagadka-rozwiazana-w-tych-barwach-cavendish-sprobuje-wjechac-do-historii-tour-de-france\/","title":{"rendered":"Zagadka rozwi\u0105zana! W tych barwach Cavendish spr\u00f3buje wjecha\u0107 do historii Tour de France."},"content":{"rendered":"<p><strong>Mark Cavendish wygra\u0142 z depresj\u0105, zw\u0105tpieniem i\u2026 setkami rywali. Teraz przed nim ostatnia misja \u2013 pokona\u0107 wielkiego Eddy\u2019ego Merckxa. Podstawow\u0105 cz\u0119\u015b\u0107 planu przygotowa\u0144 ju\u017c odhaczy\u0142, podpisuj\u0105c now\u0105 umow\u0119. Ciekawych informacji ze \u015brodka peletonu nap\u0142yn\u0119\u0142o jednak znacznie wi\u0119cej.<\/strong><\/p>\n<p>Jest ju\u017c jasne, \u017ce w przysz\u0142ym roku Cavendish spr\u00f3buje wjecha\u0107 do historii Tour de France jako zawodnik Deceuninck \u2013 Quick-Step, cho\u0107 do niedawna mia\u0142 ju\u017c do\u015b\u0107 kolarstwa. Wpad\u0142 w depresj\u0119, nie m\u00f3g\u0142 znale\u017a\u0107 pracodawcy i wydawa\u0142o si\u0119, \u017ce jego kariera zostanie przedwcze\u015bnie zako\u0144czona. Wtedy jednak pomocn\u0105 d\u0142o\u0144 wyci\u0105gn\u0105\u0142 Patrick Lefevere, mened\u017cer belgijskiej ekipy i 36-letni kolarz otrzyma\u0142 szans\u0119. Napisa\u0107, \u017ce j\u0105 wykorzysta\u0142, to nic nie napisa\u0107.<\/p>\n<h2><strong>Czas na wyj\u0105tkowe chwile<\/strong><\/h2>\n<p>Podczas ostatniego Tour de France Cavendish wygra\u0142 a\u017c cztery etapy i \u0142\u0105cznie na koncie ma ju\u017c 34 zwyci\u0119stwa w Wielkiej P\u0119tli, czyli tyle samo, ile legendarny Eddy Merckx. Je\u015bli wygra jeszcze jeden, zostanie samodzielnym liderem w klasyfikacji triumfator\u00f3w etap\u00f3w najwi\u0119kszego wy\u015bcigu \u015bwiata.<\/p>\n<div class=\"embed-controller-wrapper\">\n<blockquote class=\"twitter-tweet\" data-width=\"500\" data-dnt=\"true\">\n<p lang=\"en\" dir=\"ltr\">Victory nr. 3\ufe0f\u20e34\ufe0f\u20e3 ! MARK CAVENDISH EQUALS MERCKX&#39; RECORD of stage wins in the Tour de France!  <a href=\"https:\/\/twitter.com\/hashtag\/TDF2021?src=hash&amp;ref_src=twsrc%5Etfw\">#TDF2021<\/a> <a href=\"https:\/\/t.co\/rwkeyo3cAa\">pic.twitter.com\/rwkeyo3cAa<\/a><\/p>\n<p>&mdash; Mihai Simion (@faustocoppi60) <a href=\"https:\/\/twitter.com\/faustocoppi60\/status\/1413519516093624326?ref_src=twsrc%5Etfw\">July 9, 2021<\/a><\/p><\/blockquote>\n<p><script async data-src=\"https:\/\/platform.twitter.com\/widgets.js\" charset=\"utf-8\"><\/script><\/div>\n<p>D\u0142ugo nie by\u0142o wiadomo, w jakich barwach Cavendish zaatakuje rekord w 2022 r. Negocjacje trwa\u0142y, w mediach pojawia\u0142y si\u0119 spekulacje, a umowa \u2013 niby ju\u017c przygotowana \u2013 ci\u0105gle pozostawa\u0142a bez podpisu. We wtorek wszelkie w\u0105tpliwo\u015bci zosta\u0142y jednak rozwiane:<\/p>\n<div class=\"embed-controller-wrapper\">\n<blockquote class=\"twitter-tweet\" data-width=\"500\" data-dnt=\"true\">\n<p lang=\"en\" dir=\"ltr\">Winner of the iconic green jersey and four Tour de France stages this year, when he took his tally to 34 victories and equaled a 46-year-old record, <a href=\"https:\/\/twitter.com\/MarkCavendish?ref_src=twsrc%5Etfw\">@MarkCavendish<\/a> has signed a new contract with <a href=\"https:\/\/twitter.com\/hashtag\/TheWolfpack?src=hash&amp;ref_src=twsrc%5Etfw\">#TheWolfpack<\/a>: <a href=\"https:\/\/t.co\/05584SRAke\">https:\/\/t.co\/05584SRAke<\/a> <a href=\"https:\/\/t.co\/lQzSQ0SRyQ\">pic.twitter.com\/lQzSQ0SRyQ<\/a><\/p>\n<p>&mdash; Soudal Quick-Step Pro Cycling Team (@soudalquickstep) <a href=\"https:\/\/twitter.com\/soudalquickstep\/status\/1468188835087622152?ref_src=twsrc%5Etfw\">December 7, 2021<\/a><\/p><\/blockquote>\n<p><script async data-src=\"https:\/\/platform.twitter.com\/widgets.js\" charset=\"utf-8\"><\/script><\/div>\n<p>\u2013 Jestem dumny i szcz\u0119\u015bliwy, \u017ce podpisa\u0142em now\u0105 umow\u0119 z Deceuninck \u2013 Quick-Step [od stycznia dru\u017cyna b\u0119dzie nazywa\u0142a si\u0119 Quick Step-Alpha Vinyl \u2013 przyp. red.]. Rok temu cieszy\u0142em si\u0119, \u017ce mog\u0142em tu wr\u00f3ci\u0107 i nie kry\u0142em podziwu wobec tego, co robi zesp\u00f3\u0142, a ostatnie 12 miesi\u0119cy by\u0142o fenomenalne. Otrzyma\u0142em wsparcie od zespo\u0142u oraz ca\u0142ej ekipy i ju\u017c nie mog\u0119 si\u0119 doczeka\u0107, by prze\u017cy\u0107 jeszcze wi\u0119cej wyj\u0105tkowych chwil \u2013 m\u00f3wi\u0142 Cavendish na oficjalnej stronie zespo\u0142u.<\/p>\n<p>Patrick Lefevere: \u2013 Ca\u0142y \u015bwiat widzia\u0142, co Mark zrobi\u0142 w tym roku. Nie wszyscy jednak widzieli, w jaki spos\u00f3b docenia prac\u0119 ca\u0142ego zespo\u0142u. Jeste\u015bmy bardziej ni\u017c szcz\u0119\u015bliwi, \u017ce wraz z nim mo\u017cemy pisa\u0107 histori\u0119 jeszcze przez 12 miesi\u0119cy.<\/p>\n<p>Teraz jednak Cavendish musi ca\u0142kowicie doj\u015b\u0107 do siebie po powa\u017cnej kontuzji. Z tego powodu z op\u00f3\u017anieniem mo\u017ce rozpocz\u0105\u0107 sezon, ale na imprez\u0119 swojego \u017cycia \u2013 Tour de France 2022 \u2013 powinien by\u0107 gotowy.<\/p>\n<div class=\"embed-controller-wrapper\">\n<blockquote class=\"twitter-tweet\" data-width=\"500\" data-dnt=\"true\">\n<p lang=\"en\" dir=\"ltr\">Just want to say how overwhelmed &amp; thankful I am for all the support and well-wishes.<br \/>So <a href=\"https:\/\/twitter.com\/zesdaagseGent?ref_src=twsrc%5Etfw\">@zesdaagseGent<\/a> didn\u2019t end the way we\u2019d have preferred, I think it\u2019s fair to say \ud83d\ude05 Some water on the track, a high speed crash and a few barrel rolls later, I\u2019m being treated for some <a href=\"https:\/\/t.co\/Alvhn1Jnjk\">pic.twitter.com\/Alvhn1Jnjk<\/a><\/p>\n<p>&mdash; Mark Cavendish (@MarkCavendish) <a href=\"https:\/\/twitter.com\/MarkCavendish\/status\/1462834510530232327?ref_src=twsrc%5Etfw\">November 22, 2021<\/a><\/p><\/blockquote>\n<p><script async data-src=\"https:\/\/platform.twitter.com\/widgets.js\" charset=\"utf-8\"><\/script><\/div>\n<h2><strong>Sagan podpisa\u0142, Plichta zrezygnowa\u0142a<\/strong><\/h2>\n<p>Nowa umowa Cavendisha to najwa\u017cniejsza informacja kolarska ostatnich dni, ale wcze\u015bniej g\u0142o\u015bno zrobi\u0142o si\u0119 tak\u017ce o Peterze Saganie. S\u0142owak zamieni\u0142 Bora-hansgrohe na dru\u017cyn\u0119 TotalEnergies, a teraz przed\u0142u\u017cy\u0142 swoj\u0105 umow\u0119 sponsorsk\u0105 o kolejnych\u2026 10 lat. To oznacza, \u017ce marka Sportful, bo w\u0142a\u015bnie o niej mowa, b\u0119dzie ubiera\u0142a Sagana co najmniej do 41. roku \u017cycia. Niewykluczone jednak, \u017ce wtedy S\u0142owak ci\u0105gle jeszcze b\u0119dzie si\u0119 \u015bciga\u0142. \u2013 Czuj\u0119 si\u0119 bardzo dobrze i nie my\u015bl\u0119 o zako\u0144czeniu kariery \u2013 m\u00f3wi\u0142 31-latek w jednym z ostatnich wywiad\u00f3w.<\/p>\n<div class=\"embed-controller-wrapper\">\n<blockquote class=\"twitter-tweet\" data-width=\"500\" data-dnt=\"true\">\n<p lang=\"en\" dir=\"ltr\">.<a href=\"https:\/\/twitter.com\/sportful?ref_src=twsrc%5Etfw\">@sportful<\/a> is a real family for me and it\u2019s a real pleasure to be one of them for another ten years! <\/p>\n<p>We\u2019ve always been riding together and we\u2019re pretty sure that the next ten years won\u2019t be the last. <\/p>\n<p>I\u2019m really proud to announce this! <a href=\"https:\/\/twitter.com\/hashtag\/Sportful?src=hash&amp;ref_src=twsrc%5Etfw\">#Sportful<\/a> <a href=\"https:\/\/twitter.com\/hashtag\/PeterSagan?src=hash&amp;ref_src=twsrc%5Etfw\">#PeterSagan<\/a> <a href=\"https:\/\/twitter.com\/hashtag\/Sagan?src=hash&amp;ref_src=twsrc%5Etfw\">#Sagan<\/a> <a href=\"https:\/\/t.co\/IBXWVs34xI\">pic.twitter.com\/IBXWVs34xI<\/a><\/p>\n<p>&mdash; Peter Sagan (@petosagan) <a href=\"https:\/\/twitter.com\/petosagan\/status\/1466694445466673156?ref_src=twsrc%5Etfw\">December 3, 2021<\/a><\/p><\/blockquote>\n<p><script async data-src=\"https:\/\/platform.twitter.com\/widgets.js\" charset=\"utf-8\"><\/script><\/div>\n<p>\u201eDo\u015b\u0107\u201d powiedzia\u0142a za to jedna z najlepszych polskich zawodniczek ostatnich lat \u2013 Anna Plichta. A w\u0142a\u015bciwie Anna Lafourte, poniewa\u017c niedawno wzi\u0119\u0142a \u015blub z Anthonym Lafourte, kt\u00f3ry r\u00f3wnie\u017c jest rozkochany w kolarstwie.<\/p>\n<p>https:\/\/www.instagram.com\/p\/CVnROspss2X\/?utm_source=ig_web_copy_link<\/p>\n<p>Teraz b\u0119dzie mia\u0142a wi\u0119cej czasu na rekreacyjne przeja\u017cd\u017cki, bo z zawodowstwa definitywnie zrezygnowa\u0142a.<\/p>\n<p>\u2013 Kolarstwo jest pi\u0119kn\u0105 histori\u0105. Opowie\u015bci\u0105, zapisan\u0105 \u0142zami, potem, rado\u015bci\u0105 i samotno\u015bci\u0105. Kolarstwo to ludzie, kt\u00f3rych spotkali\u015bmy, drogi, kt\u00f3re przejechali\u015bmy, i wspomnienia, kt\u00f3re zachowamy na zawsze. Ci\u0119\u017cka praca, po\u015bwi\u0119cenie i trudne wybory kszta\u0142tuj\u0105 nasz\u0105 osobowo\u015b\u0107 i powoduj\u0105, \u017ce stajemy si\u0119 tymi, kt\u00f3rymi naprawd\u0119 jeste\u015bmy. Dzisiaj chc\u0119 si\u0119 podzieli\u0107 z wami wiadomo\u015bci\u0105, \u017ce po sezonie 2021 zako\u0144cz\u0119 swoj\u0105 profesjonaln\u0105 karier\u0119. Mi\u0142o\u015b\u0107 do kolarstwa na zawsze pozostanie, ale pora na zmian\u0119 i nowe wyzwania \u2013 napisa\u0142a 29-letnia kolarka.<\/p>\n<p>https:\/\/www.instagram.com\/p\/CXJWbqDsTQS\/?utm_source=ig_web_copy_link<\/p>\n<h2><strong>Jak pojedzie Tour de Pologne? Zmiany w kalendarzu<\/strong><\/h2>\n<p>Po zako\u0144czeniu sezonu sporo dzieje si\u0119 r\u00f3wnie\u017c w gabinetach dyrektor\u00f3w najwi\u0119kszych wy\u015bcig\u00f3w \u015bwiata. Od pewnego czasu wiadomo, \u017ce otwarcie sezonu UCI World Tour nie odb\u0119dzie si\u0119 w Australii, ale to nie oznacza, \u017ce Tour Down Under i Cadel Evans Great Ocean Road Race na dobre wypadaj\u0105 z kalendarza na 2022 r. Okazuje si\u0119 bowiem, \u017ce istnieje mo\u017cliwo\u015b\u0107 prze\u0142o\u017cenia tych wy\u015bcig\u00f3w na wrzesie\u0144.<\/p>\n<p>Z kolei w dniach 30 lipca \u2013 5 sierpnia zaplanowane jest Tour de Pologne 2022, kt\u00f3rego tras\u0119 w\u0142a\u015bnie poznali\u015bmy. W sumie kolarze maj\u0105 pokona\u0107 1227 kilometr\u00f3w, a tak prezentuj\u0105 si\u0119 poszczeg\u00f3lne etapy:<\/p>\n<p>\u2013 30 lipca: Kielce \u2013 Lublin,<\/p>\n<p>\u2013 31 lipca: Che\u0142m \u2013 Zamo\u015b\u0107,<\/p>\n<p>\u2013 1 sierpnia: Kra\u015bnik \u2013 Przemy\u015bl,<\/p>\n<p>\u2013 2 sierpnia: Lesko \u2013 Sanok,<\/p>\n<p>\u2013 3 sierpnia: \u0141a\u0144cut \u2013 Rzesz\u00f3w,<\/p>\n<p>\u2013 4 sierpnia: Szaflary \u2013 Wierch Rusi\u0144ski,<\/p>\n<p>\u2013 5 sierpnia: Skawina \u2013 Krak\u00f3w.<\/p>\n<div class=\"embed-controller-wrapper\">\n<blockquote class=\"twitter-tweet\" data-width=\"500\" data-dnt=\"true\">\n<p lang=\"pl\" dir=\"ltr\">TOUR DE POLOGNE 2022 \ud83c\uddf5\ud83c\uddf1\ud83d\udeb4\ud83c\udffc\u200d\u2642\ufe0f<\/p>\n<p>1\ufe0f\u20e3 KIELCE &#8211; LUBLIN<br \/>2\ufe0f\u20e3CHE\u0141M &#8211; ZAMO\u015a\u0106<br \/>3\ufe0f\u20e3 KRA\u015aNIK, POWIAT KRA\u015aNICKI &#8211;  PRZEMY\u015aL<br \/>4\ufe0f\u20e3 LESKO, POWIAT LESKI &#8211; SANOK<br \/>5\ufe0f\u20e3 \u0141A\u0143CUT &#8211; RZESZ\u00d3W<br \/>6\ufe0f\u20e3 SZAFLARY &#8211; BUKOVINA RESORT <br \/>7\ufe0f\u20e3 VALSIR, SKAWINA &#8211; KRAK\u00d3W <\/p>\n<p>wi\u0119cej na <a href=\"https:\/\/t.co\/UrkdzEpMXN\">https:\/\/t.co\/UrkdzEpMXN<\/a>  <a href=\"https:\/\/twitter.com\/hashtag\/TdP22?src=hash&amp;ref_src=twsrc%5Etfw\">#TdP22<\/a> <a href=\"https:\/\/twitter.com\/hashtag\/UCIWT?src=hash&amp;ref_src=twsrc%5Etfw\">#UCIWT<\/a> <a href=\"https:\/\/t.co\/PU1gBTx4wp\">pic.twitter.com\/PU1gBTx4wp<\/a><\/p>\n<p>&mdash; Tour de Pologne (@Tour_de_Pologne) <a href=\"https:\/\/twitter.com\/Tour_de_Pologne\/status\/1464629987810627585?ref_src=twsrc%5Etfw\">November 27, 2021<\/a><\/p><\/blockquote>\n<p><script async data-src=\"https:\/\/platform.twitter.com\/widgets.js\" charset=\"utf-8\"><\/script><\/div>\n<p>Co wa\u017cne, w tym roku Tour de Pologne nie pokrywa si\u0119 z Tour de France, kt\u00f3re zostanie rozegrane 1\u201324 lipca. A to oznacza, \u017ce podczas najwi\u0119kszego polskiego wy\u015bcigu b\u0119dziemy mogli liczy\u0107 na mocn\u0105 obsad\u0119.<\/p>\n<p><span data-sheets-value=\"{&quot;1&quot;:2,&quot;2&quot;:&quot;Artyku\u0142 powsta\u0142 we wsp\u00f3\u0142pracy ze skoda-auto.pl&quot;}\" data-sheets-userformat=\"{&quot;2&quot;:1,&quot;3&quot;:{&quot;1&quot;:0}}\" data-sheets-hyperlink=\"http:\/\/www.skoda-auto.pl\/\"><a class=\"in-cell-link\" href=\"http:\/\/www.skoda-auto.pl\/\" target=\"_blank\" rel=\"noopener noreferrer\">Artyku\u0142 powsta\u0142 we wsp\u00f3\u0142pracy ze skoda-auto.pl<\/a><\/span><\/p>\n<p><a href=\"https:\/\/sklep.skoda.pl\/pl\/sklep\/b\/331\/rowery-i-akcesoria-rowery.html\"><img loading=\"lazy\" decoding=\"async\" class=\"aligncenter wp-image-9608 size-full loading\" src=\"https:\/\/d2p6e6u75xmxt8.cloudfront.net\/5\/2019\/08\/baner_WLC_640x350_3.png\" sizes=\"auto, (max-width: 640px) 100vw, 640px\" srcset=\"https:\/\/d2p6e6u75xmxt8.cloudfront.net\/5\/2019\/08\/baner_WLC_640x350_3.png 640w, https:\/\/d2p6e6u75xmxt8.cloudfront.net\/5\/2019\/08\/baner_WLC_640x350_3-300x164.png 300w\" alt=\"\" width=\"640\" height=\"350\" data-was-processed=\"true\" \/><\/a><\/p>\n","protected":false},"excerpt":{"rendered":"<p>Mark Cavendish wygra\u0142 z depresj\u0105, zw\u0105tpieniem i\u2026 setkami rywali. Teraz przed nim ostatnia misja \u2013 pokona\u0107 wielkiego Eddy\u2019ego Merckxa. Podstawow\u0105 [&hellip;]<\/p>\n","protected":false},"author":153,"featured_media":12431,"comment_status":"open","ping_status":"open","sticky":false,"template":"","format":"standard","meta":{"footnotes":""},"categories":[364,363],"tags":[362],"global-categories":[303],"class_list":["post-12416","post","type-post","status-publish","format-standard","has-post-thumbnail","hentry","category-tour-de-france-2022","category-tour-de-pologne-2022","tag-piotr-nowik","global-categories-cycling"],"yoast_head":"<!-- This site is optimized with the Yoast SEO Premium plugin v25.3 (Yoast SEO v25.9) - https:\/\/yoast.com\/wordpress\/plugins\/seo\/ -->\n<title>Zagadka rozwi\u0105zana! W tych barwach Cavendish spr\u00f3buje wjecha\u0107 do historii Tour de France. - \u0160koda We Love Cycling - Poland<\/title>\n<meta name=\"robots\" content=\"index, follow, max-snippet:-1, max-image-preview:large, max-video-preview:-1\" \/>\n<link rel=\"canonical\" href=\"https:\/\/www.welovecycling.com\/pl\/2021\/12\/09\/zagadka-rozwiazana-w-tych-barwach-cavendish-sprobuje-wjechac-do-historii-tour-de-france\/\" \/>\n<meta property=\"og:locale\" content=\"pl_PL\" \/>\n<meta property=\"og:type\" content=\"article\" \/>\n<meta property=\"og:title\" content=\"Zagadka rozwi\u0105zana! W tych barwach Cavendish spr\u00f3buje wjecha\u0107 do historii Tour de France.\" \/>\n<meta property=\"og:description\" content=\"Mark Cavendish wygra\u0142 z depresj\u0105, zw\u0105tpieniem i\u2026 setkami rywali. Teraz przed nim ostatnia misja \u2013 pokona\u0107 wielkiego Eddy\u2019ego Merckxa. Podstawow\u0105 [&hellip;]\" \/>\n<meta property=\"og:url\" content=\"https:\/\/www.welovecycling.com\/pl\/2021\/12\/09\/zagadka-rozwiazana-w-tych-barwach-cavendish-sprobuje-wjechac-do-historii-tour-de-france\/\" \/>\n<meta property=\"og:site_name\" content=\"\u0160koda We Love Cycling - Poland\" \/>\n<meta property=\"article:published_time\" content=\"2021-12-09T07:59:46+00:00\" \/>\n<meta property=\"og:image\" content=\"https:\/\/d2p6e6u75xmxt8.cloudfront.net\/5\/2021\/12\/Tour-de-France-profimedia-0558935695-CVR-1024x447-1.jpg\" \/>\n\t<meta property=\"og:image:width\" content=\"1024\" \/>\n\t<meta property=\"og:image:height\" content=\"447\" \/>\n\t<meta property=\"og:image:type\" content=\"image\/jpeg\" \/>\n<meta name=\"author\" content=\"rafal\" \/>\n<meta name=\"twitter:card\" content=\"summary_large_image\" \/>\n<meta name=\"twitter:label1\" content=\"Written by\" \/>\n\t<meta name=\"twitter:data1\" content=\"Piotr Nowik\" \/>\n\t<meta name=\"twitter:label2\" content=\"Est. reading time\" \/>\n\t<meta name=\"twitter:data2\" content=\"4 minutes\" \/>\n<script type=\"application\/ld+json\" class=\"yoast-schema-graph\">{\"@context\":\"https:\/\/schema.org\",\"@graph\":[{\"@type\":\"WebPage\",\"@id\":\"https:\/\/www.welovecycling.com\/pl\/2021\/12\/09\/zagadka-rozwiazana-w-tych-barwach-cavendish-sprobuje-wjechac-do-historii-tour-de-france\/\",\"url\":\"https:\/\/www.welovecycling.com\/pl\/2021\/12\/09\/zagadka-rozwiazana-w-tych-barwach-cavendish-sprobuje-wjechac-do-historii-tour-de-france\/\",\"name\":\"Zagadka rozwi\u0105zana! W tych barwach Cavendish spr\u00f3buje wjecha\u0107 do historii Tour de France. - \u0160koda We Love Cycling - Poland\",\"isPartOf\":{\"@id\":\"https:\/\/www.welovecycling.com\/pl\/#website\"},\"primaryImageOfPage\":{\"@id\":\"https:\/\/www.welovecycling.com\/pl\/2021\/12\/09\/zagadka-rozwiazana-w-tych-barwach-cavendish-sprobuje-wjechac-do-historii-tour-de-france\/#primaryimage\"},\"image\":{\"@id\":\"https:\/\/www.welovecycling.com\/pl\/2021\/12\/09\/zagadka-rozwiazana-w-tych-barwach-cavendish-sprobuje-wjechac-do-historii-tour-de-france\/#primaryimage\"},\"thumbnailUrl\":\"https:\/\/d2p6e6u75xmxt8.cloudfront.net\/5\/2021\/12\/Tour-de-France-profimedia-0558935695-CVR-1024x447-1.jpg\",\"datePublished\":\"2021-12-09T07:59:46+00:00\",\"author\":{\"@id\":\"https:\/\/www.welovecycling.com\/pl\/#\/schema\/person\/bf06ed916a1ef16618807fb60d2ebe42\"},\"breadcrumb\":{\"@id\":\"https:\/\/www.welovecycling.com\/pl\/2021\/12\/09\/zagadka-rozwiazana-w-tych-barwach-cavendish-sprobuje-wjechac-do-historii-tour-de-france\/#breadcrumb\"},\"inLanguage\":\"pl-PL\",\"potentialAction\":[{\"@type\":\"ReadAction\",\"target\":[\"https:\/\/www.welovecycling.com\/pl\/2021\/12\/09\/zagadka-rozwiazana-w-tych-barwach-cavendish-sprobuje-wjechac-do-historii-tour-de-france\/\"]}]},{\"@type\":\"ImageObject\",\"inLanguage\":\"pl-PL\",\"@id\":\"https:\/\/www.welovecycling.com\/pl\/2021\/12\/09\/zagadka-rozwiazana-w-tych-barwach-cavendish-sprobuje-wjechac-do-historii-tour-de-france\/#primaryimage\",\"url\":\"https:\/\/d2p6e6u75xmxt8.cloudfront.net\/5\/2021\/12\/Tour-de-France-profimedia-0558935695-CVR-1024x447-1.jpg\",\"contentUrl\":\"https:\/\/d2p6e6u75xmxt8.cloudfront.net\/5\/2021\/12\/Tour-de-France-profimedia-0558935695-CVR-1024x447-1.jpg\",\"width\":1024,\"height\":447},{\"@type\":\"BreadcrumbList\",\"@id\":\"https:\/\/www.welovecycling.com\/pl\/2021\/12\/09\/zagadka-rozwiazana-w-tych-barwach-cavendish-sprobuje-wjechac-do-historii-tour-de-france\/#breadcrumb\",\"itemListElement\":[{\"@type\":\"ListItem\",\"position\":1,\"name\":\"Home\",\"item\":\"https:\/\/www.welovecycling.com\/pl\/\"},{\"@type\":\"ListItem\",\"position\":2,\"name\":\"Zagadka rozwi\u0105zana! W tych barwach Cavendish spr\u00f3buje wjecha\u0107 do historii Tour de France.\"}]},{\"@type\":\"WebSite\",\"@id\":\"https:\/\/www.welovecycling.com\/pl\/#website\",\"url\":\"https:\/\/www.welovecycling.com\/pl\/\",\"name\":\"\u0160koda We Love Cycling - Poland\",\"description\":\"\",\"potentialAction\":[{\"@type\":\"SearchAction\",\"target\":{\"@type\":\"EntryPoint\",\"urlTemplate\":\"https:\/\/www.welovecycling.com\/pl\/?s={search_term_string}\"},\"query-input\":{\"@type\":\"PropertyValueSpecification\",\"valueRequired\":true,\"valueName\":\"search_term_string\"}}],\"inLanguage\":\"pl-PL\"},{\"@type\":\"Person\",\"@id\":\"https:\/\/www.welovecycling.com\/pl\/#\/schema\/person\/bf06ed916a1ef16618807fb60d2ebe42\",\"name\":\"rafal\",\"image\":{\"@type\":\"ImageObject\",\"inLanguage\":\"pl-PL\",\"@id\":\"https:\/\/www.welovecycling.com\/pl\/#\/schema\/person\/image\/\",\"url\":\"https:\/\/secure.gravatar.com\/avatar\/203f240e63bee214f6f3a0dacbeb600c7829c09716c2b9ee3230c6961debcde2?s=96&d=mm&r=g\",\"contentUrl\":\"https:\/\/secure.gravatar.com\/avatar\/203f240e63bee214f6f3a0dacbeb600c7829c09716c2b9ee3230c6961debcde2?s=96&d=mm&r=g\",\"caption\":\"rafal\"},\"url\":\"https:\/\/www.welovecycling.com\/pl\/author\/rafal\/\"}]}<\/script>\n<!-- \/ Yoast SEO Premium plugin. -->","yoast_head_json":{"title":"Zagadka rozwi\u0105zana! W tych barwach Cavendish spr\u00f3buje wjecha\u0107 do historii Tour de France. - \u0160koda We Love Cycling - Poland","robots":{"index":"index","follow":"follow","max-snippet":"max-snippet:-1","max-image-preview":"max-image-preview:large","max-video-preview":"max-video-preview:-1"},"canonical":"https:\/\/www.welovecycling.com\/pl\/2021\/12\/09\/zagadka-rozwiazana-w-tych-barwach-cavendish-sprobuje-wjechac-do-historii-tour-de-france\/","og_locale":"pl_PL","og_type":"article","og_title":"Zagadka rozwi\u0105zana! W tych barwach Cavendish spr\u00f3buje wjecha\u0107 do historii Tour de France.","og_description":"Mark Cavendish wygra\u0142 z depresj\u0105, zw\u0105tpieniem i\u2026 setkami rywali. Teraz przed nim ostatnia misja \u2013 pokona\u0107 wielkiego Eddy\u2019ego Merckxa. Podstawow\u0105 [&hellip;]","og_url":"https:\/\/www.welovecycling.com\/pl\/2021\/12\/09\/zagadka-rozwiazana-w-tych-barwach-cavendish-sprobuje-wjechac-do-historii-tour-de-france\/","og_site_name":"\u0160koda We Love Cycling - Poland","article_published_time":"2021-12-09T07:59:46+00:00","og_image":[{"width":1024,"height":447,"url":"https:\/\/d2p6e6u75xmxt8.cloudfront.net\/5\/2021\/12\/Tour-de-France-profimedia-0558935695-CVR-1024x447-1.jpg","type":"image\/jpeg"}],"author":"rafal","twitter_card":"summary_large_image","twitter_misc":{"Written by":"Piotr Nowik","Est. reading time":"4 minutes"},"schema":{"@context":"https:\/\/schema.org","@graph":[{"@type":"WebPage","@id":"https:\/\/www.welovecycling.com\/pl\/2021\/12\/09\/zagadka-rozwiazana-w-tych-barwach-cavendish-sprobuje-wjechac-do-historii-tour-de-france\/","url":"https:\/\/www.welovecycling.com\/pl\/2021\/12\/09\/zagadka-rozwiazana-w-tych-barwach-cavendish-sprobuje-wjechac-do-historii-tour-de-france\/","name":"Zagadka rozwi\u0105zana! W tych barwach Cavendish spr\u00f3buje wjecha\u0107 do historii Tour de France. - \u0160koda We Love Cycling - Poland","isPartOf":{"@id":"https:\/\/www.welovecycling.com\/pl\/#website"},"primaryImageOfPage":{"@id":"https:\/\/www.welovecycling.com\/pl\/2021\/12\/09\/zagadka-rozwiazana-w-tych-barwach-cavendish-sprobuje-wjechac-do-historii-tour-de-france\/#primaryimage"},"image":{"@id":"https:\/\/www.welovecycling.com\/pl\/2021\/12\/09\/zagadka-rozwiazana-w-tych-barwach-cavendish-sprobuje-wjechac-do-historii-tour-de-france\/#primaryimage"},"thumbnailUrl":"https:\/\/d2p6e6u75xmxt8.cloudfront.net\/5\/2021\/12\/Tour-de-France-profimedia-0558935695-CVR-1024x447-1.jpg","datePublished":"2021-12-09T07:59:46+00:00","author":{"@id":"https:\/\/www.welovecycling.com\/pl\/#\/schema\/person\/bf06ed916a1ef16618807fb60d2ebe42"},"breadcrumb":{"@id":"https:\/\/www.welovecycling.com\/pl\/2021\/12\/09\/zagadka-rozwiazana-w-tych-barwach-cavendish-sprobuje-wjechac-do-historii-tour-de-france\/#breadcrumb"},"inLanguage":"pl-PL","potentialAction":[{"@type":"ReadAction","target":["https:\/\/www.welovecycling.com\/pl\/2021\/12\/09\/zagadka-rozwiazana-w-tych-barwach-cavendish-sprobuje-wjechac-do-historii-tour-de-france\/"]}]},{"@type":"ImageObject","inLanguage":"pl-PL","@id":"https:\/\/www.welovecycling.com\/pl\/2021\/12\/09\/zagadka-rozwiazana-w-tych-barwach-cavendish-sprobuje-wjechac-do-historii-tour-de-france\/#primaryimage","url":"https:\/\/d2p6e6u75xmxt8.cloudfront.net\/5\/2021\/12\/Tour-de-France-profimedia-0558935695-CVR-1024x447-1.jpg","contentUrl":"https:\/\/d2p6e6u75xmxt8.cloudfront.net\/5\/2021\/12\/Tour-de-France-profimedia-0558935695-CVR-1024x447-1.jpg","width":1024,"height":447},{"@type":"BreadcrumbList","@id":"https:\/\/www.welovecycling.com\/pl\/2021\/12\/09\/zagadka-rozwiazana-w-tych-barwach-cavendish-sprobuje-wjechac-do-historii-tour-de-france\/#breadcrumb","itemListElement":[{"@type":"ListItem","position":1,"name":"Home","item":"https:\/\/www.welovecycling.com\/pl\/"},{"@type":"ListItem","position":2,"name":"Zagadka rozwi\u0105zana! W tych barwach Cavendish spr\u00f3buje wjecha\u0107 do historii Tour de France."}]},{"@type":"WebSite","@id":"https:\/\/www.welovecycling.com\/pl\/#website","url":"https:\/\/www.welovecycling.com\/pl\/","name":"\u0160koda We Love Cycling - Poland","description":"","potentialAction":[{"@type":"SearchAction","target":{"@type":"EntryPoint","urlTemplate":"https:\/\/www.welovecycling.com\/pl\/?s={search_term_string}"},"query-input":{"@type":"PropertyValueSpecification","valueRequired":true,"valueName":"search_term_string"}}],"inLanguage":"pl-PL"},{"@type":"Person","@id":"https:\/\/www.welovecycling.com\/pl\/#\/schema\/person\/bf06ed916a1ef16618807fb60d2ebe42","name":"rafal","image":{"@type":"ImageObject","inLanguage":"pl-PL","@id":"https:\/\/www.welovecycling.com\/pl\/#\/schema\/person\/image\/","url":"https:\/\/secure.gravatar.com\/avatar\/203f240e63bee214f6f3a0dacbeb600c7829c09716c2b9ee3230c6961debcde2?s=96&d=mm&r=g","contentUrl":"https:\/\/secure.gravatar.com\/avatar\/203f240e63bee214f6f3a0dacbeb600c7829c09716c2b9ee3230c6961debcde2?s=96&d=mm&r=g","caption":"rafal"},"url":"https:\/\/www.welovecycling.com\/pl\/author\/rafal\/"}]}},"_links":{"self":[{"href":"https:\/\/www.welovecycling.com\/pl\/wp-json\/wp\/v2\/posts\/12416","targetHints":{"allow":["GET"]}}],"collection":[{"href":"https:\/\/www.welovecycling.com\/pl\/wp-json\/wp\/v2\/posts"}],"about":[{"href":"https:\/\/www.welovecycling.com\/pl\/wp-json\/wp\/v2\/types\/post"}],"author":[{"embeddable":true,"href":"https:\/\/www.welovecycling.com\/pl\/wp-json\/wp\/v2\/users\/153"}],"replies":[{"embeddable":true,"href":"https:\/\/www.welovecycling.com\/pl\/wp-json\/wp\/v2\/comments?post=12416"}],"version-history":[{"count":1,"href":"https:\/\/www.welovecycling.com\/pl\/wp-json\/wp\/v2\/posts\/12416\/revisions"}],"predecessor-version":[{"id":12432,"href":"https:\/\/www.welovecycling.com\/pl\/wp-json\/wp\/v2\/posts\/12416\/revisions\/12432"}],"wp:featuredmedia":[{"embeddable":true,"href":"https:\/\/www.welovecycling.com\/pl\/wp-json\/wp\/v2\/media\/12431"}],"wp:attachment":[{"href":"https:\/\/www.welovecycling.com\/pl\/wp-json\/wp\/v2\/media?parent=12416"}],"wp:term":[{"taxonomy":"category","embeddable":true,"href":"https:\/\/www.welovecycling.com\/pl\/wp-json\/wp\/v2\/categories?post=12416"},{"taxonomy":"post_tag","embeddable":true,"href":"https:\/\/www.welovecycling.com\/pl\/wp-json\/wp\/v2\/tags?post=12416"},{"taxonomy":"global-categories","embeddable":true,"href":"https:\/\/www.welovecycling.com\/pl\/wp-json\/wp\/v2\/global-categories?post=12416"}],"curies":[{"name":"wp","href":"https:\/\/api.w.org\/{rel}","templated":true}]}}