{"id":12410,"date":"2021-12-06T08:17:21","date_gmt":"2021-12-06T08:17:21","guid":{"rendered":"https:\/\/www.welovecycling.com\/pl\/?p=12410"},"modified":"2021-12-06T08:17:21","modified_gmt":"2021-12-06T08:17:21","slug":"najdluzsza-na-swiecie-solarna-sciezka-rowerowa-w-utrechcie","status":"publish","type":"post","link":"https:\/\/www.welovecycling.com\/pl\/2021\/12\/06\/najdluzsza-na-swiecie-solarna-sciezka-rowerowa-w-utrechcie\/","title":{"rendered":"Najd\u0142u\u017csza na \u015bwiecie solarna \u015bcie\u017cka rowerowa w Utrechcie."},"content":{"rendered":"<p><strong>Jazda na rowerze ju\u017c teraz jest jednym z najbardziej przyjaznych \u015brodowisku \u015brodk\u00f3w transportu. Ale w holenderskim mie\u015bcie Maartensdijk w regionie Utrecht w\u0142adze posz\u0142y o krok dalej i stworzy\u0142y najd\u0142u\u017csz\u0105 \u015bcie\u017ck\u0119 rowerow\u0105 na \u015bwiecie generuj\u0105c\u0105 zr\u00f3wnowa\u017con\u0105 energi\u0119 elektryczn\u0105!<\/strong><\/p>\n<p>Przy ca\u0142kowitej d\u0142ugo\u015bci 300 metr\u00f3w s\u0142oneczny segment publicznej \u015bcie\u017cki rowerowej sk\u0142ada si\u0119 z betonowych blok\u00f3w z cienk\u0105 przezroczyst\u0105 warstw\u0105, kt\u00f3ra umo\u017cliwia, przedostanie si\u0119 \u015bwiat\u0142a s\u0142onecznego bezpo\u015brednio do paneli s\u0142onecznych znajduj\u0105cych si\u0119 wewn\u0105trz. Wygenerowana w ten spos\u00f3b energia ze \u015bcie\u017cki wystarcza na pokrycie zu\u017cycia pr\u0105du przez 40 gospodarstw domowych. I to nie jedyna \u015bcie\u017cka solarna w kraju. Pozosta\u0142e dwie znajduj\u0105 si\u0119 w Krommenie, na p\u00f3\u0142noc od Amsterdamu, oraz w Haaksbergen. Jednak ta w Maartensdijk jest najd\u0142u\u017csza.<\/p>\n<p>W Holandii, gdzie rezerwy grunt\u00f3w s\u0105 ograniczone, ludzie staraj\u0105 si\u0119 wykorzysta\u0107 ka\u017cdy centymetr ziemi. Gdy panele s\u0142oneczne mog\u0105 by\u0107 w\u0142\u0105czone do \u015bcie\u017cek rowerowych, pozostaje wi\u0119cej gleby nadaj\u0105cej si\u0119 do uprawy do cel\u00f3w rolniczych. Holendrzy nazywaj\u0105 to polityk\u0105 podw\u00f3jnego u\u017cycia. \u015acie\u017cka solarna jest doskona\u0142ym przyk\u0142adem projektu, kt\u00f3ry pomaga zredukowa\u0107 emisj\u0119 dwutlenku w\u0119gla. Mo\u017cna wi\u0119c powiedzie\u0107, \u017ce holenderskie rozwi\u0105zanie to dwie pieczenie na jednym ogniu.<\/p>\n<div class=\"embed-controller-wrapper\">\n<div class=\"embed-wrapper\"><iframe title=\"Netherlands: Utrecht province unveils &quot;world&#039;s longest&quot; solar cycling path\" width=\"500\" height=\"281\" data-src=\"https:\/\/www.youtube.com\/embed\/hqd7EgUp4eg?feature=oembed\" frameborder=\"0\" allow=\"accelerometer; autoplay; clipboard-write; encrypted-media; gyroscope; picture-in-picture; web-share\" referrerpolicy=\"strict-origin-when-cross-origin\" allowfullscreen><\/iframe><\/div>\n<\/div>\n<p>Projekt pilota\u017cowy ma na celu rozw\u00f3j szerokiej sieci dr\u00f3g podw\u00f3jnego zastosowania, kt\u00f3re pomog\u0105 prowincji Utrecht w osi\u0105gni\u0119ciu neutralno\u015bci klimatycznej do 2040 r. Wed\u0142ug urz\u0119dniczki prowincji, Arne Schaddelee, kraj musi by\u0107 innowacyjny, aby osi\u0105gn\u0105\u0107 swoje cele. \u201eSolarna \u015bcie\u017cka rowerowa wpisuje si\u0119 w nasze za\u0142o\u017cenia, aby infrastruktura drogowa by\u0142a bardziej zr\u00f3wnowa\u017cona i zu\u017cywa\u0142a mniej paliw kopalnych\u201d \u2013 powiedzia\u0142a Schaddelee. \u015acie\u017cka rowerowa zosta\u0142a zbudowana we wsp\u00f3\u0142pracy prowincji Utrecht z firm\u0105 budowlan\u0105 Strukton. Dzi\u0119ki zastosowanym materia\u0142om \u015bcie\u017cka rowerowa jest bezpieczna i \u0142atwa w utrzymaniu.<\/p>\n<p>Uczniowie miejscowej szko\u0142y podstawowej jako pierwsi przejechali przez t\u0119 solarn\u0105 drog\u0119. Jedenastoletni kolarz Machiel van Leeuwen powiedzia\u0142 dziennikarzom, \u017ce jest ona dobra dla \u015brodowiska, a on sam woli mie\u0107 panele s\u0142oneczne na drogach ni\u017c polach. Poniewa\u017c koszt projektu przekroczy\u0142 1,3 mln euro, podobne drogi raczej nie powstan\u0105 w najbli\u017cszej przysz\u0142o\u015bci. Ale je\u015bli technologie si\u0119 rozwin\u0105, a takie rozwi\u0105zania oka\u017c\u0105 si\u0119 sukcesem, przy masowej produkcji koszty spadn\u0105. Mamy nadziej\u0119, \u017ce ca\u0142kiem nied\u0142ugo zobaczymy wi\u0119cej takich \u015bcie\u017cek, i to nie tylko w Holandii.<\/p>\n<p><span data-sheets-value=\"{&quot;1&quot;:2,&quot;2&quot;:&quot;Artyku\u0142 powsta\u0142 we wsp\u00f3\u0142pracy ze skoda-auto.pl&quot;}\" data-sheets-userformat=\"{&quot;2&quot;:1,&quot;3&quot;:{&quot;1&quot;:0}}\" data-sheets-hyperlink=\"http:\/\/www.skoda-auto.pl\/\"><a class=\"in-cell-link\" href=\"http:\/\/www.skoda-auto.pl\/\" target=\"_blank\" rel=\"noopener noreferrer\">Artyku\u0142 powsta\u0142 we wsp\u00f3\u0142pracy ze skoda-auto.pl<\/a><\/span><\/p>\n<p><a href=\"https:\/\/www.skoda-auto.pl\/modele\/superb\"><img loading=\"lazy\" decoding=\"async\" class=\"alignnone size-full wp-image-11628 aligncenter\" src=\"https:\/\/d2p6e6u75xmxt8.cloudfront.net\/5\/2021\/12\/640x350-2-1.jpg\" alt=\"\" width=\"640\" height=\"350\" srcset=\"https:\/\/d2p6e6u75xmxt8.cloudfront.net\/5\/2021\/12\/640x350-2-1.jpg 640w, https:\/\/d2p6e6u75xmxt8.cloudfront.net\/5\/2021\/12\/640x350-2-1-300x164.jpg 300w\" sizes=\"auto, (max-width: 640px) 100vw, 640px\" \/><\/a><\/p>\n","protected":false},"excerpt":{"rendered":"<p>Jazda na rowerze ju\u017c teraz jest jednym z najbardziej przyjaznych \u015brodowisku \u015brodk\u00f3w transportu. Ale w holenderskim mie\u015bcie Maartensdijk w regionie [&hellip;]<\/p>\n","protected":false},"author":153,"featured_media":12413,"comment_status":"open","ping_status":"open","sticky":false,"template":"","format":"standard","meta":{"footnotes":""},"categories":[289],"tags":[],"global-categories":[303],"class_list":["post-12410","post","type-post","status-publish","format-standard","has-post-thumbnail","hentry","category-we-love-cycling","global-categories-cycling"],"yoast_head":"<!-- This site is optimized with the Yoast SEO Premium plugin v25.3 (Yoast SEO v25.9) - https:\/\/yoast.com\/wordpress\/plugins\/seo\/ -->\n<title>Najd\u0142u\u017csza na \u015bwiecie solarna \u015bcie\u017cka rowerowa w Utrechcie. - \u0160koda We Love Cycling - Poland<\/title>\n<meta name=\"robots\" content=\"index, follow, max-snippet:-1, max-image-preview:large, max-video-preview:-1\" \/>\n<link rel=\"canonical\" href=\"https:\/\/www.welovecycling.com\/pl\/2021\/12\/06\/najdluzsza-na-swiecie-solarna-sciezka-rowerowa-w-utrechcie\/\" \/>\n<meta property=\"og:locale\" content=\"pl_PL\" \/>\n<meta property=\"og:type\" content=\"article\" \/>\n<meta property=\"og:title\" content=\"Najd\u0142u\u017csza na \u015bwiecie solarna \u015bcie\u017cka rowerowa w Utrechcie.\" \/>\n<meta property=\"og:description\" content=\"Jazda na rowerze ju\u017c teraz jest jednym z najbardziej przyjaznych \u015brodowisku \u015brodk\u00f3w transportu. Ale w holenderskim mie\u015bcie Maartensdijk w regionie [&hellip;]\" \/>\n<meta property=\"og:url\" content=\"https:\/\/www.welovecycling.com\/pl\/2021\/12\/06\/najdluzsza-na-swiecie-solarna-sciezka-rowerowa-w-utrechcie\/\" \/>\n<meta property=\"og:site_name\" content=\"\u0160koda We Love Cycling - Poland\" \/>\n<meta property=\"article:published_time\" content=\"2021-12-06T08:17:21+00:00\" \/>\n<meta property=\"og:image\" content=\"https:\/\/d2p6e6u75xmxt8.cloudfront.net\/5\/2021\/12\/Cycle-path-profimedia-0485855688-CVR-1024x450-1.jpg\" \/>\n\t<meta property=\"og:image:width\" content=\"1024\" \/>\n\t<meta property=\"og:image:height\" content=\"450\" \/>\n\t<meta property=\"og:image:type\" content=\"image\/jpeg\" \/>\n<meta name=\"author\" content=\"rafal\" \/>\n<meta name=\"twitter:card\" content=\"summary_large_image\" \/>\n<meta name=\"twitter:label1\" content=\"Written by\" \/>\n\t<meta name=\"twitter:data1\" content=\"rafal\" \/>\n\t<meta name=\"twitter:label2\" content=\"Est. reading time\" \/>\n\t<meta name=\"twitter:data2\" content=\"2 minutes\" \/>\n<script type=\"application\/ld+json\" class=\"yoast-schema-graph\">{\"@context\":\"https:\/\/schema.org\",\"@graph\":[{\"@type\":\"WebPage\",\"@id\":\"https:\/\/www.welovecycling.com\/pl\/2021\/12\/06\/najdluzsza-na-swiecie-solarna-sciezka-rowerowa-w-utrechcie\/\",\"url\":\"https:\/\/www.welovecycling.com\/pl\/2021\/12\/06\/najdluzsza-na-swiecie-solarna-sciezka-rowerowa-w-utrechcie\/\",\"name\":\"Najd\u0142u\u017csza na \u015bwiecie solarna \u015bcie\u017cka rowerowa w Utrechcie. - \u0160koda We Love Cycling - Poland\",\"isPartOf\":{\"@id\":\"https:\/\/www.welovecycling.com\/pl\/#website\"},\"primaryImageOfPage\":{\"@id\":\"https:\/\/www.welovecycling.com\/pl\/2021\/12\/06\/najdluzsza-na-swiecie-solarna-sciezka-rowerowa-w-utrechcie\/#primaryimage\"},\"image\":{\"@id\":\"https:\/\/www.welovecycling.com\/pl\/2021\/12\/06\/najdluzsza-na-swiecie-solarna-sciezka-rowerowa-w-utrechcie\/#primaryimage\"},\"thumbnailUrl\":\"https:\/\/d2p6e6u75xmxt8.cloudfront.net\/5\/2021\/12\/Cycle-path-profimedia-0485855688-CVR-1024x450-1.jpg\",\"datePublished\":\"2021-12-06T08:17:21+00:00\",\"author\":{\"@id\":\"https:\/\/www.welovecycling.com\/pl\/#\/schema\/person\/bf06ed916a1ef16618807fb60d2ebe42\"},\"breadcrumb\":{\"@id\":\"https:\/\/www.welovecycling.com\/pl\/2021\/12\/06\/najdluzsza-na-swiecie-solarna-sciezka-rowerowa-w-utrechcie\/#breadcrumb\"},\"inLanguage\":\"pl-PL\",\"potentialAction\":[{\"@type\":\"ReadAction\",\"target\":[\"https:\/\/www.welovecycling.com\/pl\/2021\/12\/06\/najdluzsza-na-swiecie-solarna-sciezka-rowerowa-w-utrechcie\/\"]}]},{\"@type\":\"ImageObject\",\"inLanguage\":\"pl-PL\",\"@id\":\"https:\/\/www.welovecycling.com\/pl\/2021\/12\/06\/najdluzsza-na-swiecie-solarna-sciezka-rowerowa-w-utrechcie\/#primaryimage\",\"url\":\"https:\/\/d2p6e6u75xmxt8.cloudfront.net\/5\/2021\/12\/Cycle-path-profimedia-0485855688-CVR-1024x450-1.jpg\",\"contentUrl\":\"https:\/\/d2p6e6u75xmxt8.cloudfront.net\/5\/2021\/12\/Cycle-path-profimedia-0485855688-CVR-1024x450-1.jpg\",\"width\":1024,\"height\":450},{\"@type\":\"BreadcrumbList\",\"@id\":\"https:\/\/www.welovecycling.com\/pl\/2021\/12\/06\/najdluzsza-na-swiecie-solarna-sciezka-rowerowa-w-utrechcie\/#breadcrumb\",\"itemListElement\":[{\"@type\":\"ListItem\",\"position\":1,\"name\":\"Home\",\"item\":\"https:\/\/www.welovecycling.com\/pl\/\"},{\"@type\":\"ListItem\",\"position\":2,\"name\":\"Najd\u0142u\u017csza na \u015bwiecie solarna \u015bcie\u017cka rowerowa w Utrechcie.\"}]},{\"@type\":\"WebSite\",\"@id\":\"https:\/\/www.welovecycling.com\/pl\/#website\",\"url\":\"https:\/\/www.welovecycling.com\/pl\/\",\"name\":\"\u0160koda We Love Cycling - Poland\",\"description\":\"\",\"potentialAction\":[{\"@type\":\"SearchAction\",\"target\":{\"@type\":\"EntryPoint\",\"urlTemplate\":\"https:\/\/www.welovecycling.com\/pl\/?s={search_term_string}\"},\"query-input\":{\"@type\":\"PropertyValueSpecification\",\"valueRequired\":true,\"valueName\":\"search_term_string\"}}],\"inLanguage\":\"pl-PL\"},{\"@type\":\"Person\",\"@id\":\"https:\/\/www.welovecycling.com\/pl\/#\/schema\/person\/bf06ed916a1ef16618807fb60d2ebe42\",\"name\":\"rafal\",\"image\":{\"@type\":\"ImageObject\",\"inLanguage\":\"pl-PL\",\"@id\":\"https:\/\/www.welovecycling.com\/pl\/#\/schema\/person\/image\/\",\"url\":\"https:\/\/secure.gravatar.com\/avatar\/203f240e63bee214f6f3a0dacbeb600c7829c09716c2b9ee3230c6961debcde2?s=96&d=mm&r=g\",\"contentUrl\":\"https:\/\/secure.gravatar.com\/avatar\/203f240e63bee214f6f3a0dacbeb600c7829c09716c2b9ee3230c6961debcde2?s=96&d=mm&r=g\",\"caption\":\"rafal\"},\"url\":\"https:\/\/www.welovecycling.com\/pl\/author\/rafal\/\"}]}<\/script>\n<!-- \/ Yoast SEO Premium plugin. -->","yoast_head_json":{"title":"Najd\u0142u\u017csza na \u015bwiecie solarna \u015bcie\u017cka rowerowa w Utrechcie. - \u0160koda We Love Cycling - Poland","robots":{"index":"index","follow":"follow","max-snippet":"max-snippet:-1","max-image-preview":"max-image-preview:large","max-video-preview":"max-video-preview:-1"},"canonical":"https:\/\/www.welovecycling.com\/pl\/2021\/12\/06\/najdluzsza-na-swiecie-solarna-sciezka-rowerowa-w-utrechcie\/","og_locale":"pl_PL","og_type":"article","og_title":"Najd\u0142u\u017csza na \u015bwiecie solarna \u015bcie\u017cka rowerowa w Utrechcie.","og_description":"Jazda na rowerze ju\u017c teraz jest jednym z najbardziej przyjaznych \u015brodowisku \u015brodk\u00f3w transportu. Ale w holenderskim mie\u015bcie Maartensdijk w regionie [&hellip;]","og_url":"https:\/\/www.welovecycling.com\/pl\/2021\/12\/06\/najdluzsza-na-swiecie-solarna-sciezka-rowerowa-w-utrechcie\/","og_site_name":"\u0160koda We Love Cycling - Poland","article_published_time":"2021-12-06T08:17:21+00:00","og_image":[{"width":1024,"height":450,"url":"https:\/\/d2p6e6u75xmxt8.cloudfront.net\/5\/2021\/12\/Cycle-path-profimedia-0485855688-CVR-1024x450-1.jpg","type":"image\/jpeg"}],"author":"rafal","twitter_card":"summary_large_image","twitter_misc":{"Written by":"rafal","Est. reading time":"2 minutes"},"schema":{"@context":"https:\/\/schema.org","@graph":[{"@type":"WebPage","@id":"https:\/\/www.welovecycling.com\/pl\/2021\/12\/06\/najdluzsza-na-swiecie-solarna-sciezka-rowerowa-w-utrechcie\/","url":"https:\/\/www.welovecycling.com\/pl\/2021\/12\/06\/najdluzsza-na-swiecie-solarna-sciezka-rowerowa-w-utrechcie\/","name":"Najd\u0142u\u017csza na \u015bwiecie solarna \u015bcie\u017cka rowerowa w Utrechcie. - \u0160koda We Love Cycling - Poland","isPartOf":{"@id":"https:\/\/www.welovecycling.com\/pl\/#website"},"primaryImageOfPage":{"@id":"https:\/\/www.welovecycling.com\/pl\/2021\/12\/06\/najdluzsza-na-swiecie-solarna-sciezka-rowerowa-w-utrechcie\/#primaryimage"},"image":{"@id":"https:\/\/www.welovecycling.com\/pl\/2021\/12\/06\/najdluzsza-na-swiecie-solarna-sciezka-rowerowa-w-utrechcie\/#primaryimage"},"thumbnailUrl":"https:\/\/d2p6e6u75xmxt8.cloudfront.net\/5\/2021\/12\/Cycle-path-profimedia-0485855688-CVR-1024x450-1.jpg","datePublished":"2021-12-06T08:17:21+00:00","author":{"@id":"https:\/\/www.welovecycling.com\/pl\/#\/schema\/person\/bf06ed916a1ef16618807fb60d2ebe42"},"breadcrumb":{"@id":"https:\/\/www.welovecycling.com\/pl\/2021\/12\/06\/najdluzsza-na-swiecie-solarna-sciezka-rowerowa-w-utrechcie\/#breadcrumb"},"inLanguage":"pl-PL","potentialAction":[{"@type":"ReadAction","target":["https:\/\/www.welovecycling.com\/pl\/2021\/12\/06\/najdluzsza-na-swiecie-solarna-sciezka-rowerowa-w-utrechcie\/"]}]},{"@type":"ImageObject","inLanguage":"pl-PL","@id":"https:\/\/www.welovecycling.com\/pl\/2021\/12\/06\/najdluzsza-na-swiecie-solarna-sciezka-rowerowa-w-utrechcie\/#primaryimage","url":"https:\/\/d2p6e6u75xmxt8.cloudfront.net\/5\/2021\/12\/Cycle-path-profimedia-0485855688-CVR-1024x450-1.jpg","contentUrl":"https:\/\/d2p6e6u75xmxt8.cloudfront.net\/5\/2021\/12\/Cycle-path-profimedia-0485855688-CVR-1024x450-1.jpg","width":1024,"height":450},{"@type":"BreadcrumbList","@id":"https:\/\/www.welovecycling.com\/pl\/2021\/12\/06\/najdluzsza-na-swiecie-solarna-sciezka-rowerowa-w-utrechcie\/#breadcrumb","itemListElement":[{"@type":"ListItem","position":1,"name":"Home","item":"https:\/\/www.welovecycling.com\/pl\/"},{"@type":"ListItem","position":2,"name":"Najd\u0142u\u017csza na \u015bwiecie solarna \u015bcie\u017cka rowerowa w Utrechcie."}]},{"@type":"WebSite","@id":"https:\/\/www.welovecycling.com\/pl\/#website","url":"https:\/\/www.welovecycling.com\/pl\/","name":"\u0160koda We Love Cycling - Poland","description":"","potentialAction":[{"@type":"SearchAction","target":{"@type":"EntryPoint","urlTemplate":"https:\/\/www.welovecycling.com\/pl\/?s={search_term_string}"},"query-input":{"@type":"PropertyValueSpecification","valueRequired":true,"valueName":"search_term_string"}}],"inLanguage":"pl-PL"},{"@type":"Person","@id":"https:\/\/www.welovecycling.com\/pl\/#\/schema\/person\/bf06ed916a1ef16618807fb60d2ebe42","name":"rafal","image":{"@type":"ImageObject","inLanguage":"pl-PL","@id":"https:\/\/www.welovecycling.com\/pl\/#\/schema\/person\/image\/","url":"https:\/\/secure.gravatar.com\/avatar\/203f240e63bee214f6f3a0dacbeb600c7829c09716c2b9ee3230c6961debcde2?s=96&d=mm&r=g","contentUrl":"https:\/\/secure.gravatar.com\/avatar\/203f240e63bee214f6f3a0dacbeb600c7829c09716c2b9ee3230c6961debcde2?s=96&d=mm&r=g","caption":"rafal"},"url":"https:\/\/www.welovecycling.com\/pl\/author\/rafal\/"}]}},"_links":{"self":[{"href":"https:\/\/www.welovecycling.com\/pl\/wp-json\/wp\/v2\/posts\/12410","targetHints":{"allow":["GET"]}}],"collection":[{"href":"https:\/\/www.welovecycling.com\/pl\/wp-json\/wp\/v2\/posts"}],"about":[{"href":"https:\/\/www.welovecycling.com\/pl\/wp-json\/wp\/v2\/types\/post"}],"author":[{"embeddable":true,"href":"https:\/\/www.welovecycling.com\/pl\/wp-json\/wp\/v2\/users\/153"}],"replies":[{"embeddable":true,"href":"https:\/\/www.welovecycling.com\/pl\/wp-json\/wp\/v2\/comments?post=12410"}],"version-history":[{"count":2,"href":"https:\/\/www.welovecycling.com\/pl\/wp-json\/wp\/v2\/posts\/12410\/revisions"}],"predecessor-version":[{"id":12415,"href":"https:\/\/www.welovecycling.com\/pl\/wp-json\/wp\/v2\/posts\/12410\/revisions\/12415"}],"wp:featuredmedia":[{"embeddable":true,"href":"https:\/\/www.welovecycling.com\/pl\/wp-json\/wp\/v2\/media\/12413"}],"wp:attachment":[{"href":"https:\/\/www.welovecycling.com\/pl\/wp-json\/wp\/v2\/media?parent=12410"}],"wp:term":[{"taxonomy":"category","embeddable":true,"href":"https:\/\/www.welovecycling.com\/pl\/wp-json\/wp\/v2\/categories?post=12410"},{"taxonomy":"post_tag","embeddable":true,"href":"https:\/\/www.welovecycling.com\/pl\/wp-json\/wp\/v2\/tags?post=12410"},{"taxonomy":"global-categories","embeddable":true,"href":"https:\/\/www.welovecycling.com\/pl\/wp-json\/wp\/v2\/global-categories?post=12410"}],"curies":[{"name":"wp","href":"https:\/\/api.w.org\/{rel}","templated":true}]}}