{"id":12401,"date":"2021-12-03T16:53:36","date_gmt":"2021-12-03T16:53:36","guid":{"rendered":"https:\/\/www.welovecycling.com\/pl\/?p=12401"},"modified":"2021-12-03T16:53:36","modified_gmt":"2021-12-03T16:53:36","slug":"mowia-dosc-i-za-chwile-znow-sa-na-starcie","status":"publish","type":"post","link":"https:\/\/www.welovecycling.com\/pl\/2021\/12\/03\/mowia-dosc-i-za-chwile-znow-sa-na-starcie\/","title":{"rendered":"M\u00f3wi\u0105: \u201edo\u015b\u0107!\u201d i\u2026 za chwil\u0119 zn\u00f3w s\u0105 na starcie!"},"content":{"rendered":"<p><strong>Ko\u0144cz\u0105 kariery i podkre\u015blaj\u0105, \u017ce od roweru chc\u0105 porz\u0105dnie odpocz\u0105\u0107. Wracaj\u0105 jednak szybciej, ni\u017c ktokolwiek by si\u0119 spodziewa\u0142. Rowerowe siode\u0142ko zamieniaj\u0105 na dyrektorski fotel i z powrotem s\u0105 w samym sercu peletonu. Koniec kariery nie oznacza bowiem ko\u0144ca mi\u0142o\u015bci do kolarstwa.<\/strong><\/p>\n<p>Micha\u0142 Go\u0142a\u015b ju\u017c w trakcie minionego sezonu zapowiedzia\u0142, \u017ce to jego ostatni rok \u015bcigania. Peleton po\u017cegna\u0142 Polaka z honorami, a zawodnik zamie\u015bci\u0142 emocjonalny wpis w mediach spo\u0142eczno\u015bciowych.<\/p>\n<p>\u201eOstatnie 25 lat by\u0142o wspania\u0142\u0105 podr\u00f3\u017c\u0105, ale wszystko kiedy\u015b musi si\u0119 sko\u0144czy\u0107. [\u2026] Bra\u0142em udzia\u0142 w najbardziej presti\u017cowych wy\u015bcigach, by\u0142em cz\u0119\u015bci\u0105 najlepszych dru\u017cyn na \u015bwiecie i mam wiele cudownych wspomnie\u0144. My\u015bl\u0119, \u017ce udowodni\u0142em, \u017ce ci\u0119\u017ck\u0105 prac\u0105 mo\u017cna dokona\u0107 wi\u0119cej, ni\u017c jeste\u015bmy w stanie sobie wyobrazi\u0107. [\u2026] Kolarstwo jest ogromn\u0105 cz\u0119\u015bci\u0105 mojego \u017cycia. Cho\u0107 nie boj\u0119 si\u0119 przewr\u00f3ci\u0107 strony, \u017ceby zacz\u0105\u0107 nowy rozdzia\u0142, to czuj\u0119, \u017ce tak pozostanie na zawsze\u201d \u2013 poinformowa\u0142 Go\u0142a\u015b.<\/p>\n<h2><strong>\u201eTo si\u0119 w domu nasiedzia\u0142e\u015b\u201d<\/strong><\/h2>\n<p>Kibice zastanawiali si\u0119, czy zawodnik Ineos Grenadiers zostanie przy sporcie, czy jednak zdecyduje si\u0119 odpocz\u0105\u0107 od peletonu. Wydawa\u0142o si\u0119, \u017ce wygra ta druga opcja, bo pod koniec kariery 37-letni zawodnik dawa\u0142 zna\u0107, i\u017c emerytura przysz\u0142a w dobrym momencie.<\/p>\n<p>https:\/\/www.facebook.com\/permalink.php?story_fbid=401724218025883&#038;id=100045649238328<\/p>\n<p>&nbsp;<\/p>\n<p>Ostatni wy\u015bcig Go\u0142a\u015b zaliczy\u0142 podczas morderczego Pary\u017c\u2013Roubaix\u2026<\/p>\n<p>https:\/\/www.facebook.com\/permalink.php?story_fbid=422613589270279&#038;id=100045649238328<\/p>\n<p>\u2026po czym przyszed\u0142 czas na odpoczynek. Go\u0142a\u015b po\u017cegna\u0142 si\u0119 z kolegami po fachu i\u2026 kilka tygodni p\u00f3\u017aniej zn\u00f3w wpad\u0142 w wiry kolarskiego \u015bwiata. Pojawi\u0142a si\u0119 bowiem oferta z zespo\u0142u Bahrain Victorious, kt\u00f3ry szuka\u0142 dyrektora. Nowe wyzwanie, nowa rola, ale ca\u0142y czas kolarstwo. Takich propozycji jednak si\u0119 nie odrzuca.<\/p>\n<p>\u201eCiesz\u0119 si\u0119, \u017ce mog\u0119 rozpocz\u0105\u0107 rozdzia\u0142 z nowymi ambicjami i celami. Jestem zmotywowany do ci\u0119\u017ckiej pracy i zdobywania do\u015bwiadczenia. Przesiadam si\u0119 prosto z roweru do samochodu ekipy, wi\u0119c postaram si\u0119 podzieli\u0107 moim do\u015bwiadczeniem zdobytym jako kolarz\u201d \u2013 powiedzia\u0142 Go\u0142a\u015b na stronie internetowej Bahrain Victorious.<\/p>\n<p>https:\/\/www.facebook.com\/permalink.php?story_fbid=443666887164949&#038;id=100045649238328<\/p>\n<p>Najtrafniej powr\u00f3t Go\u0142asia do peletonu skomentowa\u0142 Dariusz Baranowski. \u201eTo si\u0119, Go\u0142y, w domu nasiedzia\u0142e\u015b. Gratulacje i powodzenia!\u201d \u2013 napisa\u0142 by\u0142y znakomity zawodnik.<\/p>\n<h2><strong>Dyrektor zespo\u0142u, dyrektor wy\u015bcigu\u2026<\/strong><\/h2>\n<p>Po karierze o kolarstwie szybko nie da si\u0119 zapomnie\u0107, o czym przekona\u0142o si\u0119 ju\u017c wielu zawodnik\u00f3w i zawodniczek. Mariusz Witecki, mistrz Polski ze startu wsp\u00f3lnego w 2006 r., te\u017c nie mia\u0142 d\u0142ugiej emerytury, tylko zdecydowa\u0142 si\u0119 zosta\u0107 dyrektorem sportowym Voster ATS Team. Praca najwyra\u017aniej przypad\u0142a mu do gustu, bo stanowisko zajmuje ju\u017c ponad cztery lata.<\/p>\n<p>To jednak nic w por\u00f3wnaniu z Czes\u0142awem Langiem, kt\u00f3ry dyrektorem jest ju\u017c blisko 30 lat. By\u0142y znakomity zawodnik nie kieruje \u017cadn\u0105 ekip\u0105, ale ca\u0142ym Tour de Pologne. To chyba nawet lepsze rozwi\u0105zanie dla polskiego kolarstwa, bo to za Langa wy\u015bcig sta\u0142 si\u0119 w pe\u0142ni zawodowy i dzi\u015b nale\u017cy do serii zawod\u00f3w presti\u017cowego UCI World Tour. Do tego Lang, korzystaj\u0105c ze swojej popularno\u015bci i swojego do\u015bwiadczenia, promuje tak\u017ce jazd\u0119 na rowerze w\u015br\u00f3d amator\u00f3w.<\/p>\n<p>\u201eIdziemy w dobrym kierunku, dyscyplina si\u0119 rozwija. To przyniesie efekty\u201d \u2013 m\u00f3wi\u0142 w <a href=\"https:\/\/www.welovecycling.com\/pl\/2017\/11\/15\/czeslaw-lang-swiatowego-kolarstwa-wjechal-rowerem-swojej\/\">wywiadzie<\/a> dla \u201eWe Love Cycling\u201d.<\/p>\n<h2><strong>Kolarka, dziennikarka, w ko\u0144cu dyrektorka<\/strong><\/h2>\n<p>Okazuje si\u0119, \u017ce Go\u0142a\u015b nie jest jedynym zawodnikiem, kt\u00f3ry po tym sezonie zamieni\u0142 rower na dyrektorski fotel. W wieku 37 lat mo\u017cna jeszcze z powodzeniem je\u017adzi\u0107 w peletonie, ale Marco Marcato skr\u0119ci\u0142 w inn\u0105 stron\u0119. Trzeci zawodnik Tour de Pologne z 2011 r. zrezygnowa\u0142 z zawodowego \u015bcigania i b\u0119dzie dyrektorem sportowym Rafa\u0142a Majki w UAE Team Emirates.<\/p>\n<div class=\"embed-controller-wrapper\">\n<blockquote class=\"twitter-tweet\" data-width=\"500\" data-dnt=\"true\">\n<p lang=\"en\" dir=\"ltr\">\ud83d\udc65 | UAE Team Emirates announce backroom team for 2022.<\/p>\n<p>With 2022 already on the horizon, we\u2019re pleased to announce the people who will work behind the scenes for the forthcoming campaign.<\/p>\n<p>\ud83d\udcdd&gt; <a href=\"https:\/\/t.co\/XnkHlpye6n\">https:\/\/t.co\/XnkHlpye6n<\/a><a href=\"https:\/\/twitter.com\/hashtag\/UAETeamEmirates?src=hash&amp;ref_src=twsrc%5Etfw\">#UAETeamEmirates<\/a> <a href=\"https:\/\/twitter.com\/hashtag\/RideTogether?src=hash&amp;ref_src=twsrc%5Etfw\">#RideTogether<\/a> <a href=\"https:\/\/t.co\/u1QfYQ4tTH\">pic.twitter.com\/u1QfYQ4tTH<\/a><\/p>\n<p>&mdash; @UAE-TeamEmirates (@TeamEmiratesUAE) <a href=\"https:\/\/twitter.com\/TeamEmiratesUAE\/status\/1457632448871903235?ref_src=twsrc%5Etfw\">November 8, 2021<\/a><\/p><\/blockquote>\n<p><script async data-src=\"https:\/\/platform.twitter.com\/widgets.js\" charset=\"utf-8\"><\/script><\/div>\n<p>Odpowiedzialne role w kolarstwie pe\u0142ni\u0105 r\u00f3wnie\u017c panie. Je\u015bli chodzi o kobiety na dyrektorskich stanowiskach, to ostatnio najg\u0142o\u015bniej jest o Marion Rousse, kt\u00f3ra zosta\u0142a szefow\u0105 reaktywowanego Tour de France Femmes. Po zako\u0144czeniu kariery Rousse by\u0142a dziennikark\u0105, a nast\u0119pnie pomaga\u0142a w organizacji r\u00f3\u017cnych wy\u015bcig\u00f3w. Prywatnie jest partnerk\u0105 \u015bwietnego kolarza Juliana Alaphilippe\u2019a.<\/p>\n<p>Teraz mistrzyni Francji ze startu wsp\u00f3lnego z 2012 r. ma dba\u0107 nie tylko o to, by wszystko podczas wy\u015bcigu pa\u0144 by\u0142o dopi\u0119te na ostatnio guzik. Jej zadaniem jest r\u00f3wnie\u017c zbudowanie takiej marki, by Tour de France Femmes nie by\u0142 tylko jednorocznym wydarzeniem, ale zn\u00f3w zosta\u0142 najbardziej presti\u017cowym wy\u015bcigiem \u015bwiata w\u015br\u00f3d zawodowych kolarek.<\/p>\n<div class=\"embed-controller-wrapper\">\n<blockquote class=\"twitter-tweet\" data-width=\"500\" data-dnt=\"true\">\n<p lang=\"en\" dir=\"ltr\">\ud83d\ude03<a href=\"https:\/\/twitter.com\/Roussemarion?ref_src=twsrc%5Etfw\">@Roussemarion<\/a> appointed director of the <a href=\"https:\/\/twitter.com\/hashtag\/TDFF?src=hash&amp;ref_src=twsrc%5Etfw\">#TDFF<\/a> avec <a href=\"https:\/\/twitter.com\/GoZwift?ref_src=twsrc%5Etfw\">@GoZwift<\/a>.<br \/>She will announce the 8 stages of the 2022 edition next Thursday at the Palais des Congr\u00e8s.<\/p>\n<p>\ud83c\udf99 &quot;I intend on giving my all to ensure that this race becomes a ritual of the public, and for a long time&quot;<\/p>\n<p>\ud83d\udcf8David Marvier <a href=\"https:\/\/t.co\/WaKCeGWpIt\">pic.twitter.com\/WaKCeGWpIt<\/a><\/p>\n<p>&mdash; Le Tour de France Femmes avec Zwift (@LeTourFemmes) <a href=\"https:\/\/twitter.com\/LeTourFemmes\/status\/1447188427598966794?ref_src=twsrc%5Etfw\">October 10, 2021<\/a><\/p><\/blockquote>\n<p><script async data-src=\"https:\/\/platform.twitter.com\/widgets.js\" charset=\"utf-8\"><\/script><\/div>\n<p>\u201eZamierzam da\u0107 z siebie wszystko, by ten wy\u015bcig by\u0142 \u015bwi\u0119tem dla kibic\u00f3w na d\u0142ugi czas\u201d \u2013 podkre\u015bla Rousse.<\/p>\n<p>Przypomnijmy, \u017ce Tour de France Femmes w 2022 r. odb\u0119dzie si\u0119 w dniach 24-31 lipca, a Tour de France m\u0119\u017cczyzn \u2013 1-24 lipca.<\/p>\n<p><span data-sheets-value=\"{&quot;1&quot;:2,&quot;2&quot;:&quot;Artyku\u0142 powsta\u0142 we wsp\u00f3\u0142pracy ze skoda-auto.pl&quot;}\" data-sheets-userformat=\"{&quot;2&quot;:1,&quot;3&quot;:{&quot;1&quot;:0}}\" data-sheets-hyperlink=\"http:\/\/www.skoda-auto.pl\/\"><a class=\"in-cell-link\" href=\"http:\/\/www.skoda-auto.pl\/\" target=\"_blank\" rel=\"noopener noreferrer\">Artyku\u0142 powsta\u0142 we wsp\u00f3\u0142pracy ze skoda-auto.pl<\/a><\/span><\/p>\n<p><a href=\"https:\/\/www.skoda-auto.pl\/modele\/superb\"><img loading=\"lazy\" decoding=\"async\" class=\"alignnone size-full wp-image-11628 aligncenter\" src=\"https:\/\/d2p6e6u75xmxt8.cloudfront.net\/5\/2021\/12\/640x350-2-1.jpg\" alt=\"\" width=\"640\" height=\"350\" srcset=\"https:\/\/d2p6e6u75xmxt8.cloudfront.net\/5\/2021\/12\/640x350-2-1.jpg 640w, https:\/\/d2p6e6u75xmxt8.cloudfront.net\/5\/2021\/12\/640x350-2-1-300x164.jpg 300w\" sizes=\"auto, (max-width: 640px) 100vw, 640px\" \/><\/a><\/p>\n","protected":false},"excerpt":{"rendered":"<p>Ko\u0144cz\u0105 kariery i podkre\u015blaj\u0105, \u017ce od roweru chc\u0105 porz\u0105dnie odpocz\u0105\u0107. Wracaj\u0105 jednak szybciej, ni\u017c ktokolwiek by si\u0119 spodziewa\u0142. Rowerowe siode\u0142ko [&hellip;]<\/p>\n","protected":false},"author":153,"featured_media":12407,"comment_status":"open","ping_status":"open","sticky":false,"template":"","format":"standard","meta":{"footnotes":""},"categories":[6],"tags":[362],"global-categories":[303],"class_list":["post-12401","post","type-post","status-publish","format-standard","has-post-thumbnail","hentry","category-kolarstwo-szosowe","tag-piotr-nowik","global-categories-cycling"],"yoast_head":"<!-- This site is optimized with the Yoast SEO Premium plugin v25.3 (Yoast SEO v25.9) - https:\/\/yoast.com\/wordpress\/plugins\/seo\/ -->\n<title>M\u00f3wi\u0105: \u201edo\u015b\u0107!\u201d i\u2026 za chwil\u0119 zn\u00f3w s\u0105 na starcie! - \u0160koda We Love Cycling - Poland<\/title>\n<meta name=\"robots\" content=\"index, follow, max-snippet:-1, max-image-preview:large, max-video-preview:-1\" \/>\n<link rel=\"canonical\" href=\"https:\/\/www.welovecycling.com\/pl\/2021\/12\/03\/mowia-dosc-i-za-chwile-znow-sa-na-starcie\/\" \/>\n<meta property=\"og:locale\" content=\"pl_PL\" \/>\n<meta property=\"og:type\" content=\"article\" \/>\n<meta property=\"og:title\" content=\"M\u00f3wi\u0105: \u201edo\u015b\u0107!\u201d i\u2026 za chwil\u0119 zn\u00f3w s\u0105 na starcie!\" \/>\n<meta property=\"og:description\" content=\"Ko\u0144cz\u0105 kariery i podkre\u015blaj\u0105, \u017ce od roweru chc\u0105 porz\u0105dnie odpocz\u0105\u0107. Wracaj\u0105 jednak szybciej, ni\u017c ktokolwiek by si\u0119 spodziewa\u0142. Rowerowe siode\u0142ko [&hellip;]\" \/>\n<meta property=\"og:url\" content=\"https:\/\/www.welovecycling.com\/pl\/2021\/12\/03\/mowia-dosc-i-za-chwile-znow-sa-na-starcie\/\" \/>\n<meta property=\"og:site_name\" content=\"\u0160koda We Love Cycling - Poland\" \/>\n<meta property=\"article:published_time\" content=\"2021-12-03T16:53:36+00:00\" \/>\n<meta property=\"og:image\" content=\"https:\/\/d2p6e6u75xmxt8.cloudfront.net\/5\/2021\/12\/profi13311.jpg\" \/>\n\t<meta property=\"og:image:width\" content=\"950\" \/>\n\t<meta property=\"og:image:height\" content=\"350\" \/>\n\t<meta property=\"og:image:type\" content=\"image\/jpeg\" \/>\n<meta name=\"author\" content=\"rafal\" \/>\n<meta name=\"twitter:card\" content=\"summary_large_image\" \/>\n<meta name=\"twitter:label1\" content=\"Written by\" \/>\n\t<meta name=\"twitter:data1\" content=\"Piotr Nowik\" \/>\n\t<meta name=\"twitter:label2\" content=\"Est. reading time\" \/>\n\t<meta name=\"twitter:data2\" content=\"4 minutes\" \/>\n<script type=\"application\/ld+json\" class=\"yoast-schema-graph\">{\"@context\":\"https:\/\/schema.org\",\"@graph\":[{\"@type\":\"WebPage\",\"@id\":\"https:\/\/www.welovecycling.com\/pl\/2021\/12\/03\/mowia-dosc-i-za-chwile-znow-sa-na-starcie\/\",\"url\":\"https:\/\/www.welovecycling.com\/pl\/2021\/12\/03\/mowia-dosc-i-za-chwile-znow-sa-na-starcie\/\",\"name\":\"M\u00f3wi\u0105: \u201edo\u015b\u0107!\u201d i\u2026 za chwil\u0119 zn\u00f3w s\u0105 na starcie! - \u0160koda We Love Cycling - Poland\",\"isPartOf\":{\"@id\":\"https:\/\/www.welovecycling.com\/pl\/#website\"},\"primaryImageOfPage\":{\"@id\":\"https:\/\/www.welovecycling.com\/pl\/2021\/12\/03\/mowia-dosc-i-za-chwile-znow-sa-na-starcie\/#primaryimage\"},\"image\":{\"@id\":\"https:\/\/www.welovecycling.com\/pl\/2021\/12\/03\/mowia-dosc-i-za-chwile-znow-sa-na-starcie\/#primaryimage\"},\"thumbnailUrl\":\"https:\/\/d2p6e6u75xmxt8.cloudfront.net\/5\/2021\/12\/profi13311.jpg\",\"datePublished\":\"2021-12-03T16:53:36+00:00\",\"author\":{\"@id\":\"https:\/\/www.welovecycling.com\/pl\/#\/schema\/person\/bf06ed916a1ef16618807fb60d2ebe42\"},\"breadcrumb\":{\"@id\":\"https:\/\/www.welovecycling.com\/pl\/2021\/12\/03\/mowia-dosc-i-za-chwile-znow-sa-na-starcie\/#breadcrumb\"},\"inLanguage\":\"pl-PL\",\"potentialAction\":[{\"@type\":\"ReadAction\",\"target\":[\"https:\/\/www.welovecycling.com\/pl\/2021\/12\/03\/mowia-dosc-i-za-chwile-znow-sa-na-starcie\/\"]}]},{\"@type\":\"ImageObject\",\"inLanguage\":\"pl-PL\",\"@id\":\"https:\/\/www.welovecycling.com\/pl\/2021\/12\/03\/mowia-dosc-i-za-chwile-znow-sa-na-starcie\/#primaryimage\",\"url\":\"https:\/\/d2p6e6u75xmxt8.cloudfront.net\/5\/2021\/12\/profi13311.jpg\",\"contentUrl\":\"https:\/\/d2p6e6u75xmxt8.cloudfront.net\/5\/2021\/12\/profi13311.jpg\",\"width\":950,\"height\":350},{\"@type\":\"BreadcrumbList\",\"@id\":\"https:\/\/www.welovecycling.com\/pl\/2021\/12\/03\/mowia-dosc-i-za-chwile-znow-sa-na-starcie\/#breadcrumb\",\"itemListElement\":[{\"@type\":\"ListItem\",\"position\":1,\"name\":\"Home\",\"item\":\"https:\/\/www.welovecycling.com\/pl\/\"},{\"@type\":\"ListItem\",\"position\":2,\"name\":\"M\u00f3wi\u0105: \u201edo\u015b\u0107!\u201d i\u2026 za chwil\u0119 zn\u00f3w s\u0105 na starcie!\"}]},{\"@type\":\"WebSite\",\"@id\":\"https:\/\/www.welovecycling.com\/pl\/#website\",\"url\":\"https:\/\/www.welovecycling.com\/pl\/\",\"name\":\"\u0160koda We Love Cycling - Poland\",\"description\":\"\",\"potentialAction\":[{\"@type\":\"SearchAction\",\"target\":{\"@type\":\"EntryPoint\",\"urlTemplate\":\"https:\/\/www.welovecycling.com\/pl\/?s={search_term_string}\"},\"query-input\":{\"@type\":\"PropertyValueSpecification\",\"valueRequired\":true,\"valueName\":\"search_term_string\"}}],\"inLanguage\":\"pl-PL\"},{\"@type\":\"Person\",\"@id\":\"https:\/\/www.welovecycling.com\/pl\/#\/schema\/person\/bf06ed916a1ef16618807fb60d2ebe42\",\"name\":\"rafal\",\"image\":{\"@type\":\"ImageObject\",\"inLanguage\":\"pl-PL\",\"@id\":\"https:\/\/www.welovecycling.com\/pl\/#\/schema\/person\/image\/\",\"url\":\"https:\/\/secure.gravatar.com\/avatar\/203f240e63bee214f6f3a0dacbeb600c7829c09716c2b9ee3230c6961debcde2?s=96&d=mm&r=g\",\"contentUrl\":\"https:\/\/secure.gravatar.com\/avatar\/203f240e63bee214f6f3a0dacbeb600c7829c09716c2b9ee3230c6961debcde2?s=96&d=mm&r=g\",\"caption\":\"rafal\"},\"url\":\"https:\/\/www.welovecycling.com\/pl\/author\/rafal\/\"}]}<\/script>\n<!-- \/ Yoast SEO Premium plugin. -->","yoast_head_json":{"title":"M\u00f3wi\u0105: \u201edo\u015b\u0107!\u201d i\u2026 za chwil\u0119 zn\u00f3w s\u0105 na starcie! - \u0160koda We Love Cycling - Poland","robots":{"index":"index","follow":"follow","max-snippet":"max-snippet:-1","max-image-preview":"max-image-preview:large","max-video-preview":"max-video-preview:-1"},"canonical":"https:\/\/www.welovecycling.com\/pl\/2021\/12\/03\/mowia-dosc-i-za-chwile-znow-sa-na-starcie\/","og_locale":"pl_PL","og_type":"article","og_title":"M\u00f3wi\u0105: \u201edo\u015b\u0107!\u201d i\u2026 za chwil\u0119 zn\u00f3w s\u0105 na starcie!","og_description":"Ko\u0144cz\u0105 kariery i podkre\u015blaj\u0105, \u017ce od roweru chc\u0105 porz\u0105dnie odpocz\u0105\u0107. Wracaj\u0105 jednak szybciej, ni\u017c ktokolwiek by si\u0119 spodziewa\u0142. Rowerowe siode\u0142ko [&hellip;]","og_url":"https:\/\/www.welovecycling.com\/pl\/2021\/12\/03\/mowia-dosc-i-za-chwile-znow-sa-na-starcie\/","og_site_name":"\u0160koda We Love Cycling - Poland","article_published_time":"2021-12-03T16:53:36+00:00","og_image":[{"width":950,"height":350,"url":"https:\/\/d2p6e6u75xmxt8.cloudfront.net\/5\/2021\/12\/profi13311.jpg","type":"image\/jpeg"}],"author":"rafal","twitter_card":"summary_large_image","twitter_misc":{"Written by":"Piotr Nowik","Est. reading time":"4 minutes"},"schema":{"@context":"https:\/\/schema.org","@graph":[{"@type":"WebPage","@id":"https:\/\/www.welovecycling.com\/pl\/2021\/12\/03\/mowia-dosc-i-za-chwile-znow-sa-na-starcie\/","url":"https:\/\/www.welovecycling.com\/pl\/2021\/12\/03\/mowia-dosc-i-za-chwile-znow-sa-na-starcie\/","name":"M\u00f3wi\u0105: \u201edo\u015b\u0107!\u201d i\u2026 za chwil\u0119 zn\u00f3w s\u0105 na starcie! - \u0160koda We Love Cycling - Poland","isPartOf":{"@id":"https:\/\/www.welovecycling.com\/pl\/#website"},"primaryImageOfPage":{"@id":"https:\/\/www.welovecycling.com\/pl\/2021\/12\/03\/mowia-dosc-i-za-chwile-znow-sa-na-starcie\/#primaryimage"},"image":{"@id":"https:\/\/www.welovecycling.com\/pl\/2021\/12\/03\/mowia-dosc-i-za-chwile-znow-sa-na-starcie\/#primaryimage"},"thumbnailUrl":"https:\/\/d2p6e6u75xmxt8.cloudfront.net\/5\/2021\/12\/profi13311.jpg","datePublished":"2021-12-03T16:53:36+00:00","author":{"@id":"https:\/\/www.welovecycling.com\/pl\/#\/schema\/person\/bf06ed916a1ef16618807fb60d2ebe42"},"breadcrumb":{"@id":"https:\/\/www.welovecycling.com\/pl\/2021\/12\/03\/mowia-dosc-i-za-chwile-znow-sa-na-starcie\/#breadcrumb"},"inLanguage":"pl-PL","potentialAction":[{"@type":"ReadAction","target":["https:\/\/www.welovecycling.com\/pl\/2021\/12\/03\/mowia-dosc-i-za-chwile-znow-sa-na-starcie\/"]}]},{"@type":"ImageObject","inLanguage":"pl-PL","@id":"https:\/\/www.welovecycling.com\/pl\/2021\/12\/03\/mowia-dosc-i-za-chwile-znow-sa-na-starcie\/#primaryimage","url":"https:\/\/d2p6e6u75xmxt8.cloudfront.net\/5\/2021\/12\/profi13311.jpg","contentUrl":"https:\/\/d2p6e6u75xmxt8.cloudfront.net\/5\/2021\/12\/profi13311.jpg","width":950,"height":350},{"@type":"BreadcrumbList","@id":"https:\/\/www.welovecycling.com\/pl\/2021\/12\/03\/mowia-dosc-i-za-chwile-znow-sa-na-starcie\/#breadcrumb","itemListElement":[{"@type":"ListItem","position":1,"name":"Home","item":"https:\/\/www.welovecycling.com\/pl\/"},{"@type":"ListItem","position":2,"name":"M\u00f3wi\u0105: \u201edo\u015b\u0107!\u201d i\u2026 za chwil\u0119 zn\u00f3w s\u0105 na starcie!"}]},{"@type":"WebSite","@id":"https:\/\/www.welovecycling.com\/pl\/#website","url":"https:\/\/www.welovecycling.com\/pl\/","name":"\u0160koda We Love Cycling - Poland","description":"","potentialAction":[{"@type":"SearchAction","target":{"@type":"EntryPoint","urlTemplate":"https:\/\/www.welovecycling.com\/pl\/?s={search_term_string}"},"query-input":{"@type":"PropertyValueSpecification","valueRequired":true,"valueName":"search_term_string"}}],"inLanguage":"pl-PL"},{"@type":"Person","@id":"https:\/\/www.welovecycling.com\/pl\/#\/schema\/person\/bf06ed916a1ef16618807fb60d2ebe42","name":"rafal","image":{"@type":"ImageObject","inLanguage":"pl-PL","@id":"https:\/\/www.welovecycling.com\/pl\/#\/schema\/person\/image\/","url":"https:\/\/secure.gravatar.com\/avatar\/203f240e63bee214f6f3a0dacbeb600c7829c09716c2b9ee3230c6961debcde2?s=96&d=mm&r=g","contentUrl":"https:\/\/secure.gravatar.com\/avatar\/203f240e63bee214f6f3a0dacbeb600c7829c09716c2b9ee3230c6961debcde2?s=96&d=mm&r=g","caption":"rafal"},"url":"https:\/\/www.welovecycling.com\/pl\/author\/rafal\/"}]}},"_links":{"self":[{"href":"https:\/\/www.welovecycling.com\/pl\/wp-json\/wp\/v2\/posts\/12401","targetHints":{"allow":["GET"]}}],"collection":[{"href":"https:\/\/www.welovecycling.com\/pl\/wp-json\/wp\/v2\/posts"}],"about":[{"href":"https:\/\/www.welovecycling.com\/pl\/wp-json\/wp\/v2\/types\/post"}],"author":[{"embeddable":true,"href":"https:\/\/www.welovecycling.com\/pl\/wp-json\/wp\/v2\/users\/153"}],"replies":[{"embeddable":true,"href":"https:\/\/www.welovecycling.com\/pl\/wp-json\/wp\/v2\/comments?post=12401"}],"version-history":[{"count":2,"href":"https:\/\/www.welovecycling.com\/pl\/wp-json\/wp\/v2\/posts\/12401\/revisions"}],"predecessor-version":[{"id":12409,"href":"https:\/\/www.welovecycling.com\/pl\/wp-json\/wp\/v2\/posts\/12401\/revisions\/12409"}],"wp:featuredmedia":[{"embeddable":true,"href":"https:\/\/www.welovecycling.com\/pl\/wp-json\/wp\/v2\/media\/12407"}],"wp:attachment":[{"href":"https:\/\/www.welovecycling.com\/pl\/wp-json\/wp\/v2\/media?parent=12401"}],"wp:term":[{"taxonomy":"category","embeddable":true,"href":"https:\/\/www.welovecycling.com\/pl\/wp-json\/wp\/v2\/categories?post=12401"},{"taxonomy":"post_tag","embeddable":true,"href":"https:\/\/www.welovecycling.com\/pl\/wp-json\/wp\/v2\/tags?post=12401"},{"taxonomy":"global-categories","embeddable":true,"href":"https:\/\/www.welovecycling.com\/pl\/wp-json\/wp\/v2\/global-categories?post=12401"}],"curies":[{"name":"wp","href":"https:\/\/api.w.org\/{rel}","templated":true}]}}