{"id":1240,"date":"2016-06-22T17:18:49","date_gmt":"2016-06-22T17:18:49","guid":{"rendered":"http:\/\/skoda-rowery.pl\/?p=1240"},"modified":"2016-12-05T08:51:07","modified_gmt":"2016-12-05T08:51:07","slug":"skoda-napedza-rowery-w-kedzierzynie-kozlu","status":"publish","type":"post","link":"https:\/\/www.welovecycling.com\/pl\/2016\/06\/22\/skoda-napedza-rowery-w-kedzierzynie-kozlu\/","title":{"rendered":"\u0160koda nap\u0119dza rowery w K\u0119dzierzynie \u2013 Ko\u017alu"},"content":{"rendered":"<p style=\"text-align: justify\"><strong><strong>17 km trasy, ponad 250 uczestnik\u00f3w, 23\u2019 Celsjusza \u2013 oto podstawowe sk\u0142adniki idealnego rajdu rowerowego. LELLEK Ko\u017ale, dealer <\/strong><\/strong><strong>\u0160KODY<\/strong><strong> z K\u0119dzierzyna-Ko\u017ala co\u015b o tym wie! Zobacz jak by\u0142o na rajdzie 11 czerwca 2016 r.\u00a0<\/strong><br \/>\n<!--more--><\/p>\n<p style=\"text-align: justify\"><strong> <strong>\u00a0<\/strong><\/strong><br \/>\n\u201e<em>Frekwencja przeros\u0142a nasze oczekiwania. Rajd wygra\u0142 z transmisj\u0105 Euro w TV, z sobotnimi porz\u0105dkami, rodzinnymi wypadami na dzia\u0142k\u0119 oraz regeneracj\u0105 si\u0142 po tygodniu pracy &#8211; to najlepszy dow\u00f3d na to, \u017ce warto anga\u017cowa\u0107 si\u0119 w organizowanie tego typu wydarze\u0144<\/em>\u201d \u2013 m\u00f3wi Sylwester \u015aliwi\u0144ski, dyrektor zarz\u0105dzaj\u0105cy kozielskim salonem.\n<\/p>\n<p style=\"text-align: justify\"><img loading=\"lazy\" decoding=\"async\" class=\"alignnone size-large wp-image-1247\" src=\"http:\/\/skoda-rowery.pl\/wp-content\/uploads\/2016\/06\/obs\u0142uga-rajdu-ks-kozio\u0142ek-oraz-przyjaciele-jana-pateraka-ze-sklepu-rowerowego-1024x768.jpg\" alt=\"obs\u0142uga rajdu ks kozio\u0142ek oraz przyjaciele jana pateraka ze sklepu rowerowego\" width=\"1024\" height=\"768\" srcset=\"https:\/\/d2p6e6u75xmxt8.cloudfront.net\/5\/2016\/06\/obs\u0142uga-rajdu-ks-kozio\u0142ek-oraz-przyjaciele-jana-pateraka-ze-sklepu-rowerowego-1024x768.jpg 1024w, https:\/\/d2p6e6u75xmxt8.cloudfront.net\/5\/2016\/06\/obs\u0142uga-rajdu-ks-kozio\u0142ek-oraz-przyjaciele-jana-pateraka-ze-sklepu-rowerowego-300x225.jpg 300w, https:\/\/d2p6e6u75xmxt8.cloudfront.net\/5\/2016\/06\/obs\u0142uga-rajdu-ks-kozio\u0142ek-oraz-przyjaciele-jana-pateraka-ze-sklepu-rowerowego-768x576.jpg 768w\" sizes=\"auto, (max-width: 1024px) 100vw, 1024px\" \/> <img loading=\"lazy\" decoding=\"async\" class=\"alignnone size-large wp-image-1248\" src=\"http:\/\/skoda-rowery.pl\/wp-content\/uploads\/2016\/06\/punkt-rejestracyjny-2-1024x768.jpg\" alt=\"punkt rejestracyjny 2\" width=\"1024\" height=\"768\" srcset=\"https:\/\/d2p6e6u75xmxt8.cloudfront.net\/5\/2016\/06\/punkt-rejestracyjny-2-1024x768.jpg 1024w, https:\/\/d2p6e6u75xmxt8.cloudfront.net\/5\/2016\/06\/punkt-rejestracyjny-2-300x225.jpg 300w, https:\/\/d2p6e6u75xmxt8.cloudfront.net\/5\/2016\/06\/punkt-rejestracyjny-2-768x576.jpg 768w\" sizes=\"auto, (max-width: 1024px) 100vw, 1024px\" \/> <img loading=\"lazy\" decoding=\"async\" class=\"alignnone size-large wp-image-1249\" src=\"http:\/\/skoda-rowery.pl\/wp-content\/uploads\/2016\/06\/za-przepraw\u0105-promem-2-1024x768.jpg\" alt=\"za przepraw\u0105 promem 2\" width=\"1024\" height=\"768\" srcset=\"https:\/\/d2p6e6u75xmxt8.cloudfront.net\/5\/2016\/06\/za-przepraw\u0105-promem-2-1024x768.jpg 1024w, https:\/\/d2p6e6u75xmxt8.cloudfront.net\/5\/2016\/06\/za-przepraw\u0105-promem-2-300x225.jpg 300w, https:\/\/d2p6e6u75xmxt8.cloudfront.net\/5\/2016\/06\/za-przepraw\u0105-promem-2-768x576.jpg 768w\" sizes=\"auto, (max-width: 1024px) 100vw, 1024px\" \/><\/p>\n<p style=\"text-align: justify\">\nTrasa rajdu prowadzi\u0142a spod salonu \u0160KODY przy ul. Chrobrego przez Ko\u017ale Rogi, Mechnic\u0119, Zdzieszowice a\u017c na Rued\u0119 w Januszkowicach. Scenariusz imprezy obfitowa\u0142 w atrakcje: przed startem uczestnicy wzi\u0119li udzia\u0142 w rozgrzewce przy muzyce,\u00a0mieli okazj\u0119 na rowerach przeprawi\u0107 si\u0119 promem, a na mecie czeka\u0142 na nich piknik oraz konkursy z nagrodami.<br \/>\nSi\u0142y regenerowano przy stoisku z grillem, organizatorzy jednak w pe\u0142ni postawili na aktywno\u015b\u0107: nie zabrak\u0142o konkurs\u00f3w testuj\u0105cych sprawno\u015b\u0107 fizyczn\u0105 oraz umys\u0142ow\u0105 (np. konkurs wiedzy o samochodach \u0160koda, \u201eJaka to melodia\u201d z utworami o charakterze motoryzacyjnym). Wybrano mistera publiczno\u015bci, kt\u00f3ry za sympati\u0119 wsp\u00f3\u0142uczestnik\u00f3w otrzyma\u0142 nagrod\u0119: rower.\u00a0<img loading=\"lazy\" decoding=\"async\" class=\"alignnone size-large wp-image-1243\" src=\"http:\/\/skoda-rowery.pl\/wp-content\/uploads\/2016\/06\/DSC7344-Large-1024x683.jpg\" alt=\"_DSC7344 (Large)\" width=\"1024\" height=\"683\" srcset=\"https:\/\/d2p6e6u75xmxt8.cloudfront.net\/5\/2016\/06\/DSC7344-Large-1024x683.jpg 1024w, https:\/\/d2p6e6u75xmxt8.cloudfront.net\/5\/2016\/06\/DSC7344-Large-300x200.jpg 300w, https:\/\/d2p6e6u75xmxt8.cloudfront.net\/5\/2016\/06\/DSC7344-Large-768x512.jpg 768w, https:\/\/d2p6e6u75xmxt8.cloudfront.net\/5\/2016\/06\/DSC7344-Large-272x182.jpg 272w, https:\/\/d2p6e6u75xmxt8.cloudfront.net\/5\/2016\/06\/DSC7344-Large.jpg 1620w\" sizes=\"auto, (max-width: 1024px) 100vw, 1024px\" \/><img loading=\"lazy\" decoding=\"async\" class=\"alignnone size-large wp-image-1244\" src=\"http:\/\/skoda-rowery.pl\/wp-content\/uploads\/2016\/06\/DSC7034-Large-1024x683.jpg\" alt=\"_DSC7034 (Large)\" width=\"1024\" height=\"683\" srcset=\"https:\/\/d2p6e6u75xmxt8.cloudfront.net\/5\/2016\/06\/DSC7034-Large-1024x683.jpg 1024w, https:\/\/d2p6e6u75xmxt8.cloudfront.net\/5\/2016\/06\/DSC7034-Large-300x200.jpg 300w, https:\/\/d2p6e6u75xmxt8.cloudfront.net\/5\/2016\/06\/DSC7034-Large-768x512.jpg 768w, https:\/\/d2p6e6u75xmxt8.cloudfront.net\/5\/2016\/06\/DSC7034-Large-272x182.jpg 272w, https:\/\/d2p6e6u75xmxt8.cloudfront.net\/5\/2016\/06\/DSC7034-Large.jpg 1620w\" sizes=\"auto, (max-width: 1024px) 100vw, 1024px\" \/>\u00a0\u00a0<img loading=\"lazy\" decoding=\"async\" class=\"alignnone size-large wp-image-1246\" src=\"http:\/\/skoda-rowery.pl\/wp-content\/uploads\/2016\/06\/DSC7186-Large-1024x683.jpg\" alt=\"_DSC7186 (Large)\" width=\"1024\" height=\"683\" srcset=\"https:\/\/d2p6e6u75xmxt8.cloudfront.net\/5\/2016\/06\/DSC7186-Large-1024x683.jpg 1024w, https:\/\/d2p6e6u75xmxt8.cloudfront.net\/5\/2016\/06\/DSC7186-Large-300x200.jpg 300w, https:\/\/d2p6e6u75xmxt8.cloudfront.net\/5\/2016\/06\/DSC7186-Large-768x512.jpg 768w, https:\/\/d2p6e6u75xmxt8.cloudfront.net\/5\/2016\/06\/DSC7186-Large-272x182.jpg 272w, https:\/\/d2p6e6u75xmxt8.cloudfront.net\/5\/2016\/06\/DSC7186-Large.jpg 1620w\" sizes=\"auto, (max-width: 1024px) 100vw, 1024px\" \/> <img loading=\"lazy\" decoding=\"async\" class=\"alignnone size-large wp-image-1242\" src=\"http:\/\/skoda-rowery.pl\/wp-content\/uploads\/2016\/06\/DSC7118-Large-1024x683.jpg\" alt=\"_DSC7118 (Large)\" width=\"1024\" height=\"683\" srcset=\"https:\/\/d2p6e6u75xmxt8.cloudfront.net\/5\/2016\/06\/DSC7118-Large-1024x683.jpg 1024w, https:\/\/d2p6e6u75xmxt8.cloudfront.net\/5\/2016\/06\/DSC7118-Large-300x200.jpg 300w, https:\/\/d2p6e6u75xmxt8.cloudfront.net\/5\/2016\/06\/DSC7118-Large-768x512.jpg 768w, https:\/\/d2p6e6u75xmxt8.cloudfront.net\/5\/2016\/06\/DSC7118-Large-272x182.jpg 272w, https:\/\/d2p6e6u75xmxt8.cloudfront.net\/5\/2016\/06\/DSC7118-Large.jpg 1620w\" sizes=\"auto, (max-width: 1024px) 100vw, 1024px\" \/> <img loading=\"lazy\" decoding=\"async\" class=\"alignnone size-large wp-image-1241\" src=\"http:\/\/skoda-rowery.pl\/wp-content\/uploads\/2016\/06\/DSC7368-Large-1024x683.jpg\" alt=\"_DSC7368 (Large)\" width=\"1024\" height=\"683\" srcset=\"https:\/\/d2p6e6u75xmxt8.cloudfront.net\/5\/2016\/06\/DSC7368-Large-1024x683.jpg 1024w, https:\/\/d2p6e6u75xmxt8.cloudfront.net\/5\/2016\/06\/DSC7368-Large-300x200.jpg 300w, https:\/\/d2p6e6u75xmxt8.cloudfront.net\/5\/2016\/06\/DSC7368-Large-768x512.jpg 768w, https:\/\/d2p6e6u75xmxt8.cloudfront.net\/5\/2016\/06\/DSC7368-Large-272x182.jpg 272w, https:\/\/d2p6e6u75xmxt8.cloudfront.net\/5\/2016\/06\/DSC7368-Large.jpg 1620w\" sizes=\"auto, (max-width: 1024px) 100vw, 1024px\" \/><\/p>\n<p>\u201e<em>Du\u017cym zainteresowaniem cieszy\u0142 si\u0119 trening Zumby oraz pokazy wake\u2019boardowe\u201d<\/em> \u2013 zauwa\u017ca Adam Bzdak, jeden z uczestnik\u00f3w wydarzenia \u201e<em>Dzieci mia\u0142y okazj\u0119 wy\u017cy\u0107 si\u0119 na trampolinie, doro\u015bli przetestowa\u0107 rowery, czy obejrze\u0107 eksponowane modele samochod\u00f3w. Czas uwa\u017cam za udany<\/em>\u201d \u2013 dodaje.<\/p>\n<p>Organizatorzy zapowiadaj\u0105, \u017ce to nie ostatnia impreza rowerowa do kt\u00f3rej \u201eprzy\u0142o\u017c\u0105 r\u0119k\u0119\u201d. S\u0105dz\u0105c po g\u0142osach zadowolonych uczestnik\u00f3w nie musz\u0105 martwi\u0107 si\u0119 o przysz\u0142\u0105 frekwencj\u0119. Dealerowi \u0160KODY <strong>z K\u0119dzierzyna-Ko\u017ala gratulujemy frekwencji podczas imprezy i udanej zabawy. <\/strong>\u0160koda nap\u0119dza rowery!<\/p>\n","protected":false},"excerpt":{"rendered":"<p>17 km trasy, ponad 250 uczestnik\u00f3w, 23\u2019 Celsjusza \u2013 oto podstawowe sk\u0142adniki idealnego rajdu rowerowego. LELLEK Ko\u017ale, dealer \u0160KODY z [&hellip;]<\/p>\n","protected":false},"author":1,"featured_media":1245,"comment_status":"open","ping_status":"closed","sticky":false,"template":"","format":"standard","meta":{"footnotes":""},"categories":[1],"tags":[],"global-categories":[],"class_list":["post-1240","post","type-post","status-publish","format-standard","has-post-thumbnail","hentry","category-uncategorized"],"yoast_head":"<!-- This site is optimized with the Yoast SEO Premium plugin v25.3 (Yoast SEO v25.9) - https:\/\/yoast.com\/wordpress\/plugins\/seo\/ -->\n<title>\u0160koda nap\u0119dza rowery w K\u0119dzierzynie \u2013 Ko\u017alu - \u0160koda We Love Cycling - Poland<\/title>\n<meta name=\"robots\" content=\"index, follow, max-snippet:-1, max-image-preview:large, max-video-preview:-1\" \/>\n<link rel=\"canonical\" href=\"https:\/\/www.welovecycling.com\/pl\/2016\/06\/22\/skoda-napedza-rowery-w-kedzierzynie-kozlu\/\" \/>\n<meta property=\"og:locale\" content=\"pl_PL\" \/>\n<meta property=\"og:type\" content=\"article\" \/>\n<meta property=\"og:title\" content=\"\u0160koda nap\u0119dza rowery w K\u0119dzierzynie \u2013 Ko\u017alu\" \/>\n<meta property=\"og:description\" content=\"17 km trasy, ponad 250 uczestnik\u00f3w, 23\u2019 Celsjusza \u2013 oto podstawowe sk\u0142adniki idealnego rajdu rowerowego. LELLEK Ko\u017ale, dealer \u0160KODY z [&hellip;]\" \/>\n<meta property=\"og:url\" content=\"https:\/\/www.welovecycling.com\/pl\/2016\/06\/22\/skoda-napedza-rowery-w-kedzierzynie-kozlu\/\" \/>\n<meta property=\"og:site_name\" content=\"\u0160koda We Love Cycling - Poland\" \/>\n<meta property=\"article:published_time\" content=\"2016-06-22T17:18:49+00:00\" \/>\n<meta property=\"article:modified_time\" content=\"2016-12-05T08:51:07+00:00\" \/>\n<meta property=\"og:image\" content=\"https:\/\/d2p6e6u75xmxt8.cloudfront.net\/5\/2016\/06\/DSC7019-Large.jpg\" \/>\n\t<meta property=\"og:image:width\" content=\"1620\" \/>\n\t<meta property=\"og:image:height\" content=\"1080\" \/>\n\t<meta property=\"og:image:type\" content=\"image\/jpeg\" \/>\n<meta name=\"author\" content=\"WeLoveCycling\" \/>\n<meta name=\"twitter:card\" content=\"summary_large_image\" \/>\n<meta name=\"twitter:label1\" content=\"Written by\" \/>\n\t<meta name=\"twitter:data1\" content=\"WeLoveCycling\" \/>\n\t<meta name=\"twitter:label2\" content=\"Est. reading time\" \/>\n\t<meta name=\"twitter:data2\" content=\"1 minute\" \/>\n<script type=\"application\/ld+json\" class=\"yoast-schema-graph\">{\"@context\":\"https:\/\/schema.org\",\"@graph\":[{\"@type\":\"WebPage\",\"@id\":\"https:\/\/www.welovecycling.com\/pl\/2016\/06\/22\/skoda-napedza-rowery-w-kedzierzynie-kozlu\/\",\"url\":\"https:\/\/www.welovecycling.com\/pl\/2016\/06\/22\/skoda-napedza-rowery-w-kedzierzynie-kozlu\/\",\"name\":\"\u0160koda nap\u0119dza rowery w K\u0119dzierzynie \u2013 Ko\u017alu - \u0160koda We Love Cycling - Poland\",\"isPartOf\":{\"@id\":\"https:\/\/www.welovecycling.com\/pl\/#website\"},\"primaryImageOfPage\":{\"@id\":\"https:\/\/www.welovecycling.com\/pl\/2016\/06\/22\/skoda-napedza-rowery-w-kedzierzynie-kozlu\/#primaryimage\"},\"image\":{\"@id\":\"https:\/\/www.welovecycling.com\/pl\/2016\/06\/22\/skoda-napedza-rowery-w-kedzierzynie-kozlu\/#primaryimage\"},\"thumbnailUrl\":\"https:\/\/d2p6e6u75xmxt8.cloudfront.net\/5\/2016\/06\/DSC7019-Large.jpg\",\"datePublished\":\"2016-06-22T17:18:49+00:00\",\"dateModified\":\"2016-12-05T08:51:07+00:00\",\"author\":{\"@id\":\"https:\/\/www.welovecycling.com\/pl\/#\/schema\/person\/e5187c9cac8dd619ebc7b41bd73c2fd9\"},\"breadcrumb\":{\"@id\":\"https:\/\/www.welovecycling.com\/pl\/2016\/06\/22\/skoda-napedza-rowery-w-kedzierzynie-kozlu\/#breadcrumb\"},\"inLanguage\":\"pl-PL\",\"potentialAction\":[{\"@type\":\"ReadAction\",\"target\":[\"https:\/\/www.welovecycling.com\/pl\/2016\/06\/22\/skoda-napedza-rowery-w-kedzierzynie-kozlu\/\"]}]},{\"@type\":\"ImageObject\",\"inLanguage\":\"pl-PL\",\"@id\":\"https:\/\/www.welovecycling.com\/pl\/2016\/06\/22\/skoda-napedza-rowery-w-kedzierzynie-kozlu\/#primaryimage\",\"url\":\"https:\/\/d2p6e6u75xmxt8.cloudfront.net\/5\/2016\/06\/DSC7019-Large.jpg\",\"contentUrl\":\"https:\/\/d2p6e6u75xmxt8.cloudfront.net\/5\/2016\/06\/DSC7019-Large.jpg\",\"width\":1620,\"height\":1080},{\"@type\":\"BreadcrumbList\",\"@id\":\"https:\/\/www.welovecycling.com\/pl\/2016\/06\/22\/skoda-napedza-rowery-w-kedzierzynie-kozlu\/#breadcrumb\",\"itemListElement\":[{\"@type\":\"ListItem\",\"position\":1,\"name\":\"Home\",\"item\":\"https:\/\/www.welovecycling.com\/pl\/\"},{\"@type\":\"ListItem\",\"position\":2,\"name\":\"\u0160koda nap\u0119dza rowery w K\u0119dzierzynie \u2013 Ko\u017alu\"}]},{\"@type\":\"WebSite\",\"@id\":\"https:\/\/www.welovecycling.com\/pl\/#website\",\"url\":\"https:\/\/www.welovecycling.com\/pl\/\",\"name\":\"\u0160koda We Love Cycling - Poland\",\"description\":\"\",\"potentialAction\":[{\"@type\":\"SearchAction\",\"target\":{\"@type\":\"EntryPoint\",\"urlTemplate\":\"https:\/\/www.welovecycling.com\/pl\/?s={search_term_string}\"},\"query-input\":{\"@type\":\"PropertyValueSpecification\",\"valueRequired\":true,\"valueName\":\"search_term_string\"}}],\"inLanguage\":\"pl-PL\"},{\"@type\":\"Person\",\"@id\":\"https:\/\/www.welovecycling.com\/pl\/#\/schema\/person\/e5187c9cac8dd619ebc7b41bd73c2fd9\",\"name\":\"WeLoveCycling\",\"image\":{\"@type\":\"ImageObject\",\"inLanguage\":\"pl-PL\",\"@id\":\"https:\/\/www.welovecycling.com\/pl\/#\/schema\/person\/image\/\",\"url\":\"https:\/\/secure.gravatar.com\/avatar\/7e1ee0ecc5e294b19ef32b9f6086e0afbb9da00c3cb0d465ba4695331f4a9187?s=96&d=mm&r=g\",\"contentUrl\":\"https:\/\/secure.gravatar.com\/avatar\/7e1ee0ecc5e294b19ef32b9f6086e0afbb9da00c3cb0d465ba4695331f4a9187?s=96&d=mm&r=g\",\"caption\":\"WeLoveCycling\"},\"url\":\"https:\/\/www.welovecycling.com\/pl\/author\/lukascech\/\"}]}<\/script>\n<!-- \/ Yoast SEO Premium plugin. -->","yoast_head_json":{"title":"\u0160koda nap\u0119dza rowery w K\u0119dzierzynie \u2013 Ko\u017alu - \u0160koda We Love Cycling - Poland","robots":{"index":"index","follow":"follow","max-snippet":"max-snippet:-1","max-image-preview":"max-image-preview:large","max-video-preview":"max-video-preview:-1"},"canonical":"https:\/\/www.welovecycling.com\/pl\/2016\/06\/22\/skoda-napedza-rowery-w-kedzierzynie-kozlu\/","og_locale":"pl_PL","og_type":"article","og_title":"\u0160koda nap\u0119dza rowery w K\u0119dzierzynie \u2013 Ko\u017alu","og_description":"17 km trasy, ponad 250 uczestnik\u00f3w, 23\u2019 Celsjusza \u2013 oto podstawowe sk\u0142adniki idealnego rajdu rowerowego. LELLEK Ko\u017ale, dealer \u0160KODY z [&hellip;]","og_url":"https:\/\/www.welovecycling.com\/pl\/2016\/06\/22\/skoda-napedza-rowery-w-kedzierzynie-kozlu\/","og_site_name":"\u0160koda We Love Cycling - Poland","article_published_time":"2016-06-22T17:18:49+00:00","article_modified_time":"2016-12-05T08:51:07+00:00","og_image":[{"width":1620,"height":1080,"url":"https:\/\/d2p6e6u75xmxt8.cloudfront.net\/5\/2016\/06\/DSC7019-Large.jpg","type":"image\/jpeg"}],"author":"WeLoveCycling","twitter_card":"summary_large_image","twitter_misc":{"Written by":"WeLoveCycling","Est. reading time":"1 minute"},"schema":{"@context":"https:\/\/schema.org","@graph":[{"@type":"WebPage","@id":"https:\/\/www.welovecycling.com\/pl\/2016\/06\/22\/skoda-napedza-rowery-w-kedzierzynie-kozlu\/","url":"https:\/\/www.welovecycling.com\/pl\/2016\/06\/22\/skoda-napedza-rowery-w-kedzierzynie-kozlu\/","name":"\u0160koda nap\u0119dza rowery w K\u0119dzierzynie \u2013 Ko\u017alu - \u0160koda We Love Cycling - Poland","isPartOf":{"@id":"https:\/\/www.welovecycling.com\/pl\/#website"},"primaryImageOfPage":{"@id":"https:\/\/www.welovecycling.com\/pl\/2016\/06\/22\/skoda-napedza-rowery-w-kedzierzynie-kozlu\/#primaryimage"},"image":{"@id":"https:\/\/www.welovecycling.com\/pl\/2016\/06\/22\/skoda-napedza-rowery-w-kedzierzynie-kozlu\/#primaryimage"},"thumbnailUrl":"https:\/\/d2p6e6u75xmxt8.cloudfront.net\/5\/2016\/06\/DSC7019-Large.jpg","datePublished":"2016-06-22T17:18:49+00:00","dateModified":"2016-12-05T08:51:07+00:00","author":{"@id":"https:\/\/www.welovecycling.com\/pl\/#\/schema\/person\/e5187c9cac8dd619ebc7b41bd73c2fd9"},"breadcrumb":{"@id":"https:\/\/www.welovecycling.com\/pl\/2016\/06\/22\/skoda-napedza-rowery-w-kedzierzynie-kozlu\/#breadcrumb"},"inLanguage":"pl-PL","potentialAction":[{"@type":"ReadAction","target":["https:\/\/www.welovecycling.com\/pl\/2016\/06\/22\/skoda-napedza-rowery-w-kedzierzynie-kozlu\/"]}]},{"@type":"ImageObject","inLanguage":"pl-PL","@id":"https:\/\/www.welovecycling.com\/pl\/2016\/06\/22\/skoda-napedza-rowery-w-kedzierzynie-kozlu\/#primaryimage","url":"https:\/\/d2p6e6u75xmxt8.cloudfront.net\/5\/2016\/06\/DSC7019-Large.jpg","contentUrl":"https:\/\/d2p6e6u75xmxt8.cloudfront.net\/5\/2016\/06\/DSC7019-Large.jpg","width":1620,"height":1080},{"@type":"BreadcrumbList","@id":"https:\/\/www.welovecycling.com\/pl\/2016\/06\/22\/skoda-napedza-rowery-w-kedzierzynie-kozlu\/#breadcrumb","itemListElement":[{"@type":"ListItem","position":1,"name":"Home","item":"https:\/\/www.welovecycling.com\/pl\/"},{"@type":"ListItem","position":2,"name":"\u0160koda nap\u0119dza rowery w K\u0119dzierzynie \u2013 Ko\u017alu"}]},{"@type":"WebSite","@id":"https:\/\/www.welovecycling.com\/pl\/#website","url":"https:\/\/www.welovecycling.com\/pl\/","name":"\u0160koda We Love Cycling - Poland","description":"","potentialAction":[{"@type":"SearchAction","target":{"@type":"EntryPoint","urlTemplate":"https:\/\/www.welovecycling.com\/pl\/?s={search_term_string}"},"query-input":{"@type":"PropertyValueSpecification","valueRequired":true,"valueName":"search_term_string"}}],"inLanguage":"pl-PL"},{"@type":"Person","@id":"https:\/\/www.welovecycling.com\/pl\/#\/schema\/person\/e5187c9cac8dd619ebc7b41bd73c2fd9","name":"WeLoveCycling","image":{"@type":"ImageObject","inLanguage":"pl-PL","@id":"https:\/\/www.welovecycling.com\/pl\/#\/schema\/person\/image\/","url":"https:\/\/secure.gravatar.com\/avatar\/7e1ee0ecc5e294b19ef32b9f6086e0afbb9da00c3cb0d465ba4695331f4a9187?s=96&d=mm&r=g","contentUrl":"https:\/\/secure.gravatar.com\/avatar\/7e1ee0ecc5e294b19ef32b9f6086e0afbb9da00c3cb0d465ba4695331f4a9187?s=96&d=mm&r=g","caption":"WeLoveCycling"},"url":"https:\/\/www.welovecycling.com\/pl\/author\/lukascech\/"}]}},"_links":{"self":[{"href":"https:\/\/www.welovecycling.com\/pl\/wp-json\/wp\/v2\/posts\/1240","targetHints":{"allow":["GET"]}}],"collection":[{"href":"https:\/\/www.welovecycling.com\/pl\/wp-json\/wp\/v2\/posts"}],"about":[{"href":"https:\/\/www.welovecycling.com\/pl\/wp-json\/wp\/v2\/types\/post"}],"author":[{"embeddable":true,"href":"https:\/\/www.welovecycling.com\/pl\/wp-json\/wp\/v2\/users\/1"}],"replies":[{"embeddable":true,"href":"https:\/\/www.welovecycling.com\/pl\/wp-json\/wp\/v2\/comments?post=1240"}],"version-history":[{"count":1,"href":"https:\/\/www.welovecycling.com\/pl\/wp-json\/wp\/v2\/posts\/1240\/revisions"}],"predecessor-version":[{"id":2447,"href":"https:\/\/www.welovecycling.com\/pl\/wp-json\/wp\/v2\/posts\/1240\/revisions\/2447"}],"wp:featuredmedia":[{"embeddable":true,"href":"https:\/\/www.welovecycling.com\/pl\/wp-json\/wp\/v2\/media\/1245"}],"wp:attachment":[{"href":"https:\/\/www.welovecycling.com\/pl\/wp-json\/wp\/v2\/media?parent=1240"}],"wp:term":[{"taxonomy":"category","embeddable":true,"href":"https:\/\/www.welovecycling.com\/pl\/wp-json\/wp\/v2\/categories?post=1240"},{"taxonomy":"post_tag","embeddable":true,"href":"https:\/\/www.welovecycling.com\/pl\/wp-json\/wp\/v2\/tags?post=1240"},{"taxonomy":"global-categories","embeddable":true,"href":"https:\/\/www.welovecycling.com\/pl\/wp-json\/wp\/v2\/global-categories?post=1240"}],"curies":[{"name":"wp","href":"https:\/\/api.w.org\/{rel}","templated":true}]}}