{"id":12394,"date":"2021-12-01T09:44:18","date_gmt":"2021-12-01T09:44:18","guid":{"rendered":"https:\/\/www.welovecycling.com\/pl\/?p=12394"},"modified":"2021-12-01T09:44:18","modified_gmt":"2021-12-01T09:44:18","slug":"wszystko-co-musisz-wiedziec-o-dlugosci-lancucha","status":"publish","type":"post","link":"https:\/\/www.welovecycling.com\/pl\/2021\/12\/01\/wszystko-co-musisz-wiedziec-o-dlugosci-lancucha\/","title":{"rendered":"Wszystko, co musisz wiedzie\u0107 o d\u0142ugo\u015bci \u0142a\u0144cucha!"},"content":{"rendered":"<p><strong>Czy to w trakcie wy\u015bcig\u00f3w, czy podczas przeja\u017cd\u017cek uk\u0142ad nap\u0119dowy jest najwa\u017cniejszym elementem w rowerze, i to \u0142\u0105cznie z \u0142a\u0144cuchem. Dbanie o niego oraz jego w\u0142a\u015bciwy monta\u017c mo\u017ce mie\u0107 du\u017cy wp\u0142yw na osi\u0105gi roweru, a tak\u017ce na utrzymanie w dobrym stanie innych komponent\u00f3w. Z naszego artyku\u0142u dowiesz si\u0119, jak uzyska\u0107 odpowiedni\u0105 d\u0142ugo\u015b\u0107 \u0142a\u0144cucha i jak mo\u017ce si\u0119 ona zmienia\u0107 w zale\u017cno\u015bci od stylu i warunk\u00f3w podczas jazdy.<\/strong><\/p>\n<h2><strong>Dlaczego d\u0142ugo\u015b\u0107 \u0142a\u0144cucha jest tak wa\u017cna?<\/strong><\/h2>\n<p>Nowy \u0142a\u0144cuch rowerowy sk\u0142ada si\u0119 ze 116 ogniw, z czego ka\u017cde mierzy ok. 2,5 cm, wi\u0119c zmie\u015bci si\u0119 nawet na najwi\u0119kszych tarczach i z\u0119batkach. W rowerach turystycznych lub jednobiegowych jest to zmienne, poniewa\u017c ka\u017cdy z nich ma wi\u0119ksze lub mniejsze zapotrzebowanie na \u0142a\u0144cuch o tej d\u0142ugo\u015bci, ale, tak czy inaczej, informacje zawarte w tym artykule u\u0142atwi\u0105 Ci jego regulacj\u0119.<\/p>\n<figure id=\"attachment_12396\" aria-describedby=\"caption-attachment-12396\" style=\"width: 1024px\" class=\"wp-caption alignnone\"><a href=\"https:\/\/d2p6e6u75xmxt8.cloudfront.net\/5\/2021\/12\/Bicycle-chaing-profimedia-0335678677-1024x666-1.jpg\"><img loading=\"lazy\" decoding=\"async\" class=\"wp-image-12396 size-full\" src=\"https:\/\/d2p6e6u75xmxt8.cloudfront.net\/5\/2021\/12\/Bicycle-chaing-profimedia-0335678677-1024x666-1.jpg\" alt=\"\" width=\"1024\" height=\"666\" srcset=\"https:\/\/d2p6e6u75xmxt8.cloudfront.net\/5\/2021\/12\/Bicycle-chaing-profimedia-0335678677-1024x666-1.jpg 1024w, https:\/\/d2p6e6u75xmxt8.cloudfront.net\/5\/2021\/12\/Bicycle-chaing-profimedia-0335678677-1024x666-1-300x195.jpg 300w, https:\/\/d2p6e6u75xmxt8.cloudfront.net\/5\/2021\/12\/Bicycle-chaing-profimedia-0335678677-1024x666-1-768x500.jpg 768w\" sizes=\"auto, (max-width: 1024px) 100vw, 1024px\" \/><\/a><figcaption id=\"caption-attachment-12396\" class=\"wp-caption-text\">Dbanie o \u0142a\u0144cuch oraz w\u0142a\u015bciwy monta\u017c mo\u017ce mie\u0107 du\u017cy wp\u0142yw na osi\u0105gi roweru. \u00a9 Profimedia<\/figcaption><\/figure>\n<p>W wi\u0119kszo\u015bci rower\u00f3w konieczne b\u0119dzie skr\u00f3cenie oryginalnego \u0142a\u0144cucha. Ogniwo, a tak\u017ce ko\u0142ek lub \u015bruby z \u0142a\u0144cucha mo\u017cna usun\u0105\u0107 za pomoc\u0105 odpowiedniego narz\u0119dzia, gdy uzyska si\u0119 ju\u017c po\u017c\u0105dan\u0105 d\u0142ugo\u015b\u0107. W\u0142a\u015bciwy rozmiar jest wa\u017cny, poniewa\u017c je\u015bli \u0142a\u0144cuch b\u0119dzie za d\u0142ugi, ryzykujesz, \u017ce spadnie i uszkodzisz sobie rower, a nawet sam mo\u017cesz zaliczy\u0107 upadek. Zbyt kr\u00f3tki \u0142a\u0144cuch mo\u017ce z kolei zepsu\u0107 zar\u00f3wno przerzutk\u0119, jak i osprz\u0119t.<\/p>\n<h2><strong>Jak uzyska\u0107 odpowiedni\u0105 d\u0142ugo\u015b\u0107 \u0142a\u0144cucha?<\/strong><\/h2>\n<p>Odpowiednia d\u0142ugo\u015b\u0107 \u0142a\u0144cucha ma kluczowe znaczenie dla optymalnej jazdy, a oznacza to utrzymywanie pozosta\u0142ych komponent\u00f3w w doskona\u0142ym stanie. Na ustalenie d\u0142ugo\u015bci jest bardzo \u0142atwy spos\u00f3b. Na tej <a href=\"https:\/\/www.bergfreunde.eu\/chain-length-calculator\/\"><u>stronie<\/u><\/a> znajdziesz specyfikacj\u0119, a wszystko, co musisz zrobi\u0107, to poda\u0107 trzy wymiary: d\u0142ugo\u015b\u0107 dolnego tylnego tr\u00f3jk\u0105ta, rozmiar najwi\u0119kszej tarczy i najwi\u0119kszej z\u0119batki. O tym, jak wykona\u0107 pomiary, przeczytasz w instrukcji rowerowej, wskaz\u00f3wki mo\u017cna znale\u017a\u0107 r\u00f3wnie\u017c w internecie. Zawsze mo\u017cesz te\u017c u\u017cy\u0107 \u0142a\u0144cucha znajduj\u0105cego si\u0119 ju\u017c w rowerze.<\/p>\n<h2><strong>Rozci\u0105ganie si\u0119 \u0142a\u0144cucha<\/strong><\/h2>\n<p>Wed\u0142ug wi\u0119kszo\u015bci szacunk\u00f3w \u0142a\u0144cuch nale\u017cy zmienia\u0107 co oko\u0142o 3000 km, ale mo\u017ce si\u0119 to r\u00f3\u017cni\u0107 w zale\u017cno\u015bci od stylu jazdy oraz nawierzchni, po kt\u00f3rej je\u017adzisz. Na przyk\u0142ad je\u015bli po ka\u017cdej je\u017adzie czy\u015bcisz rower, kr\u0119cisz przerzutkami i wa\u017cysz tyle, co zawodowy kolarz, \u0142a\u0144cuch b\u0119dzie rozci\u0105ga\u0142 si\u0119 wolniej.<\/p>\n<figure id=\"attachment_12397\" aria-describedby=\"caption-attachment-12397\" style=\"width: 1250px\" class=\"wp-caption alignnone\"><a href=\"https:\/\/d2p6e6u75xmxt8.cloudfront.net\/5\/2021\/12\/Bike-chain-profimedia-0335614348.jpg\"><img loading=\"lazy\" decoding=\"async\" class=\"wp-image-12397 size-full\" src=\"https:\/\/d2p6e6u75xmxt8.cloudfront.net\/5\/2021\/12\/Bike-chain-profimedia-0335614348.jpg\" alt=\"\" width=\"1250\" height=\"831\" srcset=\"https:\/\/d2p6e6u75xmxt8.cloudfront.net\/5\/2021\/12\/Bike-chain-profimedia-0335614348.jpg 1250w, https:\/\/d2p6e6u75xmxt8.cloudfront.net\/5\/2021\/12\/Bike-chain-profimedia-0335614348-300x199.jpg 300w, https:\/\/d2p6e6u75xmxt8.cloudfront.net\/5\/2021\/12\/Bike-chain-profimedia-0335614348-1024x681.jpg 1024w, https:\/\/d2p6e6u75xmxt8.cloudfront.net\/5\/2021\/12\/Bike-chain-profimedia-0335614348-768x511.jpg 768w, https:\/\/d2p6e6u75xmxt8.cloudfront.net\/5\/2021\/12\/Bike-chain-profimedia-0335614348-272x182.jpg 272w\" sizes=\"auto, (max-width: 1250px) 100vw, 1250px\" \/><\/a><figcaption id=\"caption-attachment-12397\" class=\"wp-caption-text\">Do optymalnej jazdy mo\u017ce by\u0107 konieczne skr\u00f3cenie oryginalnego \u0142a\u0144cucha. \u00a9 Profimedia<\/figcaption><\/figure>\n<p>Kolarz podczas grand touru potrafi zu\u017cy\u0107 dwa \u0142a\u0144cuchy w ci\u0105gu trzech tygodni, ale ma do swojej dyspozycji luksus w postaci mechanika pozostaj\u0105cego w gotowo\u015bci po ka\u017cdym dniu. Je\u015bli je\u017adzisz po mie\u015bcie w zimn\u0105 i deszczow\u0105 pogod\u0119, \u017cywotno\u015b\u0107 \u0142a\u0144cucha b\u0119dzie znacznie kr\u00f3tsza, a \u0142a\u0144cuch z czasem si\u0119 wyd\u0142u\u017cy. Jak sprawdzi\u0107, czy ju\u017c do tego dosz\u0142o? Naj\u0142atwiej zwyk\u0142\u0105 linijk\u0105!<\/p>\n<p>We\u017a 30-centymetrow\u0105 linijk\u0119, zaci\u0105gnij mocno \u0142a\u0144cuch, aby nie by\u0142o luzu, i umie\u015b\u0107 znacznik 0 cm na \u015brodku nitu (ogniwa \u0142a\u0144cucha). Je\u015bli koniec linijki r\u00f3wnie\u017c znajdzie si\u0119 na \u015brodku nitu, \u0142a\u0144cuch jest w porz\u0105dku. Je\u015bli jednak pojawi si\u0119 cho\u0107by nawet 1,5 mm r\u00f3\u017cnicy, warto rozwa\u017cy\u0107 zakup nowego. Jak wspomniano powy\u017cej, \u0142a\u0144cuch to niezwykle istotny element roweru i wa\u017cne jest, \u017ceby by\u0142 czysty, odpowiednio nasmarowany i w dobrym stanie. Dzi\u0119ki temu ca\u0142y uk\u0142ad nap\u0119dowy b\u0119dzie dzia\u0142a\u0142 d\u0142u\u017cej.<\/p>\n<p>Na We Love Cycling znajdziesz<a href=\"https:\/\/www.welovecycling.com\/wide\/2021\/03\/23\/how-much-should-you-spend-on-bike-chains\/\"> <u>informacje<\/u><\/a> dotycz\u0105ce tego, ile kosztuje nowy \u0142a\u0144cuch, podpowiadamy tak\u017ce, po czym pozna\u0107, \u017ce \u0142a\u0144cuch si\u0119 zu\u017cywa.<\/p>\n<p><span data-sheets-value=\"{&quot;1&quot;:2,&quot;2&quot;:&quot;Artyku\u0142 powsta\u0142 we wsp\u00f3\u0142pracy ze skoda-auto.pl&quot;}\" data-sheets-userformat=\"{&quot;2&quot;:1,&quot;3&quot;:{&quot;1&quot;:0}}\" data-sheets-hyperlink=\"http:\/\/www.skoda-auto.pl\/\"><a class=\"in-cell-link\" href=\"http:\/\/www.skoda-auto.pl\/\" target=\"_blank\" rel=\"noopener noreferrer\">Artyku\u0142 powsta\u0142 we wsp\u00f3\u0142pracy ze skoda-auto.pl<\/a><\/span><\/p>\n<p><a href=\"https:\/\/www.skoda-auto.pl\/modele\/superb\"><img loading=\"lazy\" decoding=\"async\" class=\"alignnone size-full wp-image-11628 aligncenter\" src=\"https:\/\/d2p6e6u75xmxt8.cloudfront.net\/5\/2021\/12\/640x350-2-1.jpg\" alt=\"\" width=\"640\" height=\"350\" srcset=\"https:\/\/d2p6e6u75xmxt8.cloudfront.net\/5\/2021\/12\/640x350-2-1.jpg 640w, https:\/\/d2p6e6u75xmxt8.cloudfront.net\/5\/2021\/12\/640x350-2-1-300x164.jpg 300w\" sizes=\"auto, (max-width: 640px) 100vw, 640px\" \/><\/a><\/p>\n","protected":false},"excerpt":{"rendered":"<p>Czy to w trakcie wy\u015bcig\u00f3w, czy podczas przeja\u017cd\u017cek uk\u0142ad nap\u0119dowy jest najwa\u017cniejszym elementem w rowerze, i to \u0142\u0105cznie z \u0142a\u0144cuchem. [&hellip;]<\/p>\n","protected":false},"author":153,"featured_media":12395,"comment_status":"open","ping_status":"open","sticky":false,"template":"","format":"standard","meta":{"footnotes":""},"categories":[6],"tags":[],"global-categories":[303],"class_list":["post-12394","post","type-post","status-publish","format-standard","has-post-thumbnail","hentry","category-kolarstwo-szosowe","global-categories-cycling"],"yoast_head":"<!-- This site is optimized with the Yoast SEO Premium plugin v25.3 (Yoast SEO v25.9) - https:\/\/yoast.com\/wordpress\/plugins\/seo\/ -->\n<title>Wszystko, co musisz wiedzie\u0107 o d\u0142ugo\u015bci \u0142a\u0144cucha! - \u0160koda We Love Cycling - Poland<\/title>\n<meta name=\"robots\" content=\"index, follow, max-snippet:-1, max-image-preview:large, max-video-preview:-1\" \/>\n<link rel=\"canonical\" href=\"https:\/\/www.welovecycling.com\/pl\/2021\/12\/01\/wszystko-co-musisz-wiedziec-o-dlugosci-lancucha\/\" \/>\n<meta property=\"og:locale\" content=\"pl_PL\" \/>\n<meta property=\"og:type\" content=\"article\" \/>\n<meta property=\"og:title\" content=\"Wszystko, co musisz wiedzie\u0107 o d\u0142ugo\u015bci \u0142a\u0144cucha!\" \/>\n<meta property=\"og:description\" content=\"Czy to w trakcie wy\u015bcig\u00f3w, czy podczas przeja\u017cd\u017cek uk\u0142ad nap\u0119dowy jest najwa\u017cniejszym elementem w rowerze, i to \u0142\u0105cznie z \u0142a\u0144cuchem. [&hellip;]\" \/>\n<meta property=\"og:url\" content=\"https:\/\/www.welovecycling.com\/pl\/2021\/12\/01\/wszystko-co-musisz-wiedziec-o-dlugosci-lancucha\/\" \/>\n<meta property=\"og:site_name\" content=\"\u0160koda We Love Cycling - Poland\" \/>\n<meta property=\"article:published_time\" content=\"2021-12-01T09:44:18+00:00\" \/>\n<meta property=\"og:image\" content=\"https:\/\/d2p6e6u75xmxt8.cloudfront.net\/5\/2021\/12\/tlo-wlc.jpg\" \/>\n\t<meta property=\"og:image:width\" content=\"1024\" \/>\n\t<meta property=\"og:image:height\" content=\"450\" \/>\n\t<meta property=\"og:image:type\" content=\"image\/jpeg\" \/>\n<meta name=\"author\" content=\"rafal\" \/>\n<meta name=\"twitter:card\" content=\"summary_large_image\" \/>\n<meta name=\"twitter:label1\" content=\"Written by\" \/>\n\t<meta name=\"twitter:data1\" content=\"rafal\" \/>\n\t<meta name=\"twitter:label2\" content=\"Est. reading time\" \/>\n\t<meta name=\"twitter:data2\" content=\"3 minutes\" \/>\n<script type=\"application\/ld+json\" class=\"yoast-schema-graph\">{\"@context\":\"https:\/\/schema.org\",\"@graph\":[{\"@type\":\"WebPage\",\"@id\":\"https:\/\/www.welovecycling.com\/pl\/2021\/12\/01\/wszystko-co-musisz-wiedziec-o-dlugosci-lancucha\/\",\"url\":\"https:\/\/www.welovecycling.com\/pl\/2021\/12\/01\/wszystko-co-musisz-wiedziec-o-dlugosci-lancucha\/\",\"name\":\"Wszystko, co musisz wiedzie\u0107 o d\u0142ugo\u015bci \u0142a\u0144cucha! - \u0160koda We Love Cycling - Poland\",\"isPartOf\":{\"@id\":\"https:\/\/www.welovecycling.com\/pl\/#website\"},\"primaryImageOfPage\":{\"@id\":\"https:\/\/www.welovecycling.com\/pl\/2021\/12\/01\/wszystko-co-musisz-wiedziec-o-dlugosci-lancucha\/#primaryimage\"},\"image\":{\"@id\":\"https:\/\/www.welovecycling.com\/pl\/2021\/12\/01\/wszystko-co-musisz-wiedziec-o-dlugosci-lancucha\/#primaryimage\"},\"thumbnailUrl\":\"https:\/\/d2p6e6u75xmxt8.cloudfront.net\/5\/2021\/12\/tlo-wlc.jpg\",\"datePublished\":\"2021-12-01T09:44:18+00:00\",\"author\":{\"@id\":\"https:\/\/www.welovecycling.com\/pl\/#\/schema\/person\/bf06ed916a1ef16618807fb60d2ebe42\"},\"breadcrumb\":{\"@id\":\"https:\/\/www.welovecycling.com\/pl\/2021\/12\/01\/wszystko-co-musisz-wiedziec-o-dlugosci-lancucha\/#breadcrumb\"},\"inLanguage\":\"pl-PL\",\"potentialAction\":[{\"@type\":\"ReadAction\",\"target\":[\"https:\/\/www.welovecycling.com\/pl\/2021\/12\/01\/wszystko-co-musisz-wiedziec-o-dlugosci-lancucha\/\"]}]},{\"@type\":\"ImageObject\",\"inLanguage\":\"pl-PL\",\"@id\":\"https:\/\/www.welovecycling.com\/pl\/2021\/12\/01\/wszystko-co-musisz-wiedziec-o-dlugosci-lancucha\/#primaryimage\",\"url\":\"https:\/\/d2p6e6u75xmxt8.cloudfront.net\/5\/2021\/12\/tlo-wlc.jpg\",\"contentUrl\":\"https:\/\/d2p6e6u75xmxt8.cloudfront.net\/5\/2021\/12\/tlo-wlc.jpg\",\"width\":1024,\"height\":450},{\"@type\":\"BreadcrumbList\",\"@id\":\"https:\/\/www.welovecycling.com\/pl\/2021\/12\/01\/wszystko-co-musisz-wiedziec-o-dlugosci-lancucha\/#breadcrumb\",\"itemListElement\":[{\"@type\":\"ListItem\",\"position\":1,\"name\":\"Home\",\"item\":\"https:\/\/www.welovecycling.com\/pl\/\"},{\"@type\":\"ListItem\",\"position\":2,\"name\":\"Wszystko, co musisz wiedzie\u0107 o d\u0142ugo\u015bci \u0142a\u0144cucha!\"}]},{\"@type\":\"WebSite\",\"@id\":\"https:\/\/www.welovecycling.com\/pl\/#website\",\"url\":\"https:\/\/www.welovecycling.com\/pl\/\",\"name\":\"\u0160koda We Love Cycling - Poland\",\"description\":\"\",\"potentialAction\":[{\"@type\":\"SearchAction\",\"target\":{\"@type\":\"EntryPoint\",\"urlTemplate\":\"https:\/\/www.welovecycling.com\/pl\/?s={search_term_string}\"},\"query-input\":{\"@type\":\"PropertyValueSpecification\",\"valueRequired\":true,\"valueName\":\"search_term_string\"}}],\"inLanguage\":\"pl-PL\"},{\"@type\":\"Person\",\"@id\":\"https:\/\/www.welovecycling.com\/pl\/#\/schema\/person\/bf06ed916a1ef16618807fb60d2ebe42\",\"name\":\"rafal\",\"image\":{\"@type\":\"ImageObject\",\"inLanguage\":\"pl-PL\",\"@id\":\"https:\/\/www.welovecycling.com\/pl\/#\/schema\/person\/image\/\",\"url\":\"https:\/\/secure.gravatar.com\/avatar\/203f240e63bee214f6f3a0dacbeb600c7829c09716c2b9ee3230c6961debcde2?s=96&d=mm&r=g\",\"contentUrl\":\"https:\/\/secure.gravatar.com\/avatar\/203f240e63bee214f6f3a0dacbeb600c7829c09716c2b9ee3230c6961debcde2?s=96&d=mm&r=g\",\"caption\":\"rafal\"},\"url\":\"https:\/\/www.welovecycling.com\/pl\/author\/rafal\/\"}]}<\/script>\n<!-- \/ Yoast SEO Premium plugin. -->","yoast_head_json":{"title":"Wszystko, co musisz wiedzie\u0107 o d\u0142ugo\u015bci \u0142a\u0144cucha! - \u0160koda We Love Cycling - Poland","robots":{"index":"index","follow":"follow","max-snippet":"max-snippet:-1","max-image-preview":"max-image-preview:large","max-video-preview":"max-video-preview:-1"},"canonical":"https:\/\/www.welovecycling.com\/pl\/2021\/12\/01\/wszystko-co-musisz-wiedziec-o-dlugosci-lancucha\/","og_locale":"pl_PL","og_type":"article","og_title":"Wszystko, co musisz wiedzie\u0107 o d\u0142ugo\u015bci \u0142a\u0144cucha!","og_description":"Czy to w trakcie wy\u015bcig\u00f3w, czy podczas przeja\u017cd\u017cek uk\u0142ad nap\u0119dowy jest najwa\u017cniejszym elementem w rowerze, i to \u0142\u0105cznie z \u0142a\u0144cuchem. [&hellip;]","og_url":"https:\/\/www.welovecycling.com\/pl\/2021\/12\/01\/wszystko-co-musisz-wiedziec-o-dlugosci-lancucha\/","og_site_name":"\u0160koda We Love Cycling - Poland","article_published_time":"2021-12-01T09:44:18+00:00","og_image":[{"width":1024,"height":450,"url":"https:\/\/d2p6e6u75xmxt8.cloudfront.net\/5\/2021\/12\/tlo-wlc.jpg","type":"image\/jpeg"}],"author":"rafal","twitter_card":"summary_large_image","twitter_misc":{"Written by":"rafal","Est. reading time":"3 minutes"},"schema":{"@context":"https:\/\/schema.org","@graph":[{"@type":"WebPage","@id":"https:\/\/www.welovecycling.com\/pl\/2021\/12\/01\/wszystko-co-musisz-wiedziec-o-dlugosci-lancucha\/","url":"https:\/\/www.welovecycling.com\/pl\/2021\/12\/01\/wszystko-co-musisz-wiedziec-o-dlugosci-lancucha\/","name":"Wszystko, co musisz wiedzie\u0107 o d\u0142ugo\u015bci \u0142a\u0144cucha! - \u0160koda We Love Cycling - Poland","isPartOf":{"@id":"https:\/\/www.welovecycling.com\/pl\/#website"},"primaryImageOfPage":{"@id":"https:\/\/www.welovecycling.com\/pl\/2021\/12\/01\/wszystko-co-musisz-wiedziec-o-dlugosci-lancucha\/#primaryimage"},"image":{"@id":"https:\/\/www.welovecycling.com\/pl\/2021\/12\/01\/wszystko-co-musisz-wiedziec-o-dlugosci-lancucha\/#primaryimage"},"thumbnailUrl":"https:\/\/d2p6e6u75xmxt8.cloudfront.net\/5\/2021\/12\/tlo-wlc.jpg","datePublished":"2021-12-01T09:44:18+00:00","author":{"@id":"https:\/\/www.welovecycling.com\/pl\/#\/schema\/person\/bf06ed916a1ef16618807fb60d2ebe42"},"breadcrumb":{"@id":"https:\/\/www.welovecycling.com\/pl\/2021\/12\/01\/wszystko-co-musisz-wiedziec-o-dlugosci-lancucha\/#breadcrumb"},"inLanguage":"pl-PL","potentialAction":[{"@type":"ReadAction","target":["https:\/\/www.welovecycling.com\/pl\/2021\/12\/01\/wszystko-co-musisz-wiedziec-o-dlugosci-lancucha\/"]}]},{"@type":"ImageObject","inLanguage":"pl-PL","@id":"https:\/\/www.welovecycling.com\/pl\/2021\/12\/01\/wszystko-co-musisz-wiedziec-o-dlugosci-lancucha\/#primaryimage","url":"https:\/\/d2p6e6u75xmxt8.cloudfront.net\/5\/2021\/12\/tlo-wlc.jpg","contentUrl":"https:\/\/d2p6e6u75xmxt8.cloudfront.net\/5\/2021\/12\/tlo-wlc.jpg","width":1024,"height":450},{"@type":"BreadcrumbList","@id":"https:\/\/www.welovecycling.com\/pl\/2021\/12\/01\/wszystko-co-musisz-wiedziec-o-dlugosci-lancucha\/#breadcrumb","itemListElement":[{"@type":"ListItem","position":1,"name":"Home","item":"https:\/\/www.welovecycling.com\/pl\/"},{"@type":"ListItem","position":2,"name":"Wszystko, co musisz wiedzie\u0107 o d\u0142ugo\u015bci \u0142a\u0144cucha!"}]},{"@type":"WebSite","@id":"https:\/\/www.welovecycling.com\/pl\/#website","url":"https:\/\/www.welovecycling.com\/pl\/","name":"\u0160koda We Love Cycling - Poland","description":"","potentialAction":[{"@type":"SearchAction","target":{"@type":"EntryPoint","urlTemplate":"https:\/\/www.welovecycling.com\/pl\/?s={search_term_string}"},"query-input":{"@type":"PropertyValueSpecification","valueRequired":true,"valueName":"search_term_string"}}],"inLanguage":"pl-PL"},{"@type":"Person","@id":"https:\/\/www.welovecycling.com\/pl\/#\/schema\/person\/bf06ed916a1ef16618807fb60d2ebe42","name":"rafal","image":{"@type":"ImageObject","inLanguage":"pl-PL","@id":"https:\/\/www.welovecycling.com\/pl\/#\/schema\/person\/image\/","url":"https:\/\/secure.gravatar.com\/avatar\/203f240e63bee214f6f3a0dacbeb600c7829c09716c2b9ee3230c6961debcde2?s=96&d=mm&r=g","contentUrl":"https:\/\/secure.gravatar.com\/avatar\/203f240e63bee214f6f3a0dacbeb600c7829c09716c2b9ee3230c6961debcde2?s=96&d=mm&r=g","caption":"rafal"},"url":"https:\/\/www.welovecycling.com\/pl\/author\/rafal\/"}]}},"_links":{"self":[{"href":"https:\/\/www.welovecycling.com\/pl\/wp-json\/wp\/v2\/posts\/12394","targetHints":{"allow":["GET"]}}],"collection":[{"href":"https:\/\/www.welovecycling.com\/pl\/wp-json\/wp\/v2\/posts"}],"about":[{"href":"https:\/\/www.welovecycling.com\/pl\/wp-json\/wp\/v2\/types\/post"}],"author":[{"embeddable":true,"href":"https:\/\/www.welovecycling.com\/pl\/wp-json\/wp\/v2\/users\/153"}],"replies":[{"embeddable":true,"href":"https:\/\/www.welovecycling.com\/pl\/wp-json\/wp\/v2\/comments?post=12394"}],"version-history":[{"count":2,"href":"https:\/\/www.welovecycling.com\/pl\/wp-json\/wp\/v2\/posts\/12394\/revisions"}],"predecessor-version":[{"id":12399,"href":"https:\/\/www.welovecycling.com\/pl\/wp-json\/wp\/v2\/posts\/12394\/revisions\/12399"}],"wp:featuredmedia":[{"embeddable":true,"href":"https:\/\/www.welovecycling.com\/pl\/wp-json\/wp\/v2\/media\/12395"}],"wp:attachment":[{"href":"https:\/\/www.welovecycling.com\/pl\/wp-json\/wp\/v2\/media?parent=12394"}],"wp:term":[{"taxonomy":"category","embeddable":true,"href":"https:\/\/www.welovecycling.com\/pl\/wp-json\/wp\/v2\/categories?post=12394"},{"taxonomy":"post_tag","embeddable":true,"href":"https:\/\/www.welovecycling.com\/pl\/wp-json\/wp\/v2\/tags?post=12394"},{"taxonomy":"global-categories","embeddable":true,"href":"https:\/\/www.welovecycling.com\/pl\/wp-json\/wp\/v2\/global-categories?post=12394"}],"curies":[{"name":"wp","href":"https:\/\/api.w.org\/{rel}","templated":true}]}}