{"id":12381,"date":"2021-11-29T17:09:10","date_gmt":"2021-11-29T17:09:10","guid":{"rendered":"https:\/\/www.welovecycling.com\/pl\/?p=12381"},"modified":"2021-11-29T17:09:10","modified_gmt":"2021-11-29T17:09:10","slug":"tour-de-pologne-odkrywa-karty","status":"publish","type":"post","link":"https:\/\/www.welovecycling.com\/pl\/2021\/11\/29\/tour-de-pologne-odkrywa-karty\/","title":{"rendered":"Tour de Pologne odkrywa karty!"},"content":{"rendered":"<p><strong>Z bardzo du\u017cym wyprzedzeniem poznali\u015bmy tras\u0119 przysz\u0142orocznej edycji naszego narodowego touru. Ma to liczne plusy i na pewno jest du\u017cym uk\u0142onem zar\u00f3wno w stron\u0119 dru\u017cyn, kt\u00f3re na nasz wy\u015bcig przyjad\u0105, jak i kibic\u00f3w, kt\u00f3rzy, planuj\u0105c wakacje, mog\u0105 odpowiednio wcze\u015bnie rezerwowa\u0107 hotele, by by\u0107 jak najbli\u017cej kolarzy. R\u00f3wnie\u017c dla lokalnych samorz\u0105d\u00f3w podj\u0119cie dzia\u0142a\u0144 z tak du\u017cym wyprzedzeniem jest rozwi\u0105zaniem lepszym, szczeg\u00f3lnie w kwestii zaplanowania inwestycji maj\u0105cych na celu popraw\u0119 infrastruktury drogowej.<\/strong><\/p>\n<figure id=\"attachment_12390\" aria-describedby=\"caption-attachment-12390\" style=\"width: 566px\" class=\"wp-caption alignnone\"><a href=\"https:\/\/d2p6e6u75xmxt8.cloudfront.net\/5\/2021\/11\/TdP_2022_trasa_mapa-PL.jpg\"><img loading=\"lazy\" decoding=\"async\" class=\"wp-image-12390\" src=\"https:\/\/d2p6e6u75xmxt8.cloudfront.net\/5\/2021\/11\/TdP_2022_trasa_mapa-PL.jpg\" alt=\"\" width=\"566\" height=\"895\" srcset=\"https:\/\/d2p6e6u75xmxt8.cloudfront.net\/5\/2021\/11\/TdP_2022_trasa_mapa-PL.jpg 1190w, https:\/\/d2p6e6u75xmxt8.cloudfront.net\/5\/2021\/11\/TdP_2022_trasa_mapa-PL-190x300.jpg 190w, https:\/\/d2p6e6u75xmxt8.cloudfront.net\/5\/2021\/11\/TdP_2022_trasa_mapa-PL-647x1024.jpg 647w, https:\/\/d2p6e6u75xmxt8.cloudfront.net\/5\/2021\/11\/TdP_2022_trasa_mapa-PL-768x1215.jpg 768w, https:\/\/d2p6e6u75xmxt8.cloudfront.net\/5\/2021\/11\/TdP_2022_trasa_mapa-PL-971x1536.jpg 971w\" sizes=\"auto, (max-width: 566px) 100vw, 566px\" \/><\/a><figcaption id=\"caption-attachment-12390\" class=\"wp-caption-text\">\u0179r\u00f3d\u0142o grafiki: https:\/\/www.tourdepologne.pl\/2021\/11\/z-kielc-do-krakowa-poznalismy-trase-79-tour-de-pologne\/<\/figcaption><\/figure>\n<p>Wy\u015bcig wyruszy z Kielc 30 lipca, a zako\u0144czy si\u0119 w Krakowie 5 sierpnia. Obejmie siedem etap\u00f3w o \u0142\u0105cznej d\u0142ugo\u015bci 1226 km, w tym tak d\u0142ugo wyczekiwan\u0105 jazd\u0119 indywidualn\u0105 na czas pod g\u00f3r\u0119. Na szczeg\u00f3ln\u0105 uwag\u0119 zas\u0142uguj\u0105 etapy 4 i 5, kt\u00f3re powinny by\u0107 niesamowicie widowiskowe i na pewno wst\u0119pnie u\u0142o\u017c\u0105 klasyfikacj\u0119 generaln\u0105, a do mety w te dni doje\u017cd\u017ca\u0107 b\u0119dzie wyselekcjonowana grupa zawodnik\u00f3w. Warto te\u017c zauwa\u017cy\u0107, \u017ce pierwsze etapy s\u0105 bardzo d\u0142ugie \u2013 odpowiednio 220,9 km, 203,9 km i 229,7 km \u2013 a p\u00f3\u017aniej nast\u0105pi\u0105 te odcinki, o kt\u00f3rych wspomnia\u0142em wcze\u015bniej. Przedostatniego dnia odb\u0119dzie si\u0119 jazda indywidualna na czas, kt\u00f3ra ostatecznie u\u0142o\u017cy klasyfikacj\u0119 generaln\u0105. Etap ostatni teoretycznie powinien nale\u017ce\u0107 do sprinter\u00f3w.<\/p>\n<h2><strong>Etap 1:<\/strong><\/h2>\n<figure id=\"attachment_12383\" aria-describedby=\"caption-attachment-12383\" style=\"width: 1093px\" class=\"wp-caption alignnone\"><a href=\"https:\/\/d2p6e6u75xmxt8.cloudfront.net\/5\/2021\/11\/PRZEKROJ-ETAP-1-scaled.jpg\"><img loading=\"lazy\" decoding=\"async\" class=\"wp-image-12383 \" src=\"https:\/\/d2p6e6u75xmxt8.cloudfront.net\/5\/2021\/11\/PRZEKROJ-ETAP-1-1920x905.jpg\" alt=\"\" width=\"1093\" height=\"515\" srcset=\"https:\/\/d2p6e6u75xmxt8.cloudfront.net\/5\/2021\/11\/PRZEKROJ-ETAP-1-1920x905.jpg 1920w, https:\/\/d2p6e6u75xmxt8.cloudfront.net\/5\/2021\/11\/PRZEKROJ-ETAP-1-300x141.jpg 300w, https:\/\/d2p6e6u75xmxt8.cloudfront.net\/5\/2021\/11\/PRZEKROJ-ETAP-1-1024x483.jpg 1024w, https:\/\/d2p6e6u75xmxt8.cloudfront.net\/5\/2021\/11\/PRZEKROJ-ETAP-1-768x362.jpg 768w, https:\/\/d2p6e6u75xmxt8.cloudfront.net\/5\/2021\/11\/PRZEKROJ-ETAP-1-1536x724.jpg 1536w, https:\/\/d2p6e6u75xmxt8.cloudfront.net\/5\/2021\/11\/PRZEKROJ-ETAP-1-2048x966.jpg 2048w, https:\/\/d2p6e6u75xmxt8.cloudfront.net\/5\/2021\/11\/PRZEKROJ-ETAP-1-1920x905.jpg 1920w\" sizes=\"auto, (max-width: 1093px) 100vw, 1093px\" \/><\/a><figcaption id=\"caption-attachment-12383\" class=\"wp-caption-text\">\u0179r\u00f3d\u0142o grafiki: https:\/\/www.tourdepologne.pl\/en\/stage-1\/<\/figcaption><\/figure>\n<p>Ze stolicy wojew\u00f3dztwa \u015bwi\u0119tokrzyskiego do Lublina pojad\u0105 kolarze podczas pierwszego etapu o d\u0142ugo\u015bci 220,9 km. D\u0142ugi etap otwarcia w pofalowanym terenie. Na mecie swoich szans powinni szuka\u0107 sprinterzy, kt\u00f3rych dru\u017cyny b\u0119d\u0105 musia\u0142y kontrolowa\u0107 przebieg etapu oraz trzyma\u0107 w ryzach \u015bmia\u0142k\u00f3w pr\u00f3buj\u0105cych tego dnia swoich si\u0142 w ucieczce. Pierwszy etap to rozpoznanie si\u0142, a po drodze jedna premia lotna w J\u00f3zefowie nad Wis\u0142\u0105 oraz jedna g\u00f3rska trzeciej kategorii w miejscowo\u015bci Wyl\u0105gi. Pierwsze koszulki lider\u00f3w poszczeg\u00f3lnych klasyfikacji znajd\u0105 tego dnia swoich w\u0142a\u015bcicieli. Meta na delikatnym podje\u017adzie b\u0119dzie faworyzowa\u0107 sprinter\u00f3w bardziej fizycznych, lubi\u0105cych finisze si\u0142owe. Zawodnicy jad\u0105cy na klasyfikacj\u0119 generaln\u0105 musz\u0105 by\u0107 bardzo czujni na ostatnich kilometrach, by nie straci\u0107 cennych sekund ju\u017c pierwszego dnia.<\/p>\n<h2><strong>Etap 2:<\/strong><\/h2>\n<figure id=\"attachment_12384\" aria-describedby=\"caption-attachment-12384\" style=\"width: 1920px\" class=\"wp-caption alignnone\"><a href=\"https:\/\/d2p6e6u75xmxt8.cloudfront.net\/5\/2021\/11\/PRZEKROJ-ETAP-2-scaled.jpg\"><img loading=\"lazy\" decoding=\"async\" class=\"wp-image-12384 size-extra-large\" src=\"https:\/\/d2p6e6u75xmxt8.cloudfront.net\/5\/2021\/11\/PRZEKROJ-ETAP-2-1920x905.jpg\" alt=\"\" width=\"1920\" height=\"905\" srcset=\"https:\/\/d2p6e6u75xmxt8.cloudfront.net\/5\/2021\/11\/PRZEKROJ-ETAP-2-1920x905.jpg 1920w, https:\/\/d2p6e6u75xmxt8.cloudfront.net\/5\/2021\/11\/PRZEKROJ-ETAP-2-300x141.jpg 300w, https:\/\/d2p6e6u75xmxt8.cloudfront.net\/5\/2021\/11\/PRZEKROJ-ETAP-2-1024x483.jpg 1024w, https:\/\/d2p6e6u75xmxt8.cloudfront.net\/5\/2021\/11\/PRZEKROJ-ETAP-2-768x362.jpg 768w, https:\/\/d2p6e6u75xmxt8.cloudfront.net\/5\/2021\/11\/PRZEKROJ-ETAP-2-1536x724.jpg 1536w, https:\/\/d2p6e6u75xmxt8.cloudfront.net\/5\/2021\/11\/PRZEKROJ-ETAP-2-2048x966.jpg 2048w, https:\/\/d2p6e6u75xmxt8.cloudfront.net\/5\/2021\/11\/PRZEKROJ-ETAP-2-1920x905.jpg 1920w\" sizes=\"auto, (max-width: 1920px) 100vw, 1920px\" \/><\/a><figcaption id=\"caption-attachment-12384\" class=\"wp-caption-text\">\u0179r\u00f3d\u0142o grafiki: https:\/\/www.tourdepologne.pl\/en\/stage-2\/<\/figcaption><\/figure>\n<p>Z Che\u0142ma do Zamo\u015bcia w linii prostej jest nieca\u0142e 70 km, ale na kolarzy tego dnia czeka trasa o d\u0142ugo\u015bci 203,9 km, poprowadzona w ca\u0142o\u015bci na Lubelszczy\u017anie. Che\u0142m, trzecie pod wzgl\u0119dem liczby ludno\u015bci miasto wojew\u00f3dztwa lubelskiego, tym razem b\u0119dzie miastem startu. Kolejny pofa\u0142dowany i d\u0142ugi etap na wym\u0119czenie stanie si\u0119 miejscem harc\u00f3w uciekinier\u00f3w. Pierwsza lotna premia czeka na zawodnik\u00f3w w przygranicznym Hrubieszowie, a p\u00f3\u017aniej dwie premie g\u00f3rskie czwartej kategorii w Werechaniu oraz Wieprzowie. Kawa\u0142ek dalej premia lotna w Tomaszowie Lubelskim, a my zapewne chwil\u0119 wcze\u015bniej b\u0119dziemy podziwia\u0107 pi\u0119knie meandruj\u0105c\u0105 w tej okolicy rzek\u0119 Wieprz. Nast\u0119pnie peleton przejedzie przez Zwierzyniec, s\u0142yn\u0105cy z pi\u0119knej fontanny przyozdobionej rze\u017abami zwierz\u0105t \u017cyj\u0105cych w pobliskich lasach, oraz s\u0142ynne miasto chrz\u0105szcza, czyli Szczebrzeszyn. Na koniec na zawodnik\u00f3w czeka dziewi\u0119ciokilometrowa runda wok\u00f3\u0142 \u201eper\u0142y renesansu\u201d.<\/p>\n<h2><strong>Etap 3:<\/strong><\/h2>\n<figure id=\"attachment_12385\" aria-describedby=\"caption-attachment-12385\" style=\"width: 1920px\" class=\"wp-caption alignnone\"><a href=\"https:\/\/d2p6e6u75xmxt8.cloudfront.net\/5\/2021\/11\/PRZEKROJ-ETAP-3-scaled.jpg\"><img loading=\"lazy\" decoding=\"async\" class=\"wp-image-12385 size-extra-large\" src=\"https:\/\/d2p6e6u75xmxt8.cloudfront.net\/5\/2021\/11\/PRZEKROJ-ETAP-3-1920x905.jpg\" alt=\"\" width=\"1920\" height=\"905\" srcset=\"https:\/\/d2p6e6u75xmxt8.cloudfront.net\/5\/2021\/11\/PRZEKROJ-ETAP-3-1920x905.jpg 1920w, https:\/\/d2p6e6u75xmxt8.cloudfront.net\/5\/2021\/11\/PRZEKROJ-ETAP-3-300x141.jpg 300w, https:\/\/d2p6e6u75xmxt8.cloudfront.net\/5\/2021\/11\/PRZEKROJ-ETAP-3-1024x483.jpg 1024w, https:\/\/d2p6e6u75xmxt8.cloudfront.net\/5\/2021\/11\/PRZEKROJ-ETAP-3-768x362.jpg 768w, https:\/\/d2p6e6u75xmxt8.cloudfront.net\/5\/2021\/11\/PRZEKROJ-ETAP-3-1536x724.jpg 1536w, https:\/\/d2p6e6u75xmxt8.cloudfront.net\/5\/2021\/11\/PRZEKROJ-ETAP-3-2048x966.jpg 2048w, https:\/\/d2p6e6u75xmxt8.cloudfront.net\/5\/2021\/11\/PRZEKROJ-ETAP-3-1920x905.jpg 1920w\" sizes=\"auto, (max-width: 1920px) 100vw, 1920px\" \/><\/a><figcaption id=\"caption-attachment-12385\" class=\"wp-caption-text\">\u0179r\u00f3d\u0142o grafiki: https:\/\/www.tourdepologne.pl\/en\/stage-3\/<\/figcaption><\/figure>\n<p>Najd\u0142u\u017cszy odcinek przysz\u0142orocznej edycji Tour de Pologne wiedzie z Kra\u015bnika do Przemy\u015bla i liczy 229,7 km. Pocz\u0105tek stosunkowo prosty, ale to, co najlepsze, czeka na zawodnik\u00f3w i kibic\u00f3w na ostatnich 50 kilometrach. W Przemy\u015blu kolarze finiszowali w tym roku, a meta na podje\u017adzie pod<\/p>\n<p>Kopiec Tatarski zebra\u0142a bardzo dobre opinie. Nie dziwi wi\u0119c obecno\u015b\u0107 tego miejsca w kolejnej edycji TdP, tym bardziej \u017ce wcze\u015bniej zawodnicy b\u0119d\u0105 musieli si\u0119 zmierzy\u0107 z punktowanymi podjazdami: S\u00f3lc\u0105 (trzeciej kategorii), Kalwari\u0105 Pac\u0142awsk\u0105 (drugiej kategorii) i Gruszow\u0105 (trzeciej kategorii). Wcze\u015bniej zaplanowano premie lotne w Janowie Lubelskim oraz Le\u017cajsku. Ten etap poka\u017ce nam ju\u017c, kto z faworyt\u00f3w przyjecha\u0142 naprawd\u0119 dobrze przygotowany do wy\u015bcigu. Je\u015bli na mecie powstan\u0105 pomi\u0119dzy nimi wi\u0119ksze r\u00f3\u017cnice czasowe, ci\u0119\u017cko b\u0119dzie je zniwelowa\u0107 w kolejnych dniach.<\/p>\n<h2><strong>Etap 4:<\/strong><\/h2>\n<figure id=\"attachment_12386\" aria-describedby=\"caption-attachment-12386\" style=\"width: 1920px\" class=\"wp-caption alignnone\"><a href=\"https:\/\/d2p6e6u75xmxt8.cloudfront.net\/5\/2021\/11\/PRZEKROJ-ETAP-4-scaled.jpg\"><img loading=\"lazy\" decoding=\"async\" class=\"wp-image-12386 size-extra-large\" src=\"https:\/\/d2p6e6u75xmxt8.cloudfront.net\/5\/2021\/11\/PRZEKROJ-ETAP-4-1920x905.jpg\" alt=\"\" width=\"1920\" height=\"905\" srcset=\"https:\/\/d2p6e6u75xmxt8.cloudfront.net\/5\/2021\/11\/PRZEKROJ-ETAP-4-1920x905.jpg 1920w, https:\/\/d2p6e6u75xmxt8.cloudfront.net\/5\/2021\/11\/PRZEKROJ-ETAP-4-300x141.jpg 300w, https:\/\/d2p6e6u75xmxt8.cloudfront.net\/5\/2021\/11\/PRZEKROJ-ETAP-4-1024x483.jpg 1024w, https:\/\/d2p6e6u75xmxt8.cloudfront.net\/5\/2021\/11\/PRZEKROJ-ETAP-4-768x362.jpg 768w, https:\/\/d2p6e6u75xmxt8.cloudfront.net\/5\/2021\/11\/PRZEKROJ-ETAP-4-1536x724.jpg 1536w, https:\/\/d2p6e6u75xmxt8.cloudfront.net\/5\/2021\/11\/PRZEKROJ-ETAP-4-2048x966.jpg 2048w, https:\/\/d2p6e6u75xmxt8.cloudfront.net\/5\/2021\/11\/PRZEKROJ-ETAP-4-1920x905.jpg 1920w\" sizes=\"auto, (max-width: 1920px) 100vw, 1920px\" \/><\/a><figcaption id=\"caption-attachment-12386\" class=\"wp-caption-text\">\u0179r\u00f3d\u0142o grafiki: https:\/\/www.tourdepologne.pl\/en\/stage-4\/<\/figcaption><\/figure>\n<p>Z Leska do Sanoka, ale przez Pola\u0144czyk, Ustrzyki Dolne, Ar\u0142am\u00f3w oraz Bircz\u0119, pojad\u0105 kolarze tego dnia. D\u0142ugo\u015b\u0107 etapu to 177 km po trasach Podkarpacia, a start w \u015bredniowiecznym Lesku po\u0142o\u017conym nad rzek\u0105 San powinien by\u0107 bardzo dynamiczny. Wy\u015bcig wejdzie w decyduj\u0105c\u0105 faz\u0119, zm\u0119czenie poprzednimi etapami b\u0119dzie ju\u017c odczuwalne, a G\u00f3ry Sanocko-Turcza\u0144skie jeszcze to zm\u0119czenie spot\u0119guj\u0105. Etap bez kilometra p\u0142askiej drogi da si\u0119 kolarzom mocno we znaki, a dla kibic\u00f3w b\u0119dzie to prawdziwa pere\u0142ka krajoznawcza. Na koniec pi\u0119kny, niemal\u017ce alpejski zjazd z Tyrawy Wo\u0142oskiej do Za\u0142u\u017ca i dalej drog\u0105 nr 28 kolarze przemkn\u0105 do Sanoka. Meta na lekkim, niezbyt d\u0142ugim, ale w\u0105skim podje\u017adzie prowadz\u0105cym do sanockiego rynku. Po drodze do zebrania punkty do klasyfikacji g\u00f3rskiej: gmina Czarna (druga kategoria), hotel Ar\u0142am\u00f3w (druga kategoria) oraz S\u0142onne (trzecia kategoria). R\u00f3wnie\u017c zawodnicy walcz\u0105cy w klasyfikacji aktywnych b\u0119d\u0105 mieli swoje \u017cniwa, gdy\u017c tego dnia do zdobycia jest komplet 9 punkt\u00f3w w Ustrzykach Dolnych, Fredropolu oraz Birczy.<\/p>\n<h2><strong>Etap 5:<\/strong><\/h2>\n<figure id=\"attachment_12387\" aria-describedby=\"caption-attachment-12387\" style=\"width: 1920px\" class=\"wp-caption alignnone\"><a href=\"https:\/\/d2p6e6u75xmxt8.cloudfront.net\/5\/2021\/11\/PRZEKROJ-ETAP-5-scaled.jpg\"><img loading=\"lazy\" decoding=\"async\" class=\"wp-image-12387 size-extra-large\" src=\"https:\/\/d2p6e6u75xmxt8.cloudfront.net\/5\/2021\/11\/PRZEKROJ-ETAP-5-1920x905.jpg\" alt=\"\" width=\"1920\" height=\"905\" srcset=\"https:\/\/d2p6e6u75xmxt8.cloudfront.net\/5\/2021\/11\/PRZEKROJ-ETAP-5-1920x905.jpg 1920w, https:\/\/d2p6e6u75xmxt8.cloudfront.net\/5\/2021\/11\/PRZEKROJ-ETAP-5-300x141.jpg 300w, https:\/\/d2p6e6u75xmxt8.cloudfront.net\/5\/2021\/11\/PRZEKROJ-ETAP-5-1024x483.jpg 1024w, https:\/\/d2p6e6u75xmxt8.cloudfront.net\/5\/2021\/11\/PRZEKROJ-ETAP-5-768x362.jpg 768w, https:\/\/d2p6e6u75xmxt8.cloudfront.net\/5\/2021\/11\/PRZEKROJ-ETAP-5-1536x724.jpg 1536w, https:\/\/d2p6e6u75xmxt8.cloudfront.net\/5\/2021\/11\/PRZEKROJ-ETAP-5-2048x966.jpg 2048w, https:\/\/d2p6e6u75xmxt8.cloudfront.net\/5\/2021\/11\/PRZEKROJ-ETAP-5-1920x905.jpg 1920w\" sizes=\"auto, (max-width: 1920px) 100vw, 1920px\" \/><\/a><figcaption id=\"caption-attachment-12387\" class=\"wp-caption-text\">\u0179r\u00f3d\u0142o grafiki: https:\/\/www.tourdepologne.pl\/en\/stage-5\/<\/figcaption><\/figure>\n<p>Nie\u015bmia\u0142o i po cichu nazwijmy go kr\u00f3lewskim, cho\u0107 umiejscowienie mo\u017ce na to nie wskazywa\u0107. Ale ja tam by\u0142em, objecha\u0142em t\u0119 tras\u0119 i s\u0105dz\u0119, \u017ce b\u0119dzie to bardzo ci\u0119\u017cki odcinek przypominaj\u0105cy kultowe arde\u0144skie wy\u015bcigi klasyczne. Kolarze wystartuj\u0105 z \u0141a\u0144cuta, s\u0142yn\u0105cego z pi\u0119knego barokowego zamku, i przejad\u0105 do nowoczesnego, dobrze nam ju\u017c znanego Rzeszowa. G\u0142\u00f3wne trudno\u015bci trasy to bardzo mocno pofa\u0142dowany teren, liczne \u015bcianki, a tak\u017ce kilka d\u0142u\u017cszych, widowiskowych podjazd\u00f3w oraz dziesi\u0105tki kilometr\u00f3w bardzo w\u0105skich dr\u00f3g. Pierwsze nagrody do zdobycia dla \u015bmia\u0142k\u00f3w i uciekinier\u00f3w w okolicy Dynowa. Na pocz\u0105tek premia lotna, a kawa\u0142ek dalej g\u00f3rska trzeciej kategorii. Po bajecznym podje\u017adzie z miejscowo\u015bci Izdebki czeka nagroda w postaci premii g\u00f3rskiej drugiej kategorii, a dalej, po wcale nie l\u017cejszym terenie, kolarze pomkn\u0105 ju\u017c w kierunku Rzeszowa. Tam na koniec jeszcze do pokonania malownicza runda, na kt\u00f3rej trasie zlokalizowano premi\u0119 g\u00f3rsk\u0105 drugiej kategorii. Sam finisz p\u0142aski i szybki, ale wszystko to, co by\u0142o wcze\u015bniej, pozwala mie\u0107 w\u0105tpliwo\u015bci, czy kt\u00f3rykolwiek ze sprinter\u00f3w dojedzie do mety w pierwszej grupie. Tego dnia b\u0119dzie do pokonania 205 km.<\/p>\n<h2><strong>Etap 6:<\/strong><\/h2>\n<figure id=\"attachment_12388\" aria-describedby=\"caption-attachment-12388\" style=\"width: 1920px\" class=\"wp-caption alignnone\"><a href=\"https:\/\/d2p6e6u75xmxt8.cloudfront.net\/5\/2021\/11\/PRZEKROJ-ETAP-6-scaled.jpg\"><img loading=\"lazy\" decoding=\"async\" class=\"wp-image-12388 size-extra-large\" src=\"https:\/\/d2p6e6u75xmxt8.cloudfront.net\/5\/2021\/11\/PRZEKROJ-ETAP-6-1920x905.jpg\" alt=\"\" width=\"1920\" height=\"905\" srcset=\"https:\/\/d2p6e6u75xmxt8.cloudfront.net\/5\/2021\/11\/PRZEKROJ-ETAP-6-1920x905.jpg 1920w, https:\/\/d2p6e6u75xmxt8.cloudfront.net\/5\/2021\/11\/PRZEKROJ-ETAP-6-300x141.jpg 300w, https:\/\/d2p6e6u75xmxt8.cloudfront.net\/5\/2021\/11\/PRZEKROJ-ETAP-6-1024x483.jpg 1024w, https:\/\/d2p6e6u75xmxt8.cloudfront.net\/5\/2021\/11\/PRZEKROJ-ETAP-6-768x362.jpg 768w, https:\/\/d2p6e6u75xmxt8.cloudfront.net\/5\/2021\/11\/PRZEKROJ-ETAP-6-1536x724.jpg 1536w, https:\/\/d2p6e6u75xmxt8.cloudfront.net\/5\/2021\/11\/PRZEKROJ-ETAP-6-2048x966.jpg 2048w, https:\/\/d2p6e6u75xmxt8.cloudfront.net\/5\/2021\/11\/PRZEKROJ-ETAP-6-1920x905.jpg 1920w\" sizes=\"auto, (max-width: 1920px) 100vw, 1920px\" \/><\/a><figcaption id=\"caption-attachment-12388\" class=\"wp-caption-text\">\u0179r\u00f3d\u0142o grafiki: https:\/\/www.tourdepologne.pl\/en\/stage-6\/<\/figcaption><\/figure>\n<p>To wspomniana na samym pocz\u0105tku i tak d\u0142ugo wyczekiwana jazda indywidualna na czas pod g\u00f3r\u0119. 15,4 km z Szaflar przez Le\u015bnic\u0119 i Gro\u0144 do g\u00f3rnej stacji wyci\u0105gu narciarskiego na Wierchu Rusi\u0144skim z \u0142\u0105czn\u0105 sum\u0105 przewy\u017csze\u0144 415 metr\u00f3w. Etap decyduj\u0105cy o kolejno\u015bci klasyfikacji generalnej, kt\u00f3ra czysto teoretycznie nie powinna ulec ju\u017c zmianie do mety ostatniego odcinka w Krakowie. Walka z czasem to etap, gdzie nie mo\u017cna pope\u0142ni\u0107 absolutnie \u017cadnego b\u0142\u0119du. Doskona\u0142e poznanie trasy oraz taktyka doboru sprz\u0119tu i roz\u0142o\u017cenia si\u0142 s\u0105 tutaj kluczowe.<\/p>\n<h2><strong>Etap 7:<\/strong><\/h2>\n<figure id=\"attachment_12389\" aria-describedby=\"caption-attachment-12389\" style=\"width: 1920px\" class=\"wp-caption alignnone\"><a href=\"https:\/\/d2p6e6u75xmxt8.cloudfront.net\/5\/2021\/11\/PRZEKROJ-ETAP-7-scaled.jpg\"><img loading=\"lazy\" decoding=\"async\" class=\"wp-image-12389 size-extra-large\" src=\"https:\/\/d2p6e6u75xmxt8.cloudfront.net\/5\/2021\/11\/PRZEKROJ-ETAP-7-1920x905.jpg\" alt=\"\" width=\"1920\" height=\"905\" srcset=\"https:\/\/d2p6e6u75xmxt8.cloudfront.net\/5\/2021\/11\/PRZEKROJ-ETAP-7-1920x905.jpg 1920w, https:\/\/d2p6e6u75xmxt8.cloudfront.net\/5\/2021\/11\/PRZEKROJ-ETAP-7-300x141.jpg 300w, https:\/\/d2p6e6u75xmxt8.cloudfront.net\/5\/2021\/11\/PRZEKROJ-ETAP-7-1024x483.jpg 1024w, https:\/\/d2p6e6u75xmxt8.cloudfront.net\/5\/2021\/11\/PRZEKROJ-ETAP-7-768x362.jpg 768w, https:\/\/d2p6e6u75xmxt8.cloudfront.net\/5\/2021\/11\/PRZEKROJ-ETAP-7-1536x724.jpg 1536w, https:\/\/d2p6e6u75xmxt8.cloudfront.net\/5\/2021\/11\/PRZEKROJ-ETAP-7-2048x966.jpg 2048w, https:\/\/d2p6e6u75xmxt8.cloudfront.net\/5\/2021\/11\/PRZEKROJ-ETAP-7-1920x905.jpg 1920w\" sizes=\"auto, (max-width: 1920px) 100vw, 1920px\" \/><\/a><figcaption id=\"caption-attachment-12389\" class=\"wp-caption-text\">\u0179r\u00f3d\u0142o grafiki: https:\/\/www.tourdepologne.pl\/en\/stage-7\/<\/figcaption><\/figure>\n<p>Ostatni etap teoretycznie skierowany jest do sprinter\u00f3w. Ze Skawiny przez My\u015blenice do Krakowa, czyli 175 km na po\u017cegnanie. Etap jednak wcale nie musi nale\u017ce\u0107 do rutynowych i nudnych, a to dzi\u0119ki poprowadzeniu go do\u015b\u0107 wymagaj\u0105c\u0105 tras\u0105 dooko\u0142a Skawiny. Tam na zawodnik\u00f3w czeka\u0107 b\u0119d\u0105 a\u017c trzy premie g\u00f3rskie, kt\u00f3re ostatecznie rozstrzygn\u0105 losy klasyfikacji, wy\u0142aniaj\u0105c najlepszego g\u00f3rala wy\u015bcigu. Na pocz\u0105tek, po przejechaniu oko\u0142o 30 km, zawodnicy b\u0119d\u0105 musieli wjecha\u0107 pod premi\u0119 pierwszej kategorii w Bie\u0144k\u00f3wce, a gdyby tego by\u0142o ma\u0142o, za 5 km kolejna punktowana przeszkoda, tym razem trzeciej kategorii. Z premiami g\u00f3rskimi po\u017cegnamy si\u0119 w miejscowo\u015bci Podstolice, gdzie zlokalizowana jest ostatnia z nich, tym razem trzeciej kategorii. Jedyna tego dnia premia lotna b\u0119dzie w My\u015blenicach. Etap tradycyjnie zako\u0144czy si\u0119 rundami na krakowskich B\u0142oniach. W 2021 roku rozp\u0119dzony peleton minimalnie przechytrzyli uciekinierzy. Jak b\u0119dzie w 2022? Dowiemy si\u0119 5 sierpnia.<\/p>\n<p><span data-sheets-value=\"{&quot;1&quot;:2,&quot;2&quot;:&quot;Artyku\u0142 powsta\u0142 we wsp\u00f3\u0142pracy ze skoda-auto.pl&quot;}\" data-sheets-userformat=\"{&quot;2&quot;:1,&quot;3&quot;:{&quot;1&quot;:0}}\" data-sheets-hyperlink=\"http:\/\/www.skoda-auto.pl\/\"><a class=\"in-cell-link\" href=\"http:\/\/www.skoda-auto.pl\/\" target=\"_blank\" rel=\"noopener noreferrer\">Artyku\u0142 powsta\u0142 we wsp\u00f3\u0142pracy ze skoda-auto.pl<\/a><\/span><\/p>\n<p><a href=\"https:\/\/sklep.skoda.pl\/pl\/sklep\/b\/331\/rowery-i-akcesoria-rowery.html\"><img loading=\"lazy\" decoding=\"async\" class=\"aligncenter wp-image-9608 size-full loading\" src=\"https:\/\/d2p6e6u75xmxt8.cloudfront.net\/5\/2019\/08\/baner_WLC_640x350_3.png\" sizes=\"auto, (max-width: 640px) 100vw, 640px\" srcset=\"https:\/\/d2p6e6u75xmxt8.cloudfront.net\/5\/2019\/08\/baner_WLC_640x350_3.png 640w, https:\/\/d2p6e6u75xmxt8.cloudfront.net\/5\/2019\/08\/baner_WLC_640x350_3-300x164.png 300w\" alt=\"\" width=\"640\" height=\"350\" data-was-processed=\"true\" \/><\/a><\/p>\n","protected":false},"excerpt":{"rendered":"<p>Z bardzo du\u017cym wyprzedzeniem poznali\u015bmy tras\u0119 przysz\u0142orocznej edycji naszego narodowego touru. Ma to liczne plusy i na pewno jest du\u017cym [&hellip;]<\/p>\n","protected":false},"author":153,"featured_media":12382,"comment_status":"open","ping_status":"open","sticky":false,"template":"","format":"standard","meta":{"footnotes":""},"categories":[363],"tags":[108],"global-categories":[303],"class_list":["post-12381","post","type-post","status-publish","format-standard","has-post-thumbnail","hentry","category-tour-de-pologne-2022","tag-bartosz-huzarski","global-categories-cycling"],"yoast_head":"<!-- This site is optimized with the Yoast SEO Premium plugin v25.3 (Yoast SEO v25.9) - https:\/\/yoast.com\/wordpress\/plugins\/seo\/ -->\n<title>Tour de Pologne odkrywa karty! - \u0160koda We Love Cycling - Poland<\/title>\n<meta name=\"robots\" content=\"index, follow, max-snippet:-1, max-image-preview:large, max-video-preview:-1\" \/>\n<link rel=\"canonical\" href=\"https:\/\/www.welovecycling.com\/pl\/2021\/11\/29\/tour-de-pologne-odkrywa-karty\/\" \/>\n<meta property=\"og:locale\" content=\"pl_PL\" \/>\n<meta property=\"og:type\" content=\"article\" \/>\n<meta property=\"og:title\" content=\"Tour de Pologne odkrywa karty!\" \/>\n<meta property=\"og:description\" content=\"Z bardzo du\u017cym wyprzedzeniem poznali\u015bmy tras\u0119 przysz\u0142orocznej edycji naszego narodowego touru. Ma to liczne plusy i na pewno jest du\u017cym [&hellip;]\" \/>\n<meta property=\"og:url\" content=\"https:\/\/www.welovecycling.com\/pl\/2021\/11\/29\/tour-de-pologne-odkrywa-karty\/\" \/>\n<meta property=\"og:site_name\" content=\"\u0160koda We Love Cycling - Poland\" \/>\n<meta property=\"article:published_time\" content=\"2021-11-29T17:09:10+00:00\" \/>\n<meta property=\"og:image\" content=\"https:\/\/d2p6e6u75xmxt8.cloudfront.net\/5\/2021\/11\/Peloton-profimedia-0557783239-CVR-1024x450-1.jpg\" \/>\n\t<meta property=\"og:image:width\" content=\"1024\" \/>\n\t<meta property=\"og:image:height\" content=\"450\" \/>\n\t<meta property=\"og:image:type\" content=\"image\/jpeg\" \/>\n<meta name=\"author\" content=\"rafal\" \/>\n<meta name=\"twitter:card\" content=\"summary_large_image\" \/>\n<meta name=\"twitter:label1\" content=\"Written by\" \/>\n\t<meta name=\"twitter:data1\" content=\"Bartosz Huzarski\" \/>\n\t<meta name=\"twitter:label2\" content=\"Est. reading time\" \/>\n\t<meta name=\"twitter:data2\" content=\"7 minutes\" \/>\n<script type=\"application\/ld+json\" class=\"yoast-schema-graph\">{\"@context\":\"https:\/\/schema.org\",\"@graph\":[{\"@type\":\"WebPage\",\"@id\":\"https:\/\/www.welovecycling.com\/pl\/2021\/11\/29\/tour-de-pologne-odkrywa-karty\/\",\"url\":\"https:\/\/www.welovecycling.com\/pl\/2021\/11\/29\/tour-de-pologne-odkrywa-karty\/\",\"name\":\"Tour de Pologne odkrywa karty! - \u0160koda We Love Cycling - Poland\",\"isPartOf\":{\"@id\":\"https:\/\/www.welovecycling.com\/pl\/#website\"},\"primaryImageOfPage\":{\"@id\":\"https:\/\/www.welovecycling.com\/pl\/2021\/11\/29\/tour-de-pologne-odkrywa-karty\/#primaryimage\"},\"image\":{\"@id\":\"https:\/\/www.welovecycling.com\/pl\/2021\/11\/29\/tour-de-pologne-odkrywa-karty\/#primaryimage\"},\"thumbnailUrl\":\"https:\/\/d2p6e6u75xmxt8.cloudfront.net\/5\/2021\/11\/Peloton-profimedia-0557783239-CVR-1024x450-1.jpg\",\"datePublished\":\"2021-11-29T17:09:10+00:00\",\"author\":{\"@id\":\"https:\/\/www.welovecycling.com\/pl\/#\/schema\/person\/bf06ed916a1ef16618807fb60d2ebe42\"},\"breadcrumb\":{\"@id\":\"https:\/\/www.welovecycling.com\/pl\/2021\/11\/29\/tour-de-pologne-odkrywa-karty\/#breadcrumb\"},\"inLanguage\":\"pl-PL\",\"potentialAction\":[{\"@type\":\"ReadAction\",\"target\":[\"https:\/\/www.welovecycling.com\/pl\/2021\/11\/29\/tour-de-pologne-odkrywa-karty\/\"]}]},{\"@type\":\"ImageObject\",\"inLanguage\":\"pl-PL\",\"@id\":\"https:\/\/www.welovecycling.com\/pl\/2021\/11\/29\/tour-de-pologne-odkrywa-karty\/#primaryimage\",\"url\":\"https:\/\/d2p6e6u75xmxt8.cloudfront.net\/5\/2021\/11\/Peloton-profimedia-0557783239-CVR-1024x450-1.jpg\",\"contentUrl\":\"https:\/\/d2p6e6u75xmxt8.cloudfront.net\/5\/2021\/11\/Peloton-profimedia-0557783239-CVR-1024x450-1.jpg\",\"width\":1024,\"height\":450},{\"@type\":\"BreadcrumbList\",\"@id\":\"https:\/\/www.welovecycling.com\/pl\/2021\/11\/29\/tour-de-pologne-odkrywa-karty\/#breadcrumb\",\"itemListElement\":[{\"@type\":\"ListItem\",\"position\":1,\"name\":\"Home\",\"item\":\"https:\/\/www.welovecycling.com\/pl\/\"},{\"@type\":\"ListItem\",\"position\":2,\"name\":\"Tour de Pologne odkrywa karty!\"}]},{\"@type\":\"WebSite\",\"@id\":\"https:\/\/www.welovecycling.com\/pl\/#website\",\"url\":\"https:\/\/www.welovecycling.com\/pl\/\",\"name\":\"\u0160koda We Love Cycling - Poland\",\"description\":\"\",\"potentialAction\":[{\"@type\":\"SearchAction\",\"target\":{\"@type\":\"EntryPoint\",\"urlTemplate\":\"https:\/\/www.welovecycling.com\/pl\/?s={search_term_string}\"},\"query-input\":{\"@type\":\"PropertyValueSpecification\",\"valueRequired\":true,\"valueName\":\"search_term_string\"}}],\"inLanguage\":\"pl-PL\"},{\"@type\":\"Person\",\"@id\":\"https:\/\/www.welovecycling.com\/pl\/#\/schema\/person\/bf06ed916a1ef16618807fb60d2ebe42\",\"name\":\"rafal\",\"image\":{\"@type\":\"ImageObject\",\"inLanguage\":\"pl-PL\",\"@id\":\"https:\/\/www.welovecycling.com\/pl\/#\/schema\/person\/image\/\",\"url\":\"https:\/\/secure.gravatar.com\/avatar\/203f240e63bee214f6f3a0dacbeb600c7829c09716c2b9ee3230c6961debcde2?s=96&d=mm&r=g\",\"contentUrl\":\"https:\/\/secure.gravatar.com\/avatar\/203f240e63bee214f6f3a0dacbeb600c7829c09716c2b9ee3230c6961debcde2?s=96&d=mm&r=g\",\"caption\":\"rafal\"},\"url\":\"https:\/\/www.welovecycling.com\/pl\/author\/rafal\/\"}]}<\/script>\n<!-- \/ Yoast SEO Premium plugin. -->","yoast_head_json":{"title":"Tour de Pologne odkrywa karty! - \u0160koda We Love Cycling - Poland","robots":{"index":"index","follow":"follow","max-snippet":"max-snippet:-1","max-image-preview":"max-image-preview:large","max-video-preview":"max-video-preview:-1"},"canonical":"https:\/\/www.welovecycling.com\/pl\/2021\/11\/29\/tour-de-pologne-odkrywa-karty\/","og_locale":"pl_PL","og_type":"article","og_title":"Tour de Pologne odkrywa karty!","og_description":"Z bardzo du\u017cym wyprzedzeniem poznali\u015bmy tras\u0119 przysz\u0142orocznej edycji naszego narodowego touru. Ma to liczne plusy i na pewno jest du\u017cym [&hellip;]","og_url":"https:\/\/www.welovecycling.com\/pl\/2021\/11\/29\/tour-de-pologne-odkrywa-karty\/","og_site_name":"\u0160koda We Love Cycling - Poland","article_published_time":"2021-11-29T17:09:10+00:00","og_image":[{"width":1024,"height":450,"url":"https:\/\/d2p6e6u75xmxt8.cloudfront.net\/5\/2021\/11\/Peloton-profimedia-0557783239-CVR-1024x450-1.jpg","type":"image\/jpeg"}],"author":"rafal","twitter_card":"summary_large_image","twitter_misc":{"Written by":"Bartosz Huzarski","Est. reading time":"7 minutes"},"schema":{"@context":"https:\/\/schema.org","@graph":[{"@type":"WebPage","@id":"https:\/\/www.welovecycling.com\/pl\/2021\/11\/29\/tour-de-pologne-odkrywa-karty\/","url":"https:\/\/www.welovecycling.com\/pl\/2021\/11\/29\/tour-de-pologne-odkrywa-karty\/","name":"Tour de Pologne odkrywa karty! - \u0160koda We Love Cycling - Poland","isPartOf":{"@id":"https:\/\/www.welovecycling.com\/pl\/#website"},"primaryImageOfPage":{"@id":"https:\/\/www.welovecycling.com\/pl\/2021\/11\/29\/tour-de-pologne-odkrywa-karty\/#primaryimage"},"image":{"@id":"https:\/\/www.welovecycling.com\/pl\/2021\/11\/29\/tour-de-pologne-odkrywa-karty\/#primaryimage"},"thumbnailUrl":"https:\/\/d2p6e6u75xmxt8.cloudfront.net\/5\/2021\/11\/Peloton-profimedia-0557783239-CVR-1024x450-1.jpg","datePublished":"2021-11-29T17:09:10+00:00","author":{"@id":"https:\/\/www.welovecycling.com\/pl\/#\/schema\/person\/bf06ed916a1ef16618807fb60d2ebe42"},"breadcrumb":{"@id":"https:\/\/www.welovecycling.com\/pl\/2021\/11\/29\/tour-de-pologne-odkrywa-karty\/#breadcrumb"},"inLanguage":"pl-PL","potentialAction":[{"@type":"ReadAction","target":["https:\/\/www.welovecycling.com\/pl\/2021\/11\/29\/tour-de-pologne-odkrywa-karty\/"]}]},{"@type":"ImageObject","inLanguage":"pl-PL","@id":"https:\/\/www.welovecycling.com\/pl\/2021\/11\/29\/tour-de-pologne-odkrywa-karty\/#primaryimage","url":"https:\/\/d2p6e6u75xmxt8.cloudfront.net\/5\/2021\/11\/Peloton-profimedia-0557783239-CVR-1024x450-1.jpg","contentUrl":"https:\/\/d2p6e6u75xmxt8.cloudfront.net\/5\/2021\/11\/Peloton-profimedia-0557783239-CVR-1024x450-1.jpg","width":1024,"height":450},{"@type":"BreadcrumbList","@id":"https:\/\/www.welovecycling.com\/pl\/2021\/11\/29\/tour-de-pologne-odkrywa-karty\/#breadcrumb","itemListElement":[{"@type":"ListItem","position":1,"name":"Home","item":"https:\/\/www.welovecycling.com\/pl\/"},{"@type":"ListItem","position":2,"name":"Tour de Pologne odkrywa karty!"}]},{"@type":"WebSite","@id":"https:\/\/www.welovecycling.com\/pl\/#website","url":"https:\/\/www.welovecycling.com\/pl\/","name":"\u0160koda We Love Cycling - Poland","description":"","potentialAction":[{"@type":"SearchAction","target":{"@type":"EntryPoint","urlTemplate":"https:\/\/www.welovecycling.com\/pl\/?s={search_term_string}"},"query-input":{"@type":"PropertyValueSpecification","valueRequired":true,"valueName":"search_term_string"}}],"inLanguage":"pl-PL"},{"@type":"Person","@id":"https:\/\/www.welovecycling.com\/pl\/#\/schema\/person\/bf06ed916a1ef16618807fb60d2ebe42","name":"rafal","image":{"@type":"ImageObject","inLanguage":"pl-PL","@id":"https:\/\/www.welovecycling.com\/pl\/#\/schema\/person\/image\/","url":"https:\/\/secure.gravatar.com\/avatar\/203f240e63bee214f6f3a0dacbeb600c7829c09716c2b9ee3230c6961debcde2?s=96&d=mm&r=g","contentUrl":"https:\/\/secure.gravatar.com\/avatar\/203f240e63bee214f6f3a0dacbeb600c7829c09716c2b9ee3230c6961debcde2?s=96&d=mm&r=g","caption":"rafal"},"url":"https:\/\/www.welovecycling.com\/pl\/author\/rafal\/"}]}},"_links":{"self":[{"href":"https:\/\/www.welovecycling.com\/pl\/wp-json\/wp\/v2\/posts\/12381","targetHints":{"allow":["GET"]}}],"collection":[{"href":"https:\/\/www.welovecycling.com\/pl\/wp-json\/wp\/v2\/posts"}],"about":[{"href":"https:\/\/www.welovecycling.com\/pl\/wp-json\/wp\/v2\/types\/post"}],"author":[{"embeddable":true,"href":"https:\/\/www.welovecycling.com\/pl\/wp-json\/wp\/v2\/users\/153"}],"replies":[{"embeddable":true,"href":"https:\/\/www.welovecycling.com\/pl\/wp-json\/wp\/v2\/comments?post=12381"}],"version-history":[{"count":2,"href":"https:\/\/www.welovecycling.com\/pl\/wp-json\/wp\/v2\/posts\/12381\/revisions"}],"predecessor-version":[{"id":12393,"href":"https:\/\/www.welovecycling.com\/pl\/wp-json\/wp\/v2\/posts\/12381\/revisions\/12393"}],"wp:featuredmedia":[{"embeddable":true,"href":"https:\/\/www.welovecycling.com\/pl\/wp-json\/wp\/v2\/media\/12382"}],"wp:attachment":[{"href":"https:\/\/www.welovecycling.com\/pl\/wp-json\/wp\/v2\/media?parent=12381"}],"wp:term":[{"taxonomy":"category","embeddable":true,"href":"https:\/\/www.welovecycling.com\/pl\/wp-json\/wp\/v2\/categories?post=12381"},{"taxonomy":"post_tag","embeddable":true,"href":"https:\/\/www.welovecycling.com\/pl\/wp-json\/wp\/v2\/tags?post=12381"},{"taxonomy":"global-categories","embeddable":true,"href":"https:\/\/www.welovecycling.com\/pl\/wp-json\/wp\/v2\/global-categories?post=12381"}],"curies":[{"name":"wp","href":"https:\/\/api.w.org\/{rel}","templated":true}]}}