{"id":12373,"date":"2021-11-26T14:48:15","date_gmt":"2021-11-26T14:48:15","guid":{"rendered":"https:\/\/www.welovecycling.com\/pl\/?p=12373"},"modified":"2021-11-26T14:48:15","modified_gmt":"2021-11-26T14:48:15","slug":"kosmiczny-wyczyn-przejechal-1000-km-w-24-godziny-przy-okazji-pobil-12-rekordow-swiata","status":"publish","type":"post","link":"https:\/\/www.welovecycling.com\/pl\/2021\/11\/26\/kosmiczny-wyczyn-przejechal-1000-km-w-24-godziny-przy-okazji-pobil-12-rekordow-swiata\/","title":{"rendered":"Kosmiczny wyczyn! Przejecha\u0142 1000 km w 24 godziny, przy okazji pobi\u0142 12 rekord\u00f3w \u015bwiata."},"content":{"rendered":"<p><strong>Setki kilometr\u00f3w w kilka godzin, kr\u00f3tka drzemka, co\u015b na z\u0105b i zn\u00f3w to samo. Niekt\u00f3rym zawodnikom zwyk\u0142e przeja\u017cd\u017cki i wy\u015bcigi ju\u017c nie wystarczaj\u0105. Oni chc\u0105 d\u0142u\u017cej, dalej, wi\u0119cej\u2026 Poznajcie rowerzyst\u00f3w, kt\u00f3rzy zostali stworzeni do morderczych przejazd\u00f3w.<\/strong><\/p>\n<p>Jedni na rowerze je\u017cd\u017c\u0105 bardzo szybko i ch\u0119tnie staj\u0105 na starcie tzw. czas\u00f3wek. Inni je\u017cd\u017c\u0105 wszechstronnie, dzi\u0119ki czemu specjalizuj\u0105 si\u0119 w wy\u015bcigach wieloetapowych, lub s\u0105 piekielnie wytrzymali, wi\u0119c decyduj\u0105 si\u0119 na mordercz\u0105 jazd\u0119 w g\u00f3rach. S\u0105 te\u017c jednak tacy, kt\u00f3rzy potrafi\u0105 je\u017adzi\u0107 i szybko, i d\u0142ugo. I to w\u0142a\u015bnie oni bij\u0105 rekordy w tzw. maratonach rowerowych.<\/p>\n<h2><strong>Nie spa\u0142 przez 24 godziny<\/strong><\/h2>\n<p>W lipcu Przemys\u0142aw Janus postanowi\u0142 pobi\u0107 rekord Polski w dystansie przejechanym w ci\u0105gu 24 godzin rowerem MTB. Trenowa\u0142, wytycza\u0142 tras\u0119, przygotowywa\u0142 strategi\u0119, a\u017c w ko\u0144cu stawi\u0142 czo\u0142a wyzwaniu. 10 lipca wystartowa\u0142 z Nowej Brze\u017anicy (wojew\u00f3dztwo \u0142\u00f3dzkie) i na dobre zatrzyma\u0142 si\u0119 dopiero po przejechaniu 410 km i 350 metr\u00f3w, co zaj\u0119\u0142o mu 22 godziny, 40 minut i 12 sekund. \u201ePrzez ca\u0142\u0105 pr\u00f3b\u0119 pan Przemys\u0142aw nie k\u0142ad\u0142 si\u0119 spa\u0107. Robi\u0142 sobie tylko maksymalnie 30-minutowe przerwy na odpoczynek\u201d \u2013 relacjonuje strona BiuroRekord\u00f3w.pl.<\/p>\n<h2><strong>Ultramarato\u0144czyk wchodzi do gry<\/strong><\/h2>\n<p>11 wrze\u015bnia za bicie rekordu Polski w je\u017adzie 24-godzinnej wzi\u0105\u0142 si\u0119 ultramarato\u0144czyk Pawe\u0142 Mi\u0142kowski. Wielokrotnie pokonywa\u0142 38-kilometrow\u0105 p\u0119tl\u0119 i zatrzyma\u0142 si\u0119 dopiero dob\u0119 p\u00f3\u017aniej, gdy licznik pokazywa\u0142\u2026 822 km i 642 m! Wynik imponuj\u0105cy i daj\u0105cy rekord Polsce. Jak si\u0119 jednak okazuje, jest to dystans gorszy od rekordu \u015bwiata o ponad\u2026 200 km. Austriak Christoph Strasser w lipcu zosta\u0142 pierwszym cz\u0142owiekiem na \u015bwiecie, kt\u00f3ry w dob\u0119 z\u0142ama\u0142 barier\u0119 1000 km, a mianowicie przejecha\u0142 1026 km!<\/p>\n<p>https:\/\/www.facebook.com\/permalink.php?story_fbid=4357402400983462&#038;id=124593084264436<\/p>\n<p>Strasser jecha\u0142 ze \u015bredni\u0105 pr\u0119dko\u015bci\u0105 43 km\/h, a jego ekipa utrzymuje, \u017ce po drodze pobi\u0142 jeszcze 11 innych rekord\u00f3w \u015bwiata (na 100, 200, 300, 500 i 1000 kilometr\u00f3w, 100, 200, 300 i 500 mil, a tak\u017ce w je\u017adzie w 6, 12 i 24 h).<\/p>\n<p>https:\/\/www.instagram.com\/p\/CJ6lLg3HCQX\/?utm_source=ig_web_copy_link<\/p>\n<h2><strong>Kilka ekstremalnych rekord\u00f3w<\/strong><\/h2>\n<p>Par\u0119 podobnych rekord\u00f3w ma na koncie Valerjan Romanovski, kt\u00f3ry urodzi\u0142 si\u0119 i wychowa\u0142 na Wile\u0144szczy\u017anie, a w Polsce mieszka od ponad 25 lat. W 2017 r. pobi\u0142 rekord Guinnessa w 12-godzinnej je\u017adzie, cho\u0107 pierwsze podej\u015bcie mia\u0142 nieudane. Do historii chcia\u0142 przej\u015b\u0107 ju\u017c dwa lata wcze\u015bniej, ale po sze\u015bciu godzinach walki z dystansem i samym sob\u0105, dosz\u0142a jeszcze nier\u00f3wna walka z pogod\u0105. Burza sprawi\u0142a, \u017ce Romanovski musia\u0142 przerwa\u0107 pr\u00f3b\u0119. W ko\u0144cu jednak mu si\u0119 uda\u0142o \u2013 w 2017 r. w pa\u0142acu w Kurozw\u0119kach, na trasie prze\u0142ajowej, w p\u00f3\u0142 doby przejecha\u0142 314,65 km.<\/p>\n<p>https:\/\/www.facebook.com\/photo.php?fbid=3340979055923059&#038;set=pb.100000329934034.-2207520000..&#038;type=3<\/p>\n<p>To by\u0142 jeden z wielu rowerowych rekord\u00f3w Romanovskiego. Niekt\u00f3re te pr\u00f3by nale\u017c\u0105 do do\u015b\u0107 ekstremalnych, jak np. bicie rekordu \u201eNajwi\u0119ksze przewy\u017cszenie w je\u017adzie na rowerze przez 12 h\u201d lub \u201eRekord Guinnessa w 24-godzinnej je\u017adzie rowerem stacjonarnym z najwy\u017csz\u0105 r\u00f3\u017cnic\u0105 temperatur 245\u2070C, od -170\u2070C do +75\u2070C\u201d.<\/p>\n<h2><strong>Skoro da\u0142 s\u0142owo\u2026<\/strong><\/h2>\n<p>Za d\u0142ugimi i m\u0119cz\u0105cymi przejazdami nie zawsze jednak stoi ch\u0119\u0107 przej\u015bcia do historii. Czasem stawka jest du\u017co wi\u0119ksza, a mianowicie\u2026 honor. Alberto Contador po wygranej etapu Giro d\u2019Italia przez swojego podopiecznego \u2013 Lorenza Fortunata \u2013 da\u0142 s\u0142owo, \u017ce przejedzie rowerem z Madrytu do Mediolanu.<\/p>\n<p>Kilka tygodni p\u00f3\u017aniej dwukrotny zwyci\u0119zca Tour de France zebra\u0142 grup\u0119 \u015bmia\u0142k\u00f3w, wsiad\u0142 na rower i wystartowa\u0142. \u201eDzisiaj by\u0142 jeden z najpi\u0119kniejszych dni, jakie sp\u0119dzi\u0142em na rowerze. Pi\u0119kny etap prze\u017cyty w gronie znajomych\u201d \u2013 pisa\u0142 Contador po pierwszym dniu.<\/p>\n<p>https:\/\/www.instagram.com\/p\/CTxhObFMvrw\/?utm_source=ig_web_copy_link<\/p>\n<p>Niespe\u0142na tydzie\u0144 p\u00f3\u017aniej \u2013 po przejechaniu ponad 1600 km \u2013 grupa zameldowa\u0142a si\u0119 w Mediolanie. \u201eTo by\u0142o niesamowite do\u015bwiadczenie. Czuj\u0119, jakby\u015bmy wyjechali z Madrytu miesi\u0105c temu, a min\u0119\u0142o dopiero sze\u015b\u0107 dni. Sze\u015b\u0107 dni, kt\u00f3re sp\u0119dzili\u015bmy z pozytywnym nastawieniem!\u201d \u2013 napisa\u0142 Contador.<\/p>\n<p>https:\/\/www.instagram.com\/p\/CT-FHb2M0QS\/?utm_source=ig_web_copy_link<\/p>\n<p>Jedno jest pewne \u2013 \u015bwiat kolarstwa w sprawie rekord\u00f3w nie powiedzia\u0142 jeszcze ostatniego s\u0142owa, a ka\u017cde kolejne osi\u0105gni\u0119cie przesuwa granic\u0119 wytrzyma\u0142o\u015bci pasjonat\u00f3w rower\u00f3w.<\/p>\n<p><span data-sheets-value=\"{&quot;1&quot;:2,&quot;2&quot;:&quot;Artyku\u0142 powsta\u0142 we wsp\u00f3\u0142pracy ze skoda-auto.pl&quot;}\" data-sheets-userformat=\"{&quot;2&quot;:1,&quot;3&quot;:{&quot;1&quot;:0}}\" data-sheets-hyperlink=\"http:\/\/www.skoda-auto.pl\/\"><a class=\"in-cell-link\" href=\"http:\/\/www.skoda-auto.pl\/\" target=\"_blank\" rel=\"noopener noreferrer\">Artyku\u0142 powsta\u0142 we wsp\u00f3\u0142pracy ze skoda-auto.pl<\/a><\/span><\/p>\n<p><a href=\"https:\/\/www.skoda-auto.pl\/modele\/nowa-octavia\"><img loading=\"lazy\" decoding=\"async\" class=\"alignnone size-full wp-image-11630 aligncenter\" src=\"https:\/\/d2p6e6u75xmxt8.cloudfront.net\/5\/2021\/12\/640x350-1.jpg\" alt=\"\" width=\"640\" height=\"350\" srcset=\"https:\/\/d2p6e6u75xmxt8.cloudfront.net\/5\/2021\/12\/640x350-1.jpg 640w, https:\/\/d2p6e6u75xmxt8.cloudfront.net\/5\/2021\/12\/640x350-1-300x164.jpg 300w\" sizes=\"auto, (max-width: 640px) 100vw, 640px\" \/><\/a><\/p>\n","protected":false},"excerpt":{"rendered":"<p>Setki kilometr\u00f3w w kilka godzin, kr\u00f3tka drzemka, co\u015b na z\u0105b i zn\u00f3w to samo. Niekt\u00f3rym zawodnikom zwyk\u0142e przeja\u017cd\u017cki i wy\u015bcigi [&hellip;]<\/p>\n","protected":false},"author":153,"featured_media":12379,"comment_status":"open","ping_status":"open","sticky":false,"template":"","format":"standard","meta":{"footnotes":""},"categories":[6],"tags":[362],"global-categories":[303],"class_list":["post-12373","post","type-post","status-publish","format-standard","has-post-thumbnail","hentry","category-kolarstwo-szosowe","tag-piotr-nowik","global-categories-cycling"],"yoast_head":"<!-- This site is optimized with the Yoast SEO Premium plugin v25.3 (Yoast SEO v25.9) - https:\/\/yoast.com\/wordpress\/plugins\/seo\/ -->\n<title>Kosmiczny wyczyn! Przejecha\u0142 1000 km w 24 godziny, przy okazji pobi\u0142 12 rekord\u00f3w \u015bwiata. - \u0160koda We Love Cycling - Poland<\/title>\n<meta name=\"robots\" content=\"index, follow, max-snippet:-1, max-image-preview:large, max-video-preview:-1\" \/>\n<link rel=\"canonical\" href=\"https:\/\/www.welovecycling.com\/pl\/2021\/11\/26\/kosmiczny-wyczyn-przejechal-1000-km-w-24-godziny-przy-okazji-pobil-12-rekordow-swiata\/\" \/>\n<meta property=\"og:locale\" content=\"pl_PL\" \/>\n<meta property=\"og:type\" content=\"article\" \/>\n<meta property=\"og:title\" content=\"Kosmiczny wyczyn! Przejecha\u0142 1000 km w 24 godziny, przy okazji pobi\u0142 12 rekord\u00f3w \u015bwiata.\" \/>\n<meta property=\"og:description\" content=\"Setki kilometr\u00f3w w kilka godzin, kr\u00f3tka drzemka, co\u015b na z\u0105b i zn\u00f3w to samo. Niekt\u00f3rym zawodnikom zwyk\u0142e przeja\u017cd\u017cki i wy\u015bcigi [&hellip;]\" \/>\n<meta property=\"og:url\" content=\"https:\/\/www.welovecycling.com\/pl\/2021\/11\/26\/kosmiczny-wyczyn-przejechal-1000-km-w-24-godziny-przy-okazji-pobil-12-rekordow-swiata\/\" \/>\n<meta property=\"og:site_name\" content=\"\u0160koda We Love Cycling - Poland\" \/>\n<meta property=\"article:published_time\" content=\"2021-11-26T14:48:15+00:00\" \/>\n<meta property=\"og:image\" content=\"https:\/\/d2p6e6u75xmxt8.cloudfront.net\/5\/2022\/12\/Pogacar-Tour-profimedia-0620910527-CVR-1024x450-1.jpg\" \/>\n\t<meta property=\"og:image:width\" content=\"1024\" \/>\n\t<meta property=\"og:image:height\" content=\"450\" \/>\n\t<meta property=\"og:image:type\" content=\"image\/jpeg\" \/>\n<meta name=\"author\" content=\"rafal\" \/>\n<meta name=\"twitter:card\" content=\"summary_large_image\" \/>\n<meta name=\"twitter:label1\" content=\"Written by\" \/>\n\t<meta name=\"twitter:data1\" content=\"Piotr Nowik\" \/>\n\t<meta name=\"twitter:label2\" content=\"Est. reading time\" \/>\n\t<meta name=\"twitter:data2\" content=\"4 minutes\" \/>\n<script type=\"application\/ld+json\" class=\"yoast-schema-graph\">{\"@context\":\"https:\/\/schema.org\",\"@graph\":[{\"@type\":\"WebPage\",\"@id\":\"https:\/\/www.welovecycling.com\/pl\/2021\/11\/26\/kosmiczny-wyczyn-przejechal-1000-km-w-24-godziny-przy-okazji-pobil-12-rekordow-swiata\/\",\"url\":\"https:\/\/www.welovecycling.com\/pl\/2021\/11\/26\/kosmiczny-wyczyn-przejechal-1000-km-w-24-godziny-przy-okazji-pobil-12-rekordow-swiata\/\",\"name\":\"Kosmiczny wyczyn! Przejecha\u0142 1000 km w 24 godziny, przy okazji pobi\u0142 12 rekord\u00f3w \u015bwiata. - \u0160koda We Love Cycling - Poland\",\"isPartOf\":{\"@id\":\"https:\/\/www.welovecycling.com\/pl\/#website\"},\"primaryImageOfPage\":{\"@id\":\"https:\/\/www.welovecycling.com\/pl\/2021\/11\/26\/kosmiczny-wyczyn-przejechal-1000-km-w-24-godziny-przy-okazji-pobil-12-rekordow-swiata\/#primaryimage\"},\"image\":{\"@id\":\"https:\/\/www.welovecycling.com\/pl\/2021\/11\/26\/kosmiczny-wyczyn-przejechal-1000-km-w-24-godziny-przy-okazji-pobil-12-rekordow-swiata\/#primaryimage\"},\"thumbnailUrl\":\"https:\/\/d2p6e6u75xmxt8.cloudfront.net\/5\/2022\/12\/Pogacar-Tour-profimedia-0620910527-CVR-1024x450-1.jpg\",\"datePublished\":\"2021-11-26T14:48:15+00:00\",\"author\":{\"@id\":\"https:\/\/www.welovecycling.com\/pl\/#\/schema\/person\/bf06ed916a1ef16618807fb60d2ebe42\"},\"breadcrumb\":{\"@id\":\"https:\/\/www.welovecycling.com\/pl\/2021\/11\/26\/kosmiczny-wyczyn-przejechal-1000-km-w-24-godziny-przy-okazji-pobil-12-rekordow-swiata\/#breadcrumb\"},\"inLanguage\":\"pl-PL\",\"potentialAction\":[{\"@type\":\"ReadAction\",\"target\":[\"https:\/\/www.welovecycling.com\/pl\/2021\/11\/26\/kosmiczny-wyczyn-przejechal-1000-km-w-24-godziny-przy-okazji-pobil-12-rekordow-swiata\/\"]}]},{\"@type\":\"ImageObject\",\"inLanguage\":\"pl-PL\",\"@id\":\"https:\/\/www.welovecycling.com\/pl\/2021\/11\/26\/kosmiczny-wyczyn-przejechal-1000-km-w-24-godziny-przy-okazji-pobil-12-rekordow-swiata\/#primaryimage\",\"url\":\"https:\/\/d2p6e6u75xmxt8.cloudfront.net\/5\/2022\/12\/Pogacar-Tour-profimedia-0620910527-CVR-1024x450-1.jpg\",\"contentUrl\":\"https:\/\/d2p6e6u75xmxt8.cloudfront.net\/5\/2022\/12\/Pogacar-Tour-profimedia-0620910527-CVR-1024x450-1.jpg\",\"width\":1024,\"height\":450},{\"@type\":\"BreadcrumbList\",\"@id\":\"https:\/\/www.welovecycling.com\/pl\/2021\/11\/26\/kosmiczny-wyczyn-przejechal-1000-km-w-24-godziny-przy-okazji-pobil-12-rekordow-swiata\/#breadcrumb\",\"itemListElement\":[{\"@type\":\"ListItem\",\"position\":1,\"name\":\"Home\",\"item\":\"https:\/\/www.welovecycling.com\/pl\/\"},{\"@type\":\"ListItem\",\"position\":2,\"name\":\"Kosmiczny wyczyn! Przejecha\u0142 1000 km w 24 godziny, przy okazji pobi\u0142 12 rekord\u00f3w \u015bwiata.\"}]},{\"@type\":\"WebSite\",\"@id\":\"https:\/\/www.welovecycling.com\/pl\/#website\",\"url\":\"https:\/\/www.welovecycling.com\/pl\/\",\"name\":\"\u0160koda We Love Cycling - Poland\",\"description\":\"\",\"potentialAction\":[{\"@type\":\"SearchAction\",\"target\":{\"@type\":\"EntryPoint\",\"urlTemplate\":\"https:\/\/www.welovecycling.com\/pl\/?s={search_term_string}\"},\"query-input\":{\"@type\":\"PropertyValueSpecification\",\"valueRequired\":true,\"valueName\":\"search_term_string\"}}],\"inLanguage\":\"pl-PL\"},{\"@type\":\"Person\",\"@id\":\"https:\/\/www.welovecycling.com\/pl\/#\/schema\/person\/bf06ed916a1ef16618807fb60d2ebe42\",\"name\":\"rafal\",\"image\":{\"@type\":\"ImageObject\",\"inLanguage\":\"pl-PL\",\"@id\":\"https:\/\/www.welovecycling.com\/pl\/#\/schema\/person\/image\/\",\"url\":\"https:\/\/secure.gravatar.com\/avatar\/203f240e63bee214f6f3a0dacbeb600c7829c09716c2b9ee3230c6961debcde2?s=96&d=mm&r=g\",\"contentUrl\":\"https:\/\/secure.gravatar.com\/avatar\/203f240e63bee214f6f3a0dacbeb600c7829c09716c2b9ee3230c6961debcde2?s=96&d=mm&r=g\",\"caption\":\"rafal\"},\"url\":\"https:\/\/www.welovecycling.com\/pl\/author\/rafal\/\"}]}<\/script>\n<!-- \/ Yoast SEO Premium plugin. -->","yoast_head_json":{"title":"Kosmiczny wyczyn! Przejecha\u0142 1000 km w 24 godziny, przy okazji pobi\u0142 12 rekord\u00f3w \u015bwiata. - \u0160koda We Love Cycling - Poland","robots":{"index":"index","follow":"follow","max-snippet":"max-snippet:-1","max-image-preview":"max-image-preview:large","max-video-preview":"max-video-preview:-1"},"canonical":"https:\/\/www.welovecycling.com\/pl\/2021\/11\/26\/kosmiczny-wyczyn-przejechal-1000-km-w-24-godziny-przy-okazji-pobil-12-rekordow-swiata\/","og_locale":"pl_PL","og_type":"article","og_title":"Kosmiczny wyczyn! Przejecha\u0142 1000 km w 24 godziny, przy okazji pobi\u0142 12 rekord\u00f3w \u015bwiata.","og_description":"Setki kilometr\u00f3w w kilka godzin, kr\u00f3tka drzemka, co\u015b na z\u0105b i zn\u00f3w to samo. Niekt\u00f3rym zawodnikom zwyk\u0142e przeja\u017cd\u017cki i wy\u015bcigi [&hellip;]","og_url":"https:\/\/www.welovecycling.com\/pl\/2021\/11\/26\/kosmiczny-wyczyn-przejechal-1000-km-w-24-godziny-przy-okazji-pobil-12-rekordow-swiata\/","og_site_name":"\u0160koda We Love Cycling - Poland","article_published_time":"2021-11-26T14:48:15+00:00","og_image":[{"width":1024,"height":450,"url":"https:\/\/d2p6e6u75xmxt8.cloudfront.net\/5\/2022\/12\/Pogacar-Tour-profimedia-0620910527-CVR-1024x450-1.jpg","type":"image\/jpeg"}],"author":"rafal","twitter_card":"summary_large_image","twitter_misc":{"Written by":"Piotr Nowik","Est. reading time":"4 minutes"},"schema":{"@context":"https:\/\/schema.org","@graph":[{"@type":"WebPage","@id":"https:\/\/www.welovecycling.com\/pl\/2021\/11\/26\/kosmiczny-wyczyn-przejechal-1000-km-w-24-godziny-przy-okazji-pobil-12-rekordow-swiata\/","url":"https:\/\/www.welovecycling.com\/pl\/2021\/11\/26\/kosmiczny-wyczyn-przejechal-1000-km-w-24-godziny-przy-okazji-pobil-12-rekordow-swiata\/","name":"Kosmiczny wyczyn! Przejecha\u0142 1000 km w 24 godziny, przy okazji pobi\u0142 12 rekord\u00f3w \u015bwiata. - \u0160koda We Love Cycling - Poland","isPartOf":{"@id":"https:\/\/www.welovecycling.com\/pl\/#website"},"primaryImageOfPage":{"@id":"https:\/\/www.welovecycling.com\/pl\/2021\/11\/26\/kosmiczny-wyczyn-przejechal-1000-km-w-24-godziny-przy-okazji-pobil-12-rekordow-swiata\/#primaryimage"},"image":{"@id":"https:\/\/www.welovecycling.com\/pl\/2021\/11\/26\/kosmiczny-wyczyn-przejechal-1000-km-w-24-godziny-przy-okazji-pobil-12-rekordow-swiata\/#primaryimage"},"thumbnailUrl":"https:\/\/d2p6e6u75xmxt8.cloudfront.net\/5\/2022\/12\/Pogacar-Tour-profimedia-0620910527-CVR-1024x450-1.jpg","datePublished":"2021-11-26T14:48:15+00:00","author":{"@id":"https:\/\/www.welovecycling.com\/pl\/#\/schema\/person\/bf06ed916a1ef16618807fb60d2ebe42"},"breadcrumb":{"@id":"https:\/\/www.welovecycling.com\/pl\/2021\/11\/26\/kosmiczny-wyczyn-przejechal-1000-km-w-24-godziny-przy-okazji-pobil-12-rekordow-swiata\/#breadcrumb"},"inLanguage":"pl-PL","potentialAction":[{"@type":"ReadAction","target":["https:\/\/www.welovecycling.com\/pl\/2021\/11\/26\/kosmiczny-wyczyn-przejechal-1000-km-w-24-godziny-przy-okazji-pobil-12-rekordow-swiata\/"]}]},{"@type":"ImageObject","inLanguage":"pl-PL","@id":"https:\/\/www.welovecycling.com\/pl\/2021\/11\/26\/kosmiczny-wyczyn-przejechal-1000-km-w-24-godziny-przy-okazji-pobil-12-rekordow-swiata\/#primaryimage","url":"https:\/\/d2p6e6u75xmxt8.cloudfront.net\/5\/2022\/12\/Pogacar-Tour-profimedia-0620910527-CVR-1024x450-1.jpg","contentUrl":"https:\/\/d2p6e6u75xmxt8.cloudfront.net\/5\/2022\/12\/Pogacar-Tour-profimedia-0620910527-CVR-1024x450-1.jpg","width":1024,"height":450},{"@type":"BreadcrumbList","@id":"https:\/\/www.welovecycling.com\/pl\/2021\/11\/26\/kosmiczny-wyczyn-przejechal-1000-km-w-24-godziny-przy-okazji-pobil-12-rekordow-swiata\/#breadcrumb","itemListElement":[{"@type":"ListItem","position":1,"name":"Home","item":"https:\/\/www.welovecycling.com\/pl\/"},{"@type":"ListItem","position":2,"name":"Kosmiczny wyczyn! Przejecha\u0142 1000 km w 24 godziny, przy okazji pobi\u0142 12 rekord\u00f3w \u015bwiata."}]},{"@type":"WebSite","@id":"https:\/\/www.welovecycling.com\/pl\/#website","url":"https:\/\/www.welovecycling.com\/pl\/","name":"\u0160koda We Love Cycling - Poland","description":"","potentialAction":[{"@type":"SearchAction","target":{"@type":"EntryPoint","urlTemplate":"https:\/\/www.welovecycling.com\/pl\/?s={search_term_string}"},"query-input":{"@type":"PropertyValueSpecification","valueRequired":true,"valueName":"search_term_string"}}],"inLanguage":"pl-PL"},{"@type":"Person","@id":"https:\/\/www.welovecycling.com\/pl\/#\/schema\/person\/bf06ed916a1ef16618807fb60d2ebe42","name":"rafal","image":{"@type":"ImageObject","inLanguage":"pl-PL","@id":"https:\/\/www.welovecycling.com\/pl\/#\/schema\/person\/image\/","url":"https:\/\/secure.gravatar.com\/avatar\/203f240e63bee214f6f3a0dacbeb600c7829c09716c2b9ee3230c6961debcde2?s=96&d=mm&r=g","contentUrl":"https:\/\/secure.gravatar.com\/avatar\/203f240e63bee214f6f3a0dacbeb600c7829c09716c2b9ee3230c6961debcde2?s=96&d=mm&r=g","caption":"rafal"},"url":"https:\/\/www.welovecycling.com\/pl\/author\/rafal\/"}]}},"_links":{"self":[{"href":"https:\/\/www.welovecycling.com\/pl\/wp-json\/wp\/v2\/posts\/12373","targetHints":{"allow":["GET"]}}],"collection":[{"href":"https:\/\/www.welovecycling.com\/pl\/wp-json\/wp\/v2\/posts"}],"about":[{"href":"https:\/\/www.welovecycling.com\/pl\/wp-json\/wp\/v2\/types\/post"}],"author":[{"embeddable":true,"href":"https:\/\/www.welovecycling.com\/pl\/wp-json\/wp\/v2\/users\/153"}],"replies":[{"embeddable":true,"href":"https:\/\/www.welovecycling.com\/pl\/wp-json\/wp\/v2\/comments?post=12373"}],"version-history":[{"count":1,"href":"https:\/\/www.welovecycling.com\/pl\/wp-json\/wp\/v2\/posts\/12373\/revisions"}],"predecessor-version":[{"id":12380,"href":"https:\/\/www.welovecycling.com\/pl\/wp-json\/wp\/v2\/posts\/12373\/revisions\/12380"}],"wp:featuredmedia":[{"embeddable":true,"href":"https:\/\/www.welovecycling.com\/pl\/wp-json\/wp\/v2\/media\/12379"}],"wp:attachment":[{"href":"https:\/\/www.welovecycling.com\/pl\/wp-json\/wp\/v2\/media?parent=12373"}],"wp:term":[{"taxonomy":"category","embeddable":true,"href":"https:\/\/www.welovecycling.com\/pl\/wp-json\/wp\/v2\/categories?post=12373"},{"taxonomy":"post_tag","embeddable":true,"href":"https:\/\/www.welovecycling.com\/pl\/wp-json\/wp\/v2\/tags?post=12373"},{"taxonomy":"global-categories","embeddable":true,"href":"https:\/\/www.welovecycling.com\/pl\/wp-json\/wp\/v2\/global-categories?post=12373"}],"curies":[{"name":"wp","href":"https:\/\/api.w.org\/{rel}","templated":true}]}}