{"id":12356,"date":"2021-11-24T16:17:38","date_gmt":"2021-11-24T16:17:38","guid":{"rendered":"https:\/\/www.welovecycling.com\/pl\/?p=12356"},"modified":"2021-11-24T16:17:38","modified_gmt":"2021-11-24T16:17:38","slug":"wsiasc-w-bolid-poskromic-krokodyla-przebiec-maraton-co-kolarze-robia-miedzy-sezonami","status":"publish","type":"post","link":"https:\/\/www.welovecycling.com\/pl\/2021\/11\/24\/wsiasc-w-bolid-poskromic-krokodyla-przebiec-maraton-co-kolarze-robia-miedzy-sezonami\/","title":{"rendered":"Wsi\u0105\u015b\u0107 w bolid, poskromi\u0107 krokodyla, przebiec maraton. Co kolarze robi\u0105 mi\u0119dzy sezonami?"},"content":{"rendered":"<p><strong>Jedni o rowerze pr\u00f3buj\u0105 zapomnie\u0107, inni nie wyobra\u017caj\u0105 sobie bez niego cho\u0107by dnia. Kolarze odpoczywaj\u0105 po ci\u0119\u017ckim sezonie, ale niekt\u00f3rzy na brak adrenaliny nie mog\u0105 narzeka\u0107.<\/strong><\/p>\n<p>Mordercze treningi, rywalizacja na ka\u017cdym kilometrze, walka nawet o centymetr i\u2026 jeszcze im ma\u0142o? Sprawdzili\u015bmy, co po sezonie robi\u0105 zawodowi kolarze, i trzeba przyzna\u0107, \u017ce na nud\u0119 nie mog\u0105 narzeka\u0107.<\/p>\n<h2><strong>Nie pij kawy, bo ci rower ukradn\u0105<\/strong><\/h2>\n<p>Jednym z tych, kt\u00f3rzy najedli si\u0119 strachu, jest Geraint Thomas, zwyci\u0119zca Tour de France z 2018 roku. Zawodnik Ineos Grenadiers wybra\u0142 si\u0119 na trening po francuskich bezdro\u017cach, ale w pewnym momencie postanowi\u0142 zrobi\u0107 przerw\u0119 na kaw\u0119. Wypicie ma\u0142ej czarnej nie trwa\u0142o d\u0142ugo, ale wystarczaj\u0105co dla\u2026 z\u0142odziei.<\/p>\n<p>\u201eCudowna jazda. Cudowny przystanek na kaw\u0119 w Menton. Szkoda tylko, \u017ce kto\u015b ukrad\u0142 mi rower. Teraz jestem w drodze do domu Uberem. Rower to Dogma F z naklejkami F12. Losowo dopasowane felgi, kt\u00f3re wymagaj\u0105 umycia\u201d \u2013 opisywa\u0142 sw\u00f3j rower Thomas.<\/p>\n<div class=\"embed-controller-wrapper\">\n<blockquote class=\"twitter-tweet\" data-width=\"500\" data-dnt=\"true\">\n<p lang=\"en\" dir=\"ltr\">Lovely ride. Lovely coffee stop in Menton. Except someone nicked my bike \ud83e\udd26\u200d\u2642\ufe0f Now in an Uber home. It\u2019s a Dogma F with F12 stickers. Random miss matched wheels and in need of a wash <a href=\"https:\/\/twitter.com\/hashtag\/oneofakind?src=hash&amp;ref_src=twsrc%5Etfw\">#oneofakind<\/a> <a href=\"https:\/\/t.co\/ipBfMIJ9nF\">pic.twitter.com\/ipBfMIJ9nF<\/a><\/p>\n<p>&mdash; Geraint Thomas (@GeraintThomas86) <a href=\"https:\/\/twitter.com\/GeraintThomas86\/status\/1459891263633870859?ref_src=twsrc%5Etfw\">November 14, 2021<\/a><\/p><\/blockquote>\n<p><script async data-src=\"https:\/\/platform.twitter.com\/widgets.js\" charset=\"utf-8\"><\/script><\/div>\n<p>Zguba Walijczyka postawi\u0142a na nogi francusk\u0105 policj\u0119 i nie min\u0119\u0142o kilka godzin, a ukochany rower zn\u00f3w by\u0142 u swojego w\u0142a\u015bciciela. \u201eWielki dzi\u0119ki za pomoc. Wszystko dobrze si\u0119 sko\u0144czy\u0142o\u201d \u2013 napisa\u0142 Thomas.<\/p>\n<div class=\"embed-controller-wrapper\">\n<blockquote class=\"twitter-tweet\" data-width=\"500\" data-dnt=\"true\">\n<p lang=\"en\" dir=\"ltr\">Look what showed up!! Boy have I got a good story for you on next week\u2019s @gtcc_ pod \ud83e\udd23 Big thanks to the Menton Police for their help \ud83d\udc6e\u200d\u2642\ufe0f\ud83d\udc4c All\u2019s well that ends well <a href=\"https:\/\/t.co\/qW5x8qXnbt\">pic.twitter.com\/qW5x8qXnbt<\/a><\/p>\n<p>&mdash; Geraint Thomas (@GeraintThomas86) <a href=\"https:\/\/twitter.com\/GeraintThomas86\/status\/1459938443719553030?ref_src=twsrc%5Etfw\">November 14, 2021<\/a><\/p><\/blockquote>\n<p><script async data-src=\"https:\/\/platform.twitter.com\/widgets.js\" charset=\"utf-8\"><\/script><\/div>\n<h2><strong>A mo\u017ce maraton lub spotkanie z krokodylem?<\/strong><\/h2>\n<p>W czasie wolnym od \u015bcigania za adrenalin\u0105 najwyra\u017aniej t\u0119skni te\u017c Christopher Froome (Israel Start Up Nation). Podczas jednej z przeja\u017cd\u017cek czterokrotny triumfator Tour de France postanowi\u0142 sprawdzi\u0107, jak na jego kolarski str\u00f3j zareaguje\u2026 krokodyl.<\/p>\n<div class=\"embed-controller-wrapper\">\n<blockquote class=\"twitter-tweet\" data-width=\"500\" data-dnt=\"true\">\n<p lang=\"en\" dir=\"ltr\">Crocodile Hunter X David Attenborough <br \/>\ud83d\udc0a\ud83d\ude0a <a href=\"https:\/\/twitter.com\/OutOfCycling?ref_src=twsrc%5Etfw\">@OutOfCycling<\/a> <a href=\"https:\/\/t.co\/diu3GrmJKw\">pic.twitter.com\/diu3GrmJKw<\/a><\/p>\n<p>&mdash; Chris Froome (@chrisfroome) <a href=\"https:\/\/twitter.com\/chrisfroome\/status\/1462749936785760263?ref_src=twsrc%5Etfw\">November 22, 2021<\/a><\/p><\/blockquote>\n<p><script async data-src=\"https:\/\/platform.twitter.com\/widgets.js\" charset=\"utf-8\"><\/script><\/div>\n<p>Wygl\u0105da na to, \u017ce bez porz\u0105dnej dawki wysi\u0142ku fizycznego nie mo\u017ce \u017cy\u0107 r\u00f3wnie\u017c Adam Yates. W tym roku zaliczy\u0142 m.in. UAE Tour, Vuelta a Espana i Giro di Lombradia, a w ramach regeneracji po sezonie\u2026 uko\u0144czy\u0142 maraton. Ale nie przespacerowa\u0142 czy przetruchta\u0142, tylko przebieg\u0142 ze \u015bwietnym czasem 2:58 (\u015brednia 4:14 na kilometr!). Dzi\u0119ki temu Yates zaj\u0105\u0142 584. miejsce na ok. 10 tys. startuj\u0105cych.<\/p>\n<p>\u201ePar\u0119 tygodni na pla\u017cy nie by\u0142o mo\u017ce idealnym sposobem przygotowa\u0144, ale z tego wyniku jestem zadowolony. S\u0105dz\u0119 jednak, \u017ce w przysz\u0142o\u015bci skupi\u0119 si\u0119 na je\u017adzie na rowerze\u201d \u2013 napisa\u0142 Yates.<\/p>\n<p>https:\/\/www.instagram.com\/p\/CWB1jM7ofqT\/?utm_source=ig_web_copy_link<\/p>\n<p>Z kolei Peter Sagan nie by\u0142by sob\u0105, gdyby w przerwie mi\u0119dzy sezonami nie zrobi\u0142 czego\u015b spektakularnego. Tym razem S\u0142owak go\u015bci\u0142 na jednym z najbardziej znanych stadion\u00f3w pi\u0142karskich na \u015bwiecie \u2013 na obiekcie Boca Juniors Buenos Aires.<\/p>\n<p>\u201eNigdy tego nie zapomn\u0119. Nie tylko mog\u0142em wzi\u0105\u0107 udzia\u0142 w emocjonuj\u0105cym meczu na legendarnym stadionie Bombonera, ale tak\u017ce mia\u0142em zaszczyt otrzyma\u0107 koszulk\u0119 Boca Junior Buenos Aires z numer 10 i moim nazwiskiem\u201d \u2013 zachwyca\u0142 si\u0119 Sagan.<\/p>\n<p>https:\/\/www.instagram.com\/p\/CWiYah8IElT\/?utm_source=ig_web_copy_link<\/p>\n<h2><strong>By\u0142 rower, jest bolid<\/strong><\/h2>\n<p>U kolarzy, kt\u00f3rzy na co dzie\u0144 mierz\u0105 si\u0119 trudami treningu i wielkimi emocjami, czasem trudno wywo\u0142a\u0107 adrenalin\u0119. Skuteczn\u0105 drog\u0119 do uk\u0142ad\u00f3w nerwowych zawodnik\u00f3w znalaz\u0142a jednak ekipa UAE Team Emirates, kt\u00f3ry zaprosi\u0142a swoich kolarzy na tor Formu\u0142y 1. Jednak nie tylko po to, by zaprezentowa\u0107 im piekielne szybkie i g\u0142o\u015bne bolidy, ale r\u00f3wnie\u017c po to, by\u2026 spr\u00f3bowali swoich si\u0142 za kierownic\u0105.<\/p>\n<p>https:\/\/www.instagram.com\/p\/CVSnryPhcW6\/<\/p>\n<p>\u201eCo za niesamowity dzie\u0144. Dzi\u0119ki zespo\u0142owi za to prze\u017cycie\u201d \u2013 napisa\u0142 Tadej Pogacar, zwyci\u0119zca Tour de France w ostatnich dw\u00f3ch latach.<\/p>\n<p>Jednak nawet kolarze czasem potrzebuj\u0105 odetchn\u0105\u0107 od mocnych wra\u017ce\u0144. Nie wszyscy musz\u0105 brata\u0107 si\u0119 z krokodylami, poszukiwa\u0107 z\u0142odziei, je\u017adzi\u0107 bolidami czy wyst\u0119powa\u0107 przed tysi\u0105cami kibic\u00f3w. Co prawda Rafa\u0142 Majka r\u00f3wnie\u017c pr\u00f3bowa\u0142 swoich si\u0142a na torze Formu\u0142y 1\u2026<\/p>\n<div class=\"embed-controller-wrapper\">\n<blockquote class=\"twitter-tweet\" data-width=\"500\" data-dnt=\"true\">\n<p lang=\"en\" dir=\"ltr\">Mamma mia! \ud83e\udd29\ud83d\udc4d\ud83c\udffb<br \/>Amazing feeling \ud83c\udfce\ufe0f\ud83d\udca8<br \/>\ud83c\udfc1 <a href=\"https:\/\/twitter.com\/ymcofficial?ref_src=twsrc%5Etfw\">@ymcofficial<\/a> \ud83c\udfc1<a href=\"https:\/\/twitter.com\/hashtag\/UAETeamEmirates?src=hash&amp;ref_src=twsrc%5Etfw\">#UAETeamEmirates<\/a> <a href=\"https:\/\/twitter.com\/hashtag\/RideTogether?src=hash&amp;ref_src=twsrc%5Etfw\">#RideTogether<\/a> <a href=\"https:\/\/t.co\/QaVLnaqMK7\">pic.twitter.com\/QaVLnaqMK7<\/a><\/p>\n<p>&mdash; Rafa\u0142 Majka (@majkaformal) <a href=\"https:\/\/twitter.com\/majkaformal\/status\/1451081440242851842?ref_src=twsrc%5Etfw\">October 21, 2021<\/a><\/p><\/blockquote>\n<p><script async data-src=\"https:\/\/platform.twitter.com\/widgets.js\" charset=\"utf-8\"><\/script><\/div>\n<p>\u2026ale wida\u0107, \u017ce odrobin\u0119 relaksu potrafi odnale\u017a\u0107 r\u00f3wnie\u017c na nieco wolniejszych maszynach.<\/p>\n<div class=\"embed-controller-wrapper\">\n<blockquote class=\"twitter-tweet\" data-width=\"500\" data-dnt=\"true\">\n<p lang=\"en\" dir=\"ltr\">Off season \ud83d\ude0e\u270c\ud83c\udffb <a href=\"https:\/\/t.co\/BaULIm0Zx1\">pic.twitter.com\/BaULIm0Zx1<\/a><\/p>\n<p>&mdash; Rafa\u0142 Majka (@majkaformal) <a href=\"https:\/\/twitter.com\/majkaformal\/status\/1453448475329376263?ref_src=twsrc%5Etfw\">October 27, 2021<\/a><\/p><\/blockquote>\n<p><script async data-src=\"https:\/\/platform.twitter.com\/widgets.js\" charset=\"utf-8\"><\/script><\/div>\n<h2><strong>Najwa\u017cniejsza rodzina<\/strong><\/h2>\n<p>Cho\u0107 nie da si\u0119 ukry\u0107, \u017ce kolarze nawet podczas urlop\u00f3w szukaj\u0105 wra\u017ce\u0144 i odrobimy ruchu, to wielu z nich mi\u0119dzy sezonami pr\u00f3buje jak najwi\u0119cej czasu sp\u0119dzi\u0107 z rodzin\u0105. W ko\u0144cu za kilka tygodni zn\u00f3w zaczn\u0105 si\u0119 powa\u017cne treningi, wyjazdy po ca\u0142ym \u015bwiecie i wielkie \u015bciganie.<\/p>\n<div class=\"embed-controller-wrapper\">\n<blockquote class=\"twitter-tweet\" data-width=\"500\" data-dnt=\"true\">\n<p lang=\"en\" dir=\"ltr\">Battery charging\ud83d\udd0b\ud83c\udfde\ufe0f<a href=\"https:\/\/twitter.com\/hashtag\/familytime?src=hash&amp;ref_src=twsrc%5Etfw\">#familytime<\/a> <a href=\"https:\/\/twitter.com\/hashtag\/turbacz?src=hash&amp;ref_src=twsrc%5Etfw\">#turbacz<\/a> <a href=\"https:\/\/twitter.com\/hashtag\/gorce?src=hash&amp;ref_src=twsrc%5Etfw\">#gorce<\/a> <a href=\"https:\/\/twitter.com\/hashtag\/mountains?src=hash&amp;ref_src=twsrc%5Etfw\">#mountains<\/a> <a href=\"https:\/\/t.co\/cCNpz1b5pO\">pic.twitter.com\/cCNpz1b5pO<\/a><\/p>\n<p>&mdash; Rafa\u0142 Majka (@majkaformal) <a href=\"https:\/\/twitter.com\/majkaformal\/status\/1457046580373168131?ref_src=twsrc%5Etfw\">November 6, 2021<\/a><\/p><\/blockquote>\n<p><script async data-src=\"https:\/\/platform.twitter.com\/widgets.js\" charset=\"utf-8\"><\/script><\/div>\n<div class=\"embed-controller-wrapper\">\n<blockquote class=\"twitter-tweet\" data-width=\"500\" data-dnt=\"true\">\n<p lang=\"en\" dir=\"ltr\">\ud83d\udc68\u200d\ud83d\udc69\u200d\ud83d\udc67\u200d\ud83d\udc66 Best time! \ud83e\udd70<a href=\"https:\/\/twitter.com\/hashtag\/FamilyTime?src=hash&amp;ref_src=twsrc%5Etfw\">#FamilyTime<\/a> <a href=\"https:\/\/t.co\/Smx3eAZLaZ\">pic.twitter.com\/Smx3eAZLaZ<\/a><\/p>\n<p>&mdash; Rafa\u0142 Majka (@majkaformal) <a href=\"https:\/\/twitter.com\/majkaformal\/status\/1454123206701367296?ref_src=twsrc%5Etfw\">October 29, 2021<\/a><\/p><\/blockquote>\n<p><script async data-src=\"https:\/\/platform.twitter.com\/widgets.js\" charset=\"utf-8\"><\/script><\/div>\n<p>https:\/\/www.instagram.com\/p\/CT-LFhGIuK5\/?utm_source=ig_web_copy_link<\/p>\n<p>https:\/\/www.instagram.com\/p\/CVTQS0ao1p9\/?utm_source=ig_web_copy_link<\/p>\n<p>https:\/\/www.instagram.com\/p\/CVn66DNN6VO\/?utm_source=ig_web_copy_link<\/p>\n<p><span data-sheets-value=\"{&quot;1&quot;:2,&quot;2&quot;:&quot;Artyku\u0142 powsta\u0142 we wsp\u00f3\u0142pracy ze skoda-auto.pl&quot;}\" data-sheets-userformat=\"{&quot;2&quot;:1,&quot;3&quot;:{&quot;1&quot;:0}}\" data-sheets-hyperlink=\"http:\/\/www.skoda-auto.pl\/\"><a class=\"in-cell-link\" href=\"http:\/\/www.skoda-auto.pl\/\" target=\"_blank\" rel=\"noopener noreferrer\">Artyku\u0142 powsta\u0142 we wsp\u00f3\u0142pracy ze skoda-auto.pl<\/a><\/span><\/p>\n<p><a href=\"https:\/\/www.skoda-auto.pl\/modele\/superb\"><img loading=\"lazy\" decoding=\"async\" class=\"alignnone size-full wp-image-11628 aligncenter\" src=\"https:\/\/d2p6e6u75xmxt8.cloudfront.net\/5\/2021\/12\/640x350-2-1.jpg\" alt=\"\" width=\"640\" height=\"350\" srcset=\"https:\/\/d2p6e6u75xmxt8.cloudfront.net\/5\/2021\/12\/640x350-2-1.jpg 640w, https:\/\/d2p6e6u75xmxt8.cloudfront.net\/5\/2021\/12\/640x350-2-1-300x164.jpg 300w\" sizes=\"auto, (max-width: 640px) 100vw, 640px\" \/><\/a><\/p>\n","protected":false},"excerpt":{"rendered":"<p>Jedni o rowerze pr\u00f3buj\u0105 zapomnie\u0107, inni nie wyobra\u017caj\u0105 sobie bez niego cho\u0107by dnia. Kolarze odpoczywaj\u0105 po ci\u0119\u017ckim sezonie, ale niekt\u00f3rzy [&hellip;]<\/p>\n","protected":false},"author":153,"featured_media":12371,"comment_status":"open","ping_status":"open","sticky":false,"template":"","format":"standard","meta":{"footnotes":""},"categories":[289],"tags":[362],"global-categories":[303],"class_list":["post-12356","post","type-post","status-publish","format-standard","has-post-thumbnail","hentry","category-we-love-cycling","tag-piotr-nowik","global-categories-cycling"],"yoast_head":"<!-- This site is optimized with the Yoast SEO Premium plugin v25.3 (Yoast SEO v25.9) - https:\/\/yoast.com\/wordpress\/plugins\/seo\/ -->\n<title>Wsi\u0105\u015b\u0107 w bolid, poskromi\u0107 krokodyla, przebiec maraton. Co kolarze robi\u0105 mi\u0119dzy sezonami? - \u0160koda We Love Cycling - Poland<\/title>\n<meta name=\"robots\" content=\"index, follow, max-snippet:-1, max-image-preview:large, max-video-preview:-1\" \/>\n<link rel=\"canonical\" href=\"https:\/\/www.welovecycling.com\/pl\/2021\/11\/24\/wsiasc-w-bolid-poskromic-krokodyla-przebiec-maraton-co-kolarze-robia-miedzy-sezonami\/\" \/>\n<meta property=\"og:locale\" content=\"pl_PL\" \/>\n<meta property=\"og:type\" content=\"article\" \/>\n<meta property=\"og:title\" content=\"Wsi\u0105\u015b\u0107 w bolid, poskromi\u0107 krokodyla, przebiec maraton. Co kolarze robi\u0105 mi\u0119dzy sezonami?\" \/>\n<meta property=\"og:description\" content=\"Jedni o rowerze pr\u00f3buj\u0105 zapomnie\u0107, inni nie wyobra\u017caj\u0105 sobie bez niego cho\u0107by dnia. Kolarze odpoczywaj\u0105 po ci\u0119\u017ckim sezonie, ale niekt\u00f3rzy [&hellip;]\" \/>\n<meta property=\"og:url\" content=\"https:\/\/www.welovecycling.com\/pl\/2021\/11\/24\/wsiasc-w-bolid-poskromic-krokodyla-przebiec-maraton-co-kolarze-robia-miedzy-sezonami\/\" \/>\n<meta property=\"og:site_name\" content=\"\u0160koda We Love Cycling - Poland\" \/>\n<meta property=\"article:published_time\" content=\"2021-11-24T16:17:38+00:00\" \/>\n<meta property=\"og:image\" content=\"https:\/\/d2p6e6u75xmxt8.cloudfront.net\/5\/2021\/11\/Gaspi-Family-CVR-1024x450-1.jpg\" \/>\n\t<meta property=\"og:image:width\" content=\"1024\" \/>\n\t<meta property=\"og:image:height\" content=\"450\" \/>\n\t<meta property=\"og:image:type\" content=\"image\/jpeg\" \/>\n<meta name=\"author\" content=\"rafal\" \/>\n<meta name=\"twitter:card\" content=\"summary_large_image\" \/>\n<meta name=\"twitter:label1\" content=\"Written by\" \/>\n\t<meta name=\"twitter:data1\" content=\"Piotr Nowik\" \/>\n\t<meta name=\"twitter:label2\" content=\"Est. reading time\" \/>\n\t<meta name=\"twitter:data2\" content=\"4 minutes\" \/>\n<script type=\"application\/ld+json\" class=\"yoast-schema-graph\">{\"@context\":\"https:\/\/schema.org\",\"@graph\":[{\"@type\":\"WebPage\",\"@id\":\"https:\/\/www.welovecycling.com\/pl\/2021\/11\/24\/wsiasc-w-bolid-poskromic-krokodyla-przebiec-maraton-co-kolarze-robia-miedzy-sezonami\/\",\"url\":\"https:\/\/www.welovecycling.com\/pl\/2021\/11\/24\/wsiasc-w-bolid-poskromic-krokodyla-przebiec-maraton-co-kolarze-robia-miedzy-sezonami\/\",\"name\":\"Wsi\u0105\u015b\u0107 w bolid, poskromi\u0107 krokodyla, przebiec maraton. Co kolarze robi\u0105 mi\u0119dzy sezonami? - \u0160koda We Love Cycling - Poland\",\"isPartOf\":{\"@id\":\"https:\/\/www.welovecycling.com\/pl\/#website\"},\"primaryImageOfPage\":{\"@id\":\"https:\/\/www.welovecycling.com\/pl\/2021\/11\/24\/wsiasc-w-bolid-poskromic-krokodyla-przebiec-maraton-co-kolarze-robia-miedzy-sezonami\/#primaryimage\"},\"image\":{\"@id\":\"https:\/\/www.welovecycling.com\/pl\/2021\/11\/24\/wsiasc-w-bolid-poskromic-krokodyla-przebiec-maraton-co-kolarze-robia-miedzy-sezonami\/#primaryimage\"},\"thumbnailUrl\":\"https:\/\/d2p6e6u75xmxt8.cloudfront.net\/5\/2021\/11\/Gaspi-Family-CVR-1024x450-1.jpg\",\"datePublished\":\"2021-11-24T16:17:38+00:00\",\"author\":{\"@id\":\"https:\/\/www.welovecycling.com\/pl\/#\/schema\/person\/bf06ed916a1ef16618807fb60d2ebe42\"},\"breadcrumb\":{\"@id\":\"https:\/\/www.welovecycling.com\/pl\/2021\/11\/24\/wsiasc-w-bolid-poskromic-krokodyla-przebiec-maraton-co-kolarze-robia-miedzy-sezonami\/#breadcrumb\"},\"inLanguage\":\"pl-PL\",\"potentialAction\":[{\"@type\":\"ReadAction\",\"target\":[\"https:\/\/www.welovecycling.com\/pl\/2021\/11\/24\/wsiasc-w-bolid-poskromic-krokodyla-przebiec-maraton-co-kolarze-robia-miedzy-sezonami\/\"]}]},{\"@type\":\"ImageObject\",\"inLanguage\":\"pl-PL\",\"@id\":\"https:\/\/www.welovecycling.com\/pl\/2021\/11\/24\/wsiasc-w-bolid-poskromic-krokodyla-przebiec-maraton-co-kolarze-robia-miedzy-sezonami\/#primaryimage\",\"url\":\"https:\/\/d2p6e6u75xmxt8.cloudfront.net\/5\/2021\/11\/Gaspi-Family-CVR-1024x450-1.jpg\",\"contentUrl\":\"https:\/\/d2p6e6u75xmxt8.cloudfront.net\/5\/2021\/11\/Gaspi-Family-CVR-1024x450-1.jpg\",\"width\":1024,\"height\":450},{\"@type\":\"BreadcrumbList\",\"@id\":\"https:\/\/www.welovecycling.com\/pl\/2021\/11\/24\/wsiasc-w-bolid-poskromic-krokodyla-przebiec-maraton-co-kolarze-robia-miedzy-sezonami\/#breadcrumb\",\"itemListElement\":[{\"@type\":\"ListItem\",\"position\":1,\"name\":\"Home\",\"item\":\"https:\/\/www.welovecycling.com\/pl\/\"},{\"@type\":\"ListItem\",\"position\":2,\"name\":\"Wsi\u0105\u015b\u0107 w bolid, poskromi\u0107 krokodyla, przebiec maraton. Co kolarze robi\u0105 mi\u0119dzy sezonami?\"}]},{\"@type\":\"WebSite\",\"@id\":\"https:\/\/www.welovecycling.com\/pl\/#website\",\"url\":\"https:\/\/www.welovecycling.com\/pl\/\",\"name\":\"\u0160koda We Love Cycling - Poland\",\"description\":\"\",\"potentialAction\":[{\"@type\":\"SearchAction\",\"target\":{\"@type\":\"EntryPoint\",\"urlTemplate\":\"https:\/\/www.welovecycling.com\/pl\/?s={search_term_string}\"},\"query-input\":{\"@type\":\"PropertyValueSpecification\",\"valueRequired\":true,\"valueName\":\"search_term_string\"}}],\"inLanguage\":\"pl-PL\"},{\"@type\":\"Person\",\"@id\":\"https:\/\/www.welovecycling.com\/pl\/#\/schema\/person\/bf06ed916a1ef16618807fb60d2ebe42\",\"name\":\"rafal\",\"image\":{\"@type\":\"ImageObject\",\"inLanguage\":\"pl-PL\",\"@id\":\"https:\/\/www.welovecycling.com\/pl\/#\/schema\/person\/image\/\",\"url\":\"https:\/\/secure.gravatar.com\/avatar\/203f240e63bee214f6f3a0dacbeb600c7829c09716c2b9ee3230c6961debcde2?s=96&d=mm&r=g\",\"contentUrl\":\"https:\/\/secure.gravatar.com\/avatar\/203f240e63bee214f6f3a0dacbeb600c7829c09716c2b9ee3230c6961debcde2?s=96&d=mm&r=g\",\"caption\":\"rafal\"},\"url\":\"https:\/\/www.welovecycling.com\/pl\/author\/rafal\/\"}]}<\/script>\n<!-- \/ Yoast SEO Premium plugin. -->","yoast_head_json":{"title":"Wsi\u0105\u015b\u0107 w bolid, poskromi\u0107 krokodyla, przebiec maraton. Co kolarze robi\u0105 mi\u0119dzy sezonami? - \u0160koda We Love Cycling - Poland","robots":{"index":"index","follow":"follow","max-snippet":"max-snippet:-1","max-image-preview":"max-image-preview:large","max-video-preview":"max-video-preview:-1"},"canonical":"https:\/\/www.welovecycling.com\/pl\/2021\/11\/24\/wsiasc-w-bolid-poskromic-krokodyla-przebiec-maraton-co-kolarze-robia-miedzy-sezonami\/","og_locale":"pl_PL","og_type":"article","og_title":"Wsi\u0105\u015b\u0107 w bolid, poskromi\u0107 krokodyla, przebiec maraton. Co kolarze robi\u0105 mi\u0119dzy sezonami?","og_description":"Jedni o rowerze pr\u00f3buj\u0105 zapomnie\u0107, inni nie wyobra\u017caj\u0105 sobie bez niego cho\u0107by dnia. Kolarze odpoczywaj\u0105 po ci\u0119\u017ckim sezonie, ale niekt\u00f3rzy [&hellip;]","og_url":"https:\/\/www.welovecycling.com\/pl\/2021\/11\/24\/wsiasc-w-bolid-poskromic-krokodyla-przebiec-maraton-co-kolarze-robia-miedzy-sezonami\/","og_site_name":"\u0160koda We Love Cycling - Poland","article_published_time":"2021-11-24T16:17:38+00:00","og_image":[{"width":1024,"height":450,"url":"https:\/\/d2p6e6u75xmxt8.cloudfront.net\/5\/2021\/11\/Gaspi-Family-CVR-1024x450-1.jpg","type":"image\/jpeg"}],"author":"rafal","twitter_card":"summary_large_image","twitter_misc":{"Written by":"Piotr Nowik","Est. reading time":"4 minutes"},"schema":{"@context":"https:\/\/schema.org","@graph":[{"@type":"WebPage","@id":"https:\/\/www.welovecycling.com\/pl\/2021\/11\/24\/wsiasc-w-bolid-poskromic-krokodyla-przebiec-maraton-co-kolarze-robia-miedzy-sezonami\/","url":"https:\/\/www.welovecycling.com\/pl\/2021\/11\/24\/wsiasc-w-bolid-poskromic-krokodyla-przebiec-maraton-co-kolarze-robia-miedzy-sezonami\/","name":"Wsi\u0105\u015b\u0107 w bolid, poskromi\u0107 krokodyla, przebiec maraton. Co kolarze robi\u0105 mi\u0119dzy sezonami? - \u0160koda We Love Cycling - Poland","isPartOf":{"@id":"https:\/\/www.welovecycling.com\/pl\/#website"},"primaryImageOfPage":{"@id":"https:\/\/www.welovecycling.com\/pl\/2021\/11\/24\/wsiasc-w-bolid-poskromic-krokodyla-przebiec-maraton-co-kolarze-robia-miedzy-sezonami\/#primaryimage"},"image":{"@id":"https:\/\/www.welovecycling.com\/pl\/2021\/11\/24\/wsiasc-w-bolid-poskromic-krokodyla-przebiec-maraton-co-kolarze-robia-miedzy-sezonami\/#primaryimage"},"thumbnailUrl":"https:\/\/d2p6e6u75xmxt8.cloudfront.net\/5\/2021\/11\/Gaspi-Family-CVR-1024x450-1.jpg","datePublished":"2021-11-24T16:17:38+00:00","author":{"@id":"https:\/\/www.welovecycling.com\/pl\/#\/schema\/person\/bf06ed916a1ef16618807fb60d2ebe42"},"breadcrumb":{"@id":"https:\/\/www.welovecycling.com\/pl\/2021\/11\/24\/wsiasc-w-bolid-poskromic-krokodyla-przebiec-maraton-co-kolarze-robia-miedzy-sezonami\/#breadcrumb"},"inLanguage":"pl-PL","potentialAction":[{"@type":"ReadAction","target":["https:\/\/www.welovecycling.com\/pl\/2021\/11\/24\/wsiasc-w-bolid-poskromic-krokodyla-przebiec-maraton-co-kolarze-robia-miedzy-sezonami\/"]}]},{"@type":"ImageObject","inLanguage":"pl-PL","@id":"https:\/\/www.welovecycling.com\/pl\/2021\/11\/24\/wsiasc-w-bolid-poskromic-krokodyla-przebiec-maraton-co-kolarze-robia-miedzy-sezonami\/#primaryimage","url":"https:\/\/d2p6e6u75xmxt8.cloudfront.net\/5\/2021\/11\/Gaspi-Family-CVR-1024x450-1.jpg","contentUrl":"https:\/\/d2p6e6u75xmxt8.cloudfront.net\/5\/2021\/11\/Gaspi-Family-CVR-1024x450-1.jpg","width":1024,"height":450},{"@type":"BreadcrumbList","@id":"https:\/\/www.welovecycling.com\/pl\/2021\/11\/24\/wsiasc-w-bolid-poskromic-krokodyla-przebiec-maraton-co-kolarze-robia-miedzy-sezonami\/#breadcrumb","itemListElement":[{"@type":"ListItem","position":1,"name":"Home","item":"https:\/\/www.welovecycling.com\/pl\/"},{"@type":"ListItem","position":2,"name":"Wsi\u0105\u015b\u0107 w bolid, poskromi\u0107 krokodyla, przebiec maraton. Co kolarze robi\u0105 mi\u0119dzy sezonami?"}]},{"@type":"WebSite","@id":"https:\/\/www.welovecycling.com\/pl\/#website","url":"https:\/\/www.welovecycling.com\/pl\/","name":"\u0160koda We Love Cycling - Poland","description":"","potentialAction":[{"@type":"SearchAction","target":{"@type":"EntryPoint","urlTemplate":"https:\/\/www.welovecycling.com\/pl\/?s={search_term_string}"},"query-input":{"@type":"PropertyValueSpecification","valueRequired":true,"valueName":"search_term_string"}}],"inLanguage":"pl-PL"},{"@type":"Person","@id":"https:\/\/www.welovecycling.com\/pl\/#\/schema\/person\/bf06ed916a1ef16618807fb60d2ebe42","name":"rafal","image":{"@type":"ImageObject","inLanguage":"pl-PL","@id":"https:\/\/www.welovecycling.com\/pl\/#\/schema\/person\/image\/","url":"https:\/\/secure.gravatar.com\/avatar\/203f240e63bee214f6f3a0dacbeb600c7829c09716c2b9ee3230c6961debcde2?s=96&d=mm&r=g","contentUrl":"https:\/\/secure.gravatar.com\/avatar\/203f240e63bee214f6f3a0dacbeb600c7829c09716c2b9ee3230c6961debcde2?s=96&d=mm&r=g","caption":"rafal"},"url":"https:\/\/www.welovecycling.com\/pl\/author\/rafal\/"}]}},"_links":{"self":[{"href":"https:\/\/www.welovecycling.com\/pl\/wp-json\/wp\/v2\/posts\/12356","targetHints":{"allow":["GET"]}}],"collection":[{"href":"https:\/\/www.welovecycling.com\/pl\/wp-json\/wp\/v2\/posts"}],"about":[{"href":"https:\/\/www.welovecycling.com\/pl\/wp-json\/wp\/v2\/types\/post"}],"author":[{"embeddable":true,"href":"https:\/\/www.welovecycling.com\/pl\/wp-json\/wp\/v2\/users\/153"}],"replies":[{"embeddable":true,"href":"https:\/\/www.welovecycling.com\/pl\/wp-json\/wp\/v2\/comments?post=12356"}],"version-history":[{"count":1,"href":"https:\/\/www.welovecycling.com\/pl\/wp-json\/wp\/v2\/posts\/12356\/revisions"}],"predecessor-version":[{"id":12372,"href":"https:\/\/www.welovecycling.com\/pl\/wp-json\/wp\/v2\/posts\/12356\/revisions\/12372"}],"wp:featuredmedia":[{"embeddable":true,"href":"https:\/\/www.welovecycling.com\/pl\/wp-json\/wp\/v2\/media\/12371"}],"wp:attachment":[{"href":"https:\/\/www.welovecycling.com\/pl\/wp-json\/wp\/v2\/media?parent=12356"}],"wp:term":[{"taxonomy":"category","embeddable":true,"href":"https:\/\/www.welovecycling.com\/pl\/wp-json\/wp\/v2\/categories?post=12356"},{"taxonomy":"post_tag","embeddable":true,"href":"https:\/\/www.welovecycling.com\/pl\/wp-json\/wp\/v2\/tags?post=12356"},{"taxonomy":"global-categories","embeddable":true,"href":"https:\/\/www.welovecycling.com\/pl\/wp-json\/wp\/v2\/global-categories?post=12356"}],"curies":[{"name":"wp","href":"https:\/\/api.w.org\/{rel}","templated":true}]}}