{"id":12331,"date":"2021-11-19T13:35:01","date_gmt":"2021-11-19T13:35:01","guid":{"rendered":"https:\/\/www.welovecycling.com\/pl\/?p=12331"},"modified":"2021-11-19T13:35:01","modified_gmt":"2021-11-19T13:35:01","slug":"5-najlepszych-europejskich-parkow-rowerowych-na-wakacje-2022","status":"publish","type":"post","link":"https:\/\/www.welovecycling.com\/pl\/2021\/11\/19\/5-najlepszych-europejskich-parkow-rowerowych-na-wakacje-2022\/","title":{"rendered":"5 najlepszych europejskich park\u00f3w rowerowych na wakacje 2022!"},"content":{"rendered":"<p><strong>Zdajemy sobie spraw\u0119, \u017ce sezon si\u0119 zako\u0144czy\u0142, a wi\u0119kszo\u015b\u0107 park\u00f3w rowerowych jest ju\u017c zamkni\u0119ta. Jednak nic nie stoi na przeszkodzie, by ju\u017c teraz zaplanowa\u0107 przysz\u0142oroczne wakacje. Czy jest lepsze miejsce na sp\u0119dzenie wolnego czasu ni\u017c park rowerowy, w kt\u00f3rym gromadz\u0105 si\u0119 wspaniali ludzie i robi\u0105 niesamowite rzeczy? Chcemy przybli\u017cy\u0107 Ci 5 najlepszych naszym zdaniem miejsc w Europie, w kt\u00f3rych sp\u0119dzisz wakacje, przemierzaj\u0105c na dw\u00f3ch k\u00f3\u0142kach g\u00f3rskie trasy.<\/strong><\/p>\n<h2><strong>Park rowerowy Vallnord, Andora<\/strong><\/h2>\n<div class=\"embed-controller-wrapper\">\n<blockquote class=\"twitter-tweet\" data-width=\"500\" data-dnt=\"true\">\n<p lang=\"ca\" dir=\"ltr\">Vallnord-Pal Arinsal mant\u00e9 obert el Bike Park fins al 12 d&#39;octubre <a href=\"https:\/\/twitter.com\/palarinsal?ref_src=twsrc%5Etfw\">@palarinsal<\/a> <a href=\"https:\/\/t.co\/TxmeQq0Lkv\">https:\/\/t.co\/TxmeQq0Lkv<\/a> <a href=\"https:\/\/t.co\/uAnQ0hJCai\">pic.twitter.com\/uAnQ0hJCai<\/a><\/p>\n<p>&mdash; Diari d&#39;Andorra (@diariandorra) <a href=\"https:\/\/twitter.com\/diariandorra\/status\/1427595722858418200?ref_src=twsrc%5Etfw\">August 17, 2021<\/a><\/p><\/blockquote>\n<p><script async data-src=\"https:\/\/platform.twitter.com\/widgets.js\" charset=\"utf-8\"><\/script><\/div>\n<p>Po\u0142o\u017cony w jednym z najmniejszych kraj\u00f3w \u015bwiata jest jednym z najbardziej malowniczych, najlepiej zaprojektowanych i najs\u0142ynniejszych europejskich park\u00f3w rowerowych. Znacznie trudniej jest znale\u017a\u0107 Andor\u0119 na mapie Europy ni\u017c park rowerowy Vallnord w tym kraju. Andora le\u017cy g\u0142\u0119boko w sercu Pirenej\u00f3w, pomi\u0119dzy Francj\u0105 a Hiszpani\u0105, dzi\u0119ki czemu park gwarantuje wyj\u0105tkowe widoki i atrakcje. Nic dziwnego, \u017ce Vallnord jest miejscem, gdzie odbywa si\u0119 kilka zawod\u00f3w pucharu \u015bwiata zar\u00f3wno w wy\u015bcigach downhill, jak i prze\u0142ajowych.<\/p>\n<p>Vallnord ma 40 km znakomitych tras, kt\u00f3re schodz\u0105 z wysoko\u015bci si\u0119gaj\u0105cej 2354 m. Do dyspozycji masz 21 tor\u00f3w zjazdowych, 2 tory enduro, 4 trasy biegowe, po 1 trasie Four-Cross i e-bike, a tak\u017ce pumptrack i obszar treningowy. W to miejsce mo\u017cna jecha\u0107 ca\u0142\u0105 rodzin\u0105, poniewa\u017c jest tu te\u017c park rowerowy dla dzieci. Vallnord jest otwarty od po\u0142owy maja do po\u0142owy pa\u017adziernika, ceny zakwaterowania i wst\u0119pu do samego parku s\u0105 stosunkowo niskie jak na europejskie standardy, a serwowane tam napoje i jedzenie \u2013 znakomite. Je\u015bli uwa\u017casz, \u017ce mo\u017ce to by\u0107 Tw\u00f3j cel na przysz\u0142oroczne wakacje, odwied\u017a stron\u0119 Vallnord Bike Park \u2013 znajdziesz tu wszystkie potrzebne informacje.<\/p>\n<h2><strong>Park rowerowy \u00c5re, Szwecja<\/strong><\/h2>\n<div class=\"embed-controller-wrapper\">\n<blockquote class=\"twitter-tweet\" data-width=\"500\" data-dnt=\"true\">\n<p lang=\"da\" dir=\"ltr\">Livet m\u00e5 ikke v\u00e6re s\u00e5 slitsomt hele tiden \ud83d\ude05<\/p>\n<p>NB! <br \/>Jeg har ikke ferie alts\u00e5 \ud83d\ude0a<a href=\"https:\/\/twitter.com\/hashtag\/%C3%A5rebikepark?src=hash&amp;ref_src=twsrc%5Etfw\">#\u00e5rebikepark<\/a> <a href=\"https:\/\/t.co\/oToeIcigCZ\">pic.twitter.com\/oToeIcigCZ<\/a><\/p>\n<p>&mdash; P\u00e5l Restad (@palrestad) <a href=\"https:\/\/twitter.com\/palrestad\/status\/1413437596554825729?ref_src=twsrc%5Etfw\">July 9, 2021<\/a><\/p><\/blockquote>\n<p><script async data-src=\"https:\/\/platform.twitter.com\/widgets.js\" charset=\"utf-8\"><\/script><\/div>\n<p>\u00c5re Bike Park udowadnia, \u017ce \u200b\u200bstosunkowo niska g\u00f3ra mo\u017ce sta\u0107 si\u0119 \u015bwiatowej klasy parkiem rowerowym. Mierz\u0105cy 1274 m najwy\u017cszy punkt wydaje si\u0119 ma\u0142o ekscytuj\u0105cy w por\u00f3wnaniu z innymi, jednak widok ze szczytu zapiera dech w piersiach. Tysi\u0105ce jezior i ma\u0142ych wiosek rozsiane na horyzoncie naprawd\u0119 robi\u0105 wra\u017cenie. Do tego skomplikowane i wymagaj\u0105ce sporych umiej\u0119tno\u015bci, doskonale utrzymane trasy \u2013 czego chcie\u0107 wi\u0119cej?<\/p>\n<p>\u00c5re Bike Park to 50 km czystej adrenaliny, na kt\u00f3re sk\u0142adaj\u0105 si\u0119 trzydzie\u015bci cztery trasy. Siedem zielonych tor\u00f3w pozwoli pocz\u0105tkuj\u0105cym poczu\u0107 si\u0119 bezpiecznie podczas pierwszych do\u015bwiadcze\u0144 z MTB. Osiem czarnych tor\u00f3w pomie\u015bci wszystkich kolarzy, kt\u00f3rzy pr\u00f3buj\u0105 udowodni\u0107, \u017ce co\u015b takiego jak grawitacja nie istnieje. Jest te\u017c osiem niebieskich i dziewi\u0119\u0107 czerwonych tras, kt\u00f3re zaspokoj\u0105 potrzeby ka\u017cdego, bez wzgl\u0119du na jego umiej\u0119tno\u015bci. Ca\u0142y region wok\u00f3\u0142 \u00c5re jest niezwykle atrakcyjny, wi\u0119c wizyt\u0119 w parku mo\u017cna \u0142atwo po\u0142\u0105czy\u0107 z turystyk\u0105 piesz\u0105, rekreacj\u0105, doznaniami\u00a0kulturalnymi i kulinarnymi, lub z innymi aktywno\u015bciami gwarantuj\u0105cymi przyp\u0142yw adrenaliny. To idealne miejsce, je\u015bli Tw\u00f3j towarzysz podr\u00f3\u017cy nie ma ochoty sp\u0119dza\u0107 ca\u0142ego urlopu na dw\u00f3ch k\u00f3\u0142kach.<\/p>\n<h2><strong>Park rowerowy Mottolino, W\u0142ochy<\/strong><\/h2>\n<div class=\"embed-controller-wrapper\">\n<blockquote class=\"twitter-tweet\" data-width=\"500\" data-dnt=\"true\">\n<p lang=\"en\" dir=\"ltr\">In just 3 days the Bike Park <a href=\"https:\/\/twitter.com\/Mottolino?ref_src=twsrc%5Etfw\">@Mottolino<\/a>  will open! And you have just one day to take advantage of the <a href=\"https:\/\/twitter.com\/hashtag\/BikePass?src=hash&amp;ref_src=twsrc%5Etfw\">#BikePass<\/a> early buying, to be used all the summer long &gt;&gt; get your discount here <a href=\"https:\/\/t.co\/k9jMnBkgjs\">https:\/\/t.co\/k9jMnBkgjs<\/a> <a href=\"https:\/\/t.co\/MxBy60lgAA\">pic.twitter.com\/MxBy60lgAA<\/a><\/p>\n<p>&mdash; Livigno (@Livigno) <a href=\"https:\/\/twitter.com\/Livigno\/status\/1402720337696022530?ref_src=twsrc%5Etfw\">June 9, 2021<\/a><\/p><\/blockquote>\n<p><script async data-src=\"https:\/\/platform.twitter.com\/widgets.js\" charset=\"utf-8\"><\/script><\/div>\n<p>W\u0142ochy to wspania\u0142e jedzenie, imponuj\u0105ca kultura, wybitne wina, pi\u0119kno, pi\u0142ka no\u017cna i osza\u0142amiaj\u0105ca przyroda. Nic dziwnego, \u017ce to wszystko przek\u0142ada si\u0119 te\u017c na swoiste rowerowe dolce vita. Mottolino zim\u0105 jest mekk\u0105 dla narciarzy i snowboardzist\u00f3w, a kiedy topnieje \u015bnieg, g\u00f3rzyste tereny s\u0142u\u017c\u0105 rowerzystom, poniewa\u017c to w\u0142a\u015bnie tutaj znajduje si\u0119 jeden z najwi\u0119kszych i najlepszych park\u00f3w MTB na \u015bwiecie.<\/p>\n<p>Dzi\u0119ki czternastu wyj\u0105tkowym trasom ka\u017cdy mo\u017ce cieszy\u0107 si\u0119 czasem sp\u0119dzonym na siode\u0142ku. Pocz\u0105tkuj\u0105cy maj\u0105 do wyboru stosunkowo \u0142atwe, ale d\u0142ugie \u201eTake It Easy\u201d i \u201eEnduro Natural Trail\u201d, podczas gdy zawodowcy powinni wypr\u00f3bowa\u0107 \u201eBlack Eye\u201d ze \u015blisk\u0105 tras\u0105 o nachyleniu 31,9%. Zjechanie z tego szlaku bez wywrotki jest tak naprawd\u0119 mo\u017cliwe tylko w przypadku profesjonalist\u00f3w. Park czynny jest od po\u0142owy czerwca do ko\u0144ca wrze\u015bnia, a ceny s\u0105 \u015brednie. Bilet dzienny kosztuje 34 euro i obejmuje nieograniczone korzystanie z gondoli. Sugerujemy jednak, aby pojecha\u0107 tam na co najmniej pi\u0119\u0107 dni. Wtedy zap\u0142acisz tylko 89 euro i b\u0119dziesz m\u00f3g\u0142 do\u015bwiadczy\u0107 wzrostu adrenaliny, kt\u00f3r\u0105 zapewnia park rowerowy Mottolino.<\/p>\n<h2><strong>Park rowerowy Chatel, Francja<\/strong><\/h2>\n<div class=\"embed-controller-wrapper\">\n<blockquote class=\"twitter-tweet\" data-width=\"500\" data-dnt=\"true\">\n<p lang=\"fr\" dir=\"ltr\">Une nouvelle saison magique vient de se terminer, des belles images plein la t\u00eate \ud83e\udd29 <br \/>Merci \u00e0 tous pour tous ces beaux moments \ud83e\udd17<br \/>Rendez-vous \u00e0 la Toussaint pour une belle surprise \ud83d\ude09 <a href=\"https:\/\/t.co\/XbdREBzob7\">pic.twitter.com\/XbdREBzob7<\/a><\/p>\n<p>&mdash; Ch\u00e2tel (@Chatel_Officiel) <a href=\"https:\/\/twitter.com\/Chatel_Officiel\/status\/1439888582110552064?ref_src=twsrc%5Etfw\">September 20, 2021<\/a><\/p><\/blockquote>\n<p><script async data-src=\"https:\/\/platform.twitter.com\/widgets.js\" charset=\"utf-8\"><\/script><\/div>\n<p>Chatel to jeden z najwi\u0119kszych park\u00f3w rowerowych w Europie, sprawiaj\u0105cy nieko\u0144cz\u0105c\u0105 si\u0119 rado\u015b\u0107 tym, kt\u00f3rzy szukaj\u0105 mocnych wra\u017ce\u0144 na dw\u00f3ch k\u00f3\u0142kach. Oferuj\u0105cy dwadzie\u015bcia jeden zielonych, niebieskich, czerwonych i czarnych tras park Chatel zapewni wyzwanie na prawie ka\u017cdym poziome umiej\u0119tno\u015bci, a tak\u017ce wytrwa\u0142o\u015bci. To zdecydowanie nie jest miejsce, do kt\u00f3rego przyje\u017cd\u017ca si\u0119 na jeden dzie\u0144, stanowi za to idealny cel na d\u0142u\u017csze wakacje. Dzi\u0119ki blisko\u015bci Jeziora Genewskiego, samej Genewy i malowniczych Alp Francuskich i Szwajcarskich mo\u017ce by\u0107 \u015bwietn\u0105 lokalizacj\u0105 dla ca\u0142ej rodziny, bez wzgl\u0119du na to, czy jej cz\u0142onkowie s\u0105 tak samo zwariowanymi fanami dw\u00f3ch k\u00f3\u0142ek, jak Ty, czy wol\u0105 wi\u0119ksz\u0105 r\u00f3\u017cnorodno\u015b\u0107.<\/p>\n<p>Na uwag\u0119 zas\u0142uguje to, \u017ce park jest utrzymany wprost wzorcowo. Trasy s\u0105 zawsze w doskona\u0142ym stanie, a dziewi\u0119\u0107 zespo\u0142\u00f3w serwisowych pracuje przez ca\u0142\u0105 dob\u0119, aby zapewni\u0107 wszystkim bezpiecze\u0144stwo i przyjemn\u0105 jazd\u0119. Pobliskie miasto Pr\u00e9-la-Joux oferuje doskona\u0142e zakwaterowanie, wy\u015bmienite jedzenie i szalone. Ceny s\u0105 stosunkowo przyst\u0119pne. Mo\u017cna te\u017c wypo\u017cyczy\u0107 rower, e-rower, skorzysta\u0107 z myjki ci\u015bnieniowej, a za dodatkow\u0105 op\u0142at\u0105 dosta\u0107 si\u0119 do r\u00f3wnie niesamowitych park\u00f3w rowerowych Les Gets i Morzine.<\/p>\n<h2><strong>Saalbach\/Hinterglemm\/Leogang\/Fieberbrunn, Austria<\/strong><\/h2>\n<div class=\"embed-controller-wrapper\">\n<blockquote class=\"twitter-tweet\" data-width=\"500\" data-dnt=\"true\">\n<p lang=\"en\" dir=\"ltr\">Late Summer in <a href=\"https:\/\/twitter.com\/hashtag\/saalbach?src=hash&amp;ref_src=twsrc%5Etfw\">#saalbach<\/a> \ud83d\ude0d <a href=\"https:\/\/t.co\/iE5T9z7gQy\">pic.twitter.com\/iE5T9z7gQy<\/a><\/p>\n<p>&mdash; Saalbach Hinterglemm (@saalbach) <a href=\"https:\/\/twitter.com\/saalbach\/status\/1438071068258885633?ref_src=twsrc%5Etfw\">September 15, 2021<\/a><\/p><\/blockquote>\n<p><script async data-src=\"https:\/\/platform.twitter.com\/widgets.js\" charset=\"utf-8\"><\/script><\/div>\n<p>Wiemy, \u017ce powy\u017csza nazwa mo\u017ce by\u0107 myl\u0105ca, ale wynika to z tego, \u017ce pocz\u0105tkowo by\u0142y to cztery r\u00f3\u017cne parki rowerowe. Kilka lat temu po\u0142\u0105czy\u0142y si\u0142y, aby stworzy\u0107 najwi\u0119kszy park rowerowy w Europie. Oferuje w sumie 400 km tras, dziewi\u0119\u0107 obs\u0142uguj\u0105cych je gondoli i siedem g\u00f3rskich szczyt\u00f3w, z kt\u00f3rych mo\u017cna zje\u017cd\u017ca\u0107 do woli, wi\u0119c bez w\u0105tpienia ten park powinien znale\u017a\u0107 si\u0119 na Twojej urlopowej li\u015bcie.<\/p>\n<p>Wiele tras to pojedyncze \u015bcie\u017cki, kt\u00f3re przecinaj\u0105 si\u0119 podczas zjazdu w d\u00f3\u0142 i przypominaj\u0105 typowe g\u00f3rskie drogi. Istnieje jednak ponad 70 km specjalnie zbudowanych tor\u00f3w, kt\u00f3re zapewni\u0105 Ci mn\u00f3stwo zabawy i adrenaliny przez kilka dni. Ponadto wszystkie d\u0142ugie trasy do swobodnej jazdy i bardzo kusz\u0105ca sekcja z tarasami zapewni\u0105 rozrywk\u0119 nawet przez kilka tygodni. Je\u015bli chodzi o szlaki, to jest ich wiele i ka\u017cdy mo\u017ce znale\u017a\u0107 co\u015b, co pasuje do jego umiej\u0119tno\u015bci i nastroju.<\/p>\n<p>Dzi\u0119ki tym wszystkim opcjom i r\u00f3\u017cnorodnej rozrywce dla dzieci mo\u017cesz zaplanowa\u0107 rodzinne wakacje w\u0142a\u015bnie tutaj.<\/p>\n<p>Mamy nadziej\u0119, \u017ce zach\u0119cili\u015bmy Ci\u0119 do odwiedzenia opisanych powy\u017cej park\u00f3w na letni urlop. Daj nam zna\u0107, kt\u00f3ry z nich znajdzie si\u0119 na li\u015bcie jako pierwszy.<\/p>\n<p><span data-sheets-value=\"{&quot;1&quot;:2,&quot;2&quot;:&quot;Artyku\u0142 powsta\u0142 we wsp\u00f3\u0142pracy ze skoda-auto.pl&quot;}\" data-sheets-userformat=\"{&quot;2&quot;:1,&quot;3&quot;:{&quot;1&quot;:0}}\" data-sheets-hyperlink=\"http:\/\/www.skoda-auto.pl\/\"><a class=\"in-cell-link\" href=\"http:\/\/www.skoda-auto.pl\/\" target=\"_blank\" rel=\"noopener noreferrer\">Artyku\u0142 powsta\u0142 we wsp\u00f3\u0142pracy ze skoda-auto.pl<\/a><\/span><\/p>\n<p><a href=\"https:\/\/sklep.skoda.pl\/pl\/sklep\/b\/331\/rowery-i-akcesoria-rowery.html\"><img loading=\"lazy\" decoding=\"async\" class=\"aligncenter wp-image-9608 size-full loading\" src=\"https:\/\/d2p6e6u75xmxt8.cloudfront.net\/5\/2019\/08\/baner_WLC_640x350_3.png\" sizes=\"auto, (max-width: 640px) 100vw, 640px\" srcset=\"https:\/\/d2p6e6u75xmxt8.cloudfront.net\/5\/2019\/08\/baner_WLC_640x350_3.png 640w, https:\/\/d2p6e6u75xmxt8.cloudfront.net\/5\/2019\/08\/baner_WLC_640x350_3-300x164.png 300w\" alt=\"\" width=\"640\" height=\"350\" data-was-processed=\"true\" \/><\/a><\/p>\n","protected":false},"excerpt":{"rendered":"<p>Zdajemy sobie spraw\u0119, \u017ce sezon si\u0119 zako\u0144czy\u0142, a wi\u0119kszo\u015b\u0107 park\u00f3w rowerowych jest ju\u017c zamkni\u0119ta. Jednak nic nie stoi na przeszkodzie, [&hellip;]<\/p>\n","protected":false},"author":153,"featured_media":12332,"comment_status":"open","ping_status":"open","sticky":false,"template":"","format":"standard","meta":{"footnotes":""},"categories":[5],"tags":[],"global-categories":[303],"class_list":["post-12331","post","type-post","status-publish","format-standard","has-post-thumbnail","hentry","category-outdoormtb","global-categories-cycling"],"yoast_head":"<!-- This site is optimized with the Yoast SEO Premium plugin v25.3 (Yoast SEO v25.9) - https:\/\/yoast.com\/wordpress\/plugins\/seo\/ -->\n<title>5 najlepszych europejskich park\u00f3w rowerowych na wakacje 2022! - \u0160koda We Love Cycling - Poland<\/title>\n<meta name=\"robots\" content=\"index, follow, max-snippet:-1, max-image-preview:large, max-video-preview:-1\" \/>\n<link rel=\"canonical\" href=\"https:\/\/www.welovecycling.com\/pl\/2021\/11\/19\/5-najlepszych-europejskich-parkow-rowerowych-na-wakacje-2022\/\" \/>\n<meta property=\"og:locale\" content=\"pl_PL\" \/>\n<meta property=\"og:type\" content=\"article\" \/>\n<meta property=\"og:title\" content=\"5 najlepszych europejskich park\u00f3w rowerowych na wakacje 2022!\" \/>\n<meta property=\"og:description\" content=\"Zdajemy sobie spraw\u0119, \u017ce sezon si\u0119 zako\u0144czy\u0142, a wi\u0119kszo\u015b\u0107 park\u00f3w rowerowych jest ju\u017c zamkni\u0119ta. Jednak nic nie stoi na przeszkodzie, [&hellip;]\" \/>\n<meta property=\"og:url\" content=\"https:\/\/www.welovecycling.com\/pl\/2021\/11\/19\/5-najlepszych-europejskich-parkow-rowerowych-na-wakacje-2022\/\" \/>\n<meta property=\"og:site_name\" content=\"\u0160koda We Love Cycling - Poland\" \/>\n<meta property=\"article:published_time\" content=\"2021-11-19T13:35:01+00:00\" \/>\n<meta property=\"og:image\" content=\"https:\/\/d2p6e6u75xmxt8.cloudfront.net\/5\/2021\/11\/MTB-Bike-Park-Austria-profimedia-0629936718-CVR-1024x450-1.jpg\" \/>\n\t<meta property=\"og:image:width\" content=\"1024\" \/>\n\t<meta property=\"og:image:height\" content=\"450\" \/>\n\t<meta property=\"og:image:type\" content=\"image\/jpeg\" \/>\n<meta name=\"author\" content=\"rafal\" \/>\n<meta name=\"twitter:card\" content=\"summary_large_image\" \/>\n<meta name=\"twitter:label1\" content=\"Written by\" \/>\n\t<meta name=\"twitter:data1\" content=\"Martin Atanasov\" \/>\n\t<meta name=\"twitter:label2\" content=\"Est. reading time\" \/>\n\t<meta name=\"twitter:data2\" content=\"6 minutes\" \/>\n<script type=\"application\/ld+json\" class=\"yoast-schema-graph\">{\"@context\":\"https:\/\/schema.org\",\"@graph\":[{\"@type\":\"WebPage\",\"@id\":\"https:\/\/www.welovecycling.com\/pl\/2021\/11\/19\/5-najlepszych-europejskich-parkow-rowerowych-na-wakacje-2022\/\",\"url\":\"https:\/\/www.welovecycling.com\/pl\/2021\/11\/19\/5-najlepszych-europejskich-parkow-rowerowych-na-wakacje-2022\/\",\"name\":\"5 najlepszych europejskich park\u00f3w rowerowych na wakacje 2022! - \u0160koda We Love Cycling - Poland\",\"isPartOf\":{\"@id\":\"https:\/\/www.welovecycling.com\/pl\/#website\"},\"primaryImageOfPage\":{\"@id\":\"https:\/\/www.welovecycling.com\/pl\/2021\/11\/19\/5-najlepszych-europejskich-parkow-rowerowych-na-wakacje-2022\/#primaryimage\"},\"image\":{\"@id\":\"https:\/\/www.welovecycling.com\/pl\/2021\/11\/19\/5-najlepszych-europejskich-parkow-rowerowych-na-wakacje-2022\/#primaryimage\"},\"thumbnailUrl\":\"https:\/\/d2p6e6u75xmxt8.cloudfront.net\/5\/2021\/11\/MTB-Bike-Park-Austria-profimedia-0629936718-CVR-1024x450-1.jpg\",\"datePublished\":\"2021-11-19T13:35:01+00:00\",\"author\":{\"@id\":\"https:\/\/www.welovecycling.com\/pl\/#\/schema\/person\/bf06ed916a1ef16618807fb60d2ebe42\"},\"breadcrumb\":{\"@id\":\"https:\/\/www.welovecycling.com\/pl\/2021\/11\/19\/5-najlepszych-europejskich-parkow-rowerowych-na-wakacje-2022\/#breadcrumb\"},\"inLanguage\":\"pl-PL\",\"potentialAction\":[{\"@type\":\"ReadAction\",\"target\":[\"https:\/\/www.welovecycling.com\/pl\/2021\/11\/19\/5-najlepszych-europejskich-parkow-rowerowych-na-wakacje-2022\/\"]}]},{\"@type\":\"ImageObject\",\"inLanguage\":\"pl-PL\",\"@id\":\"https:\/\/www.welovecycling.com\/pl\/2021\/11\/19\/5-najlepszych-europejskich-parkow-rowerowych-na-wakacje-2022\/#primaryimage\",\"url\":\"https:\/\/d2p6e6u75xmxt8.cloudfront.net\/5\/2021\/11\/MTB-Bike-Park-Austria-profimedia-0629936718-CVR-1024x450-1.jpg\",\"contentUrl\":\"https:\/\/d2p6e6u75xmxt8.cloudfront.net\/5\/2021\/11\/MTB-Bike-Park-Austria-profimedia-0629936718-CVR-1024x450-1.jpg\",\"width\":1024,\"height\":450},{\"@type\":\"BreadcrumbList\",\"@id\":\"https:\/\/www.welovecycling.com\/pl\/2021\/11\/19\/5-najlepszych-europejskich-parkow-rowerowych-na-wakacje-2022\/#breadcrumb\",\"itemListElement\":[{\"@type\":\"ListItem\",\"position\":1,\"name\":\"Home\",\"item\":\"https:\/\/www.welovecycling.com\/pl\/\"},{\"@type\":\"ListItem\",\"position\":2,\"name\":\"5 najlepszych europejskich park\u00f3w rowerowych na wakacje 2022!\"}]},{\"@type\":\"WebSite\",\"@id\":\"https:\/\/www.welovecycling.com\/pl\/#website\",\"url\":\"https:\/\/www.welovecycling.com\/pl\/\",\"name\":\"\u0160koda We Love Cycling - Poland\",\"description\":\"\",\"potentialAction\":[{\"@type\":\"SearchAction\",\"target\":{\"@type\":\"EntryPoint\",\"urlTemplate\":\"https:\/\/www.welovecycling.com\/pl\/?s={search_term_string}\"},\"query-input\":{\"@type\":\"PropertyValueSpecification\",\"valueRequired\":true,\"valueName\":\"search_term_string\"}}],\"inLanguage\":\"pl-PL\"},{\"@type\":\"Person\",\"@id\":\"https:\/\/www.welovecycling.com\/pl\/#\/schema\/person\/bf06ed916a1ef16618807fb60d2ebe42\",\"name\":\"rafal\",\"image\":{\"@type\":\"ImageObject\",\"inLanguage\":\"pl-PL\",\"@id\":\"https:\/\/www.welovecycling.com\/pl\/#\/schema\/person\/image\/\",\"url\":\"https:\/\/secure.gravatar.com\/avatar\/203f240e63bee214f6f3a0dacbeb600c7829c09716c2b9ee3230c6961debcde2?s=96&d=mm&r=g\",\"contentUrl\":\"https:\/\/secure.gravatar.com\/avatar\/203f240e63bee214f6f3a0dacbeb600c7829c09716c2b9ee3230c6961debcde2?s=96&d=mm&r=g\",\"caption\":\"rafal\"},\"url\":\"https:\/\/www.welovecycling.com\/pl\/author\/rafal\/\"}]}<\/script>\n<!-- \/ Yoast SEO Premium plugin. -->","yoast_head_json":{"title":"5 najlepszych europejskich park\u00f3w rowerowych na wakacje 2022! - \u0160koda We Love Cycling - Poland","robots":{"index":"index","follow":"follow","max-snippet":"max-snippet:-1","max-image-preview":"max-image-preview:large","max-video-preview":"max-video-preview:-1"},"canonical":"https:\/\/www.welovecycling.com\/pl\/2021\/11\/19\/5-najlepszych-europejskich-parkow-rowerowych-na-wakacje-2022\/","og_locale":"pl_PL","og_type":"article","og_title":"5 najlepszych europejskich park\u00f3w rowerowych na wakacje 2022!","og_description":"Zdajemy sobie spraw\u0119, \u017ce sezon si\u0119 zako\u0144czy\u0142, a wi\u0119kszo\u015b\u0107 park\u00f3w rowerowych jest ju\u017c zamkni\u0119ta. Jednak nic nie stoi na przeszkodzie, [&hellip;]","og_url":"https:\/\/www.welovecycling.com\/pl\/2021\/11\/19\/5-najlepszych-europejskich-parkow-rowerowych-na-wakacje-2022\/","og_site_name":"\u0160koda We Love Cycling - Poland","article_published_time":"2021-11-19T13:35:01+00:00","og_image":[{"width":1024,"height":450,"url":"https:\/\/d2p6e6u75xmxt8.cloudfront.net\/5\/2021\/11\/MTB-Bike-Park-Austria-profimedia-0629936718-CVR-1024x450-1.jpg","type":"image\/jpeg"}],"author":"rafal","twitter_card":"summary_large_image","twitter_misc":{"Written by":"Martin Atanasov","Est. reading time":"6 minutes"},"schema":{"@context":"https:\/\/schema.org","@graph":[{"@type":"WebPage","@id":"https:\/\/www.welovecycling.com\/pl\/2021\/11\/19\/5-najlepszych-europejskich-parkow-rowerowych-na-wakacje-2022\/","url":"https:\/\/www.welovecycling.com\/pl\/2021\/11\/19\/5-najlepszych-europejskich-parkow-rowerowych-na-wakacje-2022\/","name":"5 najlepszych europejskich park\u00f3w rowerowych na wakacje 2022! - \u0160koda We Love Cycling - Poland","isPartOf":{"@id":"https:\/\/www.welovecycling.com\/pl\/#website"},"primaryImageOfPage":{"@id":"https:\/\/www.welovecycling.com\/pl\/2021\/11\/19\/5-najlepszych-europejskich-parkow-rowerowych-na-wakacje-2022\/#primaryimage"},"image":{"@id":"https:\/\/www.welovecycling.com\/pl\/2021\/11\/19\/5-najlepszych-europejskich-parkow-rowerowych-na-wakacje-2022\/#primaryimage"},"thumbnailUrl":"https:\/\/d2p6e6u75xmxt8.cloudfront.net\/5\/2021\/11\/MTB-Bike-Park-Austria-profimedia-0629936718-CVR-1024x450-1.jpg","datePublished":"2021-11-19T13:35:01+00:00","author":{"@id":"https:\/\/www.welovecycling.com\/pl\/#\/schema\/person\/bf06ed916a1ef16618807fb60d2ebe42"},"breadcrumb":{"@id":"https:\/\/www.welovecycling.com\/pl\/2021\/11\/19\/5-najlepszych-europejskich-parkow-rowerowych-na-wakacje-2022\/#breadcrumb"},"inLanguage":"pl-PL","potentialAction":[{"@type":"ReadAction","target":["https:\/\/www.welovecycling.com\/pl\/2021\/11\/19\/5-najlepszych-europejskich-parkow-rowerowych-na-wakacje-2022\/"]}]},{"@type":"ImageObject","inLanguage":"pl-PL","@id":"https:\/\/www.welovecycling.com\/pl\/2021\/11\/19\/5-najlepszych-europejskich-parkow-rowerowych-na-wakacje-2022\/#primaryimage","url":"https:\/\/d2p6e6u75xmxt8.cloudfront.net\/5\/2021\/11\/MTB-Bike-Park-Austria-profimedia-0629936718-CVR-1024x450-1.jpg","contentUrl":"https:\/\/d2p6e6u75xmxt8.cloudfront.net\/5\/2021\/11\/MTB-Bike-Park-Austria-profimedia-0629936718-CVR-1024x450-1.jpg","width":1024,"height":450},{"@type":"BreadcrumbList","@id":"https:\/\/www.welovecycling.com\/pl\/2021\/11\/19\/5-najlepszych-europejskich-parkow-rowerowych-na-wakacje-2022\/#breadcrumb","itemListElement":[{"@type":"ListItem","position":1,"name":"Home","item":"https:\/\/www.welovecycling.com\/pl\/"},{"@type":"ListItem","position":2,"name":"5 najlepszych europejskich park\u00f3w rowerowych na wakacje 2022!"}]},{"@type":"WebSite","@id":"https:\/\/www.welovecycling.com\/pl\/#website","url":"https:\/\/www.welovecycling.com\/pl\/","name":"\u0160koda We Love Cycling - Poland","description":"","potentialAction":[{"@type":"SearchAction","target":{"@type":"EntryPoint","urlTemplate":"https:\/\/www.welovecycling.com\/pl\/?s={search_term_string}"},"query-input":{"@type":"PropertyValueSpecification","valueRequired":true,"valueName":"search_term_string"}}],"inLanguage":"pl-PL"},{"@type":"Person","@id":"https:\/\/www.welovecycling.com\/pl\/#\/schema\/person\/bf06ed916a1ef16618807fb60d2ebe42","name":"rafal","image":{"@type":"ImageObject","inLanguage":"pl-PL","@id":"https:\/\/www.welovecycling.com\/pl\/#\/schema\/person\/image\/","url":"https:\/\/secure.gravatar.com\/avatar\/203f240e63bee214f6f3a0dacbeb600c7829c09716c2b9ee3230c6961debcde2?s=96&d=mm&r=g","contentUrl":"https:\/\/secure.gravatar.com\/avatar\/203f240e63bee214f6f3a0dacbeb600c7829c09716c2b9ee3230c6961debcde2?s=96&d=mm&r=g","caption":"rafal"},"url":"https:\/\/www.welovecycling.com\/pl\/author\/rafal\/"}]}},"_links":{"self":[{"href":"https:\/\/www.welovecycling.com\/pl\/wp-json\/wp\/v2\/posts\/12331","targetHints":{"allow":["GET"]}}],"collection":[{"href":"https:\/\/www.welovecycling.com\/pl\/wp-json\/wp\/v2\/posts"}],"about":[{"href":"https:\/\/www.welovecycling.com\/pl\/wp-json\/wp\/v2\/types\/post"}],"author":[{"embeddable":true,"href":"https:\/\/www.welovecycling.com\/pl\/wp-json\/wp\/v2\/users\/153"}],"replies":[{"embeddable":true,"href":"https:\/\/www.welovecycling.com\/pl\/wp-json\/wp\/v2\/comments?post=12331"}],"version-history":[{"count":2,"href":"https:\/\/www.welovecycling.com\/pl\/wp-json\/wp\/v2\/posts\/12331\/revisions"}],"predecessor-version":[{"id":12342,"href":"https:\/\/www.welovecycling.com\/pl\/wp-json\/wp\/v2\/posts\/12331\/revisions\/12342"}],"wp:featuredmedia":[{"embeddable":true,"href":"https:\/\/www.welovecycling.com\/pl\/wp-json\/wp\/v2\/media\/12332"}],"wp:attachment":[{"href":"https:\/\/www.welovecycling.com\/pl\/wp-json\/wp\/v2\/media?parent=12331"}],"wp:term":[{"taxonomy":"category","embeddable":true,"href":"https:\/\/www.welovecycling.com\/pl\/wp-json\/wp\/v2\/categories?post=12331"},{"taxonomy":"post_tag","embeddable":true,"href":"https:\/\/www.welovecycling.com\/pl\/wp-json\/wp\/v2\/tags?post=12331"},{"taxonomy":"global-categories","embeddable":true,"href":"https:\/\/www.welovecycling.com\/pl\/wp-json\/wp\/v2\/global-categories?post=12331"}],"curies":[{"name":"wp","href":"https:\/\/api.w.org\/{rel}","templated":true}]}}