{"id":12323,"date":"2021-11-17T11:25:21","date_gmt":"2021-11-17T11:25:21","guid":{"rendered":"https:\/\/www.welovecycling.com\/pl\/?p=12323"},"modified":"2021-11-17T11:25:21","modified_gmt":"2021-11-17T11:25:21","slug":"gdy-peleton-przestaje-krecic-fakty-plotki-i-ploteczki","status":"publish","type":"post","link":"https:\/\/www.welovecycling.com\/pl\/2021\/11\/17\/gdy-peleton-przestaje-krecic-fakty-plotki-i-ploteczki\/","title":{"rendered":"Gdy peleton przestaje kr\u0119ci\u0107\u2026 Fakty, plotki i ploteczki."},"content":{"rendered":"<p><strong>Negocjuj\u0105, zmieniaj\u0105 barwy, ko\u0144cz\u0105 kariery lub odrzucaj\u0105 kosmiczne kontrakty. Co dzieje si\u0119 w kolarskim \u015bwiecie, gdy nadchodzi przerwa od wy\u015bcig\u00f3w?<\/strong><\/p>\n<p>Transfery w kolarstwie s\u0105 na porz\u0105dku dziennym. Cz\u0119\u015b\u0107 zawodnik\u00f3w chce spr\u00f3bowa\u0107 czego\u015b nowego, cz\u0119\u015b\u0107 szuka lepszych zarobk\u00f3w lub ma do\u015b\u0107 obecnej ekipy. A o czym teraz dyskutuje kolarski \u015bwiat?<\/p>\n<h2><strong>Zaskakuj\u0105ca decyzja Petera Sagana<\/strong><\/h2>\n<p>Najgor\u0119tszym nazwiskiem na transferowej gie\u0142dzie by\u0142 Peter Sagan. Od pewnego czasu by\u0142o wiadomo, \u017ce S\u0142owak po pi\u0119ciu sezonach po\u017cegna si\u0119 z ekip\u0105 Bora-Hansgrohe, ale trwa\u0142y spekulacje, gdzie trafi. Co prawda 31-letni Sagan ma za sob\u0105 niezbyt udany sezon, ale jego CV wci\u0105\u017c jest mocno kusz\u0105ce: 7 zwyci\u0119stw w klasyfikacji punktowej Tour de France (najwi\u0119cej w historii), wiele wygranych w wy\u015bcigach jednodniowych i trzy tytu\u0142y mistrza \u015bwiata.<\/p>\n<p>W ko\u0144cu Sagan podj\u0105\u0142 do\u015b\u0107 zaskakuj\u0105c\u0105 decyzj\u0119 i zwi\u0105za\u0142 si\u0119 z francuskim Team TotalEnergies, ekip\u0105 drugiej dywizji \u2013 To dla mnie nowa motywacja, bo nadal chc\u0119 prezentowa\u0107 wysoki poziom. Oczywi\u015bcie, \u017ce przyjdzie czas, by po\u017cegna\u0107 si\u0119 zawodowstwem, ale sam zdecyduj\u0119, kiedy to b\u0119dzie. Na razie przecie\u017c jestem m\u0142ody, prawda? \u2013 m\u00f3wi\u0142 S\u0142owak w swoim stylu w rozmowie z CyclingNews.<\/p>\n<p>Sagan aklimatyzacj\u0119 w nowym zespole b\u0119dzie mia\u0142 u\u0142atwion\u0105, bo wraz z nim z Bora-Hansgrohe do Team TotalEnergies przechodz\u0105 Maciej Bodnar i Daniel Oss. A ze swoj\u0105 star\u0105 ekip\u0105 Sagan po\u017cegna\u0142 si\u0119 godnie, bo zwyci\u0119stwem w Giro d\u2019Italia Criterium, kt\u00f3ry odbywa\u0142 si\u0119 w Dubaju.<\/p>\n<div class=\"embed-controller-wrapper\">\n<blockquote class=\"twitter-tweet\" data-width=\"500\" data-dnt=\"true\">\n<p lang=\"it\" dir=\"ltr\">Peter Sagan wins the Giro d&#39;Italia Criterium at Expo 2020 Dubai | <a href=\"https:\/\/twitter.com\/petosagan?ref_src=twsrc%5Etfw\">@petosagan<\/a> ha vinto il Giro d&#39;Italia Criterium &#8211;&gt; <a href=\"https:\/\/t.co\/qnopyqJyYv\">https:\/\/t.co\/qnopyqJyYv<\/a><a href=\"https:\/\/twitter.com\/hashtag\/Giro?src=hash&amp;ref_src=twsrc%5Etfw\">#Giro<\/a> <a href=\"https:\/\/twitter.com\/hashtag\/GirodItaliaCriterium?src=hash&amp;ref_src=twsrc%5Etfw\">#GirodItaliaCriterium<\/a> <a href=\"https:\/\/twitter.com\/hashtag\/madeinitaly?src=hash&amp;ref_src=twsrc%5Etfw\">#madeinitaly<\/a><br \/>@expo2020dubai <a href=\"https:\/\/twitter.com\/DubaiSC?ref_src=twsrc%5Etfw\">@DubaiSC<\/a> <a href=\"https:\/\/twitter.com\/AbuDhabiSC?ref_src=twsrc%5Etfw\">@AbuDhabiSC<\/a> <a href=\"https:\/\/twitter.com\/ITAtradeagency?ref_src=twsrc%5Etfw\">@ITAtradeagency<\/a> <a href=\"https:\/\/t.co\/g9LoutMFea\">pic.twitter.com\/g9LoutMFea<\/a><\/p>\n<p>&mdash; Giro d&#39;Italia (@giroditalia) <a href=\"https:\/\/twitter.com\/giroditalia\/status\/1456997024050581505?ref_src=twsrc%5Etfw\">November 6, 2021<\/a><\/p><\/blockquote>\n<p><script async data-src=\"https:\/\/platform.twitter.com\/widgets.js\" charset=\"utf-8\"><\/script><\/div>\n<h2><strong>Trudne negocjacje <\/strong><\/h2>\n<p>W nowych barwach je\u017adzi\u0142 b\u0119dzie tak\u017ce inny znakomity zawodnik \u2013 Vincenzo Nibali, zwyci\u0119zca klasyfikacji generalnej Tour de France z 2014 r. \u201eRekin z Mesyny\u201d z ulg\u0105 po\u017cegna\u0142 si\u0119 z zespo\u0142em Trek-Segafredo, gdzie nie potrafi\u0142 znale\u017a\u0107 wsp\u00f3lnego j\u0119zyka z cz\u0119\u015bci\u0105 ekipy, i wraca do Astana Qazaqstan Team.<\/p>\n<p>Gor\u0105co by\u0142o r\u00f3wnie\u017c wok\u00f3\u0142 Gerainta Thomasa, bo peleton spekulowa\u0142, \u017ce zwyci\u0119zca Tour de France z 2018 po\u017cegna si\u0119 z Team Ineos Grenadiers. Pow\u00f3d? Rozbie\u017cno\u015bci w oczekiwaniach co do nowego kontraktu. Negocjacje ci\u0105gn\u0119\u0142y si\u0119 tygodniami, ale wszystko wskazuje na to, \u017ce uda\u0142o si\u0119 znale\u017a\u0107 rozwi\u0105zanie satysfakcjonuj\u0105ce obie strony i Walijczyk zaliczy 12. sezon z rz\u0119du w brytyjskiej ekipie.<\/p>\n<p>&#8211; To by\u0142y najtrudniejsze z dotychczasowych negocjacji, ale jestem szcz\u0119\u015bliwy, \u017ce zosta\u0142y ju\u017c prawie zako\u0144czone \u2013 m\u00f3wi\u0142 Thomas w rozmowie z BBC Sport Wales.<\/p>\n<h2><strong>Kosmiczna oferta dla zwyci\u0119zcy Tour de France?<\/strong><\/h2>\n<p>Kto wie, czy sprawa Thomasa nie by\u0142a powi\u0105zana z plotkami dotycz\u0105cymi Tadeja Pogacara. Zwyci\u0119zca dw\u00f3ch ostatnich Tour de France mia\u0142 otrzyma\u0107 od Ineos Grenadiers propozycj\u0119\u2026 potrojenia zarobk\u00f3w, a to oznacza, \u017ce zarabia\u0142by a\u017c 18 mln z\u0142 euro za sezon! Co wi\u0119cej, Brytyjczycy musieliby jeszcze wykupi\u0107 jego kontrakt z UAE Team Emirates, kt\u00f3ry obowi\u0105zuje a\u017c do 2027 r. Wydaje si\u0119 jednak, \u017ce to tylko plotki, poniewa\u017c w gr\u0119 wchodz\u0105 kosmiczne, jak na kolarstwo, pieni\u0105dze, poza tym ekipa ze Zjednoczonych Emirat\u00f3w Arabskich nie wygl\u0105da na tak\u0105, kt\u00f3rej by czego\u015b brakowa\u0142o.<\/p>\n<p>https:\/\/www.facebook.com\/rafalmajkaofficial\/posts\/422870319202617<\/p>\n<h2><\/h2>\n<h2><strong>Coraz bli\u017cej ko\u0144ca kariery\u2026<\/strong><\/h2>\n<p>Wiadomo r\u00f3wnie\u017c, \u017ce w kolejnym sezonie Christophera Froome\u2019a dalej b\u0119dziemy ogl\u0105dali w barwach Israel Start-Up Nation. Co wi\u0119cej, to w\u0142a\u015bnie w tej ekipie Brytyjczyk zamierza zako\u0144czy\u0107 karier\u0119.<\/p>\n<p>Z kolei Alejandro Valverde z peletonem po\u017cegna si\u0119 w barwach Movistaru, ale b\u0119dzie to dopiero za 12 miesi\u0119cy. 41-letni zawodnik w\u0142a\u015bnie zapowiedzia\u0142, \u017ce 2022 r. b\u0119dzie jego ostatnim w karierze.<\/p>\n<div class=\"embed-controller-wrapper\">\n<blockquote class=\"twitter-tweet\" data-width=\"500\" data-dnt=\"true\">\n<p lang=\"en\" dir=\"ltr\">2022. <a href=\"https:\/\/twitter.com\/alejanvalverde?ref_src=twsrc%5Etfw\">@alejanvalverde<\/a>.<\/p>\n<p>Disfruta. Gracias por todo.<\/p>\n<p>Enjoy this one, mate. Thanks for everything.<a href=\"https:\/\/twitter.com\/hashtag\/RodamosJuntos?src=hash&amp;ref_src=twsrc%5Etfw\">#RodamosJuntos<\/a> | <a href=\"https:\/\/twitter.com\/hashtag\/La%C3%9AltimaBala?src=hash&amp;ref_src=twsrc%5Etfw\">#La\u00daltimaBala<\/a> \ud83d\ude80\ud83d\udc99 <a href=\"https:\/\/t.co\/IJibPpq1tG\">pic.twitter.com\/IJibPpq1tG<\/a><\/p>\n<p>&mdash; Movistar Team (@Movistar_Team) <a href=\"https:\/\/twitter.com\/Movistar_Team\/status\/1455837161257799683?ref_src=twsrc%5Etfw\">November 3, 2021<\/a><\/p><\/blockquote>\n<p><script async data-src=\"https:\/\/platform.twitter.com\/widgets.js\" charset=\"utf-8\"><\/script><\/div>\n<p>Co jeszcze czeka nas przed startem sezonu? Na pewno mo\u017cna spodziewa\u0107 si\u0119, \u017ce emocji i nieoczekiwanych zwrot\u00f3w akcji b\u0119dzie wi\u0119cej ni\u017c podczas niekt\u00f3rych wy\u015bcig\u00f3w.<\/p>\n<p><span data-sheets-value=\"{&quot;1&quot;:2,&quot;2&quot;:&quot;Artyku\u0142 powsta\u0142 we wsp\u00f3\u0142pracy ze skoda-auto.pl&quot;}\" data-sheets-userformat=\"{&quot;2&quot;:1,&quot;3&quot;:{&quot;1&quot;:0}}\" data-sheets-hyperlink=\"http:\/\/www.skoda-auto.pl\/\"><a class=\"in-cell-link\" href=\"http:\/\/www.skoda-auto.pl\/\" target=\"_blank\" rel=\"noopener noreferrer\">Artyku\u0142 powsta\u0142 we wsp\u00f3\u0142pracy ze skoda-auto.pl<\/a><\/span><\/p>\n<p><a href=\"https:\/\/sklep.skoda.pl\/pl\/sklep\/b\/331\/rowery-i-akcesoria-rowery.html\"><img loading=\"lazy\" decoding=\"async\" class=\"aligncenter wp-image-9608 size-full loading\" src=\"https:\/\/d2p6e6u75xmxt8.cloudfront.net\/5\/2019\/08\/baner_WLC_640x350_3.png\" sizes=\"auto, (max-width: 640px) 100vw, 640px\" srcset=\"https:\/\/d2p6e6u75xmxt8.cloudfront.net\/5\/2019\/08\/baner_WLC_640x350_3.png 640w, https:\/\/d2p6e6u75xmxt8.cloudfront.net\/5\/2019\/08\/baner_WLC_640x350_3-300x164.png 300w\" alt=\"\" width=\"640\" height=\"350\" data-was-processed=\"true\" \/><\/a><\/p>\n","protected":false},"excerpt":{"rendered":"<p>Negocjuj\u0105, zmieniaj\u0105 barwy, ko\u0144cz\u0105 kariery lub odrzucaj\u0105 kosmiczne kontrakty. Co dzieje si\u0119 w kolarskim \u015bwiecie, gdy nadchodzi przerwa od wy\u015bcig\u00f3w? [&hellip;]<\/p>\n","protected":false},"author":153,"featured_media":12327,"comment_status":"open","ping_status":"open","sticky":false,"template":"","format":"standard","meta":{"footnotes":""},"categories":[6],"tags":[362],"global-categories":[303],"class_list":["post-12323","post","type-post","status-publish","format-standard","has-post-thumbnail","hentry","category-kolarstwo-szosowe","tag-piotr-nowik","global-categories-cycling"],"yoast_head":"<!-- This site is optimized with the Yoast SEO Premium plugin v25.3 (Yoast SEO v25.9) - https:\/\/yoast.com\/wordpress\/plugins\/seo\/ -->\n<title>Gdy peleton przestaje kr\u0119ci\u0107\u2026 Fakty, plotki i ploteczki. - \u0160koda We Love Cycling - Poland<\/title>\n<meta name=\"robots\" content=\"index, follow, max-snippet:-1, max-image-preview:large, max-video-preview:-1\" \/>\n<link rel=\"canonical\" href=\"https:\/\/www.welovecycling.com\/pl\/2021\/11\/17\/gdy-peleton-przestaje-krecic-fakty-plotki-i-ploteczki\/\" \/>\n<meta property=\"og:locale\" content=\"pl_PL\" \/>\n<meta property=\"og:type\" content=\"article\" \/>\n<meta property=\"og:title\" content=\"Gdy peleton przestaje kr\u0119ci\u0107\u2026 Fakty, plotki i ploteczki.\" \/>\n<meta property=\"og:description\" content=\"Negocjuj\u0105, zmieniaj\u0105 barwy, ko\u0144cz\u0105 kariery lub odrzucaj\u0105 kosmiczne kontrakty. Co dzieje si\u0119 w kolarskim \u015bwiecie, gdy nadchodzi przerwa od wy\u015bcig\u00f3w? [&hellip;]\" \/>\n<meta property=\"og:url\" content=\"https:\/\/www.welovecycling.com\/pl\/2021\/11\/17\/gdy-peleton-przestaje-krecic-fakty-plotki-i-ploteczki\/\" \/>\n<meta property=\"og:site_name\" content=\"\u0160koda We Love Cycling - Poland\" \/>\n<meta property=\"article:published_time\" content=\"2021-11-17T11:25:21+00:00\" \/>\n<meta property=\"og:image\" content=\"https:\/\/d2p6e6u75xmxt8.cloudfront.net\/5\/2021\/11\/DSC9538-1024x684-1.jpg\" \/>\n\t<meta property=\"og:image:width\" content=\"1024\" \/>\n\t<meta property=\"og:image:height\" content=\"684\" \/>\n\t<meta property=\"og:image:type\" content=\"image\/jpeg\" \/>\n<meta name=\"author\" content=\"rafal\" \/>\n<meta name=\"twitter:card\" content=\"summary_large_image\" \/>\n<meta name=\"twitter:label1\" content=\"Written by\" \/>\n\t<meta name=\"twitter:data1\" content=\"Piotr Nowik\" \/>\n\t<meta name=\"twitter:label2\" content=\"Est. reading time\" \/>\n\t<meta name=\"twitter:data2\" content=\"3 minutes\" \/>\n<script type=\"application\/ld+json\" class=\"yoast-schema-graph\">{\"@context\":\"https:\/\/schema.org\",\"@graph\":[{\"@type\":\"WebPage\",\"@id\":\"https:\/\/www.welovecycling.com\/pl\/2021\/11\/17\/gdy-peleton-przestaje-krecic-fakty-plotki-i-ploteczki\/\",\"url\":\"https:\/\/www.welovecycling.com\/pl\/2021\/11\/17\/gdy-peleton-przestaje-krecic-fakty-plotki-i-ploteczki\/\",\"name\":\"Gdy peleton przestaje kr\u0119ci\u0107\u2026 Fakty, plotki i ploteczki. - \u0160koda We Love Cycling - Poland\",\"isPartOf\":{\"@id\":\"https:\/\/www.welovecycling.com\/pl\/#website\"},\"primaryImageOfPage\":{\"@id\":\"https:\/\/www.welovecycling.com\/pl\/2021\/11\/17\/gdy-peleton-przestaje-krecic-fakty-plotki-i-ploteczki\/#primaryimage\"},\"image\":{\"@id\":\"https:\/\/www.welovecycling.com\/pl\/2021\/11\/17\/gdy-peleton-przestaje-krecic-fakty-plotki-i-ploteczki\/#primaryimage\"},\"thumbnailUrl\":\"https:\/\/d2p6e6u75xmxt8.cloudfront.net\/5\/2021\/11\/DSC9538-1024x684-1.jpg\",\"datePublished\":\"2021-11-17T11:25:21+00:00\",\"author\":{\"@id\":\"https:\/\/www.welovecycling.com\/pl\/#\/schema\/person\/bf06ed916a1ef16618807fb60d2ebe42\"},\"breadcrumb\":{\"@id\":\"https:\/\/www.welovecycling.com\/pl\/2021\/11\/17\/gdy-peleton-przestaje-krecic-fakty-plotki-i-ploteczki\/#breadcrumb\"},\"inLanguage\":\"pl-PL\",\"potentialAction\":[{\"@type\":\"ReadAction\",\"target\":[\"https:\/\/www.welovecycling.com\/pl\/2021\/11\/17\/gdy-peleton-przestaje-krecic-fakty-plotki-i-ploteczki\/\"]}]},{\"@type\":\"ImageObject\",\"inLanguage\":\"pl-PL\",\"@id\":\"https:\/\/www.welovecycling.com\/pl\/2021\/11\/17\/gdy-peleton-przestaje-krecic-fakty-plotki-i-ploteczki\/#primaryimage\",\"url\":\"https:\/\/d2p6e6u75xmxt8.cloudfront.net\/5\/2021\/11\/DSC9538-1024x684-1.jpg\",\"contentUrl\":\"https:\/\/d2p6e6u75xmxt8.cloudfront.net\/5\/2021\/11\/DSC9538-1024x684-1.jpg\",\"width\":1024,\"height\":684},{\"@type\":\"BreadcrumbList\",\"@id\":\"https:\/\/www.welovecycling.com\/pl\/2021\/11\/17\/gdy-peleton-przestaje-krecic-fakty-plotki-i-ploteczki\/#breadcrumb\",\"itemListElement\":[{\"@type\":\"ListItem\",\"position\":1,\"name\":\"Home\",\"item\":\"https:\/\/www.welovecycling.com\/pl\/\"},{\"@type\":\"ListItem\",\"position\":2,\"name\":\"Gdy peleton przestaje kr\u0119ci\u0107\u2026 Fakty, plotki i ploteczki.\"}]},{\"@type\":\"WebSite\",\"@id\":\"https:\/\/www.welovecycling.com\/pl\/#website\",\"url\":\"https:\/\/www.welovecycling.com\/pl\/\",\"name\":\"\u0160koda We Love Cycling - Poland\",\"description\":\"\",\"potentialAction\":[{\"@type\":\"SearchAction\",\"target\":{\"@type\":\"EntryPoint\",\"urlTemplate\":\"https:\/\/www.welovecycling.com\/pl\/?s={search_term_string}\"},\"query-input\":{\"@type\":\"PropertyValueSpecification\",\"valueRequired\":true,\"valueName\":\"search_term_string\"}}],\"inLanguage\":\"pl-PL\"},{\"@type\":\"Person\",\"@id\":\"https:\/\/www.welovecycling.com\/pl\/#\/schema\/person\/bf06ed916a1ef16618807fb60d2ebe42\",\"name\":\"rafal\",\"image\":{\"@type\":\"ImageObject\",\"inLanguage\":\"pl-PL\",\"@id\":\"https:\/\/www.welovecycling.com\/pl\/#\/schema\/person\/image\/\",\"url\":\"https:\/\/secure.gravatar.com\/avatar\/203f240e63bee214f6f3a0dacbeb600c7829c09716c2b9ee3230c6961debcde2?s=96&d=mm&r=g\",\"contentUrl\":\"https:\/\/secure.gravatar.com\/avatar\/203f240e63bee214f6f3a0dacbeb600c7829c09716c2b9ee3230c6961debcde2?s=96&d=mm&r=g\",\"caption\":\"rafal\"},\"url\":\"https:\/\/www.welovecycling.com\/pl\/author\/rafal\/\"}]}<\/script>\n<!-- \/ Yoast SEO Premium plugin. -->","yoast_head_json":{"title":"Gdy peleton przestaje kr\u0119ci\u0107\u2026 Fakty, plotki i ploteczki. - \u0160koda We Love Cycling - Poland","robots":{"index":"index","follow":"follow","max-snippet":"max-snippet:-1","max-image-preview":"max-image-preview:large","max-video-preview":"max-video-preview:-1"},"canonical":"https:\/\/www.welovecycling.com\/pl\/2021\/11\/17\/gdy-peleton-przestaje-krecic-fakty-plotki-i-ploteczki\/","og_locale":"pl_PL","og_type":"article","og_title":"Gdy peleton przestaje kr\u0119ci\u0107\u2026 Fakty, plotki i ploteczki.","og_description":"Negocjuj\u0105, zmieniaj\u0105 barwy, ko\u0144cz\u0105 kariery lub odrzucaj\u0105 kosmiczne kontrakty. Co dzieje si\u0119 w kolarskim \u015bwiecie, gdy nadchodzi przerwa od wy\u015bcig\u00f3w? [&hellip;]","og_url":"https:\/\/www.welovecycling.com\/pl\/2021\/11\/17\/gdy-peleton-przestaje-krecic-fakty-plotki-i-ploteczki\/","og_site_name":"\u0160koda We Love Cycling - Poland","article_published_time":"2021-11-17T11:25:21+00:00","og_image":[{"width":1024,"height":684,"url":"https:\/\/d2p6e6u75xmxt8.cloudfront.net\/5\/2021\/11\/DSC9538-1024x684-1.jpg","type":"image\/jpeg"}],"author":"rafal","twitter_card":"summary_large_image","twitter_misc":{"Written by":"Piotr Nowik","Est. reading time":"3 minutes"},"schema":{"@context":"https:\/\/schema.org","@graph":[{"@type":"WebPage","@id":"https:\/\/www.welovecycling.com\/pl\/2021\/11\/17\/gdy-peleton-przestaje-krecic-fakty-plotki-i-ploteczki\/","url":"https:\/\/www.welovecycling.com\/pl\/2021\/11\/17\/gdy-peleton-przestaje-krecic-fakty-plotki-i-ploteczki\/","name":"Gdy peleton przestaje kr\u0119ci\u0107\u2026 Fakty, plotki i ploteczki. - \u0160koda We Love Cycling - Poland","isPartOf":{"@id":"https:\/\/www.welovecycling.com\/pl\/#website"},"primaryImageOfPage":{"@id":"https:\/\/www.welovecycling.com\/pl\/2021\/11\/17\/gdy-peleton-przestaje-krecic-fakty-plotki-i-ploteczki\/#primaryimage"},"image":{"@id":"https:\/\/www.welovecycling.com\/pl\/2021\/11\/17\/gdy-peleton-przestaje-krecic-fakty-plotki-i-ploteczki\/#primaryimage"},"thumbnailUrl":"https:\/\/d2p6e6u75xmxt8.cloudfront.net\/5\/2021\/11\/DSC9538-1024x684-1.jpg","datePublished":"2021-11-17T11:25:21+00:00","author":{"@id":"https:\/\/www.welovecycling.com\/pl\/#\/schema\/person\/bf06ed916a1ef16618807fb60d2ebe42"},"breadcrumb":{"@id":"https:\/\/www.welovecycling.com\/pl\/2021\/11\/17\/gdy-peleton-przestaje-krecic-fakty-plotki-i-ploteczki\/#breadcrumb"},"inLanguage":"pl-PL","potentialAction":[{"@type":"ReadAction","target":["https:\/\/www.welovecycling.com\/pl\/2021\/11\/17\/gdy-peleton-przestaje-krecic-fakty-plotki-i-ploteczki\/"]}]},{"@type":"ImageObject","inLanguage":"pl-PL","@id":"https:\/\/www.welovecycling.com\/pl\/2021\/11\/17\/gdy-peleton-przestaje-krecic-fakty-plotki-i-ploteczki\/#primaryimage","url":"https:\/\/d2p6e6u75xmxt8.cloudfront.net\/5\/2021\/11\/DSC9538-1024x684-1.jpg","contentUrl":"https:\/\/d2p6e6u75xmxt8.cloudfront.net\/5\/2021\/11\/DSC9538-1024x684-1.jpg","width":1024,"height":684},{"@type":"BreadcrumbList","@id":"https:\/\/www.welovecycling.com\/pl\/2021\/11\/17\/gdy-peleton-przestaje-krecic-fakty-plotki-i-ploteczki\/#breadcrumb","itemListElement":[{"@type":"ListItem","position":1,"name":"Home","item":"https:\/\/www.welovecycling.com\/pl\/"},{"@type":"ListItem","position":2,"name":"Gdy peleton przestaje kr\u0119ci\u0107\u2026 Fakty, plotki i ploteczki."}]},{"@type":"WebSite","@id":"https:\/\/www.welovecycling.com\/pl\/#website","url":"https:\/\/www.welovecycling.com\/pl\/","name":"\u0160koda We Love Cycling - Poland","description":"","potentialAction":[{"@type":"SearchAction","target":{"@type":"EntryPoint","urlTemplate":"https:\/\/www.welovecycling.com\/pl\/?s={search_term_string}"},"query-input":{"@type":"PropertyValueSpecification","valueRequired":true,"valueName":"search_term_string"}}],"inLanguage":"pl-PL"},{"@type":"Person","@id":"https:\/\/www.welovecycling.com\/pl\/#\/schema\/person\/bf06ed916a1ef16618807fb60d2ebe42","name":"rafal","image":{"@type":"ImageObject","inLanguage":"pl-PL","@id":"https:\/\/www.welovecycling.com\/pl\/#\/schema\/person\/image\/","url":"https:\/\/secure.gravatar.com\/avatar\/203f240e63bee214f6f3a0dacbeb600c7829c09716c2b9ee3230c6961debcde2?s=96&d=mm&r=g","contentUrl":"https:\/\/secure.gravatar.com\/avatar\/203f240e63bee214f6f3a0dacbeb600c7829c09716c2b9ee3230c6961debcde2?s=96&d=mm&r=g","caption":"rafal"},"url":"https:\/\/www.welovecycling.com\/pl\/author\/rafal\/"}]}},"_links":{"self":[{"href":"https:\/\/www.welovecycling.com\/pl\/wp-json\/wp\/v2\/posts\/12323","targetHints":{"allow":["GET"]}}],"collection":[{"href":"https:\/\/www.welovecycling.com\/pl\/wp-json\/wp\/v2\/posts"}],"about":[{"href":"https:\/\/www.welovecycling.com\/pl\/wp-json\/wp\/v2\/types\/post"}],"author":[{"embeddable":true,"href":"https:\/\/www.welovecycling.com\/pl\/wp-json\/wp\/v2\/users\/153"}],"replies":[{"embeddable":true,"href":"https:\/\/www.welovecycling.com\/pl\/wp-json\/wp\/v2\/comments?post=12323"}],"version-history":[{"count":2,"href":"https:\/\/www.welovecycling.com\/pl\/wp-json\/wp\/v2\/posts\/12323\/revisions"}],"predecessor-version":[{"id":12330,"href":"https:\/\/www.welovecycling.com\/pl\/wp-json\/wp\/v2\/posts\/12323\/revisions\/12330"}],"wp:featuredmedia":[{"embeddable":true,"href":"https:\/\/www.welovecycling.com\/pl\/wp-json\/wp\/v2\/media\/12327"}],"wp:attachment":[{"href":"https:\/\/www.welovecycling.com\/pl\/wp-json\/wp\/v2\/media?parent=12323"}],"wp:term":[{"taxonomy":"category","embeddable":true,"href":"https:\/\/www.welovecycling.com\/pl\/wp-json\/wp\/v2\/categories?post=12323"},{"taxonomy":"post_tag","embeddable":true,"href":"https:\/\/www.welovecycling.com\/pl\/wp-json\/wp\/v2\/tags?post=12323"},{"taxonomy":"global-categories","embeddable":true,"href":"https:\/\/www.welovecycling.com\/pl\/wp-json\/wp\/v2\/global-categories?post=12323"}],"curies":[{"name":"wp","href":"https:\/\/api.w.org\/{rel}","templated":true}]}}